{"id":89387,"date":"2018-04-16T15:20:13","date_gmt":"2018-04-16T13:20:13","guid":{"rendered":"https:\/\/www.iemj.org\/nardi-nahum-1901-1977\/"},"modified":"2025-09-08T18:21:01","modified_gmt":"2025-09-08T16:21:01","slug":"nardi-nahum-1901-1977","status":"publish","type":"post","link":"https:\/\/www.iemj.org\/de\/nardi-nahum-1901-1977\/","title":{"rendered":"Nardi, Nahum (1901-1977)"},"content":{"rendered":"<p>Nachum Nardi f\u00fchlte sich von der Musik angezogen und begann im Alter von sieben Jahren mit dem Klavierspiel, bevor er seine Studien am Konservatorium in Kiew fortsetzte, wo er 1919 mit einem gl\u00e4nzenden Diplom abschloss. Anschlie\u00dfend studierte er am Warschauer Konservatorium und 1922 an der Wiener Musikakademie. Nahum Nardi begann daraufhin, mit einem klassischen Repertoire in ganz Europa aufzutreten. 1923 wanderte er nach Pal\u00e4stina ein und spielte weiter, wobei er klassische Musik mit traditioneller Musik wie russischen Volksliedern, chassidischen Melodien und hebr\u00e4ischen Liedern verband. Neben seiner Konzertkarriere arbeitete er auch als Klavierlehrer. In dieser Zeit beschloss die Familie Narodietzky auf Anraten von Itamar Ben-Avi, ihren Namen in Nardi zu \u00e4ndern.<\/p>\n<p>Im Mai 1929 gingen Nardi und der Geiger Moshe Weisbord, den er am Klavier begleitete, auf eine Tournee durch Europa. W\u00e4hrend sie das Zentrum der j\u00fcdischen Gemeinde in Berlin besuchten, lernte Nardi die jemenitische S\u00e4ngerin\u00a0<strong><a href=\"https:\/\/www.iemj.org\/de\/zefira-bracha-1910-1990\/\">Bracha Zefira<\/a><\/strong> kennen, die damals in Berlin studierte. Sie heirateten und bekamen sp\u00e4ter eine Tochter, Na&#8217;ama (1931-1989). Nachum Nardi und Bracha Zefira begannen eine Reihe von Konzerten in j\u00fcdischen Gemeinden in Polen, Deutschland, Lettland, Belgien, Holland und Frankreich. Im September 1929 kehrten Nardi und Zefira nach Pal\u00e4stina zur\u00fcck und setzten ihre Konzertauftritte fort. Im Jahr 1931 gaben sie mehrere Konzerte in \u00c4gypten, in Alexandria und Kairo, wo sie f\u00fcnf Jahre sp\u00e4ter erneut auftraten. 1936 gaben sie bei der Er\u00f6ffnungsfeier des <em>The Palestine Broadcasting Service<\/em> ein Konzert, f\u00fcr das sie von den Kritikern gelobt wurden. Im folgenden Jahr nahmen sie mehrere Lieder f\u00fcr <em>Columbia Records<\/em> auf und begannen eine von dem Label gesponserte Tournee durch die USA.<\/p>\n<p><img decoding=\"async\" class=\" alignleft size-full wp-image-18942\" src=\"https:\/\/www.iemj.org\/wp-content\/uploads\/2018\/04\/nahum_nardi_2.jpg\" alt=\"nahum_nardi_2.jpg\" width=\"148\" height=\"200\" align=\"left\" \/><\/p>\n<p>\u00a0Nach ihrer R\u00fcckkehr nach Pal\u00e4stina kam es zwischen dem Paar zu Spannungen, die teilweise auf einen beruflichen Streit zur\u00fcckzuf\u00fchren waren. Der Konflikt begann laut Zefira ab dem Zeitpunkt, als Nardi keine anderen Lieder au\u00dfer seinen eigenen mehr in ihre Auftritte aufzunehmen wollte. Sie trennten sich schlie\u00dflich im Februar 1939, obwohl sie bis Juli desselben Jahres noch gelegentlich gemeinsam auftraten. Ihr Konflikt kulminierte in einem Prozess, den Nardi gegen Zefira wegen der Rechte an ihren Liedern angestrengt hatte und den er verlor.<\/p>\n<p>Zefiras Arbeit beim Sammeln von Melodien und Liedern der arabisch-pal\u00e4stinensischen Ortsans\u00e4ssigen und der j\u00fcdischen Gemeinden im Jemen, in Persien, Buchara und der sephardischen Gemeinschaft hatte einen entscheidenden Einfluss auf Nardis musikalische Entwicklung. In den Jahren, die sie zusammen verbrachten, arrangierte Nardi die von Zefira gesungenen Melodien, interpretierte sie neu und komponierte dann neue Melodien im gleichen Geiste. Lieder wie <em>Aley Giv&#8217;a, Yesh Li Gan<\/em> und <em>Ben Nahar Prat<\/em> gehen auf arabische Melodien zur\u00fcck. Nardi gab ihnen jedoch neuen Schwung, indem er einen einzigartigen Stil der Klavierbegleitung entwickelte.<\/p>\n<p>Nach ihrer Trennung wandte sich Nardi wieder der klassischen Musik zu, doch die Kritiken waren gemischt. Nach und nach zog er sich von der B\u00fchne zur\u00fcck. Er widmete sich nun mehr der Komposition, der Begleitung und der Ausbildung von S\u00e4ngerinnen, die seine Lieder vortragen sollten. 1947 vertrat er Israel beim \u201eWeltkongress f\u00fcr Musik und Klang\u201c in Paris, wo seine Musik enthusiastisch aufgenommen wurde. 1949 strahlte der amerikanische Fernsehsender NBC eine Show \u00fcber Nardis Leben und Werk aus. Im selben Jahr komponierte Nardi die Ballettsuite <em>Mapala Venitzahon<\/em>, die im Madison Square Garden in New York aufgef\u00fchrt wurde.<\/p>\n<p><img fetchpriority=\"high\" decoding=\"async\" class=\" alignright size-full wp-image-18944\" src=\"https:\/\/www.iemj.org\/wp-content\/uploads\/2018\/04\/d78-25_476a_couv.jpg\" alt=\"d78-25_476a_couv.jpg\" width=\"300\" height=\"298\" align=\"right\" \/><\/p>\n<p>Nardi gr\u00fcndete auch einen M\u00e4dchenchor und lud die S\u00e4ngerin Ahuva Tsadok ein, dort aufzutreten. 1955 heiratete Nachum Nardi Ahuva Tsadok, mit der er einen Sohn, Yair, hatte. Das Ehepaar trat daraufhin in ganz Israel auf und begann 1956 eine ausgedehnte Tournee durch die USA, unter anderem in der ber\u00fchmten Carnegie Hall. Nach drei Jahren Ehe lie\u00df sich das Paar scheiden. Nardi arbeitete weiterhin mit anderen S\u00e4ngerinnen zusammen, darunter Miryam Ya&#8217;akobi, die er bei ihren Konzerten in Israel und den USA begleitete.<\/p>\n<p>Nardis Arbeit mit jemenitischen S\u00e4ngerinnen wird w\u00e4hrend seiner Karriere besonders wichtig gewesen sein, wahrscheinlich aufgrund seines Wunsches, Musik zu schreiben, die aus einer Synthese von Orient und Okzident hervorgeht. Die jemenitischen S\u00e4ngerinnen, mit denen er zusammengearbeitet hat, sind Bracha Zefira, Shoshana Damari, Esther Gamli&#8217;elit, Hanna Aharoni, Ahuva Tsadok und Miryam Ya&#8217;akovi. Er hat auch mit S\u00e4ngerinnen unterschiedlicher Herkunft wie Sarah Ye&#8217;ari und Marta Schlamme gespielt, mit einem etwas unterschiedlichen musikalischen Ergebnis.<\/p>\n<p><img decoding=\"async\" class=\" alignleft size-full wp-image-18946\" src=\"https:\/\/www.iemj.org\/wp-content\/uploads\/2018\/04\/p_3236_vig.jpg\" alt=\"p_3236_vig.jpg\" width=\"283\" height=\"400\" align=\"left\" \/><\/p>\n<p>In einem Radiointerview gab Nardi an, 1.111 Lieder komponiert zu haben. Dreihundert davon waren Kinderlieder, 80 davon auf Gedichten von Hayim Nachman Bialik gest\u00fctzt. Die Zusammenarbeit von Nardi und Bialik begann, als der Komponist den Dichter zu einem Konzert einlud, um ihm die Musik vorzuspielen, die er zu seinen Texten komponiert hat. In der Folgezeit schrieb Nardi immer wieder neue Melodien zu Bialiks Kinderreimen, und Bialiks Begeisterung ermutigte Nardi, weiterzumachen. Nach Bialiks Tod vertonte Nardi alle Kinderlieder seines Dichterfreundes. Nardi komponierte auch Kinderlieder von anderen Dichtern wie Levin Kipnis und vertonte Gedichte von anderen Autoren wie Natan Alterman\u00a0<em>(Shir Ha\u2019avoda)<\/em>, Ya\u2019akov Pichman\u00a0<em>(Al Na Tagidi Li Shalom)<\/em>, Alexander Pen\u00a0<em>(Shishi Admat Hasharon)<\/em>.<\/p>\n<p>Nardi schrieb auch Musik f\u00fcr das Theater, wie das St\u00fcck <em>Megilat Esther<\/em>, das 1928 in Gnessins Erets-Yisraeli-Theater aufgef\u00fchrt wurde, oder <em>Bamitbakh<\/em> von Shalom Aleikhem, das 1947 im Habimah-Theater aufgef\u00fchrt wurde. Im Bereich der gelehrten Musik komponierte Nardi mehrere Klavierst\u00fccke, wie <em>Fantasia Lemahol<\/em> und <em>Yeled Li Nitan<\/em>, das auf der Melodie einer sephardischen Romanze basiert. Zu seinen Werken geh\u00f6ren au\u00dferdem <em>24 Variationen f\u00fcr Orchester, Suite f\u00fcr Fagott und Klarinette, Jemenitische Hochzeit, Die Suite des Hirten, Konzert f\u00fcr Trompete, Orientalische Suite f\u00fcr Stimme, Cello und Klarinette<\/em>, und mehreren Kantaten.<\/p>\n<p>En mai 1958, Nardi re\u00e7oit le prix Alconi. En dehors de Bialik, son travail est \u00e9galement appr\u00e9ci\u00e9 par des c\u00e9l\u00e9brit\u00e9s comme le po\u00e8te Shaul Tchernichovsky ou le physicien Albert Einstein. Durant les derni\u00e8res ann\u00e9es de sa vie, Nardi s&#8217;\u00e9clipse de la sc\u00e8ne et vit dans une relative solitude \u00e0 Tel-Aviv.<\/p>\n<p>Im Mai 1958 erhielt Nardi den Alconi-Preis. Neben Bialik wurde seine Arbeit auch von Ber\u00fchmtheiten wie dem Dichter Saul Tschernichowski und dem Physiker Albert Einstein gesch\u00e4tzt. In seinen letzten Lebensjahren verschwand Nardi von der B\u00fchne und lebte relativ zur\u00fcckgezogen in Tel Aviv.<\/p>\n<p>Artikel aus dem Englischen \u00fcbersetzt und arrangiert nach der <a href=\"http:\/\/www.jewish-music.huji.ac.il\/content\/nahum-nardi\">Biografie von Nachum Nardi<\/a>, <a href=\"http:\/\/www.jewish-music.huji.ac.il\/\">Jewish Music Research Centre<\/a>, 2018.<\/p>\n<p><a href=\"https:\/\/www.iemj.org\/de\/zefira-bracha-1910-1990\/\" target=\"_blank\" rel=\"noopener\">Lesen Sie die Biografie von Bracha Zefira<\/a><\/p>\n<p><iframe src=\"https:\/\/www.youtube.com\/embed\/XoeDCZ8C4ho?rel=0\" width=\"560\" height=\"315\" frameborder=\"0\" allowfullscreen=\"allowfullscreen\"><\/iframe><\/p>\n<p><strong>Nachum Nardi und Bracha Zefira interpretieren <em>Shir Ha\u2019avoda Vehamlacha<\/em><\/strong><\/p>\n<p><strong><em><br \/><img loading=\"lazy\" decoding=\"async\" class=\" aligncenter size-full wp-image-18948\" src=\"https:\/\/www.iemj.org\/wp-content\/uploads\/2018\/04\/nardi_33.jpg\" alt=\"nardi_33.jpg\" width=\"400\" height=\"300\" align=\"middle\" \/><br \/><\/em><\/strong><\/p>\n\n\n<h2 class=\"wp-block-heading\"><\/h2>\n\n\n<div class=\"wp-block-image\">\n<figure class=\"aligncenter size-large\"><img loading=\"lazy\" decoding=\"async\" width=\"1024\" height=\"133\" src=\"https:\/\/www.iemj.org\/wp-content\/uploads\/2024\/03\/AUDIO-PLAYER-1024x133.png\" alt=\"\" class=\"wp-image-110606\" srcset=\"https:\/\/www.iemj.org\/wp-content\/uploads\/2024\/03\/AUDIO-PLAYER-1024x133.png 1024w, https:\/\/www.iemj.org\/wp-content\/uploads\/2024\/03\/AUDIO-PLAYER-300x39.png 300w, https:\/\/www.iemj.org\/wp-content\/uploads\/2024\/03\/AUDIO-PLAYER-768x100.png 768w, https:\/\/www.iemj.org\/wp-content\/uploads\/2024\/03\/AUDIO-PLAYER-600x78.png 600w, https:\/\/www.iemj.org\/wp-content\/uploads\/2024\/03\/AUDIO-PLAYER.png 1210w\" sizes=\"(max-width: 1024px) 100vw, 1024px\" \/><\/figure>\n<\/div>\n\n\n<div class=\"wp-block-file\"><a id=\"wp-block-file--media-92e53b9e-e189-4491-a7c1-28161dd8fec8\" href=\"https:\/\/www.iemj.org\/wp-content\/uploads\/2018\/04\/al_tiruni_tzadok.mp3\">Al Tiruni, Nardi\/Tsadok (Extrait)<\/a><\/div>\n\n\n\n<div class=\"wp-block-file\"><a id=\"wp-block-file--media-b77c6000-67cf-447f-8e02-c1073b1cf494\" href=\"https:\/\/www.iemj.org\/wp-content\/uploads\/2018\/04\/gina_li_schlamme.mp3\">Gina Li, Nardi\/Schlamme (Extrait)<\/a><\/div>\n\n\n\n<div class=\"wp-block-file\"><a id=\"wp-block-file--media-a00a3bff-5b68-4462-964f-99fd6a95c7b3\" href=\"https:\/\/www.iemj.org\/wp-content\/uploads\/2018\/04\/adarim_tzefira.mp3\">Adarim, Nardi\/Tzefira (Extrait)<\/a><\/div>\n","protected":false},"excerpt":{"rendered":"<p>Nachum Nardi f\u00fchlte sich von der Musik angezogen und begann im Alter von sieben Jahren mit dem Klavierspiel, bevor er seine Studien am Konservatorium in Kiew fortsetzte, wo er 1919<\/p>\n","protected":false},"author":1048,"featured_media":89388,"comment_status":"closed","ping_status":"closed","sticky":false,"template":"","format":"standard","meta":{"_acf_changed":false,"footnotes":""},"categories":[1415],"tags":[],"technique":[],"squelettes":[],"sujet":[],"formation":[],"genre":[],"fonds":[],"tradition":[],"type-de-contenu":[],"interprete-compositeur":[],"frise":[],"type-devenement":[],"tableaux-liens-externes":[],"class_list":["post-89387","post","type-post","status-publish","format-standard","has-post-thumbnail","hentry","category-biografien-de"],"acf":[],"yoast_head":"<!-- This site is optimized with the Yoast SEO plugin v27.3 - https:\/\/yoast.com\/product\/yoast-seo-wordpress\/ -->\n<title>Nardi, Nahum (1901-1977) - Institut Europ\u00e9en des Musiques Juives<\/title>\n<meta name=\"robots\" content=\"index, follow, max-snippet:-1, max-image-preview:large, max-video-preview:-1\" \/>\n<link rel=\"canonical\" href=\"https:\/\/www.iemj.org\/de\/nardi-nahum-1901-1977\/\" \/>\n<meta property=\"og:locale\" content=\"de_DE\" \/>\n<meta property=\"og:type\" content=\"article\" \/>\n<meta property=\"og:title\" content=\"Nardi, Nahum (1901-1977) - Institut Europ\u00e9en des Musiques Juives\" \/>\n<meta property=\"og:description\" content=\"Nachum Nardi f\u00fchlte sich von der Musik angezogen und begann im Alter von sieben Jahren mit dem Klavierspiel, bevor er seine Studien am Konservatorium in Kiew fortsetzte, wo er 1919\" \/>\n<meta property=\"og:url\" content=\"https:\/\/www.iemj.org\/de\/nardi-nahum-1901-1977\/\" \/>\n<meta property=\"og:site_name\" content=\"Institut Europ\u00e9en des Musiques Juives\" \/>\n<meta property=\"article:publisher\" content=\"https:\/\/www.facebook.com\/MusiquesJuives\/\" \/>\n<meta property=\"article:published_time\" content=\"2018-04-16T13:20:13+00:00\" \/>\n<meta property=\"article:modified_time\" content=\"2025-09-08T16:21:01+00:00\" \/>\n<meta property=\"og:image\" content=\"https:\/\/www.iemj.org\/wp-content\/uploads\/2018\/04\/arton3280-e1617023890439.jpg\" \/>\n\t<meta property=\"og:image:width\" content=\"160\" \/>\n\t<meta property=\"og:image:height\" content=\"218\" \/>\n\t<meta property=\"og:image:type\" content=\"image\/jpeg\" \/>\n<meta name=\"author\" content=\"Jean-Gabriel Davis\" \/>\n<meta name=\"twitter:card\" content=\"summary_large_image\" \/>\n<meta name=\"twitter:label1\" content=\"Verfasst von\" \/>\n\t<meta name=\"twitter:data1\" content=\"Jean-Gabriel Davis\" \/>\n\t<meta name=\"twitter:label2\" content=\"Gesch\u00e4tzte Lesezeit\" \/>\n\t<meta name=\"twitter:data2\" content=\"7\u00a0Minuten\" \/>\n<script type=\"application\/ld+json\" class=\"yoast-schema-graph\">{\"@context\":\"https:\\\/\\\/schema.org\",\"@graph\":[{\"@type\":\"Article\",\"@id\":\"https:\\\/\\\/www.iemj.org\\\/de\\\/nardi-nahum-1901-1977\\\/#article\",\"isPartOf\":{\"@id\":\"https:\\\/\\\/www.iemj.org\\\/de\\\/nardi-nahum-1901-1977\\\/\"},\"author\":{\"name\":\"Jean-Gabriel Davis\",\"@id\":\"https:\\\/\\\/www.iemj.org\\\/de\\\/#\\\/schema\\\/person\\\/c9bc1c386a3749579a2d675e72a18666\"},\"headline\":\"Nardi, Nahum (1901-1977)\",\"datePublished\":\"2018-04-16T13:20:13+00:00\",\"dateModified\":\"2025-09-08T16:21:01+00:00\",\"mainEntityOfPage\":{\"@id\":\"https:\\\/\\\/www.iemj.org\\\/de\\\/nardi-nahum-1901-1977\\\/\"},\"wordCount\":1074,\"publisher\":{\"@id\":\"https:\\\/\\\/www.iemj.org\\\/de\\\/#organization\"},\"image\":{\"@id\":\"https:\\\/\\\/www.iemj.org\\\/de\\\/nardi-nahum-1901-1977\\\/#primaryimage\"},\"thumbnailUrl\":\"https:\\\/\\\/www.iemj.org\\\/wp-content\\\/uploads\\\/2018\\\/04\\\/arton3280-e1617023890439.jpg\",\"articleSection\":[\"Biografien\"],\"inLanguage\":\"de\"},{\"@type\":\"WebPage\",\"@id\":\"https:\\\/\\\/www.iemj.org\\\/de\\\/nardi-nahum-1901-1977\\\/\",\"url\":\"https:\\\/\\\/www.iemj.org\\\/de\\\/nardi-nahum-1901-1977\\\/\",\"name\":\"Nardi, Nahum (1901-1977) - Institut Europ\u00e9en des Musiques Juives\",\"isPartOf\":{\"@id\":\"https:\\\/\\\/www.iemj.org\\\/de\\\/#website\"},\"primaryImageOfPage\":{\"@id\":\"https:\\\/\\\/www.iemj.org\\\/de\\\/nardi-nahum-1901-1977\\\/#primaryimage\"},\"image\":{\"@id\":\"https:\\\/\\\/www.iemj.org\\\/de\\\/nardi-nahum-1901-1977\\\/#primaryimage\"},\"thumbnailUrl\":\"https:\\\/\\\/www.iemj.org\\\/wp-content\\\/uploads\\\/2018\\\/04\\\/arton3280-e1617023890439.jpg\",\"datePublished\":\"2018-04-16T13:20:13+00:00\",\"dateModified\":\"2025-09-08T16:21:01+00:00\",\"breadcrumb\":{\"@id\":\"https:\\\/\\\/www.iemj.org\\\/de\\\/nardi-nahum-1901-1977\\\/#breadcrumb\"},\"inLanguage\":\"de\",\"potentialAction\":[{\"@type\":\"ReadAction\",\"target\":[\"https:\\\/\\\/www.iemj.org\\\/de\\\/nardi-nahum-1901-1977\\\/\"]}]},{\"@type\":\"ImageObject\",\"inLanguage\":\"de\",\"@id\":\"https:\\\/\\\/www.iemj.org\\\/de\\\/nardi-nahum-1901-1977\\\/#primaryimage\",\"url\":\"https:\\\/\\\/www.iemj.org\\\/wp-content\\\/uploads\\\/2018\\\/04\\\/arton3280-e1617023890439.jpg\",\"contentUrl\":\"https:\\\/\\\/www.iemj.org\\\/wp-content\\\/uploads\\\/2018\\\/04\\\/arton3280-e1617023890439.jpg\",\"width\":160,\"height\":218},{\"@type\":\"BreadcrumbList\",\"@id\":\"https:\\\/\\\/www.iemj.org\\\/de\\\/nardi-nahum-1901-1977\\\/#breadcrumb\",\"itemListElement\":[{\"@type\":\"ListItem\",\"position\":1,\"name\":\"Accueil\",\"item\":\"https:\\\/\\\/www.iemj.org\\\/de\\\/\"},{\"@type\":\"ListItem\",\"position\":2,\"name\":\"Nardi, Nahum (1901-1977)\"}]},{\"@type\":\"WebSite\",\"@id\":\"https:\\\/\\\/www.iemj.org\\\/de\\\/#website\",\"url\":\"https:\\\/\\\/www.iemj.org\\\/de\\\/\",\"name\":\"Institut Europ\u00e9en des Musiques Juives\",\"description\":\"Des traditions musicales \u00e0 la port\u00e9e de tous\",\"publisher\":{\"@id\":\"https:\\\/\\\/www.iemj.org\\\/de\\\/#organization\"},\"potentialAction\":[{\"@type\":\"SearchAction\",\"target\":{\"@type\":\"EntryPoint\",\"urlTemplate\":\"https:\\\/\\\/www.iemj.org\\\/de\\\/?s={search_term_string}\"},\"query-input\":{\"@type\":\"PropertyValueSpecification\",\"valueRequired\":true,\"valueName\":\"search_term_string\"}}],\"inLanguage\":\"de\"},{\"@type\":\"Organization\",\"@id\":\"https:\\\/\\\/www.iemj.org\\\/de\\\/#organization\",\"name\":\"Institut Europ\u00e9en des Musiques Juives\",\"url\":\"https:\\\/\\\/www.iemj.org\\\/de\\\/\",\"logo\":{\"@type\":\"ImageObject\",\"inLanguage\":\"de\",\"@id\":\"https:\\\/\\\/www.iemj.org\\\/de\\\/#\\\/schema\\\/logo\\\/image\\\/\",\"url\":\"https:\\\/\\\/www.iemj.org\\\/wp-content\\\/uploads\\\/2021\\\/09\\\/Logo-IEMJ-Paypal.jpg\",\"contentUrl\":\"https:\\\/\\\/www.iemj.org\\\/wp-content\\\/uploads\\\/2021\\\/09\\\/Logo-IEMJ-Paypal.jpg\",\"width\":150,\"height\":50,\"caption\":\"Institut Europ\u00e9en des Musiques Juives\"},\"image\":{\"@id\":\"https:\\\/\\\/www.iemj.org\\\/de\\\/#\\\/schema\\\/logo\\\/image\\\/\"},\"sameAs\":[\"https:\\\/\\\/www.facebook.com\\\/MusiquesJuives\\\/\",\"https:\\\/\\\/www.instagram.com\\\/musiquesjuives\\\/\",\"https:\\\/\\\/www.youtube.com\\\/user\\\/musiquesjuives\"]},{\"@type\":\"Person\",\"@id\":\"https:\\\/\\\/www.iemj.org\\\/de\\\/#\\\/schema\\\/person\\\/c9bc1c386a3749579a2d675e72a18666\",\"name\":\"Jean-Gabriel Davis\",\"image\":{\"@type\":\"ImageObject\",\"inLanguage\":\"de\",\"@id\":\"https:\\\/\\\/secure.gravatar.com\\\/avatar\\\/2b90d67bdf392c9b3a21fab87c0fa7edaf1fb3a058172a1ffd61033fcec7aec1?s=96&d=mm&r=g\",\"url\":\"https:\\\/\\\/secure.gravatar.com\\\/avatar\\\/2b90d67bdf392c9b3a21fab87c0fa7edaf1fb3a058172a1ffd61033fcec7aec1?s=96&d=mm&r=g\",\"contentUrl\":\"https:\\\/\\\/secure.gravatar.com\\\/avatar\\\/2b90d67bdf392c9b3a21fab87c0fa7edaf1fb3a058172a1ffd61033fcec7aec1?s=96&d=mm&r=g\",\"caption\":\"Jean-Gabriel Davis\"}}]}<\/script>\n<!-- \/ Yoast SEO plugin. -->","yoast_head_json":{"title":"Nardi, Nahum (1901-1977) - Institut Europ\u00e9en des Musiques Juives","robots":{"index":"index","follow":"follow","max-snippet":"max-snippet:-1","max-image-preview":"max-image-preview:large","max-video-preview":"max-video-preview:-1"},"canonical":"https:\/\/www.iemj.org\/de\/nardi-nahum-1901-1977\/","og_locale":"de_DE","og_type":"article","og_title":"Nardi, Nahum (1901-1977) - Institut Europ\u00e9en des Musiques Juives","og_description":"Nachum Nardi f\u00fchlte sich von der Musik angezogen und begann im Alter von sieben Jahren mit dem Klavierspiel, bevor er seine Studien am Konservatorium in Kiew fortsetzte, wo er 1919","og_url":"https:\/\/www.iemj.org\/de\/nardi-nahum-1901-1977\/","og_site_name":"Institut Europ\u00e9en des Musiques Juives","article_publisher":"https:\/\/www.facebook.com\/MusiquesJuives\/","article_published_time":"2018-04-16T13:20:13+00:00","article_modified_time":"2025-09-08T16:21:01+00:00","og_image":[{"width":160,"height":218,"url":"https:\/\/www.iemj.org\/wp-content\/uploads\/2018\/04\/arton3280-e1617023890439.jpg","type":"image\/jpeg"}],"author":"Jean-Gabriel Davis","twitter_card":"summary_large_image","twitter_misc":{"Verfasst von":"Jean-Gabriel Davis","Gesch\u00e4tzte Lesezeit":"7\u00a0Minuten"},"schema":{"@context":"https:\/\/schema.org","@graph":[{"@type":"Article","@id":"https:\/\/www.iemj.org\/de\/nardi-nahum-1901-1977\/#article","isPartOf":{"@id":"https:\/\/www.iemj.org\/de\/nardi-nahum-1901-1977\/"},"author":{"name":"Jean-Gabriel Davis","@id":"https:\/\/www.iemj.org\/de\/#\/schema\/person\/c9bc1c386a3749579a2d675e72a18666"},"headline":"Nardi, Nahum (1901-1977)","datePublished":"2018-04-16T13:20:13+00:00","dateModified":"2025-09-08T16:21:01+00:00","mainEntityOfPage":{"@id":"https:\/\/www.iemj.org\/de\/nardi-nahum-1901-1977\/"},"wordCount":1074,"publisher":{"@id":"https:\/\/www.iemj.org\/de\/#organization"},"image":{"@id":"https:\/\/www.iemj.org\/de\/nardi-nahum-1901-1977\/#primaryimage"},"thumbnailUrl":"https:\/\/www.iemj.org\/wp-content\/uploads\/2018\/04\/arton3280-e1617023890439.jpg","articleSection":["Biografien"],"inLanguage":"de"},{"@type":"WebPage","@id":"https:\/\/www.iemj.org\/de\/nardi-nahum-1901-1977\/","url":"https:\/\/www.iemj.org\/de\/nardi-nahum-1901-1977\/","name":"Nardi, Nahum (1901-1977) - Institut Europ\u00e9en des Musiques Juives","isPartOf":{"@id":"https:\/\/www.iemj.org\/de\/#website"},"primaryImageOfPage":{"@id":"https:\/\/www.iemj.org\/de\/nardi-nahum-1901-1977\/#primaryimage"},"image":{"@id":"https:\/\/www.iemj.org\/de\/nardi-nahum-1901-1977\/#primaryimage"},"thumbnailUrl":"https:\/\/www.iemj.org\/wp-content\/uploads\/2018\/04\/arton3280-e1617023890439.jpg","datePublished":"2018-04-16T13:20:13+00:00","dateModified":"2025-09-08T16:21:01+00:00","breadcrumb":{"@id":"https:\/\/www.iemj.org\/de\/nardi-nahum-1901-1977\/#breadcrumb"},"inLanguage":"de","potentialAction":[{"@type":"ReadAction","target":["https:\/\/www.iemj.org\/de\/nardi-nahum-1901-1977\/"]}]},{"@type":"ImageObject","inLanguage":"de","@id":"https:\/\/www.iemj.org\/de\/nardi-nahum-1901-1977\/#primaryimage","url":"https:\/\/www.iemj.org\/wp-content\/uploads\/2018\/04\/arton3280-e1617023890439.jpg","contentUrl":"https:\/\/www.iemj.org\/wp-content\/uploads\/2018\/04\/arton3280-e1617023890439.jpg","width":160,"height":218},{"@type":"BreadcrumbList","@id":"https:\/\/www.iemj.org\/de\/nardi-nahum-1901-1977\/#breadcrumb","itemListElement":[{"@type":"ListItem","position":1,"name":"Accueil","item":"https:\/\/www.iemj.org\/de\/"},{"@type":"ListItem","position":2,"name":"Nardi, Nahum (1901-1977)"}]},{"@type":"WebSite","@id":"https:\/\/www.iemj.org\/de\/#website","url":"https:\/\/www.iemj.org\/de\/","name":"Institut Europ\u00e9en des Musiques Juives","description":"Des traditions musicales \u00e0 la port\u00e9e de tous","publisher":{"@id":"https:\/\/www.iemj.org\/de\/#organization"},"potentialAction":[{"@type":"SearchAction","target":{"@type":"EntryPoint","urlTemplate":"https:\/\/www.iemj.org\/de\/?s={search_term_string}"},"query-input":{"@type":"PropertyValueSpecification","valueRequired":true,"valueName":"search_term_string"}}],"inLanguage":"de"},{"@type":"Organization","@id":"https:\/\/www.iemj.org\/de\/#organization","name":"Institut Europ\u00e9en des Musiques Juives","url":"https:\/\/www.iemj.org\/de\/","logo":{"@type":"ImageObject","inLanguage":"de","@id":"https:\/\/www.iemj.org\/de\/#\/schema\/logo\/image\/","url":"https:\/\/www.iemj.org\/wp-content\/uploads\/2021\/09\/Logo-IEMJ-Paypal.jpg","contentUrl":"https:\/\/www.iemj.org\/wp-content\/uploads\/2021\/09\/Logo-IEMJ-Paypal.jpg","width":150,"height":50,"caption":"Institut Europ\u00e9en des Musiques Juives"},"image":{"@id":"https:\/\/www.iemj.org\/de\/#\/schema\/logo\/image\/"},"sameAs":["https:\/\/www.facebook.com\/MusiquesJuives\/","https:\/\/www.instagram.com\/musiquesjuives\/","https:\/\/www.youtube.com\/user\/musiquesjuives"]},{"@type":"Person","@id":"https:\/\/www.iemj.org\/de\/#\/schema\/person\/c9bc1c386a3749579a2d675e72a18666","name":"Jean-Gabriel Davis","image":{"@type":"ImageObject","inLanguage":"de","@id":"https:\/\/secure.gravatar.com\/avatar\/2b90d67bdf392c9b3a21fab87c0fa7edaf1fb3a058172a1ffd61033fcec7aec1?s=96&d=mm&r=g","url":"https:\/\/secure.gravatar.com\/avatar\/2b90d67bdf392c9b3a21fab87c0fa7edaf1fb3a058172a1ffd61033fcec7aec1?s=96&d=mm&r=g","contentUrl":"https:\/\/secure.gravatar.com\/avatar\/2b90d67bdf392c9b3a21fab87c0fa7edaf1fb3a058172a1ffd61033fcec7aec1?s=96&d=mm&r=g","caption":"Jean-Gabriel Davis"}}]}},"_links":{"self":[{"href":"https:\/\/www.iemj.org\/de\/wp-json\/wp\/v2\/posts\/89387","targetHints":{"allow":["GET"]}}],"collection":[{"href":"https:\/\/www.iemj.org\/de\/wp-json\/wp\/v2\/posts"}],"about":[{"href":"https:\/\/www.iemj.org\/de\/wp-json\/wp\/v2\/types\/post"}],"author":[{"embeddable":true,"href":"https:\/\/www.iemj.org\/de\/wp-json\/wp\/v2\/users\/1048"}],"replies":[{"embeddable":true,"href":"https:\/\/www.iemj.org\/de\/wp-json\/wp\/v2\/comments?post=89387"}],"version-history":[{"count":0,"href":"https:\/\/www.iemj.org\/de\/wp-json\/wp\/v2\/posts\/89387\/revisions"}],"wp:featuredmedia":[{"embeddable":true,"href":"https:\/\/www.iemj.org\/de\/wp-json\/wp\/v2\/media\/89388"}],"wp:attachment":[{"href":"https:\/\/www.iemj.org\/de\/wp-json\/wp\/v2\/media?parent=89387"}],"wp:term":[{"taxonomy":"category","embeddable":true,"href":"https:\/\/www.iemj.org\/de\/wp-json\/wp\/v2\/categories?post=89387"},{"taxonomy":"post_tag","embeddable":true,"href":"https:\/\/www.iemj.org\/de\/wp-json\/wp\/v2\/tags?post=89387"},{"taxonomy":"technique","embeddable":true,"href":"https:\/\/www.iemj.org\/de\/wp-json\/wp\/v2\/technique?post=89387"},{"taxonomy":"squelettes","embeddable":true,"href":"https:\/\/www.iemj.org\/de\/wp-json\/wp\/v2\/squelettes?post=89387"},{"taxonomy":"sujet","embeddable":true,"href":"https:\/\/www.iemj.org\/de\/wp-json\/wp\/v2\/sujet?post=89387"},{"taxonomy":"formation","embeddable":true,"href":"https:\/\/www.iemj.org\/de\/wp-json\/wp\/v2\/formation?post=89387"},{"taxonomy":"genre","embeddable":true,"href":"https:\/\/www.iemj.org\/de\/wp-json\/wp\/v2\/genre?post=89387"},{"taxonomy":"fonds","embeddable":true,"href":"https:\/\/www.iemj.org\/de\/wp-json\/wp\/v2\/fonds?post=89387"},{"taxonomy":"tradition","embeddable":true,"href":"https:\/\/www.iemj.org\/de\/wp-json\/wp\/v2\/tradition?post=89387"},{"taxonomy":"type-de-contenu","embeddable":true,"href":"https:\/\/www.iemj.org\/de\/wp-json\/wp\/v2\/type-de-contenu?post=89387"},{"taxonomy":"interprete-compositeur","embeddable":true,"href":"https:\/\/www.iemj.org\/de\/wp-json\/wp\/v2\/interprete-compositeur?post=89387"},{"taxonomy":"frise","embeddable":true,"href":"https:\/\/www.iemj.org\/de\/wp-json\/wp\/v2\/frise?post=89387"},{"taxonomy":"type-devenement","embeddable":true,"href":"https:\/\/www.iemj.org\/de\/wp-json\/wp\/v2\/type-devenement?post=89387"},{"taxonomy":"tableaux-liens-externes","embeddable":true,"href":"https:\/\/www.iemj.org\/de\/wp-json\/wp\/v2\/tableaux-liens-externes?post=89387"}],"curies":[{"name":"wp","href":"https:\/\/api.w.org\/{rel}","templated":true}]}}