{"id":89415,"date":"2014-01-22T17:51:44","date_gmt":"2014-01-22T16:51:44","guid":{"rendered":"https:\/\/www.iemj.org\/olshanetsky-alexander-1892-1946\/"},"modified":"2025-08-31T19:48:25","modified_gmt":"2025-08-31T17:48:25","slug":"olshanetsky-alexander-1892-1946","status":"publish","type":"post","link":"https:\/\/www.iemj.org\/de\/olshanetsky-alexander-1892-1946\/","title":{"rendered":"Olshanetsky, Alexander (1892-1946)"},"content":{"rendered":"<p>Alexander Olshanetsky war einer der begehrtesten und produktivsten Komponisten und Dirigenten der Second Avenue und eines der anspruchsvollsten musikalischen Beispiele des Jiddischen Theaters.<\/p>\n<p>Er wurde in Odessa in der Ukraine geboren und erhielt gleichzeitig eine traditionelle j\u00fcdische Erziehung und eine moderne westliche Schulbildung. Als Junge sang er in den Ch\u00f6ren seiner Synagoge und begann im Alter von sechs Jahren mit dem Geigenunterricht. Er nutzte die Gelegenheit, um auch andere Instrumente zu erlernen.<\/p>\n<p>Als gestandener Musiker spielte er im Orchester des Opernhauses von Odessa und nahm an Tourneen durch Russland und Sibirien teil. Danach wurde er Chorleiter eines russischen Operettenensembles. W\u00e4hrend seines Milit\u00e4rdienstes, den er als Dirigent seines Regiments absolvierte, reiste er nach Harbin in der Mandschurei und in den Nordosten Chinas, wo er eine jiddische Theatergruppe kennenlernte, deren Dirigent Peretz Sandler war. Als dieser in die USA auswanderte, ersetzte ihn Olshanetsky in Harbin. Er begann daraufhin, jiddische Lieder und die Musik f\u00fcr Yitzhak Kaplans St\u00fcck Tsurik aheym kayn tsien (Heimkehr nach Zion) zu schreiben.<\/p>\n<p>Nachdem er mit einer neuen russischen Operettentruppe durch Sibirien, Japan, China und Indien gereist war, kehrte er 1921 nach Harbin zur\u00fcck, wo er feststellte, dass alle jiddischen Theater weg waren.<\/p>\n<p>1922 wanderte er in die USA aus, wo sich sein Onkel Hyman Meisel bereits niedergelassen hatte. Meisel wurde sp\u00e4ter sein Stiefvater, als er seine Cousine, die jiddische S\u00e4ngerin und Schauspielerin Bella Meisel (Mysell), heiratete, die sp\u00e4ter Herman Yablokoff heiratete. In dieser Zeit begann er, sich f\u00fcr die jiddische Theaterkunst zu engagieren. Einige Zeit sp\u00e4ter reiste er nach Kuba, um dort die Leitung einer Theatergruppe zu \u00fcbernehmen. Nach seiner R\u00fcckkehr nach New York arbeitete er nacheinander f\u00fcr zwei jiddische Theater (das \u201eLenox\u201c in Harlem und das \u201eLiberty\u201c in Brooklyn), bevor er zum National Theatre, dem prestigetr\u00e4chtigen Theater im Stadtzentrum, \u201ebef\u00f6rdert\u201c wurde. Dann schrieb er 1929, nachdem er mehrere eigene Operetten geschrieben hatte, die alle erfolgreich waren, einen Teil der Musik f\u00fcr Goldfadens klassische Oper Bar khokhba um, als er sein Deb\u00fct beim Radio gab.<\/p>\n<p>Von 1925 bis zu seinem Tod wurde der Name Olshanetsky auf der Second Avenue allgegenw\u00e4rtig, und seine Operetten wurden in fast allen gro\u00dfen Theatern aufgef\u00fchrt. In dieser Zeit wurde er auch der erste musikalische Direktor des Concord Hotels. Einige der renommiertesten Kantoren der Zeit hielten ihn aufgrund seines Verst\u00e4ndnisses f\u00fcr die Sensibilit\u00e4t der kantoralen Sprache und seiner rhythmischen Freiheit f\u00fcr den bei weitem besten Chorleiter. Er schrieb auch einige liturgische Werke, von denen die meisten jedoch nie ver\u00f6ffentlicht wurden.<\/p>\n<p>Olshanetsky hatte eine besondere Gabe, elegante Melodielinien mit einem ausgepr\u00e4gten Sinn f\u00fcr Dramatik zu schreiben. Er war in der Lage, diese Elemente zu kombinieren und daraus Musik zu machen, die f\u00fcr ein breites Publikum bestimmt war. Joseph Rumshinsky, sein \u00e4lterer Kollege, aber auch sein Rivale, schrieb in seinen Memoiren, dass Olshanetsky die musikalischen W\u00fcnsche der j\u00fcdischen Einwanderer intuitiv verstand und dass er dem jiddischen Theater sowohl \u201etraumhafte Romanzen\u201c als auch eine Sprache im Stil des \u201erussischen Zigeuners\u201c brachte. Seine letzte Operette war Ale viln khasene hobn (Alle wollen heiraten).<\/p>\n<p>Zu seinen bekanntesten Liedern geh\u00f6ren Ikh hob dikh tsufil lib, Ikh bin fakhlib, Glik, Unter beymer&#8230;<\/p>\n<p>Nach Neil W. LEVIN<br \/>\u00dcbersetzung von Patrick BERMAN<br \/><a href=\"http:\/\/www.milkenarchive.org\/people\/view\/all\/609\/Alexander+Olshanetsky\">Mehr erfahren.<\/a><\/p>\n<p><iframe src=\"https:\/\/w.soundcloud.com\/player\/?url=https%3A\/\/api.soundcloud.com\/playlists\/22493690&amp;auto_play=false&amp;hide_related=false&amp;visual=true\" width=\"100%\" height=\"450\" frameborder=\"no\" scrolling=\"no\"><\/iframe><\/p>\n\n\n<div class=\"wp-block-columns are-vertically-aligned-top is-layout-flex wp-container-core-columns-is-layout-9d6595d7 wp-block-columns-is-layout-flex\">\n<div class=\"wp-block-column is-vertically-aligned-top is-layout-flow wp-block-column-is-layout-flow\">\n<figure class=\"wp-block-embed is-type-video is-provider-youtube wp-block-embed-youtube wp-embed-aspect-4-3 wp-has-aspect-ratio\"><div class=\"wp-block-embed__wrapper\">\n<iframe title=\"Alexander Olshanetsky - Ein kik af dir, eyn kik oyf dir, One glance at you\" width=\"640\" height=\"480\" src=\"https:\/\/www.youtube.com\/embed\/DJ4gnI0etgM?feature=oembed\" frameborder=\"0\" allow=\"accelerometer; autoplay; clipboard-write; encrypted-media; gyroscope; picture-in-picture; web-share\" referrerpolicy=\"strict-origin-when-cross-origin\" allowfullscreen><\/iframe>\n<\/div><figcaption class=\"wp-element-caption\"><strong>Alexander Olshanetsky &#8211; Ein kik af dir, eyn kik oyf dir, One glance at you<\/strong><\/figcaption><\/figure>\n<\/div>\n\n\n\n<div class=\"wp-block-column is-vertically-aligned-top is-layout-flow wp-block-column-is-layout-flow\">\n<figure class=\"wp-block-embed is-type-video is-provider-youtube wp-block-embed-youtube wp-embed-aspect-16-9 wp-has-aspect-ratio\"><div class=\"wp-block-embed__wrapper\">\n<iframe title=\"1929, Mazel in Liebe, Alexander Olshanetsky Orch, Klezmer Fox Trot, HD 78rpm\" width=\"640\" height=\"360\" src=\"https:\/\/www.youtube.com\/embed\/Z7_1gRvlavQ?feature=oembed\" frameborder=\"0\" allow=\"accelerometer; autoplay; clipboard-write; encrypted-media; gyroscope; picture-in-picture; web-share\" referrerpolicy=\"strict-origin-when-cross-origin\" allowfullscreen><\/iframe>\n<\/div><figcaption class=\"wp-element-caption\"><strong>1929, Mazel in Liebe, Alexander Olshanetsky Orch, Klezmer Fox Trot, Hi Def<\/strong><\/figcaption><\/figure>\n\n\n\n<p><\/p>\n<\/div>\n\n\n\n<div class=\"wp-block-column is-vertically-aligned-top is-layout-flow wp-block-column-is-layout-flow\">\n<figure class=\"wp-block-embed is-type-video is-provider-youtube wp-block-embed-youtube wp-embed-aspect-4-3 wp-has-aspect-ratio\"><div class=\"wp-block-embed__wrapper\">\n<iframe title=\"Jan Peerce Sings &quot;Shiroh&quot;         Alexander Olshanetsky      1961\" width=\"640\" height=\"480\" src=\"https:\/\/www.youtube.com\/embed\/Q1mHyK9_7Yo?feature=oembed\" frameborder=\"0\" allow=\"accelerometer; autoplay; clipboard-write; encrypted-media; gyroscope; picture-in-picture; web-share\" referrerpolicy=\"strict-origin-when-cross-origin\" allowfullscreen><\/iframe>\n<\/div><figcaption class=\"wp-element-caption\"><strong>Jan Peerce Sings &#8222;Shiroh&#8220; Alexander Olshanetsky 1961<\/strong><\/figcaption><\/figure>\n<\/div>\n<\/div>\n\n\n\n<h2 class=\"wp-block-heading\"><\/h2>\n\n\n<div class=\"wp-block-image\">\n<figure class=\"aligncenter size-large\"><img fetchpriority=\"high\" decoding=\"async\" width=\"1024\" height=\"133\" src=\"https:\/\/www.iemj.org\/wp-content\/uploads\/2024\/03\/AUDIO-PLAYER-1024x133.png\" alt=\"\" class=\"wp-image-110606\" srcset=\"https:\/\/www.iemj.org\/wp-content\/uploads\/2024\/03\/AUDIO-PLAYER-1024x133.png 1024w, https:\/\/www.iemj.org\/wp-content\/uploads\/2024\/03\/AUDIO-PLAYER-300x39.png 300w, https:\/\/www.iemj.org\/wp-content\/uploads\/2024\/03\/AUDIO-PLAYER-768x100.png 768w, https:\/\/www.iemj.org\/wp-content\/uploads\/2024\/03\/AUDIO-PLAYER-600x78.png 600w, https:\/\/www.iemj.org\/wp-content\/uploads\/2024\/03\/AUDIO-PLAYER.png 1210w\" sizes=\"(max-width: 1024px) 100vw, 1024px\" \/><\/figure>\n<\/div>\n\n\n<div class=\"wp-block-file\"><a id=\"wp-block-file--media-7dc792b2-c7f8-41b2-a943-a8cbbf7edfc6\" href=\"https:\/\/www.iemj.org\/wp-content\/uploads\/2014\/01\/12_yiddishe_hora_und_sarba_maracinei.mp3\">Yiddishe hora und sarba maracinei<\/a><\/div>\n","protected":false},"excerpt":{"rendered":"<p>Alexander Olshanetsky war einer der begehrtesten und produktivsten Komponisten und Dirigenten der Second Avenue und eines der anspruchsvollsten musikalischen Beispiele des Jiddischen Theaters. Er wurde in Odessa in der Ukraine<\/p>\n","protected":false},"author":1045,"featured_media":52352,"comment_status":"closed","ping_status":"closed","sticky":false,"template":"","format":"standard","meta":{"_acf_changed":false,"footnotes":""},"categories":[1415],"tags":[],"technique":[],"squelettes":[],"sujet":[],"formation":[],"genre":[],"fonds":[],"tradition":[],"type-de-contenu":[],"interprete-compositeur":[],"frise":[],"type-devenement":[],"tableaux-liens-externes":[],"class_list":["post-89415","post","type-post","status-publish","format-standard","has-post-thumbnail","hentry","category-biografien-de"],"acf":[],"yoast_head":"<!-- This site is optimized with the Yoast SEO plugin v27.3 - https:\/\/yoast.com\/product\/yoast-seo-wordpress\/ -->\n<title>Olshanetsky, Alexander (1892-1946) - Institut Europ\u00e9en des Musiques Juives<\/title>\n<meta name=\"robots\" content=\"index, follow, max-snippet:-1, max-image-preview:large, max-video-preview:-1\" \/>\n<link rel=\"canonical\" href=\"https:\/\/www.iemj.org\/de\/olshanetsky-alexander-1892-1946\/\" \/>\n<meta property=\"og:locale\" content=\"de_DE\" \/>\n<meta property=\"og:type\" content=\"article\" \/>\n<meta property=\"og:title\" content=\"Olshanetsky, Alexander (1892-1946) - Institut Europ\u00e9en des Musiques Juives\" \/>\n<meta property=\"og:description\" content=\"Alexander Olshanetsky war einer der begehrtesten und produktivsten Komponisten und Dirigenten der Second Avenue und eines der anspruchsvollsten musikalischen Beispiele des Jiddischen Theaters. Er wurde in Odessa in der Ukraine\" \/>\n<meta property=\"og:url\" content=\"https:\/\/www.iemj.org\/de\/olshanetsky-alexander-1892-1946\/\" \/>\n<meta property=\"og:site_name\" content=\"Institut Europ\u00e9en des Musiques Juives\" \/>\n<meta property=\"article:publisher\" content=\"https:\/\/www.facebook.com\/MusiquesJuives\/\" \/>\n<meta property=\"article:published_time\" content=\"2014-01-22T16:51:44+00:00\" \/>\n<meta property=\"article:modified_time\" content=\"2025-08-31T17:48:25+00:00\" \/>\n<meta property=\"og:image\" content=\"https:\/\/www.iemj.org\/wp-content\/uploads\/2014\/01\/logo-bio-Alexander-Olshanetsky-e1625062609322.jpg\" \/>\n\t<meta property=\"og:image:width\" content=\"170\" \/>\n\t<meta property=\"og:image:height\" content=\"218\" \/>\n\t<meta property=\"og:image:type\" content=\"image\/jpeg\" \/>\n<meta name=\"author\" content=\"Herv\u00e9 Roten\" \/>\n<meta name=\"twitter:card\" content=\"summary_large_image\" \/>\n<meta name=\"twitter:label1\" content=\"Verfasst von\" \/>\n\t<meta name=\"twitter:data1\" content=\"Herv\u00e9 Roten\" \/>\n\t<meta name=\"twitter:label2\" content=\"Gesch\u00e4tzte Lesezeit\" \/>\n\t<meta name=\"twitter:data2\" content=\"4\u00a0Minuten\" \/>\n<script type=\"application\/ld+json\" class=\"yoast-schema-graph\">{\"@context\":\"https:\\\/\\\/schema.org\",\"@graph\":[{\"@type\":\"Article\",\"@id\":\"https:\\\/\\\/www.iemj.org\\\/de\\\/olshanetsky-alexander-1892-1946\\\/#article\",\"isPartOf\":{\"@id\":\"https:\\\/\\\/www.iemj.org\\\/de\\\/olshanetsky-alexander-1892-1946\\\/\"},\"author\":{\"name\":\"Herv\u00e9 Roten\",\"@id\":\"https:\\\/\\\/www.iemj.org\\\/de\\\/#\\\/schema\\\/person\\\/906134402c29d5c76e7b726261dd4bbd\"},\"headline\":\"Olshanetsky, Alexander (1892-1946)\",\"datePublished\":\"2014-01-22T16:51:44+00:00\",\"dateModified\":\"2025-08-31T17:48:25+00:00\",\"mainEntityOfPage\":{\"@id\":\"https:\\\/\\\/www.iemj.org\\\/de\\\/olshanetsky-alexander-1892-1946\\\/\"},\"wordCount\":612,\"publisher\":{\"@id\":\"https:\\\/\\\/www.iemj.org\\\/de\\\/#organization\"},\"image\":{\"@id\":\"https:\\\/\\\/www.iemj.org\\\/de\\\/olshanetsky-alexander-1892-1946\\\/#primaryimage\"},\"thumbnailUrl\":\"https:\\\/\\\/www.iemj.org\\\/wp-content\\\/uploads\\\/2014\\\/01\\\/logo-bio-Alexander-Olshanetsky-e1625062609322.jpg\",\"articleSection\":[\"Biografien\"],\"inLanguage\":\"de\"},{\"@type\":\"WebPage\",\"@id\":\"https:\\\/\\\/www.iemj.org\\\/de\\\/olshanetsky-alexander-1892-1946\\\/\",\"url\":\"https:\\\/\\\/www.iemj.org\\\/de\\\/olshanetsky-alexander-1892-1946\\\/\",\"name\":\"Olshanetsky, Alexander (1892-1946) - Institut Europ\u00e9en des Musiques Juives\",\"isPartOf\":{\"@id\":\"https:\\\/\\\/www.iemj.org\\\/de\\\/#website\"},\"primaryImageOfPage\":{\"@id\":\"https:\\\/\\\/www.iemj.org\\\/de\\\/olshanetsky-alexander-1892-1946\\\/#primaryimage\"},\"image\":{\"@id\":\"https:\\\/\\\/www.iemj.org\\\/de\\\/olshanetsky-alexander-1892-1946\\\/#primaryimage\"},\"thumbnailUrl\":\"https:\\\/\\\/www.iemj.org\\\/wp-content\\\/uploads\\\/2014\\\/01\\\/logo-bio-Alexander-Olshanetsky-e1625062609322.jpg\",\"datePublished\":\"2014-01-22T16:51:44+00:00\",\"dateModified\":\"2025-08-31T17:48:25+00:00\",\"breadcrumb\":{\"@id\":\"https:\\\/\\\/www.iemj.org\\\/de\\\/olshanetsky-alexander-1892-1946\\\/#breadcrumb\"},\"inLanguage\":\"de\",\"potentialAction\":[{\"@type\":\"ReadAction\",\"target\":[\"https:\\\/\\\/www.iemj.org\\\/de\\\/olshanetsky-alexander-1892-1946\\\/\"]}]},{\"@type\":\"ImageObject\",\"inLanguage\":\"de\",\"@id\":\"https:\\\/\\\/www.iemj.org\\\/de\\\/olshanetsky-alexander-1892-1946\\\/#primaryimage\",\"url\":\"https:\\\/\\\/www.iemj.org\\\/wp-content\\\/uploads\\\/2014\\\/01\\\/logo-bio-Alexander-Olshanetsky-e1625062609322.jpg\",\"contentUrl\":\"https:\\\/\\\/www.iemj.org\\\/wp-content\\\/uploads\\\/2014\\\/01\\\/logo-bio-Alexander-Olshanetsky-e1625062609322.jpg\",\"width\":170,\"height\":218},{\"@type\":\"BreadcrumbList\",\"@id\":\"https:\\\/\\\/www.iemj.org\\\/de\\\/olshanetsky-alexander-1892-1946\\\/#breadcrumb\",\"itemListElement\":[{\"@type\":\"ListItem\",\"position\":1,\"name\":\"Accueil\",\"item\":\"https:\\\/\\\/www.iemj.org\\\/de\\\/\"},{\"@type\":\"ListItem\",\"position\":2,\"name\":\"Olshanetsky, Alexander (1892-1946)\"}]},{\"@type\":\"WebSite\",\"@id\":\"https:\\\/\\\/www.iemj.org\\\/de\\\/#website\",\"url\":\"https:\\\/\\\/www.iemj.org\\\/de\\\/\",\"name\":\"Institut Europ\u00e9en des Musiques Juives\",\"description\":\"Des traditions musicales \u00e0 la port\u00e9e de tous\",\"publisher\":{\"@id\":\"https:\\\/\\\/www.iemj.org\\\/de\\\/#organization\"},\"potentialAction\":[{\"@type\":\"SearchAction\",\"target\":{\"@type\":\"EntryPoint\",\"urlTemplate\":\"https:\\\/\\\/www.iemj.org\\\/de\\\/?s={search_term_string}\"},\"query-input\":{\"@type\":\"PropertyValueSpecification\",\"valueRequired\":true,\"valueName\":\"search_term_string\"}}],\"inLanguage\":\"de\"},{\"@type\":\"Organization\",\"@id\":\"https:\\\/\\\/www.iemj.org\\\/de\\\/#organization\",\"name\":\"Institut Europ\u00e9en des Musiques Juives\",\"url\":\"https:\\\/\\\/www.iemj.org\\\/de\\\/\",\"logo\":{\"@type\":\"ImageObject\",\"inLanguage\":\"de\",\"@id\":\"https:\\\/\\\/www.iemj.org\\\/de\\\/#\\\/schema\\\/logo\\\/image\\\/\",\"url\":\"https:\\\/\\\/www.iemj.org\\\/wp-content\\\/uploads\\\/2021\\\/09\\\/Logo-IEMJ-Paypal.jpg\",\"contentUrl\":\"https:\\\/\\\/www.iemj.org\\\/wp-content\\\/uploads\\\/2021\\\/09\\\/Logo-IEMJ-Paypal.jpg\",\"width\":150,\"height\":50,\"caption\":\"Institut Europ\u00e9en des Musiques Juives\"},\"image\":{\"@id\":\"https:\\\/\\\/www.iemj.org\\\/de\\\/#\\\/schema\\\/logo\\\/image\\\/\"},\"sameAs\":[\"https:\\\/\\\/www.facebook.com\\\/MusiquesJuives\\\/\",\"https:\\\/\\\/www.instagram.com\\\/musiquesjuives\\\/\",\"https:\\\/\\\/www.youtube.com\\\/user\\\/musiquesjuives\"]},{\"@type\":\"Person\",\"@id\":\"https:\\\/\\\/www.iemj.org\\\/de\\\/#\\\/schema\\\/person\\\/906134402c29d5c76e7b726261dd4bbd\",\"name\":\"Herv\u00e9 Roten\",\"image\":{\"@type\":\"ImageObject\",\"inLanguage\":\"de\",\"@id\":\"https:\\\/\\\/secure.gravatar.com\\\/avatar\\\/f96ad2db538a26481f18384936b5cd0610c92d390c4dc382209216d455f685ff?s=96&d=mm&r=g\",\"url\":\"https:\\\/\\\/secure.gravatar.com\\\/avatar\\\/f96ad2db538a26481f18384936b5cd0610c92d390c4dc382209216d455f685ff?s=96&d=mm&r=g\",\"contentUrl\":\"https:\\\/\\\/secure.gravatar.com\\\/avatar\\\/f96ad2db538a26481f18384936b5cd0610c92d390c4dc382209216d455f685ff?s=96&d=mm&r=g\",\"caption\":\"Herv\u00e9 Roten\"}}]}<\/script>\n<!-- \/ Yoast SEO plugin. -->","yoast_head_json":{"title":"Olshanetsky, Alexander (1892-1946) - Institut Europ\u00e9en des Musiques Juives","robots":{"index":"index","follow":"follow","max-snippet":"max-snippet:-1","max-image-preview":"max-image-preview:large","max-video-preview":"max-video-preview:-1"},"canonical":"https:\/\/www.iemj.org\/de\/olshanetsky-alexander-1892-1946\/","og_locale":"de_DE","og_type":"article","og_title":"Olshanetsky, Alexander (1892-1946) - Institut Europ\u00e9en des Musiques Juives","og_description":"Alexander Olshanetsky war einer der begehrtesten und produktivsten Komponisten und Dirigenten der Second Avenue und eines der anspruchsvollsten musikalischen Beispiele des Jiddischen Theaters. Er wurde in Odessa in der Ukraine","og_url":"https:\/\/www.iemj.org\/de\/olshanetsky-alexander-1892-1946\/","og_site_name":"Institut Europ\u00e9en des Musiques Juives","article_publisher":"https:\/\/www.facebook.com\/MusiquesJuives\/","article_published_time":"2014-01-22T16:51:44+00:00","article_modified_time":"2025-08-31T17:48:25+00:00","og_image":[{"width":170,"height":218,"url":"https:\/\/www.iemj.org\/wp-content\/uploads\/2014\/01\/logo-bio-Alexander-Olshanetsky-e1625062609322.jpg","type":"image\/jpeg"}],"author":"Herv\u00e9 Roten","twitter_card":"summary_large_image","twitter_misc":{"Verfasst von":"Herv\u00e9 Roten","Gesch\u00e4tzte Lesezeit":"4\u00a0Minuten"},"schema":{"@context":"https:\/\/schema.org","@graph":[{"@type":"Article","@id":"https:\/\/www.iemj.org\/de\/olshanetsky-alexander-1892-1946\/#article","isPartOf":{"@id":"https:\/\/www.iemj.org\/de\/olshanetsky-alexander-1892-1946\/"},"author":{"name":"Herv\u00e9 Roten","@id":"https:\/\/www.iemj.org\/de\/#\/schema\/person\/906134402c29d5c76e7b726261dd4bbd"},"headline":"Olshanetsky, Alexander (1892-1946)","datePublished":"2014-01-22T16:51:44+00:00","dateModified":"2025-08-31T17:48:25+00:00","mainEntityOfPage":{"@id":"https:\/\/www.iemj.org\/de\/olshanetsky-alexander-1892-1946\/"},"wordCount":612,"publisher":{"@id":"https:\/\/www.iemj.org\/de\/#organization"},"image":{"@id":"https:\/\/www.iemj.org\/de\/olshanetsky-alexander-1892-1946\/#primaryimage"},"thumbnailUrl":"https:\/\/www.iemj.org\/wp-content\/uploads\/2014\/01\/logo-bio-Alexander-Olshanetsky-e1625062609322.jpg","articleSection":["Biografien"],"inLanguage":"de"},{"@type":"WebPage","@id":"https:\/\/www.iemj.org\/de\/olshanetsky-alexander-1892-1946\/","url":"https:\/\/www.iemj.org\/de\/olshanetsky-alexander-1892-1946\/","name":"Olshanetsky, Alexander (1892-1946) - Institut Europ\u00e9en des Musiques Juives","isPartOf":{"@id":"https:\/\/www.iemj.org\/de\/#website"},"primaryImageOfPage":{"@id":"https:\/\/www.iemj.org\/de\/olshanetsky-alexander-1892-1946\/#primaryimage"},"image":{"@id":"https:\/\/www.iemj.org\/de\/olshanetsky-alexander-1892-1946\/#primaryimage"},"thumbnailUrl":"https:\/\/www.iemj.org\/wp-content\/uploads\/2014\/01\/logo-bio-Alexander-Olshanetsky-e1625062609322.jpg","datePublished":"2014-01-22T16:51:44+00:00","dateModified":"2025-08-31T17:48:25+00:00","breadcrumb":{"@id":"https:\/\/www.iemj.org\/de\/olshanetsky-alexander-1892-1946\/#breadcrumb"},"inLanguage":"de","potentialAction":[{"@type":"ReadAction","target":["https:\/\/www.iemj.org\/de\/olshanetsky-alexander-1892-1946\/"]}]},{"@type":"ImageObject","inLanguage":"de","@id":"https:\/\/www.iemj.org\/de\/olshanetsky-alexander-1892-1946\/#primaryimage","url":"https:\/\/www.iemj.org\/wp-content\/uploads\/2014\/01\/logo-bio-Alexander-Olshanetsky-e1625062609322.jpg","contentUrl":"https:\/\/www.iemj.org\/wp-content\/uploads\/2014\/01\/logo-bio-Alexander-Olshanetsky-e1625062609322.jpg","width":170,"height":218},{"@type":"BreadcrumbList","@id":"https:\/\/www.iemj.org\/de\/olshanetsky-alexander-1892-1946\/#breadcrumb","itemListElement":[{"@type":"ListItem","position":1,"name":"Accueil","item":"https:\/\/www.iemj.org\/de\/"},{"@type":"ListItem","position":2,"name":"Olshanetsky, Alexander (1892-1946)"}]},{"@type":"WebSite","@id":"https:\/\/www.iemj.org\/de\/#website","url":"https:\/\/www.iemj.org\/de\/","name":"Institut Europ\u00e9en des Musiques Juives","description":"Des traditions musicales \u00e0 la port\u00e9e de tous","publisher":{"@id":"https:\/\/www.iemj.org\/de\/#organization"},"potentialAction":[{"@type":"SearchAction","target":{"@type":"EntryPoint","urlTemplate":"https:\/\/www.iemj.org\/de\/?s={search_term_string}"},"query-input":{"@type":"PropertyValueSpecification","valueRequired":true,"valueName":"search_term_string"}}],"inLanguage":"de"},{"@type":"Organization","@id":"https:\/\/www.iemj.org\/de\/#organization","name":"Institut Europ\u00e9en des Musiques Juives","url":"https:\/\/www.iemj.org\/de\/","logo":{"@type":"ImageObject","inLanguage":"de","@id":"https:\/\/www.iemj.org\/de\/#\/schema\/logo\/image\/","url":"https:\/\/www.iemj.org\/wp-content\/uploads\/2021\/09\/Logo-IEMJ-Paypal.jpg","contentUrl":"https:\/\/www.iemj.org\/wp-content\/uploads\/2021\/09\/Logo-IEMJ-Paypal.jpg","width":150,"height":50,"caption":"Institut Europ\u00e9en des Musiques Juives"},"image":{"@id":"https:\/\/www.iemj.org\/de\/#\/schema\/logo\/image\/"},"sameAs":["https:\/\/www.facebook.com\/MusiquesJuives\/","https:\/\/www.instagram.com\/musiquesjuives\/","https:\/\/www.youtube.com\/user\/musiquesjuives"]},{"@type":"Person","@id":"https:\/\/www.iemj.org\/de\/#\/schema\/person\/906134402c29d5c76e7b726261dd4bbd","name":"Herv\u00e9 Roten","image":{"@type":"ImageObject","inLanguage":"de","@id":"https:\/\/secure.gravatar.com\/avatar\/f96ad2db538a26481f18384936b5cd0610c92d390c4dc382209216d455f685ff?s=96&d=mm&r=g","url":"https:\/\/secure.gravatar.com\/avatar\/f96ad2db538a26481f18384936b5cd0610c92d390c4dc382209216d455f685ff?s=96&d=mm&r=g","contentUrl":"https:\/\/secure.gravatar.com\/avatar\/f96ad2db538a26481f18384936b5cd0610c92d390c4dc382209216d455f685ff?s=96&d=mm&r=g","caption":"Herv\u00e9 Roten"}}]}},"_links":{"self":[{"href":"https:\/\/www.iemj.org\/de\/wp-json\/wp\/v2\/posts\/89415","targetHints":{"allow":["GET"]}}],"collection":[{"href":"https:\/\/www.iemj.org\/de\/wp-json\/wp\/v2\/posts"}],"about":[{"href":"https:\/\/www.iemj.org\/de\/wp-json\/wp\/v2\/types\/post"}],"author":[{"embeddable":true,"href":"https:\/\/www.iemj.org\/de\/wp-json\/wp\/v2\/users\/1045"}],"replies":[{"embeddable":true,"href":"https:\/\/www.iemj.org\/de\/wp-json\/wp\/v2\/comments?post=89415"}],"version-history":[{"count":0,"href":"https:\/\/www.iemj.org\/de\/wp-json\/wp\/v2\/posts\/89415\/revisions"}],"wp:featuredmedia":[{"embeddable":true,"href":"https:\/\/www.iemj.org\/de\/wp-json\/wp\/v2\/media\/52352"}],"wp:attachment":[{"href":"https:\/\/www.iemj.org\/de\/wp-json\/wp\/v2\/media?parent=89415"}],"wp:term":[{"taxonomy":"category","embeddable":true,"href":"https:\/\/www.iemj.org\/de\/wp-json\/wp\/v2\/categories?post=89415"},{"taxonomy":"post_tag","embeddable":true,"href":"https:\/\/www.iemj.org\/de\/wp-json\/wp\/v2\/tags?post=89415"},{"taxonomy":"technique","embeddable":true,"href":"https:\/\/www.iemj.org\/de\/wp-json\/wp\/v2\/technique?post=89415"},{"taxonomy":"squelettes","embeddable":true,"href":"https:\/\/www.iemj.org\/de\/wp-json\/wp\/v2\/squelettes?post=89415"},{"taxonomy":"sujet","embeddable":true,"href":"https:\/\/www.iemj.org\/de\/wp-json\/wp\/v2\/sujet?post=89415"},{"taxonomy":"formation","embeddable":true,"href":"https:\/\/www.iemj.org\/de\/wp-json\/wp\/v2\/formation?post=89415"},{"taxonomy":"genre","embeddable":true,"href":"https:\/\/www.iemj.org\/de\/wp-json\/wp\/v2\/genre?post=89415"},{"taxonomy":"fonds","embeddable":true,"href":"https:\/\/www.iemj.org\/de\/wp-json\/wp\/v2\/fonds?post=89415"},{"taxonomy":"tradition","embeddable":true,"href":"https:\/\/www.iemj.org\/de\/wp-json\/wp\/v2\/tradition?post=89415"},{"taxonomy":"type-de-contenu","embeddable":true,"href":"https:\/\/www.iemj.org\/de\/wp-json\/wp\/v2\/type-de-contenu?post=89415"},{"taxonomy":"interprete-compositeur","embeddable":true,"href":"https:\/\/www.iemj.org\/de\/wp-json\/wp\/v2\/interprete-compositeur?post=89415"},{"taxonomy":"frise","embeddable":true,"href":"https:\/\/www.iemj.org\/de\/wp-json\/wp\/v2\/frise?post=89415"},{"taxonomy":"type-devenement","embeddable":true,"href":"https:\/\/www.iemj.org\/de\/wp-json\/wp\/v2\/type-devenement?post=89415"},{"taxonomy":"tableaux-liens-externes","embeddable":true,"href":"https:\/\/www.iemj.org\/de\/wp-json\/wp\/v2\/tableaux-liens-externes?post=89415"}],"curies":[{"name":"wp","href":"https:\/\/api.w.org\/{rel}","templated":true}]}}