{"id":89564,"date":"2020-01-09T18:09:24","date_gmt":"2020-01-09T17:09:24","guid":{"rendered":"https:\/\/www.iemj.org\/le-nocturne-ville-davrayen-de-georges-enesco-1881-1955\/"},"modified":"2022-11-03T15:01:57","modified_gmt":"2022-11-03T14:01:57","slug":"le-nocturne-ville-davrayen-de-georges-enesco-1881-1955","status":"publish","type":"post","link":"https:\/\/www.iemj.org\/de\/le-nocturne-ville-davrayen-de-georges-enesco-1881-1955\/","title":{"rendered":"die nocturne \u201eVILLE D\u2019AVRAYEN\u201c von GEORGE ENESCu (1881-1955)"},"content":{"rendered":"<p>von Herv\u00e9 Roten,<\/p>\n<p><!--more--><\/p>\n<p>George Enescu war ein rum\u00e4nischer Komponist, aber auch ein virtuoser Violinist, Dirigent, Klavierspieler und P\u00e4dagoge. Er wurde am 19. August 1881 in Liveni (Moldau) geboren.<\/p>\n<p><img fetchpriority=\"high\" decoding=\"async\" class=\" alignright size-full wp-image-26560\" src=\"https:\/\/www.iemj.org\/wp-content\/uploads\/2020\/01\/enesco_250px_vertic.jpg\" alt=\"enesco_250px_vertic.jpg\" width=\"200\" height=\"250\" align=\"right\" \/><\/p>\n<p>Als Wunderkind trat er im Alter von sieben Jahren in das Wiener Konservatorium ein. Dort studierte er Komposition und Violine und trat ab dem Alter von 12 Jahren regelm\u00e4\u00dfig \u00f6ffentlich auf. 1895 zog er nach Paris, um am Konservatorium Musik zu studieren: Komposition bei Jules Massenet und Gabriel Faur\u00e9, Kontrapunkt bei Andr\u00e9 G\u00e9dalge, Violine bei Martin-Pierre Marsick.<\/p>\n<p>In Paris freundete er sich unter anderem mit Alfred Cortot, Pablo Casals, Jacques Thibaud, Maurice Ravel, Jean Roger-Ducasse, Florent Schmitt, Paul Dukas und Fernand Halphen an. 1898 widmete Enescu Halphen seine <em>Nocturne Ville d&#8217;Avrayen<\/em> f\u00fcr Klavier und Streichtrio. Zwei Jahre sp\u00e4ter widmete Halphen Enescu seine <em>Sonate in cis-Moll <\/em>f\u00fcr Violine und Klavier, eine Sonate, die bei ihrer Urauff\u00fchrung wahrscheinlich von Enescu selbst gespielt wurde.<\/p>\n<p>W\u00e4hrend des Ersten Weltkriegs kehrte Enescu nach Rum\u00e4nien zur\u00fcck, wo er seine <em>Zweite<\/em> <em>Suite f\u00fcr Orchester<\/em> (1915) und seine <em>Zweite Symphonie<\/em> (1918), ein <em>Trio<\/em> f\u00fcr Violine, Violoncello und Klavier sowie die<em> Pi\u00e8ces impromptues<\/em> f\u00fcr Klavier komponierte. Nach Kriegsende teilte er sein Leben zwischen Frankreich und den Vereinigten Staaten auf, wo er regelm\u00e4\u00dfig das New Yorker Philharmoniker dirigierte. Er gab auch sehr viele Konzerte in Frankreich, wo er von Gabriel Faur\u00e9 und Richard Strauss begleitet wurde. Ab 1928 begann er eine T\u00e4tigkeit als Lehrer f\u00fcr Violine und Interpretation in Paris, Siena, New York und Cambridge. Zu seinen Sch\u00fclern z\u00e4hlten Yehudi Menuhin, Christian Ferras, Dino Lipatti, Ivry Gitlis, Arthur Grumiaux, Michel Schwalb\u00e9&#8230;<\/p>\n<p>W\u00e4hrend des Zweiten Weltkriegs kehrte Enescu nach Bukarest zur\u00fcck. Er tauchte in das Musikleben der rum\u00e4nischen Hauptstadt ein. Als leidenschaftlicher Verfechter der zeitgen\u00f6ssischen Musik komponierte er Werke von gro\u00dfer Modernit\u00e4t: die <em>Impressions d\u2019enfance <\/em>f\u00fcr Violine und Klavier (1940), ein <em>Quintett<\/em> f\u00fcr Klavier und Streicher (1940) und sein zweites <em>Klavierquartett<\/em> (1944). Als der Frieden wiederkehrte, trat Enesco als Dirigent oder Geiger in Moskau mit David O\u00efstrakh und Emil Gilels, in Bukarest mit Yehudi Menuhin oder am Klavier an der Seite von Ernst Wallfisch auf. Die Errichtung des kommunistischen Regimes veranlasste ihn, endg\u00fcltig ins Exil zu gehen. Als Fl\u00fcchtling in Paris blieb er trotz finanzieller und gesundheitlicher Schwierigkeiten bis zu seinem Tod in der Nacht vom 3. auf den 4. Mai 1955 sehr aktiv.<\/p>\n<p><strong>Die Umst\u00e4nde der Komposition der Nocturne Ville d\u2019Avrayen<\/strong><\/p>\n<p><img decoding=\"async\" class=\" alignright size-full wp-image-26562\" src=\"https:\/\/www.iemj.org\/wp-content\/uploads\/2020\/01\/capture_signature_enesco_redim.jpg\" alt=\"capture_signature_enesco_redim.jpg\" width=\"202\" height=\"350\" align=\"right\" srcset=\"https:\/\/www.iemj.org\/wp-content\/uploads\/2020\/01\/capture_signature_enesco_redim.jpg 202w, https:\/\/www.iemj.org\/wp-content\/uploads\/2020\/01\/capture_signature_enesco_redim-173x300.jpg 173w\" sizes=\"(max-width: 202px) 100vw, 202px\" \/><\/p>\n<p><strong>Die Umst\u00e4nde der Komposition der Nocturne Ville d\u2019Avrayen<\/strong><br \/>\u00a0Am 5. Juli 1898 wurde George Enescu, damals noch keine 17 Jahre alt, von Fernand Halphen nach Ville d&#8217;Avray in das Haus seiner Eltern eingeladen. Als Gipfel der Ironie f\u00fcr Israeliten hie\u00df das Haus von Georges und Alice Halphen \u201eLe monast\u00e8re\u201c (Das Kloster)! Enescu, Halphens Mitsch\u00fcler am Konservatorium, verbrachte dort eine sehr angenehme Zeit, und die beiden Freunde verl\u00e4ngerten den Tag sogar bis sp\u00e4t in die Nacht hinein. Der Mond war klar und inspirierte Enescu dazu, seine <em>Nocturne Ville d&#8217;Avrayen<\/em> f\u00fcr Klavier, Violine, Viola und Violoncello zu komponieren, die er Fernand Halphen widmete, und dem er das Manuskript \u00fcbergab.<\/p>\n<p>Im Jahr 2005 schenkten die Nachkommen von Fernand Halphen das Musikarchiv des Komponisten dem Franz\u00f6sischen Zentrum f\u00fcr J\u00fcdische Musik, dem heutigen Europ\u00e4ischen Institut der J\u00fcdischen Musik. Unter den zahlreichen Dokumenten befand sich auch dieses in Vergessenheit geratene Manuskript. Einige Internetseiten erw\u00e4hnen diese Partitur als unvollendet. Andere erw\u00e4hnen sie als aus den Jahren 1931-1936 stammend, mit dem leicht abweichenden Titel <em>Nocturne Ville d&#8217;Avray<\/em>. 2012 erschien eine CD mit unver\u00f6ffentlichten Werken von George Enescu (<em>George Enescu, The Unknown Enescu<\/em>, Volume One, Music for violin), auf der auch die <em>Nocturne Ville d&#8217;Avrayen<\/em> zu h\u00f6ren war. Diese Nocturne wurde in einem Manuskript gefunden, das vom Rum\u00e4nischen Kulturinstitut &#8211; Georges Enesco Museum aufbewahrt wurde, und wurde als \u201eeine bewegende Erinnerung an Enescos starke Beziehung zu Menuhin\u201c in der Zeit von 1931 bis 1936 beschrieben! Laut Malcolm MacDonald, dem Autor des Booklets, schrieb Enescu diese Nocturne in dieser Zeit und spielte es in der Wohnung der Menuhins, die damals in Ville d&#8217;Avray lebten. In Wirklichkeit \u00fcbernahm Enescu lediglich dieses Jugendwerk, das er unter anderem Menuhin gab, damit dieser es auf der Violine, Pierre Monteux auf der Viola und Maurice Eisenberg auf dem Cello interpretierte. Die Geschichte hat den Namen des ersten Widmungstr\u00e4gers \u2013 Fernand Halphen \u2013 ausgel\u00f6scht und sich nur den Namen von Yehudi Menuhin gemerkt. Dieser Fehler findet sich auf zahlreichen Websites, darunter auch die der BNF.<\/p>\n\n\n<figure class=\"wp-block-gallery has-nested-images columns-default is-cropped wp-block-gallery-1 is-layout-flex wp-block-gallery-is-layout-flex\">\n<figure class=\"wp-block-image size-large\"><img decoding=\"async\" width=\"300\" height=\"425\" data-id=\"34919\" src=\"https:\/\/www.iemj.org\/wp-content\/uploads\/2021\/04\/p_nocturne_-ville_d_avrayen_001_version_roumaine_inserer1ok_300px_larg.jpg\" alt=\"\" class=\"wp-image-34919\" srcset=\"https:\/\/www.iemj.org\/wp-content\/uploads\/2021\/04\/p_nocturne_-ville_d_avrayen_001_version_roumaine_inserer1ok_300px_larg.jpg 300w, https:\/\/www.iemj.org\/wp-content\/uploads\/2021\/04\/p_nocturne_-ville_d_avrayen_001_version_roumaine_inserer1ok_300px_larg-212x300.jpg 212w\" sizes=\"(max-width: 300px) 100vw, 300px\" \/><\/figure>\n\n\n\n<figure class=\"wp-block-image size-large\"><img loading=\"lazy\" decoding=\"async\" width=\"330\" height=\"425\" data-id=\"26566\" src=\"https:\/\/www.iemj.org\/wp-content\/uploads\/2020\/01\/nocturne_enesco_couv_halphen_inserer2_ok.jpg\" alt=\"nocturne_enesco_couv_halphen_inserer2_ok.jpg\" class=\"wp-image-26566\" srcset=\"https:\/\/www.iemj.org\/wp-content\/uploads\/2020\/01\/nocturne_enesco_couv_halphen_inserer2_ok.jpg 330w, https:\/\/www.iemj.org\/wp-content\/uploads\/2020\/01\/nocturne_enesco_couv_halphen_inserer2_ok-233x300.jpg 233w\" sizes=\"(max-width: 330px) 100vw, 330px\" \/><\/figure>\n<\/figure>\n\n\n<p>Der Vergleich der beiden Manuskripte Enescus (siehe oben) erm\u00f6glicht es, die Entstehung der <em>Nocturne Ville d&#8217;Avrayen<\/em> in seine urspr\u00fcngliche Zeit und seinen urspr\u00fcnglichen Kontext einzuordnen. Es handelt sich um ein Jugendwerk (Enescu war noch nicht einmal 17 Jahre alt!), das von der Natur inspiriert wurde. In der Partitur, die als am Donnerstag, dem 7. Juli 1898, um 3 Uhr 20 Minuten morgens fertiggestellt angegeben ist, finden sich Angaben wie \u201esch\u00f6ner Mondschein\u201c, \u201eHahnenschrei\u201c und \u201ees schl\u00e4gt Mitternacht\u201c. Die gleiche Natur inspirierte Enescu ein Jahr sp\u00e4ter zu einer <em>Aubade<\/em> f\u00fcr Violine, Viola und Violoncello (1899) und sp\u00e4ter zu einer <em>S\u00e9r\u00e9nade lointaine<\/em> f\u00fcr Klavier, Violine und Violoncello (1903).<\/p>\n<p><a href=\"https:\/\/www.iemj.org\/de\/videos-du-concert-de-gala-de-linstitut-europeen-des-musiques-juives-edition-2015\/\" target=\"_blank\" rel=\"noopener\">Sehen Sie das Video des Galakonzerts des IEMJ 2015 mit der Interpretation der Nocturne Ville d\u2019Avrayen nach dem Manuskript von Fernand Halphen<\/a><br \/><a href=\"https:\/\/www.iemj.org\/viniciu-moroianu-joue-georges-enesco\/\" target=\"_blank\" rel=\"noopener\">H\u00f6ren Sie Ausz\u00fcgeaus der CD Viniciu Moroianu spielt Georges Enesco \u2013 St\u00fccke f\u00fcr Klavier und Kammermusik<\/a><br \/><a href=\"https:\/\/www.iemj.org\/georges-enescu-musica-de-camera-vol-viii\/\" target=\"_blank\" rel=\"noopener\">Sehen Sie sich einen Auszug aus der bei Salabert neu aufgelegten Partitur an<\/a><\/p>","protected":false},"excerpt":{"rendered":"<p>von Herv\u00e9 Roten,<\/p>\n","protected":false},"author":1045,"featured_media":89565,"comment_status":"closed","ping_status":"closed","sticky":false,"template":"","format":"standard","meta":{"_acf_changed":false,"footnotes":""},"categories":[1563],"tags":[3842],"technique":[],"squelettes":[],"sujet":[],"formation":[],"genre":[],"fonds":[],"tradition":[],"type-de-contenu":[],"interprete-compositeur":[],"frise":[],"type-devenement":[],"tableaux-liens-externes":[],"class_list":["post-89564","post","type-post","status-publish","format-standard","has-post-thumbnail","hentry","category-highlights-de","tag-georges-enesco-de"],"acf":[],"yoast_head":"<!-- This site is optimized with the Yoast SEO plugin v27.3 - https:\/\/yoast.com\/product\/yoast-seo-wordpress\/ -->\n<title>die nocturne \u201eVILLE D\u2019AVRAYEN\u201c von GEORGE ENESCu (1881-1955) - Institut Europ\u00e9en des Musiques Juives<\/title>\n<meta name=\"robots\" content=\"index, follow, max-snippet:-1, max-image-preview:large, max-video-preview:-1\" \/>\n<link rel=\"canonical\" href=\"https:\/\/www.iemj.org\/de\/le-nocturne-ville-davrayen-de-georges-enesco-1881-1955\/\" \/>\n<meta property=\"og:locale\" content=\"de_DE\" \/>\n<meta property=\"og:type\" content=\"article\" \/>\n<meta property=\"og:title\" content=\"die nocturne \u201eVILLE D\u2019AVRAYEN\u201c von GEORGE ENESCu (1881-1955) - Institut Europ\u00e9en des Musiques Juives\" \/>\n<meta property=\"og:description\" content=\"von Herv\u00e9 Roten,\" \/>\n<meta property=\"og:url\" content=\"https:\/\/www.iemj.org\/de\/le-nocturne-ville-davrayen-de-georges-enesco-1881-1955\/\" \/>\n<meta property=\"og:site_name\" content=\"Institut Europ\u00e9en des Musiques Juives\" \/>\n<meta property=\"article:publisher\" content=\"https:\/\/www.facebook.com\/MusiquesJuives\/\" \/>\n<meta property=\"article:published_time\" content=\"2020-01-09T17:09:24+00:00\" \/>\n<meta property=\"article:modified_time\" content=\"2022-11-03T14:01:57+00:00\" \/>\n<meta property=\"og:image\" content=\"https:\/\/www.iemj.org\/wp-content\/uploads\/2020\/01\/arton4467.jpg\" \/>\n\t<meta property=\"og:image:width\" content=\"313\" \/>\n\t<meta property=\"og:image:height\" content=\"400\" \/>\n\t<meta property=\"og:image:type\" content=\"image\/jpeg\" \/>\n<meta name=\"author\" content=\"Herv\u00e9 Roten\" \/>\n<meta name=\"twitter:card\" content=\"summary_large_image\" \/>\n<meta name=\"twitter:label1\" content=\"Verfasst von\" \/>\n\t<meta name=\"twitter:data1\" content=\"Herv\u00e9 Roten\" \/>\n\t<meta name=\"twitter:label2\" content=\"Gesch\u00e4tzte Lesezeit\" \/>\n\t<meta name=\"twitter:data2\" content=\"6\u00a0Minuten\" \/>\n<script type=\"application\/ld+json\" class=\"yoast-schema-graph\">{\"@context\":\"https:\\\/\\\/schema.org\",\"@graph\":[{\"@type\":\"Article\",\"@id\":\"https:\\\/\\\/www.iemj.org\\\/de\\\/le-nocturne-ville-davrayen-de-georges-enesco-1881-1955\\\/#article\",\"isPartOf\":{\"@id\":\"https:\\\/\\\/www.iemj.org\\\/de\\\/le-nocturne-ville-davrayen-de-georges-enesco-1881-1955\\\/\"},\"author\":{\"name\":\"Herv\u00e9 Roten\",\"@id\":\"https:\\\/\\\/www.iemj.org\\\/de\\\/#\\\/schema\\\/person\\\/906134402c29d5c76e7b726261dd4bbd\"},\"headline\":\"die nocturne \u201eVILLE D\u2019AVRAYEN\u201c von GEORGE ENESCu (1881-1955)\",\"datePublished\":\"2020-01-09T17:09:24+00:00\",\"dateModified\":\"2022-11-03T14:01:57+00:00\",\"mainEntityOfPage\":{\"@id\":\"https:\\\/\\\/www.iemj.org\\\/de\\\/le-nocturne-ville-davrayen-de-georges-enesco-1881-1955\\\/\"},\"wordCount\":928,\"publisher\":{\"@id\":\"https:\\\/\\\/www.iemj.org\\\/de\\\/#organization\"},\"image\":{\"@id\":\"https:\\\/\\\/www.iemj.org\\\/de\\\/le-nocturne-ville-davrayen-de-georges-enesco-1881-1955\\\/#primaryimage\"},\"thumbnailUrl\":\"https:\\\/\\\/www.iemj.org\\\/wp-content\\\/uploads\\\/2020\\\/01\\\/arton4467.jpg\",\"keywords\":[\"Georges Enesco\"],\"articleSection\":[\"Highlights\"],\"inLanguage\":\"de\"},{\"@type\":\"WebPage\",\"@id\":\"https:\\\/\\\/www.iemj.org\\\/de\\\/le-nocturne-ville-davrayen-de-georges-enesco-1881-1955\\\/\",\"url\":\"https:\\\/\\\/www.iemj.org\\\/de\\\/le-nocturne-ville-davrayen-de-georges-enesco-1881-1955\\\/\",\"name\":\"die nocturne \u201eVILLE D\u2019AVRAYEN\u201c von GEORGE ENESCu (1881-1955) - Institut Europ\u00e9en des Musiques Juives\",\"isPartOf\":{\"@id\":\"https:\\\/\\\/www.iemj.org\\\/de\\\/#website\"},\"primaryImageOfPage\":{\"@id\":\"https:\\\/\\\/www.iemj.org\\\/de\\\/le-nocturne-ville-davrayen-de-georges-enesco-1881-1955\\\/#primaryimage\"},\"image\":{\"@id\":\"https:\\\/\\\/www.iemj.org\\\/de\\\/le-nocturne-ville-davrayen-de-georges-enesco-1881-1955\\\/#primaryimage\"},\"thumbnailUrl\":\"https:\\\/\\\/www.iemj.org\\\/wp-content\\\/uploads\\\/2020\\\/01\\\/arton4467.jpg\",\"datePublished\":\"2020-01-09T17:09:24+00:00\",\"dateModified\":\"2022-11-03T14:01:57+00:00\",\"breadcrumb\":{\"@id\":\"https:\\\/\\\/www.iemj.org\\\/de\\\/le-nocturne-ville-davrayen-de-georges-enesco-1881-1955\\\/#breadcrumb\"},\"inLanguage\":\"de\",\"potentialAction\":[{\"@type\":\"ReadAction\",\"target\":[\"https:\\\/\\\/www.iemj.org\\\/de\\\/le-nocturne-ville-davrayen-de-georges-enesco-1881-1955\\\/\"]}]},{\"@type\":\"ImageObject\",\"inLanguage\":\"de\",\"@id\":\"https:\\\/\\\/www.iemj.org\\\/de\\\/le-nocturne-ville-davrayen-de-georges-enesco-1881-1955\\\/#primaryimage\",\"url\":\"https:\\\/\\\/www.iemj.org\\\/wp-content\\\/uploads\\\/2020\\\/01\\\/arton4467.jpg\",\"contentUrl\":\"https:\\\/\\\/www.iemj.org\\\/wp-content\\\/uploads\\\/2020\\\/01\\\/arton4467.jpg\",\"width\":313,\"height\":400},{\"@type\":\"BreadcrumbList\",\"@id\":\"https:\\\/\\\/www.iemj.org\\\/de\\\/le-nocturne-ville-davrayen-de-georges-enesco-1881-1955\\\/#breadcrumb\",\"itemListElement\":[{\"@type\":\"ListItem\",\"position\":1,\"name\":\"Accueil\",\"item\":\"https:\\\/\\\/www.iemj.org\\\/de\\\/\"},{\"@type\":\"ListItem\",\"position\":2,\"name\":\"die nocturne \u201eVILLE D\u2019AVRAYEN\u201c von GEORGE ENESCu (1881-1955)\"}]},{\"@type\":\"WebSite\",\"@id\":\"https:\\\/\\\/www.iemj.org\\\/de\\\/#website\",\"url\":\"https:\\\/\\\/www.iemj.org\\\/de\\\/\",\"name\":\"Institut Europ\u00e9en des Musiques Juives\",\"description\":\"Des traditions musicales \u00e0 la port\u00e9e de tous\",\"publisher\":{\"@id\":\"https:\\\/\\\/www.iemj.org\\\/de\\\/#organization\"},\"potentialAction\":[{\"@type\":\"SearchAction\",\"target\":{\"@type\":\"EntryPoint\",\"urlTemplate\":\"https:\\\/\\\/www.iemj.org\\\/de\\\/?s={search_term_string}\"},\"query-input\":{\"@type\":\"PropertyValueSpecification\",\"valueRequired\":true,\"valueName\":\"search_term_string\"}}],\"inLanguage\":\"de\"},{\"@type\":\"Organization\",\"@id\":\"https:\\\/\\\/www.iemj.org\\\/de\\\/#organization\",\"name\":\"Institut Europ\u00e9en des Musiques Juives\",\"url\":\"https:\\\/\\\/www.iemj.org\\\/de\\\/\",\"logo\":{\"@type\":\"ImageObject\",\"inLanguage\":\"de\",\"@id\":\"https:\\\/\\\/www.iemj.org\\\/de\\\/#\\\/schema\\\/logo\\\/image\\\/\",\"url\":\"https:\\\/\\\/www.iemj.org\\\/wp-content\\\/uploads\\\/2021\\\/09\\\/Logo-IEMJ-Paypal.jpg\",\"contentUrl\":\"https:\\\/\\\/www.iemj.org\\\/wp-content\\\/uploads\\\/2021\\\/09\\\/Logo-IEMJ-Paypal.jpg\",\"width\":150,\"height\":50,\"caption\":\"Institut Europ\u00e9en des Musiques Juives\"},\"image\":{\"@id\":\"https:\\\/\\\/www.iemj.org\\\/de\\\/#\\\/schema\\\/logo\\\/image\\\/\"},\"sameAs\":[\"https:\\\/\\\/www.facebook.com\\\/MusiquesJuives\\\/\",\"https:\\\/\\\/www.instagram.com\\\/musiquesjuives\\\/\",\"https:\\\/\\\/www.youtube.com\\\/user\\\/musiquesjuives\"]},{\"@type\":\"Person\",\"@id\":\"https:\\\/\\\/www.iemj.org\\\/de\\\/#\\\/schema\\\/person\\\/906134402c29d5c76e7b726261dd4bbd\",\"name\":\"Herv\u00e9 Roten\",\"image\":{\"@type\":\"ImageObject\",\"inLanguage\":\"de\",\"@id\":\"https:\\\/\\\/secure.gravatar.com\\\/avatar\\\/f96ad2db538a26481f18384936b5cd0610c92d390c4dc382209216d455f685ff?s=96&d=mm&r=g\",\"url\":\"https:\\\/\\\/secure.gravatar.com\\\/avatar\\\/f96ad2db538a26481f18384936b5cd0610c92d390c4dc382209216d455f685ff?s=96&d=mm&r=g\",\"contentUrl\":\"https:\\\/\\\/secure.gravatar.com\\\/avatar\\\/f96ad2db538a26481f18384936b5cd0610c92d390c4dc382209216d455f685ff?s=96&d=mm&r=g\",\"caption\":\"Herv\u00e9 Roten\"}}]}<\/script>\n<!-- \/ Yoast SEO plugin. -->","yoast_head_json":{"title":"die nocturne \u201eVILLE D\u2019AVRAYEN\u201c von GEORGE ENESCu (1881-1955) - Institut Europ\u00e9en des Musiques Juives","robots":{"index":"index","follow":"follow","max-snippet":"max-snippet:-1","max-image-preview":"max-image-preview:large","max-video-preview":"max-video-preview:-1"},"canonical":"https:\/\/www.iemj.org\/de\/le-nocturne-ville-davrayen-de-georges-enesco-1881-1955\/","og_locale":"de_DE","og_type":"article","og_title":"die nocturne \u201eVILLE D\u2019AVRAYEN\u201c von GEORGE ENESCu (1881-1955) - Institut Europ\u00e9en des Musiques Juives","og_description":"von Herv\u00e9 Roten,","og_url":"https:\/\/www.iemj.org\/de\/le-nocturne-ville-davrayen-de-georges-enesco-1881-1955\/","og_site_name":"Institut Europ\u00e9en des Musiques Juives","article_publisher":"https:\/\/www.facebook.com\/MusiquesJuives\/","article_published_time":"2020-01-09T17:09:24+00:00","article_modified_time":"2022-11-03T14:01:57+00:00","og_image":[{"width":313,"height":400,"url":"https:\/\/www.iemj.org\/wp-content\/uploads\/2020\/01\/arton4467.jpg","type":"image\/jpeg"}],"author":"Herv\u00e9 Roten","twitter_card":"summary_large_image","twitter_misc":{"Verfasst von":"Herv\u00e9 Roten","Gesch\u00e4tzte Lesezeit":"6\u00a0Minuten"},"schema":{"@context":"https:\/\/schema.org","@graph":[{"@type":"Article","@id":"https:\/\/www.iemj.org\/de\/le-nocturne-ville-davrayen-de-georges-enesco-1881-1955\/#article","isPartOf":{"@id":"https:\/\/www.iemj.org\/de\/le-nocturne-ville-davrayen-de-georges-enesco-1881-1955\/"},"author":{"name":"Herv\u00e9 Roten","@id":"https:\/\/www.iemj.org\/de\/#\/schema\/person\/906134402c29d5c76e7b726261dd4bbd"},"headline":"die nocturne \u201eVILLE D\u2019AVRAYEN\u201c von GEORGE ENESCu (1881-1955)","datePublished":"2020-01-09T17:09:24+00:00","dateModified":"2022-11-03T14:01:57+00:00","mainEntityOfPage":{"@id":"https:\/\/www.iemj.org\/de\/le-nocturne-ville-davrayen-de-georges-enesco-1881-1955\/"},"wordCount":928,"publisher":{"@id":"https:\/\/www.iemj.org\/de\/#organization"},"image":{"@id":"https:\/\/www.iemj.org\/de\/le-nocturne-ville-davrayen-de-georges-enesco-1881-1955\/#primaryimage"},"thumbnailUrl":"https:\/\/www.iemj.org\/wp-content\/uploads\/2020\/01\/arton4467.jpg","keywords":["Georges Enesco"],"articleSection":["Highlights"],"inLanguage":"de"},{"@type":"WebPage","@id":"https:\/\/www.iemj.org\/de\/le-nocturne-ville-davrayen-de-georges-enesco-1881-1955\/","url":"https:\/\/www.iemj.org\/de\/le-nocturne-ville-davrayen-de-georges-enesco-1881-1955\/","name":"die nocturne \u201eVILLE D\u2019AVRAYEN\u201c von GEORGE ENESCu (1881-1955) - Institut Europ\u00e9en des Musiques Juives","isPartOf":{"@id":"https:\/\/www.iemj.org\/de\/#website"},"primaryImageOfPage":{"@id":"https:\/\/www.iemj.org\/de\/le-nocturne-ville-davrayen-de-georges-enesco-1881-1955\/#primaryimage"},"image":{"@id":"https:\/\/www.iemj.org\/de\/le-nocturne-ville-davrayen-de-georges-enesco-1881-1955\/#primaryimage"},"thumbnailUrl":"https:\/\/www.iemj.org\/wp-content\/uploads\/2020\/01\/arton4467.jpg","datePublished":"2020-01-09T17:09:24+00:00","dateModified":"2022-11-03T14:01:57+00:00","breadcrumb":{"@id":"https:\/\/www.iemj.org\/de\/le-nocturne-ville-davrayen-de-georges-enesco-1881-1955\/#breadcrumb"},"inLanguage":"de","potentialAction":[{"@type":"ReadAction","target":["https:\/\/www.iemj.org\/de\/le-nocturne-ville-davrayen-de-georges-enesco-1881-1955\/"]}]},{"@type":"ImageObject","inLanguage":"de","@id":"https:\/\/www.iemj.org\/de\/le-nocturne-ville-davrayen-de-georges-enesco-1881-1955\/#primaryimage","url":"https:\/\/www.iemj.org\/wp-content\/uploads\/2020\/01\/arton4467.jpg","contentUrl":"https:\/\/www.iemj.org\/wp-content\/uploads\/2020\/01\/arton4467.jpg","width":313,"height":400},{"@type":"BreadcrumbList","@id":"https:\/\/www.iemj.org\/de\/le-nocturne-ville-davrayen-de-georges-enesco-1881-1955\/#breadcrumb","itemListElement":[{"@type":"ListItem","position":1,"name":"Accueil","item":"https:\/\/www.iemj.org\/de\/"},{"@type":"ListItem","position":2,"name":"die nocturne \u201eVILLE D\u2019AVRAYEN\u201c von GEORGE ENESCu (1881-1955)"}]},{"@type":"WebSite","@id":"https:\/\/www.iemj.org\/de\/#website","url":"https:\/\/www.iemj.org\/de\/","name":"Institut Europ\u00e9en des Musiques Juives","description":"Des traditions musicales \u00e0 la port\u00e9e de tous","publisher":{"@id":"https:\/\/www.iemj.org\/de\/#organization"},"potentialAction":[{"@type":"SearchAction","target":{"@type":"EntryPoint","urlTemplate":"https:\/\/www.iemj.org\/de\/?s={search_term_string}"},"query-input":{"@type":"PropertyValueSpecification","valueRequired":true,"valueName":"search_term_string"}}],"inLanguage":"de"},{"@type":"Organization","@id":"https:\/\/www.iemj.org\/de\/#organization","name":"Institut Europ\u00e9en des Musiques Juives","url":"https:\/\/www.iemj.org\/de\/","logo":{"@type":"ImageObject","inLanguage":"de","@id":"https:\/\/www.iemj.org\/de\/#\/schema\/logo\/image\/","url":"https:\/\/www.iemj.org\/wp-content\/uploads\/2021\/09\/Logo-IEMJ-Paypal.jpg","contentUrl":"https:\/\/www.iemj.org\/wp-content\/uploads\/2021\/09\/Logo-IEMJ-Paypal.jpg","width":150,"height":50,"caption":"Institut Europ\u00e9en des Musiques Juives"},"image":{"@id":"https:\/\/www.iemj.org\/de\/#\/schema\/logo\/image\/"},"sameAs":["https:\/\/www.facebook.com\/MusiquesJuives\/","https:\/\/www.instagram.com\/musiquesjuives\/","https:\/\/www.youtube.com\/user\/musiquesjuives"]},{"@type":"Person","@id":"https:\/\/www.iemj.org\/de\/#\/schema\/person\/906134402c29d5c76e7b726261dd4bbd","name":"Herv\u00e9 Roten","image":{"@type":"ImageObject","inLanguage":"de","@id":"https:\/\/secure.gravatar.com\/avatar\/f96ad2db538a26481f18384936b5cd0610c92d390c4dc382209216d455f685ff?s=96&d=mm&r=g","url":"https:\/\/secure.gravatar.com\/avatar\/f96ad2db538a26481f18384936b5cd0610c92d390c4dc382209216d455f685ff?s=96&d=mm&r=g","contentUrl":"https:\/\/secure.gravatar.com\/avatar\/f96ad2db538a26481f18384936b5cd0610c92d390c4dc382209216d455f685ff?s=96&d=mm&r=g","caption":"Herv\u00e9 Roten"}}]}},"_links":{"self":[{"href":"https:\/\/www.iemj.org\/de\/wp-json\/wp\/v2\/posts\/89564","targetHints":{"allow":["GET"]}}],"collection":[{"href":"https:\/\/www.iemj.org\/de\/wp-json\/wp\/v2\/posts"}],"about":[{"href":"https:\/\/www.iemj.org\/de\/wp-json\/wp\/v2\/types\/post"}],"author":[{"embeddable":true,"href":"https:\/\/www.iemj.org\/de\/wp-json\/wp\/v2\/users\/1045"}],"replies":[{"embeddable":true,"href":"https:\/\/www.iemj.org\/de\/wp-json\/wp\/v2\/comments?post=89564"}],"version-history":[{"count":0,"href":"https:\/\/www.iemj.org\/de\/wp-json\/wp\/v2\/posts\/89564\/revisions"}],"wp:featuredmedia":[{"embeddable":true,"href":"https:\/\/www.iemj.org\/de\/wp-json\/wp\/v2\/media\/89565"}],"wp:attachment":[{"href":"https:\/\/www.iemj.org\/de\/wp-json\/wp\/v2\/media?parent=89564"}],"wp:term":[{"taxonomy":"category","embeddable":true,"href":"https:\/\/www.iemj.org\/de\/wp-json\/wp\/v2\/categories?post=89564"},{"taxonomy":"post_tag","embeddable":true,"href":"https:\/\/www.iemj.org\/de\/wp-json\/wp\/v2\/tags?post=89564"},{"taxonomy":"technique","embeddable":true,"href":"https:\/\/www.iemj.org\/de\/wp-json\/wp\/v2\/technique?post=89564"},{"taxonomy":"squelettes","embeddable":true,"href":"https:\/\/www.iemj.org\/de\/wp-json\/wp\/v2\/squelettes?post=89564"},{"taxonomy":"sujet","embeddable":true,"href":"https:\/\/www.iemj.org\/de\/wp-json\/wp\/v2\/sujet?post=89564"},{"taxonomy":"formation","embeddable":true,"href":"https:\/\/www.iemj.org\/de\/wp-json\/wp\/v2\/formation?post=89564"},{"taxonomy":"genre","embeddable":true,"href":"https:\/\/www.iemj.org\/de\/wp-json\/wp\/v2\/genre?post=89564"},{"taxonomy":"fonds","embeddable":true,"href":"https:\/\/www.iemj.org\/de\/wp-json\/wp\/v2\/fonds?post=89564"},{"taxonomy":"tradition","embeddable":true,"href":"https:\/\/www.iemj.org\/de\/wp-json\/wp\/v2\/tradition?post=89564"},{"taxonomy":"type-de-contenu","embeddable":true,"href":"https:\/\/www.iemj.org\/de\/wp-json\/wp\/v2\/type-de-contenu?post=89564"},{"taxonomy":"interprete-compositeur","embeddable":true,"href":"https:\/\/www.iemj.org\/de\/wp-json\/wp\/v2\/interprete-compositeur?post=89564"},{"taxonomy":"frise","embeddable":true,"href":"https:\/\/www.iemj.org\/de\/wp-json\/wp\/v2\/frise?post=89564"},{"taxonomy":"type-devenement","embeddable":true,"href":"https:\/\/www.iemj.org\/de\/wp-json\/wp\/v2\/type-devenement?post=89564"},{"taxonomy":"tableaux-liens-externes","embeddable":true,"href":"https:\/\/www.iemj.org\/de\/wp-json\/wp\/v2\/tableaux-liens-externes?post=89564"}],"curies":[{"name":"wp","href":"https:\/\/api.w.org\/{rel}","templated":true}]}}