{"id":89651,"date":"2017-12-13T10:48:17","date_gmt":"2017-12-13T09:48:17","guid":{"rendered":"https:\/\/www.iemj.org\/le-33-trs-adama-de-la-chanteuse-iraelienne-ofra-haza\/"},"modified":"2022-11-03T17:22:21","modified_gmt":"2022-11-03T16:22:21","slug":"le-33-trs-adama-de-la-chanteuse-iraelienne-ofra-haza","status":"publish","type":"post","link":"https:\/\/www.iemj.org\/de\/le-33-trs-adama-de-la-chanteuse-iraelienne-ofra-haza\/","title":{"rendered":"die lp \u201eADAMA\u201c DEr israelischen s\u00e4ngerin OFRA HAZA"},"content":{"rendered":"<p><strong>Durchscheinend und farbig<\/strong><\/p>\n<p>Diese 30 cm gro\u00dfe LP von Ofra Haza erschien 1985 unter dem israelischen Label <em>Hed-Arzi<\/em>.<\/p>\n<p>Es handelt sich um eine besondere und recht seltene Schallplatte: Sie ist in der Tat durchscheinend und farbig. Diese Art von Vinyl wird als <em>farbige Platte <\/em>bezeichnet und ist nicht mit <em>Picture Discs<\/em> zu verwechseln, die ein direkt auf die Rillen gedrucktes Bild tragen.<\/p>\n<p><strong>Zur Erinnerung:<\/strong><\/p>\n<p>Das Material, das f\u00fcr die Herstellung von Schallplatten verwendet wird: Polyvinylchlorid oder PVC (ein aus Erd\u00f6l gewonnenes Kunststoffprodukt) ist im Grunde farblos und um eine schwarze Paste zu erhalten, muss eine gro\u00dfe Menge Farbstoff hinzugef\u00fcgt werden.<\/p>\n<p>F\u00fcr Schallplatten, die nicht schwarz sind (rot, blau, gr\u00fcn&#8230;), ist weniger Farbstoff erforderlich.<\/p>\n<p><img fetchpriority=\"high\" decoding=\"async\" class=\" alignright  wp-image-17156\" src=\"https:\/\/www.iemj.org\/wp-content\/uploads\/2017\/12\/transparence_du_disque_500px.jpg\" alt=\"transparence_du_disque_500px.jpg\" width=\"173\" height=\"307\" align=\"right\" srcset=\"https:\/\/www.iemj.org\/wp-content\/uploads\/2017\/12\/transparence_du_disque_500px.jpg 240w, https:\/\/www.iemj.org\/wp-content\/uploads\/2017\/12\/transparence_du_disque_500px-169x300.jpg 169w\" sizes=\"(max-width: 173px) 100vw, 173px\" \/><\/p>\n<p>Schwarze Vinylplatten wurden \u00fcberwiegend verwendet, weil man auf ihnen die Titel auf der Oberfl\u00e4che der Platte besser erkennen konnte.<\/p>\n<p>Farbiges Vinyl kam um 1977 auf den Markt, praktisch 100 Jahre nach der Erfindung der Schallplatte.<\/p>\n<p>Farbige Vinylplatten sind in der Regel nur f\u00fcr limitierte Auflagen erh\u00e4ltlich, da es schwierig ist, bei den verschiedenen Pressungen und B\u00e4dern immer wieder genau dieselbe Farbe zu finden. Die Existenz von farbigem Vinyl hat Sammler auch dazu ermutigt, sich eine Platte so schnell wie m\u00f6glich zu besorgen, sobald sie auf den Markt kommt, da sonst die Sammlerausgabe knapp wird.<\/p>\n<p><strong>Wir haben derzeit eines dieser seltenen Exemplare in unseren Sammlungen<\/strong>, das neben einem anderen Exemplar der banaleren und verbreiteteren Version, der schwarzen Vinylschallplatte, steht.<\/p>\n<p><img decoding=\"async\" class=\" aligncenter size-full wp-image-17158\" src=\"https:\/\/www.iemj.org\/wp-content\/uploads\/2017\/12\/les_deux_disques_500px.jpg\" alt=\"les_deux_disques_500px.jpg\" width=\"500\" height=\"281\" align=\"middle\" srcset=\"https:\/\/www.iemj.org\/wp-content\/uploads\/2017\/12\/les_deux_disques_500px.jpg 500w, https:\/\/www.iemj.org\/wp-content\/uploads\/2017\/12\/les_deux_disques_500px-300x169.jpg 300w\" sizes=\"(max-width: 500px) 100vw, 500px\" \/><\/p>\n<p>Normalerweise folgte auf die Ver\u00f6ffentlichung dieser farbigen Vinylplatten eine Standardpressung, bei der schwarzes Vinyl verwendet wurde. Damals wurden nur Vinyl-Singles und LPs in Farbe ver\u00f6ffentlicht, nicht aber Maxi-Singles.<\/p>\n<p><strong>Quellen:<\/strong><\/p>\n<p>\u2013\u00a0<a href=\"https:\/\/waxbuyers.club\/les-differents-types-de-disques-vinyles\/\">Die verschiedenen Arten von Vinylschallplatten \u2013\u00a0<em>Waxbuyers.club<\/em><\/a><br \/>\u2013\u00a0<a href=\"http:\/\/lescopainsd-abord.over-blog.com\/article-les-disques-vinyle-de-couleur-et-les-picture-discs-par-nath-didile-110114010.html\">Farbige Vinylschallplatten und Picture Discs von Nath-Didile \u2013\u00a0<em>Les copains d\u2019abord<\/em><\/a><br \/>\u2013\u00a0<a href=\"https:\/\/www.vinyle-actu.fr\/dossier\/differents-types-de-vinyles\">Verschiedene Arten von Schallplatten, Juni 2015 \u2013\u00a0<em>Vinyles Actu<\/em><\/a><\/p>\n<p><a href=\"https:\/\/www.iemj.org\/de\/haza-ofra-1957-2000\/\" target=\"_blank\" rel=\"noopener\">Lesen Sie die Biografie von Ofra Haza<\/a><br \/><a href=\"http:\/\/www.rachelnet.net\/F\/?func=find-c&amp;ccl_term=WRD+%3D+Haza+ET+WRD+%3D+Adama&amp;local_base=iemcg\" target=\"_blank\" rel=\"noopener\">Sehen Sie sich die Dokumentationskarte dieser Platte an <\/a><\/p>\n<p><strong>Sehen Sie sich 5 Ausz\u00fcge aus dieser Platte im folgenden Video an:<\/strong><\/p>\n\n\n<figure class=\"wp-block-embed is-type-video is-provider-youtube wp-block-embed-youtube wp-embed-aspect-4-3 wp-has-aspect-ratio\"><div class=\"wp-block-embed__wrapper\">\n<iframe title=\"Adama (earth) - Ofra Haza\" width=\"640\" height=\"480\" src=\"https:\/\/www.youtube.com\/embed\/w66Z-unQVZU?feature=oembed\" frameborder=\"0\" allow=\"accelerometer; autoplay; clipboard-write; encrypted-media; gyroscope; picture-in-picture; web-share\" referrerpolicy=\"strict-origin-when-cross-origin\" allowfullscreen><\/iframe>\n<\/div><\/figure>\n","protected":false},"excerpt":{"rendered":"<p>Durchscheinend und farbig Diese 30 cm gro\u00dfe LP von Ofra Haza erschien 1985 unter dem israelischen Label Hed-Arzi. Es handelt sich um eine besondere und recht seltene Schallplatte: Sie ist<\/p>\n","protected":false},"author":1052,"featured_media":89652,"comment_status":"closed","ping_status":"open","sticky":false,"template":"","format":"standard","meta":{"_acf_changed":false,"footnotes":""},"categories":[1563],"tags":[],"technique":[],"squelettes":[],"sujet":[],"formation":[],"genre":[1880],"fonds":[],"tradition":[],"type-de-contenu":[],"interprete-compositeur":[],"frise":[],"type-devenement":[],"tableaux-liens-externes":[],"class_list":["post-89651","post","type-post","status-publish","format-standard","has-post-thumbnail","hentry","category-highlights-de","genre-israellied-de"],"acf":[],"yoast_head":"<!-- This site is optimized with the Yoast SEO plugin v27.3 - https:\/\/yoast.com\/product\/yoast-seo-wordpress\/ -->\n<title>die lp \u201eADAMA\u201c DEr israelischen s\u00e4ngerin OFRA HAZA - Institut Europ\u00e9en des Musiques Juives<\/title>\n<meta name=\"robots\" content=\"index, follow, max-snippet:-1, max-image-preview:large, max-video-preview:-1\" \/>\n<link rel=\"canonical\" href=\"https:\/\/www.iemj.org\/de\/le-33-trs-adama-de-la-chanteuse-iraelienne-ofra-haza\/\" \/>\n<meta property=\"og:locale\" content=\"de_DE\" \/>\n<meta property=\"og:type\" content=\"article\" \/>\n<meta property=\"og:title\" content=\"die lp \u201eADAMA\u201c DEr israelischen s\u00e4ngerin OFRA HAZA - Institut Europ\u00e9en des Musiques Juives\" \/>\n<meta property=\"og:description\" content=\"Durchscheinend und farbig Diese 30 cm gro\u00dfe LP von Ofra Haza erschien 1985 unter dem israelischen Label Hed-Arzi. Es handelt sich um eine besondere und recht seltene Schallplatte: Sie ist\" \/>\n<meta property=\"og:url\" content=\"https:\/\/www.iemj.org\/de\/le-33-trs-adama-de-la-chanteuse-iraelienne-ofra-haza\/\" \/>\n<meta property=\"og:site_name\" content=\"Institut Europ\u00e9en des Musiques Juives\" \/>\n<meta property=\"article:publisher\" content=\"https:\/\/www.facebook.com\/MusiquesJuives\/\" \/>\n<meta property=\"article:published_time\" content=\"2017-12-13T09:48:17+00:00\" \/>\n<meta property=\"article:modified_time\" content=\"2022-11-03T16:22:21+00:00\" \/>\n<meta property=\"og:image\" content=\"https:\/\/www.iemj.org\/wp-content\/uploads\/2017\/12\/arton2876-e1618748089440.jpg\" \/>\n\t<meta property=\"og:image:width\" content=\"350\" \/>\n\t<meta property=\"og:image:height\" content=\"395\" \/>\n\t<meta property=\"og:image:type\" content=\"image\/jpeg\" \/>\n<meta name=\"author\" content=\"Lea Couderc\" \/>\n<meta name=\"twitter:card\" content=\"summary_large_image\" \/>\n<meta name=\"twitter:label1\" content=\"Verfasst von\" \/>\n\t<meta name=\"twitter:data1\" content=\"Lea Couderc\" \/>\n\t<meta name=\"twitter:label2\" content=\"Gesch\u00e4tzte Lesezeit\" \/>\n\t<meta name=\"twitter:data2\" content=\"3\u00a0Minuten\" \/>\n<script type=\"application\/ld+json\" class=\"yoast-schema-graph\">{\"@context\":\"https:\\\/\\\/schema.org\",\"@graph\":[{\"@type\":\"Article\",\"@id\":\"https:\\\/\\\/www.iemj.org\\\/de\\\/le-33-trs-adama-de-la-chanteuse-iraelienne-ofra-haza\\\/#article\",\"isPartOf\":{\"@id\":\"https:\\\/\\\/www.iemj.org\\\/de\\\/le-33-trs-adama-de-la-chanteuse-iraelienne-ofra-haza\\\/\"},\"author\":{\"name\":\"Lea Couderc\",\"@id\":\"https:\\\/\\\/www.iemj.org\\\/de\\\/#\\\/schema\\\/person\\\/e2ad57f2c4be119c7ed8ab79036807a9\"},\"headline\":\"die lp \u201eADAMA\u201c DEr israelischen s\u00e4ngerin OFRA HAZA\",\"datePublished\":\"2017-12-13T09:48:17+00:00\",\"dateModified\":\"2022-11-03T16:22:21+00:00\",\"mainEntityOfPage\":{\"@id\":\"https:\\\/\\\/www.iemj.org\\\/de\\\/le-33-trs-adama-de-la-chanteuse-iraelienne-ofra-haza\\\/\"},\"wordCount\":336,\"publisher\":{\"@id\":\"https:\\\/\\\/www.iemj.org\\\/de\\\/#organization\"},\"image\":{\"@id\":\"https:\\\/\\\/www.iemj.org\\\/de\\\/le-33-trs-adama-de-la-chanteuse-iraelienne-ofra-haza\\\/#primaryimage\"},\"thumbnailUrl\":\"https:\\\/\\\/www.iemj.org\\\/wp-content\\\/uploads\\\/2017\\\/12\\\/arton2876-e1618748089440.jpg\",\"articleSection\":[\"Highlights\"],\"inLanguage\":\"de\"},{\"@type\":\"WebPage\",\"@id\":\"https:\\\/\\\/www.iemj.org\\\/de\\\/le-33-trs-adama-de-la-chanteuse-iraelienne-ofra-haza\\\/\",\"url\":\"https:\\\/\\\/www.iemj.org\\\/de\\\/le-33-trs-adama-de-la-chanteuse-iraelienne-ofra-haza\\\/\",\"name\":\"die lp \u201eADAMA\u201c DEr israelischen s\u00e4ngerin OFRA HAZA - Institut Europ\u00e9en des Musiques Juives\",\"isPartOf\":{\"@id\":\"https:\\\/\\\/www.iemj.org\\\/de\\\/#website\"},\"primaryImageOfPage\":{\"@id\":\"https:\\\/\\\/www.iemj.org\\\/de\\\/le-33-trs-adama-de-la-chanteuse-iraelienne-ofra-haza\\\/#primaryimage\"},\"image\":{\"@id\":\"https:\\\/\\\/www.iemj.org\\\/de\\\/le-33-trs-adama-de-la-chanteuse-iraelienne-ofra-haza\\\/#primaryimage\"},\"thumbnailUrl\":\"https:\\\/\\\/www.iemj.org\\\/wp-content\\\/uploads\\\/2017\\\/12\\\/arton2876-e1618748089440.jpg\",\"datePublished\":\"2017-12-13T09:48:17+00:00\",\"dateModified\":\"2022-11-03T16:22:21+00:00\",\"breadcrumb\":{\"@id\":\"https:\\\/\\\/www.iemj.org\\\/de\\\/le-33-trs-adama-de-la-chanteuse-iraelienne-ofra-haza\\\/#breadcrumb\"},\"inLanguage\":\"de\",\"potentialAction\":[{\"@type\":\"ReadAction\",\"target\":[\"https:\\\/\\\/www.iemj.org\\\/de\\\/le-33-trs-adama-de-la-chanteuse-iraelienne-ofra-haza\\\/\"]}]},{\"@type\":\"ImageObject\",\"inLanguage\":\"de\",\"@id\":\"https:\\\/\\\/www.iemj.org\\\/de\\\/le-33-trs-adama-de-la-chanteuse-iraelienne-ofra-haza\\\/#primaryimage\",\"url\":\"https:\\\/\\\/www.iemj.org\\\/wp-content\\\/uploads\\\/2017\\\/12\\\/arton2876-e1618748089440.jpg\",\"contentUrl\":\"https:\\\/\\\/www.iemj.org\\\/wp-content\\\/uploads\\\/2017\\\/12\\\/arton2876-e1618748089440.jpg\",\"width\":350,\"height\":395},{\"@type\":\"BreadcrumbList\",\"@id\":\"https:\\\/\\\/www.iemj.org\\\/de\\\/le-33-trs-adama-de-la-chanteuse-iraelienne-ofra-haza\\\/#breadcrumb\",\"itemListElement\":[{\"@type\":\"ListItem\",\"position\":1,\"name\":\"Accueil\",\"item\":\"https:\\\/\\\/www.iemj.org\\\/de\\\/\"},{\"@type\":\"ListItem\",\"position\":2,\"name\":\"die lp \u201eADAMA\u201c DEr israelischen s\u00e4ngerin OFRA HAZA\"}]},{\"@type\":\"WebSite\",\"@id\":\"https:\\\/\\\/www.iemj.org\\\/de\\\/#website\",\"url\":\"https:\\\/\\\/www.iemj.org\\\/de\\\/\",\"name\":\"Institut Europ\u00e9en des Musiques Juives\",\"description\":\"Des traditions musicales \u00e0 la port\u00e9e de tous\",\"publisher\":{\"@id\":\"https:\\\/\\\/www.iemj.org\\\/de\\\/#organization\"},\"potentialAction\":[{\"@type\":\"SearchAction\",\"target\":{\"@type\":\"EntryPoint\",\"urlTemplate\":\"https:\\\/\\\/www.iemj.org\\\/de\\\/?s={search_term_string}\"},\"query-input\":{\"@type\":\"PropertyValueSpecification\",\"valueRequired\":true,\"valueName\":\"search_term_string\"}}],\"inLanguage\":\"de\"},{\"@type\":\"Organization\",\"@id\":\"https:\\\/\\\/www.iemj.org\\\/de\\\/#organization\",\"name\":\"Institut Europ\u00e9en des Musiques Juives\",\"url\":\"https:\\\/\\\/www.iemj.org\\\/de\\\/\",\"logo\":{\"@type\":\"ImageObject\",\"inLanguage\":\"de\",\"@id\":\"https:\\\/\\\/www.iemj.org\\\/de\\\/#\\\/schema\\\/logo\\\/image\\\/\",\"url\":\"https:\\\/\\\/www.iemj.org\\\/wp-content\\\/uploads\\\/2021\\\/09\\\/Logo-IEMJ-Paypal.jpg\",\"contentUrl\":\"https:\\\/\\\/www.iemj.org\\\/wp-content\\\/uploads\\\/2021\\\/09\\\/Logo-IEMJ-Paypal.jpg\",\"width\":150,\"height\":50,\"caption\":\"Institut Europ\u00e9en des Musiques Juives\"},\"image\":{\"@id\":\"https:\\\/\\\/www.iemj.org\\\/de\\\/#\\\/schema\\\/logo\\\/image\\\/\"},\"sameAs\":[\"https:\\\/\\\/www.facebook.com\\\/MusiquesJuives\\\/\",\"https:\\\/\\\/www.instagram.com\\\/musiquesjuives\\\/\",\"https:\\\/\\\/www.youtube.com\\\/user\\\/musiquesjuives\"]},{\"@type\":\"Person\",\"@id\":\"https:\\\/\\\/www.iemj.org\\\/de\\\/#\\\/schema\\\/person\\\/e2ad57f2c4be119c7ed8ab79036807a9\",\"name\":\"Lea Couderc\",\"image\":{\"@type\":\"ImageObject\",\"inLanguage\":\"de\",\"@id\":\"https:\\\/\\\/secure.gravatar.com\\\/avatar\\\/46ee021475d60aeff17a7e490b79dea5a5684bb392ab7fd1494027411df8ba23?s=96&d=mm&r=g\",\"url\":\"https:\\\/\\\/secure.gravatar.com\\\/avatar\\\/46ee021475d60aeff17a7e490b79dea5a5684bb392ab7fd1494027411df8ba23?s=96&d=mm&r=g\",\"contentUrl\":\"https:\\\/\\\/secure.gravatar.com\\\/avatar\\\/46ee021475d60aeff17a7e490b79dea5a5684bb392ab7fd1494027411df8ba23?s=96&d=mm&r=g\",\"caption\":\"Lea Couderc\"}}]}<\/script>\n<!-- \/ Yoast SEO plugin. -->","yoast_head_json":{"title":"die lp \u201eADAMA\u201c DEr israelischen s\u00e4ngerin OFRA HAZA - Institut Europ\u00e9en des Musiques Juives","robots":{"index":"index","follow":"follow","max-snippet":"max-snippet:-1","max-image-preview":"max-image-preview:large","max-video-preview":"max-video-preview:-1"},"canonical":"https:\/\/www.iemj.org\/de\/le-33-trs-adama-de-la-chanteuse-iraelienne-ofra-haza\/","og_locale":"de_DE","og_type":"article","og_title":"die lp \u201eADAMA\u201c DEr israelischen s\u00e4ngerin OFRA HAZA - Institut Europ\u00e9en des Musiques Juives","og_description":"Durchscheinend und farbig Diese 30 cm gro\u00dfe LP von Ofra Haza erschien 1985 unter dem israelischen Label Hed-Arzi. Es handelt sich um eine besondere und recht seltene Schallplatte: Sie ist","og_url":"https:\/\/www.iemj.org\/de\/le-33-trs-adama-de-la-chanteuse-iraelienne-ofra-haza\/","og_site_name":"Institut Europ\u00e9en des Musiques Juives","article_publisher":"https:\/\/www.facebook.com\/MusiquesJuives\/","article_published_time":"2017-12-13T09:48:17+00:00","article_modified_time":"2022-11-03T16:22:21+00:00","og_image":[{"width":350,"height":395,"url":"https:\/\/www.iemj.org\/wp-content\/uploads\/2017\/12\/arton2876-e1618748089440.jpg","type":"image\/jpeg"}],"author":"Lea Couderc","twitter_card":"summary_large_image","twitter_misc":{"Verfasst von":"Lea Couderc","Gesch\u00e4tzte Lesezeit":"3\u00a0Minuten"},"schema":{"@context":"https:\/\/schema.org","@graph":[{"@type":"Article","@id":"https:\/\/www.iemj.org\/de\/le-33-trs-adama-de-la-chanteuse-iraelienne-ofra-haza\/#article","isPartOf":{"@id":"https:\/\/www.iemj.org\/de\/le-33-trs-adama-de-la-chanteuse-iraelienne-ofra-haza\/"},"author":{"name":"Lea Couderc","@id":"https:\/\/www.iemj.org\/de\/#\/schema\/person\/e2ad57f2c4be119c7ed8ab79036807a9"},"headline":"die lp \u201eADAMA\u201c DEr israelischen s\u00e4ngerin OFRA HAZA","datePublished":"2017-12-13T09:48:17+00:00","dateModified":"2022-11-03T16:22:21+00:00","mainEntityOfPage":{"@id":"https:\/\/www.iemj.org\/de\/le-33-trs-adama-de-la-chanteuse-iraelienne-ofra-haza\/"},"wordCount":336,"publisher":{"@id":"https:\/\/www.iemj.org\/de\/#organization"},"image":{"@id":"https:\/\/www.iemj.org\/de\/le-33-trs-adama-de-la-chanteuse-iraelienne-ofra-haza\/#primaryimage"},"thumbnailUrl":"https:\/\/www.iemj.org\/wp-content\/uploads\/2017\/12\/arton2876-e1618748089440.jpg","articleSection":["Highlights"],"inLanguage":"de"},{"@type":"WebPage","@id":"https:\/\/www.iemj.org\/de\/le-33-trs-adama-de-la-chanteuse-iraelienne-ofra-haza\/","url":"https:\/\/www.iemj.org\/de\/le-33-trs-adama-de-la-chanteuse-iraelienne-ofra-haza\/","name":"die lp \u201eADAMA\u201c DEr israelischen s\u00e4ngerin OFRA HAZA - Institut Europ\u00e9en des Musiques Juives","isPartOf":{"@id":"https:\/\/www.iemj.org\/de\/#website"},"primaryImageOfPage":{"@id":"https:\/\/www.iemj.org\/de\/le-33-trs-adama-de-la-chanteuse-iraelienne-ofra-haza\/#primaryimage"},"image":{"@id":"https:\/\/www.iemj.org\/de\/le-33-trs-adama-de-la-chanteuse-iraelienne-ofra-haza\/#primaryimage"},"thumbnailUrl":"https:\/\/www.iemj.org\/wp-content\/uploads\/2017\/12\/arton2876-e1618748089440.jpg","datePublished":"2017-12-13T09:48:17+00:00","dateModified":"2022-11-03T16:22:21+00:00","breadcrumb":{"@id":"https:\/\/www.iemj.org\/de\/le-33-trs-adama-de-la-chanteuse-iraelienne-ofra-haza\/#breadcrumb"},"inLanguage":"de","potentialAction":[{"@type":"ReadAction","target":["https:\/\/www.iemj.org\/de\/le-33-trs-adama-de-la-chanteuse-iraelienne-ofra-haza\/"]}]},{"@type":"ImageObject","inLanguage":"de","@id":"https:\/\/www.iemj.org\/de\/le-33-trs-adama-de-la-chanteuse-iraelienne-ofra-haza\/#primaryimage","url":"https:\/\/www.iemj.org\/wp-content\/uploads\/2017\/12\/arton2876-e1618748089440.jpg","contentUrl":"https:\/\/www.iemj.org\/wp-content\/uploads\/2017\/12\/arton2876-e1618748089440.jpg","width":350,"height":395},{"@type":"BreadcrumbList","@id":"https:\/\/www.iemj.org\/de\/le-33-trs-adama-de-la-chanteuse-iraelienne-ofra-haza\/#breadcrumb","itemListElement":[{"@type":"ListItem","position":1,"name":"Accueil","item":"https:\/\/www.iemj.org\/de\/"},{"@type":"ListItem","position":2,"name":"die lp \u201eADAMA\u201c DEr israelischen s\u00e4ngerin OFRA HAZA"}]},{"@type":"WebSite","@id":"https:\/\/www.iemj.org\/de\/#website","url":"https:\/\/www.iemj.org\/de\/","name":"Institut Europ\u00e9en des Musiques Juives","description":"Des traditions musicales \u00e0 la port\u00e9e de tous","publisher":{"@id":"https:\/\/www.iemj.org\/de\/#organization"},"potentialAction":[{"@type":"SearchAction","target":{"@type":"EntryPoint","urlTemplate":"https:\/\/www.iemj.org\/de\/?s={search_term_string}"},"query-input":{"@type":"PropertyValueSpecification","valueRequired":true,"valueName":"search_term_string"}}],"inLanguage":"de"},{"@type":"Organization","@id":"https:\/\/www.iemj.org\/de\/#organization","name":"Institut Europ\u00e9en des Musiques Juives","url":"https:\/\/www.iemj.org\/de\/","logo":{"@type":"ImageObject","inLanguage":"de","@id":"https:\/\/www.iemj.org\/de\/#\/schema\/logo\/image\/","url":"https:\/\/www.iemj.org\/wp-content\/uploads\/2021\/09\/Logo-IEMJ-Paypal.jpg","contentUrl":"https:\/\/www.iemj.org\/wp-content\/uploads\/2021\/09\/Logo-IEMJ-Paypal.jpg","width":150,"height":50,"caption":"Institut Europ\u00e9en des Musiques Juives"},"image":{"@id":"https:\/\/www.iemj.org\/de\/#\/schema\/logo\/image\/"},"sameAs":["https:\/\/www.facebook.com\/MusiquesJuives\/","https:\/\/www.instagram.com\/musiquesjuives\/","https:\/\/www.youtube.com\/user\/musiquesjuives"]},{"@type":"Person","@id":"https:\/\/www.iemj.org\/de\/#\/schema\/person\/e2ad57f2c4be119c7ed8ab79036807a9","name":"Lea Couderc","image":{"@type":"ImageObject","inLanguage":"de","@id":"https:\/\/secure.gravatar.com\/avatar\/46ee021475d60aeff17a7e490b79dea5a5684bb392ab7fd1494027411df8ba23?s=96&d=mm&r=g","url":"https:\/\/secure.gravatar.com\/avatar\/46ee021475d60aeff17a7e490b79dea5a5684bb392ab7fd1494027411df8ba23?s=96&d=mm&r=g","contentUrl":"https:\/\/secure.gravatar.com\/avatar\/46ee021475d60aeff17a7e490b79dea5a5684bb392ab7fd1494027411df8ba23?s=96&d=mm&r=g","caption":"Lea Couderc"}}]}},"_links":{"self":[{"href":"https:\/\/www.iemj.org\/de\/wp-json\/wp\/v2\/posts\/89651","targetHints":{"allow":["GET"]}}],"collection":[{"href":"https:\/\/www.iemj.org\/de\/wp-json\/wp\/v2\/posts"}],"about":[{"href":"https:\/\/www.iemj.org\/de\/wp-json\/wp\/v2\/types\/post"}],"author":[{"embeddable":true,"href":"https:\/\/www.iemj.org\/de\/wp-json\/wp\/v2\/users\/1052"}],"replies":[{"embeddable":true,"href":"https:\/\/www.iemj.org\/de\/wp-json\/wp\/v2\/comments?post=89651"}],"version-history":[{"count":0,"href":"https:\/\/www.iemj.org\/de\/wp-json\/wp\/v2\/posts\/89651\/revisions"}],"wp:featuredmedia":[{"embeddable":true,"href":"https:\/\/www.iemj.org\/de\/wp-json\/wp\/v2\/media\/89652"}],"wp:attachment":[{"href":"https:\/\/www.iemj.org\/de\/wp-json\/wp\/v2\/media?parent=89651"}],"wp:term":[{"taxonomy":"category","embeddable":true,"href":"https:\/\/www.iemj.org\/de\/wp-json\/wp\/v2\/categories?post=89651"},{"taxonomy":"post_tag","embeddable":true,"href":"https:\/\/www.iemj.org\/de\/wp-json\/wp\/v2\/tags?post=89651"},{"taxonomy":"technique","embeddable":true,"href":"https:\/\/www.iemj.org\/de\/wp-json\/wp\/v2\/technique?post=89651"},{"taxonomy":"squelettes","embeddable":true,"href":"https:\/\/www.iemj.org\/de\/wp-json\/wp\/v2\/squelettes?post=89651"},{"taxonomy":"sujet","embeddable":true,"href":"https:\/\/www.iemj.org\/de\/wp-json\/wp\/v2\/sujet?post=89651"},{"taxonomy":"formation","embeddable":true,"href":"https:\/\/www.iemj.org\/de\/wp-json\/wp\/v2\/formation?post=89651"},{"taxonomy":"genre","embeddable":true,"href":"https:\/\/www.iemj.org\/de\/wp-json\/wp\/v2\/genre?post=89651"},{"taxonomy":"fonds","embeddable":true,"href":"https:\/\/www.iemj.org\/de\/wp-json\/wp\/v2\/fonds?post=89651"},{"taxonomy":"tradition","embeddable":true,"href":"https:\/\/www.iemj.org\/de\/wp-json\/wp\/v2\/tradition?post=89651"},{"taxonomy":"type-de-contenu","embeddable":true,"href":"https:\/\/www.iemj.org\/de\/wp-json\/wp\/v2\/type-de-contenu?post=89651"},{"taxonomy":"interprete-compositeur","embeddable":true,"href":"https:\/\/www.iemj.org\/de\/wp-json\/wp\/v2\/interprete-compositeur?post=89651"},{"taxonomy":"frise","embeddable":true,"href":"https:\/\/www.iemj.org\/de\/wp-json\/wp\/v2\/frise?post=89651"},{"taxonomy":"type-devenement","embeddable":true,"href":"https:\/\/www.iemj.org\/de\/wp-json\/wp\/v2\/type-devenement?post=89651"},{"taxonomy":"tableaux-liens-externes","embeddable":true,"href":"https:\/\/www.iemj.org\/de\/wp-json\/wp\/v2\/tableaux-liens-externes?post=89651"}],"curies":[{"name":"wp","href":"https:\/\/api.w.org\/{rel}","templated":true}]}}