{"id":89731,"date":"2022-11-09T16:35:28","date_gmt":"2022-11-09T15:35:28","guid":{"rendered":"https:\/\/www.iemj.org\/la-musique-synagogale-a-parisa-lepoque-du-premier-temple-consistorial-1822-1874\/"},"modified":"2022-11-16T10:49:00","modified_gmt":"2022-11-16T09:49:00","slug":"la-musique-synagogale-a-parisa-lepoque-du-premier-temple-consistorial-1822-1874","status":"publish","type":"post","link":"https:\/\/www.iemj.org\/de\/la-musique-synagogale-a-parisa-lepoque-du-premier-temple-consistorial-1822-1874\/","title":{"rendered":"Die synagogale Musik in Paris zur Zeit des ersten Konsistorialtempels (1822-1874)"},"content":{"rendered":"\n<p><\/p>\n\n\n<p>Pr\u00e4sentationstext und digitalisierte Version der Dissertation von <strong>G\u00e9rard Ganvert<\/strong><span class=\"footnote_referrer\"><a role=\"button\" tabindex=\"0\" onclick=\"footnote_moveToReference_89731_1('footnote_plugin_reference_89731_1_1');\" onkeypress=\"footnote_moveToReference_89731_1('footnote_plugin_reference_89731_1_1');\" ><sup id=\"footnote_plugin_tooltip_89731_1_1\" class=\"footnote_plugin_tooltip_text\">[1]<\/sup><\/a><span id=\"footnote_plugin_tooltip_text_89731_1_1\" class=\"footnote_tooltip\">Doktor der Musikgeschichte und Musikwissenschaft, erm\u00e4chtigt f\u00fcr die Leitung der Forschungen, ehemaliger assoziierte Professor der Fakult\u00e4t f\u00fcr Musik und Musikwissenschaft der Universit\u00e9 de la&nbsp;&#x2026; <span class=\"footnote_tooltip_continue\"  onclick=\"footnote_moveToReference_89731_1('footnote_plugin_reference_89731_1_1');\">Lire la suite<\/span><\/span><\/span><script type=\"text\/javascript\"> jQuery('#footnote_plugin_tooltip_89731_1_1').tooltip({ tip: '#footnote_plugin_tooltip_text_89731_1_1', tipClass: 'footnote_tooltip', effect: 'fade', predelay: 0, fadeInSpeed: 200, delay: 400, fadeOutSpeed: 200, position: 'top center', relative: true, offset: [-7, 0], });<\/script>, verteidigt im Juni 1984 an der Universit\u00e9 de la Sorbonne (Paris-IV).<\/p>\n<p><\/p>\n<h3>Urspr\u00fcnge des Themas<\/h3>\n<p>Das Thema des vorliegenden Werkes, das Ende der 1970er Jahre untergesucht wurde, ist das Ergebnis eines vorherigen Austauschs zwischen dem Autor und dem bekannten Musikwissenschaftler <a href=\"https:\/\/www.iemj.org\/de\/adler-israel-1925-2009\/\">Israel Adler (1925-2009)<\/a>. F\u00fcr Letzteren war es noch immer notwendig und n\u00fctzlich, eine wenig oder unzureichend erforschte Periode zu untersuchen: die Zeit, in der infolge des Wirkens von Napoleon I. eine Pariser synagogale Musik entstand, die zeitgen\u00f6ssischer liturgischer Ausdruck des ersten Pariser Konsistorialtempels war, der von 1822 bis 1874 die erste und einzige offizielle Synagoge blieb.<\/p>\n<figure id=\"attachment_89717\" aria-describedby=\"caption-attachment-89717\" style=\"width: 665px\" class=\"wp-caption aligncenter\"><img fetchpriority=\"high\" decoding=\"async\" class=\"wp-image-89717\" src=\"https:\/\/www.iemj.org\/wp-content\/uploads\/2022\/11\/p-34_Vue-interieure-du-premier-Temple-consistorial-de-Paris-1822-1852-300x212.jpg\" alt=\"\" width=\"665\" height=\"470\" srcset=\"https:\/\/www.iemj.org\/wp-content\/uploads\/2022\/11\/p-34_Vue-interieure-du-premier-Temple-consistorial-de-Paris-1822-1852-300x212.jpg 300w, https:\/\/www.iemj.org\/wp-content\/uploads\/2022\/11\/p-34_Vue-interieure-du-premier-Temple-consistorial-de-Paris-1822-1852.jpg 500w\" sizes=\"(max-width: 665px) 100vw, 665px\" \/><figcaption id=\"caption-attachment-89717\" class=\"wp-caption-text\"><strong>Innenansicht des ersten Konsistorialtempels in Paris (1822-1852). <br>[Konsistorialarchiv, Serie 5G1].<\/strong><\/figcaption><\/figure>\n<p>Eine solche Studie sollte auch das Wirken der beiden wichtigsten Akteuren dieser kultischen Reform wiedergeben: des Chasans <a href=\"https:\/\/www.iemj.org\/de\/lovy-israel-1773-1832\/\">Israel Lovy (1773-1832)<\/a>, einer damals recht unbekannten Pers\u00f6nlichkeit, und seines entfernten Nachfolgers <a href=\"https:\/\/www.iemj.org\/de\/naumbourg-samuel-1817-1880\/\">Samuel Naumbourg (1817-1880)<\/a>.<\/p>\n<h3>Methode<\/h3>\n<p>Die vorliegende Studie, die Anfang der 1980er Jahre durchgef\u00fchrt wurde, basiert auf einer sorgf\u00e4ltigen Durchsicht der Best\u00e4nde des Konsistorialarchivs (<em>Archives Consistoriales<\/em>) und einer eingehenden Untersuchung zahlreicher musikalischen Periodika und Dokumente aus der Zeit nach der Revolution. Auf diese Weise konnten historische und musikwissenschaftliche Elemente aus der Zeit des tiefgreifenden Wandels der j\u00fcdischen Gemeinden in Paris in den ersten zwei Dritteln des 19. Jahrhunderts wieder ans Licht gebracht werden, die mehr oder weniger vergessen oder vernachl\u00e4ssigt worden waren oder sogar mit Ungenauigkeiten \u00fcberliefert wurden, die inzwischen zur Tradition geworden sind.<\/p>\n<h3>Erstellter Plan<\/h3>\n<figure id=\"attachment_89712\" aria-describedby=\"caption-attachment-89712\" style=\"width: 339px\" class=\"wp-caption alignright\"><img decoding=\"async\" class=\"wp-image-89712\" src=\"https:\/\/www.iemj.org\/wp-content\/uploads\/2022\/11\/p-157_Recueil-de-Chants-Religieux-de-Samuel-Naumbourg-Cinquieme-recueil-1874-202x300.jpg\" alt=\"\" width=\"339\" height=\"503\" srcset=\"https:\/\/www.iemj.org\/wp-content\/uploads\/2022\/11\/p-157_Recueil-de-Chants-Religieux-de-Samuel-Naumbourg-Cinquieme-recueil-1874-202x300.jpg 202w, https:\/\/www.iemj.org\/wp-content\/uploads\/2022\/11\/p-157_Recueil-de-Chants-Religieux-de-Samuel-Naumbourg-Cinquieme-recueil-1874.jpg 336w\" sizes=\"(max-width: 339px) 100vw, 339px\" \/><figcaption id=\"caption-attachment-89712\" class=\"wp-caption-text\"><strong>Sammlung Religi\u00f6ser Lieder, von Samuel Naumburg (F\u00fcnfte Sammlung [1874]).<\/strong><br><strong>(Exemplar aus der Bibliothek des Autors)<\/strong><\/figcaption><\/figure>\n<p>Diese Arbeit war in vier Kapitel gegliedert.<\/p>\n<p>Das <em>Kapitel 1<\/em> erinnerte an die Entwicklungen des franz\u00f6sischen und Pariser Judentums von der Restauration bis zu den Anf\u00e4ngen der Dritten Republik. In <em>Kapitel 2<\/em> wurde die Einrichtung einer synagogalen Musik beschrieben, die im ersten Konsistorialtempel zu einer Pariser Musik wurde. In <em>Kapitel 3 <\/em>wurde speziell auf die Handlungen der Chasanim Israel Lovy und Samuel Naumbourg sowie einiger anderer j\u00fcdischer und nichtj\u00fcdischer Kulturf\u00f6rderer eingegangen. In <em>Kapitel 4<\/em> wurde die chronologische Ver\u00f6ffentlichung der Ausgaben von Sammlungen synagogaler Musik vorgestellt und untersucht. Au\u00dferdem wurden handschriftliche und gedruckte Partituren aus dieser Zeit sowie ver\u00f6ffentlichte musikwissenschaftliche Zeugnisse untersucht.<\/p>\n<p>Schlie\u00dflich haben sieben Anh\u00e4nge das Werk vervollst\u00e4ndigt, um dem Leser das Nachschlagen zu erleichtern, gefolgt von einer sehr umfangreichen kommentierten Bibliographie, die in vier Teile gegliedert ist (handschriftliche Quellen; gedruckte Quellen; Nachschlagewerke; illustrierende Bibliographie), und einem <em>Index nominum<\/em>.<\/p>\n<h3>Angebotener Inhalt<\/h3>\n<p>Nachdem das franz\u00f6sische Judentum durch die Auswirkungen der beiden aufeinanderfolgenden Emanzipationen \u2013 der revolution\u00e4ren und der napoleonischen \u2013 als nationale Untergruppe definiert und anerkannt worden war, konnte es seine Modernisierung mit dem starken Willen in Angriff nehmen, seinen Zeitgenossen einen \u201eerneuerten\u201c Kult anzubieten, der mit den etablierten christlichen Kulten positiv verglichen werden konnte.<\/p>\n<p>Ausgehend von einem anf\u00e4nglich offensichtlichen Ansatz, der sich auf die beiden Chasanim Lovy und Naumbourg konzentrierte, f\u00fchrten die ersten Forschungen zu der Feststellung, dass entgegen zahlreicher Quellen Israel Lovy der wahre Reformer und F\u00f6rderer der Pariser synagogalen Musik war und nicht Samuel Naumbourg, der zwar traditionell als solcher bezeichnet wurde, aber de facto zwanzig Jahre sp\u00e4ter lediglich diese Reform fortsetzte.<\/p>\n<p>Diese einleitenden Feststellungen f\u00fchrten zu einer Vertiefung des Zeitraums 1822-1874, einem halben Jahrhundert, in dem die erste Pariser Konsistorialsynagoge der einzige offizielle Tempel der Hauptstadt blieb, eine Institution, zu der die zeitgen\u00f6ssische Musik- und Kunstwelt enge Beziehungen aufbaute. Der Blick wanderte von einer unerl\u00e4sslichen historischen Einf\u00fchrung zum Interesse an der Errichtung einer solchen Synagoge und der Errichtung einer neuen musikalischen Tradition, dann zur Untersuchung ihrer F\u00f6rderer und schlie\u00dflich zu ihrer technischen Beschreibung.<\/p>\n<p><a href=\"https:\/\/www.iemj.org\/de\/lovy-israel-1773-1832\/\">Lesen Sie die Biografie von Isra\u00ebl Lovy<\/a><\/p>\n<p><a href=\"https:\/\/www.iemj.org\/de\/naumbourg-samuel-1817-1880\/\">Lesen Sie die Biografie von Sauel Naumbourg<\/a><\/p>\n<p><a href=\"https:\/\/www.iemj.org\/wp-content\/uploads\/2022\/11\/THESE-Gerard-Ganvert-1984_Version-numerique-2021.pdf\" target=\"_blank\" rel=\"noopener\"><img decoding=\"async\" class=\"wp-image-89690 alignleft\" src=\"https:\/\/www.iemj.org\/wp-content\/uploads\/2022\/11\/Logo-these-300x300.jpg\" alt=\"\" width=\"66\" height=\"66\" srcset=\"https:\/\/www.iemj.org\/wp-content\/uploads\/2022\/11\/Logo-these-300x300.jpg 300w, https:\/\/www.iemj.org\/wp-content\/uploads\/2022\/11\/Logo-these-150x150.jpg 150w, https:\/\/www.iemj.org\/wp-content\/uploads\/2022\/11\/Logo-these-100x100.jpg 100w, https:\/\/www.iemj.org\/wp-content\/uploads\/2022\/11\/Logo-these.jpg 500w\" sizes=\"(max-width: 66px) 100vw, 66px\" \/>Consulter La th\u00e8se (pdf) de G\u00e9rard Ganvert <em>La musique synagogale \u00e0 Paris \u00e0 l\u2019\u00e9poque du premier temple consistorial (1822-1874)<\/em><\/a><\/p>\n<p>Warnung: Dieser Text wurde vom Autor ausschlie\u00dflich zu Studienzwecken zur Verf\u00fcgung gestellt. Bei der Weiterverwendung von Texten, Partituren oder Illustrationen aus dieser Dissertation muss der Autor unbedingt genannt werden. Sehen Sie, <a href=\"https:\/\/creativecommons.org\/licenses\/by-nc-nd\/2.0\/fr\/deed.de\">wie Sie die Autoren zitieren und die Lizenz erw\u00e4hnen k\u00f6nnen<\/a>.<\/p>\n\n\n<figure class=\"wp-block-gallery has-nested-images columns-default is-cropped wp-block-gallery-1 is-layout-flex wp-block-gallery-is-layout-flex\"><\/figure>\n<div class=\"speaker-mute footnotes_reference_container\"> <div class=\"footnote_container_prepare\"><p><span role=\"button\" tabindex=\"0\" class=\"footnote_reference_container_label pointer\" onclick=\"footnote_expand_collapse_reference_container_89731_1();\">&#x202F;<\/span><span role=\"button\" tabindex=\"0\" class=\"footnote_reference_container_collapse_button\" style=\"display: none;\" onclick=\"footnote_expand_collapse_reference_container_89731_1();\">[<a id=\"footnote_reference_container_collapse_button_89731_1\">+<\/a>]<\/span><\/p><\/div> <div id=\"footnote_references_container_89731_1\" style=\"\"><table class=\"footnotes_table footnote-reference-container\"><caption class=\"accessibility\">References<\/caption> <tbody> \r\n\r\n<tr class=\"footnotes_plugin_reference_row\"> <th scope=\"row\" class=\"footnote_plugin_index_combi pointer\"  onclick=\"footnote_moveToAnchor_89731_1('footnote_plugin_tooltip_89731_1_1');\"><a id=\"footnote_plugin_reference_89731_1_1\" class=\"footnote_backlink\">1<\/a><\/th> <td class=\"footnote_plugin_text\">Doktor der Musikgeschichte und Musikwissenschaft, erm\u00e4chtigt f\u00fcr die Leitung der Forschungen, ehemaliger assoziierte Professor der Fakult\u00e4t f\u00fcr Musik und Musikwissenschaft der Universit\u00e9 de la Sorbonne (Paris-IV) und Lehrbeauftragter an der Universit\u00e9 de Versailles-Saint-Quentin (Frankreich).<\/td><\/tr>\r\n\r\n <\/tbody> <\/table> <\/div><\/div><script type=\"text\/javascript\"> function footnote_expand_reference_container_89731_1() { jQuery('#footnote_references_container_89731_1').show(); jQuery('#footnote_reference_container_collapse_button_89731_1').text('\u2212'); } function footnote_collapse_reference_container_89731_1() { jQuery('#footnote_references_container_89731_1').hide(); jQuery('#footnote_reference_container_collapse_button_89731_1').text('+'); } function footnote_expand_collapse_reference_container_89731_1() { if (jQuery('#footnote_references_container_89731_1').is(':hidden')) { footnote_expand_reference_container_89731_1(); } else { footnote_collapse_reference_container_89731_1(); } } function footnote_moveToReference_89731_1(p_str_TargetID) { footnote_expand_reference_container_89731_1(); var l_obj_Target = jQuery('#' + p_str_TargetID); if (l_obj_Target.length) { jQuery( 'html, body' ).delay( 0 ); jQuery('html, body').animate({ scrollTop: l_obj_Target.offset().top - window.innerHeight * 0.2 }, 380); } } function footnote_moveToAnchor_89731_1(p_str_TargetID) { footnote_expand_reference_container_89731_1(); var l_obj_Target = jQuery('#' + p_str_TargetID); if (l_obj_Target.length) { jQuery( 'html, body' ).delay( 0 ); jQuery('html, body').animate({ scrollTop: l_obj_Target.offset().top - window.innerHeight * 0.2 }, 380); } }<\/script>","protected":false},"excerpt":{"rendered":"<p>Pr\u00e4sentationstext und digitalisierte Version der Dissertation von G\u00e9rard Ganvert[1]Doktor der Musikgeschichte und Musikwissenschaft, erm\u00e4chtigt f\u00fcr die Leitung der Forschungen, ehemaliger assoziierte Professor der Fakult\u00e4t f\u00fcr Musik und Musikwissenschaft der Universit\u00e9<\/p>\n","protected":false},"author":5,"featured_media":89692,"comment_status":"closed","ping_status":"closed","sticky":false,"template":"","format":"standard","meta":{"_acf_changed":false,"footnotes":""},"categories":[1578,1561],"tags":[],"technique":[],"squelettes":[],"sujet":[],"formation":[],"genre":[1891],"fonds":[],"tradition":[1983],"type-de-contenu":[],"interprete-compositeur":[],"frise":[],"type-devenement":[],"tableaux-liens-externes":[],"class_list":["post-89731","post","type-post","status-publish","format-standard","has-post-thumbnail","hentry","category-bucher-artikel-de","category-letzte-neuerwerbungen-de","genre-liturgie-de","tradition-aschkenasischer-ritus-de"],"acf":[],"yoast_head":"<!-- This site is optimized with the Yoast SEO plugin v27.3 - https:\/\/yoast.com\/product\/yoast-seo-wordpress\/ -->\n<title>Die synagogale Musik in Paris zur Zeit des ersten Konsistorialtempels (1822-1874) - Institut Europ\u00e9en des Musiques Juives<\/title>\n<meta name=\"robots\" content=\"index, follow, max-snippet:-1, max-image-preview:large, max-video-preview:-1\" \/>\n<link rel=\"canonical\" href=\"https:\/\/www.iemj.org\/de\/la-musique-synagogale-a-parisa-lepoque-du-premier-temple-consistorial-1822-1874\/\" \/>\n<meta property=\"og:locale\" content=\"de_DE\" \/>\n<meta property=\"og:type\" content=\"article\" \/>\n<meta property=\"og:title\" content=\"Die synagogale Musik in Paris zur Zeit des ersten Konsistorialtempels (1822-1874) - Institut Europ\u00e9en des Musiques Juives\" \/>\n<meta property=\"og:description\" content=\"Pr\u00e4sentationstext und digitalisierte Version der Dissertation von G\u00e9rard Ganvert[1]Doktor der Musikgeschichte und Musikwissenschaft, erm\u00e4chtigt f\u00fcr die Leitung der Forschungen, ehemaliger assoziierte Professor der Fakult\u00e4t f\u00fcr Musik und Musikwissenschaft der Universit\u00e9\" \/>\n<meta property=\"og:url\" content=\"https:\/\/www.iemj.org\/de\/la-musique-synagogale-a-parisa-lepoque-du-premier-temple-consistorial-1822-1874\/\" \/>\n<meta property=\"og:site_name\" content=\"Institut Europ\u00e9en des Musiques Juives\" \/>\n<meta property=\"article:publisher\" content=\"https:\/\/www.facebook.com\/MusiquesJuives\/\" \/>\n<meta property=\"article:published_time\" content=\"2022-11-09T15:35:28+00:00\" \/>\n<meta property=\"article:modified_time\" content=\"2022-11-16T09:49:00+00:00\" \/>\n<meta property=\"og:image\" content=\"https:\/\/www.iemj.org\/wp-content\/uploads\/2022\/11\/Logo-these.jpg\" \/>\n\t<meta property=\"og:image:width\" content=\"500\" \/>\n\t<meta property=\"og:image:height\" content=\"500\" \/>\n\t<meta property=\"og:image:type\" content=\"image\/jpeg\" \/>\n<meta name=\"author\" content=\"Jacqueline ROTEN\" \/>\n<meta name=\"twitter:card\" content=\"summary_large_image\" \/>\n<meta name=\"twitter:label1\" content=\"Verfasst von\" \/>\n\t<meta name=\"twitter:data1\" content=\"Jacqueline ROTEN\" \/>\n\t<meta name=\"twitter:label2\" content=\"Gesch\u00e4tzte Lesezeit\" \/>\n\t<meta name=\"twitter:data2\" content=\"5\u00a0Minuten\" \/>\n<script type=\"application\/ld+json\" class=\"yoast-schema-graph\">{\"@context\":\"https:\\\/\\\/schema.org\",\"@graph\":[{\"@type\":\"Article\",\"@id\":\"https:\\\/\\\/www.iemj.org\\\/de\\\/la-musique-synagogale-a-parisa-lepoque-du-premier-temple-consistorial-1822-1874\\\/#article\",\"isPartOf\":{\"@id\":\"https:\\\/\\\/www.iemj.org\\\/de\\\/la-musique-synagogale-a-parisa-lepoque-du-premier-temple-consistorial-1822-1874\\\/\"},\"author\":{\"name\":\"Jacqueline ROTEN\",\"@id\":\"https:\\\/\\\/www.iemj.org\\\/de\\\/#\\\/schema\\\/person\\\/358e26c18aca017fcc4cc15437f7279c\"},\"headline\":\"Die synagogale Musik in Paris zur Zeit des ersten Konsistorialtempels (1822-1874)\",\"datePublished\":\"2022-11-09T15:35:28+00:00\",\"dateModified\":\"2022-11-16T09:49:00+00:00\",\"mainEntityOfPage\":{\"@id\":\"https:\\\/\\\/www.iemj.org\\\/de\\\/la-musique-synagogale-a-parisa-lepoque-du-premier-temple-consistorial-1822-1874\\\/\"},\"wordCount\":748,\"publisher\":{\"@id\":\"https:\\\/\\\/www.iemj.org\\\/de\\\/#organization\"},\"image\":{\"@id\":\"https:\\\/\\\/www.iemj.org\\\/de\\\/la-musique-synagogale-a-parisa-lepoque-du-premier-temple-consistorial-1822-1874\\\/#primaryimage\"},\"thumbnailUrl\":\"https:\\\/\\\/www.iemj.org\\\/wp-content\\\/uploads\\\/2022\\\/11\\\/Logo-these.jpg\",\"articleSection\":[\"B\u00fccher, Artikel\",\"Letzte Neuerwerbungen\"],\"inLanguage\":\"de\"},{\"@type\":\"WebPage\",\"@id\":\"https:\\\/\\\/www.iemj.org\\\/de\\\/la-musique-synagogale-a-parisa-lepoque-du-premier-temple-consistorial-1822-1874\\\/\",\"url\":\"https:\\\/\\\/www.iemj.org\\\/de\\\/la-musique-synagogale-a-parisa-lepoque-du-premier-temple-consistorial-1822-1874\\\/\",\"name\":\"Die synagogale Musik in Paris zur Zeit des ersten Konsistorialtempels (1822-1874) - Institut Europ\u00e9en des Musiques Juives\",\"isPartOf\":{\"@id\":\"https:\\\/\\\/www.iemj.org\\\/de\\\/#website\"},\"primaryImageOfPage\":{\"@id\":\"https:\\\/\\\/www.iemj.org\\\/de\\\/la-musique-synagogale-a-parisa-lepoque-du-premier-temple-consistorial-1822-1874\\\/#primaryimage\"},\"image\":{\"@id\":\"https:\\\/\\\/www.iemj.org\\\/de\\\/la-musique-synagogale-a-parisa-lepoque-du-premier-temple-consistorial-1822-1874\\\/#primaryimage\"},\"thumbnailUrl\":\"https:\\\/\\\/www.iemj.org\\\/wp-content\\\/uploads\\\/2022\\\/11\\\/Logo-these.jpg\",\"datePublished\":\"2022-11-09T15:35:28+00:00\",\"dateModified\":\"2022-11-16T09:49:00+00:00\",\"breadcrumb\":{\"@id\":\"https:\\\/\\\/www.iemj.org\\\/de\\\/la-musique-synagogale-a-parisa-lepoque-du-premier-temple-consistorial-1822-1874\\\/#breadcrumb\"},\"inLanguage\":\"de\",\"potentialAction\":[{\"@type\":\"ReadAction\",\"target\":[\"https:\\\/\\\/www.iemj.org\\\/de\\\/la-musique-synagogale-a-parisa-lepoque-du-premier-temple-consistorial-1822-1874\\\/\"]}]},{\"@type\":\"ImageObject\",\"inLanguage\":\"de\",\"@id\":\"https:\\\/\\\/www.iemj.org\\\/de\\\/la-musique-synagogale-a-parisa-lepoque-du-premier-temple-consistorial-1822-1874\\\/#primaryimage\",\"url\":\"https:\\\/\\\/www.iemj.org\\\/wp-content\\\/uploads\\\/2022\\\/11\\\/Logo-these.jpg\",\"contentUrl\":\"https:\\\/\\\/www.iemj.org\\\/wp-content\\\/uploads\\\/2022\\\/11\\\/Logo-these.jpg\",\"width\":500,\"height\":500},{\"@type\":\"BreadcrumbList\",\"@id\":\"https:\\\/\\\/www.iemj.org\\\/de\\\/la-musique-synagogale-a-parisa-lepoque-du-premier-temple-consistorial-1822-1874\\\/#breadcrumb\",\"itemListElement\":[{\"@type\":\"ListItem\",\"position\":1,\"name\":\"Accueil\",\"item\":\"https:\\\/\\\/www.iemj.org\\\/de\\\/\"},{\"@type\":\"ListItem\",\"position\":2,\"name\":\"Die synagogale Musik in Paris zur Zeit des ersten Konsistorialtempels (1822-1874)\"}]},{\"@type\":\"WebSite\",\"@id\":\"https:\\\/\\\/www.iemj.org\\\/de\\\/#website\",\"url\":\"https:\\\/\\\/www.iemj.org\\\/de\\\/\",\"name\":\"Institut Europ\u00e9en des Musiques Juives\",\"description\":\"Des traditions musicales \u00e0 la port\u00e9e de tous\",\"publisher\":{\"@id\":\"https:\\\/\\\/www.iemj.org\\\/de\\\/#organization\"},\"potentialAction\":[{\"@type\":\"SearchAction\",\"target\":{\"@type\":\"EntryPoint\",\"urlTemplate\":\"https:\\\/\\\/www.iemj.org\\\/de\\\/?s={search_term_string}\"},\"query-input\":{\"@type\":\"PropertyValueSpecification\",\"valueRequired\":true,\"valueName\":\"search_term_string\"}}],\"inLanguage\":\"de\"},{\"@type\":\"Organization\",\"@id\":\"https:\\\/\\\/www.iemj.org\\\/de\\\/#organization\",\"name\":\"Institut Europ\u00e9en des Musiques Juives\",\"url\":\"https:\\\/\\\/www.iemj.org\\\/de\\\/\",\"logo\":{\"@type\":\"ImageObject\",\"inLanguage\":\"de\",\"@id\":\"https:\\\/\\\/www.iemj.org\\\/de\\\/#\\\/schema\\\/logo\\\/image\\\/\",\"url\":\"https:\\\/\\\/www.iemj.org\\\/wp-content\\\/uploads\\\/2021\\\/09\\\/Logo-IEMJ-Paypal.jpg\",\"contentUrl\":\"https:\\\/\\\/www.iemj.org\\\/wp-content\\\/uploads\\\/2021\\\/09\\\/Logo-IEMJ-Paypal.jpg\",\"width\":150,\"height\":50,\"caption\":\"Institut Europ\u00e9en des Musiques Juives\"},\"image\":{\"@id\":\"https:\\\/\\\/www.iemj.org\\\/de\\\/#\\\/schema\\\/logo\\\/image\\\/\"},\"sameAs\":[\"https:\\\/\\\/www.facebook.com\\\/MusiquesJuives\\\/\",\"https:\\\/\\\/www.instagram.com\\\/musiquesjuives\\\/\",\"https:\\\/\\\/www.youtube.com\\\/user\\\/musiquesjuives\"]},{\"@type\":\"Person\",\"@id\":\"https:\\\/\\\/www.iemj.org\\\/de\\\/#\\\/schema\\\/person\\\/358e26c18aca017fcc4cc15437f7279c\",\"name\":\"Jacqueline ROTEN\",\"image\":{\"@type\":\"ImageObject\",\"inLanguage\":\"de\",\"@id\":\"https:\\\/\\\/secure.gravatar.com\\\/avatar\\\/5964256d6c6957de3a3505278957e0fb2a35119ac47ea41827a65301213c810b?s=96&d=mm&r=g\",\"url\":\"https:\\\/\\\/secure.gravatar.com\\\/avatar\\\/5964256d6c6957de3a3505278957e0fb2a35119ac47ea41827a65301213c810b?s=96&d=mm&r=g\",\"contentUrl\":\"https:\\\/\\\/secure.gravatar.com\\\/avatar\\\/5964256d6c6957de3a3505278957e0fb2a35119ac47ea41827a65301213c810b?s=96&d=mm&r=g\",\"caption\":\"Jacqueline ROTEN\"}}]}<\/script>\n<!-- \/ Yoast SEO plugin. -->","yoast_head_json":{"title":"Die synagogale Musik in Paris zur Zeit des ersten Konsistorialtempels (1822-1874) - Institut Europ\u00e9en des Musiques Juives","robots":{"index":"index","follow":"follow","max-snippet":"max-snippet:-1","max-image-preview":"max-image-preview:large","max-video-preview":"max-video-preview:-1"},"canonical":"https:\/\/www.iemj.org\/de\/la-musique-synagogale-a-parisa-lepoque-du-premier-temple-consistorial-1822-1874\/","og_locale":"de_DE","og_type":"article","og_title":"Die synagogale Musik in Paris zur Zeit des ersten Konsistorialtempels (1822-1874) - Institut Europ\u00e9en des Musiques Juives","og_description":"Pr\u00e4sentationstext und digitalisierte Version der Dissertation von G\u00e9rard Ganvert[1]Doktor der Musikgeschichte und Musikwissenschaft, erm\u00e4chtigt f\u00fcr die Leitung der Forschungen, ehemaliger assoziierte Professor der Fakult\u00e4t f\u00fcr Musik und Musikwissenschaft der Universit\u00e9","og_url":"https:\/\/www.iemj.org\/de\/la-musique-synagogale-a-parisa-lepoque-du-premier-temple-consistorial-1822-1874\/","og_site_name":"Institut Europ\u00e9en des Musiques Juives","article_publisher":"https:\/\/www.facebook.com\/MusiquesJuives\/","article_published_time":"2022-11-09T15:35:28+00:00","article_modified_time":"2022-11-16T09:49:00+00:00","og_image":[{"width":500,"height":500,"url":"https:\/\/www.iemj.org\/wp-content\/uploads\/2022\/11\/Logo-these.jpg","type":"image\/jpeg"}],"author":"Jacqueline ROTEN","twitter_card":"summary_large_image","twitter_misc":{"Verfasst von":"Jacqueline ROTEN","Gesch\u00e4tzte Lesezeit":"5\u00a0Minuten"},"schema":{"@context":"https:\/\/schema.org","@graph":[{"@type":"Article","@id":"https:\/\/www.iemj.org\/de\/la-musique-synagogale-a-parisa-lepoque-du-premier-temple-consistorial-1822-1874\/#article","isPartOf":{"@id":"https:\/\/www.iemj.org\/de\/la-musique-synagogale-a-parisa-lepoque-du-premier-temple-consistorial-1822-1874\/"},"author":{"name":"Jacqueline ROTEN","@id":"https:\/\/www.iemj.org\/de\/#\/schema\/person\/358e26c18aca017fcc4cc15437f7279c"},"headline":"Die synagogale Musik in Paris zur Zeit des ersten Konsistorialtempels (1822-1874)","datePublished":"2022-11-09T15:35:28+00:00","dateModified":"2022-11-16T09:49:00+00:00","mainEntityOfPage":{"@id":"https:\/\/www.iemj.org\/de\/la-musique-synagogale-a-parisa-lepoque-du-premier-temple-consistorial-1822-1874\/"},"wordCount":748,"publisher":{"@id":"https:\/\/www.iemj.org\/de\/#organization"},"image":{"@id":"https:\/\/www.iemj.org\/de\/la-musique-synagogale-a-parisa-lepoque-du-premier-temple-consistorial-1822-1874\/#primaryimage"},"thumbnailUrl":"https:\/\/www.iemj.org\/wp-content\/uploads\/2022\/11\/Logo-these.jpg","articleSection":["B\u00fccher, Artikel","Letzte Neuerwerbungen"],"inLanguage":"de"},{"@type":"WebPage","@id":"https:\/\/www.iemj.org\/de\/la-musique-synagogale-a-parisa-lepoque-du-premier-temple-consistorial-1822-1874\/","url":"https:\/\/www.iemj.org\/de\/la-musique-synagogale-a-parisa-lepoque-du-premier-temple-consistorial-1822-1874\/","name":"Die synagogale Musik in Paris zur Zeit des ersten Konsistorialtempels (1822-1874) - Institut Europ\u00e9en des Musiques Juives","isPartOf":{"@id":"https:\/\/www.iemj.org\/de\/#website"},"primaryImageOfPage":{"@id":"https:\/\/www.iemj.org\/de\/la-musique-synagogale-a-parisa-lepoque-du-premier-temple-consistorial-1822-1874\/#primaryimage"},"image":{"@id":"https:\/\/www.iemj.org\/de\/la-musique-synagogale-a-parisa-lepoque-du-premier-temple-consistorial-1822-1874\/#primaryimage"},"thumbnailUrl":"https:\/\/www.iemj.org\/wp-content\/uploads\/2022\/11\/Logo-these.jpg","datePublished":"2022-11-09T15:35:28+00:00","dateModified":"2022-11-16T09:49:00+00:00","breadcrumb":{"@id":"https:\/\/www.iemj.org\/de\/la-musique-synagogale-a-parisa-lepoque-du-premier-temple-consistorial-1822-1874\/#breadcrumb"},"inLanguage":"de","potentialAction":[{"@type":"ReadAction","target":["https:\/\/www.iemj.org\/de\/la-musique-synagogale-a-parisa-lepoque-du-premier-temple-consistorial-1822-1874\/"]}]},{"@type":"ImageObject","inLanguage":"de","@id":"https:\/\/www.iemj.org\/de\/la-musique-synagogale-a-parisa-lepoque-du-premier-temple-consistorial-1822-1874\/#primaryimage","url":"https:\/\/www.iemj.org\/wp-content\/uploads\/2022\/11\/Logo-these.jpg","contentUrl":"https:\/\/www.iemj.org\/wp-content\/uploads\/2022\/11\/Logo-these.jpg","width":500,"height":500},{"@type":"BreadcrumbList","@id":"https:\/\/www.iemj.org\/de\/la-musique-synagogale-a-parisa-lepoque-du-premier-temple-consistorial-1822-1874\/#breadcrumb","itemListElement":[{"@type":"ListItem","position":1,"name":"Accueil","item":"https:\/\/www.iemj.org\/de\/"},{"@type":"ListItem","position":2,"name":"Die synagogale Musik in Paris zur Zeit des ersten Konsistorialtempels (1822-1874)"}]},{"@type":"WebSite","@id":"https:\/\/www.iemj.org\/de\/#website","url":"https:\/\/www.iemj.org\/de\/","name":"Institut Europ\u00e9en des Musiques Juives","description":"Des traditions musicales \u00e0 la port\u00e9e de tous","publisher":{"@id":"https:\/\/www.iemj.org\/de\/#organization"},"potentialAction":[{"@type":"SearchAction","target":{"@type":"EntryPoint","urlTemplate":"https:\/\/www.iemj.org\/de\/?s={search_term_string}"},"query-input":{"@type":"PropertyValueSpecification","valueRequired":true,"valueName":"search_term_string"}}],"inLanguage":"de"},{"@type":"Organization","@id":"https:\/\/www.iemj.org\/de\/#organization","name":"Institut Europ\u00e9en des Musiques Juives","url":"https:\/\/www.iemj.org\/de\/","logo":{"@type":"ImageObject","inLanguage":"de","@id":"https:\/\/www.iemj.org\/de\/#\/schema\/logo\/image\/","url":"https:\/\/www.iemj.org\/wp-content\/uploads\/2021\/09\/Logo-IEMJ-Paypal.jpg","contentUrl":"https:\/\/www.iemj.org\/wp-content\/uploads\/2021\/09\/Logo-IEMJ-Paypal.jpg","width":150,"height":50,"caption":"Institut Europ\u00e9en des Musiques Juives"},"image":{"@id":"https:\/\/www.iemj.org\/de\/#\/schema\/logo\/image\/"},"sameAs":["https:\/\/www.facebook.com\/MusiquesJuives\/","https:\/\/www.instagram.com\/musiquesjuives\/","https:\/\/www.youtube.com\/user\/musiquesjuives"]},{"@type":"Person","@id":"https:\/\/www.iemj.org\/de\/#\/schema\/person\/358e26c18aca017fcc4cc15437f7279c","name":"Jacqueline ROTEN","image":{"@type":"ImageObject","inLanguage":"de","@id":"https:\/\/secure.gravatar.com\/avatar\/5964256d6c6957de3a3505278957e0fb2a35119ac47ea41827a65301213c810b?s=96&d=mm&r=g","url":"https:\/\/secure.gravatar.com\/avatar\/5964256d6c6957de3a3505278957e0fb2a35119ac47ea41827a65301213c810b?s=96&d=mm&r=g","contentUrl":"https:\/\/secure.gravatar.com\/avatar\/5964256d6c6957de3a3505278957e0fb2a35119ac47ea41827a65301213c810b?s=96&d=mm&r=g","caption":"Jacqueline ROTEN"}}]}},"_links":{"self":[{"href":"https:\/\/www.iemj.org\/de\/wp-json\/wp\/v2\/posts\/89731","targetHints":{"allow":["GET"]}}],"collection":[{"href":"https:\/\/www.iemj.org\/de\/wp-json\/wp\/v2\/posts"}],"about":[{"href":"https:\/\/www.iemj.org\/de\/wp-json\/wp\/v2\/types\/post"}],"author":[{"embeddable":true,"href":"https:\/\/www.iemj.org\/de\/wp-json\/wp\/v2\/users\/5"}],"replies":[{"embeddable":true,"href":"https:\/\/www.iemj.org\/de\/wp-json\/wp\/v2\/comments?post=89731"}],"version-history":[{"count":0,"href":"https:\/\/www.iemj.org\/de\/wp-json\/wp\/v2\/posts\/89731\/revisions"}],"wp:featuredmedia":[{"embeddable":true,"href":"https:\/\/www.iemj.org\/de\/wp-json\/wp\/v2\/media\/89692"}],"wp:attachment":[{"href":"https:\/\/www.iemj.org\/de\/wp-json\/wp\/v2\/media?parent=89731"}],"wp:term":[{"taxonomy":"category","embeddable":true,"href":"https:\/\/www.iemj.org\/de\/wp-json\/wp\/v2\/categories?post=89731"},{"taxonomy":"post_tag","embeddable":true,"href":"https:\/\/www.iemj.org\/de\/wp-json\/wp\/v2\/tags?post=89731"},{"taxonomy":"technique","embeddable":true,"href":"https:\/\/www.iemj.org\/de\/wp-json\/wp\/v2\/technique?post=89731"},{"taxonomy":"squelettes","embeddable":true,"href":"https:\/\/www.iemj.org\/de\/wp-json\/wp\/v2\/squelettes?post=89731"},{"taxonomy":"sujet","embeddable":true,"href":"https:\/\/www.iemj.org\/de\/wp-json\/wp\/v2\/sujet?post=89731"},{"taxonomy":"formation","embeddable":true,"href":"https:\/\/www.iemj.org\/de\/wp-json\/wp\/v2\/formation?post=89731"},{"taxonomy":"genre","embeddable":true,"href":"https:\/\/www.iemj.org\/de\/wp-json\/wp\/v2\/genre?post=89731"},{"taxonomy":"fonds","embeddable":true,"href":"https:\/\/www.iemj.org\/de\/wp-json\/wp\/v2\/fonds?post=89731"},{"taxonomy":"tradition","embeddable":true,"href":"https:\/\/www.iemj.org\/de\/wp-json\/wp\/v2\/tradition?post=89731"},{"taxonomy":"type-de-contenu","embeddable":true,"href":"https:\/\/www.iemj.org\/de\/wp-json\/wp\/v2\/type-de-contenu?post=89731"},{"taxonomy":"interprete-compositeur","embeddable":true,"href":"https:\/\/www.iemj.org\/de\/wp-json\/wp\/v2\/interprete-compositeur?post=89731"},{"taxonomy":"frise","embeddable":true,"href":"https:\/\/www.iemj.org\/de\/wp-json\/wp\/v2\/frise?post=89731"},{"taxonomy":"type-devenement","embeddable":true,"href":"https:\/\/www.iemj.org\/de\/wp-json\/wp\/v2\/type-devenement?post=89731"},{"taxonomy":"tableaux-liens-externes","embeddable":true,"href":"https:\/\/www.iemj.org\/de\/wp-json\/wp\/v2\/tableaux-liens-externes?post=89731"}],"curies":[{"name":"wp","href":"https:\/\/api.w.org\/{rel}","templated":true}]}}