{"id":90608,"date":"2022-11-14T12:24:10","date_gmt":"2022-11-14T11:24:10","guid":{"rendered":"https:\/\/www.iemj.org\/conference-les-traditions-musicales-de-la-communaute-juive-hispano-portugaise-a-partir-du-xixe-siecle-par-herve-roten\/"},"modified":"2023-01-23T12:41:25","modified_gmt":"2023-01-23T11:41:25","slug":"conference-la-musique-synagogale-a-bordeaux-du-temple-de-la-rue-causserouge-1812-a-linauguration-de-la-grande-synagogue-1882-par-herve-roten","status":"publish","type":"post","link":"https:\/\/www.iemj.org\/de\/conference-la-musique-synagogale-a-bordeaux-du-temple-de-la-rue-causserouge-1812-a-linauguration-de-la-grande-synagogue-1882-par-herve-roten\/","title":{"rendered":"VORTRAG: SYNAGOGALMUSIK IN BORDEAUX: VOM TEMPEL IN DER RUE CAUSSEROUGE (1812) BIS ZUR EINWEIHUNG DER GROSSEN SYNAGOGE (1882), VON HERV\u00c9 ROTEN"},"content":{"rendered":"<p>Das Consistoire Isra\u00e9lite de la Gironde organisiert eine Reihe von Veranstaltungen und kulturellen Ereignissen, um den 140. Jahrestag der Gro\u00dfen Synagoge von Bordeaux zu feiern und der Pr\u00e4senz der j\u00fcdischen Gemeinschaft in der Stadt und in der Region seit dem Mittelalter zu gedenken.<\/p>\n<hr>\n<p><strong>Mitteilung von Herv\u00e9 Roten<\/strong><\/p>\n<p>Im Jahr 1812 wurde in der Rue Causserouge in Bordeaux der erste franz\u00f6sische israelitische Konsistorialtempel nach portugiesischem Ritus eingeweiht. Die Einweihung dieses Geb\u00e4udes markiert den Beginn einer tiefgreifenden Reform des musikalischen Kultes, die sich durch das gesamte 19. Jahrhundert zieht und ihren H\u00f6hepunkt in der Einweihung der Gro\u00dfen Synagoge von Bordeaux im Jahr 1882 findet.<\/p>\n<p>Der Vortrag von Herv\u00e9 Roten, der durch zahlreiche Musikbeispiele illustriert wird, erm\u00f6glicht es, die Entwicklung der Liturgie in Bordeaux mit der Einf\u00fchrung neuer Vokal- und Instrumentalpraktiken zu verfolgen, insbesondere die Einf\u00fchrung der Orgel bei bestimmten offiziellen Zeremonien bis hin zu ihrer endg\u00fcltigen Etablierung im regul\u00e4ren Gottesdienst der neuen Gro\u00dfen Synagoge.<\/p>\n<p>Eine musikalische Reise durch die Zeit&#8230;<\/p>\n<p><strong>Programm<\/strong><\/p>\n<p>Moderation: Michel Cardoze, Journalist und Schriftsteller.<\/p>\n<p>&#8211; Geschichte der j\u00fcdischen Pr\u00e4senz in Bordeaux&#8220;, Michel Cardoze.<\/p>\n<p>&#8211; Die Entwicklung der j\u00fcdischen Gemeinde in Bordeaux anhand ihres Kulturerbes&#8220;, von Dominique Jarrass\u00e9, emeritierter Professor f\u00fcr zeitgen\u00f6ssische Kunstgeschichte, Universit\u00e4t Bordeaux Montaigne und \u00c9cole du Louvre.<\/p>\n<p>&#8211; Der Beitrag der j\u00fcdischen Gemeinde zur Entwicklung der Gironde im 18. Jahrhundert&#8220;, von Michel Figeac, Professor f\u00fcr moderne Geschichte an der Universit\u00e4t Bordeaux-Montaigne.<\/p>\n<p>&#8211; <strong>Synagogalmusik in Bordeaux: vom Tempel in der rue Causserouge (1812) bis zur Einweihung der Gro\u00dfen Synagoge (1882)&#8220;, von Herv\u00e9 Roten, Direktor des Europ\u00e4ischen Instituts f\u00fcr J\u00fcdische Musik, Doktor der Musikwissenschaft, Universit\u00e4t Paris IV-Sorbonne.<\/strong><\/p>\n<p>&#8211; &#8222;Verw\u00fcstungen und Wiedergutmachung: Die Gro\u00dfe Synagoge angesichts von V\u00f6lkermord und Ethnozid&#8220;, von Carole Lem\u00e9e, Dozentin, Anthropologin, Fakult\u00e4t f\u00fcr Sozialanthropologie &#8211; Ethnologie der Universit\u00e4t Bordeaux, Forscherin am UMR Passages.<\/p>\n<p><a href=\"https:\/\/www.iemj.org\/wp-content\/uploads\/2022\/11\/Dossier-Presse-140-ans-de-la-Gde-Synagogue-de-Bordeaux.pdf\">Laden Sie die Pressemappe der Veranstaltung herunter.<\/a><\/p>\n<p><a href=\"https:\/\/www.iemj.org\/wp-content\/uploads\/2022\/11\/Dossier-Presse-140-ans-de-la-Gde-Synagogue-de-Bordeaux.pdf\">Sehen Sie sich die Veranstaltung in der Agenda des IEMJ an.<\/a><\/p>\n<p><strong>ORT<\/strong><\/p>\n<p><a href=\"https:\/\/www.iemj.org\/de\/lieu\/le-capc-musee-dart-contemporain-de-bordeaux\/\">CAPC &#8211; Museum f\u00fcr zeitgen\u00f6ssische Kunst in Bordeaux,<\/a><\/p>\n<p>7 Rue Ferrere<\/p>\n<p>Bordeaux, 33000 Frankreich<\/p>\n<p>KONTAKT<\/p>\n<p>RESERVIERUNG<\/p>\n<p>ACIG<\/p>\n<p>213 rue Sainte-Catherine 33000 Bordeaux<\/p>\n<p><a href=\"mailto:acig33@gmail.com\">acig33@gmail.com<\/a> &#8211; T. 05 56 91 79 39<\/p>\n<p><a href=\"https:\/\/communautejuiveaquitaine.fr\/\">www.communautejuiveaquitaine.fr<\/a><\/p>\n<p>Konsistorium von Bordeaux<\/p>\n","protected":false},"excerpt":{"rendered":"<p>Das Consistoire Isra\u00e9lite de la Gironde organisiert eine Reihe von Veranstaltungen und kulturellen Ereignissen, um den 140. Jahrestag der Gro\u00dfen Synagoge von Bordeaux zu feiern und der Pr\u00e4senz der j\u00fcdischen<\/p>\n","protected":false},"author":5,"featured_media":89795,"comment_status":"closed","ping_status":"closed","sticky":false,"template":"","format":"standard","meta":{"_acf_changed":false,"footnotes":""},"categories":[1382,1370],"tags":[],"technique":[],"squelettes":[],"sujet":[],"formation":[],"genre":[],"fonds":[],"tradition":[],"type-de-contenu":[],"interprete-compositeur":[],"frise":[],"type-devenement":[],"tableaux-liens-externes":[],"class_list":["post-90608","post","type-post","status-publish","format-standard","has-post-thumbnail","hentry","category-kurse-konferenzen-de","category-veranstaltungen-de"],"acf":[],"yoast_head":"<!-- This site is optimized with the Yoast SEO plugin v27.3 - https:\/\/yoast.com\/product\/yoast-seo-wordpress\/ -->\n<title>VORTRAG: SYNAGOGALMUSIK IN BORDEAUX: VOM TEMPEL IN DER RUE CAUSSEROUGE (1812) BIS ZUR EINWEIHUNG DER GROSSEN SYNAGOGE (1882), VON HERV\u00c9 ROTEN - Institut Europ\u00e9en des Musiques Juives<\/title>\n<meta name=\"robots\" content=\"index, follow, max-snippet:-1, max-image-preview:large, max-video-preview:-1\" \/>\n<link rel=\"canonical\" href=\"https:\/\/www.iemj.org\/de\/conference-la-musique-synagogale-a-bordeaux-du-temple-de-la-rue-causserouge-1812-a-linauguration-de-la-grande-synagogue-1882-par-herve-roten\/\" \/>\n<meta property=\"og:locale\" content=\"de_DE\" \/>\n<meta property=\"og:type\" content=\"article\" \/>\n<meta property=\"og:title\" content=\"VORTRAG: SYNAGOGALMUSIK IN BORDEAUX: VOM TEMPEL IN DER RUE CAUSSEROUGE (1812) BIS ZUR EINWEIHUNG DER GROSSEN SYNAGOGE (1882), VON HERV\u00c9 ROTEN - Institut Europ\u00e9en des Musiques Juives\" \/>\n<meta property=\"og:description\" content=\"Das Consistoire Isra\u00e9lite de la Gironde organisiert eine Reihe von Veranstaltungen und kulturellen Ereignissen, um den 140. Jahrestag der Gro\u00dfen Synagoge von Bordeaux zu feiern und der Pr\u00e4senz der j\u00fcdischen\" \/>\n<meta property=\"og:url\" content=\"https:\/\/www.iemj.org\/de\/conference-la-musique-synagogale-a-bordeaux-du-temple-de-la-rue-causserouge-1812-a-linauguration-de-la-grande-synagogue-1882-par-herve-roten\/\" \/>\n<meta property=\"og:site_name\" content=\"Institut Europ\u00e9en des Musiques Juives\" \/>\n<meta property=\"article:publisher\" content=\"https:\/\/www.facebook.com\/MusiquesJuives\/\" \/>\n<meta property=\"article:published_time\" content=\"2022-11-14T11:24:10+00:00\" \/>\n<meta property=\"article:modified_time\" content=\"2023-01-23T11:41:25+00:00\" \/>\n<meta property=\"og:image\" content=\"https:\/\/www.iemj.org\/wp-content\/uploads\/2022\/11\/Gde-Synagogue-de-Bordeaux.jpg\" \/>\n\t<meta property=\"og:image:width\" content=\"500\" \/>\n\t<meta property=\"og:image:height\" content=\"338\" \/>\n\t<meta property=\"og:image:type\" content=\"image\/jpeg\" \/>\n<meta name=\"author\" content=\"Jacqueline ROTEN\" \/>\n<meta name=\"twitter:card\" content=\"summary_large_image\" \/>\n<meta name=\"twitter:label1\" content=\"Verfasst von\" \/>\n\t<meta name=\"twitter:data1\" content=\"Jacqueline ROTEN\" \/>\n\t<meta name=\"twitter:label2\" content=\"Gesch\u00e4tzte Lesezeit\" \/>\n\t<meta name=\"twitter:data2\" content=\"2\u00a0Minuten\" \/>\n<script type=\"application\/ld+json\" class=\"yoast-schema-graph\">{\"@context\":\"https:\\\/\\\/schema.org\",\"@graph\":[{\"@type\":\"Article\",\"@id\":\"https:\\\/\\\/www.iemj.org\\\/de\\\/conference-la-musique-synagogale-a-bordeaux-du-temple-de-la-rue-causserouge-1812-a-linauguration-de-la-grande-synagogue-1882-par-herve-roten\\\/#article\",\"isPartOf\":{\"@id\":\"https:\\\/\\\/www.iemj.org\\\/de\\\/conference-la-musique-synagogale-a-bordeaux-du-temple-de-la-rue-causserouge-1812-a-linauguration-de-la-grande-synagogue-1882-par-herve-roten\\\/\"},\"author\":{\"name\":\"Jacqueline ROTEN\",\"@id\":\"https:\\\/\\\/www.iemj.org\\\/de\\\/#\\\/schema\\\/person\\\/358e26c18aca017fcc4cc15437f7279c\"},\"headline\":\"VORTRAG: SYNAGOGALMUSIK IN BORDEAUX: VOM TEMPEL IN DER RUE CAUSSEROUGE (1812) BIS ZUR EINWEIHUNG DER GROSSEN SYNAGOGE (1882), VON HERV\u00c9 ROTEN\",\"datePublished\":\"2022-11-14T11:24:10+00:00\",\"dateModified\":\"2023-01-23T11:41:25+00:00\",\"mainEntityOfPage\":{\"@id\":\"https:\\\/\\\/www.iemj.org\\\/de\\\/conference-la-musique-synagogale-a-bordeaux-du-temple-de-la-rue-causserouge-1812-a-linauguration-de-la-grande-synagogue-1882-par-herve-roten\\\/\"},\"wordCount\":384,\"publisher\":{\"@id\":\"https:\\\/\\\/www.iemj.org\\\/de\\\/#organization\"},\"image\":{\"@id\":\"https:\\\/\\\/www.iemj.org\\\/de\\\/conference-la-musique-synagogale-a-bordeaux-du-temple-de-la-rue-causserouge-1812-a-linauguration-de-la-grande-synagogue-1882-par-herve-roten\\\/#primaryimage\"},\"thumbnailUrl\":\"https:\\\/\\\/www.iemj.org\\\/wp-content\\\/uploads\\\/2022\\\/11\\\/Gde-Synagogue-de-Bordeaux.jpg\",\"articleSection\":[\"Kurse \\\/ Konferenzen\",\"Veranstaltungen\"],\"inLanguage\":\"de\"},{\"@type\":\"WebPage\",\"@id\":\"https:\\\/\\\/www.iemj.org\\\/de\\\/conference-la-musique-synagogale-a-bordeaux-du-temple-de-la-rue-causserouge-1812-a-linauguration-de-la-grande-synagogue-1882-par-herve-roten\\\/\",\"url\":\"https:\\\/\\\/www.iemj.org\\\/de\\\/conference-la-musique-synagogale-a-bordeaux-du-temple-de-la-rue-causserouge-1812-a-linauguration-de-la-grande-synagogue-1882-par-herve-roten\\\/\",\"name\":\"VORTRAG: SYNAGOGALMUSIK IN BORDEAUX: VOM TEMPEL IN DER RUE CAUSSEROUGE (1812) BIS ZUR EINWEIHUNG DER GROSSEN SYNAGOGE (1882), VON HERV\u00c9 ROTEN - Institut Europ\u00e9en des Musiques Juives\",\"isPartOf\":{\"@id\":\"https:\\\/\\\/www.iemj.org\\\/de\\\/#website\"},\"primaryImageOfPage\":{\"@id\":\"https:\\\/\\\/www.iemj.org\\\/de\\\/conference-la-musique-synagogale-a-bordeaux-du-temple-de-la-rue-causserouge-1812-a-linauguration-de-la-grande-synagogue-1882-par-herve-roten\\\/#primaryimage\"},\"image\":{\"@id\":\"https:\\\/\\\/www.iemj.org\\\/de\\\/conference-la-musique-synagogale-a-bordeaux-du-temple-de-la-rue-causserouge-1812-a-linauguration-de-la-grande-synagogue-1882-par-herve-roten\\\/#primaryimage\"},\"thumbnailUrl\":\"https:\\\/\\\/www.iemj.org\\\/wp-content\\\/uploads\\\/2022\\\/11\\\/Gde-Synagogue-de-Bordeaux.jpg\",\"datePublished\":\"2022-11-14T11:24:10+00:00\",\"dateModified\":\"2023-01-23T11:41:25+00:00\",\"breadcrumb\":{\"@id\":\"https:\\\/\\\/www.iemj.org\\\/de\\\/conference-la-musique-synagogale-a-bordeaux-du-temple-de-la-rue-causserouge-1812-a-linauguration-de-la-grande-synagogue-1882-par-herve-roten\\\/#breadcrumb\"},\"inLanguage\":\"de\",\"potentialAction\":[{\"@type\":\"ReadAction\",\"target\":[\"https:\\\/\\\/www.iemj.org\\\/de\\\/conference-la-musique-synagogale-a-bordeaux-du-temple-de-la-rue-causserouge-1812-a-linauguration-de-la-grande-synagogue-1882-par-herve-roten\\\/\"]}]},{\"@type\":\"ImageObject\",\"inLanguage\":\"de\",\"@id\":\"https:\\\/\\\/www.iemj.org\\\/de\\\/conference-la-musique-synagogale-a-bordeaux-du-temple-de-la-rue-causserouge-1812-a-linauguration-de-la-grande-synagogue-1882-par-herve-roten\\\/#primaryimage\",\"url\":\"https:\\\/\\\/www.iemj.org\\\/wp-content\\\/uploads\\\/2022\\\/11\\\/Gde-Synagogue-de-Bordeaux.jpg\",\"contentUrl\":\"https:\\\/\\\/www.iemj.org\\\/wp-content\\\/uploads\\\/2022\\\/11\\\/Gde-Synagogue-de-Bordeaux.jpg\",\"width\":500,\"height\":338},{\"@type\":\"BreadcrumbList\",\"@id\":\"https:\\\/\\\/www.iemj.org\\\/de\\\/conference-la-musique-synagogale-a-bordeaux-du-temple-de-la-rue-causserouge-1812-a-linauguration-de-la-grande-synagogue-1882-par-herve-roten\\\/#breadcrumb\",\"itemListElement\":[{\"@type\":\"ListItem\",\"position\":1,\"name\":\"Accueil\",\"item\":\"https:\\\/\\\/www.iemj.org\\\/de\\\/\"},{\"@type\":\"ListItem\",\"position\":2,\"name\":\"VORTRAG: SYNAGOGALMUSIK IN BORDEAUX: VOM TEMPEL IN DER RUE CAUSSEROUGE (1812) BIS ZUR EINWEIHUNG DER GROSSEN SYNAGOGE (1882), VON HERV\u00c9 ROTEN\"}]},{\"@type\":\"WebSite\",\"@id\":\"https:\\\/\\\/www.iemj.org\\\/de\\\/#website\",\"url\":\"https:\\\/\\\/www.iemj.org\\\/de\\\/\",\"name\":\"Institut Europ\u00e9en des Musiques Juives\",\"description\":\"Des traditions musicales \u00e0 la port\u00e9e de tous\",\"publisher\":{\"@id\":\"https:\\\/\\\/www.iemj.org\\\/de\\\/#organization\"},\"potentialAction\":[{\"@type\":\"SearchAction\",\"target\":{\"@type\":\"EntryPoint\",\"urlTemplate\":\"https:\\\/\\\/www.iemj.org\\\/de\\\/?s={search_term_string}\"},\"query-input\":{\"@type\":\"PropertyValueSpecification\",\"valueRequired\":true,\"valueName\":\"search_term_string\"}}],\"inLanguage\":\"de\"},{\"@type\":\"Organization\",\"@id\":\"https:\\\/\\\/www.iemj.org\\\/de\\\/#organization\",\"name\":\"Institut Europ\u00e9en des Musiques Juives\",\"url\":\"https:\\\/\\\/www.iemj.org\\\/de\\\/\",\"logo\":{\"@type\":\"ImageObject\",\"inLanguage\":\"de\",\"@id\":\"https:\\\/\\\/www.iemj.org\\\/de\\\/#\\\/schema\\\/logo\\\/image\\\/\",\"url\":\"https:\\\/\\\/www.iemj.org\\\/wp-content\\\/uploads\\\/2021\\\/09\\\/Logo-IEMJ-Paypal.jpg\",\"contentUrl\":\"https:\\\/\\\/www.iemj.org\\\/wp-content\\\/uploads\\\/2021\\\/09\\\/Logo-IEMJ-Paypal.jpg\",\"width\":150,\"height\":50,\"caption\":\"Institut Europ\u00e9en des Musiques Juives\"},\"image\":{\"@id\":\"https:\\\/\\\/www.iemj.org\\\/de\\\/#\\\/schema\\\/logo\\\/image\\\/\"},\"sameAs\":[\"https:\\\/\\\/www.facebook.com\\\/MusiquesJuives\\\/\",\"https:\\\/\\\/www.instagram.com\\\/musiquesjuives\\\/\",\"https:\\\/\\\/www.youtube.com\\\/user\\\/musiquesjuives\"]},{\"@type\":\"Person\",\"@id\":\"https:\\\/\\\/www.iemj.org\\\/de\\\/#\\\/schema\\\/person\\\/358e26c18aca017fcc4cc15437f7279c\",\"name\":\"Jacqueline ROTEN\",\"image\":{\"@type\":\"ImageObject\",\"inLanguage\":\"de\",\"@id\":\"https:\\\/\\\/secure.gravatar.com\\\/avatar\\\/5964256d6c6957de3a3505278957e0fb2a35119ac47ea41827a65301213c810b?s=96&d=mm&r=g\",\"url\":\"https:\\\/\\\/secure.gravatar.com\\\/avatar\\\/5964256d6c6957de3a3505278957e0fb2a35119ac47ea41827a65301213c810b?s=96&d=mm&r=g\",\"contentUrl\":\"https:\\\/\\\/secure.gravatar.com\\\/avatar\\\/5964256d6c6957de3a3505278957e0fb2a35119ac47ea41827a65301213c810b?s=96&d=mm&r=g\",\"caption\":\"Jacqueline ROTEN\"}}]}<\/script>\n<!-- \/ Yoast SEO plugin. -->","yoast_head_json":{"title":"VORTRAG: SYNAGOGALMUSIK IN BORDEAUX: VOM TEMPEL IN DER RUE CAUSSEROUGE (1812) BIS ZUR EINWEIHUNG DER GROSSEN SYNAGOGE (1882), VON HERV\u00c9 ROTEN - Institut Europ\u00e9en des Musiques Juives","robots":{"index":"index","follow":"follow","max-snippet":"max-snippet:-1","max-image-preview":"max-image-preview:large","max-video-preview":"max-video-preview:-1"},"canonical":"https:\/\/www.iemj.org\/de\/conference-la-musique-synagogale-a-bordeaux-du-temple-de-la-rue-causserouge-1812-a-linauguration-de-la-grande-synagogue-1882-par-herve-roten\/","og_locale":"de_DE","og_type":"article","og_title":"VORTRAG: SYNAGOGALMUSIK IN BORDEAUX: VOM TEMPEL IN DER RUE CAUSSEROUGE (1812) BIS ZUR EINWEIHUNG DER GROSSEN SYNAGOGE (1882), VON HERV\u00c9 ROTEN - Institut Europ\u00e9en des Musiques Juives","og_description":"Das Consistoire Isra\u00e9lite de la Gironde organisiert eine Reihe von Veranstaltungen und kulturellen Ereignissen, um den 140. Jahrestag der Gro\u00dfen Synagoge von Bordeaux zu feiern und der Pr\u00e4senz der j\u00fcdischen","og_url":"https:\/\/www.iemj.org\/de\/conference-la-musique-synagogale-a-bordeaux-du-temple-de-la-rue-causserouge-1812-a-linauguration-de-la-grande-synagogue-1882-par-herve-roten\/","og_site_name":"Institut Europ\u00e9en des Musiques Juives","article_publisher":"https:\/\/www.facebook.com\/MusiquesJuives\/","article_published_time":"2022-11-14T11:24:10+00:00","article_modified_time":"2023-01-23T11:41:25+00:00","og_image":[{"width":500,"height":338,"url":"https:\/\/www.iemj.org\/wp-content\/uploads\/2022\/11\/Gde-Synagogue-de-Bordeaux.jpg","type":"image\/jpeg"}],"author":"Jacqueline ROTEN","twitter_card":"summary_large_image","twitter_misc":{"Verfasst von":"Jacqueline ROTEN","Gesch\u00e4tzte Lesezeit":"2\u00a0Minuten"},"schema":{"@context":"https:\/\/schema.org","@graph":[{"@type":"Article","@id":"https:\/\/www.iemj.org\/de\/conference-la-musique-synagogale-a-bordeaux-du-temple-de-la-rue-causserouge-1812-a-linauguration-de-la-grande-synagogue-1882-par-herve-roten\/#article","isPartOf":{"@id":"https:\/\/www.iemj.org\/de\/conference-la-musique-synagogale-a-bordeaux-du-temple-de-la-rue-causserouge-1812-a-linauguration-de-la-grande-synagogue-1882-par-herve-roten\/"},"author":{"name":"Jacqueline ROTEN","@id":"https:\/\/www.iemj.org\/de\/#\/schema\/person\/358e26c18aca017fcc4cc15437f7279c"},"headline":"VORTRAG: SYNAGOGALMUSIK IN BORDEAUX: VOM TEMPEL IN DER RUE CAUSSEROUGE (1812) BIS ZUR EINWEIHUNG DER GROSSEN SYNAGOGE (1882), VON HERV\u00c9 ROTEN","datePublished":"2022-11-14T11:24:10+00:00","dateModified":"2023-01-23T11:41:25+00:00","mainEntityOfPage":{"@id":"https:\/\/www.iemj.org\/de\/conference-la-musique-synagogale-a-bordeaux-du-temple-de-la-rue-causserouge-1812-a-linauguration-de-la-grande-synagogue-1882-par-herve-roten\/"},"wordCount":384,"publisher":{"@id":"https:\/\/www.iemj.org\/de\/#organization"},"image":{"@id":"https:\/\/www.iemj.org\/de\/conference-la-musique-synagogale-a-bordeaux-du-temple-de-la-rue-causserouge-1812-a-linauguration-de-la-grande-synagogue-1882-par-herve-roten\/#primaryimage"},"thumbnailUrl":"https:\/\/www.iemj.org\/wp-content\/uploads\/2022\/11\/Gde-Synagogue-de-Bordeaux.jpg","articleSection":["Kurse \/ Konferenzen","Veranstaltungen"],"inLanguage":"de"},{"@type":"WebPage","@id":"https:\/\/www.iemj.org\/de\/conference-la-musique-synagogale-a-bordeaux-du-temple-de-la-rue-causserouge-1812-a-linauguration-de-la-grande-synagogue-1882-par-herve-roten\/","url":"https:\/\/www.iemj.org\/de\/conference-la-musique-synagogale-a-bordeaux-du-temple-de-la-rue-causserouge-1812-a-linauguration-de-la-grande-synagogue-1882-par-herve-roten\/","name":"VORTRAG: SYNAGOGALMUSIK IN BORDEAUX: VOM TEMPEL IN DER RUE CAUSSEROUGE (1812) BIS ZUR EINWEIHUNG DER GROSSEN SYNAGOGE (1882), VON HERV\u00c9 ROTEN - Institut Europ\u00e9en des Musiques Juives","isPartOf":{"@id":"https:\/\/www.iemj.org\/de\/#website"},"primaryImageOfPage":{"@id":"https:\/\/www.iemj.org\/de\/conference-la-musique-synagogale-a-bordeaux-du-temple-de-la-rue-causserouge-1812-a-linauguration-de-la-grande-synagogue-1882-par-herve-roten\/#primaryimage"},"image":{"@id":"https:\/\/www.iemj.org\/de\/conference-la-musique-synagogale-a-bordeaux-du-temple-de-la-rue-causserouge-1812-a-linauguration-de-la-grande-synagogue-1882-par-herve-roten\/#primaryimage"},"thumbnailUrl":"https:\/\/www.iemj.org\/wp-content\/uploads\/2022\/11\/Gde-Synagogue-de-Bordeaux.jpg","datePublished":"2022-11-14T11:24:10+00:00","dateModified":"2023-01-23T11:41:25+00:00","breadcrumb":{"@id":"https:\/\/www.iemj.org\/de\/conference-la-musique-synagogale-a-bordeaux-du-temple-de-la-rue-causserouge-1812-a-linauguration-de-la-grande-synagogue-1882-par-herve-roten\/#breadcrumb"},"inLanguage":"de","potentialAction":[{"@type":"ReadAction","target":["https:\/\/www.iemj.org\/de\/conference-la-musique-synagogale-a-bordeaux-du-temple-de-la-rue-causserouge-1812-a-linauguration-de-la-grande-synagogue-1882-par-herve-roten\/"]}]},{"@type":"ImageObject","inLanguage":"de","@id":"https:\/\/www.iemj.org\/de\/conference-la-musique-synagogale-a-bordeaux-du-temple-de-la-rue-causserouge-1812-a-linauguration-de-la-grande-synagogue-1882-par-herve-roten\/#primaryimage","url":"https:\/\/www.iemj.org\/wp-content\/uploads\/2022\/11\/Gde-Synagogue-de-Bordeaux.jpg","contentUrl":"https:\/\/www.iemj.org\/wp-content\/uploads\/2022\/11\/Gde-Synagogue-de-Bordeaux.jpg","width":500,"height":338},{"@type":"BreadcrumbList","@id":"https:\/\/www.iemj.org\/de\/conference-la-musique-synagogale-a-bordeaux-du-temple-de-la-rue-causserouge-1812-a-linauguration-de-la-grande-synagogue-1882-par-herve-roten\/#breadcrumb","itemListElement":[{"@type":"ListItem","position":1,"name":"Accueil","item":"https:\/\/www.iemj.org\/de\/"},{"@type":"ListItem","position":2,"name":"VORTRAG: SYNAGOGALMUSIK IN BORDEAUX: VOM TEMPEL IN DER RUE CAUSSEROUGE (1812) BIS ZUR EINWEIHUNG DER GROSSEN SYNAGOGE (1882), VON HERV\u00c9 ROTEN"}]},{"@type":"WebSite","@id":"https:\/\/www.iemj.org\/de\/#website","url":"https:\/\/www.iemj.org\/de\/","name":"Institut Europ\u00e9en des Musiques Juives","description":"Des traditions musicales \u00e0 la port\u00e9e de tous","publisher":{"@id":"https:\/\/www.iemj.org\/de\/#organization"},"potentialAction":[{"@type":"SearchAction","target":{"@type":"EntryPoint","urlTemplate":"https:\/\/www.iemj.org\/de\/?s={search_term_string}"},"query-input":{"@type":"PropertyValueSpecification","valueRequired":true,"valueName":"search_term_string"}}],"inLanguage":"de"},{"@type":"Organization","@id":"https:\/\/www.iemj.org\/de\/#organization","name":"Institut Europ\u00e9en des Musiques Juives","url":"https:\/\/www.iemj.org\/de\/","logo":{"@type":"ImageObject","inLanguage":"de","@id":"https:\/\/www.iemj.org\/de\/#\/schema\/logo\/image\/","url":"https:\/\/www.iemj.org\/wp-content\/uploads\/2021\/09\/Logo-IEMJ-Paypal.jpg","contentUrl":"https:\/\/www.iemj.org\/wp-content\/uploads\/2021\/09\/Logo-IEMJ-Paypal.jpg","width":150,"height":50,"caption":"Institut Europ\u00e9en des Musiques Juives"},"image":{"@id":"https:\/\/www.iemj.org\/de\/#\/schema\/logo\/image\/"},"sameAs":["https:\/\/www.facebook.com\/MusiquesJuives\/","https:\/\/www.instagram.com\/musiquesjuives\/","https:\/\/www.youtube.com\/user\/musiquesjuives"]},{"@type":"Person","@id":"https:\/\/www.iemj.org\/de\/#\/schema\/person\/358e26c18aca017fcc4cc15437f7279c","name":"Jacqueline ROTEN","image":{"@type":"ImageObject","inLanguage":"de","@id":"https:\/\/secure.gravatar.com\/avatar\/5964256d6c6957de3a3505278957e0fb2a35119ac47ea41827a65301213c810b?s=96&d=mm&r=g","url":"https:\/\/secure.gravatar.com\/avatar\/5964256d6c6957de3a3505278957e0fb2a35119ac47ea41827a65301213c810b?s=96&d=mm&r=g","contentUrl":"https:\/\/secure.gravatar.com\/avatar\/5964256d6c6957de3a3505278957e0fb2a35119ac47ea41827a65301213c810b?s=96&d=mm&r=g","caption":"Jacqueline ROTEN"}}]}},"_links":{"self":[{"href":"https:\/\/www.iemj.org\/de\/wp-json\/wp\/v2\/posts\/90608","targetHints":{"allow":["GET"]}}],"collection":[{"href":"https:\/\/www.iemj.org\/de\/wp-json\/wp\/v2\/posts"}],"about":[{"href":"https:\/\/www.iemj.org\/de\/wp-json\/wp\/v2\/types\/post"}],"author":[{"embeddable":true,"href":"https:\/\/www.iemj.org\/de\/wp-json\/wp\/v2\/users\/5"}],"replies":[{"embeddable":true,"href":"https:\/\/www.iemj.org\/de\/wp-json\/wp\/v2\/comments?post=90608"}],"version-history":[{"count":0,"href":"https:\/\/www.iemj.org\/de\/wp-json\/wp\/v2\/posts\/90608\/revisions"}],"wp:featuredmedia":[{"embeddable":true,"href":"https:\/\/www.iemj.org\/de\/wp-json\/wp\/v2\/media\/89795"}],"wp:attachment":[{"href":"https:\/\/www.iemj.org\/de\/wp-json\/wp\/v2\/media?parent=90608"}],"wp:term":[{"taxonomy":"category","embeddable":true,"href":"https:\/\/www.iemj.org\/de\/wp-json\/wp\/v2\/categories?post=90608"},{"taxonomy":"post_tag","embeddable":true,"href":"https:\/\/www.iemj.org\/de\/wp-json\/wp\/v2\/tags?post=90608"},{"taxonomy":"technique","embeddable":true,"href":"https:\/\/www.iemj.org\/de\/wp-json\/wp\/v2\/technique?post=90608"},{"taxonomy":"squelettes","embeddable":true,"href":"https:\/\/www.iemj.org\/de\/wp-json\/wp\/v2\/squelettes?post=90608"},{"taxonomy":"sujet","embeddable":true,"href":"https:\/\/www.iemj.org\/de\/wp-json\/wp\/v2\/sujet?post=90608"},{"taxonomy":"formation","embeddable":true,"href":"https:\/\/www.iemj.org\/de\/wp-json\/wp\/v2\/formation?post=90608"},{"taxonomy":"genre","embeddable":true,"href":"https:\/\/www.iemj.org\/de\/wp-json\/wp\/v2\/genre?post=90608"},{"taxonomy":"fonds","embeddable":true,"href":"https:\/\/www.iemj.org\/de\/wp-json\/wp\/v2\/fonds?post=90608"},{"taxonomy":"tradition","embeddable":true,"href":"https:\/\/www.iemj.org\/de\/wp-json\/wp\/v2\/tradition?post=90608"},{"taxonomy":"type-de-contenu","embeddable":true,"href":"https:\/\/www.iemj.org\/de\/wp-json\/wp\/v2\/type-de-contenu?post=90608"},{"taxonomy":"interprete-compositeur","embeddable":true,"href":"https:\/\/www.iemj.org\/de\/wp-json\/wp\/v2\/interprete-compositeur?post=90608"},{"taxonomy":"frise","embeddable":true,"href":"https:\/\/www.iemj.org\/de\/wp-json\/wp\/v2\/frise?post=90608"},{"taxonomy":"type-devenement","embeddable":true,"href":"https:\/\/www.iemj.org\/de\/wp-json\/wp\/v2\/type-devenement?post=90608"},{"taxonomy":"tableaux-liens-externes","embeddable":true,"href":"https:\/\/www.iemj.org\/de\/wp-json\/wp\/v2\/tableaux-liens-externes?post=90608"}],"curies":[{"name":"wp","href":"https:\/\/api.w.org\/{rel}","templated":true}]}}