{"id":90831,"date":"2017-03-01T09:49:44","date_gmt":"2017-03-01T08:49:44","guid":{"rendered":"https:\/\/www.iemj.org\/centenaire-du-deces-de-fernand-halphen\/"},"modified":"2023-08-25T12:19:38","modified_gmt":"2023-08-25T10:19:38","slug":"centenaire-du-deces-de-fernand-halphen","status":"publish","type":"post","link":"https:\/\/www.iemj.org\/de\/centenaire-du-deces-de-fernand-halphen\/","title":{"rendered":"JAHRHUNDERT DES TODES VON FERNAND HALPHEN"},"content":{"rendered":"<h3>\u00a0<\/h3>\n<h3><strong style=\"color: revert; font-size: 1.75rem; background-color: var(--bs-body-bg); font-family: var(--bs-body-font-family); text-align: var(--bs-body-text-align);\"><span style=\"font-family: Roboto; color: #171717;\">Vier Konzerte<\/span><\/strong><strong><!--more--><\/strong><\/h3>\n<p>Im Laufe des Monats M\u00e4rz 2017 werden in einer Reihe von vier Konzerten, die vom Orchester des Campus Orsay in Partnerschaft mit dem IEMJ gegeben werden, die Werke von\u00a0<a href=\"https:\/\/www.iemj.org\/de\/halphen-fernand-1872-1917\/\" target=\"_blank\" rel=\"noopener\">Fernand Halphen<\/a>\u00a0neben denen von Gabriel Faur\u00e9 (dessen Sch\u00fcler er war) und Camille Saint-Sa\u00ebns geehrt.<\/p>\n<p>Auf dem programm stehen:<br \/>\u2013 die Sinfonie in c-Moll von Fernand Halphen, die seit 1930 nicht mehr aufgef\u00fchrt wurde,<br \/>\u2013 das Violinkonzert Nr. 3 von Saint-Sa\u00ebns mit Gabriel Tchalik als Solist,<br \/>\u2013 die Ouvert\u00fcre zu \u201cMasques et Bergamasques\u201d von Faur\u00e9.<\/p>\n<p><a href=\"https:\/\/www.iemj.org\/de\/concert-de-lorchestre-symphonique-du-campus-dorsay\/\">Samstag, 11. M\u00e4rz um 20.30 Uhr im gro\u00dfen Amphitheater auf dem Orsay-Campus.<\/a><\/p>\n<p><a href=\"https:\/\/www.iemj.org\/de\/concert-de-lorchestre-symphonique-du-campus-dorsay\/\">Sonntag, 12. M\u00e4rz um 16.30 Uhr in Antony Salle Vasarely.<\/a><\/p>\n<p><a href=\"https:\/\/www.iemj.org\/concert-de-lorchestre-symphonique-du-campus-dorsay\/\">Freitag, 17. M\u00e4rz im Cercle des arm\u00e9es (Privatkonzert)<\/a><\/p>\n<p><a href=\"https:\/\/www.iemj.org\/de\/concert-de-lorchestre-symphonique-du-campus-dorsay\/\">Sonntag, den 19. M\u00e4rz um 17 Uhr in Ville d\u2019Avray in der Kirche Saint Nicolas \u2013 Saint Marc (Place Charles de Gaulle).<\/a><\/p>\n<h3 style=\"background: white; margin: 0cm 0cm 11.25pt 0cm;\"><strong><span style=\"font-family: Roboto; color: #171717;\">Ein Sammelwerk wird ver\u00f6ffentlicht<\/span><\/strong><\/h3>\n<p>Ein Sammelwerk mit dem Titel\u00a0<a href=\"https:\/\/www.iemj.org\/de\/du-salon-au-front-fernand-halphen-1872-1917-compositeur-mecene-et-chef-de-musique-militaire\/\"><em>Du salon au front: Fernand Halphen (1872-1917), compositeur, m\u00e9c\u00e8ne et chef de musique militaire<\/em><\/a>, unter der Leitung von Laure Schnapper, unter Mitarbeit von Pierre-Andr\u00e9 Meyer \u2013 Vorwort von Herv\u00e9 Roten, wird im April 2017 anl\u00e4sslich des 100. Geburtstags dieses f\u00fcr Frankreich gefallenen Komponisten und M\u00e4zens bei \u00c9ditions Hermann erscheinen.<\/p>\n<h3 style=\"background: white; margin: 0cm 0cm 11.25pt 0cm;\"><strong><span style=\"font-family: Roboto; color: #171717;\">Ver\u00f6ffentlichung einer neuen CD in der Reihe \u201cClassiques\u201d der \u00c9ditions de l\u2019IEMJ.<\/span><\/strong><\/h3>\n<p><span style=\"font-family: Roboto; color: #171717;\">Ende 2017 soll auch ein neuer Band in der Kollektion \u201cClassiques\u201d der \u00c9ditions de l\u2019IEMJ erscheinen, der unter anderem die Sinfonie in c-Moll von Fernand Halphen enth\u00e4lt.<\/span><\/p>\n<p><a href=\"https:\/\/www.iemj.org\/de\/halphen-fernand-1872-1917\/\">Die Biografie von Fernand Halphen lesen.<\/a><\/p>\n<p><a href=\"https:\/\/www.iemj.org\/de\/fernand-halphen-un-compositeur-juif-dans-la-grande-guerre\/\">Sich die Radiosendung des IEMJ an: F. Halphen \u2013 ein j\u00fcdischer Komponist im Ersten Weltkrieg anh\u00f6ren.<\/a><\/p>\n<p><a href=\"https:\/\/www.iemj.org\/de\/categorie-produit\/compositeurs\/halphen-fernand\/\">Finden Sie unsere Noten, CDs und das Buch \u00fcber Fernand Halphen in unserem Online-Shop.<\/a><\/p>\n\n\n<figure class=\"wp-block-embed is-type-video is-provider-youtube wp-block-embed-youtube wp-embed-aspect-4-3 wp-has-aspect-ratio\"><div class=\"wp-block-embed__wrapper\">\n<iframe title=\"Fernand Halphen - Un compositeur dans la grande guerre\" width=\"640\" height=\"480\" src=\"https:\/\/www.youtube.com\/embed\/Harfbc-6fsI?feature=oembed\" frameborder=\"0\" allow=\"accelerometer; autoplay; clipboard-write; encrypted-media; gyroscope; picture-in-picture; web-share\" referrerpolicy=\"strict-origin-when-cross-origin\" allowfullscreen><\/iframe>\n<\/div><figcaption class=\"wp-element-caption\"><strong>Sehen Sie sich Halphens Konzert im MAHJ an<\/strong><\/figcaption><\/figure>\n","protected":false},"excerpt":{"rendered":"<p>\u00a0 Vier Konzerte<\/p>\n","protected":false},"author":5,"featured_media":90832,"comment_status":"closed","ping_status":"open","sticky":false,"template":"","format":"standard","meta":{"_acf_changed":false,"footnotes":""},"categories":[1378,1370],"tags":[3420],"technique":[],"squelettes":[],"sujet":[],"formation":[],"genre":[1900],"fonds":[],"tradition":[],"type-de-contenu":[],"interprete-compositeur":[3165],"frise":[],"type-devenement":[],"tableaux-liens-externes":[],"class_list":["post-90831","post","type-post","status-publish","format-standard","has-post-thumbnail","hentry","category-konzerte-veranstaltungen-de","category-veranstaltungen-de","tag-partner-veranstaltungen-de","genre-klassische-musik-de","interprete-compositeur-fernand-halphen-de"],"acf":[],"yoast_head":"<!-- This site is optimized with the Yoast SEO plugin v27.3 - https:\/\/yoast.com\/product\/yoast-seo-wordpress\/ -->\n<title>JAHRHUNDERT DES TODES VON FERNAND HALPHEN - Institut Europ\u00e9en des Musiques Juives<\/title>\n<meta name=\"robots\" content=\"noindex, follow\" \/>\n<meta property=\"og:locale\" content=\"de_DE\" \/>\n<meta property=\"og:type\" content=\"article\" \/>\n<meta property=\"og:title\" content=\"JAHRHUNDERT DES TODES VON FERNAND HALPHEN - Institut Europ\u00e9en des Musiques Juives\" \/>\n<meta property=\"og:description\" content=\"\u00a0 Vier Konzerte\" \/>\n<meta property=\"og:url\" content=\"https:\/\/www.iemj.org\/de\/centenaire-du-deces-de-fernand-halphen\/\" \/>\n<meta property=\"og:site_name\" content=\"Institut Europ\u00e9en des Musiques Juives\" \/>\n<meta property=\"article:publisher\" content=\"https:\/\/www.facebook.com\/MusiquesJuives\/\" \/>\n<meta property=\"article:published_time\" content=\"2017-03-01T08:49:44+00:00\" \/>\n<meta property=\"article:modified_time\" content=\"2023-08-25T10:19:38+00:00\" \/>\n<meta property=\"og:image\" content=\"https:\/\/www.iemj.org\/wp-content\/uploads\/2017\/03\/arton2143.jpg\" \/>\n\t<meta property=\"og:image:width\" content=\"191\" \/>\n\t<meta property=\"og:image:height\" content=\"253\" \/>\n\t<meta property=\"og:image:type\" content=\"image\/jpeg\" \/>\n<meta name=\"author\" content=\"Jacqueline ROTEN\" \/>\n<meta name=\"twitter:card\" content=\"summary_large_image\" \/>\n<meta name=\"twitter:label1\" content=\"Verfasst von\" \/>\n\t<meta name=\"twitter:data1\" content=\"Jacqueline ROTEN\" \/>\n\t<meta name=\"twitter:label2\" content=\"Gesch\u00e4tzte Lesezeit\" \/>\n\t<meta name=\"twitter:data2\" content=\"2\u00a0Minuten\" \/>\n<script type=\"application\/ld+json\" class=\"yoast-schema-graph\">{\"@context\":\"https:\\\/\\\/schema.org\",\"@graph\":[{\"@type\":\"Article\",\"@id\":\"https:\\\/\\\/www.iemj.org\\\/de\\\/centenaire-du-deces-de-fernand-halphen\\\/#article\",\"isPartOf\":{\"@id\":\"https:\\\/\\\/www.iemj.org\\\/de\\\/centenaire-du-deces-de-fernand-halphen\\\/\"},\"author\":{\"name\":\"Jacqueline ROTEN\",\"@id\":\"https:\\\/\\\/www.iemj.org\\\/de\\\/#\\\/schema\\\/person\\\/358e26c18aca017fcc4cc15437f7279c\"},\"headline\":\"JAHRHUNDERT DES TODES VON FERNAND HALPHEN\",\"datePublished\":\"2017-03-01T08:49:44+00:00\",\"dateModified\":\"2023-08-25T10:19:38+00:00\",\"mainEntityOfPage\":{\"@id\":\"https:\\\/\\\/www.iemj.org\\\/de\\\/centenaire-du-deces-de-fernand-halphen\\\/\"},\"wordCount\":296,\"publisher\":{\"@id\":\"https:\\\/\\\/www.iemj.org\\\/de\\\/#organization\"},\"image\":{\"@id\":\"https:\\\/\\\/www.iemj.org\\\/de\\\/centenaire-du-deces-de-fernand-halphen\\\/#primaryimage\"},\"thumbnailUrl\":\"https:\\\/\\\/www.iemj.org\\\/wp-content\\\/uploads\\\/2017\\\/03\\\/arton2143.jpg\",\"keywords\":[\"Partner-Veranstaltungen\"],\"articleSection\":[\"Konzerte\",\"Veranstaltungen\"],\"inLanguage\":\"de\"},{\"@type\":\"WebPage\",\"@id\":\"https:\\\/\\\/www.iemj.org\\\/de\\\/centenaire-du-deces-de-fernand-halphen\\\/\",\"url\":\"https:\\\/\\\/www.iemj.org\\\/de\\\/centenaire-du-deces-de-fernand-halphen\\\/\",\"name\":\"JAHRHUNDERT DES TODES VON FERNAND HALPHEN - Institut Europ\u00e9en des Musiques Juives\",\"isPartOf\":{\"@id\":\"https:\\\/\\\/www.iemj.org\\\/de\\\/#website\"},\"primaryImageOfPage\":{\"@id\":\"https:\\\/\\\/www.iemj.org\\\/de\\\/centenaire-du-deces-de-fernand-halphen\\\/#primaryimage\"},\"image\":{\"@id\":\"https:\\\/\\\/www.iemj.org\\\/de\\\/centenaire-du-deces-de-fernand-halphen\\\/#primaryimage\"},\"thumbnailUrl\":\"https:\\\/\\\/www.iemj.org\\\/wp-content\\\/uploads\\\/2017\\\/03\\\/arton2143.jpg\",\"datePublished\":\"2017-03-01T08:49:44+00:00\",\"dateModified\":\"2023-08-25T10:19:38+00:00\",\"breadcrumb\":{\"@id\":\"https:\\\/\\\/www.iemj.org\\\/de\\\/centenaire-du-deces-de-fernand-halphen\\\/#breadcrumb\"},\"inLanguage\":\"de\",\"potentialAction\":[{\"@type\":\"ReadAction\",\"target\":[\"https:\\\/\\\/www.iemj.org\\\/de\\\/centenaire-du-deces-de-fernand-halphen\\\/\"]}]},{\"@type\":\"ImageObject\",\"inLanguage\":\"de\",\"@id\":\"https:\\\/\\\/www.iemj.org\\\/de\\\/centenaire-du-deces-de-fernand-halphen\\\/#primaryimage\",\"url\":\"https:\\\/\\\/www.iemj.org\\\/wp-content\\\/uploads\\\/2017\\\/03\\\/arton2143.jpg\",\"contentUrl\":\"https:\\\/\\\/www.iemj.org\\\/wp-content\\\/uploads\\\/2017\\\/03\\\/arton2143.jpg\",\"width\":191,\"height\":253},{\"@type\":\"BreadcrumbList\",\"@id\":\"https:\\\/\\\/www.iemj.org\\\/de\\\/centenaire-du-deces-de-fernand-halphen\\\/#breadcrumb\",\"itemListElement\":[{\"@type\":\"ListItem\",\"position\":1,\"name\":\"Accueil\",\"item\":\"https:\\\/\\\/www.iemj.org\\\/de\\\/\"},{\"@type\":\"ListItem\",\"position\":2,\"name\":\"JAHRHUNDERT DES TODES VON FERNAND HALPHEN\"}]},{\"@type\":\"WebSite\",\"@id\":\"https:\\\/\\\/www.iemj.org\\\/de\\\/#website\",\"url\":\"https:\\\/\\\/www.iemj.org\\\/de\\\/\",\"name\":\"Institut Europ\u00e9en des Musiques Juives\",\"description\":\"Des traditions musicales \u00e0 la port\u00e9e de tous\",\"publisher\":{\"@id\":\"https:\\\/\\\/www.iemj.org\\\/de\\\/#organization\"},\"potentialAction\":[{\"@type\":\"SearchAction\",\"target\":{\"@type\":\"EntryPoint\",\"urlTemplate\":\"https:\\\/\\\/www.iemj.org\\\/de\\\/?s={search_term_string}\"},\"query-input\":{\"@type\":\"PropertyValueSpecification\",\"valueRequired\":true,\"valueName\":\"search_term_string\"}}],\"inLanguage\":\"de\"},{\"@type\":\"Organization\",\"@id\":\"https:\\\/\\\/www.iemj.org\\\/de\\\/#organization\",\"name\":\"Institut Europ\u00e9en des Musiques Juives\",\"url\":\"https:\\\/\\\/www.iemj.org\\\/de\\\/\",\"logo\":{\"@type\":\"ImageObject\",\"inLanguage\":\"de\",\"@id\":\"https:\\\/\\\/www.iemj.org\\\/de\\\/#\\\/schema\\\/logo\\\/image\\\/\",\"url\":\"https:\\\/\\\/www.iemj.org\\\/wp-content\\\/uploads\\\/2021\\\/09\\\/Logo-IEMJ-Paypal.jpg\",\"contentUrl\":\"https:\\\/\\\/www.iemj.org\\\/wp-content\\\/uploads\\\/2021\\\/09\\\/Logo-IEMJ-Paypal.jpg\",\"width\":150,\"height\":50,\"caption\":\"Institut Europ\u00e9en des Musiques Juives\"},\"image\":{\"@id\":\"https:\\\/\\\/www.iemj.org\\\/de\\\/#\\\/schema\\\/logo\\\/image\\\/\"},\"sameAs\":[\"https:\\\/\\\/www.facebook.com\\\/MusiquesJuives\\\/\",\"https:\\\/\\\/www.instagram.com\\\/musiquesjuives\\\/\",\"https:\\\/\\\/www.youtube.com\\\/user\\\/musiquesjuives\"]},{\"@type\":\"Person\",\"@id\":\"https:\\\/\\\/www.iemj.org\\\/de\\\/#\\\/schema\\\/person\\\/358e26c18aca017fcc4cc15437f7279c\",\"name\":\"Jacqueline ROTEN\",\"image\":{\"@type\":\"ImageObject\",\"inLanguage\":\"de\",\"@id\":\"https:\\\/\\\/secure.gravatar.com\\\/avatar\\\/5964256d6c6957de3a3505278957e0fb2a35119ac47ea41827a65301213c810b?s=96&d=mm&r=g\",\"url\":\"https:\\\/\\\/secure.gravatar.com\\\/avatar\\\/5964256d6c6957de3a3505278957e0fb2a35119ac47ea41827a65301213c810b?s=96&d=mm&r=g\",\"contentUrl\":\"https:\\\/\\\/secure.gravatar.com\\\/avatar\\\/5964256d6c6957de3a3505278957e0fb2a35119ac47ea41827a65301213c810b?s=96&d=mm&r=g\",\"caption\":\"Jacqueline ROTEN\"}}]}<\/script>\n<!-- \/ Yoast SEO plugin. -->","yoast_head_json":{"title":"JAHRHUNDERT DES TODES VON FERNAND HALPHEN - Institut Europ\u00e9en des Musiques Juives","robots":{"index":"noindex","follow":"follow"},"og_locale":"de_DE","og_type":"article","og_title":"JAHRHUNDERT DES TODES VON FERNAND HALPHEN - Institut Europ\u00e9en des Musiques Juives","og_description":"\u00a0 Vier Konzerte","og_url":"https:\/\/www.iemj.org\/de\/centenaire-du-deces-de-fernand-halphen\/","og_site_name":"Institut Europ\u00e9en des Musiques Juives","article_publisher":"https:\/\/www.facebook.com\/MusiquesJuives\/","article_published_time":"2017-03-01T08:49:44+00:00","article_modified_time":"2023-08-25T10:19:38+00:00","og_image":[{"width":191,"height":253,"url":"https:\/\/www.iemj.org\/wp-content\/uploads\/2017\/03\/arton2143.jpg","type":"image\/jpeg"}],"author":"Jacqueline ROTEN","twitter_card":"summary_large_image","twitter_misc":{"Verfasst von":"Jacqueline ROTEN","Gesch\u00e4tzte Lesezeit":"2\u00a0Minuten"},"schema":{"@context":"https:\/\/schema.org","@graph":[{"@type":"Article","@id":"https:\/\/www.iemj.org\/de\/centenaire-du-deces-de-fernand-halphen\/#article","isPartOf":{"@id":"https:\/\/www.iemj.org\/de\/centenaire-du-deces-de-fernand-halphen\/"},"author":{"name":"Jacqueline ROTEN","@id":"https:\/\/www.iemj.org\/de\/#\/schema\/person\/358e26c18aca017fcc4cc15437f7279c"},"headline":"JAHRHUNDERT DES TODES VON FERNAND HALPHEN","datePublished":"2017-03-01T08:49:44+00:00","dateModified":"2023-08-25T10:19:38+00:00","mainEntityOfPage":{"@id":"https:\/\/www.iemj.org\/de\/centenaire-du-deces-de-fernand-halphen\/"},"wordCount":296,"publisher":{"@id":"https:\/\/www.iemj.org\/de\/#organization"},"image":{"@id":"https:\/\/www.iemj.org\/de\/centenaire-du-deces-de-fernand-halphen\/#primaryimage"},"thumbnailUrl":"https:\/\/www.iemj.org\/wp-content\/uploads\/2017\/03\/arton2143.jpg","keywords":["Partner-Veranstaltungen"],"articleSection":["Konzerte","Veranstaltungen"],"inLanguage":"de"},{"@type":"WebPage","@id":"https:\/\/www.iemj.org\/de\/centenaire-du-deces-de-fernand-halphen\/","url":"https:\/\/www.iemj.org\/de\/centenaire-du-deces-de-fernand-halphen\/","name":"JAHRHUNDERT DES TODES VON FERNAND HALPHEN - Institut Europ\u00e9en des Musiques Juives","isPartOf":{"@id":"https:\/\/www.iemj.org\/de\/#website"},"primaryImageOfPage":{"@id":"https:\/\/www.iemj.org\/de\/centenaire-du-deces-de-fernand-halphen\/#primaryimage"},"image":{"@id":"https:\/\/www.iemj.org\/de\/centenaire-du-deces-de-fernand-halphen\/#primaryimage"},"thumbnailUrl":"https:\/\/www.iemj.org\/wp-content\/uploads\/2017\/03\/arton2143.jpg","datePublished":"2017-03-01T08:49:44+00:00","dateModified":"2023-08-25T10:19:38+00:00","breadcrumb":{"@id":"https:\/\/www.iemj.org\/de\/centenaire-du-deces-de-fernand-halphen\/#breadcrumb"},"inLanguage":"de","potentialAction":[{"@type":"ReadAction","target":["https:\/\/www.iemj.org\/de\/centenaire-du-deces-de-fernand-halphen\/"]}]},{"@type":"ImageObject","inLanguage":"de","@id":"https:\/\/www.iemj.org\/de\/centenaire-du-deces-de-fernand-halphen\/#primaryimage","url":"https:\/\/www.iemj.org\/wp-content\/uploads\/2017\/03\/arton2143.jpg","contentUrl":"https:\/\/www.iemj.org\/wp-content\/uploads\/2017\/03\/arton2143.jpg","width":191,"height":253},{"@type":"BreadcrumbList","@id":"https:\/\/www.iemj.org\/de\/centenaire-du-deces-de-fernand-halphen\/#breadcrumb","itemListElement":[{"@type":"ListItem","position":1,"name":"Accueil","item":"https:\/\/www.iemj.org\/de\/"},{"@type":"ListItem","position":2,"name":"JAHRHUNDERT DES TODES VON FERNAND HALPHEN"}]},{"@type":"WebSite","@id":"https:\/\/www.iemj.org\/de\/#website","url":"https:\/\/www.iemj.org\/de\/","name":"Institut Europ\u00e9en des Musiques Juives","description":"Des traditions musicales \u00e0 la port\u00e9e de tous","publisher":{"@id":"https:\/\/www.iemj.org\/de\/#organization"},"potentialAction":[{"@type":"SearchAction","target":{"@type":"EntryPoint","urlTemplate":"https:\/\/www.iemj.org\/de\/?s={search_term_string}"},"query-input":{"@type":"PropertyValueSpecification","valueRequired":true,"valueName":"search_term_string"}}],"inLanguage":"de"},{"@type":"Organization","@id":"https:\/\/www.iemj.org\/de\/#organization","name":"Institut Europ\u00e9en des Musiques Juives","url":"https:\/\/www.iemj.org\/de\/","logo":{"@type":"ImageObject","inLanguage":"de","@id":"https:\/\/www.iemj.org\/de\/#\/schema\/logo\/image\/","url":"https:\/\/www.iemj.org\/wp-content\/uploads\/2021\/09\/Logo-IEMJ-Paypal.jpg","contentUrl":"https:\/\/www.iemj.org\/wp-content\/uploads\/2021\/09\/Logo-IEMJ-Paypal.jpg","width":150,"height":50,"caption":"Institut Europ\u00e9en des Musiques Juives"},"image":{"@id":"https:\/\/www.iemj.org\/de\/#\/schema\/logo\/image\/"},"sameAs":["https:\/\/www.facebook.com\/MusiquesJuives\/","https:\/\/www.instagram.com\/musiquesjuives\/","https:\/\/www.youtube.com\/user\/musiquesjuives"]},{"@type":"Person","@id":"https:\/\/www.iemj.org\/de\/#\/schema\/person\/358e26c18aca017fcc4cc15437f7279c","name":"Jacqueline ROTEN","image":{"@type":"ImageObject","inLanguage":"de","@id":"https:\/\/secure.gravatar.com\/avatar\/5964256d6c6957de3a3505278957e0fb2a35119ac47ea41827a65301213c810b?s=96&d=mm&r=g","url":"https:\/\/secure.gravatar.com\/avatar\/5964256d6c6957de3a3505278957e0fb2a35119ac47ea41827a65301213c810b?s=96&d=mm&r=g","contentUrl":"https:\/\/secure.gravatar.com\/avatar\/5964256d6c6957de3a3505278957e0fb2a35119ac47ea41827a65301213c810b?s=96&d=mm&r=g","caption":"Jacqueline ROTEN"}}]}},"_links":{"self":[{"href":"https:\/\/www.iemj.org\/de\/wp-json\/wp\/v2\/posts\/90831","targetHints":{"allow":["GET"]}}],"collection":[{"href":"https:\/\/www.iemj.org\/de\/wp-json\/wp\/v2\/posts"}],"about":[{"href":"https:\/\/www.iemj.org\/de\/wp-json\/wp\/v2\/types\/post"}],"author":[{"embeddable":true,"href":"https:\/\/www.iemj.org\/de\/wp-json\/wp\/v2\/users\/5"}],"replies":[{"embeddable":true,"href":"https:\/\/www.iemj.org\/de\/wp-json\/wp\/v2\/comments?post=90831"}],"version-history":[{"count":0,"href":"https:\/\/www.iemj.org\/de\/wp-json\/wp\/v2\/posts\/90831\/revisions"}],"wp:featuredmedia":[{"embeddable":true,"href":"https:\/\/www.iemj.org\/de\/wp-json\/wp\/v2\/media\/90832"}],"wp:attachment":[{"href":"https:\/\/www.iemj.org\/de\/wp-json\/wp\/v2\/media?parent=90831"}],"wp:term":[{"taxonomy":"category","embeddable":true,"href":"https:\/\/www.iemj.org\/de\/wp-json\/wp\/v2\/categories?post=90831"},{"taxonomy":"post_tag","embeddable":true,"href":"https:\/\/www.iemj.org\/de\/wp-json\/wp\/v2\/tags?post=90831"},{"taxonomy":"technique","embeddable":true,"href":"https:\/\/www.iemj.org\/de\/wp-json\/wp\/v2\/technique?post=90831"},{"taxonomy":"squelettes","embeddable":true,"href":"https:\/\/www.iemj.org\/de\/wp-json\/wp\/v2\/squelettes?post=90831"},{"taxonomy":"sujet","embeddable":true,"href":"https:\/\/www.iemj.org\/de\/wp-json\/wp\/v2\/sujet?post=90831"},{"taxonomy":"formation","embeddable":true,"href":"https:\/\/www.iemj.org\/de\/wp-json\/wp\/v2\/formation?post=90831"},{"taxonomy":"genre","embeddable":true,"href":"https:\/\/www.iemj.org\/de\/wp-json\/wp\/v2\/genre?post=90831"},{"taxonomy":"fonds","embeddable":true,"href":"https:\/\/www.iemj.org\/de\/wp-json\/wp\/v2\/fonds?post=90831"},{"taxonomy":"tradition","embeddable":true,"href":"https:\/\/www.iemj.org\/de\/wp-json\/wp\/v2\/tradition?post=90831"},{"taxonomy":"type-de-contenu","embeddable":true,"href":"https:\/\/www.iemj.org\/de\/wp-json\/wp\/v2\/type-de-contenu?post=90831"},{"taxonomy":"interprete-compositeur","embeddable":true,"href":"https:\/\/www.iemj.org\/de\/wp-json\/wp\/v2\/interprete-compositeur?post=90831"},{"taxonomy":"frise","embeddable":true,"href":"https:\/\/www.iemj.org\/de\/wp-json\/wp\/v2\/frise?post=90831"},{"taxonomy":"type-devenement","embeddable":true,"href":"https:\/\/www.iemj.org\/de\/wp-json\/wp\/v2\/type-devenement?post=90831"},{"taxonomy":"tableaux-liens-externes","embeddable":true,"href":"https:\/\/www.iemj.org\/de\/wp-json\/wp\/v2\/tableaux-liens-externes?post=90831"}],"curies":[{"name":"wp","href":"https:\/\/api.w.org\/{rel}","templated":true}]}}