{"id":91184,"date":"2022-12-15T11:56:40","date_gmt":"2022-12-15T10:56:40","guid":{"rendered":"https:\/\/www.iemj.org\/michel-heymann-confie-lensemble-de-ses-archives-musicales-a-liemj\/"},"modified":"2025-03-27T15:32:19","modified_gmt":"2025-03-27T14:32:19","slug":"michel-heymann-confie-lensemble-de-ses-archives-musicales-a-liemj","status":"publish","type":"post","link":"https:\/\/www.iemj.org\/de\/michel-heymann-confie-lensemble-de-ses-archives-musicales-a-liemj\/","title":{"rendered":"<strong>Michel Heymann vertraut dem IEMJ sein gesamtes Musikarchiv an<\/strong>"},"content":{"rendered":"<p><a href=\"https:\/\/www.iemj.org\/de\/heymann-michel-1952\/\">Michel Heymann<\/a> ist einer der letzten Besitzer der achkenasischen Liturgie aus dem Rheintal. Er wurde 1952 in Stra\u00dfburg geboren und lernte die Liturgie bei Bertrand Joseph, dem ehemaligen Amtstr\u00e4ger in Stra\u00dfburg. Anschlie\u00dfend war er einer der letzten Sch\u00fcler der Abteilung P\u00e4dagogik und Liturgie des Israelitischen Seminars in Frankreich, bevor dieses 1973 geschlossen wurde. Im Alter von 21 Jahren wurde er im September 1973 nach Haguenau berufen, eine Stelle, die er 1980 in Mulhouse verlie\u00df. Dort amtierte er zw\u00f6lf Jahre lang und nahm Kassetten und CDs auf, um die els\u00e4ssische Liturgie zu bewahren, bevor er von der Gemeinschaft in Luxemburg angestellt wurde, wo er einen Chor gr\u00fcndete, der ihn w\u00e4hrend seiner 30-j\u00e4hrigen Amtszeit manchmal bei Schabbatgottesdiensten und Festen begleitete.<\/p>\n<figure id=\"attachment_91121\" aria-describedby=\"caption-attachment-91121\" style=\"width: 300px\" class=\"wp-caption alignright\"><img fetchpriority=\"high\" decoding=\"async\" class=\"wp-image-91121 size-medium\" src=\"https:\/\/www.iemj.org\/wp-content\/uploads\/2022\/12\/Facade-Synagogue-Luxembourg-300x169.jpg\" alt=\"\" width=\"300\" height=\"169\" srcset=\"https:\/\/www.iemj.org\/wp-content\/uploads\/2022\/12\/Facade-Synagogue-Luxembourg-300x169.jpg 300w, https:\/\/www.iemj.org\/wp-content\/uploads\/2022\/12\/Facade-Synagogue-Luxembourg.jpg 500w\" sizes=\"(max-width: 300px) 100vw, 300px\" \/><figcaption id=\"caption-attachment-91121\" class=\"wp-caption-text\"><strong>Fassade Synagoge Luxemburg<\/strong><\/figcaption><\/figure>\n<p>Nachdem Michel Heymann 2017 in den Ruhestand ging, wollte er dem IEMJ sein gesamtes Musikarchiv \u00fcbergeben, das sich w\u00e4hrend seiner langen Karriere angesammelt hatte. Dieser sehr umfangreiche Bestand umfasst mehrere Hundert seltene und wertvolle Dokumente, darunter gedruckte und handschriftliche Partiturensammlungen aus dem 19. Jahrhundert, Hunderte von Musikaufnahmen (liturgische Konzerte, Zeremonien, Gottesdienste&#8230;) und Dutzende von Videokassetten.<\/p>\n<p>Das Archiv von Michel Heymann, das wir aus Luxemburg mitgebracht haben, ist am 8. Dezember 2022 im IEMJ eingetroffen. Dieser Bestand, der derzeit inventarisiert wird, wird aller Wahrscheinlichkeit nach ein gutes Jahr Arbeit erfordern, bevor er online zug\u00e4nglich gemacht werden kann.<\/p>\n<p>Indem er uns sein Lebenswerk \u00fcbergab, hat Michel Heymann uns nicht nur sein Vertrauen ausgesprochen, sondern uns implizit auch den Auftrag erteilt, die els\u00e4ssische Liturgie, die heute leider zum Verschwinden neigt, an k\u00fcnftige Generationen weiterzugeben.<\/p>\n<ul>\n<li><a href=\"https:\/\/www.iemj.org\/de\/fonds-michel-heymann\/\" target=\"_blank\" rel=\"noopener\">Sehen Sie sich den Nachlass von Michel Heymann an<\/a><\/li>\n<li><a href=\"https:\/\/www.iemj.org\/de\/heymann-michel-1952\/\" target=\"_blank\" rel=\"noopener\">Lesen Sie die Biografie von Michel Heymann <\/a><\/li>\n<li><a href=\"https:\/\/www.iemj.org\/de\/michel-heymann-liturgie-juive-achkenaze-traditionnelle\/\" target=\"_blank\" rel=\"noopener\">Ausz\u00fcge aus der von Michel Heymann gesungenen Rosch-Haschana-Liturgie anh\u00f6ren<\/a><\/li>\n<li><a href=\"http:\/\/www.judaisme-alsalor.fr\/histoire\/rabbins\/hazanim\/heyman.htm\" target=\"_blank\" rel=\"noopener\">Erfahren Sie mehr \u00fcber Michel Heymann und h\u00f6ren Sie weitere St\u00fccke online an<\/a><\/li>\n<li><a href=\"https:\/\/www.iemj.org\/de\/michel-heymann-et-la-liturgie-ashkenaze-de-la-vallee-du-rhin\/\" target=\"_blank\" rel=\"noopener\">Sehen Sie das Video \u201eMichel Heymann und die aschkenasische Liturgie im Rheintal\u201c.<\/a><\/li>\n<\/ul>\n<div id='gallery-1' class='gallery galleryid-91184 gallery-columns-1 gallery-size-full'><figure class='gallery-item'>\n\t\t\t<div class='gallery-icon landscape'>\n\t\t\t\t<a href='https:\/\/www.iemj.org\/de\/michel-heymann-confie-lensemble-de-ses-archives-musicales-a-liemj\/un-apercu-des-archives-de-michel-heymann1-2\/'><img decoding=\"async\" width=\"800\" height=\"359\" src=\"https:\/\/www.iemj.org\/wp-content\/uploads\/2022\/12\/Un-apercu-des-archives-de-Michel-Heymann1.jpg\" class=\"attachment-full size-full\" alt=\"\" srcset=\"https:\/\/www.iemj.org\/wp-content\/uploads\/2022\/12\/Un-apercu-des-archives-de-Michel-Heymann1.jpg 800w, https:\/\/www.iemj.org\/wp-content\/uploads\/2022\/12\/Un-apercu-des-archives-de-Michel-Heymann1-300x135.jpg 300w, https:\/\/www.iemj.org\/wp-content\/uploads\/2022\/12\/Un-apercu-des-archives-de-Michel-Heymann1-768x345.jpg 768w, https:\/\/www.iemj.org\/wp-content\/uploads\/2022\/12\/Un-apercu-des-archives-de-Michel-Heymann1-600x269.jpg 600w\" sizes=\"(max-width: 800px) 100vw, 800px\" \/><\/a>\n\t\t\t<\/div><\/figure>\n\t\t<\/div>\n\n<p style=\"text-align: center;\"><strong>Ein Einblick in das Archiv von Michel Heymann<\/strong><\/p>\n\n\n<div class=\"wp-block-columns is-layout-flex wp-container-core-columns-is-layout-9d6595d7 wp-block-columns-is-layout-flex\">\n<div class=\"wp-block-column is-layout-flow wp-block-column-is-layout-flow\">\n<div class=\"wp-block-columns is-layout-flex wp-container-core-columns-is-layout-9d6595d7 wp-block-columns-is-layout-flex\">\n<div class=\"wp-block-column is-layout-flow wp-block-column-is-layout-flow\">\n<figure class=\"wp-block-image size-full is-resized\"><img decoding=\"async\" width=\"333\" height=\"500\" src=\"https:\/\/www.iemj.org\/wp-content\/uploads\/2022\/12\/Un-apercu-des-archives-de-Michel-Heymann4.jpg\" alt=\"\" class=\"wp-image-91158\" style=\"width:183px;height:274px\" srcset=\"https:\/\/www.iemj.org\/wp-content\/uploads\/2022\/12\/Un-apercu-des-archives-de-Michel-Heymann4.jpg 333w, https:\/\/www.iemj.org\/wp-content\/uploads\/2022\/12\/Un-apercu-des-archives-de-Michel-Heymann4-200x300.jpg 200w\" sizes=\"(max-width: 333px) 100vw, 333px\" \/><\/figure>\n<\/div>\n\n\n\n<div class=\"wp-block-column is-layout-flow wp-block-column-is-layout-flow\">\n<figure class=\"wp-block-image size-full is-resized\"><img loading=\"lazy\" decoding=\"async\" width=\"225\" height=\"500\" src=\"https:\/\/www.iemj.org\/wp-content\/uploads\/2022\/12\/Un-apercu-des-archives-de-Michel-Heymann2.jpg\" alt=\"\" class=\"wp-image-91141\" style=\"width:159px;height:321px\" srcset=\"https:\/\/www.iemj.org\/wp-content\/uploads\/2022\/12\/Un-apercu-des-archives-de-Michel-Heymann2.jpg 225w, https:\/\/www.iemj.org\/wp-content\/uploads\/2022\/12\/Un-apercu-des-archives-de-Michel-Heymann2-135x300.jpg 135w\" sizes=\"(max-width: 225px) 100vw, 225px\" \/><\/figure>\n<\/div>\n<\/div>\n<\/div>\n\n\n\n<div class=\"wp-block-column is-layout-flow wp-block-column-is-layout-flow\">\n<div class=\"wp-block-columns is-layout-flex wp-container-core-columns-is-layout-9d6595d7 wp-block-columns-is-layout-flex\">\n<div class=\"wp-block-column is-layout-flow wp-block-column-is-layout-flow\">\n<figure class=\"wp-block-image size-full is-resized\"><img loading=\"lazy\" decoding=\"async\" width=\"225\" height=\"500\" src=\"https:\/\/www.iemj.org\/wp-content\/uploads\/2022\/12\/Un-apercu-des-archives-de-Michel-Heymann3.jpg\" alt=\"\" class=\"wp-image-91146\" style=\"width:159px;height:321px\" srcset=\"https:\/\/www.iemj.org\/wp-content\/uploads\/2022\/12\/Un-apercu-des-archives-de-Michel-Heymann3.jpg 225w, https:\/\/www.iemj.org\/wp-content\/uploads\/2022\/12\/Un-apercu-des-archives-de-Michel-Heymann3-135x300.jpg 135w\" sizes=\"(max-width: 225px) 100vw, 225px\" \/><\/figure>\n<\/div>\n\n\n\n<div class=\"wp-block-column is-layout-flow wp-block-column-is-layout-flow\">\n<figure class=\"wp-block-image size-full is-resized\"><img loading=\"lazy\" decoding=\"async\" width=\"337\" height=\"500\" src=\"https:\/\/www.iemj.org\/wp-content\/uploads\/2022\/12\/Un-apercu-des-archives-de-Michel-Heymann5.jpg\" alt=\"\" class=\"wp-image-91153\" style=\"width:183px;height:274px\" srcset=\"https:\/\/www.iemj.org\/wp-content\/uploads\/2022\/12\/Un-apercu-des-archives-de-Michel-Heymann5.jpg 337w, https:\/\/www.iemj.org\/wp-content\/uploads\/2022\/12\/Un-apercu-des-archives-de-Michel-Heymann5-202x300.jpg 202w\" sizes=\"(max-width: 337px) 100vw, 337px\" \/><\/figure>\n<\/div>\n<\/div>\n<\/div>\n<\/div>\n","protected":false},"excerpt":{"rendered":"<p>Michel Heymann ist einer der letzten Besitzer der achkenasischen Liturgie aus dem Rheintal. Er wurde 1952 in Stra\u00dfburg geboren und lernte die Liturgie bei Bertrand Joseph, dem ehemaligen Amtstr\u00e4ger in<\/p>\n","protected":false},"author":5,"featured_media":91118,"comment_status":"closed","ping_status":"closed","sticky":false,"template":"","format":"standard","meta":{"_acf_changed":false,"footnotes":""},"categories":[1341],"tags":[],"technique":[],"squelettes":[],"sujet":[2107,2099],"formation":[],"genre":[],"fonds":[],"tradition":[],"type-de-contenu":[],"interprete-compositeur":[3268],"frise":[],"type-devenement":[],"tableaux-liens-externes":[],"class_list":["post-91184","post","type-post","status-publish","format-standard","has-post-thumbnail","hentry","category-neuigkeiten-de","sujet-der-sanger-hazzan-de","sujet-elsass-lothringen-de","interprete-compositeur-michel-heymann-de"],"acf":[],"yoast_head":"<!-- This site is optimized with the Yoast SEO plugin v27.3 - https:\/\/yoast.com\/product\/yoast-seo-wordpress\/ -->\n<title>Michel Heymann vertraut dem IEMJ sein gesamtes Musikarchiv an - Institut Europ\u00e9en des Musiques Juives<\/title>\n<meta name=\"robots\" content=\"index, follow, max-snippet:-1, max-image-preview:large, max-video-preview:-1\" \/>\n<link rel=\"canonical\" href=\"https:\/\/www.iemj.org\/de\/michel-heymann-confie-lensemble-de-ses-archives-musicales-a-liemj\/\" \/>\n<meta property=\"og:locale\" content=\"de_DE\" \/>\n<meta property=\"og:type\" content=\"article\" \/>\n<meta property=\"og:title\" content=\"Michel Heymann vertraut dem IEMJ sein gesamtes Musikarchiv an - Institut Europ\u00e9en des Musiques Juives\" \/>\n<meta property=\"og:description\" content=\"Michel Heymann ist einer der letzten Besitzer der achkenasischen Liturgie aus dem Rheintal. Er wurde 1952 in Stra\u00dfburg geboren und lernte die Liturgie bei Bertrand Joseph, dem ehemaligen Amtstr\u00e4ger in\" \/>\n<meta property=\"og:url\" content=\"https:\/\/www.iemj.org\/de\/michel-heymann-confie-lensemble-de-ses-archives-musicales-a-liemj\/\" \/>\n<meta property=\"og:site_name\" content=\"Institut Europ\u00e9en des Musiques Juives\" \/>\n<meta property=\"article:publisher\" content=\"https:\/\/www.facebook.com\/MusiquesJuives\/\" \/>\n<meta property=\"article:published_time\" content=\"2022-12-15T10:56:40+00:00\" \/>\n<meta property=\"article:modified_time\" content=\"2025-03-27T14:32:19+00:00\" \/>\n<meta property=\"og:image\" content=\"https:\/\/www.iemj.org\/wp-content\/uploads\/2022\/12\/Logo-article-2.jpg\" \/>\n\t<meta property=\"og:image:width\" content=\"500\" \/>\n\t<meta property=\"og:image:height\" content=\"500\" \/>\n\t<meta property=\"og:image:type\" content=\"image\/jpeg\" \/>\n<meta name=\"author\" content=\"Jacqueline ROTEN\" \/>\n<meta name=\"twitter:card\" content=\"summary_large_image\" \/>\n<meta name=\"twitter:label1\" content=\"Verfasst von\" \/>\n\t<meta name=\"twitter:data1\" content=\"Jacqueline ROTEN\" \/>\n\t<meta name=\"twitter:label2\" content=\"Gesch\u00e4tzte Lesezeit\" \/>\n\t<meta name=\"twitter:data2\" content=\"3\u00a0Minuten\" \/>\n<script type=\"application\/ld+json\" class=\"yoast-schema-graph\">{\"@context\":\"https:\\\/\\\/schema.org\",\"@graph\":[{\"@type\":\"Article\",\"@id\":\"https:\\\/\\\/www.iemj.org\\\/de\\\/michel-heymann-confie-lensemble-de-ses-archives-musicales-a-liemj\\\/#article\",\"isPartOf\":{\"@id\":\"https:\\\/\\\/www.iemj.org\\\/de\\\/michel-heymann-confie-lensemble-de-ses-archives-musicales-a-liemj\\\/\"},\"author\":{\"name\":\"Jacqueline ROTEN\",\"@id\":\"https:\\\/\\\/www.iemj.org\\\/de\\\/#\\\/schema\\\/person\\\/358e26c18aca017fcc4cc15437f7279c\"},\"headline\":\"Michel Heymann vertraut dem IEMJ sein gesamtes Musikarchiv an\",\"datePublished\":\"2022-12-15T10:56:40+00:00\",\"dateModified\":\"2025-03-27T14:32:19+00:00\",\"mainEntityOfPage\":{\"@id\":\"https:\\\/\\\/www.iemj.org\\\/de\\\/michel-heymann-confie-lensemble-de-ses-archives-musicales-a-liemj\\\/\"},\"wordCount\":341,\"publisher\":{\"@id\":\"https:\\\/\\\/www.iemj.org\\\/de\\\/#organization\"},\"image\":{\"@id\":\"https:\\\/\\\/www.iemj.org\\\/de\\\/michel-heymann-confie-lensemble-de-ses-archives-musicales-a-liemj\\\/#primaryimage\"},\"thumbnailUrl\":\"https:\\\/\\\/www.iemj.org\\\/wp-content\\\/uploads\\\/2022\\\/12\\\/Logo-article-2.jpg\",\"articleSection\":[\"Neuigkeiten\"],\"inLanguage\":\"de\"},{\"@type\":\"WebPage\",\"@id\":\"https:\\\/\\\/www.iemj.org\\\/de\\\/michel-heymann-confie-lensemble-de-ses-archives-musicales-a-liemj\\\/\",\"url\":\"https:\\\/\\\/www.iemj.org\\\/de\\\/michel-heymann-confie-lensemble-de-ses-archives-musicales-a-liemj\\\/\",\"name\":\"Michel Heymann vertraut dem IEMJ sein gesamtes Musikarchiv an - Institut Europ\u00e9en des Musiques Juives\",\"isPartOf\":{\"@id\":\"https:\\\/\\\/www.iemj.org\\\/de\\\/#website\"},\"primaryImageOfPage\":{\"@id\":\"https:\\\/\\\/www.iemj.org\\\/de\\\/michel-heymann-confie-lensemble-de-ses-archives-musicales-a-liemj\\\/#primaryimage\"},\"image\":{\"@id\":\"https:\\\/\\\/www.iemj.org\\\/de\\\/michel-heymann-confie-lensemble-de-ses-archives-musicales-a-liemj\\\/#primaryimage\"},\"thumbnailUrl\":\"https:\\\/\\\/www.iemj.org\\\/wp-content\\\/uploads\\\/2022\\\/12\\\/Logo-article-2.jpg\",\"datePublished\":\"2022-12-15T10:56:40+00:00\",\"dateModified\":\"2025-03-27T14:32:19+00:00\",\"breadcrumb\":{\"@id\":\"https:\\\/\\\/www.iemj.org\\\/de\\\/michel-heymann-confie-lensemble-de-ses-archives-musicales-a-liemj\\\/#breadcrumb\"},\"inLanguage\":\"de\",\"potentialAction\":[{\"@type\":\"ReadAction\",\"target\":[\"https:\\\/\\\/www.iemj.org\\\/de\\\/michel-heymann-confie-lensemble-de-ses-archives-musicales-a-liemj\\\/\"]}]},{\"@type\":\"ImageObject\",\"inLanguage\":\"de\",\"@id\":\"https:\\\/\\\/www.iemj.org\\\/de\\\/michel-heymann-confie-lensemble-de-ses-archives-musicales-a-liemj\\\/#primaryimage\",\"url\":\"https:\\\/\\\/www.iemj.org\\\/wp-content\\\/uploads\\\/2022\\\/12\\\/Logo-article-2.jpg\",\"contentUrl\":\"https:\\\/\\\/www.iemj.org\\\/wp-content\\\/uploads\\\/2022\\\/12\\\/Logo-article-2.jpg\",\"width\":500,\"height\":500},{\"@type\":\"BreadcrumbList\",\"@id\":\"https:\\\/\\\/www.iemj.org\\\/de\\\/michel-heymann-confie-lensemble-de-ses-archives-musicales-a-liemj\\\/#breadcrumb\",\"itemListElement\":[{\"@type\":\"ListItem\",\"position\":1,\"name\":\"Accueil\",\"item\":\"https:\\\/\\\/www.iemj.org\\\/de\\\/\"},{\"@type\":\"ListItem\",\"position\":2,\"name\":\"Michel Heymann vertraut dem IEMJ sein gesamtes Musikarchiv an\"}]},{\"@type\":\"WebSite\",\"@id\":\"https:\\\/\\\/www.iemj.org\\\/de\\\/#website\",\"url\":\"https:\\\/\\\/www.iemj.org\\\/de\\\/\",\"name\":\"Institut Europ\u00e9en des Musiques Juives\",\"description\":\"Des traditions musicales \u00e0 la port\u00e9e de tous\",\"publisher\":{\"@id\":\"https:\\\/\\\/www.iemj.org\\\/de\\\/#organization\"},\"potentialAction\":[{\"@type\":\"SearchAction\",\"target\":{\"@type\":\"EntryPoint\",\"urlTemplate\":\"https:\\\/\\\/www.iemj.org\\\/de\\\/?s={search_term_string}\"},\"query-input\":{\"@type\":\"PropertyValueSpecification\",\"valueRequired\":true,\"valueName\":\"search_term_string\"}}],\"inLanguage\":\"de\"},{\"@type\":\"Organization\",\"@id\":\"https:\\\/\\\/www.iemj.org\\\/de\\\/#organization\",\"name\":\"Institut Europ\u00e9en des Musiques Juives\",\"url\":\"https:\\\/\\\/www.iemj.org\\\/de\\\/\",\"logo\":{\"@type\":\"ImageObject\",\"inLanguage\":\"de\",\"@id\":\"https:\\\/\\\/www.iemj.org\\\/de\\\/#\\\/schema\\\/logo\\\/image\\\/\",\"url\":\"https:\\\/\\\/www.iemj.org\\\/wp-content\\\/uploads\\\/2021\\\/09\\\/Logo-IEMJ-Paypal.jpg\",\"contentUrl\":\"https:\\\/\\\/www.iemj.org\\\/wp-content\\\/uploads\\\/2021\\\/09\\\/Logo-IEMJ-Paypal.jpg\",\"width\":150,\"height\":50,\"caption\":\"Institut Europ\u00e9en des Musiques Juives\"},\"image\":{\"@id\":\"https:\\\/\\\/www.iemj.org\\\/de\\\/#\\\/schema\\\/logo\\\/image\\\/\"},\"sameAs\":[\"https:\\\/\\\/www.facebook.com\\\/MusiquesJuives\\\/\",\"https:\\\/\\\/www.instagram.com\\\/musiquesjuives\\\/\",\"https:\\\/\\\/www.youtube.com\\\/user\\\/musiquesjuives\"]},{\"@type\":\"Person\",\"@id\":\"https:\\\/\\\/www.iemj.org\\\/de\\\/#\\\/schema\\\/person\\\/358e26c18aca017fcc4cc15437f7279c\",\"name\":\"Jacqueline ROTEN\",\"image\":{\"@type\":\"ImageObject\",\"inLanguage\":\"de\",\"@id\":\"https:\\\/\\\/secure.gravatar.com\\\/avatar\\\/5964256d6c6957de3a3505278957e0fb2a35119ac47ea41827a65301213c810b?s=96&d=mm&r=g\",\"url\":\"https:\\\/\\\/secure.gravatar.com\\\/avatar\\\/5964256d6c6957de3a3505278957e0fb2a35119ac47ea41827a65301213c810b?s=96&d=mm&r=g\",\"contentUrl\":\"https:\\\/\\\/secure.gravatar.com\\\/avatar\\\/5964256d6c6957de3a3505278957e0fb2a35119ac47ea41827a65301213c810b?s=96&d=mm&r=g\",\"caption\":\"Jacqueline ROTEN\"}}]}<\/script>\n<!-- \/ Yoast SEO plugin. -->","yoast_head_json":{"title":"Michel Heymann vertraut dem IEMJ sein gesamtes Musikarchiv an - Institut Europ\u00e9en des Musiques Juives","robots":{"index":"index","follow":"follow","max-snippet":"max-snippet:-1","max-image-preview":"max-image-preview:large","max-video-preview":"max-video-preview:-1"},"canonical":"https:\/\/www.iemj.org\/de\/michel-heymann-confie-lensemble-de-ses-archives-musicales-a-liemj\/","og_locale":"de_DE","og_type":"article","og_title":"Michel Heymann vertraut dem IEMJ sein gesamtes Musikarchiv an - Institut Europ\u00e9en des Musiques Juives","og_description":"Michel Heymann ist einer der letzten Besitzer der achkenasischen Liturgie aus dem Rheintal. Er wurde 1952 in Stra\u00dfburg geboren und lernte die Liturgie bei Bertrand Joseph, dem ehemaligen Amtstr\u00e4ger in","og_url":"https:\/\/www.iemj.org\/de\/michel-heymann-confie-lensemble-de-ses-archives-musicales-a-liemj\/","og_site_name":"Institut Europ\u00e9en des Musiques Juives","article_publisher":"https:\/\/www.facebook.com\/MusiquesJuives\/","article_published_time":"2022-12-15T10:56:40+00:00","article_modified_time":"2025-03-27T14:32:19+00:00","og_image":[{"width":500,"height":500,"url":"https:\/\/www.iemj.org\/wp-content\/uploads\/2022\/12\/Logo-article-2.jpg","type":"image\/jpeg"}],"author":"Jacqueline ROTEN","twitter_card":"summary_large_image","twitter_misc":{"Verfasst von":"Jacqueline ROTEN","Gesch\u00e4tzte Lesezeit":"3\u00a0Minuten"},"schema":{"@context":"https:\/\/schema.org","@graph":[{"@type":"Article","@id":"https:\/\/www.iemj.org\/de\/michel-heymann-confie-lensemble-de-ses-archives-musicales-a-liemj\/#article","isPartOf":{"@id":"https:\/\/www.iemj.org\/de\/michel-heymann-confie-lensemble-de-ses-archives-musicales-a-liemj\/"},"author":{"name":"Jacqueline ROTEN","@id":"https:\/\/www.iemj.org\/de\/#\/schema\/person\/358e26c18aca017fcc4cc15437f7279c"},"headline":"Michel Heymann vertraut dem IEMJ sein gesamtes Musikarchiv an","datePublished":"2022-12-15T10:56:40+00:00","dateModified":"2025-03-27T14:32:19+00:00","mainEntityOfPage":{"@id":"https:\/\/www.iemj.org\/de\/michel-heymann-confie-lensemble-de-ses-archives-musicales-a-liemj\/"},"wordCount":341,"publisher":{"@id":"https:\/\/www.iemj.org\/de\/#organization"},"image":{"@id":"https:\/\/www.iemj.org\/de\/michel-heymann-confie-lensemble-de-ses-archives-musicales-a-liemj\/#primaryimage"},"thumbnailUrl":"https:\/\/www.iemj.org\/wp-content\/uploads\/2022\/12\/Logo-article-2.jpg","articleSection":["Neuigkeiten"],"inLanguage":"de"},{"@type":"WebPage","@id":"https:\/\/www.iemj.org\/de\/michel-heymann-confie-lensemble-de-ses-archives-musicales-a-liemj\/","url":"https:\/\/www.iemj.org\/de\/michel-heymann-confie-lensemble-de-ses-archives-musicales-a-liemj\/","name":"Michel Heymann vertraut dem IEMJ sein gesamtes Musikarchiv an - Institut Europ\u00e9en des Musiques Juives","isPartOf":{"@id":"https:\/\/www.iemj.org\/de\/#website"},"primaryImageOfPage":{"@id":"https:\/\/www.iemj.org\/de\/michel-heymann-confie-lensemble-de-ses-archives-musicales-a-liemj\/#primaryimage"},"image":{"@id":"https:\/\/www.iemj.org\/de\/michel-heymann-confie-lensemble-de-ses-archives-musicales-a-liemj\/#primaryimage"},"thumbnailUrl":"https:\/\/www.iemj.org\/wp-content\/uploads\/2022\/12\/Logo-article-2.jpg","datePublished":"2022-12-15T10:56:40+00:00","dateModified":"2025-03-27T14:32:19+00:00","breadcrumb":{"@id":"https:\/\/www.iemj.org\/de\/michel-heymann-confie-lensemble-de-ses-archives-musicales-a-liemj\/#breadcrumb"},"inLanguage":"de","potentialAction":[{"@type":"ReadAction","target":["https:\/\/www.iemj.org\/de\/michel-heymann-confie-lensemble-de-ses-archives-musicales-a-liemj\/"]}]},{"@type":"ImageObject","inLanguage":"de","@id":"https:\/\/www.iemj.org\/de\/michel-heymann-confie-lensemble-de-ses-archives-musicales-a-liemj\/#primaryimage","url":"https:\/\/www.iemj.org\/wp-content\/uploads\/2022\/12\/Logo-article-2.jpg","contentUrl":"https:\/\/www.iemj.org\/wp-content\/uploads\/2022\/12\/Logo-article-2.jpg","width":500,"height":500},{"@type":"BreadcrumbList","@id":"https:\/\/www.iemj.org\/de\/michel-heymann-confie-lensemble-de-ses-archives-musicales-a-liemj\/#breadcrumb","itemListElement":[{"@type":"ListItem","position":1,"name":"Accueil","item":"https:\/\/www.iemj.org\/de\/"},{"@type":"ListItem","position":2,"name":"Michel Heymann vertraut dem IEMJ sein gesamtes Musikarchiv an"}]},{"@type":"WebSite","@id":"https:\/\/www.iemj.org\/de\/#website","url":"https:\/\/www.iemj.org\/de\/","name":"Institut Europ\u00e9en des Musiques Juives","description":"Des traditions musicales \u00e0 la port\u00e9e de tous","publisher":{"@id":"https:\/\/www.iemj.org\/de\/#organization"},"potentialAction":[{"@type":"SearchAction","target":{"@type":"EntryPoint","urlTemplate":"https:\/\/www.iemj.org\/de\/?s={search_term_string}"},"query-input":{"@type":"PropertyValueSpecification","valueRequired":true,"valueName":"search_term_string"}}],"inLanguage":"de"},{"@type":"Organization","@id":"https:\/\/www.iemj.org\/de\/#organization","name":"Institut Europ\u00e9en des Musiques Juives","url":"https:\/\/www.iemj.org\/de\/","logo":{"@type":"ImageObject","inLanguage":"de","@id":"https:\/\/www.iemj.org\/de\/#\/schema\/logo\/image\/","url":"https:\/\/www.iemj.org\/wp-content\/uploads\/2021\/09\/Logo-IEMJ-Paypal.jpg","contentUrl":"https:\/\/www.iemj.org\/wp-content\/uploads\/2021\/09\/Logo-IEMJ-Paypal.jpg","width":150,"height":50,"caption":"Institut Europ\u00e9en des Musiques Juives"},"image":{"@id":"https:\/\/www.iemj.org\/de\/#\/schema\/logo\/image\/"},"sameAs":["https:\/\/www.facebook.com\/MusiquesJuives\/","https:\/\/www.instagram.com\/musiquesjuives\/","https:\/\/www.youtube.com\/user\/musiquesjuives"]},{"@type":"Person","@id":"https:\/\/www.iemj.org\/de\/#\/schema\/person\/358e26c18aca017fcc4cc15437f7279c","name":"Jacqueline ROTEN","image":{"@type":"ImageObject","inLanguage":"de","@id":"https:\/\/secure.gravatar.com\/avatar\/5964256d6c6957de3a3505278957e0fb2a35119ac47ea41827a65301213c810b?s=96&d=mm&r=g","url":"https:\/\/secure.gravatar.com\/avatar\/5964256d6c6957de3a3505278957e0fb2a35119ac47ea41827a65301213c810b?s=96&d=mm&r=g","contentUrl":"https:\/\/secure.gravatar.com\/avatar\/5964256d6c6957de3a3505278957e0fb2a35119ac47ea41827a65301213c810b?s=96&d=mm&r=g","caption":"Jacqueline ROTEN"}}]}},"_links":{"self":[{"href":"https:\/\/www.iemj.org\/de\/wp-json\/wp\/v2\/posts\/91184","targetHints":{"allow":["GET"]}}],"collection":[{"href":"https:\/\/www.iemj.org\/de\/wp-json\/wp\/v2\/posts"}],"about":[{"href":"https:\/\/www.iemj.org\/de\/wp-json\/wp\/v2\/types\/post"}],"author":[{"embeddable":true,"href":"https:\/\/www.iemj.org\/de\/wp-json\/wp\/v2\/users\/5"}],"replies":[{"embeddable":true,"href":"https:\/\/www.iemj.org\/de\/wp-json\/wp\/v2\/comments?post=91184"}],"version-history":[{"count":0,"href":"https:\/\/www.iemj.org\/de\/wp-json\/wp\/v2\/posts\/91184\/revisions"}],"wp:featuredmedia":[{"embeddable":true,"href":"https:\/\/www.iemj.org\/de\/wp-json\/wp\/v2\/media\/91118"}],"wp:attachment":[{"href":"https:\/\/www.iemj.org\/de\/wp-json\/wp\/v2\/media?parent=91184"}],"wp:term":[{"taxonomy":"category","embeddable":true,"href":"https:\/\/www.iemj.org\/de\/wp-json\/wp\/v2\/categories?post=91184"},{"taxonomy":"post_tag","embeddable":true,"href":"https:\/\/www.iemj.org\/de\/wp-json\/wp\/v2\/tags?post=91184"},{"taxonomy":"technique","embeddable":true,"href":"https:\/\/www.iemj.org\/de\/wp-json\/wp\/v2\/technique?post=91184"},{"taxonomy":"squelettes","embeddable":true,"href":"https:\/\/www.iemj.org\/de\/wp-json\/wp\/v2\/squelettes?post=91184"},{"taxonomy":"sujet","embeddable":true,"href":"https:\/\/www.iemj.org\/de\/wp-json\/wp\/v2\/sujet?post=91184"},{"taxonomy":"formation","embeddable":true,"href":"https:\/\/www.iemj.org\/de\/wp-json\/wp\/v2\/formation?post=91184"},{"taxonomy":"genre","embeddable":true,"href":"https:\/\/www.iemj.org\/de\/wp-json\/wp\/v2\/genre?post=91184"},{"taxonomy":"fonds","embeddable":true,"href":"https:\/\/www.iemj.org\/de\/wp-json\/wp\/v2\/fonds?post=91184"},{"taxonomy":"tradition","embeddable":true,"href":"https:\/\/www.iemj.org\/de\/wp-json\/wp\/v2\/tradition?post=91184"},{"taxonomy":"type-de-contenu","embeddable":true,"href":"https:\/\/www.iemj.org\/de\/wp-json\/wp\/v2\/type-de-contenu?post=91184"},{"taxonomy":"interprete-compositeur","embeddable":true,"href":"https:\/\/www.iemj.org\/de\/wp-json\/wp\/v2\/interprete-compositeur?post=91184"},{"taxonomy":"frise","embeddable":true,"href":"https:\/\/www.iemj.org\/de\/wp-json\/wp\/v2\/frise?post=91184"},{"taxonomy":"type-devenement","embeddable":true,"href":"https:\/\/www.iemj.org\/de\/wp-json\/wp\/v2\/type-devenement?post=91184"},{"taxonomy":"tableaux-liens-externes","embeddable":true,"href":"https:\/\/www.iemj.org\/de\/wp-json\/wp\/v2\/tableaux-liens-externes?post=91184"}],"curies":[{"name":"wp","href":"https:\/\/api.w.org\/{rel}","templated":true}]}}