{"id":91356,"date":"2022-12-27T17:17:47","date_gmt":"2022-12-27T16:17:47","guid":{"rendered":"https:\/\/www.iemj.org\/les-affiches-de-concert-de-jacques-chalude-dit-ben-baruch\/"},"modified":"2023-01-30T11:31:39","modified_gmt":"2023-01-30T10:31:39","slug":"les-affiches-de-concert-de-jacques-chalude-dit-ben-baruch","status":"publish","type":"post","link":"https:\/\/www.iemj.org\/de\/les-affiches-de-concert-de-jacques-chalude-dit-ben-baruch\/","title":{"rendered":"Die Konzertplakate von Jacques Chalude, genannt Ben Baruch"},"content":{"rendered":"\n<p><a href=\"https:\/\/www.iemj.org\/de\/fonds-jacques-chalude-dit-ben-baruch\/\">Das Archiv von Jacques Chalude, genannt Ben Baruch<\/a>, wurde dem IEMJ 2015 von seinem Sohn Jo\u00ebl Chalude geschenkt. Es umfasst \u00fcber 440 Dokumente, darunter wundersch\u00f6ne bemalte Schallplatten mit 78 Umdrehungen, Partituren von Liturgien und jiddischen Liedern sowie fast 100 Konzertplakate und Zeitungsausschnitte aus den 1930er bis 1980er Jahren.<\/p>\n\n\n\n<p>Yitshak Zaludkowski wurde am 20. September 1914 in Staeiszyn in der Region Kalisz (Polen) in einer religi\u00f6sen Familie geboren. 1919 zog er mit seiner Familie nach Br\u00fcssel. Kurz nach der deutschen Invasion Belgiens im Jahr 1940 ging er ins Exil nach Frankreich und nahm den Namen Jacques Chalude an. W\u00e4hrend des Krieges setzte er sein Studium des Operngesangs fort und trat auf verschiedenen B\u00fchnen auf. Nach Kriegsende kehrte er nach Paris zur\u00fcck und wurde Solist bei der franz\u00f6sischen Rundfunkanstalt.<\/p>\n\n\n\n<p>1945 wurde er unter dem Namen Ben Baruch in dem von Sigmunt Berland geleiteten Habibi-Club in Paris engagiert und sang dort ein Repertoire, das haupts\u00e4chlich aus jiddischen und hebr\u00e4ischen Liedern bestand. Ab 1952 entschied er sich jedoch f\u00fcr den religi\u00f6sen Gesang und trat als Hazzan auf, insbesondere in der Synagoge Notre-Dame-de-Nazareth, wo er bis 1976 t\u00e4tig war. Er starb 1997 in Paris.<\/p>\n\n\n\n<p>Im Laufe seiner Karriere hat Ben Baruch verschiedene Musikstile verk\u00f6rpert: von Opernmelodien bis zu jiddischen Kabarettliedern, von der polnisch-j\u00fcdischen Liturgie bis zu aschkenasischen Konsistorialmelodien.<\/p>\n\n\n\n<p>Die Videomontage &#8222;Ben Baruch \u00e0 l&#8217;affiche&#8220;, die wir Ihnen unten anbieten, zeichnet vier Minuten lang die Karriere dieses au\u00dfergew\u00f6hnlichen S\u00e4ngers anhand einer Auswahl von Plakaten, Musikst\u00fccken und Fotografien nach.<\/p>\n\n\n\n<p><a href=\"https:\/\/www.iemj.org\/de\/chalude-jacques-dit-ben-baruch-1914-1997\/\" target=\"_blank\" rel=\"noreferrer noopener\">Lesen Sie die Biografie von Ben Baruch<\/a><\/p>\n\n\n\n<p><a href=\"https:\/\/www.iemj.org\/de\/fonds-jacques-chalude-dit-ben-baruch\/\" target=\"_blank\" rel=\"noreferrer noopener\">Zugang zum Archiv Jacques Chalude, genannt Ben Baruch<\/a><\/p>\n\n\n\n<p><a href=\"https:\/\/www.iemj.org\/de\/les-disques-78-tours-peints-de-ben-baruch\/\" target=\"_blank\" rel=\"noreferrer noopener\">Entdecken Sie die bemalten Schallplatten von Ben Baruch<\/a><\/p>\n\n\n\n<p><a href=\"https:\/\/www.iemj.org\/jacques-chalude-dit-ben-baruch-lartiste-aux-multiples-facettes\/\" target=\"_blank\" rel=\"noreferrer noopener\">Die Radiosendung Jacques Chalude, genannt Ben Baruch: Der vielseitige K\u00fcnstler anh\u00f6ren<\/a><\/p>\n\n\n\n<p><a href=\"https:\/\/www.iemj.org\/de\/produit\/casket-of-the-jewish-musics-in-paris-in-the-aftermath-of-ww-ii\/\"><a href=\"https:\/\/www.iemj.org\/de\/produit\/coffret-6-cds-musiques-juives-dans-le-paris-d-apres-guerre\/\">Kaufen Sie die Box &#8222;Musiques juives dans le Paris de l&#8217;apr\u00e8s- Guerre- Elesdisc 1948-1953, coll Archives, vol. 1 \u00e0 6.<\/a><\/a><\/p>\n\n\n\n<figure class=\"wp-block-embed is-type-video is-provider-youtube wp-block-embed-youtube wp-embed-aspect-4-3 wp-has-aspect-ratio\"><div class=\"wp-block-embed__wrapper\">\n<iframe title=\"LES AFFICHES DE CONCERTS DE JACQUES CHALUDE, DIT BEN BARUCH\" width=\"640\" height=\"480\" src=\"https:\/\/www.youtube.com\/embed\/UpSRw9UbGrM?feature=oembed\" frameborder=\"0\" allow=\"accelerometer; autoplay; clipboard-write; encrypted-media; gyroscope; picture-in-picture; web-share\" referrerpolicy=\"strict-origin-when-cross-origin\" allowfullscreen><\/iframe>\n<\/div><figcaption class=\"wp-element-caption\"><strong>Ben Baruch \u00e0 l\u2019affiche<\/strong><em><strong> (Ben Baruch auf dem Laufenden)<\/strong><\/em><\/figcaption><\/figure>\n","protected":false},"excerpt":{"rendered":"<p>Das Archiv von Jacques Chalude, genannt Ben Baruch, wurde dem IEMJ 2015 von seinem Sohn Jo\u00ebl Chalude geschenkt. Es umfasst \u00fcber 440 Dokumente, darunter wundersch\u00f6ne bemalte Schallplatten mit 78 Umdrehungen,<\/p>\n","protected":false},"author":5,"featured_media":91352,"comment_status":"closed","ping_status":"closed","sticky":false,"template":"","format":"standard","meta":{"_acf_changed":false,"footnotes":""},"categories":[1563],"tags":[],"technique":[],"squelettes":[],"sujet":[],"formation":[],"genre":[],"fonds":[],"tradition":[],"type-de-contenu":[],"interprete-compositeur":[3101],"frise":[],"type-devenement":[],"tableaux-liens-externes":[],"class_list":["post-91356","post","type-post","status-publish","format-standard","has-post-thumbnail","hentry","category-highlights-de","interprete-compositeur-ben-baruch-de"],"acf":[],"yoast_head":"<!-- This site is optimized with the Yoast SEO plugin v27.3 - https:\/\/yoast.com\/product\/yoast-seo-wordpress\/ -->\n<title>Die Konzertplakate von Jacques Chalude, genannt Ben Baruch - Institut Europ\u00e9en des Musiques Juives<\/title>\n<meta name=\"robots\" content=\"index, follow, max-snippet:-1, max-image-preview:large, max-video-preview:-1\" \/>\n<link rel=\"canonical\" href=\"https:\/\/www.iemj.org\/de\/les-affiches-de-concert-de-jacques-chalude-dit-ben-baruch\/\" \/>\n<meta property=\"og:locale\" content=\"de_DE\" \/>\n<meta property=\"og:type\" content=\"article\" \/>\n<meta property=\"og:title\" content=\"Die Konzertplakate von Jacques Chalude, genannt Ben Baruch - Institut Europ\u00e9en des Musiques Juives\" \/>\n<meta property=\"og:description\" content=\"Das Archiv von Jacques Chalude, genannt Ben Baruch, wurde dem IEMJ 2015 von seinem Sohn Jo\u00ebl Chalude geschenkt. Es umfasst \u00fcber 440 Dokumente, darunter wundersch\u00f6ne bemalte Schallplatten mit 78 Umdrehungen,\" \/>\n<meta property=\"og:url\" content=\"https:\/\/www.iemj.org\/de\/les-affiches-de-concert-de-jacques-chalude-dit-ben-baruch\/\" \/>\n<meta property=\"og:site_name\" content=\"Institut Europ\u00e9en des Musiques Juives\" \/>\n<meta property=\"article:publisher\" content=\"https:\/\/www.facebook.com\/MusiquesJuives\/\" \/>\n<meta property=\"article:published_time\" content=\"2022-12-27T16:17:47+00:00\" \/>\n<meta property=\"article:modified_time\" content=\"2023-01-30T10:31:39+00:00\" \/>\n<meta property=\"og:image\" content=\"https:\/\/www.iemj.org\/wp-content\/uploads\/2022\/12\/Logo-article-3.jpg\" \/>\n\t<meta property=\"og:image:width\" content=\"500\" \/>\n\t<meta property=\"og:image:height\" content=\"500\" \/>\n\t<meta property=\"og:image:type\" content=\"image\/jpeg\" \/>\n<meta name=\"author\" content=\"Jacqueline ROTEN\" \/>\n<meta name=\"twitter:card\" content=\"summary_large_image\" \/>\n<meta name=\"twitter:label1\" content=\"Verfasst von\" \/>\n\t<meta name=\"twitter:data1\" content=\"Jacqueline ROTEN\" \/>\n\t<meta name=\"twitter:label2\" content=\"Gesch\u00e4tzte Lesezeit\" \/>\n\t<meta name=\"twitter:data2\" content=\"2\u00a0Minuten\" \/>\n<script type=\"application\/ld+json\" class=\"yoast-schema-graph\">{\"@context\":\"https:\\\/\\\/schema.org\",\"@graph\":[{\"@type\":\"Article\",\"@id\":\"https:\\\/\\\/www.iemj.org\\\/de\\\/les-affiches-de-concert-de-jacques-chalude-dit-ben-baruch\\\/#article\",\"isPartOf\":{\"@id\":\"https:\\\/\\\/www.iemj.org\\\/de\\\/les-affiches-de-concert-de-jacques-chalude-dit-ben-baruch\\\/\"},\"author\":{\"name\":\"Jacqueline ROTEN\",\"@id\":\"https:\\\/\\\/www.iemj.org\\\/de\\\/#\\\/schema\\\/person\\\/358e26c18aca017fcc4cc15437f7279c\"},\"headline\":\"Die Konzertplakate von Jacques Chalude, genannt Ben Baruch\",\"datePublished\":\"2022-12-27T16:17:47+00:00\",\"dateModified\":\"2023-01-30T10:31:39+00:00\",\"mainEntityOfPage\":{\"@id\":\"https:\\\/\\\/www.iemj.org\\\/de\\\/les-affiches-de-concert-de-jacques-chalude-dit-ben-baruch\\\/\"},\"wordCount\":336,\"publisher\":{\"@id\":\"https:\\\/\\\/www.iemj.org\\\/de\\\/#organization\"},\"image\":{\"@id\":\"https:\\\/\\\/www.iemj.org\\\/de\\\/les-affiches-de-concert-de-jacques-chalude-dit-ben-baruch\\\/#primaryimage\"},\"thumbnailUrl\":\"https:\\\/\\\/www.iemj.org\\\/wp-content\\\/uploads\\\/2022\\\/12\\\/Logo-article-3.jpg\",\"articleSection\":[\"Highlights\"],\"inLanguage\":\"de\"},{\"@type\":\"WebPage\",\"@id\":\"https:\\\/\\\/www.iemj.org\\\/de\\\/les-affiches-de-concert-de-jacques-chalude-dit-ben-baruch\\\/\",\"url\":\"https:\\\/\\\/www.iemj.org\\\/de\\\/les-affiches-de-concert-de-jacques-chalude-dit-ben-baruch\\\/\",\"name\":\"Die Konzertplakate von Jacques Chalude, genannt Ben Baruch - Institut Europ\u00e9en des Musiques Juives\",\"isPartOf\":{\"@id\":\"https:\\\/\\\/www.iemj.org\\\/de\\\/#website\"},\"primaryImageOfPage\":{\"@id\":\"https:\\\/\\\/www.iemj.org\\\/de\\\/les-affiches-de-concert-de-jacques-chalude-dit-ben-baruch\\\/#primaryimage\"},\"image\":{\"@id\":\"https:\\\/\\\/www.iemj.org\\\/de\\\/les-affiches-de-concert-de-jacques-chalude-dit-ben-baruch\\\/#primaryimage\"},\"thumbnailUrl\":\"https:\\\/\\\/www.iemj.org\\\/wp-content\\\/uploads\\\/2022\\\/12\\\/Logo-article-3.jpg\",\"datePublished\":\"2022-12-27T16:17:47+00:00\",\"dateModified\":\"2023-01-30T10:31:39+00:00\",\"breadcrumb\":{\"@id\":\"https:\\\/\\\/www.iemj.org\\\/de\\\/les-affiches-de-concert-de-jacques-chalude-dit-ben-baruch\\\/#breadcrumb\"},\"inLanguage\":\"de\",\"potentialAction\":[{\"@type\":\"ReadAction\",\"target\":[\"https:\\\/\\\/www.iemj.org\\\/de\\\/les-affiches-de-concert-de-jacques-chalude-dit-ben-baruch\\\/\"]}]},{\"@type\":\"ImageObject\",\"inLanguage\":\"de\",\"@id\":\"https:\\\/\\\/www.iemj.org\\\/de\\\/les-affiches-de-concert-de-jacques-chalude-dit-ben-baruch\\\/#primaryimage\",\"url\":\"https:\\\/\\\/www.iemj.org\\\/wp-content\\\/uploads\\\/2022\\\/12\\\/Logo-article-3.jpg\",\"contentUrl\":\"https:\\\/\\\/www.iemj.org\\\/wp-content\\\/uploads\\\/2022\\\/12\\\/Logo-article-3.jpg\",\"width\":500,\"height\":500},{\"@type\":\"BreadcrumbList\",\"@id\":\"https:\\\/\\\/www.iemj.org\\\/de\\\/les-affiches-de-concert-de-jacques-chalude-dit-ben-baruch\\\/#breadcrumb\",\"itemListElement\":[{\"@type\":\"ListItem\",\"position\":1,\"name\":\"Accueil\",\"item\":\"https:\\\/\\\/www.iemj.org\\\/de\\\/\"},{\"@type\":\"ListItem\",\"position\":2,\"name\":\"Die Konzertplakate von Jacques Chalude, genannt Ben Baruch\"}]},{\"@type\":\"WebSite\",\"@id\":\"https:\\\/\\\/www.iemj.org\\\/de\\\/#website\",\"url\":\"https:\\\/\\\/www.iemj.org\\\/de\\\/\",\"name\":\"Institut Europ\u00e9en des Musiques Juives\",\"description\":\"Des traditions musicales \u00e0 la port\u00e9e de tous\",\"publisher\":{\"@id\":\"https:\\\/\\\/www.iemj.org\\\/de\\\/#organization\"},\"potentialAction\":[{\"@type\":\"SearchAction\",\"target\":{\"@type\":\"EntryPoint\",\"urlTemplate\":\"https:\\\/\\\/www.iemj.org\\\/de\\\/?s={search_term_string}\"},\"query-input\":{\"@type\":\"PropertyValueSpecification\",\"valueRequired\":true,\"valueName\":\"search_term_string\"}}],\"inLanguage\":\"de\"},{\"@type\":\"Organization\",\"@id\":\"https:\\\/\\\/www.iemj.org\\\/de\\\/#organization\",\"name\":\"Institut Europ\u00e9en des Musiques Juives\",\"url\":\"https:\\\/\\\/www.iemj.org\\\/de\\\/\",\"logo\":{\"@type\":\"ImageObject\",\"inLanguage\":\"de\",\"@id\":\"https:\\\/\\\/www.iemj.org\\\/de\\\/#\\\/schema\\\/logo\\\/image\\\/\",\"url\":\"https:\\\/\\\/www.iemj.org\\\/wp-content\\\/uploads\\\/2021\\\/09\\\/Logo-IEMJ-Paypal.jpg\",\"contentUrl\":\"https:\\\/\\\/www.iemj.org\\\/wp-content\\\/uploads\\\/2021\\\/09\\\/Logo-IEMJ-Paypal.jpg\",\"width\":150,\"height\":50,\"caption\":\"Institut Europ\u00e9en des Musiques Juives\"},\"image\":{\"@id\":\"https:\\\/\\\/www.iemj.org\\\/de\\\/#\\\/schema\\\/logo\\\/image\\\/\"},\"sameAs\":[\"https:\\\/\\\/www.facebook.com\\\/MusiquesJuives\\\/\",\"https:\\\/\\\/www.instagram.com\\\/musiquesjuives\\\/\",\"https:\\\/\\\/www.youtube.com\\\/user\\\/musiquesjuives\"]},{\"@type\":\"Person\",\"@id\":\"https:\\\/\\\/www.iemj.org\\\/de\\\/#\\\/schema\\\/person\\\/358e26c18aca017fcc4cc15437f7279c\",\"name\":\"Jacqueline ROTEN\",\"image\":{\"@type\":\"ImageObject\",\"inLanguage\":\"de\",\"@id\":\"https:\\\/\\\/secure.gravatar.com\\\/avatar\\\/5964256d6c6957de3a3505278957e0fb2a35119ac47ea41827a65301213c810b?s=96&d=mm&r=g\",\"url\":\"https:\\\/\\\/secure.gravatar.com\\\/avatar\\\/5964256d6c6957de3a3505278957e0fb2a35119ac47ea41827a65301213c810b?s=96&d=mm&r=g\",\"contentUrl\":\"https:\\\/\\\/secure.gravatar.com\\\/avatar\\\/5964256d6c6957de3a3505278957e0fb2a35119ac47ea41827a65301213c810b?s=96&d=mm&r=g\",\"caption\":\"Jacqueline ROTEN\"}}]}<\/script>\n<!-- \/ Yoast SEO plugin. -->","yoast_head_json":{"title":"Die Konzertplakate von Jacques Chalude, genannt Ben Baruch - Institut Europ\u00e9en des Musiques Juives","robots":{"index":"index","follow":"follow","max-snippet":"max-snippet:-1","max-image-preview":"max-image-preview:large","max-video-preview":"max-video-preview:-1"},"canonical":"https:\/\/www.iemj.org\/de\/les-affiches-de-concert-de-jacques-chalude-dit-ben-baruch\/","og_locale":"de_DE","og_type":"article","og_title":"Die Konzertplakate von Jacques Chalude, genannt Ben Baruch - Institut Europ\u00e9en des Musiques Juives","og_description":"Das Archiv von Jacques Chalude, genannt Ben Baruch, wurde dem IEMJ 2015 von seinem Sohn Jo\u00ebl Chalude geschenkt. Es umfasst \u00fcber 440 Dokumente, darunter wundersch\u00f6ne bemalte Schallplatten mit 78 Umdrehungen,","og_url":"https:\/\/www.iemj.org\/de\/les-affiches-de-concert-de-jacques-chalude-dit-ben-baruch\/","og_site_name":"Institut Europ\u00e9en des Musiques Juives","article_publisher":"https:\/\/www.facebook.com\/MusiquesJuives\/","article_published_time":"2022-12-27T16:17:47+00:00","article_modified_time":"2023-01-30T10:31:39+00:00","og_image":[{"width":500,"height":500,"url":"https:\/\/www.iemj.org\/wp-content\/uploads\/2022\/12\/Logo-article-3.jpg","type":"image\/jpeg"}],"author":"Jacqueline ROTEN","twitter_card":"summary_large_image","twitter_misc":{"Verfasst von":"Jacqueline ROTEN","Gesch\u00e4tzte Lesezeit":"2\u00a0Minuten"},"schema":{"@context":"https:\/\/schema.org","@graph":[{"@type":"Article","@id":"https:\/\/www.iemj.org\/de\/les-affiches-de-concert-de-jacques-chalude-dit-ben-baruch\/#article","isPartOf":{"@id":"https:\/\/www.iemj.org\/de\/les-affiches-de-concert-de-jacques-chalude-dit-ben-baruch\/"},"author":{"name":"Jacqueline ROTEN","@id":"https:\/\/www.iemj.org\/de\/#\/schema\/person\/358e26c18aca017fcc4cc15437f7279c"},"headline":"Die Konzertplakate von Jacques Chalude, genannt Ben Baruch","datePublished":"2022-12-27T16:17:47+00:00","dateModified":"2023-01-30T10:31:39+00:00","mainEntityOfPage":{"@id":"https:\/\/www.iemj.org\/de\/les-affiches-de-concert-de-jacques-chalude-dit-ben-baruch\/"},"wordCount":336,"publisher":{"@id":"https:\/\/www.iemj.org\/de\/#organization"},"image":{"@id":"https:\/\/www.iemj.org\/de\/les-affiches-de-concert-de-jacques-chalude-dit-ben-baruch\/#primaryimage"},"thumbnailUrl":"https:\/\/www.iemj.org\/wp-content\/uploads\/2022\/12\/Logo-article-3.jpg","articleSection":["Highlights"],"inLanguage":"de"},{"@type":"WebPage","@id":"https:\/\/www.iemj.org\/de\/les-affiches-de-concert-de-jacques-chalude-dit-ben-baruch\/","url":"https:\/\/www.iemj.org\/de\/les-affiches-de-concert-de-jacques-chalude-dit-ben-baruch\/","name":"Die Konzertplakate von Jacques Chalude, genannt Ben Baruch - Institut Europ\u00e9en des Musiques Juives","isPartOf":{"@id":"https:\/\/www.iemj.org\/de\/#website"},"primaryImageOfPage":{"@id":"https:\/\/www.iemj.org\/de\/les-affiches-de-concert-de-jacques-chalude-dit-ben-baruch\/#primaryimage"},"image":{"@id":"https:\/\/www.iemj.org\/de\/les-affiches-de-concert-de-jacques-chalude-dit-ben-baruch\/#primaryimage"},"thumbnailUrl":"https:\/\/www.iemj.org\/wp-content\/uploads\/2022\/12\/Logo-article-3.jpg","datePublished":"2022-12-27T16:17:47+00:00","dateModified":"2023-01-30T10:31:39+00:00","breadcrumb":{"@id":"https:\/\/www.iemj.org\/de\/les-affiches-de-concert-de-jacques-chalude-dit-ben-baruch\/#breadcrumb"},"inLanguage":"de","potentialAction":[{"@type":"ReadAction","target":["https:\/\/www.iemj.org\/de\/les-affiches-de-concert-de-jacques-chalude-dit-ben-baruch\/"]}]},{"@type":"ImageObject","inLanguage":"de","@id":"https:\/\/www.iemj.org\/de\/les-affiches-de-concert-de-jacques-chalude-dit-ben-baruch\/#primaryimage","url":"https:\/\/www.iemj.org\/wp-content\/uploads\/2022\/12\/Logo-article-3.jpg","contentUrl":"https:\/\/www.iemj.org\/wp-content\/uploads\/2022\/12\/Logo-article-3.jpg","width":500,"height":500},{"@type":"BreadcrumbList","@id":"https:\/\/www.iemj.org\/de\/les-affiches-de-concert-de-jacques-chalude-dit-ben-baruch\/#breadcrumb","itemListElement":[{"@type":"ListItem","position":1,"name":"Accueil","item":"https:\/\/www.iemj.org\/de\/"},{"@type":"ListItem","position":2,"name":"Die Konzertplakate von Jacques Chalude, genannt Ben Baruch"}]},{"@type":"WebSite","@id":"https:\/\/www.iemj.org\/de\/#website","url":"https:\/\/www.iemj.org\/de\/","name":"Institut Europ\u00e9en des Musiques Juives","description":"Des traditions musicales \u00e0 la port\u00e9e de tous","publisher":{"@id":"https:\/\/www.iemj.org\/de\/#organization"},"potentialAction":[{"@type":"SearchAction","target":{"@type":"EntryPoint","urlTemplate":"https:\/\/www.iemj.org\/de\/?s={search_term_string}"},"query-input":{"@type":"PropertyValueSpecification","valueRequired":true,"valueName":"search_term_string"}}],"inLanguage":"de"},{"@type":"Organization","@id":"https:\/\/www.iemj.org\/de\/#organization","name":"Institut Europ\u00e9en des Musiques Juives","url":"https:\/\/www.iemj.org\/de\/","logo":{"@type":"ImageObject","inLanguage":"de","@id":"https:\/\/www.iemj.org\/de\/#\/schema\/logo\/image\/","url":"https:\/\/www.iemj.org\/wp-content\/uploads\/2021\/09\/Logo-IEMJ-Paypal.jpg","contentUrl":"https:\/\/www.iemj.org\/wp-content\/uploads\/2021\/09\/Logo-IEMJ-Paypal.jpg","width":150,"height":50,"caption":"Institut Europ\u00e9en des Musiques Juives"},"image":{"@id":"https:\/\/www.iemj.org\/de\/#\/schema\/logo\/image\/"},"sameAs":["https:\/\/www.facebook.com\/MusiquesJuives\/","https:\/\/www.instagram.com\/musiquesjuives\/","https:\/\/www.youtube.com\/user\/musiquesjuives"]},{"@type":"Person","@id":"https:\/\/www.iemj.org\/de\/#\/schema\/person\/358e26c18aca017fcc4cc15437f7279c","name":"Jacqueline ROTEN","image":{"@type":"ImageObject","inLanguage":"de","@id":"https:\/\/secure.gravatar.com\/avatar\/5964256d6c6957de3a3505278957e0fb2a35119ac47ea41827a65301213c810b?s=96&d=mm&r=g","url":"https:\/\/secure.gravatar.com\/avatar\/5964256d6c6957de3a3505278957e0fb2a35119ac47ea41827a65301213c810b?s=96&d=mm&r=g","contentUrl":"https:\/\/secure.gravatar.com\/avatar\/5964256d6c6957de3a3505278957e0fb2a35119ac47ea41827a65301213c810b?s=96&d=mm&r=g","caption":"Jacqueline ROTEN"}}]}},"_links":{"self":[{"href":"https:\/\/www.iemj.org\/de\/wp-json\/wp\/v2\/posts\/91356","targetHints":{"allow":["GET"]}}],"collection":[{"href":"https:\/\/www.iemj.org\/de\/wp-json\/wp\/v2\/posts"}],"about":[{"href":"https:\/\/www.iemj.org\/de\/wp-json\/wp\/v2\/types\/post"}],"author":[{"embeddable":true,"href":"https:\/\/www.iemj.org\/de\/wp-json\/wp\/v2\/users\/5"}],"replies":[{"embeddable":true,"href":"https:\/\/www.iemj.org\/de\/wp-json\/wp\/v2\/comments?post=91356"}],"version-history":[{"count":0,"href":"https:\/\/www.iemj.org\/de\/wp-json\/wp\/v2\/posts\/91356\/revisions"}],"wp:featuredmedia":[{"embeddable":true,"href":"https:\/\/www.iemj.org\/de\/wp-json\/wp\/v2\/media\/91352"}],"wp:attachment":[{"href":"https:\/\/www.iemj.org\/de\/wp-json\/wp\/v2\/media?parent=91356"}],"wp:term":[{"taxonomy":"category","embeddable":true,"href":"https:\/\/www.iemj.org\/de\/wp-json\/wp\/v2\/categories?post=91356"},{"taxonomy":"post_tag","embeddable":true,"href":"https:\/\/www.iemj.org\/de\/wp-json\/wp\/v2\/tags?post=91356"},{"taxonomy":"technique","embeddable":true,"href":"https:\/\/www.iemj.org\/de\/wp-json\/wp\/v2\/technique?post=91356"},{"taxonomy":"squelettes","embeddable":true,"href":"https:\/\/www.iemj.org\/de\/wp-json\/wp\/v2\/squelettes?post=91356"},{"taxonomy":"sujet","embeddable":true,"href":"https:\/\/www.iemj.org\/de\/wp-json\/wp\/v2\/sujet?post=91356"},{"taxonomy":"formation","embeddable":true,"href":"https:\/\/www.iemj.org\/de\/wp-json\/wp\/v2\/formation?post=91356"},{"taxonomy":"genre","embeddable":true,"href":"https:\/\/www.iemj.org\/de\/wp-json\/wp\/v2\/genre?post=91356"},{"taxonomy":"fonds","embeddable":true,"href":"https:\/\/www.iemj.org\/de\/wp-json\/wp\/v2\/fonds?post=91356"},{"taxonomy":"tradition","embeddable":true,"href":"https:\/\/www.iemj.org\/de\/wp-json\/wp\/v2\/tradition?post=91356"},{"taxonomy":"type-de-contenu","embeddable":true,"href":"https:\/\/www.iemj.org\/de\/wp-json\/wp\/v2\/type-de-contenu?post=91356"},{"taxonomy":"interprete-compositeur","embeddable":true,"href":"https:\/\/www.iemj.org\/de\/wp-json\/wp\/v2\/interprete-compositeur?post=91356"},{"taxonomy":"frise","embeddable":true,"href":"https:\/\/www.iemj.org\/de\/wp-json\/wp\/v2\/frise?post=91356"},{"taxonomy":"type-devenement","embeddable":true,"href":"https:\/\/www.iemj.org\/de\/wp-json\/wp\/v2\/type-devenement?post=91356"},{"taxonomy":"tableaux-liens-externes","embeddable":true,"href":"https:\/\/www.iemj.org\/de\/wp-json\/wp\/v2\/tableaux-liens-externes?post=91356"}],"curies":[{"name":"wp","href":"https:\/\/api.w.org\/{rel}","templated":true}]}}