{"id":91570,"date":"2016-09-14T16:19:27","date_gmt":"2016-09-14T14:19:27","guid":{"rendered":"https:\/\/www.iemj.org\/engel-helene\/"},"modified":"2023-01-02T17:16:56","modified_gmt":"2023-01-02T16:16:56","slug":"engel-helene","status":"publish","type":"post","link":"https:\/\/www.iemj.org\/de\/engel-helene\/","title":{"rendered":"Engel, H\u00e9l\u00e8ne"},"content":{"rendered":"<p>H\u00e9l\u00e8ne Engel ist eine klassisch ausgebildete S\u00e4ngerin, Musikwissenschaftlerin, Autorin, Komponistin, Interpretin und Arrangeurin. Sie ist Spezialistin f\u00fcr j\u00fcdische Folklore und singt auf Jiddisch, Hebr\u00e4isch, Judeo-Spanisch sowie auf Franz\u00f6sisch, Englisch und anderen Sprachen.<\/p>\n<p>Die geb\u00fcrtige Pariserin lebt in Montreal und singt gelegentlich als Solokantorin im Tempel Emanu-El Beth Sholom. Ihre Leidenschaft gilt allen Aspekten der j\u00fcdischen Musik, von der Sammlung vor Ort bis hin zu aktuellen Kompositionen, von bekannten Volksliedern \u00fcber seltene und unbekannte Juwelen bis hin zur sozioethnologischen Forschung. Auf seinen Tourneen tritt er regelm\u00e4\u00dfig bei Festivals in Frankreich oder anderen Teilen Europas auf.<\/p>\n<p>Nach vielen Jahren der Forschung und Erkundung sch\u00f6pft H\u00e9l\u00e8ne Engel aus einem gro\u00dfen Repertoire an Melodien, Musik und Texten auf Jiddisch, Judeo-Spanisch, Russisch, Franz\u00f6sisch, Hebr\u00e4isch usw., um diese kleinen Fragmente des j\u00fcdischen Lebens voller Geschmack, Humor oder Melancholie auf die B\u00fchne zu bringen, in die sie ihre eigenen Kompositionen und Werke zeitgen\u00f6ssischer K\u00fcnstler einflie\u00dfen l\u00e4sst.<\/p>\n<p><img fetchpriority=\"high\" decoding=\"async\" class=\"size-full wp-image-11609 aligncenter\" src=\"https:\/\/www.iemj.org\/wp-content\/uploads\/2016\/09\/doc_helene_engel_500px.jpg\" alt=\"doc_helene_engel_500px.jpg\" width=\"500\" height=\"178\" align=\"middle\" srcset=\"https:\/\/www.iemj.org\/wp-content\/uploads\/2016\/09\/doc_helene_engel_500px.jpg 500w, https:\/\/www.iemj.org\/wp-content\/uploads\/2016\/09\/doc_helene_engel_500px-300x107.jpg 300w\" sizes=\"(max-width: 500px) 100vw, 500px\" \/><\/p>\n<p><a href=\"http:\/\/www.helene-engel.com\/fr\/home\" target=\"_blank\" rel=\"noopener\">Besuchen Sie die Website der K\u00fcnstlerin<\/a><\/p>\n<p><a href=\"https:\/\/www.iemj.org\/de\/playlist-speciale-helene-engel\/\" target=\"_blank\" rel=\"noopener\">Die spezielle Playlist von H\u00e9l\u00e8ne Engel anh\u00f6ren.<\/a><\/p>\n<p><a href=\"https:\/\/www.iemj.org\/de\/categorie\/ecouter-voir\/emissions-de-radio\/emissions-helene-engel\/\" target=\"_blank\" rel=\"noopener\"> Sehen Sie sich den Radiofundus von H\u00e9l\u00e8ne Engel an.<\/a><\/p>\n<p><a href=\"http:\/\/www.rachelnet.net\/F\/?func=find-c&amp;ccl_term=WRD+%3D+H%C3%A9l%C3%A8ne+Engel&amp;local_base=iemcg\" target=\"_blank\" rel=\"noopener\">Sehen Sie sich unser Archiv zu H\u00e9l\u00e8ne Engel an.<\/a><\/p>\n<div style=\"text-align: center;\">\n<div style=\"margin: 8px 0px 4px;\"><a href=\"http:\/\/www.calameo.com\/books\/004612749e35a070b2b36\" target=\"_blank\" rel=\"noopener noreferrer\">La Serena &#8211; H\u00e9l\u00e8ne Engel<\/a><\/div>\n<p><iframe style=\"margin: 0 auto;\" src=\"\/\/v.calameo.com\/?bkcode=004612749e35a070b2b36&amp;mode=mini\" width=\"480\" height=\"300\" frameborder=\"0\" scrolling=\"no\" allowfullscreen=\"allowfullscreen\"><\/iframe><\/p>\n<div style=\"margin: 4px 0px 8px;\"><\/div>\n<\/div>\n","protected":false},"excerpt":{"rendered":"<p>H\u00e9l\u00e8ne Engel ist eine klassisch ausgebildete S\u00e4ngerin, Musikwissenschaftlerin, Autorin, Komponistin, Interpretin und Arrangeurin. Sie ist Spezialistin f\u00fcr j\u00fcdische Folklore und singt auf Jiddisch, Hebr\u00e4isch, Judeo-Spanisch sowie auf Franz\u00f6sisch, Englisch und<\/p>\n","protected":false},"author":1052,"featured_media":91571,"comment_status":"closed","ping_status":"open","sticky":false,"template":"","format":"standard","meta":{"_acf_changed":false,"footnotes":""},"categories":[1415],"tags":[],"technique":[],"squelettes":[],"sujet":[],"formation":[],"genre":[],"fonds":[],"tradition":[],"type-de-contenu":[],"interprete-compositeur":[],"frise":[],"type-devenement":[],"tableaux-liens-externes":[],"class_list":["post-91570","post","type-post","status-publish","format-standard","has-post-thumbnail","hentry","category-biografien-de"],"acf":[],"yoast_head":"<!-- This site is optimized with the Yoast SEO plugin v27.3 - https:\/\/yoast.com\/product\/yoast-seo-wordpress\/ -->\n<title>Engel, H\u00e9l\u00e8ne - Institut Europ\u00e9en des Musiques Juives<\/title>\n<meta name=\"robots\" content=\"index, follow, max-snippet:-1, max-image-preview:large, max-video-preview:-1\" \/>\n<link rel=\"canonical\" href=\"https:\/\/www.iemj.org\/de\/engel-helene\/\" \/>\n<meta property=\"og:locale\" content=\"de_DE\" \/>\n<meta property=\"og:type\" content=\"article\" \/>\n<meta property=\"og:title\" content=\"Engel, H\u00e9l\u00e8ne - Institut Europ\u00e9en des Musiques Juives\" \/>\n<meta property=\"og:description\" content=\"H\u00e9l\u00e8ne Engel ist eine klassisch ausgebildete S\u00e4ngerin, Musikwissenschaftlerin, Autorin, Komponistin, Interpretin und Arrangeurin. Sie ist Spezialistin f\u00fcr j\u00fcdische Folklore und singt auf Jiddisch, Hebr\u00e4isch, Judeo-Spanisch sowie auf Franz\u00f6sisch, Englisch und\" \/>\n<meta property=\"og:url\" content=\"https:\/\/www.iemj.org\/de\/engel-helene\/\" \/>\n<meta property=\"og:site_name\" content=\"Institut Europ\u00e9en des Musiques Juives\" \/>\n<meta property=\"article:publisher\" content=\"https:\/\/www.facebook.com\/MusiquesJuives\/\" \/>\n<meta property=\"article:published_time\" content=\"2016-09-14T14:19:27+00:00\" \/>\n<meta property=\"article:modified_time\" content=\"2023-01-02T16:16:56+00:00\" \/>\n<meta property=\"og:image\" content=\"https:\/\/www.iemj.org\/wp-content\/uploads\/2016\/09\/arton1846-e1617025343941.jpg\" \/>\n\t<meta property=\"og:image:width\" content=\"145\" \/>\n\t<meta property=\"og:image:height\" content=\"218\" \/>\n\t<meta property=\"og:image:type\" content=\"image\/jpeg\" \/>\n<meta name=\"author\" content=\"Lea Couderc\" \/>\n<meta name=\"twitter:card\" content=\"summary_large_image\" \/>\n<meta name=\"twitter:label1\" content=\"Verfasst von\" \/>\n\t<meta name=\"twitter:data1\" content=\"Lea Couderc\" \/>\n\t<meta name=\"twitter:label2\" content=\"Gesch\u00e4tzte Lesezeit\" \/>\n\t<meta name=\"twitter:data2\" content=\"2\u00a0Minuten\" \/>\n<script type=\"application\/ld+json\" class=\"yoast-schema-graph\">{\"@context\":\"https:\\\/\\\/schema.org\",\"@graph\":[{\"@type\":\"Article\",\"@id\":\"https:\\\/\\\/www.iemj.org\\\/de\\\/engel-helene\\\/#article\",\"isPartOf\":{\"@id\":\"https:\\\/\\\/www.iemj.org\\\/de\\\/engel-helene\\\/\"},\"author\":{\"name\":\"Lea Couderc\",\"@id\":\"https:\\\/\\\/www.iemj.org\\\/de\\\/#\\\/schema\\\/person\\\/e2ad57f2c4be119c7ed8ab79036807a9\"},\"headline\":\"Engel, H\u00e9l\u00e8ne\",\"datePublished\":\"2016-09-14T14:19:27+00:00\",\"dateModified\":\"2023-01-02T16:16:56+00:00\",\"mainEntityOfPage\":{\"@id\":\"https:\\\/\\\/www.iemj.org\\\/de\\\/engel-helene\\\/\"},\"wordCount\":221,\"publisher\":{\"@id\":\"https:\\\/\\\/www.iemj.org\\\/de\\\/#organization\"},\"image\":{\"@id\":\"https:\\\/\\\/www.iemj.org\\\/de\\\/engel-helene\\\/#primaryimage\"},\"thumbnailUrl\":\"https:\\\/\\\/www.iemj.org\\\/wp-content\\\/uploads\\\/2016\\\/09\\\/arton1846-e1617025343941.jpg\",\"articleSection\":[\"Biografien\"],\"inLanguage\":\"de\"},{\"@type\":\"WebPage\",\"@id\":\"https:\\\/\\\/www.iemj.org\\\/de\\\/engel-helene\\\/\",\"url\":\"https:\\\/\\\/www.iemj.org\\\/de\\\/engel-helene\\\/\",\"name\":\"Engel, H\u00e9l\u00e8ne - Institut Europ\u00e9en des Musiques Juives\",\"isPartOf\":{\"@id\":\"https:\\\/\\\/www.iemj.org\\\/de\\\/#website\"},\"primaryImageOfPage\":{\"@id\":\"https:\\\/\\\/www.iemj.org\\\/de\\\/engel-helene\\\/#primaryimage\"},\"image\":{\"@id\":\"https:\\\/\\\/www.iemj.org\\\/de\\\/engel-helene\\\/#primaryimage\"},\"thumbnailUrl\":\"https:\\\/\\\/www.iemj.org\\\/wp-content\\\/uploads\\\/2016\\\/09\\\/arton1846-e1617025343941.jpg\",\"datePublished\":\"2016-09-14T14:19:27+00:00\",\"dateModified\":\"2023-01-02T16:16:56+00:00\",\"breadcrumb\":{\"@id\":\"https:\\\/\\\/www.iemj.org\\\/de\\\/engel-helene\\\/#breadcrumb\"},\"inLanguage\":\"de\",\"potentialAction\":[{\"@type\":\"ReadAction\",\"target\":[\"https:\\\/\\\/www.iemj.org\\\/de\\\/engel-helene\\\/\"]}]},{\"@type\":\"ImageObject\",\"inLanguage\":\"de\",\"@id\":\"https:\\\/\\\/www.iemj.org\\\/de\\\/engel-helene\\\/#primaryimage\",\"url\":\"https:\\\/\\\/www.iemj.org\\\/wp-content\\\/uploads\\\/2016\\\/09\\\/arton1846-e1617025343941.jpg\",\"contentUrl\":\"https:\\\/\\\/www.iemj.org\\\/wp-content\\\/uploads\\\/2016\\\/09\\\/arton1846-e1617025343941.jpg\",\"width\":145,\"height\":218},{\"@type\":\"BreadcrumbList\",\"@id\":\"https:\\\/\\\/www.iemj.org\\\/de\\\/engel-helene\\\/#breadcrumb\",\"itemListElement\":[{\"@type\":\"ListItem\",\"position\":1,\"name\":\"Accueil\",\"item\":\"https:\\\/\\\/www.iemj.org\\\/de\\\/\"},{\"@type\":\"ListItem\",\"position\":2,\"name\":\"Engel, H\u00e9l\u00e8ne\"}]},{\"@type\":\"WebSite\",\"@id\":\"https:\\\/\\\/www.iemj.org\\\/de\\\/#website\",\"url\":\"https:\\\/\\\/www.iemj.org\\\/de\\\/\",\"name\":\"Institut Europ\u00e9en des Musiques Juives\",\"description\":\"Des traditions musicales \u00e0 la port\u00e9e de tous\",\"publisher\":{\"@id\":\"https:\\\/\\\/www.iemj.org\\\/de\\\/#organization\"},\"potentialAction\":[{\"@type\":\"SearchAction\",\"target\":{\"@type\":\"EntryPoint\",\"urlTemplate\":\"https:\\\/\\\/www.iemj.org\\\/de\\\/?s={search_term_string}\"},\"query-input\":{\"@type\":\"PropertyValueSpecification\",\"valueRequired\":true,\"valueName\":\"search_term_string\"}}],\"inLanguage\":\"de\"},{\"@type\":\"Organization\",\"@id\":\"https:\\\/\\\/www.iemj.org\\\/de\\\/#organization\",\"name\":\"Institut Europ\u00e9en des Musiques Juives\",\"url\":\"https:\\\/\\\/www.iemj.org\\\/de\\\/\",\"logo\":{\"@type\":\"ImageObject\",\"inLanguage\":\"de\",\"@id\":\"https:\\\/\\\/www.iemj.org\\\/de\\\/#\\\/schema\\\/logo\\\/image\\\/\",\"url\":\"https:\\\/\\\/www.iemj.org\\\/wp-content\\\/uploads\\\/2021\\\/09\\\/Logo-IEMJ-Paypal.jpg\",\"contentUrl\":\"https:\\\/\\\/www.iemj.org\\\/wp-content\\\/uploads\\\/2021\\\/09\\\/Logo-IEMJ-Paypal.jpg\",\"width\":150,\"height\":50,\"caption\":\"Institut Europ\u00e9en des Musiques Juives\"},\"image\":{\"@id\":\"https:\\\/\\\/www.iemj.org\\\/de\\\/#\\\/schema\\\/logo\\\/image\\\/\"},\"sameAs\":[\"https:\\\/\\\/www.facebook.com\\\/MusiquesJuives\\\/\",\"https:\\\/\\\/www.instagram.com\\\/musiquesjuives\\\/\",\"https:\\\/\\\/www.youtube.com\\\/user\\\/musiquesjuives\"]},{\"@type\":\"Person\",\"@id\":\"https:\\\/\\\/www.iemj.org\\\/de\\\/#\\\/schema\\\/person\\\/e2ad57f2c4be119c7ed8ab79036807a9\",\"name\":\"Lea Couderc\",\"image\":{\"@type\":\"ImageObject\",\"inLanguage\":\"de\",\"@id\":\"https:\\\/\\\/secure.gravatar.com\\\/avatar\\\/46ee021475d60aeff17a7e490b79dea5a5684bb392ab7fd1494027411df8ba23?s=96&d=mm&r=g\",\"url\":\"https:\\\/\\\/secure.gravatar.com\\\/avatar\\\/46ee021475d60aeff17a7e490b79dea5a5684bb392ab7fd1494027411df8ba23?s=96&d=mm&r=g\",\"contentUrl\":\"https:\\\/\\\/secure.gravatar.com\\\/avatar\\\/46ee021475d60aeff17a7e490b79dea5a5684bb392ab7fd1494027411df8ba23?s=96&d=mm&r=g\",\"caption\":\"Lea Couderc\"}}]}<\/script>\n<!-- \/ Yoast SEO plugin. -->","yoast_head_json":{"title":"Engel, H\u00e9l\u00e8ne - Institut Europ\u00e9en des Musiques Juives","robots":{"index":"index","follow":"follow","max-snippet":"max-snippet:-1","max-image-preview":"max-image-preview:large","max-video-preview":"max-video-preview:-1"},"canonical":"https:\/\/www.iemj.org\/de\/engel-helene\/","og_locale":"de_DE","og_type":"article","og_title":"Engel, H\u00e9l\u00e8ne - Institut Europ\u00e9en des Musiques Juives","og_description":"H\u00e9l\u00e8ne Engel ist eine klassisch ausgebildete S\u00e4ngerin, Musikwissenschaftlerin, Autorin, Komponistin, Interpretin und Arrangeurin. Sie ist Spezialistin f\u00fcr j\u00fcdische Folklore und singt auf Jiddisch, Hebr\u00e4isch, Judeo-Spanisch sowie auf Franz\u00f6sisch, Englisch und","og_url":"https:\/\/www.iemj.org\/de\/engel-helene\/","og_site_name":"Institut Europ\u00e9en des Musiques Juives","article_publisher":"https:\/\/www.facebook.com\/MusiquesJuives\/","article_published_time":"2016-09-14T14:19:27+00:00","article_modified_time":"2023-01-02T16:16:56+00:00","og_image":[{"width":145,"height":218,"url":"https:\/\/www.iemj.org\/wp-content\/uploads\/2016\/09\/arton1846-e1617025343941.jpg","type":"image\/jpeg"}],"author":"Lea Couderc","twitter_card":"summary_large_image","twitter_misc":{"Verfasst von":"Lea Couderc","Gesch\u00e4tzte Lesezeit":"2\u00a0Minuten"},"schema":{"@context":"https:\/\/schema.org","@graph":[{"@type":"Article","@id":"https:\/\/www.iemj.org\/de\/engel-helene\/#article","isPartOf":{"@id":"https:\/\/www.iemj.org\/de\/engel-helene\/"},"author":{"name":"Lea Couderc","@id":"https:\/\/www.iemj.org\/de\/#\/schema\/person\/e2ad57f2c4be119c7ed8ab79036807a9"},"headline":"Engel, H\u00e9l\u00e8ne","datePublished":"2016-09-14T14:19:27+00:00","dateModified":"2023-01-02T16:16:56+00:00","mainEntityOfPage":{"@id":"https:\/\/www.iemj.org\/de\/engel-helene\/"},"wordCount":221,"publisher":{"@id":"https:\/\/www.iemj.org\/de\/#organization"},"image":{"@id":"https:\/\/www.iemj.org\/de\/engel-helene\/#primaryimage"},"thumbnailUrl":"https:\/\/www.iemj.org\/wp-content\/uploads\/2016\/09\/arton1846-e1617025343941.jpg","articleSection":["Biografien"],"inLanguage":"de"},{"@type":"WebPage","@id":"https:\/\/www.iemj.org\/de\/engel-helene\/","url":"https:\/\/www.iemj.org\/de\/engel-helene\/","name":"Engel, H\u00e9l\u00e8ne - Institut Europ\u00e9en des Musiques Juives","isPartOf":{"@id":"https:\/\/www.iemj.org\/de\/#website"},"primaryImageOfPage":{"@id":"https:\/\/www.iemj.org\/de\/engel-helene\/#primaryimage"},"image":{"@id":"https:\/\/www.iemj.org\/de\/engel-helene\/#primaryimage"},"thumbnailUrl":"https:\/\/www.iemj.org\/wp-content\/uploads\/2016\/09\/arton1846-e1617025343941.jpg","datePublished":"2016-09-14T14:19:27+00:00","dateModified":"2023-01-02T16:16:56+00:00","breadcrumb":{"@id":"https:\/\/www.iemj.org\/de\/engel-helene\/#breadcrumb"},"inLanguage":"de","potentialAction":[{"@type":"ReadAction","target":["https:\/\/www.iemj.org\/de\/engel-helene\/"]}]},{"@type":"ImageObject","inLanguage":"de","@id":"https:\/\/www.iemj.org\/de\/engel-helene\/#primaryimage","url":"https:\/\/www.iemj.org\/wp-content\/uploads\/2016\/09\/arton1846-e1617025343941.jpg","contentUrl":"https:\/\/www.iemj.org\/wp-content\/uploads\/2016\/09\/arton1846-e1617025343941.jpg","width":145,"height":218},{"@type":"BreadcrumbList","@id":"https:\/\/www.iemj.org\/de\/engel-helene\/#breadcrumb","itemListElement":[{"@type":"ListItem","position":1,"name":"Accueil","item":"https:\/\/www.iemj.org\/de\/"},{"@type":"ListItem","position":2,"name":"Engel, H\u00e9l\u00e8ne"}]},{"@type":"WebSite","@id":"https:\/\/www.iemj.org\/de\/#website","url":"https:\/\/www.iemj.org\/de\/","name":"Institut Europ\u00e9en des Musiques Juives","description":"Des traditions musicales \u00e0 la port\u00e9e de tous","publisher":{"@id":"https:\/\/www.iemj.org\/de\/#organization"},"potentialAction":[{"@type":"SearchAction","target":{"@type":"EntryPoint","urlTemplate":"https:\/\/www.iemj.org\/de\/?s={search_term_string}"},"query-input":{"@type":"PropertyValueSpecification","valueRequired":true,"valueName":"search_term_string"}}],"inLanguage":"de"},{"@type":"Organization","@id":"https:\/\/www.iemj.org\/de\/#organization","name":"Institut Europ\u00e9en des Musiques Juives","url":"https:\/\/www.iemj.org\/de\/","logo":{"@type":"ImageObject","inLanguage":"de","@id":"https:\/\/www.iemj.org\/de\/#\/schema\/logo\/image\/","url":"https:\/\/www.iemj.org\/wp-content\/uploads\/2021\/09\/Logo-IEMJ-Paypal.jpg","contentUrl":"https:\/\/www.iemj.org\/wp-content\/uploads\/2021\/09\/Logo-IEMJ-Paypal.jpg","width":150,"height":50,"caption":"Institut Europ\u00e9en des Musiques Juives"},"image":{"@id":"https:\/\/www.iemj.org\/de\/#\/schema\/logo\/image\/"},"sameAs":["https:\/\/www.facebook.com\/MusiquesJuives\/","https:\/\/www.instagram.com\/musiquesjuives\/","https:\/\/www.youtube.com\/user\/musiquesjuives"]},{"@type":"Person","@id":"https:\/\/www.iemj.org\/de\/#\/schema\/person\/e2ad57f2c4be119c7ed8ab79036807a9","name":"Lea Couderc","image":{"@type":"ImageObject","inLanguage":"de","@id":"https:\/\/secure.gravatar.com\/avatar\/46ee021475d60aeff17a7e490b79dea5a5684bb392ab7fd1494027411df8ba23?s=96&d=mm&r=g","url":"https:\/\/secure.gravatar.com\/avatar\/46ee021475d60aeff17a7e490b79dea5a5684bb392ab7fd1494027411df8ba23?s=96&d=mm&r=g","contentUrl":"https:\/\/secure.gravatar.com\/avatar\/46ee021475d60aeff17a7e490b79dea5a5684bb392ab7fd1494027411df8ba23?s=96&d=mm&r=g","caption":"Lea Couderc"}}]}},"_links":{"self":[{"href":"https:\/\/www.iemj.org\/de\/wp-json\/wp\/v2\/posts\/91570","targetHints":{"allow":["GET"]}}],"collection":[{"href":"https:\/\/www.iemj.org\/de\/wp-json\/wp\/v2\/posts"}],"about":[{"href":"https:\/\/www.iemj.org\/de\/wp-json\/wp\/v2\/types\/post"}],"author":[{"embeddable":true,"href":"https:\/\/www.iemj.org\/de\/wp-json\/wp\/v2\/users\/1052"}],"replies":[{"embeddable":true,"href":"https:\/\/www.iemj.org\/de\/wp-json\/wp\/v2\/comments?post=91570"}],"version-history":[{"count":0,"href":"https:\/\/www.iemj.org\/de\/wp-json\/wp\/v2\/posts\/91570\/revisions"}],"wp:featuredmedia":[{"embeddable":true,"href":"https:\/\/www.iemj.org\/de\/wp-json\/wp\/v2\/media\/91571"}],"wp:attachment":[{"href":"https:\/\/www.iemj.org\/de\/wp-json\/wp\/v2\/media?parent=91570"}],"wp:term":[{"taxonomy":"category","embeddable":true,"href":"https:\/\/www.iemj.org\/de\/wp-json\/wp\/v2\/categories?post=91570"},{"taxonomy":"post_tag","embeddable":true,"href":"https:\/\/www.iemj.org\/de\/wp-json\/wp\/v2\/tags?post=91570"},{"taxonomy":"technique","embeddable":true,"href":"https:\/\/www.iemj.org\/de\/wp-json\/wp\/v2\/technique?post=91570"},{"taxonomy":"squelettes","embeddable":true,"href":"https:\/\/www.iemj.org\/de\/wp-json\/wp\/v2\/squelettes?post=91570"},{"taxonomy":"sujet","embeddable":true,"href":"https:\/\/www.iemj.org\/de\/wp-json\/wp\/v2\/sujet?post=91570"},{"taxonomy":"formation","embeddable":true,"href":"https:\/\/www.iemj.org\/de\/wp-json\/wp\/v2\/formation?post=91570"},{"taxonomy":"genre","embeddable":true,"href":"https:\/\/www.iemj.org\/de\/wp-json\/wp\/v2\/genre?post=91570"},{"taxonomy":"fonds","embeddable":true,"href":"https:\/\/www.iemj.org\/de\/wp-json\/wp\/v2\/fonds?post=91570"},{"taxonomy":"tradition","embeddable":true,"href":"https:\/\/www.iemj.org\/de\/wp-json\/wp\/v2\/tradition?post=91570"},{"taxonomy":"type-de-contenu","embeddable":true,"href":"https:\/\/www.iemj.org\/de\/wp-json\/wp\/v2\/type-de-contenu?post=91570"},{"taxonomy":"interprete-compositeur","embeddable":true,"href":"https:\/\/www.iemj.org\/de\/wp-json\/wp\/v2\/interprete-compositeur?post=91570"},{"taxonomy":"frise","embeddable":true,"href":"https:\/\/www.iemj.org\/de\/wp-json\/wp\/v2\/frise?post=91570"},{"taxonomy":"type-devenement","embeddable":true,"href":"https:\/\/www.iemj.org\/de\/wp-json\/wp\/v2\/type-devenement?post=91570"},{"taxonomy":"tableaux-liens-externes","embeddable":true,"href":"https:\/\/www.iemj.org\/de\/wp-json\/wp\/v2\/tableaux-liens-externes?post=91570"}],"curies":[{"name":"wp","href":"https:\/\/api.w.org\/{rel}","templated":true}]}}