{"id":92008,"date":"2019-02-05T12:15:23","date_gmt":"2019-02-05T11:15:23","guid":{"rendered":"https:\/\/www.iemj.org\/m-offenbach-nous-ecrit\/"},"modified":"2023-01-11T10:10:39","modified_gmt":"2023-01-11T09:10:39","slug":"m-offenbach-nous-ecrit","status":"publish","type":"post","link":"https:\/\/www.iemj.org\/de\/m-offenbach-nous-ecrit\/","title":{"rendered":"M. Offenbach nous \u00e9crit"},"content":{"rendered":"<p>Dieses im Januar 2019 im Verlag Actes Sud Beaux-Arts\/Palazzetto Bru Zane erschienene Buch von Jean-Claude Yon, das auf Offenbachs Briefwechsel mit dem Gr\u00fcnder des Figaro basiert, bietet uns einen privilegierten Zugang zum Denken und zur Pers\u00f6nlichkeit eines Musikers, der sich mit Worten ebenso wohl f\u00fchlt wie mit Noten.<\/p>\n<p><!--more--><\/p>\n<p>Offenbach, der 2019 anl\u00e4sslich seines 200. Geburtstages (1819) gefeiert wird, erscheint wie immer: unumg\u00e4nglich auf der B\u00fchne der lyrischen Unterhaltung, aber ausgebuht, verf\u00e4lscht, parodiert&#8230; Die hier versammelten, kommentierten und analysierten Briefe zeigen die Intelligenz eines Autors der Boulevards, der bereits alles \u00fcber die Mediengesellschaft des 21. Jahrhunderts wusste: ein gesch\u00e4rftes Bewusstsein, das eines sehr relevanten Kommunikators.<\/p>\n<p>Von 1854 bis zu seinem Tod schickte Jacques Offenbach dem <strong><em>Figaro<\/em><\/strong> Dutzende von Briefen zur Ver\u00f6ffentlichung: Werbeargumente, Verteidigung gegen Angriffe auf ihn, am\u00fcsante und pikante Informationen, die f\u00fcr einen frechen und fantasievollen Geist typisch waren: ein verr\u00fcckter K\u00fcnstler, der auch schelmische Kritik und Respektlosigkeit gegen\u00fcber allen Formen der Macht mit offenen Worten \u00e4u\u00dferte. <strong>Jean-Claude Yon*<\/strong>, inspirierter Leser und Kommentator, gro\u00dfer Historiker des Theaters in Frankreich im 19. Jahrhundert und Autor einer meisterhaften Biografie \u00fcber Jacques Offenbach, ist der Initiator dieser erstklassigen Briefsammlung, die uns ins Herz des medialen Denkens des Autors von La Belle H\u00e9l\u00e8ne, La P\u00e9richole und Les Contes d&#8217;Hoffmann f\u00fchrt.<\/p>\n<p>&#8222;Wir haben, das kann ich sagen, jeder in dem Genre, das wir geschaffen haben, Erfolg gehabt, er in der Operette-Bouffe, ich im kleinen Journalismus; unsere Erfolge waren Br\u00fcder, denn diejenigen, die die Musik von Offenbach h\u00f6ren gehen, lesen den Figaro und umgekehrt&#8220;, schrieb Hippolyte de Villemessant 1873. In der Tat machte Jacques Offenbach von 1854 bis zu seinem Tod im Jahr 1880, gest\u00fctzt auf seine Freundschaft mit dem Gr\u00fcnder des Figaro, diesen zu seiner Zeitung und ver\u00f6ffentlichte dort zahlreiche offene Briefe und eine Vielzahl von Texten. Durch die Zusammenstellung und Kommentierung dieses originellen Korpus, der fast 120 Texte umfasst, f\u00fchrt uns Jean-Claude Yon mitten in die Medienaura des Autors von La Belle H\u00e9l\u00e8ne und bietet uns einen privilegierten Zugang zum Denken und zur Pers\u00f6nlichkeit eines Musikers, der sich mit Worten ebenso wohl f\u00fchlt wie mit Noten.<\/p>\n<p>*<a href=\"https:\/\/fr.wikipedia.org\/wiki\/Jean-Claude_Yon\"><em>Jean-Claude Yon<\/em><\/a><em> ist Professor f\u00fcr Zeitgeschichte an der Universit\u00e4t von Versailles Saint-Quentin-en-Yvelines. Er ist Spezialist f\u00fcr die Geschichte der Auff\u00fchrungen im 19. Jahrhundert und Direktor des Centre d&#8217;Histoire Culturelle des Soci\u00e9t\u00e9s Contemporaines (CHCSC). Er ist au\u00dferdem kumulativer Studiendirektor an der \u00c9cole Pratique des Hautes \u00c9tudes (EPHE).<\/em><\/p>\n<p><a href=\"https:\/\/www.iemj.org\/de\/offenbach-jacques-1819-1880\/\" target=\"_blank\" rel=\"noopener\">Die Biografie \u00fcber Jacques Offenbach lesen.<\/a><br \/>\n<a href=\"https:\/\/www.iemj.org\/classique-vous-avez-dit-classique-deux-emissions-consacrees-a-jacques-offenbach\/\" target=\"_blank\" rel=\"noopener\">Anh\u00f6ren der Radiosendungen von Laure Schnapper vom 16. und 30. Januar 2019 auf Juda\u00efques FM \u00fcber Jacques Offenbach.<\/a><br \/>\n<a href=\"https:\/\/www.actes-sud.fr\/node\/66955\" target=\"_blank\" rel=\"noopener\">Link zu Buch &#8211; \u00c9ditions Actes Sud<\/a><\/p>\n<p><iframe style=\"border: none; width: 100%; height: 500px;\" src=\"https:\/\/e.issuu.com\/anonymous-embed.html?u=actes_sud&amp;d=m._offenbach_nous__crit_extrait\" allowfullscreen=\"allowfullscreen\"><\/iframe><\/p>\n","protected":false},"excerpt":{"rendered":"<p>Dieses im Januar 2019 im Verlag Actes Sud Beaux-Arts\/Palazzetto Bru Zane erschienene Buch von Jean-Claude Yon, das auf Offenbachs Briefwechsel mit dem Gr\u00fcnder des Figaro basiert, bietet uns einen privilegierten<\/p>\n","protected":false},"author":5,"featured_media":92009,"comment_status":"closed","ping_status":"open","sticky":false,"template":"","format":"standard","meta":{"_acf_changed":false,"footnotes":""},"categories":[1578,1561],"tags":[],"technique":[],"squelettes":[],"sujet":[],"formation":[],"genre":[],"fonds":[],"tradition":[],"type-de-contenu":[],"interprete-compositeur":[],"frise":[],"type-devenement":[],"tableaux-liens-externes":[],"class_list":["post-92008","post","type-post","status-publish","format-standard","has-post-thumbnail","hentry","category-bucher-artikel-de","category-letzte-neuerwerbungen-de"],"acf":[],"yoast_head":"<!-- This site is optimized with the Yoast SEO plugin v27.3 - https:\/\/yoast.com\/product\/yoast-seo-wordpress\/ -->\n<title>M. Offenbach nous \u00e9crit - Institut Europ\u00e9en des Musiques Juives<\/title>\n<meta name=\"robots\" content=\"index, follow, max-snippet:-1, max-image-preview:large, max-video-preview:-1\" \/>\n<link rel=\"canonical\" href=\"https:\/\/www.iemj.org\/de\/m-offenbach-nous-ecrit\/\" \/>\n<meta property=\"og:locale\" content=\"de_DE\" \/>\n<meta property=\"og:type\" content=\"article\" \/>\n<meta property=\"og:title\" content=\"M. Offenbach nous \u00e9crit - Institut Europ\u00e9en des Musiques Juives\" \/>\n<meta property=\"og:description\" content=\"Dieses im Januar 2019 im Verlag Actes Sud Beaux-Arts\/Palazzetto Bru Zane erschienene Buch von Jean-Claude Yon, das auf Offenbachs Briefwechsel mit dem Gr\u00fcnder des Figaro basiert, bietet uns einen privilegierten\" \/>\n<meta property=\"og:url\" content=\"https:\/\/www.iemj.org\/de\/m-offenbach-nous-ecrit\/\" \/>\n<meta property=\"og:site_name\" content=\"Institut Europ\u00e9en des Musiques Juives\" \/>\n<meta property=\"article:publisher\" content=\"https:\/\/www.facebook.com\/MusiquesJuives\/\" \/>\n<meta property=\"article:published_time\" content=\"2019-02-05T11:15:23+00:00\" \/>\n<meta property=\"article:modified_time\" content=\"2023-01-11T09:10:39+00:00\" \/>\n<meta property=\"og:image\" content=\"https:\/\/www.iemj.org\/wp-content\/uploads\/2019\/02\/arton3927-e1619100791277.jpg\" \/>\n\t<meta property=\"og:image:width\" content=\"350\" \/>\n\t<meta property=\"og:image:height\" content=\"546\" \/>\n\t<meta property=\"og:image:type\" content=\"image\/jpeg\" \/>\n<meta name=\"author\" content=\"Jacqueline ROTEN\" \/>\n<meta name=\"twitter:card\" content=\"summary_large_image\" \/>\n<meta name=\"twitter:label1\" content=\"Verfasst von\" \/>\n\t<meta name=\"twitter:data1\" content=\"Jacqueline ROTEN\" \/>\n\t<meta name=\"twitter:label2\" content=\"Gesch\u00e4tzte Lesezeit\" \/>\n\t<meta name=\"twitter:data2\" content=\"3\u00a0Minuten\" \/>\n<script type=\"application\/ld+json\" class=\"yoast-schema-graph\">{\"@context\":\"https:\\\/\\\/schema.org\",\"@graph\":[{\"@type\":\"Article\",\"@id\":\"https:\\\/\\\/www.iemj.org\\\/de\\\/m-offenbach-nous-ecrit\\\/#article\",\"isPartOf\":{\"@id\":\"https:\\\/\\\/www.iemj.org\\\/de\\\/m-offenbach-nous-ecrit\\\/\"},\"author\":{\"name\":\"Jacqueline ROTEN\",\"@id\":\"https:\\\/\\\/www.iemj.org\\\/de\\\/#\\\/schema\\\/person\\\/358e26c18aca017fcc4cc15437f7279c\"},\"headline\":\"M. Offenbach nous \u00e9crit\",\"datePublished\":\"2019-02-05T11:15:23+00:00\",\"dateModified\":\"2023-01-11T09:10:39+00:00\",\"mainEntityOfPage\":{\"@id\":\"https:\\\/\\\/www.iemj.org\\\/de\\\/m-offenbach-nous-ecrit\\\/\"},\"wordCount\":450,\"publisher\":{\"@id\":\"https:\\\/\\\/www.iemj.org\\\/de\\\/#organization\"},\"image\":{\"@id\":\"https:\\\/\\\/www.iemj.org\\\/de\\\/m-offenbach-nous-ecrit\\\/#primaryimage\"},\"thumbnailUrl\":\"https:\\\/\\\/www.iemj.org\\\/wp-content\\\/uploads\\\/2019\\\/02\\\/arton3927-e1619100791277.jpg\",\"articleSection\":[\"B\u00fccher, Artikel\",\"Letzte Neuerwerbungen\"],\"inLanguage\":\"de\"},{\"@type\":\"WebPage\",\"@id\":\"https:\\\/\\\/www.iemj.org\\\/de\\\/m-offenbach-nous-ecrit\\\/\",\"url\":\"https:\\\/\\\/www.iemj.org\\\/de\\\/m-offenbach-nous-ecrit\\\/\",\"name\":\"M. Offenbach nous \u00e9crit - Institut Europ\u00e9en des Musiques Juives\",\"isPartOf\":{\"@id\":\"https:\\\/\\\/www.iemj.org\\\/de\\\/#website\"},\"primaryImageOfPage\":{\"@id\":\"https:\\\/\\\/www.iemj.org\\\/de\\\/m-offenbach-nous-ecrit\\\/#primaryimage\"},\"image\":{\"@id\":\"https:\\\/\\\/www.iemj.org\\\/de\\\/m-offenbach-nous-ecrit\\\/#primaryimage\"},\"thumbnailUrl\":\"https:\\\/\\\/www.iemj.org\\\/wp-content\\\/uploads\\\/2019\\\/02\\\/arton3927-e1619100791277.jpg\",\"datePublished\":\"2019-02-05T11:15:23+00:00\",\"dateModified\":\"2023-01-11T09:10:39+00:00\",\"breadcrumb\":{\"@id\":\"https:\\\/\\\/www.iemj.org\\\/de\\\/m-offenbach-nous-ecrit\\\/#breadcrumb\"},\"inLanguage\":\"de\",\"potentialAction\":[{\"@type\":\"ReadAction\",\"target\":[\"https:\\\/\\\/www.iemj.org\\\/de\\\/m-offenbach-nous-ecrit\\\/\"]}]},{\"@type\":\"ImageObject\",\"inLanguage\":\"de\",\"@id\":\"https:\\\/\\\/www.iemj.org\\\/de\\\/m-offenbach-nous-ecrit\\\/#primaryimage\",\"url\":\"https:\\\/\\\/www.iemj.org\\\/wp-content\\\/uploads\\\/2019\\\/02\\\/arton3927-e1619100791277.jpg\",\"contentUrl\":\"https:\\\/\\\/www.iemj.org\\\/wp-content\\\/uploads\\\/2019\\\/02\\\/arton3927-e1619100791277.jpg\",\"width\":350,\"height\":546},{\"@type\":\"BreadcrumbList\",\"@id\":\"https:\\\/\\\/www.iemj.org\\\/de\\\/m-offenbach-nous-ecrit\\\/#breadcrumb\",\"itemListElement\":[{\"@type\":\"ListItem\",\"position\":1,\"name\":\"Accueil\",\"item\":\"https:\\\/\\\/www.iemj.org\\\/de\\\/\"},{\"@type\":\"ListItem\",\"position\":2,\"name\":\"M. Offenbach nous \u00e9crit\"}]},{\"@type\":\"WebSite\",\"@id\":\"https:\\\/\\\/www.iemj.org\\\/de\\\/#website\",\"url\":\"https:\\\/\\\/www.iemj.org\\\/de\\\/\",\"name\":\"Institut Europ\u00e9en des Musiques Juives\",\"description\":\"Des traditions musicales \u00e0 la port\u00e9e de tous\",\"publisher\":{\"@id\":\"https:\\\/\\\/www.iemj.org\\\/de\\\/#organization\"},\"potentialAction\":[{\"@type\":\"SearchAction\",\"target\":{\"@type\":\"EntryPoint\",\"urlTemplate\":\"https:\\\/\\\/www.iemj.org\\\/de\\\/?s={search_term_string}\"},\"query-input\":{\"@type\":\"PropertyValueSpecification\",\"valueRequired\":true,\"valueName\":\"search_term_string\"}}],\"inLanguage\":\"de\"},{\"@type\":\"Organization\",\"@id\":\"https:\\\/\\\/www.iemj.org\\\/de\\\/#organization\",\"name\":\"Institut Europ\u00e9en des Musiques Juives\",\"url\":\"https:\\\/\\\/www.iemj.org\\\/de\\\/\",\"logo\":{\"@type\":\"ImageObject\",\"inLanguage\":\"de\",\"@id\":\"https:\\\/\\\/www.iemj.org\\\/de\\\/#\\\/schema\\\/logo\\\/image\\\/\",\"url\":\"https:\\\/\\\/www.iemj.org\\\/wp-content\\\/uploads\\\/2021\\\/09\\\/Logo-IEMJ-Paypal.jpg\",\"contentUrl\":\"https:\\\/\\\/www.iemj.org\\\/wp-content\\\/uploads\\\/2021\\\/09\\\/Logo-IEMJ-Paypal.jpg\",\"width\":150,\"height\":50,\"caption\":\"Institut Europ\u00e9en des Musiques Juives\"},\"image\":{\"@id\":\"https:\\\/\\\/www.iemj.org\\\/de\\\/#\\\/schema\\\/logo\\\/image\\\/\"},\"sameAs\":[\"https:\\\/\\\/www.facebook.com\\\/MusiquesJuives\\\/\",\"https:\\\/\\\/www.instagram.com\\\/musiquesjuives\\\/\",\"https:\\\/\\\/www.youtube.com\\\/user\\\/musiquesjuives\"]},{\"@type\":\"Person\",\"@id\":\"https:\\\/\\\/www.iemj.org\\\/de\\\/#\\\/schema\\\/person\\\/358e26c18aca017fcc4cc15437f7279c\",\"name\":\"Jacqueline ROTEN\",\"image\":{\"@type\":\"ImageObject\",\"inLanguage\":\"de\",\"@id\":\"https:\\\/\\\/secure.gravatar.com\\\/avatar\\\/5964256d6c6957de3a3505278957e0fb2a35119ac47ea41827a65301213c810b?s=96&d=mm&r=g\",\"url\":\"https:\\\/\\\/secure.gravatar.com\\\/avatar\\\/5964256d6c6957de3a3505278957e0fb2a35119ac47ea41827a65301213c810b?s=96&d=mm&r=g\",\"contentUrl\":\"https:\\\/\\\/secure.gravatar.com\\\/avatar\\\/5964256d6c6957de3a3505278957e0fb2a35119ac47ea41827a65301213c810b?s=96&d=mm&r=g\",\"caption\":\"Jacqueline ROTEN\"}}]}<\/script>\n<!-- \/ Yoast SEO plugin. -->","yoast_head_json":{"title":"M. Offenbach nous \u00e9crit - Institut Europ\u00e9en des Musiques Juives","robots":{"index":"index","follow":"follow","max-snippet":"max-snippet:-1","max-image-preview":"max-image-preview:large","max-video-preview":"max-video-preview:-1"},"canonical":"https:\/\/www.iemj.org\/de\/m-offenbach-nous-ecrit\/","og_locale":"de_DE","og_type":"article","og_title":"M. Offenbach nous \u00e9crit - Institut Europ\u00e9en des Musiques Juives","og_description":"Dieses im Januar 2019 im Verlag Actes Sud Beaux-Arts\/Palazzetto Bru Zane erschienene Buch von Jean-Claude Yon, das auf Offenbachs Briefwechsel mit dem Gr\u00fcnder des Figaro basiert, bietet uns einen privilegierten","og_url":"https:\/\/www.iemj.org\/de\/m-offenbach-nous-ecrit\/","og_site_name":"Institut Europ\u00e9en des Musiques Juives","article_publisher":"https:\/\/www.facebook.com\/MusiquesJuives\/","article_published_time":"2019-02-05T11:15:23+00:00","article_modified_time":"2023-01-11T09:10:39+00:00","og_image":[{"width":350,"height":546,"url":"https:\/\/www.iemj.org\/wp-content\/uploads\/2019\/02\/arton3927-e1619100791277.jpg","type":"image\/jpeg"}],"author":"Jacqueline ROTEN","twitter_card":"summary_large_image","twitter_misc":{"Verfasst von":"Jacqueline ROTEN","Gesch\u00e4tzte Lesezeit":"3\u00a0Minuten"},"schema":{"@context":"https:\/\/schema.org","@graph":[{"@type":"Article","@id":"https:\/\/www.iemj.org\/de\/m-offenbach-nous-ecrit\/#article","isPartOf":{"@id":"https:\/\/www.iemj.org\/de\/m-offenbach-nous-ecrit\/"},"author":{"name":"Jacqueline ROTEN","@id":"https:\/\/www.iemj.org\/de\/#\/schema\/person\/358e26c18aca017fcc4cc15437f7279c"},"headline":"M. Offenbach nous \u00e9crit","datePublished":"2019-02-05T11:15:23+00:00","dateModified":"2023-01-11T09:10:39+00:00","mainEntityOfPage":{"@id":"https:\/\/www.iemj.org\/de\/m-offenbach-nous-ecrit\/"},"wordCount":450,"publisher":{"@id":"https:\/\/www.iemj.org\/de\/#organization"},"image":{"@id":"https:\/\/www.iemj.org\/de\/m-offenbach-nous-ecrit\/#primaryimage"},"thumbnailUrl":"https:\/\/www.iemj.org\/wp-content\/uploads\/2019\/02\/arton3927-e1619100791277.jpg","articleSection":["B\u00fccher, Artikel","Letzte Neuerwerbungen"],"inLanguage":"de"},{"@type":"WebPage","@id":"https:\/\/www.iemj.org\/de\/m-offenbach-nous-ecrit\/","url":"https:\/\/www.iemj.org\/de\/m-offenbach-nous-ecrit\/","name":"M. Offenbach nous \u00e9crit - Institut Europ\u00e9en des Musiques Juives","isPartOf":{"@id":"https:\/\/www.iemj.org\/de\/#website"},"primaryImageOfPage":{"@id":"https:\/\/www.iemj.org\/de\/m-offenbach-nous-ecrit\/#primaryimage"},"image":{"@id":"https:\/\/www.iemj.org\/de\/m-offenbach-nous-ecrit\/#primaryimage"},"thumbnailUrl":"https:\/\/www.iemj.org\/wp-content\/uploads\/2019\/02\/arton3927-e1619100791277.jpg","datePublished":"2019-02-05T11:15:23+00:00","dateModified":"2023-01-11T09:10:39+00:00","breadcrumb":{"@id":"https:\/\/www.iemj.org\/de\/m-offenbach-nous-ecrit\/#breadcrumb"},"inLanguage":"de","potentialAction":[{"@type":"ReadAction","target":["https:\/\/www.iemj.org\/de\/m-offenbach-nous-ecrit\/"]}]},{"@type":"ImageObject","inLanguage":"de","@id":"https:\/\/www.iemj.org\/de\/m-offenbach-nous-ecrit\/#primaryimage","url":"https:\/\/www.iemj.org\/wp-content\/uploads\/2019\/02\/arton3927-e1619100791277.jpg","contentUrl":"https:\/\/www.iemj.org\/wp-content\/uploads\/2019\/02\/arton3927-e1619100791277.jpg","width":350,"height":546},{"@type":"BreadcrumbList","@id":"https:\/\/www.iemj.org\/de\/m-offenbach-nous-ecrit\/#breadcrumb","itemListElement":[{"@type":"ListItem","position":1,"name":"Accueil","item":"https:\/\/www.iemj.org\/de\/"},{"@type":"ListItem","position":2,"name":"M. Offenbach nous \u00e9crit"}]},{"@type":"WebSite","@id":"https:\/\/www.iemj.org\/de\/#website","url":"https:\/\/www.iemj.org\/de\/","name":"Institut Europ\u00e9en des Musiques Juives","description":"Des traditions musicales \u00e0 la port\u00e9e de tous","publisher":{"@id":"https:\/\/www.iemj.org\/de\/#organization"},"potentialAction":[{"@type":"SearchAction","target":{"@type":"EntryPoint","urlTemplate":"https:\/\/www.iemj.org\/de\/?s={search_term_string}"},"query-input":{"@type":"PropertyValueSpecification","valueRequired":true,"valueName":"search_term_string"}}],"inLanguage":"de"},{"@type":"Organization","@id":"https:\/\/www.iemj.org\/de\/#organization","name":"Institut Europ\u00e9en des Musiques Juives","url":"https:\/\/www.iemj.org\/de\/","logo":{"@type":"ImageObject","inLanguage":"de","@id":"https:\/\/www.iemj.org\/de\/#\/schema\/logo\/image\/","url":"https:\/\/www.iemj.org\/wp-content\/uploads\/2021\/09\/Logo-IEMJ-Paypal.jpg","contentUrl":"https:\/\/www.iemj.org\/wp-content\/uploads\/2021\/09\/Logo-IEMJ-Paypal.jpg","width":150,"height":50,"caption":"Institut Europ\u00e9en des Musiques Juives"},"image":{"@id":"https:\/\/www.iemj.org\/de\/#\/schema\/logo\/image\/"},"sameAs":["https:\/\/www.facebook.com\/MusiquesJuives\/","https:\/\/www.instagram.com\/musiquesjuives\/","https:\/\/www.youtube.com\/user\/musiquesjuives"]},{"@type":"Person","@id":"https:\/\/www.iemj.org\/de\/#\/schema\/person\/358e26c18aca017fcc4cc15437f7279c","name":"Jacqueline ROTEN","image":{"@type":"ImageObject","inLanguage":"de","@id":"https:\/\/secure.gravatar.com\/avatar\/5964256d6c6957de3a3505278957e0fb2a35119ac47ea41827a65301213c810b?s=96&d=mm&r=g","url":"https:\/\/secure.gravatar.com\/avatar\/5964256d6c6957de3a3505278957e0fb2a35119ac47ea41827a65301213c810b?s=96&d=mm&r=g","contentUrl":"https:\/\/secure.gravatar.com\/avatar\/5964256d6c6957de3a3505278957e0fb2a35119ac47ea41827a65301213c810b?s=96&d=mm&r=g","caption":"Jacqueline ROTEN"}}]}},"_links":{"self":[{"href":"https:\/\/www.iemj.org\/de\/wp-json\/wp\/v2\/posts\/92008","targetHints":{"allow":["GET"]}}],"collection":[{"href":"https:\/\/www.iemj.org\/de\/wp-json\/wp\/v2\/posts"}],"about":[{"href":"https:\/\/www.iemj.org\/de\/wp-json\/wp\/v2\/types\/post"}],"author":[{"embeddable":true,"href":"https:\/\/www.iemj.org\/de\/wp-json\/wp\/v2\/users\/5"}],"replies":[{"embeddable":true,"href":"https:\/\/www.iemj.org\/de\/wp-json\/wp\/v2\/comments?post=92008"}],"version-history":[{"count":0,"href":"https:\/\/www.iemj.org\/de\/wp-json\/wp\/v2\/posts\/92008\/revisions"}],"wp:featuredmedia":[{"embeddable":true,"href":"https:\/\/www.iemj.org\/de\/wp-json\/wp\/v2\/media\/92009"}],"wp:attachment":[{"href":"https:\/\/www.iemj.org\/de\/wp-json\/wp\/v2\/media?parent=92008"}],"wp:term":[{"taxonomy":"category","embeddable":true,"href":"https:\/\/www.iemj.org\/de\/wp-json\/wp\/v2\/categories?post=92008"},{"taxonomy":"post_tag","embeddable":true,"href":"https:\/\/www.iemj.org\/de\/wp-json\/wp\/v2\/tags?post=92008"},{"taxonomy":"technique","embeddable":true,"href":"https:\/\/www.iemj.org\/de\/wp-json\/wp\/v2\/technique?post=92008"},{"taxonomy":"squelettes","embeddable":true,"href":"https:\/\/www.iemj.org\/de\/wp-json\/wp\/v2\/squelettes?post=92008"},{"taxonomy":"sujet","embeddable":true,"href":"https:\/\/www.iemj.org\/de\/wp-json\/wp\/v2\/sujet?post=92008"},{"taxonomy":"formation","embeddable":true,"href":"https:\/\/www.iemj.org\/de\/wp-json\/wp\/v2\/formation?post=92008"},{"taxonomy":"genre","embeddable":true,"href":"https:\/\/www.iemj.org\/de\/wp-json\/wp\/v2\/genre?post=92008"},{"taxonomy":"fonds","embeddable":true,"href":"https:\/\/www.iemj.org\/de\/wp-json\/wp\/v2\/fonds?post=92008"},{"taxonomy":"tradition","embeddable":true,"href":"https:\/\/www.iemj.org\/de\/wp-json\/wp\/v2\/tradition?post=92008"},{"taxonomy":"type-de-contenu","embeddable":true,"href":"https:\/\/www.iemj.org\/de\/wp-json\/wp\/v2\/type-de-contenu?post=92008"},{"taxonomy":"interprete-compositeur","embeddable":true,"href":"https:\/\/www.iemj.org\/de\/wp-json\/wp\/v2\/interprete-compositeur?post=92008"},{"taxonomy":"frise","embeddable":true,"href":"https:\/\/www.iemj.org\/de\/wp-json\/wp\/v2\/frise?post=92008"},{"taxonomy":"type-devenement","embeddable":true,"href":"https:\/\/www.iemj.org\/de\/wp-json\/wp\/v2\/type-devenement?post=92008"},{"taxonomy":"tableaux-liens-externes","embeddable":true,"href":"https:\/\/www.iemj.org\/de\/wp-json\/wp\/v2\/tableaux-liens-externes?post=92008"}],"curies":[{"name":"wp","href":"https:\/\/api.w.org\/{rel}","templated":true}]}}