{"id":92184,"date":"2023-01-12T15:15:58","date_gmt":"2023-01-12T14:15:58","guid":{"rendered":"https:\/\/www.iemj.org\/?p=92184"},"modified":"2023-01-12T15:16:04","modified_gmt":"2023-01-12T14:16:04","slug":"artikel-auf-italienisch-von-gianni-diena-ueber-seine-zusammenarbeit-mit-dem-ijm-um-die-italienischen-juden-in-frankreich-bekannt-zu-machen","status":"publish","type":"post","link":"https:\/\/www.iemj.org\/de\/artikel-auf-italienisch-von-gianni-diena-ueber-seine-zusammenarbeit-mit-dem-ijm-um-die-italienischen-juden-in-frankreich-bekannt-zu-machen\/","title":{"rendered":"ARTIKEL (AUF ITALIENISCH) VON GIANNI DIENA \u00dcBER SEINE ZUSAMMENARBEIT MIT DEM IJM, UM DIE ITALIENISCHEN JUDEN IN FRANKREICH BEKANNT ZU MACHEN"},"content":{"rendered":"<p>In seinem Bestreben, das eher unbekannte italienische Judentum und seine musikalischen Traditionen bekannt zu machen, hat Gianni Diena, dem Europ\u00e4ischen Institut f\u00fcr J\u00fcdische Musik k\u00fcrzlich eine Reihe von Dokumenten anvertraut. <a href=\"https:\/\/www.iemj.org\/de\/fonds-abbina-diena\/\">Seinen Nachlass ansehen<\/a>.<\/p>\n<p>In seinem Artikel in der Turiner j\u00fcdischen Zeitung &#8222;Ha Keillah&#8220; &#8211; erschienen im Mai 2019 &#8211; legt Gianni DIENA sein Anliegen dar, der Unkenntnis des italienischen Judentums abzuhelfen, sowie die Schritte, die er in Frankreich insbesondere beim IEMJ (aber auch beim MAHJ) unternommen hat, um diesen Mangel zu beheben, indem er Informationen und Erkl\u00e4rungen (insbesondere historische) vermittelt, die es erm\u00f6glichen, den italienischen Ritus als eine eigenst\u00e4ndige Tradition mit ihren Besonderheiten besser zu verstehen.<\/p>\n<p><\/p>\n\n\n<div data-wp-interactive=\"core\/file\" class=\"wp-block-file\"><object data-wp-bind--hidden=\"!state.hasPdfPreview\" hidden class=\"wp-block-file__embed\" data=\"https:\/\/www.iemj.org\/wp-content\/uploads\/2019\/05\/ha_keillah_-_050001_article_de_gianni_diena_-_faire_connaitre_les_juifs_italien_en_france_par_le_biais_de_l_iemj.pdf\" type=\"application\/pdf\" style=\"width:100%;height:600px\" aria-label=\"Einbettung von Artikel von Gianni DIENA, ver\u00f6ffentlicht in der Turiner j\u00fcdischen Zeitung Ha Keillah - maggio 2019 (Mai 2019)ansehen.\"><\/object><a id=\"wp-block-file--media-144fab42-9394-4309-92d6-a48bbc18e071\" href=\"https:\/\/www.iemj.org\/wp-content\/uploads\/2019\/05\/ha_keillah_-_050001_article_de_gianni_diena_-_faire_connaitre_les_juifs_italien_en_france_par_le_biais_de_l_iemj.pdf\">Artikel von Gianni DIENA, ver\u00f6ffentlicht in der Turiner j\u00fcdischen Zeitung Ha Keillah &#8211; maggio 2019 (Mai 2019)ansehen<\/a><a href=\"https:\/\/www.iemj.org\/wp-content\/uploads\/2019\/05\/ha_keillah_-_050001_article_de_gianni_diena_-_faire_connaitre_les_juifs_italien_en_france_par_le_biais_de_l_iemj.pdf\" class=\"wp-block-file__button wp-element-button\" download aria-describedby=\"wp-block-file--media-144fab42-9394-4309-92d6-a48bbc18e071\">Herunterladen<\/a><\/div>\n","protected":false},"excerpt":{"rendered":"<p>In seinem Bestreben, das eher unbekannte italienische Judentum und seine musikalischen Traditionen bekannt zu machen, hat Gianni Diena, dem Europ\u00e4ischen Institut f\u00fcr J\u00fcdische Musik k\u00fcrzlich eine Reihe von Dokumenten anvertraut.<\/p>\n","protected":false},"author":5,"featured_media":49003,"comment_status":"closed","ping_status":"closed","sticky":false,"template":"","format":"standard","meta":{"_acf_changed":false,"footnotes":""},"categories":[1614],"tags":[2090],"technique":[],"squelettes":[],"sujet":[],"formation":[],"genre":[],"fonds":[],"tradition":[],"type-de-contenu":[],"interprete-compositeur":[],"frise":[],"type-devenement":[],"tableaux-liens-externes":[],"class_list":["post-92184","post","type-post","status-publish","format-standard","has-post-thumbnail","hentry","category-pressespiegel-de","tag-italien-de"],"acf":[],"yoast_head":"<!-- This site is optimized with the Yoast SEO plugin v27.3 - https:\/\/yoast.com\/product\/yoast-seo-wordpress\/ -->\n<title>ARTIKEL (AUF ITALIENISCH) VON GIANNI DIENA \u00dcBER SEINE ZUSAMMENARBEIT MIT DEM IJM, UM DIE ITALIENISCHEN JUDEN IN FRANKREICH BEKANNT ZU MACHEN - Institut Europ\u00e9en des Musiques Juives<\/title>\n<meta name=\"robots\" content=\"index, follow, max-snippet:-1, max-image-preview:large, max-video-preview:-1\" \/>\n<link rel=\"canonical\" href=\"https:\/\/www.iemj.org\/de\/artikel-auf-italienisch-von-gianni-diena-ueber-seine-zusammenarbeit-mit-dem-ijm-um-die-italienischen-juden-in-frankreich-bekannt-zu-machen\/\" \/>\n<meta property=\"og:locale\" content=\"de_DE\" \/>\n<meta property=\"og:type\" content=\"article\" \/>\n<meta property=\"og:title\" content=\"ARTIKEL (AUF ITALIENISCH) VON GIANNI DIENA \u00dcBER SEINE ZUSAMMENARBEIT MIT DEM IJM, UM DIE ITALIENISCHEN JUDEN IN FRANKREICH BEKANNT ZU MACHEN - Institut Europ\u00e9en des Musiques Juives\" \/>\n<meta property=\"og:description\" content=\"In seinem Bestreben, das eher unbekannte italienische Judentum und seine musikalischen Traditionen bekannt zu machen, hat Gianni Diena, dem Europ\u00e4ischen Institut f\u00fcr J\u00fcdische Musik k\u00fcrzlich eine Reihe von Dokumenten anvertraut.\" \/>\n<meta property=\"og:url\" content=\"https:\/\/www.iemj.org\/de\/artikel-auf-italienisch-von-gianni-diena-ueber-seine-zusammenarbeit-mit-dem-ijm-um-die-italienischen-juden-in-frankreich-bekannt-zu-machen\/\" \/>\n<meta property=\"og:site_name\" content=\"Institut Europ\u00e9en des Musiques Juives\" \/>\n<meta property=\"article:publisher\" content=\"https:\/\/www.facebook.com\/MusiquesJuives\/\" \/>\n<meta property=\"article:published_time\" content=\"2023-01-12T14:15:58+00:00\" \/>\n<meta property=\"article:modified_time\" content=\"2023-01-12T14:16:04+00:00\" \/>\n<meta property=\"og:image\" content=\"https:\/\/www.iemj.org\/wp-content\/uploads\/2020\/03\/arton4631.jpg\" \/>\n\t<meta property=\"og:image:width\" content=\"1188\" \/>\n\t<meta property=\"og:image:height\" content=\"879\" \/>\n\t<meta property=\"og:image:type\" content=\"image\/jpeg\" \/>\n<meta name=\"author\" content=\"Jacqueline ROTEN\" \/>\n<meta name=\"twitter:card\" content=\"summary_large_image\" \/>\n<meta name=\"twitter:label1\" content=\"Verfasst von\" \/>\n\t<meta name=\"twitter:data1\" content=\"Jacqueline ROTEN\" \/>\n\t<meta name=\"twitter:label2\" content=\"Gesch\u00e4tzte Lesezeit\" \/>\n\t<meta name=\"twitter:data2\" content=\"1\u00a0Minute\" \/>\n<script type=\"application\/ld+json\" class=\"yoast-schema-graph\">{\"@context\":\"https:\\\/\\\/schema.org\",\"@graph\":[{\"@type\":\"Article\",\"@id\":\"https:\\\/\\\/www.iemj.org\\\/de\\\/artikel-auf-italienisch-von-gianni-diena-ueber-seine-zusammenarbeit-mit-dem-ijm-um-die-italienischen-juden-in-frankreich-bekannt-zu-machen\\\/#article\",\"isPartOf\":{\"@id\":\"https:\\\/\\\/www.iemj.org\\\/de\\\/artikel-auf-italienisch-von-gianni-diena-ueber-seine-zusammenarbeit-mit-dem-ijm-um-die-italienischen-juden-in-frankreich-bekannt-zu-machen\\\/\"},\"author\":{\"name\":\"Jacqueline ROTEN\",\"@id\":\"https:\\\/\\\/www.iemj.org\\\/de\\\/#\\\/schema\\\/person\\\/358e26c18aca017fcc4cc15437f7279c\"},\"headline\":\"ARTIKEL (AUF ITALIENISCH) VON GIANNI DIENA \u00dcBER SEINE ZUSAMMENARBEIT MIT DEM IJM, UM DIE ITALIENISCHEN JUDEN IN FRANKREICH BEKANNT ZU MACHEN\",\"datePublished\":\"2023-01-12T14:15:58+00:00\",\"dateModified\":\"2023-01-12T14:16:04+00:00\",\"mainEntityOfPage\":{\"@id\":\"https:\\\/\\\/www.iemj.org\\\/de\\\/artikel-auf-italienisch-von-gianni-diena-ueber-seine-zusammenarbeit-mit-dem-ijm-um-die-italienischen-juden-in-frankreich-bekannt-zu-machen\\\/\"},\"wordCount\":153,\"publisher\":{\"@id\":\"https:\\\/\\\/www.iemj.org\\\/de\\\/#organization\"},\"image\":{\"@id\":\"https:\\\/\\\/www.iemj.org\\\/de\\\/artikel-auf-italienisch-von-gianni-diena-ueber-seine-zusammenarbeit-mit-dem-ijm-um-die-italienischen-juden-in-frankreich-bekannt-zu-machen\\\/#primaryimage\"},\"thumbnailUrl\":\"https:\\\/\\\/www.iemj.org\\\/wp-content\\\/uploads\\\/2020\\\/03\\\/arton4631.jpg\",\"keywords\":[\"Italien\"],\"articleSection\":[\"Pressespiegel\"],\"inLanguage\":\"de\"},{\"@type\":\"WebPage\",\"@id\":\"https:\\\/\\\/www.iemj.org\\\/de\\\/artikel-auf-italienisch-von-gianni-diena-ueber-seine-zusammenarbeit-mit-dem-ijm-um-die-italienischen-juden-in-frankreich-bekannt-zu-machen\\\/\",\"url\":\"https:\\\/\\\/www.iemj.org\\\/de\\\/artikel-auf-italienisch-von-gianni-diena-ueber-seine-zusammenarbeit-mit-dem-ijm-um-die-italienischen-juden-in-frankreich-bekannt-zu-machen\\\/\",\"name\":\"ARTIKEL (AUF ITALIENISCH) VON GIANNI DIENA \u00dcBER SEINE ZUSAMMENARBEIT MIT DEM IJM, UM DIE ITALIENISCHEN JUDEN IN FRANKREICH BEKANNT ZU MACHEN - Institut Europ\u00e9en des Musiques Juives\",\"isPartOf\":{\"@id\":\"https:\\\/\\\/www.iemj.org\\\/de\\\/#website\"},\"primaryImageOfPage\":{\"@id\":\"https:\\\/\\\/www.iemj.org\\\/de\\\/artikel-auf-italienisch-von-gianni-diena-ueber-seine-zusammenarbeit-mit-dem-ijm-um-die-italienischen-juden-in-frankreich-bekannt-zu-machen\\\/#primaryimage\"},\"image\":{\"@id\":\"https:\\\/\\\/www.iemj.org\\\/de\\\/artikel-auf-italienisch-von-gianni-diena-ueber-seine-zusammenarbeit-mit-dem-ijm-um-die-italienischen-juden-in-frankreich-bekannt-zu-machen\\\/#primaryimage\"},\"thumbnailUrl\":\"https:\\\/\\\/www.iemj.org\\\/wp-content\\\/uploads\\\/2020\\\/03\\\/arton4631.jpg\",\"datePublished\":\"2023-01-12T14:15:58+00:00\",\"dateModified\":\"2023-01-12T14:16:04+00:00\",\"breadcrumb\":{\"@id\":\"https:\\\/\\\/www.iemj.org\\\/de\\\/artikel-auf-italienisch-von-gianni-diena-ueber-seine-zusammenarbeit-mit-dem-ijm-um-die-italienischen-juden-in-frankreich-bekannt-zu-machen\\\/#breadcrumb\"},\"inLanguage\":\"de\",\"potentialAction\":[{\"@type\":\"ReadAction\",\"target\":[\"https:\\\/\\\/www.iemj.org\\\/de\\\/artikel-auf-italienisch-von-gianni-diena-ueber-seine-zusammenarbeit-mit-dem-ijm-um-die-italienischen-juden-in-frankreich-bekannt-zu-machen\\\/\"]}]},{\"@type\":\"ImageObject\",\"inLanguage\":\"de\",\"@id\":\"https:\\\/\\\/www.iemj.org\\\/de\\\/artikel-auf-italienisch-von-gianni-diena-ueber-seine-zusammenarbeit-mit-dem-ijm-um-die-italienischen-juden-in-frankreich-bekannt-zu-machen\\\/#primaryimage\",\"url\":\"https:\\\/\\\/www.iemj.org\\\/wp-content\\\/uploads\\\/2020\\\/03\\\/arton4631.jpg\",\"contentUrl\":\"https:\\\/\\\/www.iemj.org\\\/wp-content\\\/uploads\\\/2020\\\/03\\\/arton4631.jpg\",\"width\":1188,\"height\":879},{\"@type\":\"BreadcrumbList\",\"@id\":\"https:\\\/\\\/www.iemj.org\\\/de\\\/artikel-auf-italienisch-von-gianni-diena-ueber-seine-zusammenarbeit-mit-dem-ijm-um-die-italienischen-juden-in-frankreich-bekannt-zu-machen\\\/#breadcrumb\",\"itemListElement\":[{\"@type\":\"ListItem\",\"position\":1,\"name\":\"Accueil\",\"item\":\"https:\\\/\\\/www.iemj.org\\\/de\\\/\"},{\"@type\":\"ListItem\",\"position\":2,\"name\":\"ARTIKEL (AUF ITALIENISCH) VON GIANNI DIENA \u00dcBER SEINE ZUSAMMENARBEIT MIT DEM IJM, UM DIE ITALIENISCHEN JUDEN IN FRANKREICH BEKANNT ZU MACHEN\"}]},{\"@type\":\"WebSite\",\"@id\":\"https:\\\/\\\/www.iemj.org\\\/de\\\/#website\",\"url\":\"https:\\\/\\\/www.iemj.org\\\/de\\\/\",\"name\":\"Institut Europ\u00e9en des Musiques Juives\",\"description\":\"Des traditions musicales \u00e0 la port\u00e9e de tous\",\"publisher\":{\"@id\":\"https:\\\/\\\/www.iemj.org\\\/de\\\/#organization\"},\"potentialAction\":[{\"@type\":\"SearchAction\",\"target\":{\"@type\":\"EntryPoint\",\"urlTemplate\":\"https:\\\/\\\/www.iemj.org\\\/de\\\/?s={search_term_string}\"},\"query-input\":{\"@type\":\"PropertyValueSpecification\",\"valueRequired\":true,\"valueName\":\"search_term_string\"}}],\"inLanguage\":\"de\"},{\"@type\":\"Organization\",\"@id\":\"https:\\\/\\\/www.iemj.org\\\/de\\\/#organization\",\"name\":\"Institut Europ\u00e9en des Musiques Juives\",\"url\":\"https:\\\/\\\/www.iemj.org\\\/de\\\/\",\"logo\":{\"@type\":\"ImageObject\",\"inLanguage\":\"de\",\"@id\":\"https:\\\/\\\/www.iemj.org\\\/de\\\/#\\\/schema\\\/logo\\\/image\\\/\",\"url\":\"https:\\\/\\\/www.iemj.org\\\/wp-content\\\/uploads\\\/2021\\\/09\\\/Logo-IEMJ-Paypal.jpg\",\"contentUrl\":\"https:\\\/\\\/www.iemj.org\\\/wp-content\\\/uploads\\\/2021\\\/09\\\/Logo-IEMJ-Paypal.jpg\",\"width\":150,\"height\":50,\"caption\":\"Institut Europ\u00e9en des Musiques Juives\"},\"image\":{\"@id\":\"https:\\\/\\\/www.iemj.org\\\/de\\\/#\\\/schema\\\/logo\\\/image\\\/\"},\"sameAs\":[\"https:\\\/\\\/www.facebook.com\\\/MusiquesJuives\\\/\",\"https:\\\/\\\/www.instagram.com\\\/musiquesjuives\\\/\",\"https:\\\/\\\/www.youtube.com\\\/user\\\/musiquesjuives\"]},{\"@type\":\"Person\",\"@id\":\"https:\\\/\\\/www.iemj.org\\\/de\\\/#\\\/schema\\\/person\\\/358e26c18aca017fcc4cc15437f7279c\",\"name\":\"Jacqueline ROTEN\",\"image\":{\"@type\":\"ImageObject\",\"inLanguage\":\"de\",\"@id\":\"https:\\\/\\\/secure.gravatar.com\\\/avatar\\\/5964256d6c6957de3a3505278957e0fb2a35119ac47ea41827a65301213c810b?s=96&d=mm&r=g\",\"url\":\"https:\\\/\\\/secure.gravatar.com\\\/avatar\\\/5964256d6c6957de3a3505278957e0fb2a35119ac47ea41827a65301213c810b?s=96&d=mm&r=g\",\"contentUrl\":\"https:\\\/\\\/secure.gravatar.com\\\/avatar\\\/5964256d6c6957de3a3505278957e0fb2a35119ac47ea41827a65301213c810b?s=96&d=mm&r=g\",\"caption\":\"Jacqueline ROTEN\"}}]}<\/script>\n<!-- \/ Yoast SEO plugin. -->","yoast_head_json":{"title":"ARTIKEL (AUF ITALIENISCH) VON GIANNI DIENA \u00dcBER SEINE ZUSAMMENARBEIT MIT DEM IJM, UM DIE ITALIENISCHEN JUDEN IN FRANKREICH BEKANNT ZU MACHEN - Institut Europ\u00e9en des Musiques Juives","robots":{"index":"index","follow":"follow","max-snippet":"max-snippet:-1","max-image-preview":"max-image-preview:large","max-video-preview":"max-video-preview:-1"},"canonical":"https:\/\/www.iemj.org\/de\/artikel-auf-italienisch-von-gianni-diena-ueber-seine-zusammenarbeit-mit-dem-ijm-um-die-italienischen-juden-in-frankreich-bekannt-zu-machen\/","og_locale":"de_DE","og_type":"article","og_title":"ARTIKEL (AUF ITALIENISCH) VON GIANNI DIENA \u00dcBER SEINE ZUSAMMENARBEIT MIT DEM IJM, UM DIE ITALIENISCHEN JUDEN IN FRANKREICH BEKANNT ZU MACHEN - Institut Europ\u00e9en des Musiques Juives","og_description":"In seinem Bestreben, das eher unbekannte italienische Judentum und seine musikalischen Traditionen bekannt zu machen, hat Gianni Diena, dem Europ\u00e4ischen Institut f\u00fcr J\u00fcdische Musik k\u00fcrzlich eine Reihe von Dokumenten anvertraut.","og_url":"https:\/\/www.iemj.org\/de\/artikel-auf-italienisch-von-gianni-diena-ueber-seine-zusammenarbeit-mit-dem-ijm-um-die-italienischen-juden-in-frankreich-bekannt-zu-machen\/","og_site_name":"Institut Europ\u00e9en des Musiques Juives","article_publisher":"https:\/\/www.facebook.com\/MusiquesJuives\/","article_published_time":"2023-01-12T14:15:58+00:00","article_modified_time":"2023-01-12T14:16:04+00:00","og_image":[{"width":1188,"height":879,"url":"https:\/\/www.iemj.org\/wp-content\/uploads\/2020\/03\/arton4631.jpg","type":"image\/jpeg"}],"author":"Jacqueline ROTEN","twitter_card":"summary_large_image","twitter_misc":{"Verfasst von":"Jacqueline ROTEN","Gesch\u00e4tzte Lesezeit":"1\u00a0Minute"},"schema":{"@context":"https:\/\/schema.org","@graph":[{"@type":"Article","@id":"https:\/\/www.iemj.org\/de\/artikel-auf-italienisch-von-gianni-diena-ueber-seine-zusammenarbeit-mit-dem-ijm-um-die-italienischen-juden-in-frankreich-bekannt-zu-machen\/#article","isPartOf":{"@id":"https:\/\/www.iemj.org\/de\/artikel-auf-italienisch-von-gianni-diena-ueber-seine-zusammenarbeit-mit-dem-ijm-um-die-italienischen-juden-in-frankreich-bekannt-zu-machen\/"},"author":{"name":"Jacqueline ROTEN","@id":"https:\/\/www.iemj.org\/de\/#\/schema\/person\/358e26c18aca017fcc4cc15437f7279c"},"headline":"ARTIKEL (AUF ITALIENISCH) VON GIANNI DIENA \u00dcBER SEINE ZUSAMMENARBEIT MIT DEM IJM, UM DIE ITALIENISCHEN JUDEN IN FRANKREICH BEKANNT ZU MACHEN","datePublished":"2023-01-12T14:15:58+00:00","dateModified":"2023-01-12T14:16:04+00:00","mainEntityOfPage":{"@id":"https:\/\/www.iemj.org\/de\/artikel-auf-italienisch-von-gianni-diena-ueber-seine-zusammenarbeit-mit-dem-ijm-um-die-italienischen-juden-in-frankreich-bekannt-zu-machen\/"},"wordCount":153,"publisher":{"@id":"https:\/\/www.iemj.org\/de\/#organization"},"image":{"@id":"https:\/\/www.iemj.org\/de\/artikel-auf-italienisch-von-gianni-diena-ueber-seine-zusammenarbeit-mit-dem-ijm-um-die-italienischen-juden-in-frankreich-bekannt-zu-machen\/#primaryimage"},"thumbnailUrl":"https:\/\/www.iemj.org\/wp-content\/uploads\/2020\/03\/arton4631.jpg","keywords":["Italien"],"articleSection":["Pressespiegel"],"inLanguage":"de"},{"@type":"WebPage","@id":"https:\/\/www.iemj.org\/de\/artikel-auf-italienisch-von-gianni-diena-ueber-seine-zusammenarbeit-mit-dem-ijm-um-die-italienischen-juden-in-frankreich-bekannt-zu-machen\/","url":"https:\/\/www.iemj.org\/de\/artikel-auf-italienisch-von-gianni-diena-ueber-seine-zusammenarbeit-mit-dem-ijm-um-die-italienischen-juden-in-frankreich-bekannt-zu-machen\/","name":"ARTIKEL (AUF ITALIENISCH) VON GIANNI DIENA \u00dcBER SEINE ZUSAMMENARBEIT MIT DEM IJM, UM DIE ITALIENISCHEN JUDEN IN FRANKREICH BEKANNT ZU MACHEN - Institut Europ\u00e9en des Musiques Juives","isPartOf":{"@id":"https:\/\/www.iemj.org\/de\/#website"},"primaryImageOfPage":{"@id":"https:\/\/www.iemj.org\/de\/artikel-auf-italienisch-von-gianni-diena-ueber-seine-zusammenarbeit-mit-dem-ijm-um-die-italienischen-juden-in-frankreich-bekannt-zu-machen\/#primaryimage"},"image":{"@id":"https:\/\/www.iemj.org\/de\/artikel-auf-italienisch-von-gianni-diena-ueber-seine-zusammenarbeit-mit-dem-ijm-um-die-italienischen-juden-in-frankreich-bekannt-zu-machen\/#primaryimage"},"thumbnailUrl":"https:\/\/www.iemj.org\/wp-content\/uploads\/2020\/03\/arton4631.jpg","datePublished":"2023-01-12T14:15:58+00:00","dateModified":"2023-01-12T14:16:04+00:00","breadcrumb":{"@id":"https:\/\/www.iemj.org\/de\/artikel-auf-italienisch-von-gianni-diena-ueber-seine-zusammenarbeit-mit-dem-ijm-um-die-italienischen-juden-in-frankreich-bekannt-zu-machen\/#breadcrumb"},"inLanguage":"de","potentialAction":[{"@type":"ReadAction","target":["https:\/\/www.iemj.org\/de\/artikel-auf-italienisch-von-gianni-diena-ueber-seine-zusammenarbeit-mit-dem-ijm-um-die-italienischen-juden-in-frankreich-bekannt-zu-machen\/"]}]},{"@type":"ImageObject","inLanguage":"de","@id":"https:\/\/www.iemj.org\/de\/artikel-auf-italienisch-von-gianni-diena-ueber-seine-zusammenarbeit-mit-dem-ijm-um-die-italienischen-juden-in-frankreich-bekannt-zu-machen\/#primaryimage","url":"https:\/\/www.iemj.org\/wp-content\/uploads\/2020\/03\/arton4631.jpg","contentUrl":"https:\/\/www.iemj.org\/wp-content\/uploads\/2020\/03\/arton4631.jpg","width":1188,"height":879},{"@type":"BreadcrumbList","@id":"https:\/\/www.iemj.org\/de\/artikel-auf-italienisch-von-gianni-diena-ueber-seine-zusammenarbeit-mit-dem-ijm-um-die-italienischen-juden-in-frankreich-bekannt-zu-machen\/#breadcrumb","itemListElement":[{"@type":"ListItem","position":1,"name":"Accueil","item":"https:\/\/www.iemj.org\/de\/"},{"@type":"ListItem","position":2,"name":"ARTIKEL (AUF ITALIENISCH) VON GIANNI DIENA \u00dcBER SEINE ZUSAMMENARBEIT MIT DEM IJM, UM DIE ITALIENISCHEN JUDEN IN FRANKREICH BEKANNT ZU MACHEN"}]},{"@type":"WebSite","@id":"https:\/\/www.iemj.org\/de\/#website","url":"https:\/\/www.iemj.org\/de\/","name":"Institut Europ\u00e9en des Musiques Juives","description":"Des traditions musicales \u00e0 la port\u00e9e de tous","publisher":{"@id":"https:\/\/www.iemj.org\/de\/#organization"},"potentialAction":[{"@type":"SearchAction","target":{"@type":"EntryPoint","urlTemplate":"https:\/\/www.iemj.org\/de\/?s={search_term_string}"},"query-input":{"@type":"PropertyValueSpecification","valueRequired":true,"valueName":"search_term_string"}}],"inLanguage":"de"},{"@type":"Organization","@id":"https:\/\/www.iemj.org\/de\/#organization","name":"Institut Europ\u00e9en des Musiques Juives","url":"https:\/\/www.iemj.org\/de\/","logo":{"@type":"ImageObject","inLanguage":"de","@id":"https:\/\/www.iemj.org\/de\/#\/schema\/logo\/image\/","url":"https:\/\/www.iemj.org\/wp-content\/uploads\/2021\/09\/Logo-IEMJ-Paypal.jpg","contentUrl":"https:\/\/www.iemj.org\/wp-content\/uploads\/2021\/09\/Logo-IEMJ-Paypal.jpg","width":150,"height":50,"caption":"Institut Europ\u00e9en des Musiques Juives"},"image":{"@id":"https:\/\/www.iemj.org\/de\/#\/schema\/logo\/image\/"},"sameAs":["https:\/\/www.facebook.com\/MusiquesJuives\/","https:\/\/www.instagram.com\/musiquesjuives\/","https:\/\/www.youtube.com\/user\/musiquesjuives"]},{"@type":"Person","@id":"https:\/\/www.iemj.org\/de\/#\/schema\/person\/358e26c18aca017fcc4cc15437f7279c","name":"Jacqueline ROTEN","image":{"@type":"ImageObject","inLanguage":"de","@id":"https:\/\/secure.gravatar.com\/avatar\/5964256d6c6957de3a3505278957e0fb2a35119ac47ea41827a65301213c810b?s=96&d=mm&r=g","url":"https:\/\/secure.gravatar.com\/avatar\/5964256d6c6957de3a3505278957e0fb2a35119ac47ea41827a65301213c810b?s=96&d=mm&r=g","contentUrl":"https:\/\/secure.gravatar.com\/avatar\/5964256d6c6957de3a3505278957e0fb2a35119ac47ea41827a65301213c810b?s=96&d=mm&r=g","caption":"Jacqueline ROTEN"}}]}},"_links":{"self":[{"href":"https:\/\/www.iemj.org\/de\/wp-json\/wp\/v2\/posts\/92184","targetHints":{"allow":["GET"]}}],"collection":[{"href":"https:\/\/www.iemj.org\/de\/wp-json\/wp\/v2\/posts"}],"about":[{"href":"https:\/\/www.iemj.org\/de\/wp-json\/wp\/v2\/types\/post"}],"author":[{"embeddable":true,"href":"https:\/\/www.iemj.org\/de\/wp-json\/wp\/v2\/users\/5"}],"replies":[{"embeddable":true,"href":"https:\/\/www.iemj.org\/de\/wp-json\/wp\/v2\/comments?post=92184"}],"version-history":[{"count":0,"href":"https:\/\/www.iemj.org\/de\/wp-json\/wp\/v2\/posts\/92184\/revisions"}],"wp:featuredmedia":[{"embeddable":true,"href":"https:\/\/www.iemj.org\/de\/wp-json\/wp\/v2\/media\/49003"}],"wp:attachment":[{"href":"https:\/\/www.iemj.org\/de\/wp-json\/wp\/v2\/media?parent=92184"}],"wp:term":[{"taxonomy":"category","embeddable":true,"href":"https:\/\/www.iemj.org\/de\/wp-json\/wp\/v2\/categories?post=92184"},{"taxonomy":"post_tag","embeddable":true,"href":"https:\/\/www.iemj.org\/de\/wp-json\/wp\/v2\/tags?post=92184"},{"taxonomy":"technique","embeddable":true,"href":"https:\/\/www.iemj.org\/de\/wp-json\/wp\/v2\/technique?post=92184"},{"taxonomy":"squelettes","embeddable":true,"href":"https:\/\/www.iemj.org\/de\/wp-json\/wp\/v2\/squelettes?post=92184"},{"taxonomy":"sujet","embeddable":true,"href":"https:\/\/www.iemj.org\/de\/wp-json\/wp\/v2\/sujet?post=92184"},{"taxonomy":"formation","embeddable":true,"href":"https:\/\/www.iemj.org\/de\/wp-json\/wp\/v2\/formation?post=92184"},{"taxonomy":"genre","embeddable":true,"href":"https:\/\/www.iemj.org\/de\/wp-json\/wp\/v2\/genre?post=92184"},{"taxonomy":"fonds","embeddable":true,"href":"https:\/\/www.iemj.org\/de\/wp-json\/wp\/v2\/fonds?post=92184"},{"taxonomy":"tradition","embeddable":true,"href":"https:\/\/www.iemj.org\/de\/wp-json\/wp\/v2\/tradition?post=92184"},{"taxonomy":"type-de-contenu","embeddable":true,"href":"https:\/\/www.iemj.org\/de\/wp-json\/wp\/v2\/type-de-contenu?post=92184"},{"taxonomy":"interprete-compositeur","embeddable":true,"href":"https:\/\/www.iemj.org\/de\/wp-json\/wp\/v2\/interprete-compositeur?post=92184"},{"taxonomy":"frise","embeddable":true,"href":"https:\/\/www.iemj.org\/de\/wp-json\/wp\/v2\/frise?post=92184"},{"taxonomy":"type-devenement","embeddable":true,"href":"https:\/\/www.iemj.org\/de\/wp-json\/wp\/v2\/type-devenement?post=92184"},{"taxonomy":"tableaux-liens-externes","embeddable":true,"href":"https:\/\/www.iemj.org\/de\/wp-json\/wp\/v2\/tableaux-liens-externes?post=92184"}],"curies":[{"name":"wp","href":"https:\/\/api.w.org\/{rel}","templated":true}]}}