{"id":92357,"date":"2010-06-16T09:45:46","date_gmt":"2010-06-16T07:45:46","guid":{"rendered":"https:\/\/www.iemj.org\/concert-musiques-juives-baroques-venise-mantoue-amsterdam\/"},"modified":"2023-01-16T16:22:59","modified_gmt":"2023-01-16T15:22:59","slug":"concert-musiques-juives-baroques-venise-mantoue-amsterdam","status":"publish","type":"post","link":"https:\/\/www.iemj.org\/de\/concert-musiques-juives-baroques-venise-mantoue-amsterdam\/","title":{"rendered":"Konzert &#8222;J\u00fcdische Barockmusiken&#8220; &#8211; Venedig, Mantua, Amsterdam"},"content":{"rendered":"<p>Am 14. April 2010 nahmen fast 200 Zuh\u00f6rer in Paris an dem Konzert &#8222;J\u00fcdische Barockmusiken&#8220; teil, das vom Ensemble <em>Les folastries<\/em> unter der Leitung von David Klein gegeben wurde.<\/p>\n<p>Das Konzert wurde von der Yuval Association mit der Unterst\u00fctzung des Instituts Alain de Rothschild und der Fondation du Juda\u00efsme Fran\u00e7ais organisiert und bot die Gelegenheit, an den im August 2009 verstorbenen Musikwissenschaftler Israel Adler zu erinnern.<\/p>\n\n\n<div data-wp-interactive=\"core\/file\" class=\"wp-block-file\"><object data-wp-bind--hidden=\"!state.hasPdfPreview\" hidden class=\"wp-block-file__embed\" data=\"https:\/\/www.iemj.org\/wp-content\/uploads\/2010\/06\/musique_juive_baroque.pdf\" type=\"application\/pdf\" style=\"width:100%;height:600px\" aria-label=\"Einbettung von &lt;a href=&quot;https:\/\/www.iemj.org\/de\/wp-content\/uploads\/2010\/06\/musique_juive_baroque.pdf&quot;&gt;Den Artikel \u00fcber das Konzert lesen&lt;\/a&gt;.pdf.\"><\/object><a id=\"wp-block-file--media-721ff776-01a9-44ac-af16-8568ba2b404c\" href=\"https:\/\/www.iemj.org\/wp-content\/uploads\/2010\/06\/musique_juive_baroque.pdf\"><a href=\"https:\/\/www.iemj.org\/de\/wp-content\/uploads\/2010\/06\/musique_juive_baroque.pdf\">Den Artikel \u00fcber das Konzert lesen<\/a>.pdf<\/a><a href=\"https:\/\/www.iemj.org\/wp-content\/uploads\/2010\/06\/musique_juive_baroque.pdf\" class=\"wp-block-file__button wp-element-button\" download aria-describedby=\"wp-block-file--media-721ff776-01a9-44ac-af16-8568ba2b404c\">Herunterladen<\/a><\/div>\n","protected":false},"excerpt":{"rendered":"<p>Am 14. April 2010 nahmen fast 200 Zuh\u00f6rer in Paris an dem Konzert &#8222;J\u00fcdische Barockmusiken&#8220; teil, das vom Ensemble Les folastries unter der Leitung von David Klein gegeben wurde. Das<\/p>\n","protected":false},"author":1047,"featured_media":38422,"comment_status":"closed","ping_status":"closed","sticky":false,"template":"","format":"standard","meta":{"_acf_changed":false,"footnotes":""},"categories":[1614],"tags":[],"technique":[],"squelettes":[],"sujet":[],"formation":[],"genre":[1893],"fonds":[],"tradition":[],"type-de-contenu":[],"interprete-compositeur":[],"frise":[],"type-devenement":[],"tableaux-liens-externes":[],"class_list":["post-92357","post","type-post","status-publish","format-standard","has-post-thumbnail","hentry","category-pressespiegel-de","genre-barockmusik-de"],"acf":[],"yoast_head":"<!-- This site is optimized with the Yoast SEO plugin v27.3 - https:\/\/yoast.com\/product\/yoast-seo-wordpress\/ -->\n<title>Konzert &quot;J\u00fcdische Barockmusiken&quot; - Venedig, Mantua, Amsterdam - Institut Europ\u00e9en des Musiques Juives<\/title>\n<meta name=\"robots\" content=\"index, follow, max-snippet:-1, max-image-preview:large, max-video-preview:-1\" \/>\n<link rel=\"canonical\" href=\"https:\/\/www.iemj.org\/de\/concert-musiques-juives-baroques-venise-mantoue-amsterdam\/\" \/>\n<meta property=\"og:locale\" content=\"de_DE\" \/>\n<meta property=\"og:type\" content=\"article\" \/>\n<meta property=\"og:title\" content=\"Konzert &quot;J\u00fcdische Barockmusiken&quot; - Venedig, Mantua, Amsterdam - Institut Europ\u00e9en des Musiques Juives\" \/>\n<meta property=\"og:description\" content=\"Am 14. April 2010 nahmen fast 200 Zuh\u00f6rer in Paris an dem Konzert &#8222;J\u00fcdische Barockmusiken&#8220; teil, das vom Ensemble Les folastries unter der Leitung von David Klein gegeben wurde. Das\" \/>\n<meta property=\"og:url\" content=\"https:\/\/www.iemj.org\/de\/concert-musiques-juives-baroques-venise-mantoue-amsterdam\/\" \/>\n<meta property=\"og:site_name\" content=\"Institut Europ\u00e9en des Musiques Juives\" \/>\n<meta property=\"article:publisher\" content=\"https:\/\/www.facebook.com\/MusiquesJuives\/\" \/>\n<meta property=\"article:published_time\" content=\"2010-06-16T07:45:46+00:00\" \/>\n<meta property=\"article:modified_time\" content=\"2023-01-16T15:22:59+00:00\" \/>\n<meta property=\"og:image\" content=\"https:\/\/www.iemj.org\/wp-content\/uploads\/2010\/06\/CD-PMJF-10-e1619620433427.jpg\" \/>\n\t<meta property=\"og:image:width\" content=\"1429\" \/>\n\t<meta property=\"og:image:height\" content=\"1399\" \/>\n\t<meta property=\"og:image:type\" content=\"image\/jpeg\" \/>\n<meta name=\"author\" content=\"Nicolas Fevre\" \/>\n<meta name=\"twitter:card\" content=\"summary_large_image\" \/>\n<meta name=\"twitter:label1\" content=\"Verfasst von\" \/>\n\t<meta name=\"twitter:data1\" content=\"Nicolas Fevre\" \/>\n\t<meta name=\"twitter:label2\" content=\"Gesch\u00e4tzte Lesezeit\" \/>\n\t<meta name=\"twitter:data2\" content=\"1\u00a0Minute\" \/>\n<script type=\"application\/ld+json\" class=\"yoast-schema-graph\">{\"@context\":\"https:\\\/\\\/schema.org\",\"@graph\":[{\"@type\":\"Article\",\"@id\":\"https:\\\/\\\/www.iemj.org\\\/de\\\/concert-musiques-juives-baroques-venise-mantoue-amsterdam\\\/#article\",\"isPartOf\":{\"@id\":\"https:\\\/\\\/www.iemj.org\\\/de\\\/concert-musiques-juives-baroques-venise-mantoue-amsterdam\\\/\"},\"author\":{\"name\":\"Nicolas Fevre\",\"@id\":\"https:\\\/\\\/www.iemj.org\\\/de\\\/#\\\/schema\\\/person\\\/0dfc8632809ec10c9e7d4daf4f4b9f1c\"},\"headline\":\"Konzert &#8222;J\u00fcdische Barockmusiken&#8220; &#8211; Venedig, Mantua, Amsterdam\",\"datePublished\":\"2010-06-16T07:45:46+00:00\",\"dateModified\":\"2023-01-16T15:22:59+00:00\",\"mainEntityOfPage\":{\"@id\":\"https:\\\/\\\/www.iemj.org\\\/de\\\/concert-musiques-juives-baroques-venise-mantoue-amsterdam\\\/\"},\"wordCount\":83,\"publisher\":{\"@id\":\"https:\\\/\\\/www.iemj.org\\\/de\\\/#organization\"},\"image\":{\"@id\":\"https:\\\/\\\/www.iemj.org\\\/de\\\/concert-musiques-juives-baroques-venise-mantoue-amsterdam\\\/#primaryimage\"},\"thumbnailUrl\":\"https:\\\/\\\/www.iemj.org\\\/wp-content\\\/uploads\\\/2010\\\/06\\\/CD-PMJF-10-e1619620433427.jpg\",\"articleSection\":[\"Pressespiegel\"],\"inLanguage\":\"de\"},{\"@type\":\"WebPage\",\"@id\":\"https:\\\/\\\/www.iemj.org\\\/de\\\/concert-musiques-juives-baroques-venise-mantoue-amsterdam\\\/\",\"url\":\"https:\\\/\\\/www.iemj.org\\\/de\\\/concert-musiques-juives-baroques-venise-mantoue-amsterdam\\\/\",\"name\":\"Konzert \\\"J\u00fcdische Barockmusiken\\\" - Venedig, Mantua, Amsterdam - Institut Europ\u00e9en des Musiques Juives\",\"isPartOf\":{\"@id\":\"https:\\\/\\\/www.iemj.org\\\/de\\\/#website\"},\"primaryImageOfPage\":{\"@id\":\"https:\\\/\\\/www.iemj.org\\\/de\\\/concert-musiques-juives-baroques-venise-mantoue-amsterdam\\\/#primaryimage\"},\"image\":{\"@id\":\"https:\\\/\\\/www.iemj.org\\\/de\\\/concert-musiques-juives-baroques-venise-mantoue-amsterdam\\\/#primaryimage\"},\"thumbnailUrl\":\"https:\\\/\\\/www.iemj.org\\\/wp-content\\\/uploads\\\/2010\\\/06\\\/CD-PMJF-10-e1619620433427.jpg\",\"datePublished\":\"2010-06-16T07:45:46+00:00\",\"dateModified\":\"2023-01-16T15:22:59+00:00\",\"breadcrumb\":{\"@id\":\"https:\\\/\\\/www.iemj.org\\\/de\\\/concert-musiques-juives-baroques-venise-mantoue-amsterdam\\\/#breadcrumb\"},\"inLanguage\":\"de\",\"potentialAction\":[{\"@type\":\"ReadAction\",\"target\":[\"https:\\\/\\\/www.iemj.org\\\/de\\\/concert-musiques-juives-baroques-venise-mantoue-amsterdam\\\/\"]}]},{\"@type\":\"ImageObject\",\"inLanguage\":\"de\",\"@id\":\"https:\\\/\\\/www.iemj.org\\\/de\\\/concert-musiques-juives-baroques-venise-mantoue-amsterdam\\\/#primaryimage\",\"url\":\"https:\\\/\\\/www.iemj.org\\\/wp-content\\\/uploads\\\/2010\\\/06\\\/CD-PMJF-10-e1619620433427.jpg\",\"contentUrl\":\"https:\\\/\\\/www.iemj.org\\\/wp-content\\\/uploads\\\/2010\\\/06\\\/CD-PMJF-10-e1619620433427.jpg\",\"width\":1429,\"height\":1399},{\"@type\":\"BreadcrumbList\",\"@id\":\"https:\\\/\\\/www.iemj.org\\\/de\\\/concert-musiques-juives-baroques-venise-mantoue-amsterdam\\\/#breadcrumb\",\"itemListElement\":[{\"@type\":\"ListItem\",\"position\":1,\"name\":\"Accueil\",\"item\":\"https:\\\/\\\/www.iemj.org\\\/de\\\/\"},{\"@type\":\"ListItem\",\"position\":2,\"name\":\"Konzert \u00ab\u00a0J\u00fcdische Barockmusiken\u00a0\u00bb &#8211; Venedig, Mantua, Amsterdam\"}]},{\"@type\":\"WebSite\",\"@id\":\"https:\\\/\\\/www.iemj.org\\\/de\\\/#website\",\"url\":\"https:\\\/\\\/www.iemj.org\\\/de\\\/\",\"name\":\"Institut Europ\u00e9en des Musiques Juives\",\"description\":\"Des traditions musicales \u00e0 la port\u00e9e de tous\",\"publisher\":{\"@id\":\"https:\\\/\\\/www.iemj.org\\\/de\\\/#organization\"},\"potentialAction\":[{\"@type\":\"SearchAction\",\"target\":{\"@type\":\"EntryPoint\",\"urlTemplate\":\"https:\\\/\\\/www.iemj.org\\\/de\\\/?s={search_term_string}\"},\"query-input\":{\"@type\":\"PropertyValueSpecification\",\"valueRequired\":true,\"valueName\":\"search_term_string\"}}],\"inLanguage\":\"de\"},{\"@type\":\"Organization\",\"@id\":\"https:\\\/\\\/www.iemj.org\\\/de\\\/#organization\",\"name\":\"Institut Europ\u00e9en des Musiques Juives\",\"url\":\"https:\\\/\\\/www.iemj.org\\\/de\\\/\",\"logo\":{\"@type\":\"ImageObject\",\"inLanguage\":\"de\",\"@id\":\"https:\\\/\\\/www.iemj.org\\\/de\\\/#\\\/schema\\\/logo\\\/image\\\/\",\"url\":\"https:\\\/\\\/www.iemj.org\\\/wp-content\\\/uploads\\\/2021\\\/09\\\/Logo-IEMJ-Paypal.jpg\",\"contentUrl\":\"https:\\\/\\\/www.iemj.org\\\/wp-content\\\/uploads\\\/2021\\\/09\\\/Logo-IEMJ-Paypal.jpg\",\"width\":150,\"height\":50,\"caption\":\"Institut Europ\u00e9en des Musiques Juives\"},\"image\":{\"@id\":\"https:\\\/\\\/www.iemj.org\\\/de\\\/#\\\/schema\\\/logo\\\/image\\\/\"},\"sameAs\":[\"https:\\\/\\\/www.facebook.com\\\/MusiquesJuives\\\/\",\"https:\\\/\\\/www.instagram.com\\\/musiquesjuives\\\/\",\"https:\\\/\\\/www.youtube.com\\\/user\\\/musiquesjuives\"]},{\"@type\":\"Person\",\"@id\":\"https:\\\/\\\/www.iemj.org\\\/de\\\/#\\\/schema\\\/person\\\/0dfc8632809ec10c9e7d4daf4f4b9f1c\",\"name\":\"Nicolas Fevre\",\"image\":{\"@type\":\"ImageObject\",\"inLanguage\":\"de\",\"@id\":\"https:\\\/\\\/secure.gravatar.com\\\/avatar\\\/d879fd262de3ba26caa7035b34c65f320aa09cf4c96889ac41d9325e287ccb7b?s=96&d=mm&r=g\",\"url\":\"https:\\\/\\\/secure.gravatar.com\\\/avatar\\\/d879fd262de3ba26caa7035b34c65f320aa09cf4c96889ac41d9325e287ccb7b?s=96&d=mm&r=g\",\"contentUrl\":\"https:\\\/\\\/secure.gravatar.com\\\/avatar\\\/d879fd262de3ba26caa7035b34c65f320aa09cf4c96889ac41d9325e287ccb7b?s=96&d=mm&r=g\",\"caption\":\"Nicolas Fevre\"}}]}<\/script>\n<!-- \/ Yoast SEO plugin. -->","yoast_head_json":{"title":"Konzert \"J\u00fcdische Barockmusiken\" - Venedig, Mantua, Amsterdam - Institut Europ\u00e9en des Musiques Juives","robots":{"index":"index","follow":"follow","max-snippet":"max-snippet:-1","max-image-preview":"max-image-preview:large","max-video-preview":"max-video-preview:-1"},"canonical":"https:\/\/www.iemj.org\/de\/concert-musiques-juives-baroques-venise-mantoue-amsterdam\/","og_locale":"de_DE","og_type":"article","og_title":"Konzert \"J\u00fcdische Barockmusiken\" - Venedig, Mantua, Amsterdam - Institut Europ\u00e9en des Musiques Juives","og_description":"Am 14. April 2010 nahmen fast 200 Zuh\u00f6rer in Paris an dem Konzert &#8222;J\u00fcdische Barockmusiken&#8220; teil, das vom Ensemble Les folastries unter der Leitung von David Klein gegeben wurde. Das","og_url":"https:\/\/www.iemj.org\/de\/concert-musiques-juives-baroques-venise-mantoue-amsterdam\/","og_site_name":"Institut Europ\u00e9en des Musiques Juives","article_publisher":"https:\/\/www.facebook.com\/MusiquesJuives\/","article_published_time":"2010-06-16T07:45:46+00:00","article_modified_time":"2023-01-16T15:22:59+00:00","og_image":[{"width":1429,"height":1399,"url":"https:\/\/www.iemj.org\/wp-content\/uploads\/2010\/06\/CD-PMJF-10-e1619620433427.jpg","type":"image\/jpeg"}],"author":"Nicolas Fevre","twitter_card":"summary_large_image","twitter_misc":{"Verfasst von":"Nicolas Fevre","Gesch\u00e4tzte Lesezeit":"1\u00a0Minute"},"schema":{"@context":"https:\/\/schema.org","@graph":[{"@type":"Article","@id":"https:\/\/www.iemj.org\/de\/concert-musiques-juives-baroques-venise-mantoue-amsterdam\/#article","isPartOf":{"@id":"https:\/\/www.iemj.org\/de\/concert-musiques-juives-baroques-venise-mantoue-amsterdam\/"},"author":{"name":"Nicolas Fevre","@id":"https:\/\/www.iemj.org\/de\/#\/schema\/person\/0dfc8632809ec10c9e7d4daf4f4b9f1c"},"headline":"Konzert &#8222;J\u00fcdische Barockmusiken&#8220; &#8211; Venedig, Mantua, Amsterdam","datePublished":"2010-06-16T07:45:46+00:00","dateModified":"2023-01-16T15:22:59+00:00","mainEntityOfPage":{"@id":"https:\/\/www.iemj.org\/de\/concert-musiques-juives-baroques-venise-mantoue-amsterdam\/"},"wordCount":83,"publisher":{"@id":"https:\/\/www.iemj.org\/de\/#organization"},"image":{"@id":"https:\/\/www.iemj.org\/de\/concert-musiques-juives-baroques-venise-mantoue-amsterdam\/#primaryimage"},"thumbnailUrl":"https:\/\/www.iemj.org\/wp-content\/uploads\/2010\/06\/CD-PMJF-10-e1619620433427.jpg","articleSection":["Pressespiegel"],"inLanguage":"de"},{"@type":"WebPage","@id":"https:\/\/www.iemj.org\/de\/concert-musiques-juives-baroques-venise-mantoue-amsterdam\/","url":"https:\/\/www.iemj.org\/de\/concert-musiques-juives-baroques-venise-mantoue-amsterdam\/","name":"Konzert \"J\u00fcdische Barockmusiken\" - Venedig, Mantua, Amsterdam - Institut Europ\u00e9en des Musiques Juives","isPartOf":{"@id":"https:\/\/www.iemj.org\/de\/#website"},"primaryImageOfPage":{"@id":"https:\/\/www.iemj.org\/de\/concert-musiques-juives-baroques-venise-mantoue-amsterdam\/#primaryimage"},"image":{"@id":"https:\/\/www.iemj.org\/de\/concert-musiques-juives-baroques-venise-mantoue-amsterdam\/#primaryimage"},"thumbnailUrl":"https:\/\/www.iemj.org\/wp-content\/uploads\/2010\/06\/CD-PMJF-10-e1619620433427.jpg","datePublished":"2010-06-16T07:45:46+00:00","dateModified":"2023-01-16T15:22:59+00:00","breadcrumb":{"@id":"https:\/\/www.iemj.org\/de\/concert-musiques-juives-baroques-venise-mantoue-amsterdam\/#breadcrumb"},"inLanguage":"de","potentialAction":[{"@type":"ReadAction","target":["https:\/\/www.iemj.org\/de\/concert-musiques-juives-baroques-venise-mantoue-amsterdam\/"]}]},{"@type":"ImageObject","inLanguage":"de","@id":"https:\/\/www.iemj.org\/de\/concert-musiques-juives-baroques-venise-mantoue-amsterdam\/#primaryimage","url":"https:\/\/www.iemj.org\/wp-content\/uploads\/2010\/06\/CD-PMJF-10-e1619620433427.jpg","contentUrl":"https:\/\/www.iemj.org\/wp-content\/uploads\/2010\/06\/CD-PMJF-10-e1619620433427.jpg","width":1429,"height":1399},{"@type":"BreadcrumbList","@id":"https:\/\/www.iemj.org\/de\/concert-musiques-juives-baroques-venise-mantoue-amsterdam\/#breadcrumb","itemListElement":[{"@type":"ListItem","position":1,"name":"Accueil","item":"https:\/\/www.iemj.org\/de\/"},{"@type":"ListItem","position":2,"name":"Konzert \u00ab\u00a0J\u00fcdische Barockmusiken\u00a0\u00bb &#8211; Venedig, Mantua, Amsterdam"}]},{"@type":"WebSite","@id":"https:\/\/www.iemj.org\/de\/#website","url":"https:\/\/www.iemj.org\/de\/","name":"Institut Europ\u00e9en des Musiques Juives","description":"Des traditions musicales \u00e0 la port\u00e9e de tous","publisher":{"@id":"https:\/\/www.iemj.org\/de\/#organization"},"potentialAction":[{"@type":"SearchAction","target":{"@type":"EntryPoint","urlTemplate":"https:\/\/www.iemj.org\/de\/?s={search_term_string}"},"query-input":{"@type":"PropertyValueSpecification","valueRequired":true,"valueName":"search_term_string"}}],"inLanguage":"de"},{"@type":"Organization","@id":"https:\/\/www.iemj.org\/de\/#organization","name":"Institut Europ\u00e9en des Musiques Juives","url":"https:\/\/www.iemj.org\/de\/","logo":{"@type":"ImageObject","inLanguage":"de","@id":"https:\/\/www.iemj.org\/de\/#\/schema\/logo\/image\/","url":"https:\/\/www.iemj.org\/wp-content\/uploads\/2021\/09\/Logo-IEMJ-Paypal.jpg","contentUrl":"https:\/\/www.iemj.org\/wp-content\/uploads\/2021\/09\/Logo-IEMJ-Paypal.jpg","width":150,"height":50,"caption":"Institut Europ\u00e9en des Musiques Juives"},"image":{"@id":"https:\/\/www.iemj.org\/de\/#\/schema\/logo\/image\/"},"sameAs":["https:\/\/www.facebook.com\/MusiquesJuives\/","https:\/\/www.instagram.com\/musiquesjuives\/","https:\/\/www.youtube.com\/user\/musiquesjuives"]},{"@type":"Person","@id":"https:\/\/www.iemj.org\/de\/#\/schema\/person\/0dfc8632809ec10c9e7d4daf4f4b9f1c","name":"Nicolas Fevre","image":{"@type":"ImageObject","inLanguage":"de","@id":"https:\/\/secure.gravatar.com\/avatar\/d879fd262de3ba26caa7035b34c65f320aa09cf4c96889ac41d9325e287ccb7b?s=96&d=mm&r=g","url":"https:\/\/secure.gravatar.com\/avatar\/d879fd262de3ba26caa7035b34c65f320aa09cf4c96889ac41d9325e287ccb7b?s=96&d=mm&r=g","contentUrl":"https:\/\/secure.gravatar.com\/avatar\/d879fd262de3ba26caa7035b34c65f320aa09cf4c96889ac41d9325e287ccb7b?s=96&d=mm&r=g","caption":"Nicolas Fevre"}}]}},"_links":{"self":[{"href":"https:\/\/www.iemj.org\/de\/wp-json\/wp\/v2\/posts\/92357","targetHints":{"allow":["GET"]}}],"collection":[{"href":"https:\/\/www.iemj.org\/de\/wp-json\/wp\/v2\/posts"}],"about":[{"href":"https:\/\/www.iemj.org\/de\/wp-json\/wp\/v2\/types\/post"}],"author":[{"embeddable":true,"href":"https:\/\/www.iemj.org\/de\/wp-json\/wp\/v2\/users\/1047"}],"replies":[{"embeddable":true,"href":"https:\/\/www.iemj.org\/de\/wp-json\/wp\/v2\/comments?post=92357"}],"version-history":[{"count":0,"href":"https:\/\/www.iemj.org\/de\/wp-json\/wp\/v2\/posts\/92357\/revisions"}],"wp:featuredmedia":[{"embeddable":true,"href":"https:\/\/www.iemj.org\/de\/wp-json\/wp\/v2\/media\/38422"}],"wp:attachment":[{"href":"https:\/\/www.iemj.org\/de\/wp-json\/wp\/v2\/media?parent=92357"}],"wp:term":[{"taxonomy":"category","embeddable":true,"href":"https:\/\/www.iemj.org\/de\/wp-json\/wp\/v2\/categories?post=92357"},{"taxonomy":"post_tag","embeddable":true,"href":"https:\/\/www.iemj.org\/de\/wp-json\/wp\/v2\/tags?post=92357"},{"taxonomy":"technique","embeddable":true,"href":"https:\/\/www.iemj.org\/de\/wp-json\/wp\/v2\/technique?post=92357"},{"taxonomy":"squelettes","embeddable":true,"href":"https:\/\/www.iemj.org\/de\/wp-json\/wp\/v2\/squelettes?post=92357"},{"taxonomy":"sujet","embeddable":true,"href":"https:\/\/www.iemj.org\/de\/wp-json\/wp\/v2\/sujet?post=92357"},{"taxonomy":"formation","embeddable":true,"href":"https:\/\/www.iemj.org\/de\/wp-json\/wp\/v2\/formation?post=92357"},{"taxonomy":"genre","embeddable":true,"href":"https:\/\/www.iemj.org\/de\/wp-json\/wp\/v2\/genre?post=92357"},{"taxonomy":"fonds","embeddable":true,"href":"https:\/\/www.iemj.org\/de\/wp-json\/wp\/v2\/fonds?post=92357"},{"taxonomy":"tradition","embeddable":true,"href":"https:\/\/www.iemj.org\/de\/wp-json\/wp\/v2\/tradition?post=92357"},{"taxonomy":"type-de-contenu","embeddable":true,"href":"https:\/\/www.iemj.org\/de\/wp-json\/wp\/v2\/type-de-contenu?post=92357"},{"taxonomy":"interprete-compositeur","embeddable":true,"href":"https:\/\/www.iemj.org\/de\/wp-json\/wp\/v2\/interprete-compositeur?post=92357"},{"taxonomy":"frise","embeddable":true,"href":"https:\/\/www.iemj.org\/de\/wp-json\/wp\/v2\/frise?post=92357"},{"taxonomy":"type-devenement","embeddable":true,"href":"https:\/\/www.iemj.org\/de\/wp-json\/wp\/v2\/type-devenement?post=92357"},{"taxonomy":"tableaux-liens-externes","embeddable":true,"href":"https:\/\/www.iemj.org\/de\/wp-json\/wp\/v2\/tableaux-liens-externes?post=92357"}],"curies":[{"name":"wp","href":"https:\/\/api.w.org\/{rel}","templated":true}]}}