{"id":92413,"date":"2019-12-10T15:58:32","date_gmt":"2019-12-10T14:58:32","guid":{"rendered":"https:\/\/www.iemj.org\/i24-news-reportage-tv-consacre-a-la-sortie-du-cd-jacques-offenbach-et-ses-proches\/"},"modified":"2023-01-16T18:07:25","modified_gmt":"2023-01-16T17:07:25","slug":"i24-news-reportage-tv-consacre-a-la-sortie-du-cd-jacques-offenbach-et-ses-proches","status":"publish","type":"post","link":"https:\/\/www.iemj.org\/de\/i24-news-reportage-tv-consacre-a-la-sortie-du-cd-jacques-offenbach-et-ses-proches\/","title":{"rendered":"I24 NEWS \u2013 TV-REPORTAGE \u00dcBER DIE VER\u00d6FFENTLICHUNG DER CD \u201cJACQUES OFFENBACH ET SES PROCHES\u201d"},"content":{"rendered":"<p><em>Culture<\/em>, Fernsehsendung, Regie: Ava Mergy, Moderation: Val\u00e9rie Abecassis, auf I24 News.<\/p>\n<p><strong><a href=\"https:\/\/www.iemj.org\/de\/produit\/jacques-offenbach-and-friends-from-the-synagogue-to-the-opera\/\" target=\"_blank\" rel=\"noopener\">Kaufen Sie die CD im Online-Shop des IEMJ.<\/a><\/strong><\/p>\n\n\n<figure class=\"wp-block-video\"><video height=\"720\" style=\"aspect-ratio: 1280 \/ 720;\" width=\"1280\" controls src=\"https:\/\/www.iemj.org\/wp-content\/uploads\/2019\/12\/portrait_de_jacques_offenbach_hd_i24news_20191126.mp4\"><\/video><\/figure>\n","protected":false},"excerpt":{"rendered":"<p>Culture, Fernsehsendung, Regie: Ava Mergy, Moderation: Val\u00e9rie Abecassis, auf I24 News. Kaufen Sie die CD im Online-Shop des IEMJ.<\/p>\n","protected":false},"author":5,"featured_media":92414,"comment_status":"closed","ping_status":"closed","sticky":false,"template":"","format":"standard","meta":{"_acf_changed":false,"footnotes":""},"categories":[1614],"tags":[],"technique":[],"squelettes":[],"sujet":[],"formation":[],"genre":[],"fonds":[],"tradition":[],"type-de-contenu":[],"interprete-compositeur":[],"frise":[],"type-devenement":[],"tableaux-liens-externes":[],"class_list":["post-92413","post","type-post","status-publish","format-standard","has-post-thumbnail","hentry","category-pressespiegel-de"],"acf":[],"yoast_head":"<!-- This site is optimized with the Yoast SEO plugin v27.3 - https:\/\/yoast.com\/product\/yoast-seo-wordpress\/ -->\n<title>I24 NEWS \u2013 TV-REPORTAGE \u00dcBER DIE VER\u00d6FFENTLICHUNG DER CD \u201cJACQUES OFFENBACH ET SES PROCHES\u201d - Institut Europ\u00e9en des Musiques Juives<\/title>\n<meta name=\"robots\" content=\"index, follow, max-snippet:-1, max-image-preview:large, max-video-preview:-1\" \/>\n<link rel=\"canonical\" href=\"https:\/\/www.iemj.org\/de\/i24-news-reportage-tv-consacre-a-la-sortie-du-cd-jacques-offenbach-et-ses-proches\/\" \/>\n<meta property=\"og:locale\" content=\"de_DE\" \/>\n<meta property=\"og:type\" content=\"article\" \/>\n<meta property=\"og:title\" content=\"I24 NEWS \u2013 TV-REPORTAGE \u00dcBER DIE VER\u00d6FFENTLICHUNG DER CD \u201cJACQUES OFFENBACH ET SES PROCHES\u201d - Institut Europ\u00e9en des Musiques Juives\" \/>\n<meta property=\"og:description\" content=\"Culture, Fernsehsendung, Regie: Ava Mergy, Moderation: Val\u00e9rie Abecassis, auf I24 News. Kaufen Sie die CD im Online-Shop des IEMJ.\" \/>\n<meta property=\"og:url\" content=\"https:\/\/www.iemj.org\/de\/i24-news-reportage-tv-consacre-a-la-sortie-du-cd-jacques-offenbach-et-ses-proches\/\" \/>\n<meta property=\"og:site_name\" content=\"Institut Europ\u00e9en des Musiques Juives\" \/>\n<meta property=\"article:publisher\" content=\"https:\/\/www.facebook.com\/MusiquesJuives\/\" \/>\n<meta property=\"article:published_time\" content=\"2019-12-10T14:58:32+00:00\" \/>\n<meta property=\"article:modified_time\" content=\"2023-01-16T17:07:25+00:00\" \/>\n<meta property=\"og:image\" content=\"https:\/\/www.iemj.org\/wp-content\/uploads\/2019\/12\/arton4426.jpg\" \/>\n\t<meta property=\"og:image:width\" content=\"336\" \/>\n\t<meta property=\"og:image:height\" content=\"372\" \/>\n\t<meta property=\"og:image:type\" content=\"image\/jpeg\" \/>\n<meta name=\"author\" content=\"Jacqueline ROTEN\" \/>\n<meta name=\"twitter:card\" content=\"summary_large_image\" \/>\n<meta name=\"twitter:label1\" content=\"Verfasst von\" \/>\n\t<meta name=\"twitter:data1\" content=\"Jacqueline ROTEN\" \/>\n\t<meta name=\"twitter:label2\" content=\"Gesch\u00e4tzte Lesezeit\" \/>\n\t<meta name=\"twitter:data2\" content=\"1\u00a0Minute\" \/>\n<script type=\"application\/ld+json\" class=\"yoast-schema-graph\">{\"@context\":\"https:\\\/\\\/schema.org\",\"@graph\":[{\"@type\":\"Article\",\"@id\":\"https:\\\/\\\/www.iemj.org\\\/de\\\/i24-news-reportage-tv-consacre-a-la-sortie-du-cd-jacques-offenbach-et-ses-proches\\\/#article\",\"isPartOf\":{\"@id\":\"https:\\\/\\\/www.iemj.org\\\/de\\\/i24-news-reportage-tv-consacre-a-la-sortie-du-cd-jacques-offenbach-et-ses-proches\\\/\"},\"author\":{\"name\":\"Jacqueline ROTEN\",\"@id\":\"https:\\\/\\\/www.iemj.org\\\/de\\\/#\\\/schema\\\/person\\\/358e26c18aca017fcc4cc15437f7279c\"},\"headline\":\"I24 NEWS \u2013 TV-REPORTAGE \u00dcBER DIE VER\u00d6FFENTLICHUNG DER CD \u201cJACQUES OFFENBACH ET SES PROCHES\u201d\",\"datePublished\":\"2019-12-10T14:58:32+00:00\",\"dateModified\":\"2023-01-16T17:07:25+00:00\",\"mainEntityOfPage\":{\"@id\":\"https:\\\/\\\/www.iemj.org\\\/de\\\/i24-news-reportage-tv-consacre-a-la-sortie-du-cd-jacques-offenbach-et-ses-proches\\\/\"},\"wordCount\":34,\"publisher\":{\"@id\":\"https:\\\/\\\/www.iemj.org\\\/de\\\/#organization\"},\"image\":{\"@id\":\"https:\\\/\\\/www.iemj.org\\\/de\\\/i24-news-reportage-tv-consacre-a-la-sortie-du-cd-jacques-offenbach-et-ses-proches\\\/#primaryimage\"},\"thumbnailUrl\":\"https:\\\/\\\/www.iemj.org\\\/wp-content\\\/uploads\\\/2019\\\/12\\\/arton4426.jpg\",\"articleSection\":[\"Pressespiegel\"],\"inLanguage\":\"de\"},{\"@type\":\"WebPage\",\"@id\":\"https:\\\/\\\/www.iemj.org\\\/de\\\/i24-news-reportage-tv-consacre-a-la-sortie-du-cd-jacques-offenbach-et-ses-proches\\\/\",\"url\":\"https:\\\/\\\/www.iemj.org\\\/de\\\/i24-news-reportage-tv-consacre-a-la-sortie-du-cd-jacques-offenbach-et-ses-proches\\\/\",\"name\":\"I24 NEWS \u2013 TV-REPORTAGE \u00dcBER DIE VER\u00d6FFENTLICHUNG DER CD \u201cJACQUES OFFENBACH ET SES PROCHES\u201d - Institut Europ\u00e9en des Musiques Juives\",\"isPartOf\":{\"@id\":\"https:\\\/\\\/www.iemj.org\\\/de\\\/#website\"},\"primaryImageOfPage\":{\"@id\":\"https:\\\/\\\/www.iemj.org\\\/de\\\/i24-news-reportage-tv-consacre-a-la-sortie-du-cd-jacques-offenbach-et-ses-proches\\\/#primaryimage\"},\"image\":{\"@id\":\"https:\\\/\\\/www.iemj.org\\\/de\\\/i24-news-reportage-tv-consacre-a-la-sortie-du-cd-jacques-offenbach-et-ses-proches\\\/#primaryimage\"},\"thumbnailUrl\":\"https:\\\/\\\/www.iemj.org\\\/wp-content\\\/uploads\\\/2019\\\/12\\\/arton4426.jpg\",\"datePublished\":\"2019-12-10T14:58:32+00:00\",\"dateModified\":\"2023-01-16T17:07:25+00:00\",\"breadcrumb\":{\"@id\":\"https:\\\/\\\/www.iemj.org\\\/de\\\/i24-news-reportage-tv-consacre-a-la-sortie-du-cd-jacques-offenbach-et-ses-proches\\\/#breadcrumb\"},\"inLanguage\":\"de\",\"potentialAction\":[{\"@type\":\"ReadAction\",\"target\":[\"https:\\\/\\\/www.iemj.org\\\/de\\\/i24-news-reportage-tv-consacre-a-la-sortie-du-cd-jacques-offenbach-et-ses-proches\\\/\"]}]},{\"@type\":\"ImageObject\",\"inLanguage\":\"de\",\"@id\":\"https:\\\/\\\/www.iemj.org\\\/de\\\/i24-news-reportage-tv-consacre-a-la-sortie-du-cd-jacques-offenbach-et-ses-proches\\\/#primaryimage\",\"url\":\"https:\\\/\\\/www.iemj.org\\\/wp-content\\\/uploads\\\/2019\\\/12\\\/arton4426.jpg\",\"contentUrl\":\"https:\\\/\\\/www.iemj.org\\\/wp-content\\\/uploads\\\/2019\\\/12\\\/arton4426.jpg\",\"width\":336,\"height\":372},{\"@type\":\"BreadcrumbList\",\"@id\":\"https:\\\/\\\/www.iemj.org\\\/de\\\/i24-news-reportage-tv-consacre-a-la-sortie-du-cd-jacques-offenbach-et-ses-proches\\\/#breadcrumb\",\"itemListElement\":[{\"@type\":\"ListItem\",\"position\":1,\"name\":\"Accueil\",\"item\":\"https:\\\/\\\/www.iemj.org\\\/de\\\/\"},{\"@type\":\"ListItem\",\"position\":2,\"name\":\"I24 NEWS \u2013 TV-REPORTAGE \u00dcBER DIE VER\u00d6FFENTLICHUNG DER CD \u201cJACQUES OFFENBACH ET SES PROCHES\u201d\"}]},{\"@type\":\"WebSite\",\"@id\":\"https:\\\/\\\/www.iemj.org\\\/de\\\/#website\",\"url\":\"https:\\\/\\\/www.iemj.org\\\/de\\\/\",\"name\":\"Institut Europ\u00e9en des Musiques Juives\",\"description\":\"Des traditions musicales \u00e0 la port\u00e9e de tous\",\"publisher\":{\"@id\":\"https:\\\/\\\/www.iemj.org\\\/de\\\/#organization\"},\"potentialAction\":[{\"@type\":\"SearchAction\",\"target\":{\"@type\":\"EntryPoint\",\"urlTemplate\":\"https:\\\/\\\/www.iemj.org\\\/de\\\/?s={search_term_string}\"},\"query-input\":{\"@type\":\"PropertyValueSpecification\",\"valueRequired\":true,\"valueName\":\"search_term_string\"}}],\"inLanguage\":\"de\"},{\"@type\":\"Organization\",\"@id\":\"https:\\\/\\\/www.iemj.org\\\/de\\\/#organization\",\"name\":\"Institut Europ\u00e9en des Musiques Juives\",\"url\":\"https:\\\/\\\/www.iemj.org\\\/de\\\/\",\"logo\":{\"@type\":\"ImageObject\",\"inLanguage\":\"de\",\"@id\":\"https:\\\/\\\/www.iemj.org\\\/de\\\/#\\\/schema\\\/logo\\\/image\\\/\",\"url\":\"https:\\\/\\\/www.iemj.org\\\/wp-content\\\/uploads\\\/2021\\\/09\\\/Logo-IEMJ-Paypal.jpg\",\"contentUrl\":\"https:\\\/\\\/www.iemj.org\\\/wp-content\\\/uploads\\\/2021\\\/09\\\/Logo-IEMJ-Paypal.jpg\",\"width\":150,\"height\":50,\"caption\":\"Institut Europ\u00e9en des Musiques Juives\"},\"image\":{\"@id\":\"https:\\\/\\\/www.iemj.org\\\/de\\\/#\\\/schema\\\/logo\\\/image\\\/\"},\"sameAs\":[\"https:\\\/\\\/www.facebook.com\\\/MusiquesJuives\\\/\",\"https:\\\/\\\/www.instagram.com\\\/musiquesjuives\\\/\",\"https:\\\/\\\/www.youtube.com\\\/user\\\/musiquesjuives\"]},{\"@type\":\"Person\",\"@id\":\"https:\\\/\\\/www.iemj.org\\\/de\\\/#\\\/schema\\\/person\\\/358e26c18aca017fcc4cc15437f7279c\",\"name\":\"Jacqueline ROTEN\",\"image\":{\"@type\":\"ImageObject\",\"inLanguage\":\"de\",\"@id\":\"https:\\\/\\\/secure.gravatar.com\\\/avatar\\\/5964256d6c6957de3a3505278957e0fb2a35119ac47ea41827a65301213c810b?s=96&d=mm&r=g\",\"url\":\"https:\\\/\\\/secure.gravatar.com\\\/avatar\\\/5964256d6c6957de3a3505278957e0fb2a35119ac47ea41827a65301213c810b?s=96&d=mm&r=g\",\"contentUrl\":\"https:\\\/\\\/secure.gravatar.com\\\/avatar\\\/5964256d6c6957de3a3505278957e0fb2a35119ac47ea41827a65301213c810b?s=96&d=mm&r=g\",\"caption\":\"Jacqueline ROTEN\"}}]}<\/script>\n<!-- \/ Yoast SEO plugin. -->","yoast_head_json":{"title":"I24 NEWS \u2013 TV-REPORTAGE \u00dcBER DIE VER\u00d6FFENTLICHUNG DER CD \u201cJACQUES OFFENBACH ET SES PROCHES\u201d - Institut Europ\u00e9en des Musiques Juives","robots":{"index":"index","follow":"follow","max-snippet":"max-snippet:-1","max-image-preview":"max-image-preview:large","max-video-preview":"max-video-preview:-1"},"canonical":"https:\/\/www.iemj.org\/de\/i24-news-reportage-tv-consacre-a-la-sortie-du-cd-jacques-offenbach-et-ses-proches\/","og_locale":"de_DE","og_type":"article","og_title":"I24 NEWS \u2013 TV-REPORTAGE \u00dcBER DIE VER\u00d6FFENTLICHUNG DER CD \u201cJACQUES OFFENBACH ET SES PROCHES\u201d - Institut Europ\u00e9en des Musiques Juives","og_description":"Culture, Fernsehsendung, Regie: Ava Mergy, Moderation: Val\u00e9rie Abecassis, auf I24 News. Kaufen Sie die CD im Online-Shop des IEMJ.","og_url":"https:\/\/www.iemj.org\/de\/i24-news-reportage-tv-consacre-a-la-sortie-du-cd-jacques-offenbach-et-ses-proches\/","og_site_name":"Institut Europ\u00e9en des Musiques Juives","article_publisher":"https:\/\/www.facebook.com\/MusiquesJuives\/","article_published_time":"2019-12-10T14:58:32+00:00","article_modified_time":"2023-01-16T17:07:25+00:00","og_image":[{"width":336,"height":372,"url":"https:\/\/www.iemj.org\/wp-content\/uploads\/2019\/12\/arton4426.jpg","type":"image\/jpeg"}],"author":"Jacqueline ROTEN","twitter_card":"summary_large_image","twitter_misc":{"Verfasst von":"Jacqueline ROTEN","Gesch\u00e4tzte Lesezeit":"1\u00a0Minute"},"schema":{"@context":"https:\/\/schema.org","@graph":[{"@type":"Article","@id":"https:\/\/www.iemj.org\/de\/i24-news-reportage-tv-consacre-a-la-sortie-du-cd-jacques-offenbach-et-ses-proches\/#article","isPartOf":{"@id":"https:\/\/www.iemj.org\/de\/i24-news-reportage-tv-consacre-a-la-sortie-du-cd-jacques-offenbach-et-ses-proches\/"},"author":{"name":"Jacqueline ROTEN","@id":"https:\/\/www.iemj.org\/de\/#\/schema\/person\/358e26c18aca017fcc4cc15437f7279c"},"headline":"I24 NEWS \u2013 TV-REPORTAGE \u00dcBER DIE VER\u00d6FFENTLICHUNG DER CD \u201cJACQUES OFFENBACH ET SES PROCHES\u201d","datePublished":"2019-12-10T14:58:32+00:00","dateModified":"2023-01-16T17:07:25+00:00","mainEntityOfPage":{"@id":"https:\/\/www.iemj.org\/de\/i24-news-reportage-tv-consacre-a-la-sortie-du-cd-jacques-offenbach-et-ses-proches\/"},"wordCount":34,"publisher":{"@id":"https:\/\/www.iemj.org\/de\/#organization"},"image":{"@id":"https:\/\/www.iemj.org\/de\/i24-news-reportage-tv-consacre-a-la-sortie-du-cd-jacques-offenbach-et-ses-proches\/#primaryimage"},"thumbnailUrl":"https:\/\/www.iemj.org\/wp-content\/uploads\/2019\/12\/arton4426.jpg","articleSection":["Pressespiegel"],"inLanguage":"de"},{"@type":"WebPage","@id":"https:\/\/www.iemj.org\/de\/i24-news-reportage-tv-consacre-a-la-sortie-du-cd-jacques-offenbach-et-ses-proches\/","url":"https:\/\/www.iemj.org\/de\/i24-news-reportage-tv-consacre-a-la-sortie-du-cd-jacques-offenbach-et-ses-proches\/","name":"I24 NEWS \u2013 TV-REPORTAGE \u00dcBER DIE VER\u00d6FFENTLICHUNG DER CD \u201cJACQUES OFFENBACH ET SES PROCHES\u201d - Institut Europ\u00e9en des Musiques Juives","isPartOf":{"@id":"https:\/\/www.iemj.org\/de\/#website"},"primaryImageOfPage":{"@id":"https:\/\/www.iemj.org\/de\/i24-news-reportage-tv-consacre-a-la-sortie-du-cd-jacques-offenbach-et-ses-proches\/#primaryimage"},"image":{"@id":"https:\/\/www.iemj.org\/de\/i24-news-reportage-tv-consacre-a-la-sortie-du-cd-jacques-offenbach-et-ses-proches\/#primaryimage"},"thumbnailUrl":"https:\/\/www.iemj.org\/wp-content\/uploads\/2019\/12\/arton4426.jpg","datePublished":"2019-12-10T14:58:32+00:00","dateModified":"2023-01-16T17:07:25+00:00","breadcrumb":{"@id":"https:\/\/www.iemj.org\/de\/i24-news-reportage-tv-consacre-a-la-sortie-du-cd-jacques-offenbach-et-ses-proches\/#breadcrumb"},"inLanguage":"de","potentialAction":[{"@type":"ReadAction","target":["https:\/\/www.iemj.org\/de\/i24-news-reportage-tv-consacre-a-la-sortie-du-cd-jacques-offenbach-et-ses-proches\/"]}]},{"@type":"ImageObject","inLanguage":"de","@id":"https:\/\/www.iemj.org\/de\/i24-news-reportage-tv-consacre-a-la-sortie-du-cd-jacques-offenbach-et-ses-proches\/#primaryimage","url":"https:\/\/www.iemj.org\/wp-content\/uploads\/2019\/12\/arton4426.jpg","contentUrl":"https:\/\/www.iemj.org\/wp-content\/uploads\/2019\/12\/arton4426.jpg","width":336,"height":372},{"@type":"BreadcrumbList","@id":"https:\/\/www.iemj.org\/de\/i24-news-reportage-tv-consacre-a-la-sortie-du-cd-jacques-offenbach-et-ses-proches\/#breadcrumb","itemListElement":[{"@type":"ListItem","position":1,"name":"Accueil","item":"https:\/\/www.iemj.org\/de\/"},{"@type":"ListItem","position":2,"name":"I24 NEWS \u2013 TV-REPORTAGE \u00dcBER DIE VER\u00d6FFENTLICHUNG DER CD \u201cJACQUES OFFENBACH ET SES PROCHES\u201d"}]},{"@type":"WebSite","@id":"https:\/\/www.iemj.org\/de\/#website","url":"https:\/\/www.iemj.org\/de\/","name":"Institut Europ\u00e9en des Musiques Juives","description":"Des traditions musicales \u00e0 la port\u00e9e de tous","publisher":{"@id":"https:\/\/www.iemj.org\/de\/#organization"},"potentialAction":[{"@type":"SearchAction","target":{"@type":"EntryPoint","urlTemplate":"https:\/\/www.iemj.org\/de\/?s={search_term_string}"},"query-input":{"@type":"PropertyValueSpecification","valueRequired":true,"valueName":"search_term_string"}}],"inLanguage":"de"},{"@type":"Organization","@id":"https:\/\/www.iemj.org\/de\/#organization","name":"Institut Europ\u00e9en des Musiques Juives","url":"https:\/\/www.iemj.org\/de\/","logo":{"@type":"ImageObject","inLanguage":"de","@id":"https:\/\/www.iemj.org\/de\/#\/schema\/logo\/image\/","url":"https:\/\/www.iemj.org\/wp-content\/uploads\/2021\/09\/Logo-IEMJ-Paypal.jpg","contentUrl":"https:\/\/www.iemj.org\/wp-content\/uploads\/2021\/09\/Logo-IEMJ-Paypal.jpg","width":150,"height":50,"caption":"Institut Europ\u00e9en des Musiques Juives"},"image":{"@id":"https:\/\/www.iemj.org\/de\/#\/schema\/logo\/image\/"},"sameAs":["https:\/\/www.facebook.com\/MusiquesJuives\/","https:\/\/www.instagram.com\/musiquesjuives\/","https:\/\/www.youtube.com\/user\/musiquesjuives"]},{"@type":"Person","@id":"https:\/\/www.iemj.org\/de\/#\/schema\/person\/358e26c18aca017fcc4cc15437f7279c","name":"Jacqueline ROTEN","image":{"@type":"ImageObject","inLanguage":"de","@id":"https:\/\/secure.gravatar.com\/avatar\/5964256d6c6957de3a3505278957e0fb2a35119ac47ea41827a65301213c810b?s=96&d=mm&r=g","url":"https:\/\/secure.gravatar.com\/avatar\/5964256d6c6957de3a3505278957e0fb2a35119ac47ea41827a65301213c810b?s=96&d=mm&r=g","contentUrl":"https:\/\/secure.gravatar.com\/avatar\/5964256d6c6957de3a3505278957e0fb2a35119ac47ea41827a65301213c810b?s=96&d=mm&r=g","caption":"Jacqueline ROTEN"}}]}},"_links":{"self":[{"href":"https:\/\/www.iemj.org\/de\/wp-json\/wp\/v2\/posts\/92413","targetHints":{"allow":["GET"]}}],"collection":[{"href":"https:\/\/www.iemj.org\/de\/wp-json\/wp\/v2\/posts"}],"about":[{"href":"https:\/\/www.iemj.org\/de\/wp-json\/wp\/v2\/types\/post"}],"author":[{"embeddable":true,"href":"https:\/\/www.iemj.org\/de\/wp-json\/wp\/v2\/users\/5"}],"replies":[{"embeddable":true,"href":"https:\/\/www.iemj.org\/de\/wp-json\/wp\/v2\/comments?post=92413"}],"version-history":[{"count":0,"href":"https:\/\/www.iemj.org\/de\/wp-json\/wp\/v2\/posts\/92413\/revisions"}],"wp:featuredmedia":[{"embeddable":true,"href":"https:\/\/www.iemj.org\/de\/wp-json\/wp\/v2\/media\/92414"}],"wp:attachment":[{"href":"https:\/\/www.iemj.org\/de\/wp-json\/wp\/v2\/media?parent=92413"}],"wp:term":[{"taxonomy":"category","embeddable":true,"href":"https:\/\/www.iemj.org\/de\/wp-json\/wp\/v2\/categories?post=92413"},{"taxonomy":"post_tag","embeddable":true,"href":"https:\/\/www.iemj.org\/de\/wp-json\/wp\/v2\/tags?post=92413"},{"taxonomy":"technique","embeddable":true,"href":"https:\/\/www.iemj.org\/de\/wp-json\/wp\/v2\/technique?post=92413"},{"taxonomy":"squelettes","embeddable":true,"href":"https:\/\/www.iemj.org\/de\/wp-json\/wp\/v2\/squelettes?post=92413"},{"taxonomy":"sujet","embeddable":true,"href":"https:\/\/www.iemj.org\/de\/wp-json\/wp\/v2\/sujet?post=92413"},{"taxonomy":"formation","embeddable":true,"href":"https:\/\/www.iemj.org\/de\/wp-json\/wp\/v2\/formation?post=92413"},{"taxonomy":"genre","embeddable":true,"href":"https:\/\/www.iemj.org\/de\/wp-json\/wp\/v2\/genre?post=92413"},{"taxonomy":"fonds","embeddable":true,"href":"https:\/\/www.iemj.org\/de\/wp-json\/wp\/v2\/fonds?post=92413"},{"taxonomy":"tradition","embeddable":true,"href":"https:\/\/www.iemj.org\/de\/wp-json\/wp\/v2\/tradition?post=92413"},{"taxonomy":"type-de-contenu","embeddable":true,"href":"https:\/\/www.iemj.org\/de\/wp-json\/wp\/v2\/type-de-contenu?post=92413"},{"taxonomy":"interprete-compositeur","embeddable":true,"href":"https:\/\/www.iemj.org\/de\/wp-json\/wp\/v2\/interprete-compositeur?post=92413"},{"taxonomy":"frise","embeddable":true,"href":"https:\/\/www.iemj.org\/de\/wp-json\/wp\/v2\/frise?post=92413"},{"taxonomy":"type-devenement","embeddable":true,"href":"https:\/\/www.iemj.org\/de\/wp-json\/wp\/v2\/type-devenement?post=92413"},{"taxonomy":"tableaux-liens-externes","embeddable":true,"href":"https:\/\/www.iemj.org\/de\/wp-json\/wp\/v2\/tableaux-liens-externes?post=92413"}],"curies":[{"name":"wp","href":"https:\/\/api.w.org\/{rel}","templated":true}]}}