{"id":92532,"date":"2014-05-06T10:50:57","date_gmt":"2014-05-06T08:50:57","guid":{"rendered":"https:\/\/www.iemj.org\/les-musigrains-une-institution-pedagogique-et-musicale-1939-1986\/"},"modified":"2023-01-18T15:02:19","modified_gmt":"2023-01-18T14:02:19","slug":"les-musigrains-une-institution-pedagogique-et-musicale-1939-1986","status":"publish","type":"post","link":"https:\/\/www.iemj.org\/de\/les-musigrains-une-institution-pedagogique-et-musicale-1939-1986\/","title":{"rendered":"Les Musigrains &#8211; Une institution p\u00e9dagogique et musicale (1939 &#8211; 1986)"},"content":{"rendered":"<p>Editions L\u2019Harmattan, Paris, 2013, 222 S.<\/p>\n<p><!--more--><\/p>\n<p>Les Musigrains ist ein musikalisch-p\u00e4dagogisches Abenteuer, das in den Pariser S\u00e4len gelebt wurde. Tausende von Musikliebhabern haben mehr als 400 Konzerte besucht, die von Hunderten von Interpreten gegeben wurden und in der Regel kurze zeitgen\u00f6ssische Werke beinhalteten. Dieses Buch befasst sich mit den wichtigsten Elementen der Musigrains (Geschichte, Biografien, Interpreten&#8230;) und pr\u00e4sentiert anschlie\u00dfend Zeugenaussagen, darunter die von Angeh\u00f6rigen von Germaine Arbeau-Bonnefoy und ihrem Team.<\/p>\n<p>Es sei daran erinnert, dass Les Musigrains der Name eines Pariser Vereins f\u00fcr p\u00e4dagogische Vortragskonzerte ist, der im Juli 1939 gegr\u00fcndet wurde und zwischen Februar 1941 und Mai 1986 t\u00e4tig war. Dieser Name ist eigentlich der Name des 1945 gegr\u00fcndeten Konzertzyklus f\u00fcr Schulklassen. Der Verein hie\u00df genau genommen \u00c9volution Musicale de la Jeunesse (EMJ), ein Name, den auch der Oberstufenzyklus tr\u00e4gt, w\u00e4hrend 1965 ein Vorbereitungszyklus f\u00fcr die J\u00fcngsten eingerichtet wurde.<\/p>\n<p>In den ersten und letzten Jahren waren die Musigrains im alten Saal des Konservatoriums, in den S\u00e4len Pleyel und Gaveau, in der Mutualit\u00e9 und im Th\u00e9\u00e2tre du Ch\u00e2telet untergebracht, doch von 1949 bis 1978 waren sie vor allem mit dem Th\u00e9\u00e2tre des Champs-\u00c9lys\u00e9es verbunden.<\/p>\n<p>Sie wurden von Germaine Arbeau-Bonnefoy (1893-1986) gegr\u00fcndet, einer Klavierlehrerin, die auch als Erz\u00e4hlerin t\u00e4tig war und \u00fcber ein gro\u00dfes Netzwerk an Kontakten in der Pariser Musikszene verf\u00fcgte. Die Musigrains umfassten \u00dcbungen zur Erkennung der Klangfarbe von Instrumenten, die hinter der B\u00fchne spielten, sowie die Auff\u00fchrung kurzer zeitgen\u00f6ssischer Werke. Die Konzerte zum Jahresende und einige andere waren dem Tanz gewidmet.<\/p>\n<figure id=\"attachment_6914\" aria-describedby=\"caption-attachment-6914\" style=\"width: 216px\" class=\"wp-caption alignleft\"><img fetchpriority=\"high\" decoding=\"async\" class=\" alignleft size-full wp-image-6914\" title=\"Germaine Arbeau-Bonnefoy\" src=\"https:\/\/www.iemj.org\/wp-content\/uploads\/2014\/05\/arbeau-bonnefoy_germain.jpg\" alt=\"Germaine Arbeau-Bonnefoy\" width=\"216\" height=\"298\" align=\"left\"><figcaption id=\"caption-attachment-6914\" class=\"wp-caption-text\"><strong>Germaine Arbeau-Bonnefoy<\/strong><\/figcaption><\/figure>\n<p>Das Orchester der Soci\u00e9t\u00e9 des concerts du Conservatoire und sp\u00e4ter der Concerts Lamoureux wurde von Robert Blot, dem Dirigenten der Pariser Oper, geleitet, der bei Reisen von Witold Dobrzynski und nach seinem Tod im Jahr 1983 von Michel Capelier vertreten wurde. Die Regie f\u00fchrte <a href=\"https:\/\/www.iemj.org\/de\/zadoc-kahn-genevieve-1914-2001\/\">Genevi\u00e8ve Zadoc-Kahn<\/a>, eine Klavier- und Musiklehrerin.<\/p>\n<p>Frau Arbeau-Bonnefoy wurde bei der Moderation der Konzerte von den Pianisten und Professoren R\u00e9my Stricker, Jean-Pierre Armengaud (auch Musikwissenschaftler und Autoren) und Michel Capelier (auch Dirigent und Komponist) unterst\u00fctzt bzw. ab 1977 ersetzt.<\/p>\n<p>Die Schauspielerin Akakia-Viala, Nichte von \u00c9douard Autant und Louise Lara, spielte eine wichtige Rolle bei der Gestaltung von Masken, Kost\u00fcmen und Dias sowie beim Schreiben und Illustrieren der Zeitungen, die die Konzerte begleiteten und thematisch weiterentwickelten.<\/p>\n<p>Hunderte von erstklassigen K\u00fcnstlern, Anf\u00e4nger und Fortgeschrittene, traten auf der B\u00fchne der Musigrains auf und weckten bei der Jugend zahlreiche musikalische Berufungen.<\/p>\n<p>Der Artikel wurde gr\u00f6\u00dftenteils aus <a href=\"http:\/\/fr.wikipedia.org\/wiki\/Musigrains\">Wikipedia<\/a> entnommen.<\/p>\n<p><a href=\"https:\/\/www.editions-harmattan.fr\/livre-les_musigrains_une_institution_pedagogique_et_musicale_laurent_herz-9782343020204-41929.html\" target=\"_blank\" rel=\"noopener\">Das Buch bestellen<\/a><\/p>\n","protected":false},"excerpt":{"rendered":"<p>Editions L\u2019Harmattan, Paris, 2013, 222 S.<\/p>\n","protected":false},"author":1045,"featured_media":38234,"comment_status":"closed","ping_status":"open","sticky":false,"template":"","format":"standard","meta":{"_acf_changed":false,"footnotes":""},"categories":[1578,1561],"tags":[],"technique":[],"squelettes":[],"sujet":[],"formation":[],"genre":[],"fonds":[],"tradition":[],"type-de-contenu":[],"interprete-compositeur":[],"frise":[],"type-devenement":[],"tableaux-liens-externes":[],"class_list":["post-92532","post","type-post","status-publish","format-standard","has-post-thumbnail","hentry","category-bucher-artikel-de","category-letzte-neuerwerbungen-de"],"acf":[],"yoast_head":"<!-- This site is optimized with the Yoast SEO plugin v27.3 - https:\/\/yoast.com\/product\/yoast-seo-wordpress\/ -->\n<title>Les Musigrains - Une institution p\u00e9dagogique et musicale (1939 - 1986) - Institut Europ\u00e9en des Musiques Juives<\/title>\n<meta name=\"robots\" content=\"index, follow, max-snippet:-1, max-image-preview:large, max-video-preview:-1\" \/>\n<link rel=\"canonical\" href=\"https:\/\/www.iemj.org\/de\/les-musigrains-une-institution-pedagogique-et-musicale-1939-1986\/\" \/>\n<meta property=\"og:locale\" content=\"de_DE\" \/>\n<meta property=\"og:type\" content=\"article\" \/>\n<meta property=\"og:title\" content=\"Les Musigrains - Une institution p\u00e9dagogique et musicale (1939 - 1986) - Institut Europ\u00e9en des Musiques Juives\" \/>\n<meta property=\"og:description\" content=\"Editions L\u2019Harmattan, Paris, 2013, 222 S.\" \/>\n<meta property=\"og:url\" content=\"https:\/\/www.iemj.org\/de\/les-musigrains-une-institution-pedagogique-et-musicale-1939-1986\/\" \/>\n<meta property=\"og:site_name\" content=\"Institut Europ\u00e9en des Musiques Juives\" \/>\n<meta property=\"article:publisher\" content=\"https:\/\/www.facebook.com\/MusiquesJuives\/\" \/>\n<meta property=\"article:published_time\" content=\"2014-05-06T08:50:57+00:00\" \/>\n<meta property=\"article:modified_time\" content=\"2023-01-18T14:02:19+00:00\" \/>\n<meta property=\"og:image\" content=\"https:\/\/www.iemj.org\/wp-content\/uploads\/2014\/05\/Les-musigrains_COUV.jpg\" \/>\n\t<meta property=\"og:image:width\" content=\"316\" \/>\n\t<meta property=\"og:image:height\" content=\"501\" \/>\n\t<meta property=\"og:image:type\" content=\"image\/jpeg\" \/>\n<meta name=\"author\" content=\"Herv\u00e9 Roten\" \/>\n<meta name=\"twitter:card\" content=\"summary_large_image\" \/>\n<meta name=\"twitter:label1\" content=\"Verfasst von\" \/>\n\t<meta name=\"twitter:data1\" content=\"Herv\u00e9 Roten\" \/>\n\t<meta name=\"twitter:label2\" content=\"Gesch\u00e4tzte Lesezeit\" \/>\n\t<meta name=\"twitter:data2\" content=\"3\u00a0Minuten\" \/>\n<script type=\"application\/ld+json\" class=\"yoast-schema-graph\">{\"@context\":\"https:\\\/\\\/schema.org\",\"@graph\":[{\"@type\":\"Article\",\"@id\":\"https:\\\/\\\/www.iemj.org\\\/de\\\/les-musigrains-une-institution-pedagogique-et-musicale-1939-1986\\\/#article\",\"isPartOf\":{\"@id\":\"https:\\\/\\\/www.iemj.org\\\/de\\\/les-musigrains-une-institution-pedagogique-et-musicale-1939-1986\\\/\"},\"author\":{\"name\":\"Herv\u00e9 Roten\",\"@id\":\"https:\\\/\\\/www.iemj.org\\\/de\\\/#\\\/schema\\\/person\\\/906134402c29d5c76e7b726261dd4bbd\"},\"headline\":\"Les Musigrains &#8211; Une institution p\u00e9dagogique et musicale (1939 &#8211; 1986)\",\"datePublished\":\"2014-05-06T08:50:57+00:00\",\"dateModified\":\"2023-01-18T14:02:19+00:00\",\"mainEntityOfPage\":{\"@id\":\"https:\\\/\\\/www.iemj.org\\\/de\\\/les-musigrains-une-institution-pedagogique-et-musicale-1939-1986\\\/\"},\"wordCount\":443,\"publisher\":{\"@id\":\"https:\\\/\\\/www.iemj.org\\\/de\\\/#organization\"},\"image\":{\"@id\":\"https:\\\/\\\/www.iemj.org\\\/de\\\/les-musigrains-une-institution-pedagogique-et-musicale-1939-1986\\\/#primaryimage\"},\"thumbnailUrl\":\"https:\\\/\\\/www.iemj.org\\\/wp-content\\\/uploads\\\/2014\\\/05\\\/Les-musigrains_COUV.jpg\",\"articleSection\":[\"B\u00fccher, Artikel\",\"Letzte Neuerwerbungen\"],\"inLanguage\":\"de\"},{\"@type\":\"WebPage\",\"@id\":\"https:\\\/\\\/www.iemj.org\\\/de\\\/les-musigrains-une-institution-pedagogique-et-musicale-1939-1986\\\/\",\"url\":\"https:\\\/\\\/www.iemj.org\\\/de\\\/les-musigrains-une-institution-pedagogique-et-musicale-1939-1986\\\/\",\"name\":\"Les Musigrains - Une institution p\u00e9dagogique et musicale (1939 - 1986) - Institut Europ\u00e9en des Musiques Juives\",\"isPartOf\":{\"@id\":\"https:\\\/\\\/www.iemj.org\\\/de\\\/#website\"},\"primaryImageOfPage\":{\"@id\":\"https:\\\/\\\/www.iemj.org\\\/de\\\/les-musigrains-une-institution-pedagogique-et-musicale-1939-1986\\\/#primaryimage\"},\"image\":{\"@id\":\"https:\\\/\\\/www.iemj.org\\\/de\\\/les-musigrains-une-institution-pedagogique-et-musicale-1939-1986\\\/#primaryimage\"},\"thumbnailUrl\":\"https:\\\/\\\/www.iemj.org\\\/wp-content\\\/uploads\\\/2014\\\/05\\\/Les-musigrains_COUV.jpg\",\"datePublished\":\"2014-05-06T08:50:57+00:00\",\"dateModified\":\"2023-01-18T14:02:19+00:00\",\"breadcrumb\":{\"@id\":\"https:\\\/\\\/www.iemj.org\\\/de\\\/les-musigrains-une-institution-pedagogique-et-musicale-1939-1986\\\/#breadcrumb\"},\"inLanguage\":\"de\",\"potentialAction\":[{\"@type\":\"ReadAction\",\"target\":[\"https:\\\/\\\/www.iemj.org\\\/de\\\/les-musigrains-une-institution-pedagogique-et-musicale-1939-1986\\\/\"]}]},{\"@type\":\"ImageObject\",\"inLanguage\":\"de\",\"@id\":\"https:\\\/\\\/www.iemj.org\\\/de\\\/les-musigrains-une-institution-pedagogique-et-musicale-1939-1986\\\/#primaryimage\",\"url\":\"https:\\\/\\\/www.iemj.org\\\/wp-content\\\/uploads\\\/2014\\\/05\\\/Les-musigrains_COUV.jpg\",\"contentUrl\":\"https:\\\/\\\/www.iemj.org\\\/wp-content\\\/uploads\\\/2014\\\/05\\\/Les-musigrains_COUV.jpg\",\"width\":316,\"height\":501},{\"@type\":\"BreadcrumbList\",\"@id\":\"https:\\\/\\\/www.iemj.org\\\/de\\\/les-musigrains-une-institution-pedagogique-et-musicale-1939-1986\\\/#breadcrumb\",\"itemListElement\":[{\"@type\":\"ListItem\",\"position\":1,\"name\":\"Accueil\",\"item\":\"https:\\\/\\\/www.iemj.org\\\/de\\\/\"},{\"@type\":\"ListItem\",\"position\":2,\"name\":\"Les Musigrains &#8211; Une institution p\u00e9dagogique et musicale (1939 &#8211; 1986)\"}]},{\"@type\":\"WebSite\",\"@id\":\"https:\\\/\\\/www.iemj.org\\\/de\\\/#website\",\"url\":\"https:\\\/\\\/www.iemj.org\\\/de\\\/\",\"name\":\"Institut Europ\u00e9en des Musiques Juives\",\"description\":\"Des traditions musicales \u00e0 la port\u00e9e de tous\",\"publisher\":{\"@id\":\"https:\\\/\\\/www.iemj.org\\\/de\\\/#organization\"},\"potentialAction\":[{\"@type\":\"SearchAction\",\"target\":{\"@type\":\"EntryPoint\",\"urlTemplate\":\"https:\\\/\\\/www.iemj.org\\\/de\\\/?s={search_term_string}\"},\"query-input\":{\"@type\":\"PropertyValueSpecification\",\"valueRequired\":true,\"valueName\":\"search_term_string\"}}],\"inLanguage\":\"de\"},{\"@type\":\"Organization\",\"@id\":\"https:\\\/\\\/www.iemj.org\\\/de\\\/#organization\",\"name\":\"Institut Europ\u00e9en des Musiques Juives\",\"url\":\"https:\\\/\\\/www.iemj.org\\\/de\\\/\",\"logo\":{\"@type\":\"ImageObject\",\"inLanguage\":\"de\",\"@id\":\"https:\\\/\\\/www.iemj.org\\\/de\\\/#\\\/schema\\\/logo\\\/image\\\/\",\"url\":\"https:\\\/\\\/www.iemj.org\\\/wp-content\\\/uploads\\\/2021\\\/09\\\/Logo-IEMJ-Paypal.jpg\",\"contentUrl\":\"https:\\\/\\\/www.iemj.org\\\/wp-content\\\/uploads\\\/2021\\\/09\\\/Logo-IEMJ-Paypal.jpg\",\"width\":150,\"height\":50,\"caption\":\"Institut Europ\u00e9en des Musiques Juives\"},\"image\":{\"@id\":\"https:\\\/\\\/www.iemj.org\\\/de\\\/#\\\/schema\\\/logo\\\/image\\\/\"},\"sameAs\":[\"https:\\\/\\\/www.facebook.com\\\/MusiquesJuives\\\/\",\"https:\\\/\\\/www.instagram.com\\\/musiquesjuives\\\/\",\"https:\\\/\\\/www.youtube.com\\\/user\\\/musiquesjuives\"]},{\"@type\":\"Person\",\"@id\":\"https:\\\/\\\/www.iemj.org\\\/de\\\/#\\\/schema\\\/person\\\/906134402c29d5c76e7b726261dd4bbd\",\"name\":\"Herv\u00e9 Roten\",\"image\":{\"@type\":\"ImageObject\",\"inLanguage\":\"de\",\"@id\":\"https:\\\/\\\/secure.gravatar.com\\\/avatar\\\/f96ad2db538a26481f18384936b5cd0610c92d390c4dc382209216d455f685ff?s=96&d=mm&r=g\",\"url\":\"https:\\\/\\\/secure.gravatar.com\\\/avatar\\\/f96ad2db538a26481f18384936b5cd0610c92d390c4dc382209216d455f685ff?s=96&d=mm&r=g\",\"contentUrl\":\"https:\\\/\\\/secure.gravatar.com\\\/avatar\\\/f96ad2db538a26481f18384936b5cd0610c92d390c4dc382209216d455f685ff?s=96&d=mm&r=g\",\"caption\":\"Herv\u00e9 Roten\"}}]}<\/script>\n<!-- \/ Yoast SEO plugin. -->","yoast_head_json":{"title":"Les Musigrains - Une institution p\u00e9dagogique et musicale (1939 - 1986) - Institut Europ\u00e9en des Musiques Juives","robots":{"index":"index","follow":"follow","max-snippet":"max-snippet:-1","max-image-preview":"max-image-preview:large","max-video-preview":"max-video-preview:-1"},"canonical":"https:\/\/www.iemj.org\/de\/les-musigrains-une-institution-pedagogique-et-musicale-1939-1986\/","og_locale":"de_DE","og_type":"article","og_title":"Les Musigrains - Une institution p\u00e9dagogique et musicale (1939 - 1986) - Institut Europ\u00e9en des Musiques Juives","og_description":"Editions L\u2019Harmattan, Paris, 2013, 222 S.","og_url":"https:\/\/www.iemj.org\/de\/les-musigrains-une-institution-pedagogique-et-musicale-1939-1986\/","og_site_name":"Institut Europ\u00e9en des Musiques Juives","article_publisher":"https:\/\/www.facebook.com\/MusiquesJuives\/","article_published_time":"2014-05-06T08:50:57+00:00","article_modified_time":"2023-01-18T14:02:19+00:00","og_image":[{"width":316,"height":501,"url":"https:\/\/www.iemj.org\/wp-content\/uploads\/2014\/05\/Les-musigrains_COUV.jpg","type":"image\/jpeg"}],"author":"Herv\u00e9 Roten","twitter_card":"summary_large_image","twitter_misc":{"Verfasst von":"Herv\u00e9 Roten","Gesch\u00e4tzte Lesezeit":"3\u00a0Minuten"},"schema":{"@context":"https:\/\/schema.org","@graph":[{"@type":"Article","@id":"https:\/\/www.iemj.org\/de\/les-musigrains-une-institution-pedagogique-et-musicale-1939-1986\/#article","isPartOf":{"@id":"https:\/\/www.iemj.org\/de\/les-musigrains-une-institution-pedagogique-et-musicale-1939-1986\/"},"author":{"name":"Herv\u00e9 Roten","@id":"https:\/\/www.iemj.org\/de\/#\/schema\/person\/906134402c29d5c76e7b726261dd4bbd"},"headline":"Les Musigrains &#8211; Une institution p\u00e9dagogique et musicale (1939 &#8211; 1986)","datePublished":"2014-05-06T08:50:57+00:00","dateModified":"2023-01-18T14:02:19+00:00","mainEntityOfPage":{"@id":"https:\/\/www.iemj.org\/de\/les-musigrains-une-institution-pedagogique-et-musicale-1939-1986\/"},"wordCount":443,"publisher":{"@id":"https:\/\/www.iemj.org\/de\/#organization"},"image":{"@id":"https:\/\/www.iemj.org\/de\/les-musigrains-une-institution-pedagogique-et-musicale-1939-1986\/#primaryimage"},"thumbnailUrl":"https:\/\/www.iemj.org\/wp-content\/uploads\/2014\/05\/Les-musigrains_COUV.jpg","articleSection":["B\u00fccher, Artikel","Letzte Neuerwerbungen"],"inLanguage":"de"},{"@type":"WebPage","@id":"https:\/\/www.iemj.org\/de\/les-musigrains-une-institution-pedagogique-et-musicale-1939-1986\/","url":"https:\/\/www.iemj.org\/de\/les-musigrains-une-institution-pedagogique-et-musicale-1939-1986\/","name":"Les Musigrains - Une institution p\u00e9dagogique et musicale (1939 - 1986) - Institut Europ\u00e9en des Musiques Juives","isPartOf":{"@id":"https:\/\/www.iemj.org\/de\/#website"},"primaryImageOfPage":{"@id":"https:\/\/www.iemj.org\/de\/les-musigrains-une-institution-pedagogique-et-musicale-1939-1986\/#primaryimage"},"image":{"@id":"https:\/\/www.iemj.org\/de\/les-musigrains-une-institution-pedagogique-et-musicale-1939-1986\/#primaryimage"},"thumbnailUrl":"https:\/\/www.iemj.org\/wp-content\/uploads\/2014\/05\/Les-musigrains_COUV.jpg","datePublished":"2014-05-06T08:50:57+00:00","dateModified":"2023-01-18T14:02:19+00:00","breadcrumb":{"@id":"https:\/\/www.iemj.org\/de\/les-musigrains-une-institution-pedagogique-et-musicale-1939-1986\/#breadcrumb"},"inLanguage":"de","potentialAction":[{"@type":"ReadAction","target":["https:\/\/www.iemj.org\/de\/les-musigrains-une-institution-pedagogique-et-musicale-1939-1986\/"]}]},{"@type":"ImageObject","inLanguage":"de","@id":"https:\/\/www.iemj.org\/de\/les-musigrains-une-institution-pedagogique-et-musicale-1939-1986\/#primaryimage","url":"https:\/\/www.iemj.org\/wp-content\/uploads\/2014\/05\/Les-musigrains_COUV.jpg","contentUrl":"https:\/\/www.iemj.org\/wp-content\/uploads\/2014\/05\/Les-musigrains_COUV.jpg","width":316,"height":501},{"@type":"BreadcrumbList","@id":"https:\/\/www.iemj.org\/de\/les-musigrains-une-institution-pedagogique-et-musicale-1939-1986\/#breadcrumb","itemListElement":[{"@type":"ListItem","position":1,"name":"Accueil","item":"https:\/\/www.iemj.org\/de\/"},{"@type":"ListItem","position":2,"name":"Les Musigrains &#8211; Une institution p\u00e9dagogique et musicale (1939 &#8211; 1986)"}]},{"@type":"WebSite","@id":"https:\/\/www.iemj.org\/de\/#website","url":"https:\/\/www.iemj.org\/de\/","name":"Institut Europ\u00e9en des Musiques Juives","description":"Des traditions musicales \u00e0 la port\u00e9e de tous","publisher":{"@id":"https:\/\/www.iemj.org\/de\/#organization"},"potentialAction":[{"@type":"SearchAction","target":{"@type":"EntryPoint","urlTemplate":"https:\/\/www.iemj.org\/de\/?s={search_term_string}"},"query-input":{"@type":"PropertyValueSpecification","valueRequired":true,"valueName":"search_term_string"}}],"inLanguage":"de"},{"@type":"Organization","@id":"https:\/\/www.iemj.org\/de\/#organization","name":"Institut Europ\u00e9en des Musiques Juives","url":"https:\/\/www.iemj.org\/de\/","logo":{"@type":"ImageObject","inLanguage":"de","@id":"https:\/\/www.iemj.org\/de\/#\/schema\/logo\/image\/","url":"https:\/\/www.iemj.org\/wp-content\/uploads\/2021\/09\/Logo-IEMJ-Paypal.jpg","contentUrl":"https:\/\/www.iemj.org\/wp-content\/uploads\/2021\/09\/Logo-IEMJ-Paypal.jpg","width":150,"height":50,"caption":"Institut Europ\u00e9en des Musiques Juives"},"image":{"@id":"https:\/\/www.iemj.org\/de\/#\/schema\/logo\/image\/"},"sameAs":["https:\/\/www.facebook.com\/MusiquesJuives\/","https:\/\/www.instagram.com\/musiquesjuives\/","https:\/\/www.youtube.com\/user\/musiquesjuives"]},{"@type":"Person","@id":"https:\/\/www.iemj.org\/de\/#\/schema\/person\/906134402c29d5c76e7b726261dd4bbd","name":"Herv\u00e9 Roten","image":{"@type":"ImageObject","inLanguage":"de","@id":"https:\/\/secure.gravatar.com\/avatar\/f96ad2db538a26481f18384936b5cd0610c92d390c4dc382209216d455f685ff?s=96&d=mm&r=g","url":"https:\/\/secure.gravatar.com\/avatar\/f96ad2db538a26481f18384936b5cd0610c92d390c4dc382209216d455f685ff?s=96&d=mm&r=g","contentUrl":"https:\/\/secure.gravatar.com\/avatar\/f96ad2db538a26481f18384936b5cd0610c92d390c4dc382209216d455f685ff?s=96&d=mm&r=g","caption":"Herv\u00e9 Roten"}}]}},"_links":{"self":[{"href":"https:\/\/www.iemj.org\/de\/wp-json\/wp\/v2\/posts\/92532","targetHints":{"allow":["GET"]}}],"collection":[{"href":"https:\/\/www.iemj.org\/de\/wp-json\/wp\/v2\/posts"}],"about":[{"href":"https:\/\/www.iemj.org\/de\/wp-json\/wp\/v2\/types\/post"}],"author":[{"embeddable":true,"href":"https:\/\/www.iemj.org\/de\/wp-json\/wp\/v2\/users\/1045"}],"replies":[{"embeddable":true,"href":"https:\/\/www.iemj.org\/de\/wp-json\/wp\/v2\/comments?post=92532"}],"version-history":[{"count":0,"href":"https:\/\/www.iemj.org\/de\/wp-json\/wp\/v2\/posts\/92532\/revisions"}],"wp:featuredmedia":[{"embeddable":true,"href":"https:\/\/www.iemj.org\/de\/wp-json\/wp\/v2\/media\/38234"}],"wp:attachment":[{"href":"https:\/\/www.iemj.org\/de\/wp-json\/wp\/v2\/media?parent=92532"}],"wp:term":[{"taxonomy":"category","embeddable":true,"href":"https:\/\/www.iemj.org\/de\/wp-json\/wp\/v2\/categories?post=92532"},{"taxonomy":"post_tag","embeddable":true,"href":"https:\/\/www.iemj.org\/de\/wp-json\/wp\/v2\/tags?post=92532"},{"taxonomy":"technique","embeddable":true,"href":"https:\/\/www.iemj.org\/de\/wp-json\/wp\/v2\/technique?post=92532"},{"taxonomy":"squelettes","embeddable":true,"href":"https:\/\/www.iemj.org\/de\/wp-json\/wp\/v2\/squelettes?post=92532"},{"taxonomy":"sujet","embeddable":true,"href":"https:\/\/www.iemj.org\/de\/wp-json\/wp\/v2\/sujet?post=92532"},{"taxonomy":"formation","embeddable":true,"href":"https:\/\/www.iemj.org\/de\/wp-json\/wp\/v2\/formation?post=92532"},{"taxonomy":"genre","embeddable":true,"href":"https:\/\/www.iemj.org\/de\/wp-json\/wp\/v2\/genre?post=92532"},{"taxonomy":"fonds","embeddable":true,"href":"https:\/\/www.iemj.org\/de\/wp-json\/wp\/v2\/fonds?post=92532"},{"taxonomy":"tradition","embeddable":true,"href":"https:\/\/www.iemj.org\/de\/wp-json\/wp\/v2\/tradition?post=92532"},{"taxonomy":"type-de-contenu","embeddable":true,"href":"https:\/\/www.iemj.org\/de\/wp-json\/wp\/v2\/type-de-contenu?post=92532"},{"taxonomy":"interprete-compositeur","embeddable":true,"href":"https:\/\/www.iemj.org\/de\/wp-json\/wp\/v2\/interprete-compositeur?post=92532"},{"taxonomy":"frise","embeddable":true,"href":"https:\/\/www.iemj.org\/de\/wp-json\/wp\/v2\/frise?post=92532"},{"taxonomy":"type-devenement","embeddable":true,"href":"https:\/\/www.iemj.org\/de\/wp-json\/wp\/v2\/type-devenement?post=92532"},{"taxonomy":"tableaux-liens-externes","embeddable":true,"href":"https:\/\/www.iemj.org\/de\/wp-json\/wp\/v2\/tableaux-liens-externes?post=92532"}],"curies":[{"name":"wp","href":"https:\/\/api.w.org\/{rel}","templated":true}]}}