{"id":92898,"date":"2017-11-28T12:33:10","date_gmt":"2017-11-28T11:33:10","guid":{"rendered":"https:\/\/www.iemj.org\/hagoseida-une-partition-composee-par-fernand-halphen\/"},"modified":"2023-01-23T16:59:20","modified_gmt":"2023-01-23T15:59:20","slug":"hagoseida-une-partition-composee-par-fernand-halphen","status":"publish","type":"post","link":"https:\/\/www.iemj.org\/de\/hagoseida-une-partition-composee-par-fernand-halphen\/","title":{"rendered":"HAGOSEIDA, eine von FERNAND HALPHEN verfasste partitur"},"content":{"rendered":"<p>Dieses au\u00dfergew\u00f6hnliche Archiv des&nbsp;<a href=\"http:\/\/www.rachelnet.net\/F\/?func=find-c&amp;ccl_term=WHOC%3DHalphen&amp;local_base=iemcg&amp;x=13&amp;y=13\">Fonds Halphen<\/a>&nbsp;ist eine handgeschriebene Partitur mit dem Titel <em>Hagoseida<\/em>. Es handelt sich um eine Pantomime in einem Akt von Paul Gr\u00fcnebaum, am 10. November 1891 von Fernand Halphen komponiert. Die Titelseite ist mit einer Grafik verziert, die eine japanische Frau darstellt und wahrscheinlich von der Hand des Komponisten selbst gezeichnet wurde\u2026<\/p>\n<p><a href=\"https:\/\/www.iemj.org\/halphen-fernand-1872-1917\/\">Fernand Halphen<\/a>&nbsp;ist vor allem als Komponist bekannt. Er schrieb unter anderem eine Symphonie in vier Teilen, die in Paris und Monte Carlo aufgef\u00fchrt wurde, eine Orchestersuite, eine Pantomime, <em>Hagoseida<\/em>, ein Ballett, <em>Le R\u00e9veil du faune<\/em>, sowie etwa 100 Melodien.<\/p>\n<p><img fetchpriority=\"high\" decoding=\"async\" class=\" alignright  wp-image-16835\" src=\"https:\/\/www.iemj.org\/wp-content\/uploads\/2017\/11\/doc_1_hagoseida.jpg\" alt=\"doc_1_hagoseida.jpg\" width=\"179\" height=\"283\" align=\"right\" srcset=\"https:\/\/www.iemj.org\/wp-content\/uploads\/2017\/11\/doc_1_hagoseida.jpg 217w, https:\/\/www.iemj.org\/wp-content\/uploads\/2017\/11\/doc_1_hagoseida-190x300.jpg 190w\" sizes=\"(max-width: 179px) 100vw, 179px\" \/><\/p>\n<p>Er interessierte sich auch f\u00fcr Kammermusik mit einer Sonate f\u00fcr Violine und Klavier, die er George Enescu widmete, und komponierte einige Seiten f\u00fcr Orgel. Schlie\u00dflich schrieb er eine Oper in einem Akt, <em>Le Cor Fleuri<\/em>, ein lyrisches M\u00e4rchen, auf einen Operntext von \u00c9phra\u00efm Mikha\u00ebl und Andr\u00e9-Ferdinand H\u00e9rold, das am 10. Mai 1904 im Th\u00e9\u00e2tre national de l&#8217;Op\u00e9ra-Comique uraufgef\u00fchrt wurde.<\/p>\n<p>Als Hauptmann des 13. territorialen Infanterieregiments w\u00e4hrend des Ersten Weltkriegs gr\u00fcndete und leitete Halphen die Musik der VI. Armee. Er starb am 16. Mai 1917 f\u00fcr Frankreich.<\/p>\n<p><a href=\"https:\/\/boutique.iemj.org\/fr\/recherche?controller=search&amp;orderby=position&amp;orderway=desc&amp;search_query=halphen&amp;submit_search=\" target=\"_blank\" rel=\"noopener\">Bestellen Sie die Doppel-CD oder die Partituren von Fernand Halphen<\/a><\/p>\n<p><a href=\"https:\/\/www.iemj.org\/fernand-halphen-un-compositeur-dans-la-grande-guerre\/\" target=\"_blank\" rel=\"noopener\">Sehen Sie sich das Konzert an: Fernand Halphen, ein Komponist im Ersten Weltkrieg (MAHJ, 2014)<\/a><\/p>\n<div style=\"text-align: center;\">\n<div style=\"margin: 8px 0px 4px;\"><a href=\"http:\/\/www.calameo.com\/books\/004612749a0641f1ce59e\" target=\"_blank\" rel=\"noopener noreferrer\">Hagoseida \u2013 Komposition von Fernand Halphen<\/a><\/div>\n<p><iframe style=\"margin: 0 auto;\" src=\"\/\/v.calameo.com\/?bkcode=004612749a0641f1ce59e&amp;mode=mini\" width=\"480\" height=\"300\" frameborder=\"0\" scrolling=\"no\" allowfullscreen=\"allowfullscreen\"><\/iframe><\/p>\n<div style=\"margin: 4px 0px 8px;\"><a href=\"http:\/\/www.calameo.com\/\" target=\"_blank\" rel=\"noopener noreferrer\">Weitere Ver\u00f6ffentlichungen auf Calam\u00e9o lesen<\/a><\/div>\n<\/div>\n","protected":false},"excerpt":{"rendered":"<p>Dieses au\u00dfergew\u00f6hnliche Archiv des&nbsp;Fonds Halphen&nbsp;ist eine handgeschriebene Partitur mit dem Titel Hagoseida. Es handelt sich um eine Pantomime in einem Akt von Paul Gr\u00fcnebaum, am 10. November 1891 von Fernand<\/p>\n","protected":false},"author":1052,"featured_media":92899,"comment_status":"closed","ping_status":"open","sticky":false,"template":"","format":"standard","meta":{"_acf_changed":false,"footnotes":""},"categories":[1563],"tags":[],"technique":[],"squelettes":[],"sujet":[],"formation":[],"genre":[],"fonds":[],"tradition":[],"type-de-contenu":[],"interprete-compositeur":[3165],"frise":[],"type-devenement":[],"tableaux-liens-externes":[],"class_list":["post-92898","post","type-post","status-publish","format-standard","has-post-thumbnail","hentry","category-highlights-de","interprete-compositeur-fernand-halphen-de"],"acf":[],"yoast_head":"<!-- This site is optimized with the Yoast SEO plugin v27.3 - https:\/\/yoast.com\/product\/yoast-seo-wordpress\/ -->\n<title>HAGOSEIDA, eine von FERNAND HALPHEN verfasste partitur - Institut Europ\u00e9en des Musiques Juives<\/title>\n<meta name=\"robots\" content=\"index, follow, max-snippet:-1, max-image-preview:large, max-video-preview:-1\" \/>\n<link rel=\"canonical\" href=\"https:\/\/www.iemj.org\/de\/hagoseida-une-partition-composee-par-fernand-halphen\/\" \/>\n<meta property=\"og:locale\" content=\"de_DE\" \/>\n<meta property=\"og:type\" content=\"article\" \/>\n<meta property=\"og:title\" content=\"HAGOSEIDA, eine von FERNAND HALPHEN verfasste partitur - Institut Europ\u00e9en des Musiques Juives\" \/>\n<meta property=\"og:description\" content=\"Dieses au\u00dfergew\u00f6hnliche Archiv des&nbsp;Fonds Halphen&nbsp;ist eine handgeschriebene Partitur mit dem Titel Hagoseida. Es handelt sich um eine Pantomime in einem Akt von Paul Gr\u00fcnebaum, am 10. November 1891 von Fernand\" \/>\n<meta property=\"og:url\" content=\"https:\/\/www.iemj.org\/de\/hagoseida-une-partition-composee-par-fernand-halphen\/\" \/>\n<meta property=\"og:site_name\" content=\"Institut Europ\u00e9en des Musiques Juives\" \/>\n<meta property=\"article:publisher\" content=\"https:\/\/www.facebook.com\/MusiquesJuives\/\" \/>\n<meta property=\"article:published_time\" content=\"2017-11-28T11:33:10+00:00\" \/>\n<meta property=\"article:modified_time\" content=\"2023-01-23T15:59:20+00:00\" \/>\n<meta property=\"og:image\" content=\"https:\/\/www.iemj.org\/wp-content\/uploads\/2017\/11\/arton2815-e1618749186381.jpg\" \/>\n\t<meta property=\"og:image:width\" content=\"350\" \/>\n\t<meta property=\"og:image:height\" content=\"241\" \/>\n\t<meta property=\"og:image:type\" content=\"image\/jpeg\" \/>\n<meta name=\"author\" content=\"Lea Couderc\" \/>\n<meta name=\"twitter:card\" content=\"summary_large_image\" \/>\n<meta name=\"twitter:label1\" content=\"Verfasst von\" \/>\n\t<meta name=\"twitter:data1\" content=\"Lea Couderc\" \/>\n\t<meta name=\"twitter:label2\" content=\"Gesch\u00e4tzte Lesezeit\" \/>\n\t<meta name=\"twitter:data2\" content=\"2\u00a0Minuten\" \/>\n<script type=\"application\/ld+json\" class=\"yoast-schema-graph\">{\"@context\":\"https:\\\/\\\/schema.org\",\"@graph\":[{\"@type\":\"Article\",\"@id\":\"https:\\\/\\\/www.iemj.org\\\/de\\\/hagoseida-une-partition-composee-par-fernand-halphen\\\/#article\",\"isPartOf\":{\"@id\":\"https:\\\/\\\/www.iemj.org\\\/de\\\/hagoseida-une-partition-composee-par-fernand-halphen\\\/\"},\"author\":{\"name\":\"Lea Couderc\",\"@id\":\"https:\\\/\\\/www.iemj.org\\\/de\\\/#\\\/schema\\\/person\\\/e2ad57f2c4be119c7ed8ab79036807a9\"},\"headline\":\"HAGOSEIDA, eine von FERNAND HALPHEN verfasste partitur\",\"datePublished\":\"2017-11-28T11:33:10+00:00\",\"dateModified\":\"2023-01-23T15:59:20+00:00\",\"mainEntityOfPage\":{\"@id\":\"https:\\\/\\\/www.iemj.org\\\/de\\\/hagoseida-une-partition-composee-par-fernand-halphen\\\/\"},\"wordCount\":241,\"publisher\":{\"@id\":\"https:\\\/\\\/www.iemj.org\\\/de\\\/#organization\"},\"image\":{\"@id\":\"https:\\\/\\\/www.iemj.org\\\/de\\\/hagoseida-une-partition-composee-par-fernand-halphen\\\/#primaryimage\"},\"thumbnailUrl\":\"https:\\\/\\\/www.iemj.org\\\/wp-content\\\/uploads\\\/2017\\\/11\\\/arton2815-e1618749186381.jpg\",\"articleSection\":[\"Highlights\"],\"inLanguage\":\"de\"},{\"@type\":\"WebPage\",\"@id\":\"https:\\\/\\\/www.iemj.org\\\/de\\\/hagoseida-une-partition-composee-par-fernand-halphen\\\/\",\"url\":\"https:\\\/\\\/www.iemj.org\\\/de\\\/hagoseida-une-partition-composee-par-fernand-halphen\\\/\",\"name\":\"HAGOSEIDA, eine von FERNAND HALPHEN verfasste partitur - Institut Europ\u00e9en des Musiques Juives\",\"isPartOf\":{\"@id\":\"https:\\\/\\\/www.iemj.org\\\/de\\\/#website\"},\"primaryImageOfPage\":{\"@id\":\"https:\\\/\\\/www.iemj.org\\\/de\\\/hagoseida-une-partition-composee-par-fernand-halphen\\\/#primaryimage\"},\"image\":{\"@id\":\"https:\\\/\\\/www.iemj.org\\\/de\\\/hagoseida-une-partition-composee-par-fernand-halphen\\\/#primaryimage\"},\"thumbnailUrl\":\"https:\\\/\\\/www.iemj.org\\\/wp-content\\\/uploads\\\/2017\\\/11\\\/arton2815-e1618749186381.jpg\",\"datePublished\":\"2017-11-28T11:33:10+00:00\",\"dateModified\":\"2023-01-23T15:59:20+00:00\",\"breadcrumb\":{\"@id\":\"https:\\\/\\\/www.iemj.org\\\/de\\\/hagoseida-une-partition-composee-par-fernand-halphen\\\/#breadcrumb\"},\"inLanguage\":\"de\",\"potentialAction\":[{\"@type\":\"ReadAction\",\"target\":[\"https:\\\/\\\/www.iemj.org\\\/de\\\/hagoseida-une-partition-composee-par-fernand-halphen\\\/\"]}]},{\"@type\":\"ImageObject\",\"inLanguage\":\"de\",\"@id\":\"https:\\\/\\\/www.iemj.org\\\/de\\\/hagoseida-une-partition-composee-par-fernand-halphen\\\/#primaryimage\",\"url\":\"https:\\\/\\\/www.iemj.org\\\/wp-content\\\/uploads\\\/2017\\\/11\\\/arton2815-e1618749186381.jpg\",\"contentUrl\":\"https:\\\/\\\/www.iemj.org\\\/wp-content\\\/uploads\\\/2017\\\/11\\\/arton2815-e1618749186381.jpg\",\"width\":350,\"height\":241},{\"@type\":\"BreadcrumbList\",\"@id\":\"https:\\\/\\\/www.iemj.org\\\/de\\\/hagoseida-une-partition-composee-par-fernand-halphen\\\/#breadcrumb\",\"itemListElement\":[{\"@type\":\"ListItem\",\"position\":1,\"name\":\"Accueil\",\"item\":\"https:\\\/\\\/www.iemj.org\\\/de\\\/\"},{\"@type\":\"ListItem\",\"position\":2,\"name\":\"HAGOSEIDA, eine von FERNAND HALPHEN verfasste partitur\"}]},{\"@type\":\"WebSite\",\"@id\":\"https:\\\/\\\/www.iemj.org\\\/de\\\/#website\",\"url\":\"https:\\\/\\\/www.iemj.org\\\/de\\\/\",\"name\":\"Institut Europ\u00e9en des Musiques Juives\",\"description\":\"Des traditions musicales \u00e0 la port\u00e9e de tous\",\"publisher\":{\"@id\":\"https:\\\/\\\/www.iemj.org\\\/de\\\/#organization\"},\"potentialAction\":[{\"@type\":\"SearchAction\",\"target\":{\"@type\":\"EntryPoint\",\"urlTemplate\":\"https:\\\/\\\/www.iemj.org\\\/de\\\/?s={search_term_string}\"},\"query-input\":{\"@type\":\"PropertyValueSpecification\",\"valueRequired\":true,\"valueName\":\"search_term_string\"}}],\"inLanguage\":\"de\"},{\"@type\":\"Organization\",\"@id\":\"https:\\\/\\\/www.iemj.org\\\/de\\\/#organization\",\"name\":\"Institut Europ\u00e9en des Musiques Juives\",\"url\":\"https:\\\/\\\/www.iemj.org\\\/de\\\/\",\"logo\":{\"@type\":\"ImageObject\",\"inLanguage\":\"de\",\"@id\":\"https:\\\/\\\/www.iemj.org\\\/de\\\/#\\\/schema\\\/logo\\\/image\\\/\",\"url\":\"https:\\\/\\\/www.iemj.org\\\/wp-content\\\/uploads\\\/2021\\\/09\\\/Logo-IEMJ-Paypal.jpg\",\"contentUrl\":\"https:\\\/\\\/www.iemj.org\\\/wp-content\\\/uploads\\\/2021\\\/09\\\/Logo-IEMJ-Paypal.jpg\",\"width\":150,\"height\":50,\"caption\":\"Institut Europ\u00e9en des Musiques Juives\"},\"image\":{\"@id\":\"https:\\\/\\\/www.iemj.org\\\/de\\\/#\\\/schema\\\/logo\\\/image\\\/\"},\"sameAs\":[\"https:\\\/\\\/www.facebook.com\\\/MusiquesJuives\\\/\",\"https:\\\/\\\/www.instagram.com\\\/musiquesjuives\\\/\",\"https:\\\/\\\/www.youtube.com\\\/user\\\/musiquesjuives\"]},{\"@type\":\"Person\",\"@id\":\"https:\\\/\\\/www.iemj.org\\\/de\\\/#\\\/schema\\\/person\\\/e2ad57f2c4be119c7ed8ab79036807a9\",\"name\":\"Lea Couderc\",\"image\":{\"@type\":\"ImageObject\",\"inLanguage\":\"de\",\"@id\":\"https:\\\/\\\/secure.gravatar.com\\\/avatar\\\/46ee021475d60aeff17a7e490b79dea5a5684bb392ab7fd1494027411df8ba23?s=96&d=mm&r=g\",\"url\":\"https:\\\/\\\/secure.gravatar.com\\\/avatar\\\/46ee021475d60aeff17a7e490b79dea5a5684bb392ab7fd1494027411df8ba23?s=96&d=mm&r=g\",\"contentUrl\":\"https:\\\/\\\/secure.gravatar.com\\\/avatar\\\/46ee021475d60aeff17a7e490b79dea5a5684bb392ab7fd1494027411df8ba23?s=96&d=mm&r=g\",\"caption\":\"Lea Couderc\"}}]}<\/script>\n<!-- \/ Yoast SEO plugin. -->","yoast_head_json":{"title":"HAGOSEIDA, eine von FERNAND HALPHEN verfasste partitur - Institut Europ\u00e9en des Musiques Juives","robots":{"index":"index","follow":"follow","max-snippet":"max-snippet:-1","max-image-preview":"max-image-preview:large","max-video-preview":"max-video-preview:-1"},"canonical":"https:\/\/www.iemj.org\/de\/hagoseida-une-partition-composee-par-fernand-halphen\/","og_locale":"de_DE","og_type":"article","og_title":"HAGOSEIDA, eine von FERNAND HALPHEN verfasste partitur - Institut Europ\u00e9en des Musiques Juives","og_description":"Dieses au\u00dfergew\u00f6hnliche Archiv des&nbsp;Fonds Halphen&nbsp;ist eine handgeschriebene Partitur mit dem Titel Hagoseida. Es handelt sich um eine Pantomime in einem Akt von Paul Gr\u00fcnebaum, am 10. November 1891 von Fernand","og_url":"https:\/\/www.iemj.org\/de\/hagoseida-une-partition-composee-par-fernand-halphen\/","og_site_name":"Institut Europ\u00e9en des Musiques Juives","article_publisher":"https:\/\/www.facebook.com\/MusiquesJuives\/","article_published_time":"2017-11-28T11:33:10+00:00","article_modified_time":"2023-01-23T15:59:20+00:00","og_image":[{"width":350,"height":241,"url":"https:\/\/www.iemj.org\/wp-content\/uploads\/2017\/11\/arton2815-e1618749186381.jpg","type":"image\/jpeg"}],"author":"Lea Couderc","twitter_card":"summary_large_image","twitter_misc":{"Verfasst von":"Lea Couderc","Gesch\u00e4tzte Lesezeit":"2\u00a0Minuten"},"schema":{"@context":"https:\/\/schema.org","@graph":[{"@type":"Article","@id":"https:\/\/www.iemj.org\/de\/hagoseida-une-partition-composee-par-fernand-halphen\/#article","isPartOf":{"@id":"https:\/\/www.iemj.org\/de\/hagoseida-une-partition-composee-par-fernand-halphen\/"},"author":{"name":"Lea Couderc","@id":"https:\/\/www.iemj.org\/de\/#\/schema\/person\/e2ad57f2c4be119c7ed8ab79036807a9"},"headline":"HAGOSEIDA, eine von FERNAND HALPHEN verfasste partitur","datePublished":"2017-11-28T11:33:10+00:00","dateModified":"2023-01-23T15:59:20+00:00","mainEntityOfPage":{"@id":"https:\/\/www.iemj.org\/de\/hagoseida-une-partition-composee-par-fernand-halphen\/"},"wordCount":241,"publisher":{"@id":"https:\/\/www.iemj.org\/de\/#organization"},"image":{"@id":"https:\/\/www.iemj.org\/de\/hagoseida-une-partition-composee-par-fernand-halphen\/#primaryimage"},"thumbnailUrl":"https:\/\/www.iemj.org\/wp-content\/uploads\/2017\/11\/arton2815-e1618749186381.jpg","articleSection":["Highlights"],"inLanguage":"de"},{"@type":"WebPage","@id":"https:\/\/www.iemj.org\/de\/hagoseida-une-partition-composee-par-fernand-halphen\/","url":"https:\/\/www.iemj.org\/de\/hagoseida-une-partition-composee-par-fernand-halphen\/","name":"HAGOSEIDA, eine von FERNAND HALPHEN verfasste partitur - Institut Europ\u00e9en des Musiques Juives","isPartOf":{"@id":"https:\/\/www.iemj.org\/de\/#website"},"primaryImageOfPage":{"@id":"https:\/\/www.iemj.org\/de\/hagoseida-une-partition-composee-par-fernand-halphen\/#primaryimage"},"image":{"@id":"https:\/\/www.iemj.org\/de\/hagoseida-une-partition-composee-par-fernand-halphen\/#primaryimage"},"thumbnailUrl":"https:\/\/www.iemj.org\/wp-content\/uploads\/2017\/11\/arton2815-e1618749186381.jpg","datePublished":"2017-11-28T11:33:10+00:00","dateModified":"2023-01-23T15:59:20+00:00","breadcrumb":{"@id":"https:\/\/www.iemj.org\/de\/hagoseida-une-partition-composee-par-fernand-halphen\/#breadcrumb"},"inLanguage":"de","potentialAction":[{"@type":"ReadAction","target":["https:\/\/www.iemj.org\/de\/hagoseida-une-partition-composee-par-fernand-halphen\/"]}]},{"@type":"ImageObject","inLanguage":"de","@id":"https:\/\/www.iemj.org\/de\/hagoseida-une-partition-composee-par-fernand-halphen\/#primaryimage","url":"https:\/\/www.iemj.org\/wp-content\/uploads\/2017\/11\/arton2815-e1618749186381.jpg","contentUrl":"https:\/\/www.iemj.org\/wp-content\/uploads\/2017\/11\/arton2815-e1618749186381.jpg","width":350,"height":241},{"@type":"BreadcrumbList","@id":"https:\/\/www.iemj.org\/de\/hagoseida-une-partition-composee-par-fernand-halphen\/#breadcrumb","itemListElement":[{"@type":"ListItem","position":1,"name":"Accueil","item":"https:\/\/www.iemj.org\/de\/"},{"@type":"ListItem","position":2,"name":"HAGOSEIDA, eine von FERNAND HALPHEN verfasste partitur"}]},{"@type":"WebSite","@id":"https:\/\/www.iemj.org\/de\/#website","url":"https:\/\/www.iemj.org\/de\/","name":"Institut Europ\u00e9en des Musiques Juives","description":"Des traditions musicales \u00e0 la port\u00e9e de tous","publisher":{"@id":"https:\/\/www.iemj.org\/de\/#organization"},"potentialAction":[{"@type":"SearchAction","target":{"@type":"EntryPoint","urlTemplate":"https:\/\/www.iemj.org\/de\/?s={search_term_string}"},"query-input":{"@type":"PropertyValueSpecification","valueRequired":true,"valueName":"search_term_string"}}],"inLanguage":"de"},{"@type":"Organization","@id":"https:\/\/www.iemj.org\/de\/#organization","name":"Institut Europ\u00e9en des Musiques Juives","url":"https:\/\/www.iemj.org\/de\/","logo":{"@type":"ImageObject","inLanguage":"de","@id":"https:\/\/www.iemj.org\/de\/#\/schema\/logo\/image\/","url":"https:\/\/www.iemj.org\/wp-content\/uploads\/2021\/09\/Logo-IEMJ-Paypal.jpg","contentUrl":"https:\/\/www.iemj.org\/wp-content\/uploads\/2021\/09\/Logo-IEMJ-Paypal.jpg","width":150,"height":50,"caption":"Institut Europ\u00e9en des Musiques Juives"},"image":{"@id":"https:\/\/www.iemj.org\/de\/#\/schema\/logo\/image\/"},"sameAs":["https:\/\/www.facebook.com\/MusiquesJuives\/","https:\/\/www.instagram.com\/musiquesjuives\/","https:\/\/www.youtube.com\/user\/musiquesjuives"]},{"@type":"Person","@id":"https:\/\/www.iemj.org\/de\/#\/schema\/person\/e2ad57f2c4be119c7ed8ab79036807a9","name":"Lea Couderc","image":{"@type":"ImageObject","inLanguage":"de","@id":"https:\/\/secure.gravatar.com\/avatar\/46ee021475d60aeff17a7e490b79dea5a5684bb392ab7fd1494027411df8ba23?s=96&d=mm&r=g","url":"https:\/\/secure.gravatar.com\/avatar\/46ee021475d60aeff17a7e490b79dea5a5684bb392ab7fd1494027411df8ba23?s=96&d=mm&r=g","contentUrl":"https:\/\/secure.gravatar.com\/avatar\/46ee021475d60aeff17a7e490b79dea5a5684bb392ab7fd1494027411df8ba23?s=96&d=mm&r=g","caption":"Lea Couderc"}}]}},"_links":{"self":[{"href":"https:\/\/www.iemj.org\/de\/wp-json\/wp\/v2\/posts\/92898","targetHints":{"allow":["GET"]}}],"collection":[{"href":"https:\/\/www.iemj.org\/de\/wp-json\/wp\/v2\/posts"}],"about":[{"href":"https:\/\/www.iemj.org\/de\/wp-json\/wp\/v2\/types\/post"}],"author":[{"embeddable":true,"href":"https:\/\/www.iemj.org\/de\/wp-json\/wp\/v2\/users\/1052"}],"replies":[{"embeddable":true,"href":"https:\/\/www.iemj.org\/de\/wp-json\/wp\/v2\/comments?post=92898"}],"version-history":[{"count":0,"href":"https:\/\/www.iemj.org\/de\/wp-json\/wp\/v2\/posts\/92898\/revisions"}],"wp:featuredmedia":[{"embeddable":true,"href":"https:\/\/www.iemj.org\/de\/wp-json\/wp\/v2\/media\/92899"}],"wp:attachment":[{"href":"https:\/\/www.iemj.org\/de\/wp-json\/wp\/v2\/media?parent=92898"}],"wp:term":[{"taxonomy":"category","embeddable":true,"href":"https:\/\/www.iemj.org\/de\/wp-json\/wp\/v2\/categories?post=92898"},{"taxonomy":"post_tag","embeddable":true,"href":"https:\/\/www.iemj.org\/de\/wp-json\/wp\/v2\/tags?post=92898"},{"taxonomy":"technique","embeddable":true,"href":"https:\/\/www.iemj.org\/de\/wp-json\/wp\/v2\/technique?post=92898"},{"taxonomy":"squelettes","embeddable":true,"href":"https:\/\/www.iemj.org\/de\/wp-json\/wp\/v2\/squelettes?post=92898"},{"taxonomy":"sujet","embeddable":true,"href":"https:\/\/www.iemj.org\/de\/wp-json\/wp\/v2\/sujet?post=92898"},{"taxonomy":"formation","embeddable":true,"href":"https:\/\/www.iemj.org\/de\/wp-json\/wp\/v2\/formation?post=92898"},{"taxonomy":"genre","embeddable":true,"href":"https:\/\/www.iemj.org\/de\/wp-json\/wp\/v2\/genre?post=92898"},{"taxonomy":"fonds","embeddable":true,"href":"https:\/\/www.iemj.org\/de\/wp-json\/wp\/v2\/fonds?post=92898"},{"taxonomy":"tradition","embeddable":true,"href":"https:\/\/www.iemj.org\/de\/wp-json\/wp\/v2\/tradition?post=92898"},{"taxonomy":"type-de-contenu","embeddable":true,"href":"https:\/\/www.iemj.org\/de\/wp-json\/wp\/v2\/type-de-contenu?post=92898"},{"taxonomy":"interprete-compositeur","embeddable":true,"href":"https:\/\/www.iemj.org\/de\/wp-json\/wp\/v2\/interprete-compositeur?post=92898"},{"taxonomy":"frise","embeddable":true,"href":"https:\/\/www.iemj.org\/de\/wp-json\/wp\/v2\/frise?post=92898"},{"taxonomy":"type-devenement","embeddable":true,"href":"https:\/\/www.iemj.org\/de\/wp-json\/wp\/v2\/type-devenement?post=92898"},{"taxonomy":"tableaux-liens-externes","embeddable":true,"href":"https:\/\/www.iemj.org\/de\/wp-json\/wp\/v2\/tableaux-liens-externes?post=92898"}],"curies":[{"name":"wp","href":"https:\/\/api.w.org\/{rel}","templated":true}]}}