{"id":92978,"date":"2023-01-19T15:58:08","date_gmt":"2023-01-19T14:58:08","guid":{"rendered":"https:\/\/www.iemj.org\/jacinta-5\/"},"modified":"2023-01-24T14:50:45","modified_gmt":"2023-01-24T13:50:45","slug":"jacinta-5","status":"publish","type":"post","link":"https:\/\/www.iemj.org\/de\/jacinta-5\/","title":{"rendered":"Jacinta"},"content":{"rendered":"<p>Sofia Jacinta Szlechtman wurde am 30. September 1950 in Buenos Aires als Tochter einer polnisch-russisch-j\u00fcdischen Familie geboren. Ihre Gro\u00dfeltern m\u00fctterlicherseits flohen vor Pogromen und kamen um 1920 aus Khmelnits (<a href=\"https:\/\/de.wikipedia.org\/wiki\/Chmelnyzkyj\">Chmelnyzkyj<\/a>) nach Buenos Aires. Seine Mutter wurde 1924 in Argentinien geboren. Sein Vater wurde 1921 in Lodz, Polen, geboren und kam 1950 nach Buenos Aires, nachdem er nach dem Krieg durch einige L\u00e4nder Lateinamerikas gereist war.<\/p>\n<p>&#8222;Jiddisch war Teil meines Alltags. Zuerst in der Stimme meines Vaters, der f\u00fcr mich die Melodien sang, die seine Mutter ihm vorgesummt hatte, in den Gespr\u00e4chen auf Jiddisch und Spanisch mit meinen Gro\u00dfeltern m\u00fctterlicherseits und dann in der jiddischen Schule, wo ich Grammatik, Syntax und Literatur lernte&#8230;&#8220; [&#8230;] In der Yitskhok Leybush Peretz Schule der ICUF-Bewegung, die von dem Schriftsteller und Dichter Tsalel Blitz geleitet wurde, sangen die Kinder die argentinische Nationalhymne und die Melodien zur Nationalflagge in jiddischen Adaptionen, die von LERER Blitz geschrieben wurden.\u201c<span class=\"footnote_referrer\"><a role=\"button\" tabindex=\"0\" onclick=\"footnote_moveToReference_92978_1('footnote_plugin_reference_92978_1_1');\" onkeypress=\"footnote_moveToReference_92978_1('footnote_plugin_reference_92978_1_1');\" ><sup id=\"footnote_plugin_tooltip_92978_1_1\" class=\"footnote_plugin_tooltip_text\">[1]<\/sup><\/a><span id=\"footnote_plugin_tooltip_text_92978_1_1\" class=\"footnote_tooltip\"> szug aus Jacintas E-Mails an Herv\u00e9 Roten vom 8. Oktober 2021 und 18. Januar 2023.<\/span><\/span><script type=\"text\/javascript\"> jQuery('#footnote_plugin_tooltip_92978_1_1').tooltip({ tip: '#footnote_plugin_tooltip_text_92978_1_1', tipClass: 'footnote_tooltip', effect: 'fade', predelay: 0, fadeInSpeed: 200, delay: 400, fadeOutSpeed: 200, position: 'top center', relative: true, offset: [-7, 0], });<\/script>.<\/p>\n<figure id=\"attachment_92646\" aria-describedby=\"caption-attachment-92646\" style=\"width: 544px\" class=\"wp-caption aligncenter\"><img fetchpriority=\"high\" decoding=\"async\" class=\"wp-image-92646\" src=\"https:\/\/www.iemj.org\/wp-content\/uploads\/2023\/01\/I_444_A-lecole-yiddish-I.L.-Peretz.-Jacinta-est-la-1e-au-3e-rang-ecole-primaire-300x227.jpg\" alt=\"\" width=\"544\" height=\"412\" srcset=\"https:\/\/www.iemj.org\/wp-content\/uploads\/2023\/01\/I_444_A-lecole-yiddish-I.L.-Peretz.-Jacinta-est-la-1e-au-3e-rang-ecole-primaire-300x227.jpg 300w, https:\/\/www.iemj.org\/wp-content\/uploads\/2023\/01\/I_444_A-lecole-yiddish-I.L.-Peretz.-Jacinta-est-la-1e-au-3e-rang-ecole-primaire.jpg 500w\" sizes=\"(max-width: 544px) 100vw, 544px\" \/><figcaption id=\"caption-attachment-92646\" class=\"wp-caption-text\"><strong>In der jiddischen Schule I.L. Peretz. Jacinta ist die 1. in der 3. <\/strong><strong>Reihe, Grundschule<\/strong><\/figcaption><\/figure>\n<p>Als gute Sch\u00fclerin in der Grundschule sowie in der jiddischen Schule fiel sie den Musiklehrern auf und sang bei Heimatfesten oder Gedenkfeiern, wie dem Aufstand im Warschauer Ghetto, oft als Solistin. Bereits mit sechs Jahren trat sie einem Chor bei und mit zw\u00f6lf Jahren leitete sie ein kleines Vokalensemble f\u00fcr argentinische und jiddische Musik. Aber es war <a href=\"https:\/\/de.wikipedia.org\/wiki\/Atahualpa_Yupanqui\">Atahualpa Yupanqui<\/a>, der S\u00e4nger der gedem\u00fctigten V\u00f6lker Lateinamerikas, der Jacintas Erwachen f\u00fcr das Instrument markierte, das sie sp\u00e4ter auf der B\u00fchne begleiten sollte: die Gitarre.<\/p>\n<p>Als gute Sch\u00fclerin in der Grundschule sowie in der jiddischen Schule fiel sie den Musiklehrern auf und sang bei Heimatfesten oder Gedenkfeiern, wie dem Aufstand im Warschauer Ghetto, oft als Solistin. Bereits mit sechs Jahren trat sie einem Chor bei und mit zw\u00f6lf Jahren leitete sie ein kleines Vokalensemble f\u00fcr argentinische und jiddische Musik. Aber es war Atahualpa Yupanqui, der S\u00e4nger der gedem\u00fctigten V\u00f6lker Lateinamerikas, der Jacintas Erwachen f\u00fcr das Instrument markierte, das sie sp\u00e4ter auf der B\u00fchne begleiten sollte: die Gitarre.<\/p>\n<figure id=\"attachment_92651\" aria-describedby=\"caption-attachment-92651\" style=\"width: 184px\" class=\"wp-caption alignleft\"><img decoding=\"async\" class=\"wp-image-92651\" src=\"https:\/\/www.iemj.org\/wp-content\/uploads\/2023\/01\/I_411_Jacinta-17-ans-tournee-littoral-argentin-221x300.jpg\" alt=\"\" width=\"184\" height=\"250\" srcset=\"https:\/\/www.iemj.org\/wp-content\/uploads\/2023\/01\/I_411_Jacinta-17-ans-tournee-littoral-argentin-221x300.jpg 221w, https:\/\/www.iemj.org\/wp-content\/uploads\/2023\/01\/I_411_Jacinta-17-ans-tournee-littoral-argentin.jpg 369w\" sizes=\"(max-width: 184px) 100vw, 184px\" \/><figcaption id=\"caption-attachment-92651\" class=\"wp-caption-text\"><strong>Jacinta 17 Jahre, Tournee argentinische K\u00fcste<\/strong><\/figcaption><\/figure>\n<p>\u00a0<\/p>\n<p>1977 lernte sie in Buenos Aires ihren zuk\u00fcnftigen Ehemann, der spanischer Abstammung war, kennen und folgte ihm nach Paris. Im Jahr darauf trat sie beim Festival d&#8217;Avignon in der Auff\u00fchrung <em>Le Chant profond juif<\/em> der Schauspielerin und Radio- und Fernsehproduzentin Eve Griliquez auf. Sie singt unter anderem j\u00fcdisch-spanische Lieder an der Seite des Ensembles Kol Aviv, der jiddischen S\u00e4ngerin Talila und den Schauspielern Michel de Maulne und Jean-Paul Lahore. Der erste Teil der Show ist j\u00fcdisch-spanischen Liedern und Gedichten sowie marokkanischen M\u00e4rchen gewidmet; der zweite Teil jiddischen Gedichten und Liedern.<\/p>\n<p>\u00a0<\/p>\n<div class=\"mceTemp\">\u00a0<\/div>\n<figure id=\"attachment_92656\" aria-describedby=\"caption-attachment-92656\" style=\"width: 300px\" class=\"wp-caption alignright\"><img decoding=\"async\" class=\"wp-image-92656 size-medium\" src=\"https:\/\/www.iemj.org\/wp-content\/uploads\/2023\/01\/I_448_Club-Trottoirs-de-Buenos-Aires-rue-des-Lombards-Paris-300x202.jpg\" alt=\"\" width=\"300\" height=\"202\" srcset=\"https:\/\/www.iemj.org\/wp-content\/uploads\/2023\/01\/I_448_Club-Trottoirs-de-Buenos-Aires-rue-des-Lombards-Paris-300x202.jpg 300w, https:\/\/www.iemj.org\/wp-content\/uploads\/2023\/01\/I_448_Club-Trottoirs-de-Buenos-Aires-rue-des-Lombards-Paris.jpg 500w\" sizes=\"(max-width: 300px) 100vw, 300px\" \/><figcaption id=\"caption-attachment-92656\" class=\"wp-caption-text\"><strong>Club Trottoirs de Buenos Aires, rue des Lombards, Paris<\/strong><\/figcaption><\/figure>\n<p>Zwischen 1982 und 1988 sang sie regelm\u00e4\u00dfig in den <a href=\"https:\/\/fr.wikipedia.org\/wiki\/Trottoirs_de_Buenos_Aires\">Trottoirs de Buenos Aires<\/a>, einem legend\u00e4ren Pariser Saal, der dem argentinischen Tango gewidmet war. Mit Gitarrenbegleitung oder einem Pianisten interpretierte sie den Tango in einem pers\u00f6nlichen, z\u00e4rtlichen Stil, indem sie Carlos Gardel und Homero Manzi \u00fcbernahm und eigene Kompositionen auf Spanisch einbrachte, die oft auf ihre Kindheit und ihre russisch-j\u00fcdischen Gro\u00dfeltern anspielten und gleichzeitig den Beitrag der Einwanderer zum argentinischen Tango erw\u00e4hnten.<\/p>\n<p>\u00a0<\/p>\n<p>Da sie erfolgreich war, nahm sie 1982 bei Carri\u00e8re ihre erste LP <em>Tango mi coraz\u00f3n<\/em> auf. Zwei Jahre sp\u00e4ter ver\u00f6ffentlichte sie in Eigenregie eine Kassette mit dem Titel <em>Du baroque espagnol au tango<\/em> und nahm an einer Hommage an <a href=\"https:\/\/de.wikipedia.org\/wiki\/Osvaldo_Pugliese\">Osvaldo Pugliese<\/a> teil, die in seinem Beisein im Bataclan in Paris stattfand.<\/p>\n<figure id=\"attachment_92661\" aria-describedby=\"caption-attachment-92661\" style=\"width: 300px\" class=\"wp-caption alignleft\"><img loading=\"lazy\" decoding=\"async\" class=\"wp-image-92661 size-medium\" src=\"https:\/\/www.iemj.org\/wp-content\/uploads\/2023\/01\/I_430_Jacinta-dans-le-spectacle-Le-Dibouk-300x256.jpg\" alt=\"\" width=\"300\" height=\"256\" srcset=\"https:\/\/www.iemj.org\/wp-content\/uploads\/2023\/01\/I_430_Jacinta-dans-le-spectacle-Le-Dibouk-300x256.jpg 300w, https:\/\/www.iemj.org\/wp-content\/uploads\/2023\/01\/I_430_Jacinta-dans-le-spectacle-Le-Dibouk.jpg 500w\" sizes=\"(max-width: 300px) 100vw, 300px\" \/><figcaption id=\"caption-attachment-92661\" class=\"wp-caption-text\"><strong>Jacinta in der Auff\u00fchrung Le Dibouk<\/strong><\/figcaption><\/figure>\n<p>Par ailleurs, Jacinta se produit au cin\u00e9ma dans un film de Ulrike Ottinger, <em>Johanna d\u2019Arc of Mongolia<\/em>, avec Delphine Seyrig (1989) et au th\u00e9\u00e2tre o\u00f9 elle joue notamment dans <em>Le Dibbouk<\/em>, dirig\u00e9 par Bernard Djaoui en 1990, ou encore dans la revue <em>Mortadela<\/em> de Alfredo Arias (Moli\u00e8re du meilleur spectacle musical, 1992).<\/p>\n<p>Jacinta n\u2019oublie cependant pas ses origines. Elle chante r\u00e9guli\u00e8rement en yiddish, jud\u00e9o-espagnol et espagnol mais n\u2019h\u00e9site pas \u00e0 explorer la chanson fran\u00e7aise et interpr\u00e9ter ses propres compositions<span class=\"footnote_referrer\"><a role=\"button\" tabindex=\"0\" onclick=\"footnote_moveToReference_92978_1('footnote_plugin_reference_92978_1_2');\" onkeypress=\"footnote_moveToReference_92978_1('footnote_plugin_reference_92978_1_2');\" ><sup id=\"footnote_plugin_tooltip_92978_1_2\" class=\"footnote_plugin_tooltip_text\">[2]<\/sup><\/a><span id=\"footnote_plugin_tooltip_text_92978_1_2\" class=\"footnote_tooltip\">Jacinta vertonte unter anderem zwei Gedichte von einer ihrer Chors\u00e4ngerinnen, einer Freundin, Catherine Franck, die 2022 verstarb: Les ateliers de couture (Die N\u00e4hstuben ) und Tissages&nbsp;&#x2026; <span class=\"footnote_tooltip_continue\"  onclick=\"footnote_moveToReference_92978_1('footnote_plugin_reference_92978_1_2');\">Lire la suite<\/span><\/span><\/span><script type=\"text\/javascript\"> jQuery('#footnote_plugin_tooltip_92978_1_2').tooltip({ tip: '#footnote_plugin_tooltip_text_92978_1_2', tipClass: 'footnote_tooltip', effect: 'fade', predelay: 0, fadeInSpeed: 200, delay: 400, fadeOutSpeed: 200, position: 'top center', relative: true, offset: [-7, 0], });<\/script>. Zwischen 1986 und 1999 nahm sie zwei Alben mit jiddischen Liedern (<em>Dos Lid fun goldenem Land<\/em>, Kassette, 1986; <em>Autres chansons yiddish<\/em>, Ocora Radio-France, Cassette et CD, 1992) und eine CD mit j\u00fcdisch-spanischen Liedern (<em>Morenica<\/em>, Chant du Monde, Vertrieb Harmonia Mundi, 1999) auf. 2016 ver\u00f6ffentlichte der Produzent Patrick Campistron die CD <em>Ofrecer mi coraz\u00f3n<\/em>, Label Soupir. Jacinta interpretiert darauf Titel wie &#8222;Youkali&#8220;, &#8222;Poup\u00e9e de Cire&#8220;, s\u00fcdamerikanische Lieder wie &#8222;Te recuerdo Amanda&#8220;, &#8222;Amapola&#8220; und eine ihrer Kompositionen &#8222;Sos la noche&#8220; mit dem Akkordeonisten David Venitucci.<\/p>\n<figure id=\"attachment_92671\" aria-describedby=\"caption-attachment-92671\" style=\"width: 474px\" class=\"wp-caption aligncenter\"><img loading=\"lazy\" decoding=\"async\" class=\"wp-image-92671\" src=\"https:\/\/www.iemj.org\/wp-content\/uploads\/2023\/01\/K7_1167_VIG2_La-Chanson-du-Pays-dOr_Cassette-audio-300x179.jpg\" alt=\"\" width=\"474\" height=\"283\" srcset=\"https:\/\/www.iemj.org\/wp-content\/uploads\/2023\/01\/K7_1167_VIG2_La-Chanson-du-Pays-dOr_Cassette-audio-300x179.jpg 300w, https:\/\/www.iemj.org\/wp-content\/uploads\/2023\/01\/K7_1167_VIG2_La-Chanson-du-Pays-dOr_Cassette-audio.jpg 598w\" sizes=\"(max-width: 474px) 100vw, 474px\" \/><figcaption id=\"caption-attachment-92671\" class=\"wp-caption-text\"><strong>Audiokassette &#8211; La Chanson du Pays d\u2019Or<\/strong><\/figcaption><\/figure>\n<p>Mit dem Wunsch, ihre Leidenschaft f\u00fcr den Gesang weiterzugeben, leitet Jacinta seit 2001 den Chor <a href=\"http:\/\/jacintazingers.blogspot.com\/\">Jacintas Zingers<\/a>, zun\u00e4chst mit der Association pour l&#8217;\u00e9tude et la diffusion de la culture yiddish (AEDCY) und dem Maison de la Culture Yiddish (MCY), dann im Cercle Bernard Lazare und ab 2021 im Centre Medem. Ihre Chormitglieder jeden Alters bewundern ihre Qualit\u00e4ten als P\u00e4dagogin und Musikerin und Arrangeurin. Aber abgesehen von diesem rein musikalischen Aspekt stellt sie fest, dass:<\/p>\n<p>&#8222;F\u00fcr die Alten war das Jiddische (f\u00fcr einige auch das J\u00fcdisch-Spanische) die Sprache einer verborgenen Kindheit, die der deportierten Eltern. Und ich fand mich zwischen diesen kasteienden Seelen wieder, als ich ihnen dieses verbotene Jiddisch vorsang und sie sp\u00fcren lie\u00df, dass es mehr als eine Sprache war, sondern ein Geschmack, eine Lebensweise, eine Freude zwischen so viel Kummer&#8230;<\/p>\n<p>&#8222;F\u00fcr die Alten war das Jiddische (f\u00fcr einige auch das J\u00fcdisch-Spanische) die Sprache einer verborgenen Kindheit, die der deportierten Eltern. Und ich fand mich zwischen diesen kasteienden Seelen wieder, als ich ihnen dieses verbotene Jiddisch vorsang und sie sp\u00fcren lie\u00df, dass es mehr als eine Sprache war, sondern ein Geschmack, eine Lebensweise, eine Freude zwischen so viel Kummer&#8230;<\/p>\n<figure id=\"attachment_92682\" aria-describedby=\"caption-attachment-92682\" style=\"width: 322px\" class=\"wp-caption alignright\"><img loading=\"lazy\" decoding=\"async\" class=\"wp-image-92682\" src=\"https:\/\/www.iemj.org\/wp-content\/uploads\/2023\/01\/I_421_Lors-dune-fete-privee-spectacle-prime-300x212.jpg\" alt=\"\" width=\"322\" height=\"228\" srcset=\"https:\/\/www.iemj.org\/wp-content\/uploads\/2023\/01\/I_421_Lors-dune-fete-privee-spectacle-prime-300x212.jpg 300w, https:\/\/www.iemj.org\/wp-content\/uploads\/2023\/01\/I_421_Lors-dune-fete-privee-spectacle-prime.jpg 500w\" sizes=\"(max-width: 322px) 100vw, 322px\" \/><figcaption id=\"caption-attachment-92682\" class=\"wp-caption-text\"><strong>Bei einer privaten Feier, preisgekr\u00f6nte Auff\u00fchrung<\/strong><\/figcaption><\/figure>\n<p>Ich habe keine Kinder gehabt, aber meine Chors\u00e4nger, ob jung oder alt, sind &#8222;mayne kinder&#8220; [meine Kinder]&#8220; <span class=\"footnote_referrer\"><a role=\"button\" tabindex=\"0\" onclick=\"footnote_moveToReference_92978_1('footnote_plugin_reference_92978_1_3');\" onkeypress=\"footnote_moveToReference_92978_1('footnote_plugin_reference_92978_1_3');\" ><sup id=\"footnote_plugin_tooltip_92978_1_3\" class=\"footnote_plugin_tooltip_text\">[3]<\/sup><\/a><span id=\"footnote_plugin_tooltip_text_92978_1_3\" class=\"footnote_tooltip\">Auszug aus einer E-Mail von Jacinta an Herv\u00e9 Roten vom 8. Oktober 2021.<\/span><\/span><script type=\"text\/javascript\"> jQuery('#footnote_plugin_tooltip_92978_1_3').tooltip({ tip: '#footnote_plugin_tooltip_text_92978_1_3', tipClass: 'footnote_tooltip', effect: 'fade', predelay: 0, fadeInSpeed: 200, delay: 400, fadeOutSpeed: 200, position: 'top center', relative: true, offset: [-7, 0], });<\/script><\/p>\n<p>Jacinta wurde f\u00fcr ihr Lebenswerk mehrfach ausgezeichnet: 2003 mit dem Prix Korman<span class=\"footnote_referrer\"><a role=\"button\" tabindex=\"0\" onclick=\"footnote_moveToReference_92978_1('footnote_plugin_reference_92978_1_4');\" onkeypress=\"footnote_moveToReference_92978_1('footnote_plugin_reference_92978_1_4');\" ><sup id=\"footnote_plugin_tooltip_92978_1_4\" class=\"footnote_plugin_tooltip_text\">[4]<\/sup><\/a><span id=\"footnote_plugin_tooltip_text_92978_1_4\" class=\"footnote_tooltip\">Der Ydl-Korman-Preis wird seit 1986 f\u00fcr alle Aktivit\u00e4ten zugunsten der jiddischen Kultur in allen Bereichen, Kunst, Literatur, Skulptur, Musik, Geschichte, Shoah usw. Verliehen.<\/span><\/span><script type=\"text\/javascript\"> jQuery('#footnote_plugin_tooltip_92978_1_4').tooltip({ tip: '#footnote_plugin_tooltip_text_92978_1_4', tipClass: 'footnote_tooltip', effect: 'fade', predelay: 0, fadeInSpeed: 200, delay: 400, fadeOutSpeed: 200, position: 'top center', relative: true, offset: [-7, 0], });<\/script> 2004 mit dem Prix de l&#8217;Acad\u00e9mie Charles Cros f\u00fcr ihre CD mit argentinischen Kinderreimen und Rondellen und 2008 mit dem Prix Cukierman<span class=\"footnote_referrer\"><a role=\"button\" tabindex=\"0\" onclick=\"footnote_moveToReference_92978_1('footnote_plugin_reference_92978_1_5');\" onkeypress=\"footnote_moveToReference_92978_1('footnote_plugin_reference_92978_1_5');\" ><sup id=\"footnote_plugin_tooltip_92978_1_5\" class=\"footnote_plugin_tooltip_text\">[5]<\/sup><\/a><span id=\"footnote_plugin_tooltip_text_92978_1_5\" class=\"footnote_tooltip\">Der Max-Cukierman-Preis wurde 1982 von Roger und Henri Cukierman gestiftet, um das Andenken an ihren Vater und seine Verbundenheit mit der jiddischen Kultur aufrechtzuerhalten.<\/span><\/span><script type=\"text\/javascript\"> jQuery('#footnote_plugin_tooltip_92978_1_5').tooltip({ tip: '#footnote_plugin_tooltip_text_92978_1_5', tipClass: 'footnote_tooltip', effect: 'fade', predelay: 0, fadeInSpeed: 200, delay: 400, fadeOutSpeed: 200, position: 'top center', relative: true, offset: [-7, 0], });<\/script>.<\/p>\n<p style=\"margin: 0cm; background: white;\"><b><span style=\"font-family: Roboto; color: #171717;\">Quellen:<\/span><\/b><\/p>\n<ul>\n<li><a href=\"https:\/\/www.jacinta-s.com\/\" target=\"_blank\" rel=\"noopener\">Jacinta-Website<\/a><\/li>\n<li><a href=\"http:\/\/www.bibletango.com\/tangopersonnages\/perso_bio\/persobio_j\/jacinta_bb.htm#:~:text=Elle%20chantait%20des%20valses%20et,p%C3%A9riodes%20de%20deux%20mois%20environ\" target=\"_blank\" rel=\"noopener\">Bible Tango<\/a><\/li>\n<li>Akadem : <a style=\"font-size: revert; background-color: var(--bs-body-bg); font-family: var(--bs-body-font-family); font-weight: var(--bs-body-font-weight); text-align: var(--bs-body-text-align);\" href=\"https:\/\/akadem.org\/magazine\/2017-2018\/chanter-le-yiddish-de-buenos-aires-a-paris-avec-jacinta-23-04-2018-100294_4753.php\" target=\"_blank\" rel=\"noopener\">Chanter le yiddish de Buenos Aires \u00e0 Paris (<\/a><a href=\"https:\/\/akadem.org\/magazine\/2017-2018\/chanter-le-yiddish-de-buenos-aires-a-paris-avec-jacinta-23-04-2018-100294_4753.php\">Jiddisch singen von Buenos Aires bis Paris)<\/a><\/li>\n<li>IEMJ : <a href=\"https:\/\/www.iemj.org\/de\/jacinta-entre-chansons-yiddish-judeo-espagnole-et-tango\/\" target=\"_blank\" rel=\"noopener\">Jacinta zwischen jiddischen, j\u00fcdisch-spanischen Liedern und Tango<\/a><\/li>\n<\/ul>\n<p style=\"margin: 0cm; background: white;\"><b><span style=\"font-family: Roboto; color: #171717;\">Links:<\/span><\/b><\/p>\n<ul>\n<li><a href=\"https:\/\/www.iemj.org\/de\/jacinta-entre-chansons-yiddish-judeo-espagnole-et-tango\/\" target=\"_blank\" rel=\"noopener\">Video Jacinta zwischen jiddischen, j\u00fcdisch-spanischen Liedern und Tango ansehen<\/a><\/li>\n<li><a style=\"font-size: revert; background-color: var(--bs-body-bg); font-family: var(--bs-body-font-family); font-weight: var(--bs-body-font-weight); text-align: var(--bs-body-text-align);\" href=\"https:\/\/www.iemj.org\/de\/jacinta-une-vie-en-chanson\/\" target=\"_blank\" rel=\"noopener\">Playlist anh\u00f6ren Jacinta, Lieder aus dem Leben<\/a><\/li>\n<li><a href=\"https:\/\/www.iemj.org\/de\/fonds-jacinta\/\" target=\"_blank\" rel=\"noopener\">Sich den Archivbestand von Jacinta ansehen, der im IEMJ hinterlegt ist<\/a><\/li>\n<li><a style=\"font-size: revert; background-color: var(--bs-body-bg); font-family: var(--bs-body-font-family); font-weight: var(--bs-body-font-weight); text-align: var(--bs-body-text-align);\" href=\"https:\/\/www.iemj.org\/de\/jacintas-zingers\/\" target=\"_blank\" rel=\"noopener\">Erfahren Sie mehr \u00fcber den Chor Jacintas Zingers<\/a><\/li>\n<li><a href=\"https:\/\/www.youtube.com\/@jacinta604\" target=\"_blank\" rel=\"noopener\">Sich Jacintas You Tube-Kanal ansehen<\/a><\/li>\n<\/ul>\n\n\n<div class=\"wp-block-columns is-layout-flex wp-container-core-columns-is-layout-9d6595d7 wp-block-columns-is-layout-flex\">\n<div class=\"wp-block-column is-layout-flow wp-block-column-is-layout-flow\">\n<figure class=\"wp-block-embed is-type-video is-provider-youtube wp-block-embed-youtube wp-embed-aspect-16-9 wp-has-aspect-ratio\"><div class=\"wp-block-embed__wrapper\">\n<iframe title=\"IN DER FINSTER\" width=\"640\" height=\"360\" src=\"https:\/\/www.youtube.com\/embed\/YoIrYHEoSK8?feature=oembed\" frameborder=\"0\" allow=\"accelerometer; autoplay; clipboard-write; encrypted-media; gyroscope; picture-in-picture; web-share\" referrerpolicy=\"strict-origin-when-cross-origin\" allowfullscreen><\/iframe>\n<\/div><figcaption class=\"wp-element-caption\"><strong>In der fintster (Jacinta)<\/strong><\/figcaption><\/figure>\n<\/div>\n\n\n\n<div class=\"wp-block-column is-layout-flow wp-block-column-is-layout-flow\">\n<figure class=\"wp-block-embed is-type-video is-provider-youtube wp-block-embed-youtube wp-embed-aspect-16-9 wp-has-aspect-ratio\"><div class=\"wp-block-embed__wrapper\">\n<iframe title=\"CRIADOR, hasta cu\u00e1ndo,  BORE AD ANA\" width=\"640\" height=\"360\" src=\"https:\/\/www.youtube.com\/embed\/1wmcnh41eF4?feature=oembed\" frameborder=\"0\" allow=\"accelerometer; autoplay; clipboard-write; encrypted-media; gyroscope; picture-in-picture; web-share\" referrerpolicy=\"strict-origin-when-cross-origin\" allowfullscreen><\/iframe>\n<\/div><figcaption class=\"wp-element-caption\"><strong>Criador, hasta cu\u00e1ndo (Jacinta)<\/strong><\/figcaption><\/figure>\n<\/div>\n<\/div>\n\n\n\n<figure class=\"wp-block-embed aligncenter is-provider-youtube wp-block-embed-youtube\"><div class=\"wp-block-embed__wrapper\">\n<iframe title=\"sur un saule pleureur\" width=\"640\" height=\"360\" src=\"https:\/\/www.youtube.com\/embed\/TQzcqgLbZRg?feature=oembed\" frameborder=\"0\" allow=\"accelerometer; autoplay; clipboard-write; encrypted-media; gyroscope; picture-in-picture; web-share\" referrerpolicy=\"strict-origin-when-cross-origin\" allowfullscreen><\/iframe> \n<\/div><\/figure>\n\n\n<p style=\"text-align: left;\"><strong>Sur un saule pleureur (Jacinta)<\/strong><\/p><div class=\"speaker-mute footnotes_reference_container\"> <div class=\"footnote_container_prepare\"><p><span role=\"button\" tabindex=\"0\" class=\"footnote_reference_container_label pointer\" onclick=\"footnote_expand_collapse_reference_container_92978_1();\">&#x202F;<\/span><span role=\"button\" tabindex=\"0\" class=\"footnote_reference_container_collapse_button\" style=\"display: none;\" onclick=\"footnote_expand_collapse_reference_container_92978_1();\">[<a id=\"footnote_reference_container_collapse_button_92978_1\">+<\/a>]<\/span><\/p><\/div> <div id=\"footnote_references_container_92978_1\" style=\"\"><table class=\"footnotes_table footnote-reference-container\"><caption class=\"accessibility\">References<\/caption> <tbody> \r\n\r\n<tr class=\"footnotes_plugin_reference_row\"> <th scope=\"row\" class=\"footnote_plugin_index_combi pointer\"  onclick=\"footnote_moveToAnchor_92978_1('footnote_plugin_tooltip_92978_1_1');\"><a id=\"footnote_plugin_reference_92978_1_1\" class=\"footnote_backlink\">1<\/a><\/th> <td class=\"footnote_plugin_text\"> szug aus Jacintas E-Mails an Herv\u00e9 Roten vom 8. Oktober 2021 und 18. Januar 2023.<\/td><\/tr>\r\n\r\n<tr class=\"footnotes_plugin_reference_row\"> <th scope=\"row\" class=\"footnote_plugin_index_combi pointer\"  onclick=\"footnote_moveToAnchor_92978_1('footnote_plugin_tooltip_92978_1_2');\"><a id=\"footnote_plugin_reference_92978_1_2\" class=\"footnote_backlink\">2<\/a><\/th> <td class=\"footnote_plugin_text\">Jacinta vertonte unter anderem zwei Gedichte von einer ihrer Chors\u00e4ngerinnen, einer Freundin, Catherine Franck, die 2022 verstarb: <em>Les ateliers de couture<\/em> (Die N\u00e4hstuben ) und <em>Tissages d\u2019Heun\u2019chy (<\/em>Weben von Heun&#8217;chy<em>)<\/em>.<\/td><\/tr>\r\n\r\n<tr class=\"footnotes_plugin_reference_row\"> <th scope=\"row\" class=\"footnote_plugin_index_combi pointer\"  onclick=\"footnote_moveToAnchor_92978_1('footnote_plugin_tooltip_92978_1_3');\"><a id=\"footnote_plugin_reference_92978_1_3\" class=\"footnote_backlink\">3<\/a><\/th> <td class=\"footnote_plugin_text\">Auszug aus einer E-Mail von Jacinta an Herv\u00e9 Roten vom 8. Oktober 2021.<\/td><\/tr>\r\n\r\n<tr class=\"footnotes_plugin_reference_row\"> <th scope=\"row\" class=\"footnote_plugin_index_combi pointer\"  onclick=\"footnote_moveToAnchor_92978_1('footnote_plugin_tooltip_92978_1_4');\"><a id=\"footnote_plugin_reference_92978_1_4\" class=\"footnote_backlink\">4<\/a><\/th> <td class=\"footnote_plugin_text\">Der Ydl-Korman-Preis wird seit 1986 f\u00fcr alle Aktivit\u00e4ten zugunsten der jiddischen Kultur in allen Bereichen, Kunst, Literatur, Skulptur, Musik, Geschichte, Shoah usw. Verliehen.<\/td><\/tr>\r\n\r\n<tr class=\"footnotes_plugin_reference_row\"> <th scope=\"row\" class=\"footnote_plugin_index_combi pointer\"  onclick=\"footnote_moveToAnchor_92978_1('footnote_plugin_tooltip_92978_1_5');\"><a id=\"footnote_plugin_reference_92978_1_5\" class=\"footnote_backlink\">5<\/a><\/th> <td class=\"footnote_plugin_text\">Der Max-Cukierman-Preis wurde 1982 von Roger und Henri Cukierman gestiftet, um das Andenken an ihren Vater und seine Verbundenheit mit der jiddischen Kultur aufrechtzuerhalten.<\/td><\/tr>\r\n\r\n <\/tbody> <\/table> <\/div><\/div><script type=\"text\/javascript\"> function footnote_expand_reference_container_92978_1() { jQuery('#footnote_references_container_92978_1').show(); jQuery('#footnote_reference_container_collapse_button_92978_1').text('\u2212'); } function footnote_collapse_reference_container_92978_1() { jQuery('#footnote_references_container_92978_1').hide(); jQuery('#footnote_reference_container_collapse_button_92978_1').text('+'); } function footnote_expand_collapse_reference_container_92978_1() { if (jQuery('#footnote_references_container_92978_1').is(':hidden')) { footnote_expand_reference_container_92978_1(); } else { footnote_collapse_reference_container_92978_1(); } } function footnote_moveToReference_92978_1(p_str_TargetID) { footnote_expand_reference_container_92978_1(); var l_obj_Target = jQuery('#' + p_str_TargetID); if (l_obj_Target.length) { jQuery( 'html, body' ).delay( 0 ); jQuery('html, body').animate({ scrollTop: l_obj_Target.offset().top - window.innerHeight * 0.2 }, 380); } } function footnote_moveToAnchor_92978_1(p_str_TargetID) { footnote_expand_reference_container_92978_1(); var l_obj_Target = jQuery('#' + p_str_TargetID); if (l_obj_Target.length) { jQuery( 'html, body' ).delay( 0 ); jQuery('html, body').animate({ scrollTop: l_obj_Target.offset().top - window.innerHeight * 0.2 }, 380); } }<\/script>","protected":false},"excerpt":{"rendered":"<p>Sofia Jacinta Szlechtman wurde am 30. September 1950 in Buenos Aires als Tochter einer polnisch-russisch-j\u00fcdischen Familie geboren. Ihre Gro\u00dfeltern m\u00fctterlicherseits flohen vor Pogromen und kamen um 1920 aus Khmelnits (Chmelnyzkyj)<\/p>\n","protected":false},"author":5,"featured_media":92629,"comment_status":"closed","ping_status":"closed","sticky":false,"template":"","format":"standard","meta":{"_acf_changed":false,"footnotes":""},"categories":[1415],"tags":[],"technique":[],"squelettes":[],"sujet":[],"formation":[],"genre":[],"fonds":[],"tradition":[],"type-de-contenu":[],"interprete-compositeur":[],"frise":[],"type-devenement":[],"tableaux-liens-externes":[],"class_list":["post-92978","post","type-post","status-publish","format-standard","has-post-thumbnail","hentry","category-biografien-de"],"acf":[],"yoast_head":"<!-- This site is optimized with the Yoast SEO plugin v27.3 - https:\/\/yoast.com\/product\/yoast-seo-wordpress\/ -->\n<title>Jacinta - Institut Europ\u00e9en des Musiques Juives<\/title>\n<meta name=\"robots\" content=\"index, follow, max-snippet:-1, max-image-preview:large, max-video-preview:-1\" \/>\n<link rel=\"canonical\" href=\"https:\/\/www.iemj.org\/de\/jacinta-5\/\" \/>\n<meta property=\"og:locale\" content=\"de_DE\" \/>\n<meta property=\"og:type\" content=\"article\" \/>\n<meta property=\"og:title\" content=\"Jacinta - Institut Europ\u00e9en des Musiques Juives\" \/>\n<meta property=\"og:description\" content=\"Sofia Jacinta Szlechtman wurde am 30. September 1950 in Buenos Aires als Tochter einer polnisch-russisch-j\u00fcdischen Familie geboren. Ihre Gro\u00dfeltern m\u00fctterlicherseits flohen vor Pogromen und kamen um 1920 aus Khmelnits (Chmelnyzkyj)\" \/>\n<meta property=\"og:url\" content=\"https:\/\/www.iemj.org\/de\/jacinta-5\/\" \/>\n<meta property=\"og:site_name\" content=\"Institut Europ\u00e9en des Musiques Juives\" \/>\n<meta property=\"article:publisher\" content=\"https:\/\/www.facebook.com\/MusiquesJuives\/\" \/>\n<meta property=\"article:published_time\" content=\"2023-01-19T14:58:08+00:00\" \/>\n<meta property=\"article:modified_time\" content=\"2023-01-24T13:50:45+00:00\" \/>\n<meta property=\"og:image\" content=\"https:\/\/www.iemj.org\/wp-content\/uploads\/2023\/01\/Logo-bio-Jacinta.jpg\" \/>\n\t<meta property=\"og:image:width\" content=\"144\" \/>\n\t<meta property=\"og:image:height\" content=\"218\" \/>\n\t<meta property=\"og:image:type\" content=\"image\/jpeg\" \/>\n<meta name=\"author\" content=\"Jacqueline ROTEN\" \/>\n<meta name=\"twitter:card\" content=\"summary_large_image\" \/>\n<meta name=\"twitter:label1\" content=\"Verfasst von\" \/>\n\t<meta name=\"twitter:data1\" content=\"Jacqueline ROTEN\" \/>\n\t<meta name=\"twitter:label2\" content=\"Gesch\u00e4tzte Lesezeit\" \/>\n\t<meta name=\"twitter:data2\" content=\"8\u00a0Minuten\" \/>\n<script type=\"application\/ld+json\" class=\"yoast-schema-graph\">{\"@context\":\"https:\\\/\\\/schema.org\",\"@graph\":[{\"@type\":\"Article\",\"@id\":\"https:\\\/\\\/www.iemj.org\\\/de\\\/jacinta-5\\\/#article\",\"isPartOf\":{\"@id\":\"https:\\\/\\\/www.iemj.org\\\/de\\\/jacinta-5\\\/\"},\"author\":{\"name\":\"Jacqueline ROTEN\",\"@id\":\"https:\\\/\\\/www.iemj.org\\\/de\\\/#\\\/schema\\\/person\\\/358e26c18aca017fcc4cc15437f7279c\"},\"headline\":\"Jacinta\",\"datePublished\":\"2023-01-19T14:58:08+00:00\",\"dateModified\":\"2023-01-24T13:50:45+00:00\",\"mainEntityOfPage\":{\"@id\":\"https:\\\/\\\/www.iemj.org\\\/de\\\/jacinta-5\\\/\"},\"wordCount\":1278,\"publisher\":{\"@id\":\"https:\\\/\\\/www.iemj.org\\\/de\\\/#organization\"},\"image\":{\"@id\":\"https:\\\/\\\/www.iemj.org\\\/de\\\/jacinta-5\\\/#primaryimage\"},\"thumbnailUrl\":\"https:\\\/\\\/www.iemj.org\\\/wp-content\\\/uploads\\\/2023\\\/01\\\/Logo-bio-Jacinta.jpg\",\"articleSection\":[\"Biografien\"],\"inLanguage\":\"de\"},{\"@type\":\"WebPage\",\"@id\":\"https:\\\/\\\/www.iemj.org\\\/de\\\/jacinta-5\\\/\",\"url\":\"https:\\\/\\\/www.iemj.org\\\/de\\\/jacinta-5\\\/\",\"name\":\"Jacinta - Institut Europ\u00e9en des Musiques Juives\",\"isPartOf\":{\"@id\":\"https:\\\/\\\/www.iemj.org\\\/de\\\/#website\"},\"primaryImageOfPage\":{\"@id\":\"https:\\\/\\\/www.iemj.org\\\/de\\\/jacinta-5\\\/#primaryimage\"},\"image\":{\"@id\":\"https:\\\/\\\/www.iemj.org\\\/de\\\/jacinta-5\\\/#primaryimage\"},\"thumbnailUrl\":\"https:\\\/\\\/www.iemj.org\\\/wp-content\\\/uploads\\\/2023\\\/01\\\/Logo-bio-Jacinta.jpg\",\"datePublished\":\"2023-01-19T14:58:08+00:00\",\"dateModified\":\"2023-01-24T13:50:45+00:00\",\"breadcrumb\":{\"@id\":\"https:\\\/\\\/www.iemj.org\\\/de\\\/jacinta-5\\\/#breadcrumb\"},\"inLanguage\":\"de\",\"potentialAction\":[{\"@type\":\"ReadAction\",\"target\":[\"https:\\\/\\\/www.iemj.org\\\/de\\\/jacinta-5\\\/\"]}]},{\"@type\":\"ImageObject\",\"inLanguage\":\"de\",\"@id\":\"https:\\\/\\\/www.iemj.org\\\/de\\\/jacinta-5\\\/#primaryimage\",\"url\":\"https:\\\/\\\/www.iemj.org\\\/wp-content\\\/uploads\\\/2023\\\/01\\\/Logo-bio-Jacinta.jpg\",\"contentUrl\":\"https:\\\/\\\/www.iemj.org\\\/wp-content\\\/uploads\\\/2023\\\/01\\\/Logo-bio-Jacinta.jpg\",\"width\":144,\"height\":218},{\"@type\":\"BreadcrumbList\",\"@id\":\"https:\\\/\\\/www.iemj.org\\\/de\\\/jacinta-5\\\/#breadcrumb\",\"itemListElement\":[{\"@type\":\"ListItem\",\"position\":1,\"name\":\"Accueil\",\"item\":\"https:\\\/\\\/www.iemj.org\\\/de\\\/\"},{\"@type\":\"ListItem\",\"position\":2,\"name\":\"Jacinta\"}]},{\"@type\":\"WebSite\",\"@id\":\"https:\\\/\\\/www.iemj.org\\\/de\\\/#website\",\"url\":\"https:\\\/\\\/www.iemj.org\\\/de\\\/\",\"name\":\"Institut Europ\u00e9en des Musiques Juives\",\"description\":\"Des traditions musicales \u00e0 la port\u00e9e de tous\",\"publisher\":{\"@id\":\"https:\\\/\\\/www.iemj.org\\\/de\\\/#organization\"},\"potentialAction\":[{\"@type\":\"SearchAction\",\"target\":{\"@type\":\"EntryPoint\",\"urlTemplate\":\"https:\\\/\\\/www.iemj.org\\\/de\\\/?s={search_term_string}\"},\"query-input\":{\"@type\":\"PropertyValueSpecification\",\"valueRequired\":true,\"valueName\":\"search_term_string\"}}],\"inLanguage\":\"de\"},{\"@type\":\"Organization\",\"@id\":\"https:\\\/\\\/www.iemj.org\\\/de\\\/#organization\",\"name\":\"Institut Europ\u00e9en des Musiques Juives\",\"url\":\"https:\\\/\\\/www.iemj.org\\\/de\\\/\",\"logo\":{\"@type\":\"ImageObject\",\"inLanguage\":\"de\",\"@id\":\"https:\\\/\\\/www.iemj.org\\\/de\\\/#\\\/schema\\\/logo\\\/image\\\/\",\"url\":\"https:\\\/\\\/www.iemj.org\\\/wp-content\\\/uploads\\\/2021\\\/09\\\/Logo-IEMJ-Paypal.jpg\",\"contentUrl\":\"https:\\\/\\\/www.iemj.org\\\/wp-content\\\/uploads\\\/2021\\\/09\\\/Logo-IEMJ-Paypal.jpg\",\"width\":150,\"height\":50,\"caption\":\"Institut Europ\u00e9en des Musiques Juives\"},\"image\":{\"@id\":\"https:\\\/\\\/www.iemj.org\\\/de\\\/#\\\/schema\\\/logo\\\/image\\\/\"},\"sameAs\":[\"https:\\\/\\\/www.facebook.com\\\/MusiquesJuives\\\/\",\"https:\\\/\\\/www.instagram.com\\\/musiquesjuives\\\/\",\"https:\\\/\\\/www.youtube.com\\\/user\\\/musiquesjuives\"]},{\"@type\":\"Person\",\"@id\":\"https:\\\/\\\/www.iemj.org\\\/de\\\/#\\\/schema\\\/person\\\/358e26c18aca017fcc4cc15437f7279c\",\"name\":\"Jacqueline ROTEN\",\"image\":{\"@type\":\"ImageObject\",\"inLanguage\":\"de\",\"@id\":\"https:\\\/\\\/secure.gravatar.com\\\/avatar\\\/5964256d6c6957de3a3505278957e0fb2a35119ac47ea41827a65301213c810b?s=96&d=mm&r=g\",\"url\":\"https:\\\/\\\/secure.gravatar.com\\\/avatar\\\/5964256d6c6957de3a3505278957e0fb2a35119ac47ea41827a65301213c810b?s=96&d=mm&r=g\",\"contentUrl\":\"https:\\\/\\\/secure.gravatar.com\\\/avatar\\\/5964256d6c6957de3a3505278957e0fb2a35119ac47ea41827a65301213c810b?s=96&d=mm&r=g\",\"caption\":\"Jacqueline ROTEN\"}}]}<\/script>\n<!-- \/ Yoast SEO plugin. -->","yoast_head_json":{"title":"Jacinta - Institut Europ\u00e9en des Musiques Juives","robots":{"index":"index","follow":"follow","max-snippet":"max-snippet:-1","max-image-preview":"max-image-preview:large","max-video-preview":"max-video-preview:-1"},"canonical":"https:\/\/www.iemj.org\/de\/jacinta-5\/","og_locale":"de_DE","og_type":"article","og_title":"Jacinta - Institut Europ\u00e9en des Musiques Juives","og_description":"Sofia Jacinta Szlechtman wurde am 30. September 1950 in Buenos Aires als Tochter einer polnisch-russisch-j\u00fcdischen Familie geboren. Ihre Gro\u00dfeltern m\u00fctterlicherseits flohen vor Pogromen und kamen um 1920 aus Khmelnits (Chmelnyzkyj)","og_url":"https:\/\/www.iemj.org\/de\/jacinta-5\/","og_site_name":"Institut Europ\u00e9en des Musiques Juives","article_publisher":"https:\/\/www.facebook.com\/MusiquesJuives\/","article_published_time":"2023-01-19T14:58:08+00:00","article_modified_time":"2023-01-24T13:50:45+00:00","og_image":[{"width":144,"height":218,"url":"https:\/\/www.iemj.org\/wp-content\/uploads\/2023\/01\/Logo-bio-Jacinta.jpg","type":"image\/jpeg"}],"author":"Jacqueline ROTEN","twitter_card":"summary_large_image","twitter_misc":{"Verfasst von":"Jacqueline ROTEN","Gesch\u00e4tzte Lesezeit":"8\u00a0Minuten"},"schema":{"@context":"https:\/\/schema.org","@graph":[{"@type":"Article","@id":"https:\/\/www.iemj.org\/de\/jacinta-5\/#article","isPartOf":{"@id":"https:\/\/www.iemj.org\/de\/jacinta-5\/"},"author":{"name":"Jacqueline ROTEN","@id":"https:\/\/www.iemj.org\/de\/#\/schema\/person\/358e26c18aca017fcc4cc15437f7279c"},"headline":"Jacinta","datePublished":"2023-01-19T14:58:08+00:00","dateModified":"2023-01-24T13:50:45+00:00","mainEntityOfPage":{"@id":"https:\/\/www.iemj.org\/de\/jacinta-5\/"},"wordCount":1278,"publisher":{"@id":"https:\/\/www.iemj.org\/de\/#organization"},"image":{"@id":"https:\/\/www.iemj.org\/de\/jacinta-5\/#primaryimage"},"thumbnailUrl":"https:\/\/www.iemj.org\/wp-content\/uploads\/2023\/01\/Logo-bio-Jacinta.jpg","articleSection":["Biografien"],"inLanguage":"de"},{"@type":"WebPage","@id":"https:\/\/www.iemj.org\/de\/jacinta-5\/","url":"https:\/\/www.iemj.org\/de\/jacinta-5\/","name":"Jacinta - Institut Europ\u00e9en des Musiques Juives","isPartOf":{"@id":"https:\/\/www.iemj.org\/de\/#website"},"primaryImageOfPage":{"@id":"https:\/\/www.iemj.org\/de\/jacinta-5\/#primaryimage"},"image":{"@id":"https:\/\/www.iemj.org\/de\/jacinta-5\/#primaryimage"},"thumbnailUrl":"https:\/\/www.iemj.org\/wp-content\/uploads\/2023\/01\/Logo-bio-Jacinta.jpg","datePublished":"2023-01-19T14:58:08+00:00","dateModified":"2023-01-24T13:50:45+00:00","breadcrumb":{"@id":"https:\/\/www.iemj.org\/de\/jacinta-5\/#breadcrumb"},"inLanguage":"de","potentialAction":[{"@type":"ReadAction","target":["https:\/\/www.iemj.org\/de\/jacinta-5\/"]}]},{"@type":"ImageObject","inLanguage":"de","@id":"https:\/\/www.iemj.org\/de\/jacinta-5\/#primaryimage","url":"https:\/\/www.iemj.org\/wp-content\/uploads\/2023\/01\/Logo-bio-Jacinta.jpg","contentUrl":"https:\/\/www.iemj.org\/wp-content\/uploads\/2023\/01\/Logo-bio-Jacinta.jpg","width":144,"height":218},{"@type":"BreadcrumbList","@id":"https:\/\/www.iemj.org\/de\/jacinta-5\/#breadcrumb","itemListElement":[{"@type":"ListItem","position":1,"name":"Accueil","item":"https:\/\/www.iemj.org\/de\/"},{"@type":"ListItem","position":2,"name":"Jacinta"}]},{"@type":"WebSite","@id":"https:\/\/www.iemj.org\/de\/#website","url":"https:\/\/www.iemj.org\/de\/","name":"Institut Europ\u00e9en des Musiques Juives","description":"Des traditions musicales \u00e0 la port\u00e9e de tous","publisher":{"@id":"https:\/\/www.iemj.org\/de\/#organization"},"potentialAction":[{"@type":"SearchAction","target":{"@type":"EntryPoint","urlTemplate":"https:\/\/www.iemj.org\/de\/?s={search_term_string}"},"query-input":{"@type":"PropertyValueSpecification","valueRequired":true,"valueName":"search_term_string"}}],"inLanguage":"de"},{"@type":"Organization","@id":"https:\/\/www.iemj.org\/de\/#organization","name":"Institut Europ\u00e9en des Musiques Juives","url":"https:\/\/www.iemj.org\/de\/","logo":{"@type":"ImageObject","inLanguage":"de","@id":"https:\/\/www.iemj.org\/de\/#\/schema\/logo\/image\/","url":"https:\/\/www.iemj.org\/wp-content\/uploads\/2021\/09\/Logo-IEMJ-Paypal.jpg","contentUrl":"https:\/\/www.iemj.org\/wp-content\/uploads\/2021\/09\/Logo-IEMJ-Paypal.jpg","width":150,"height":50,"caption":"Institut Europ\u00e9en des Musiques Juives"},"image":{"@id":"https:\/\/www.iemj.org\/de\/#\/schema\/logo\/image\/"},"sameAs":["https:\/\/www.facebook.com\/MusiquesJuives\/","https:\/\/www.instagram.com\/musiquesjuives\/","https:\/\/www.youtube.com\/user\/musiquesjuives"]},{"@type":"Person","@id":"https:\/\/www.iemj.org\/de\/#\/schema\/person\/358e26c18aca017fcc4cc15437f7279c","name":"Jacqueline ROTEN","image":{"@type":"ImageObject","inLanguage":"de","@id":"https:\/\/secure.gravatar.com\/avatar\/5964256d6c6957de3a3505278957e0fb2a35119ac47ea41827a65301213c810b?s=96&d=mm&r=g","url":"https:\/\/secure.gravatar.com\/avatar\/5964256d6c6957de3a3505278957e0fb2a35119ac47ea41827a65301213c810b?s=96&d=mm&r=g","contentUrl":"https:\/\/secure.gravatar.com\/avatar\/5964256d6c6957de3a3505278957e0fb2a35119ac47ea41827a65301213c810b?s=96&d=mm&r=g","caption":"Jacqueline ROTEN"}}]}},"_links":{"self":[{"href":"https:\/\/www.iemj.org\/de\/wp-json\/wp\/v2\/posts\/92978","targetHints":{"allow":["GET"]}}],"collection":[{"href":"https:\/\/www.iemj.org\/de\/wp-json\/wp\/v2\/posts"}],"about":[{"href":"https:\/\/www.iemj.org\/de\/wp-json\/wp\/v2\/types\/post"}],"author":[{"embeddable":true,"href":"https:\/\/www.iemj.org\/de\/wp-json\/wp\/v2\/users\/5"}],"replies":[{"embeddable":true,"href":"https:\/\/www.iemj.org\/de\/wp-json\/wp\/v2\/comments?post=92978"}],"version-history":[{"count":0,"href":"https:\/\/www.iemj.org\/de\/wp-json\/wp\/v2\/posts\/92978\/revisions"}],"wp:featuredmedia":[{"embeddable":true,"href":"https:\/\/www.iemj.org\/de\/wp-json\/wp\/v2\/media\/92629"}],"wp:attachment":[{"href":"https:\/\/www.iemj.org\/de\/wp-json\/wp\/v2\/media?parent=92978"}],"wp:term":[{"taxonomy":"category","embeddable":true,"href":"https:\/\/www.iemj.org\/de\/wp-json\/wp\/v2\/categories?post=92978"},{"taxonomy":"post_tag","embeddable":true,"href":"https:\/\/www.iemj.org\/de\/wp-json\/wp\/v2\/tags?post=92978"},{"taxonomy":"technique","embeddable":true,"href":"https:\/\/www.iemj.org\/de\/wp-json\/wp\/v2\/technique?post=92978"},{"taxonomy":"squelettes","embeddable":true,"href":"https:\/\/www.iemj.org\/de\/wp-json\/wp\/v2\/squelettes?post=92978"},{"taxonomy":"sujet","embeddable":true,"href":"https:\/\/www.iemj.org\/de\/wp-json\/wp\/v2\/sujet?post=92978"},{"taxonomy":"formation","embeddable":true,"href":"https:\/\/www.iemj.org\/de\/wp-json\/wp\/v2\/formation?post=92978"},{"taxonomy":"genre","embeddable":true,"href":"https:\/\/www.iemj.org\/de\/wp-json\/wp\/v2\/genre?post=92978"},{"taxonomy":"fonds","embeddable":true,"href":"https:\/\/www.iemj.org\/de\/wp-json\/wp\/v2\/fonds?post=92978"},{"taxonomy":"tradition","embeddable":true,"href":"https:\/\/www.iemj.org\/de\/wp-json\/wp\/v2\/tradition?post=92978"},{"taxonomy":"type-de-contenu","embeddable":true,"href":"https:\/\/www.iemj.org\/de\/wp-json\/wp\/v2\/type-de-contenu?post=92978"},{"taxonomy":"interprete-compositeur","embeddable":true,"href":"https:\/\/www.iemj.org\/de\/wp-json\/wp\/v2\/interprete-compositeur?post=92978"},{"taxonomy":"frise","embeddable":true,"href":"https:\/\/www.iemj.org\/de\/wp-json\/wp\/v2\/frise?post=92978"},{"taxonomy":"type-devenement","embeddable":true,"href":"https:\/\/www.iemj.org\/de\/wp-json\/wp\/v2\/type-devenement?post=92978"},{"taxonomy":"tableaux-liens-externes","embeddable":true,"href":"https:\/\/www.iemj.org\/de\/wp-json\/wp\/v2\/tableaux-liens-externes?post=92978"}],"curies":[{"name":"wp","href":"https:\/\/api.w.org\/{rel}","templated":true}]}}