{"id":93007,"date":"2023-01-20T13:33:33","date_gmt":"2023-01-20T12:33:33","guid":{"rendered":"https:\/\/www.iemj.org\/jacinta-entre-chansons-yiddish-judeo-espagnole-et-tango\/"},"modified":"2023-01-25T17:04:33","modified_gmt":"2023-01-25T16:04:33","slug":"jacinta-entre-chansons-yiddish-judeo-espagnole-et-tango","status":"publish","type":"post","link":"https:\/\/www.iemj.org\/de\/jacinta-entre-chansons-yiddish-judeo-espagnole-et-tango\/","title":{"rendered":"JACINTA, ZWISCHEN JIDDISCHEN, J\u00dcDISCH-SPANISCHEN LIEDERN UND TANGO"},"content":{"rendered":"<p>Dieses zweiteilige Interview mit <a href=\"https:\/\/www.iemj.org\/de\/jacinta-5\/\">Jacinta,<\/a> das am 22. Mai 2022 aufgenommen wurde, zeichnet das Leben dieser facettenreichen K\u00fcnstlerin nach, von ihrer Kindheit in Argentinien in den 1950er Jahren, ihrer Ankunft in Paris Ende der 1970er Jahre, ihren musikalischen Begegnungen und ihrer Beteiligung an der Gr\u00fcndung eines generationen\u00fcbergreifenden Chors, den <a href=\"https:\/\/www.iemj.org\/de\/jacintas-zingers\/\">Jacintas Zingers<\/a>.<\/p>\n<p style=\"background: white;\"><span style=\"font-family: Roboto; color: #171717;\">Diesen Lebensweg untermalt die K\u00fcnstlerin mit Gesang, der von der Gitarre begleitet wird.<\/span><\/p>\n<p>Im dritten Video w\u00fcrdigt Jacinta <a href=\"https:\/\/de.wikipedia.org\/wiki\/Clarisse_Nico%C3%AFdski\" target=\"_blank\" rel=\"noopener\">Clarisse Nico\u00efdski<\/a>, die von <a href=\"https:\/\/fr.wikipedia.org\/wiki\/Ha%C3%AFm_Vidal_S%C3%A9phiha\" target=\"_blank\" rel=\"noopener\">Haim Vidal S\u00e9phiha<\/a> als die letzte j\u00fcdisch-spanische Dichterin bezeichnet wird.<\/p>\n<ul>\n<li><a href=\"https:\/\/www.iemj.org\/de\/jacinta-5\/\" target=\"_blank\" rel=\"noopener\">Mehr \u00fcber Jacinta erfahren<\/a><\/li>\n<li><a href=\"https:\/\/www.iemj.org\/de\/jacintas-zingers\/\" target=\"_blank\" rel=\"noopener\">Mehr \u00fcber Jacinta Zingers erfahren<\/a><\/li>\n<li><a href=\"https:\/\/www.iemj.org\/de\/jacinta-une-vie-en-chanson\/\" target=\"_blank\" rel=\"noopener\">Eine Auswahl der von Jacinta gesungenen Lieder anh\u00f6ren<\/a><\/li>\n<li><a href=\"https:\/\/www.iemj.org\/de\/jacinta-entre-chansons-yiddish-judeo-espagnole-et-tango\/\" target=\"_blank\" rel=\"noopener\">Jacintas Fotoarchiv und ihre Audioaufnahmen ansehen<\/a><\/li>\n<\/ul>\n<p><a href=\"#_ftnref1\" name=\"_ftn1\"><\/a><\/p>\n<p><strong>Interview mit Jacinta, gef\u00fchrt am 22. Mai 2022 &#8211; Teil 1<\/strong><\/p>\n\n\n<figure class=\"wp-block-embed is-provider-youtube wp-block-embed-youtube\"><div class=\"wp-block-embed__wrapper\">\n<iframe title=\"Partie 1 : Jacinta, entre chansons yiddish, jud\u00e9o-espagnole et tango\" width=\"640\" height=\"360\" src=\"https:\/\/www.youtube.com\/embed\/vrYe7MX-qOA?feature=oembed\" frameborder=\"0\" allow=\"accelerometer; autoplay; clipboard-write; encrypted-media; gyroscope; picture-in-picture; web-share\" referrerpolicy=\"strict-origin-when-cross-origin\" allowfullscreen><\/iframe> \n<\/div><\/figure>\n\n\n<p><strong>Interview mit Jacinta, gef\u00fchrt am 22. Mai 2022 &#8211; Teil 2<\/strong><\/p>\n\n\n<figure class=\"wp-block-embed is-provider-youtube wp-block-embed-youtube\"><div class=\"wp-block-embed__wrapper\">\n<iframe title=\"Partie 2 : Jacinta, entre chansons yiddish, jud\u00e9o-espagnole et tango\" width=\"640\" height=\"360\" src=\"https:\/\/www.youtube.com\/embed\/_mmFnuGJv-g?feature=oembed\" frameborder=\"0\" allow=\"accelerometer; autoplay; clipboard-write; encrypted-media; gyroscope; picture-in-picture; web-share\" referrerpolicy=\"strict-origin-when-cross-origin\" allowfullscreen><\/iframe> \n<\/div><\/figure>\n\n\n<p><strong>Jacintas Hommage an Clarisse Nico\u00efdski<\/strong><\/p>\n\n\n<figure class=\"wp-block-embed is-provider-youtube wp-block-embed-youtube\"><div class=\"wp-block-embed__wrapper\">\n<iframe title=\"Hommage \u00e0 Clarisse Abinun Nico\u00efdski par Jacinta\" width=\"640\" height=\"360\" src=\"https:\/\/www.youtube.com\/embed\/RFt0XFuXQLM?feature=oembed\" frameborder=\"0\" allow=\"accelerometer; autoplay; clipboard-write; encrypted-media; gyroscope; picture-in-picture; web-share\" referrerpolicy=\"strict-origin-when-cross-origin\" allowfullscreen><\/iframe> \n<\/div><\/figure>\n","protected":false},"excerpt":{"rendered":"<p>Dieses zweiteilige Interview mit Jacinta, das am 22. Mai 2022 aufgenommen wurde, zeichnet das Leben dieser facettenreichen K\u00fcnstlerin nach, von ihrer Kindheit in Argentinien in den 1950er Jahren, ihrer Ankunft<\/p>\n","protected":false},"author":5,"featured_media":92768,"comment_status":"closed","ping_status":"closed","sticky":false,"template":"","format":"standard","meta":{"_acf_changed":false,"footnotes":""},"categories":[1533],"tags":[],"technique":[],"squelettes":[],"sujet":[],"formation":[],"genre":[],"fonds":[],"tradition":[],"type-de-contenu":[],"interprete-compositeur":[],"frise":[],"type-devenement":[],"tableaux-liens-externes":[],"class_list":["post-93007","post","type-post","status-publish","format-standard","has-post-thumbnail","hentry","category-fernsehsendungen-videos-de"],"acf":[],"yoast_head":"<!-- This site is optimized with the Yoast SEO plugin v27.3 - https:\/\/yoast.com\/product\/yoast-seo-wordpress\/ -->\n<title>JACINTA, ZWISCHEN JIDDISCHEN, J\u00dcDISCH-SPANISCHEN LIEDERN UND TANGO - Institut Europ\u00e9en des Musiques Juives<\/title>\n<meta name=\"robots\" content=\"index, follow, max-snippet:-1, max-image-preview:large, max-video-preview:-1\" \/>\n<link rel=\"canonical\" href=\"https:\/\/www.iemj.org\/de\/jacinta-entre-chansons-yiddish-judeo-espagnole-et-tango\/\" \/>\n<meta property=\"og:locale\" content=\"de_DE\" \/>\n<meta property=\"og:type\" content=\"article\" \/>\n<meta property=\"og:title\" content=\"JACINTA, ZWISCHEN JIDDISCHEN, J\u00dcDISCH-SPANISCHEN LIEDERN UND TANGO - Institut Europ\u00e9en des Musiques Juives\" \/>\n<meta property=\"og:description\" content=\"Dieses zweiteilige Interview mit Jacinta, das am 22. Mai 2022 aufgenommen wurde, zeichnet das Leben dieser facettenreichen K\u00fcnstlerin nach, von ihrer Kindheit in Argentinien in den 1950er Jahren, ihrer Ankunft\" \/>\n<meta property=\"og:url\" content=\"https:\/\/www.iemj.org\/de\/jacinta-entre-chansons-yiddish-judeo-espagnole-et-tango\/\" \/>\n<meta property=\"og:site_name\" content=\"Institut Europ\u00e9en des Musiques Juives\" \/>\n<meta property=\"article:publisher\" content=\"https:\/\/www.facebook.com\/MusiquesJuives\/\" \/>\n<meta property=\"article:published_time\" content=\"2023-01-20T12:33:33+00:00\" \/>\n<meta property=\"article:modified_time\" content=\"2023-01-25T16:04:33+00:00\" \/>\n<meta property=\"og:image\" content=\"https:\/\/www.iemj.org\/wp-content\/uploads\/2023\/01\/Logo-Video.jpg\" \/>\n\t<meta property=\"og:image:width\" content=\"500\" \/>\n\t<meta property=\"og:image:height\" content=\"500\" \/>\n\t<meta property=\"og:image:type\" content=\"image\/jpeg\" \/>\n<meta name=\"author\" content=\"Jacqueline ROTEN\" \/>\n<meta name=\"twitter:card\" content=\"summary_large_image\" \/>\n<meta name=\"twitter:label1\" content=\"Verfasst von\" \/>\n\t<meta name=\"twitter:data1\" content=\"Jacqueline ROTEN\" \/>\n\t<meta name=\"twitter:label2\" content=\"Gesch\u00e4tzte Lesezeit\" \/>\n\t<meta name=\"twitter:data2\" content=\"1\u00a0Minute\" \/>\n<script type=\"application\/ld+json\" class=\"yoast-schema-graph\">{\"@context\":\"https:\\\/\\\/schema.org\",\"@graph\":[{\"@type\":\"Article\",\"@id\":\"https:\\\/\\\/www.iemj.org\\\/de\\\/jacinta-entre-chansons-yiddish-judeo-espagnole-et-tango\\\/#article\",\"isPartOf\":{\"@id\":\"https:\\\/\\\/www.iemj.org\\\/de\\\/jacinta-entre-chansons-yiddish-judeo-espagnole-et-tango\\\/\"},\"author\":{\"name\":\"Jacqueline ROTEN\",\"@id\":\"https:\\\/\\\/www.iemj.org\\\/de\\\/#\\\/schema\\\/person\\\/358e26c18aca017fcc4cc15437f7279c\"},\"headline\":\"JACINTA, ZWISCHEN JIDDISCHEN, J\u00dcDISCH-SPANISCHEN LIEDERN UND TANGO\",\"datePublished\":\"2023-01-20T12:33:33+00:00\",\"dateModified\":\"2023-01-25T16:04:33+00:00\",\"mainEntityOfPage\":{\"@id\":\"https:\\\/\\\/www.iemj.org\\\/de\\\/jacinta-entre-chansons-yiddish-judeo-espagnole-et-tango\\\/\"},\"wordCount\":159,\"publisher\":{\"@id\":\"https:\\\/\\\/www.iemj.org\\\/de\\\/#organization\"},\"image\":{\"@id\":\"https:\\\/\\\/www.iemj.org\\\/de\\\/jacinta-entre-chansons-yiddish-judeo-espagnole-et-tango\\\/#primaryimage\"},\"thumbnailUrl\":\"https:\\\/\\\/www.iemj.org\\\/wp-content\\\/uploads\\\/2023\\\/01\\\/Logo-Video.jpg\",\"articleSection\":[\"Fernsehsendungen \\\/ Videos\"],\"inLanguage\":\"de\"},{\"@type\":\"WebPage\",\"@id\":\"https:\\\/\\\/www.iemj.org\\\/de\\\/jacinta-entre-chansons-yiddish-judeo-espagnole-et-tango\\\/\",\"url\":\"https:\\\/\\\/www.iemj.org\\\/de\\\/jacinta-entre-chansons-yiddish-judeo-espagnole-et-tango\\\/\",\"name\":\"JACINTA, ZWISCHEN JIDDISCHEN, J\u00dcDISCH-SPANISCHEN LIEDERN UND TANGO - Institut Europ\u00e9en des Musiques Juives\",\"isPartOf\":{\"@id\":\"https:\\\/\\\/www.iemj.org\\\/de\\\/#website\"},\"primaryImageOfPage\":{\"@id\":\"https:\\\/\\\/www.iemj.org\\\/de\\\/jacinta-entre-chansons-yiddish-judeo-espagnole-et-tango\\\/#primaryimage\"},\"image\":{\"@id\":\"https:\\\/\\\/www.iemj.org\\\/de\\\/jacinta-entre-chansons-yiddish-judeo-espagnole-et-tango\\\/#primaryimage\"},\"thumbnailUrl\":\"https:\\\/\\\/www.iemj.org\\\/wp-content\\\/uploads\\\/2023\\\/01\\\/Logo-Video.jpg\",\"datePublished\":\"2023-01-20T12:33:33+00:00\",\"dateModified\":\"2023-01-25T16:04:33+00:00\",\"breadcrumb\":{\"@id\":\"https:\\\/\\\/www.iemj.org\\\/de\\\/jacinta-entre-chansons-yiddish-judeo-espagnole-et-tango\\\/#breadcrumb\"},\"inLanguage\":\"de\",\"potentialAction\":[{\"@type\":\"ReadAction\",\"target\":[\"https:\\\/\\\/www.iemj.org\\\/de\\\/jacinta-entre-chansons-yiddish-judeo-espagnole-et-tango\\\/\"]}]},{\"@type\":\"ImageObject\",\"inLanguage\":\"de\",\"@id\":\"https:\\\/\\\/www.iemj.org\\\/de\\\/jacinta-entre-chansons-yiddish-judeo-espagnole-et-tango\\\/#primaryimage\",\"url\":\"https:\\\/\\\/www.iemj.org\\\/wp-content\\\/uploads\\\/2023\\\/01\\\/Logo-Video.jpg\",\"contentUrl\":\"https:\\\/\\\/www.iemj.org\\\/wp-content\\\/uploads\\\/2023\\\/01\\\/Logo-Video.jpg\",\"width\":500,\"height\":500},{\"@type\":\"BreadcrumbList\",\"@id\":\"https:\\\/\\\/www.iemj.org\\\/de\\\/jacinta-entre-chansons-yiddish-judeo-espagnole-et-tango\\\/#breadcrumb\",\"itemListElement\":[{\"@type\":\"ListItem\",\"position\":1,\"name\":\"Accueil\",\"item\":\"https:\\\/\\\/www.iemj.org\\\/de\\\/\"},{\"@type\":\"ListItem\",\"position\":2,\"name\":\"JACINTA, ZWISCHEN JIDDISCHEN, J\u00dcDISCH-SPANISCHEN LIEDERN UND TANGO\"}]},{\"@type\":\"WebSite\",\"@id\":\"https:\\\/\\\/www.iemj.org\\\/de\\\/#website\",\"url\":\"https:\\\/\\\/www.iemj.org\\\/de\\\/\",\"name\":\"Institut Europ\u00e9en des Musiques Juives\",\"description\":\"Des traditions musicales \u00e0 la port\u00e9e de tous\",\"publisher\":{\"@id\":\"https:\\\/\\\/www.iemj.org\\\/de\\\/#organization\"},\"potentialAction\":[{\"@type\":\"SearchAction\",\"target\":{\"@type\":\"EntryPoint\",\"urlTemplate\":\"https:\\\/\\\/www.iemj.org\\\/de\\\/?s={search_term_string}\"},\"query-input\":{\"@type\":\"PropertyValueSpecification\",\"valueRequired\":true,\"valueName\":\"search_term_string\"}}],\"inLanguage\":\"de\"},{\"@type\":\"Organization\",\"@id\":\"https:\\\/\\\/www.iemj.org\\\/de\\\/#organization\",\"name\":\"Institut Europ\u00e9en des Musiques Juives\",\"url\":\"https:\\\/\\\/www.iemj.org\\\/de\\\/\",\"logo\":{\"@type\":\"ImageObject\",\"inLanguage\":\"de\",\"@id\":\"https:\\\/\\\/www.iemj.org\\\/de\\\/#\\\/schema\\\/logo\\\/image\\\/\",\"url\":\"https:\\\/\\\/www.iemj.org\\\/wp-content\\\/uploads\\\/2021\\\/09\\\/Logo-IEMJ-Paypal.jpg\",\"contentUrl\":\"https:\\\/\\\/www.iemj.org\\\/wp-content\\\/uploads\\\/2021\\\/09\\\/Logo-IEMJ-Paypal.jpg\",\"width\":150,\"height\":50,\"caption\":\"Institut Europ\u00e9en des Musiques Juives\"},\"image\":{\"@id\":\"https:\\\/\\\/www.iemj.org\\\/de\\\/#\\\/schema\\\/logo\\\/image\\\/\"},\"sameAs\":[\"https:\\\/\\\/www.facebook.com\\\/MusiquesJuives\\\/\",\"https:\\\/\\\/www.instagram.com\\\/musiquesjuives\\\/\",\"https:\\\/\\\/www.youtube.com\\\/user\\\/musiquesjuives\"]},{\"@type\":\"Person\",\"@id\":\"https:\\\/\\\/www.iemj.org\\\/de\\\/#\\\/schema\\\/person\\\/358e26c18aca017fcc4cc15437f7279c\",\"name\":\"Jacqueline ROTEN\",\"image\":{\"@type\":\"ImageObject\",\"inLanguage\":\"de\",\"@id\":\"https:\\\/\\\/secure.gravatar.com\\\/avatar\\\/5964256d6c6957de3a3505278957e0fb2a35119ac47ea41827a65301213c810b?s=96&d=mm&r=g\",\"url\":\"https:\\\/\\\/secure.gravatar.com\\\/avatar\\\/5964256d6c6957de3a3505278957e0fb2a35119ac47ea41827a65301213c810b?s=96&d=mm&r=g\",\"contentUrl\":\"https:\\\/\\\/secure.gravatar.com\\\/avatar\\\/5964256d6c6957de3a3505278957e0fb2a35119ac47ea41827a65301213c810b?s=96&d=mm&r=g\",\"caption\":\"Jacqueline ROTEN\"}}]}<\/script>\n<!-- \/ Yoast SEO plugin. -->","yoast_head_json":{"title":"JACINTA, ZWISCHEN JIDDISCHEN, J\u00dcDISCH-SPANISCHEN LIEDERN UND TANGO - Institut Europ\u00e9en des Musiques Juives","robots":{"index":"index","follow":"follow","max-snippet":"max-snippet:-1","max-image-preview":"max-image-preview:large","max-video-preview":"max-video-preview:-1"},"canonical":"https:\/\/www.iemj.org\/de\/jacinta-entre-chansons-yiddish-judeo-espagnole-et-tango\/","og_locale":"de_DE","og_type":"article","og_title":"JACINTA, ZWISCHEN JIDDISCHEN, J\u00dcDISCH-SPANISCHEN LIEDERN UND TANGO - Institut Europ\u00e9en des Musiques Juives","og_description":"Dieses zweiteilige Interview mit Jacinta, das am 22. Mai 2022 aufgenommen wurde, zeichnet das Leben dieser facettenreichen K\u00fcnstlerin nach, von ihrer Kindheit in Argentinien in den 1950er Jahren, ihrer Ankunft","og_url":"https:\/\/www.iemj.org\/de\/jacinta-entre-chansons-yiddish-judeo-espagnole-et-tango\/","og_site_name":"Institut Europ\u00e9en des Musiques Juives","article_publisher":"https:\/\/www.facebook.com\/MusiquesJuives\/","article_published_time":"2023-01-20T12:33:33+00:00","article_modified_time":"2023-01-25T16:04:33+00:00","og_image":[{"width":500,"height":500,"url":"https:\/\/www.iemj.org\/wp-content\/uploads\/2023\/01\/Logo-Video.jpg","type":"image\/jpeg"}],"author":"Jacqueline ROTEN","twitter_card":"summary_large_image","twitter_misc":{"Verfasst von":"Jacqueline ROTEN","Gesch\u00e4tzte Lesezeit":"1\u00a0Minute"},"schema":{"@context":"https:\/\/schema.org","@graph":[{"@type":"Article","@id":"https:\/\/www.iemj.org\/de\/jacinta-entre-chansons-yiddish-judeo-espagnole-et-tango\/#article","isPartOf":{"@id":"https:\/\/www.iemj.org\/de\/jacinta-entre-chansons-yiddish-judeo-espagnole-et-tango\/"},"author":{"name":"Jacqueline ROTEN","@id":"https:\/\/www.iemj.org\/de\/#\/schema\/person\/358e26c18aca017fcc4cc15437f7279c"},"headline":"JACINTA, ZWISCHEN JIDDISCHEN, J\u00dcDISCH-SPANISCHEN LIEDERN UND TANGO","datePublished":"2023-01-20T12:33:33+00:00","dateModified":"2023-01-25T16:04:33+00:00","mainEntityOfPage":{"@id":"https:\/\/www.iemj.org\/de\/jacinta-entre-chansons-yiddish-judeo-espagnole-et-tango\/"},"wordCount":159,"publisher":{"@id":"https:\/\/www.iemj.org\/de\/#organization"},"image":{"@id":"https:\/\/www.iemj.org\/de\/jacinta-entre-chansons-yiddish-judeo-espagnole-et-tango\/#primaryimage"},"thumbnailUrl":"https:\/\/www.iemj.org\/wp-content\/uploads\/2023\/01\/Logo-Video.jpg","articleSection":["Fernsehsendungen \/ Videos"],"inLanguage":"de"},{"@type":"WebPage","@id":"https:\/\/www.iemj.org\/de\/jacinta-entre-chansons-yiddish-judeo-espagnole-et-tango\/","url":"https:\/\/www.iemj.org\/de\/jacinta-entre-chansons-yiddish-judeo-espagnole-et-tango\/","name":"JACINTA, ZWISCHEN JIDDISCHEN, J\u00dcDISCH-SPANISCHEN LIEDERN UND TANGO - Institut Europ\u00e9en des Musiques Juives","isPartOf":{"@id":"https:\/\/www.iemj.org\/de\/#website"},"primaryImageOfPage":{"@id":"https:\/\/www.iemj.org\/de\/jacinta-entre-chansons-yiddish-judeo-espagnole-et-tango\/#primaryimage"},"image":{"@id":"https:\/\/www.iemj.org\/de\/jacinta-entre-chansons-yiddish-judeo-espagnole-et-tango\/#primaryimage"},"thumbnailUrl":"https:\/\/www.iemj.org\/wp-content\/uploads\/2023\/01\/Logo-Video.jpg","datePublished":"2023-01-20T12:33:33+00:00","dateModified":"2023-01-25T16:04:33+00:00","breadcrumb":{"@id":"https:\/\/www.iemj.org\/de\/jacinta-entre-chansons-yiddish-judeo-espagnole-et-tango\/#breadcrumb"},"inLanguage":"de","potentialAction":[{"@type":"ReadAction","target":["https:\/\/www.iemj.org\/de\/jacinta-entre-chansons-yiddish-judeo-espagnole-et-tango\/"]}]},{"@type":"ImageObject","inLanguage":"de","@id":"https:\/\/www.iemj.org\/de\/jacinta-entre-chansons-yiddish-judeo-espagnole-et-tango\/#primaryimage","url":"https:\/\/www.iemj.org\/wp-content\/uploads\/2023\/01\/Logo-Video.jpg","contentUrl":"https:\/\/www.iemj.org\/wp-content\/uploads\/2023\/01\/Logo-Video.jpg","width":500,"height":500},{"@type":"BreadcrumbList","@id":"https:\/\/www.iemj.org\/de\/jacinta-entre-chansons-yiddish-judeo-espagnole-et-tango\/#breadcrumb","itemListElement":[{"@type":"ListItem","position":1,"name":"Accueil","item":"https:\/\/www.iemj.org\/de\/"},{"@type":"ListItem","position":2,"name":"JACINTA, ZWISCHEN JIDDISCHEN, J\u00dcDISCH-SPANISCHEN LIEDERN UND TANGO"}]},{"@type":"WebSite","@id":"https:\/\/www.iemj.org\/de\/#website","url":"https:\/\/www.iemj.org\/de\/","name":"Institut Europ\u00e9en des Musiques Juives","description":"Des traditions musicales \u00e0 la port\u00e9e de tous","publisher":{"@id":"https:\/\/www.iemj.org\/de\/#organization"},"potentialAction":[{"@type":"SearchAction","target":{"@type":"EntryPoint","urlTemplate":"https:\/\/www.iemj.org\/de\/?s={search_term_string}"},"query-input":{"@type":"PropertyValueSpecification","valueRequired":true,"valueName":"search_term_string"}}],"inLanguage":"de"},{"@type":"Organization","@id":"https:\/\/www.iemj.org\/de\/#organization","name":"Institut Europ\u00e9en des Musiques Juives","url":"https:\/\/www.iemj.org\/de\/","logo":{"@type":"ImageObject","inLanguage":"de","@id":"https:\/\/www.iemj.org\/de\/#\/schema\/logo\/image\/","url":"https:\/\/www.iemj.org\/wp-content\/uploads\/2021\/09\/Logo-IEMJ-Paypal.jpg","contentUrl":"https:\/\/www.iemj.org\/wp-content\/uploads\/2021\/09\/Logo-IEMJ-Paypal.jpg","width":150,"height":50,"caption":"Institut Europ\u00e9en des Musiques Juives"},"image":{"@id":"https:\/\/www.iemj.org\/de\/#\/schema\/logo\/image\/"},"sameAs":["https:\/\/www.facebook.com\/MusiquesJuives\/","https:\/\/www.instagram.com\/musiquesjuives\/","https:\/\/www.youtube.com\/user\/musiquesjuives"]},{"@type":"Person","@id":"https:\/\/www.iemj.org\/de\/#\/schema\/person\/358e26c18aca017fcc4cc15437f7279c","name":"Jacqueline ROTEN","image":{"@type":"ImageObject","inLanguage":"de","@id":"https:\/\/secure.gravatar.com\/avatar\/5964256d6c6957de3a3505278957e0fb2a35119ac47ea41827a65301213c810b?s=96&d=mm&r=g","url":"https:\/\/secure.gravatar.com\/avatar\/5964256d6c6957de3a3505278957e0fb2a35119ac47ea41827a65301213c810b?s=96&d=mm&r=g","contentUrl":"https:\/\/secure.gravatar.com\/avatar\/5964256d6c6957de3a3505278957e0fb2a35119ac47ea41827a65301213c810b?s=96&d=mm&r=g","caption":"Jacqueline ROTEN"}}]}},"_links":{"self":[{"href":"https:\/\/www.iemj.org\/de\/wp-json\/wp\/v2\/posts\/93007","targetHints":{"allow":["GET"]}}],"collection":[{"href":"https:\/\/www.iemj.org\/de\/wp-json\/wp\/v2\/posts"}],"about":[{"href":"https:\/\/www.iemj.org\/de\/wp-json\/wp\/v2\/types\/post"}],"author":[{"embeddable":true,"href":"https:\/\/www.iemj.org\/de\/wp-json\/wp\/v2\/users\/5"}],"replies":[{"embeddable":true,"href":"https:\/\/www.iemj.org\/de\/wp-json\/wp\/v2\/comments?post=93007"}],"version-history":[{"count":0,"href":"https:\/\/www.iemj.org\/de\/wp-json\/wp\/v2\/posts\/93007\/revisions"}],"wp:featuredmedia":[{"embeddable":true,"href":"https:\/\/www.iemj.org\/de\/wp-json\/wp\/v2\/media\/92768"}],"wp:attachment":[{"href":"https:\/\/www.iemj.org\/de\/wp-json\/wp\/v2\/media?parent=93007"}],"wp:term":[{"taxonomy":"category","embeddable":true,"href":"https:\/\/www.iemj.org\/de\/wp-json\/wp\/v2\/categories?post=93007"},{"taxonomy":"post_tag","embeddable":true,"href":"https:\/\/www.iemj.org\/de\/wp-json\/wp\/v2\/tags?post=93007"},{"taxonomy":"technique","embeddable":true,"href":"https:\/\/www.iemj.org\/de\/wp-json\/wp\/v2\/technique?post=93007"},{"taxonomy":"squelettes","embeddable":true,"href":"https:\/\/www.iemj.org\/de\/wp-json\/wp\/v2\/squelettes?post=93007"},{"taxonomy":"sujet","embeddable":true,"href":"https:\/\/www.iemj.org\/de\/wp-json\/wp\/v2\/sujet?post=93007"},{"taxonomy":"formation","embeddable":true,"href":"https:\/\/www.iemj.org\/de\/wp-json\/wp\/v2\/formation?post=93007"},{"taxonomy":"genre","embeddable":true,"href":"https:\/\/www.iemj.org\/de\/wp-json\/wp\/v2\/genre?post=93007"},{"taxonomy":"fonds","embeddable":true,"href":"https:\/\/www.iemj.org\/de\/wp-json\/wp\/v2\/fonds?post=93007"},{"taxonomy":"tradition","embeddable":true,"href":"https:\/\/www.iemj.org\/de\/wp-json\/wp\/v2\/tradition?post=93007"},{"taxonomy":"type-de-contenu","embeddable":true,"href":"https:\/\/www.iemj.org\/de\/wp-json\/wp\/v2\/type-de-contenu?post=93007"},{"taxonomy":"interprete-compositeur","embeddable":true,"href":"https:\/\/www.iemj.org\/de\/wp-json\/wp\/v2\/interprete-compositeur?post=93007"},{"taxonomy":"frise","embeddable":true,"href":"https:\/\/www.iemj.org\/de\/wp-json\/wp\/v2\/frise?post=93007"},{"taxonomy":"type-devenement","embeddable":true,"href":"https:\/\/www.iemj.org\/de\/wp-json\/wp\/v2\/type-devenement?post=93007"},{"taxonomy":"tableaux-liens-externes","embeddable":true,"href":"https:\/\/www.iemj.org\/de\/wp-json\/wp\/v2\/tableaux-liens-externes?post=93007"}],"curies":[{"name":"wp","href":"https:\/\/api.w.org\/{rel}","templated":true}]}}