{"id":93312,"date":"2011-04-14T19:37:11","date_gmt":"2011-04-14T17:37:11","guid":{"rendered":"https:\/\/www.iemj.org\/concert-liturgique-en-hommage-a-shalom-berlinski\/"},"modified":"2023-12-13T09:53:31","modified_gmt":"2023-12-13T08:53:31","slug":"concert-liturgique-en-hommage-a-shalom-berlinski","status":"publish","type":"post","link":"https:\/\/www.iemj.org\/de\/concert-liturgique-en-hommage-a-shalom-berlinski\/","title":{"rendered":"LITURGISCHES KONZERT zu ehren von SHALOM BERLINSKI"},"content":{"rendered":"<p>Union lib\u00e9rale isra\u00e9lite de France, 24 rue Copernic &#8211; 75116 Paris.<\/p>\n<p>M\u00e9tro : Boissi\u00e8re oder Victor Hugo<\/p>\n<h3><!--more--><\/h3>\n<p><strong>Sehen Sie sich das Konzert unten an<\/strong><\/p>\n<p>Das Centre Fran\u00e7ais des Musiques Juives (Franz\u00f6sisches Zentrum f\u00fcr j\u00fcdische Musik) und die Fondation du juda\u00efsme Fran\u00e7ais (Stiftung des franz\u00f6sischen Judentums) haben sich mit den vier liberalen Gemeinden von Paris zusammengeschlossen, um Shalom Berlinski (1918-2008) zu ehren, der von 1948 bis 1979 Erster Kantor der Gro\u00dfen Synagoge de la Victoire (Paris) war.<\/p>\n<p>Zu diesem Anlass haben die Kantoren Adolphe Attia, Amand Benhamou und Ren\u00e9 Jasner Werke von Samuel David, Emile Jonas, Louis Lewandowski, L\u00e9on Algazi&#8230; vorgetragen, und wurden vom Chorensemble Copernic unter der Leitung von Itai Daniel und Nicole Wiener an der Orgel begleitet.<\/p>\n\n\n<figure class=\"wp-block-video\"><video height=\"576\" style=\"aspect-ratio: 720 \/ 576;\" width=\"720\" controls poster=\"https:\/\/www.iemj.org\/wp-content\/uploads\/2011\/04\/Concert-Berlinski.png\" src=\"https:\/\/www.iemj.org\/wp-content\/uploads\/2021\/10\/Concert-hommage-Berlinski-comp.mp4\"><\/video><figcaption class=\"wp-element-caption\"><strong><strong>Konzert als Hommage an Berlinski<\/strong><\/strong><br><strong><strong>Ausz\u00fcge<\/strong>:<br>Baruch Haba&nbsp;<\/strong>\u2013 Chorensemble Copernic<strong><br>MimeKomcho<\/strong>&nbsp;\u2013 Ren\u00e9 Jasner<strong><br>Ouvemoukha Iomar<\/strong>&nbsp;\u2013 Armand Benhamou &amp; Chorensemble Copernic<strong><br>A\u2019hot Ketana<\/strong>&nbsp;\u2013 Adolphe Attia<strong><br>Adirei<\/strong>&nbsp;\u2013 Adolphe Attia &amp; Chorensemble Copernic<strong><br>Zacharti<\/strong>&nbsp;\u2013 Ren\u00e9 Jasner, Armand Benhamou<strong><br>Sim Schalom&nbsp;<\/strong>\u2013 Adolphe Attia, Armand Benhamou, Ren\u00e9 Jasner &amp; Chorensemble Copernic<\/figcaption><\/figure>\n","protected":false},"excerpt":{"rendered":"<p>Union lib\u00e9rale isra\u00e9lite de France, 24 rue Copernic &#8211; 75116 Paris. M\u00e9tro : Boissi\u00e8re oder Victor Hugo<\/p>\n","protected":false},"author":1047,"featured_media":93313,"comment_status":"closed","ping_status":"open","sticky":false,"template":"","format":"standard","meta":{"_acf_changed":false,"footnotes":""},"categories":[1516],"tags":[],"technique":[],"squelettes":[],"sujet":[],"formation":[],"genre":[],"fonds":[],"tradition":[],"type-de-contenu":[],"interprete-compositeur":[],"frise":[],"type-devenement":[],"tableaux-liens-externes":[],"class_list":["post-93312","post","type-post","status-publish","format-standard","has-post-thumbnail","hentry","category-konzerte-film-de"],"acf":[],"yoast_head":"<!-- This site is optimized with the Yoast SEO plugin v27.3 - https:\/\/yoast.com\/product\/yoast-seo-wordpress\/ -->\n<title>LITURGISCHES KONZERT zu ehren von SHALOM BERLINSKI - Institut Europ\u00e9en des Musiques Juives<\/title>\n<meta name=\"robots\" content=\"index, follow, max-snippet:-1, max-image-preview:large, max-video-preview:-1\" \/>\n<link rel=\"canonical\" href=\"https:\/\/www.iemj.org\/de\/concert-liturgique-en-hommage-a-shalom-berlinski\/\" \/>\n<meta property=\"og:locale\" content=\"de_DE\" \/>\n<meta property=\"og:type\" content=\"article\" \/>\n<meta property=\"og:title\" content=\"LITURGISCHES KONZERT zu ehren von SHALOM BERLINSKI - Institut Europ\u00e9en des Musiques Juives\" \/>\n<meta property=\"og:description\" content=\"Union lib\u00e9rale isra\u00e9lite de France, 24 rue Copernic &#8211; 75116 Paris. M\u00e9tro : Boissi\u00e8re oder Victor Hugo\" \/>\n<meta property=\"og:url\" content=\"https:\/\/www.iemj.org\/de\/concert-liturgique-en-hommage-a-shalom-berlinski\/\" \/>\n<meta property=\"og:site_name\" content=\"Institut Europ\u00e9en des Musiques Juives\" \/>\n<meta property=\"article:publisher\" content=\"https:\/\/www.facebook.com\/MusiquesJuives\/\" \/>\n<meta property=\"article:published_time\" content=\"2011-04-14T17:37:11+00:00\" \/>\n<meta property=\"article:modified_time\" content=\"2023-12-13T08:53:31+00:00\" \/>\n<meta property=\"og:image\" content=\"https:\/\/www.iemj.org\/wp-content\/uploads\/2011\/04\/arton170.jpg\" \/>\n\t<meta property=\"og:image:width\" content=\"1476\" \/>\n\t<meta property=\"og:image:height\" content=\"1263\" \/>\n\t<meta property=\"og:image:type\" content=\"image\/jpeg\" \/>\n<meta name=\"author\" content=\"Nicolas Fevre\" \/>\n<meta name=\"twitter:card\" content=\"summary_large_image\" \/>\n<meta name=\"twitter:label1\" content=\"Verfasst von\" \/>\n\t<meta name=\"twitter:data1\" content=\"Nicolas Fevre\" \/>\n\t<meta name=\"twitter:label2\" content=\"Gesch\u00e4tzte Lesezeit\" \/>\n\t<meta name=\"twitter:data2\" content=\"2\u00a0Minuten\" \/>\n<script type=\"application\/ld+json\" class=\"yoast-schema-graph\">{\"@context\":\"https:\\\/\\\/schema.org\",\"@graph\":[{\"@type\":\"Article\",\"@id\":\"https:\\\/\\\/www.iemj.org\\\/de\\\/concert-liturgique-en-hommage-a-shalom-berlinski\\\/#article\",\"isPartOf\":{\"@id\":\"https:\\\/\\\/www.iemj.org\\\/de\\\/concert-liturgique-en-hommage-a-shalom-berlinski\\\/\"},\"author\":{\"name\":\"Nicolas Fevre\",\"@id\":\"https:\\\/\\\/www.iemj.org\\\/de\\\/#\\\/schema\\\/person\\\/0dfc8632809ec10c9e7d4daf4f4b9f1c\"},\"headline\":\"LITURGISCHES KONZERT zu ehren von SHALOM BERLINSKI\",\"datePublished\":\"2011-04-14T17:37:11+00:00\",\"dateModified\":\"2023-12-13T08:53:31+00:00\",\"mainEntityOfPage\":{\"@id\":\"https:\\\/\\\/www.iemj.org\\\/de\\\/concert-liturgique-en-hommage-a-shalom-berlinski\\\/\"},\"wordCount\":188,\"publisher\":{\"@id\":\"https:\\\/\\\/www.iemj.org\\\/de\\\/#organization\"},\"image\":{\"@id\":\"https:\\\/\\\/www.iemj.org\\\/de\\\/concert-liturgique-en-hommage-a-shalom-berlinski\\\/#primaryimage\"},\"thumbnailUrl\":\"https:\\\/\\\/www.iemj.org\\\/wp-content\\\/uploads\\\/2011\\\/04\\\/arton170.jpg\",\"articleSection\":[\"Konzerte\"],\"inLanguage\":\"de\"},{\"@type\":\"WebPage\",\"@id\":\"https:\\\/\\\/www.iemj.org\\\/de\\\/concert-liturgique-en-hommage-a-shalom-berlinski\\\/\",\"url\":\"https:\\\/\\\/www.iemj.org\\\/de\\\/concert-liturgique-en-hommage-a-shalom-berlinski\\\/\",\"name\":\"LITURGISCHES KONZERT zu ehren von SHALOM BERLINSKI - Institut Europ\u00e9en des Musiques Juives\",\"isPartOf\":{\"@id\":\"https:\\\/\\\/www.iemj.org\\\/de\\\/#website\"},\"primaryImageOfPage\":{\"@id\":\"https:\\\/\\\/www.iemj.org\\\/de\\\/concert-liturgique-en-hommage-a-shalom-berlinski\\\/#primaryimage\"},\"image\":{\"@id\":\"https:\\\/\\\/www.iemj.org\\\/de\\\/concert-liturgique-en-hommage-a-shalom-berlinski\\\/#primaryimage\"},\"thumbnailUrl\":\"https:\\\/\\\/www.iemj.org\\\/wp-content\\\/uploads\\\/2011\\\/04\\\/arton170.jpg\",\"datePublished\":\"2011-04-14T17:37:11+00:00\",\"dateModified\":\"2023-12-13T08:53:31+00:00\",\"breadcrumb\":{\"@id\":\"https:\\\/\\\/www.iemj.org\\\/de\\\/concert-liturgique-en-hommage-a-shalom-berlinski\\\/#breadcrumb\"},\"inLanguage\":\"de\",\"potentialAction\":[{\"@type\":\"ReadAction\",\"target\":[\"https:\\\/\\\/www.iemj.org\\\/de\\\/concert-liturgique-en-hommage-a-shalom-berlinski\\\/\"]}]},{\"@type\":\"ImageObject\",\"inLanguage\":\"de\",\"@id\":\"https:\\\/\\\/www.iemj.org\\\/de\\\/concert-liturgique-en-hommage-a-shalom-berlinski\\\/#primaryimage\",\"url\":\"https:\\\/\\\/www.iemj.org\\\/wp-content\\\/uploads\\\/2011\\\/04\\\/arton170.jpg\",\"contentUrl\":\"https:\\\/\\\/www.iemj.org\\\/wp-content\\\/uploads\\\/2011\\\/04\\\/arton170.jpg\",\"width\":1476,\"height\":1263},{\"@type\":\"BreadcrumbList\",\"@id\":\"https:\\\/\\\/www.iemj.org\\\/de\\\/concert-liturgique-en-hommage-a-shalom-berlinski\\\/#breadcrumb\",\"itemListElement\":[{\"@type\":\"ListItem\",\"position\":1,\"name\":\"Accueil\",\"item\":\"https:\\\/\\\/www.iemj.org\\\/de\\\/\"},{\"@type\":\"ListItem\",\"position\":2,\"name\":\"LITURGISCHES KONZERT zu ehren von SHALOM BERLINSKI\"}]},{\"@type\":\"WebSite\",\"@id\":\"https:\\\/\\\/www.iemj.org\\\/de\\\/#website\",\"url\":\"https:\\\/\\\/www.iemj.org\\\/de\\\/\",\"name\":\"Institut Europ\u00e9en des Musiques Juives\",\"description\":\"Des traditions musicales \u00e0 la port\u00e9e de tous\",\"publisher\":{\"@id\":\"https:\\\/\\\/www.iemj.org\\\/de\\\/#organization\"},\"potentialAction\":[{\"@type\":\"SearchAction\",\"target\":{\"@type\":\"EntryPoint\",\"urlTemplate\":\"https:\\\/\\\/www.iemj.org\\\/de\\\/?s={search_term_string}\"},\"query-input\":{\"@type\":\"PropertyValueSpecification\",\"valueRequired\":true,\"valueName\":\"search_term_string\"}}],\"inLanguage\":\"de\"},{\"@type\":\"Organization\",\"@id\":\"https:\\\/\\\/www.iemj.org\\\/de\\\/#organization\",\"name\":\"Institut Europ\u00e9en des Musiques Juives\",\"url\":\"https:\\\/\\\/www.iemj.org\\\/de\\\/\",\"logo\":{\"@type\":\"ImageObject\",\"inLanguage\":\"de\",\"@id\":\"https:\\\/\\\/www.iemj.org\\\/de\\\/#\\\/schema\\\/logo\\\/image\\\/\",\"url\":\"https:\\\/\\\/www.iemj.org\\\/wp-content\\\/uploads\\\/2021\\\/09\\\/Logo-IEMJ-Paypal.jpg\",\"contentUrl\":\"https:\\\/\\\/www.iemj.org\\\/wp-content\\\/uploads\\\/2021\\\/09\\\/Logo-IEMJ-Paypal.jpg\",\"width\":150,\"height\":50,\"caption\":\"Institut Europ\u00e9en des Musiques Juives\"},\"image\":{\"@id\":\"https:\\\/\\\/www.iemj.org\\\/de\\\/#\\\/schema\\\/logo\\\/image\\\/\"},\"sameAs\":[\"https:\\\/\\\/www.facebook.com\\\/MusiquesJuives\\\/\",\"https:\\\/\\\/www.instagram.com\\\/musiquesjuives\\\/\",\"https:\\\/\\\/www.youtube.com\\\/user\\\/musiquesjuives\"]},{\"@type\":\"Person\",\"@id\":\"https:\\\/\\\/www.iemj.org\\\/de\\\/#\\\/schema\\\/person\\\/0dfc8632809ec10c9e7d4daf4f4b9f1c\",\"name\":\"Nicolas Fevre\",\"image\":{\"@type\":\"ImageObject\",\"inLanguage\":\"de\",\"@id\":\"https:\\\/\\\/secure.gravatar.com\\\/avatar\\\/d879fd262de3ba26caa7035b34c65f320aa09cf4c96889ac41d9325e287ccb7b?s=96&d=mm&r=g\",\"url\":\"https:\\\/\\\/secure.gravatar.com\\\/avatar\\\/d879fd262de3ba26caa7035b34c65f320aa09cf4c96889ac41d9325e287ccb7b?s=96&d=mm&r=g\",\"contentUrl\":\"https:\\\/\\\/secure.gravatar.com\\\/avatar\\\/d879fd262de3ba26caa7035b34c65f320aa09cf4c96889ac41d9325e287ccb7b?s=96&d=mm&r=g\",\"caption\":\"Nicolas Fevre\"}}]}<\/script>\n<!-- \/ Yoast SEO plugin. -->","yoast_head_json":{"title":"LITURGISCHES KONZERT zu ehren von SHALOM BERLINSKI - Institut Europ\u00e9en des Musiques Juives","robots":{"index":"index","follow":"follow","max-snippet":"max-snippet:-1","max-image-preview":"max-image-preview:large","max-video-preview":"max-video-preview:-1"},"canonical":"https:\/\/www.iemj.org\/de\/concert-liturgique-en-hommage-a-shalom-berlinski\/","og_locale":"de_DE","og_type":"article","og_title":"LITURGISCHES KONZERT zu ehren von SHALOM BERLINSKI - Institut Europ\u00e9en des Musiques Juives","og_description":"Union lib\u00e9rale isra\u00e9lite de France, 24 rue Copernic &#8211; 75116 Paris. M\u00e9tro : Boissi\u00e8re oder Victor Hugo","og_url":"https:\/\/www.iemj.org\/de\/concert-liturgique-en-hommage-a-shalom-berlinski\/","og_site_name":"Institut Europ\u00e9en des Musiques Juives","article_publisher":"https:\/\/www.facebook.com\/MusiquesJuives\/","article_published_time":"2011-04-14T17:37:11+00:00","article_modified_time":"2023-12-13T08:53:31+00:00","og_image":[{"width":1476,"height":1263,"url":"https:\/\/www.iemj.org\/wp-content\/uploads\/2011\/04\/arton170.jpg","type":"image\/jpeg"}],"author":"Nicolas Fevre","twitter_card":"summary_large_image","twitter_misc":{"Verfasst von":"Nicolas Fevre","Gesch\u00e4tzte Lesezeit":"2\u00a0Minuten"},"schema":{"@context":"https:\/\/schema.org","@graph":[{"@type":"Article","@id":"https:\/\/www.iemj.org\/de\/concert-liturgique-en-hommage-a-shalom-berlinski\/#article","isPartOf":{"@id":"https:\/\/www.iemj.org\/de\/concert-liturgique-en-hommage-a-shalom-berlinski\/"},"author":{"name":"Nicolas Fevre","@id":"https:\/\/www.iemj.org\/de\/#\/schema\/person\/0dfc8632809ec10c9e7d4daf4f4b9f1c"},"headline":"LITURGISCHES KONZERT zu ehren von SHALOM BERLINSKI","datePublished":"2011-04-14T17:37:11+00:00","dateModified":"2023-12-13T08:53:31+00:00","mainEntityOfPage":{"@id":"https:\/\/www.iemj.org\/de\/concert-liturgique-en-hommage-a-shalom-berlinski\/"},"wordCount":188,"publisher":{"@id":"https:\/\/www.iemj.org\/de\/#organization"},"image":{"@id":"https:\/\/www.iemj.org\/de\/concert-liturgique-en-hommage-a-shalom-berlinski\/#primaryimage"},"thumbnailUrl":"https:\/\/www.iemj.org\/wp-content\/uploads\/2011\/04\/arton170.jpg","articleSection":["Konzerte"],"inLanguage":"de"},{"@type":"WebPage","@id":"https:\/\/www.iemj.org\/de\/concert-liturgique-en-hommage-a-shalom-berlinski\/","url":"https:\/\/www.iemj.org\/de\/concert-liturgique-en-hommage-a-shalom-berlinski\/","name":"LITURGISCHES KONZERT zu ehren von SHALOM BERLINSKI - Institut Europ\u00e9en des Musiques Juives","isPartOf":{"@id":"https:\/\/www.iemj.org\/de\/#website"},"primaryImageOfPage":{"@id":"https:\/\/www.iemj.org\/de\/concert-liturgique-en-hommage-a-shalom-berlinski\/#primaryimage"},"image":{"@id":"https:\/\/www.iemj.org\/de\/concert-liturgique-en-hommage-a-shalom-berlinski\/#primaryimage"},"thumbnailUrl":"https:\/\/www.iemj.org\/wp-content\/uploads\/2011\/04\/arton170.jpg","datePublished":"2011-04-14T17:37:11+00:00","dateModified":"2023-12-13T08:53:31+00:00","breadcrumb":{"@id":"https:\/\/www.iemj.org\/de\/concert-liturgique-en-hommage-a-shalom-berlinski\/#breadcrumb"},"inLanguage":"de","potentialAction":[{"@type":"ReadAction","target":["https:\/\/www.iemj.org\/de\/concert-liturgique-en-hommage-a-shalom-berlinski\/"]}]},{"@type":"ImageObject","inLanguage":"de","@id":"https:\/\/www.iemj.org\/de\/concert-liturgique-en-hommage-a-shalom-berlinski\/#primaryimage","url":"https:\/\/www.iemj.org\/wp-content\/uploads\/2011\/04\/arton170.jpg","contentUrl":"https:\/\/www.iemj.org\/wp-content\/uploads\/2011\/04\/arton170.jpg","width":1476,"height":1263},{"@type":"BreadcrumbList","@id":"https:\/\/www.iemj.org\/de\/concert-liturgique-en-hommage-a-shalom-berlinski\/#breadcrumb","itemListElement":[{"@type":"ListItem","position":1,"name":"Accueil","item":"https:\/\/www.iemj.org\/de\/"},{"@type":"ListItem","position":2,"name":"LITURGISCHES KONZERT zu ehren von SHALOM BERLINSKI"}]},{"@type":"WebSite","@id":"https:\/\/www.iemj.org\/de\/#website","url":"https:\/\/www.iemj.org\/de\/","name":"Institut Europ\u00e9en des Musiques Juives","description":"Des traditions musicales \u00e0 la port\u00e9e de tous","publisher":{"@id":"https:\/\/www.iemj.org\/de\/#organization"},"potentialAction":[{"@type":"SearchAction","target":{"@type":"EntryPoint","urlTemplate":"https:\/\/www.iemj.org\/de\/?s={search_term_string}"},"query-input":{"@type":"PropertyValueSpecification","valueRequired":true,"valueName":"search_term_string"}}],"inLanguage":"de"},{"@type":"Organization","@id":"https:\/\/www.iemj.org\/de\/#organization","name":"Institut Europ\u00e9en des Musiques Juives","url":"https:\/\/www.iemj.org\/de\/","logo":{"@type":"ImageObject","inLanguage":"de","@id":"https:\/\/www.iemj.org\/de\/#\/schema\/logo\/image\/","url":"https:\/\/www.iemj.org\/wp-content\/uploads\/2021\/09\/Logo-IEMJ-Paypal.jpg","contentUrl":"https:\/\/www.iemj.org\/wp-content\/uploads\/2021\/09\/Logo-IEMJ-Paypal.jpg","width":150,"height":50,"caption":"Institut Europ\u00e9en des Musiques Juives"},"image":{"@id":"https:\/\/www.iemj.org\/de\/#\/schema\/logo\/image\/"},"sameAs":["https:\/\/www.facebook.com\/MusiquesJuives\/","https:\/\/www.instagram.com\/musiquesjuives\/","https:\/\/www.youtube.com\/user\/musiquesjuives"]},{"@type":"Person","@id":"https:\/\/www.iemj.org\/de\/#\/schema\/person\/0dfc8632809ec10c9e7d4daf4f4b9f1c","name":"Nicolas Fevre","image":{"@type":"ImageObject","inLanguage":"de","@id":"https:\/\/secure.gravatar.com\/avatar\/d879fd262de3ba26caa7035b34c65f320aa09cf4c96889ac41d9325e287ccb7b?s=96&d=mm&r=g","url":"https:\/\/secure.gravatar.com\/avatar\/d879fd262de3ba26caa7035b34c65f320aa09cf4c96889ac41d9325e287ccb7b?s=96&d=mm&r=g","contentUrl":"https:\/\/secure.gravatar.com\/avatar\/d879fd262de3ba26caa7035b34c65f320aa09cf4c96889ac41d9325e287ccb7b?s=96&d=mm&r=g","caption":"Nicolas Fevre"}}]}},"_links":{"self":[{"href":"https:\/\/www.iemj.org\/de\/wp-json\/wp\/v2\/posts\/93312","targetHints":{"allow":["GET"]}}],"collection":[{"href":"https:\/\/www.iemj.org\/de\/wp-json\/wp\/v2\/posts"}],"about":[{"href":"https:\/\/www.iemj.org\/de\/wp-json\/wp\/v2\/types\/post"}],"author":[{"embeddable":true,"href":"https:\/\/www.iemj.org\/de\/wp-json\/wp\/v2\/users\/1047"}],"replies":[{"embeddable":true,"href":"https:\/\/www.iemj.org\/de\/wp-json\/wp\/v2\/comments?post=93312"}],"version-history":[{"count":0,"href":"https:\/\/www.iemj.org\/de\/wp-json\/wp\/v2\/posts\/93312\/revisions"}],"wp:featuredmedia":[{"embeddable":true,"href":"https:\/\/www.iemj.org\/de\/wp-json\/wp\/v2\/media\/93313"}],"wp:attachment":[{"href":"https:\/\/www.iemj.org\/de\/wp-json\/wp\/v2\/media?parent=93312"}],"wp:term":[{"taxonomy":"category","embeddable":true,"href":"https:\/\/www.iemj.org\/de\/wp-json\/wp\/v2\/categories?post=93312"},{"taxonomy":"post_tag","embeddable":true,"href":"https:\/\/www.iemj.org\/de\/wp-json\/wp\/v2\/tags?post=93312"},{"taxonomy":"technique","embeddable":true,"href":"https:\/\/www.iemj.org\/de\/wp-json\/wp\/v2\/technique?post=93312"},{"taxonomy":"squelettes","embeddable":true,"href":"https:\/\/www.iemj.org\/de\/wp-json\/wp\/v2\/squelettes?post=93312"},{"taxonomy":"sujet","embeddable":true,"href":"https:\/\/www.iemj.org\/de\/wp-json\/wp\/v2\/sujet?post=93312"},{"taxonomy":"formation","embeddable":true,"href":"https:\/\/www.iemj.org\/de\/wp-json\/wp\/v2\/formation?post=93312"},{"taxonomy":"genre","embeddable":true,"href":"https:\/\/www.iemj.org\/de\/wp-json\/wp\/v2\/genre?post=93312"},{"taxonomy":"fonds","embeddable":true,"href":"https:\/\/www.iemj.org\/de\/wp-json\/wp\/v2\/fonds?post=93312"},{"taxonomy":"tradition","embeddable":true,"href":"https:\/\/www.iemj.org\/de\/wp-json\/wp\/v2\/tradition?post=93312"},{"taxonomy":"type-de-contenu","embeddable":true,"href":"https:\/\/www.iemj.org\/de\/wp-json\/wp\/v2\/type-de-contenu?post=93312"},{"taxonomy":"interprete-compositeur","embeddable":true,"href":"https:\/\/www.iemj.org\/de\/wp-json\/wp\/v2\/interprete-compositeur?post=93312"},{"taxonomy":"frise","embeddable":true,"href":"https:\/\/www.iemj.org\/de\/wp-json\/wp\/v2\/frise?post=93312"},{"taxonomy":"type-devenement","embeddable":true,"href":"https:\/\/www.iemj.org\/de\/wp-json\/wp\/v2\/type-devenement?post=93312"},{"taxonomy":"tableaux-liens-externes","embeddable":true,"href":"https:\/\/www.iemj.org\/de\/wp-json\/wp\/v2\/tableaux-liens-externes?post=93312"}],"curies":[{"name":"wp","href":"https:\/\/api.w.org\/{rel}","templated":true}]}}