{"id":93440,"date":"2023-02-01T16:35:13","date_gmt":"2023-02-01T15:35:13","guid":{"rendered":"https:\/\/www.iemj.org\/tsuzamen-sirba-octet\/"},"modified":"2025-10-19T17:49:41","modified_gmt":"2025-10-19T15:49:41","slug":"tsuzamen-sirba-octet","status":"publish","type":"post","link":"https:\/\/www.iemj.org\/de\/tsuzamen-sirba-octet\/","title":{"rendered":"Tsuzamen &#8211;\u00a0Sirba Octet"},"content":{"rendered":"<p><strong>Armenian, Yiddish and Gypsy Music<\/strong><br \/>Sirba Records, janvier 2023<\/p>\n<p><!--more--><\/p>\n<p>Tsuzamen (jiddisch f\u00fcr &#8222;Ensemble&#8220;) ist das siebte Album des <a href=\"https:\/\/www.iemj.org\/de\/sirba-octet-2\/\" target=\"_blank\" rel=\"noopener\">Sirba Octet<\/a>. Das Ensemble wurde 2003 von dem Geiger Richard Schmoucler gegr\u00fcndet, der klassische Musik mit traditioneller osteurop\u00e4ischer Musik verbinden wollte. So entstand ein besonderes musikalisches Universum, das Richard Schmouclerc als &#8222;Classic World&#8220; bezeichnet.<\/p>\n<p>Diese siebte CD, auf der die hervorragenden Musiker des Orchestre de Paris, der traditionelle Cimbalist Iurie Morar und die stets flammenden Arrangements von Cyrille Lehn zu h\u00f6ren sind, ist ein wahrer Genuss f\u00fcr den H\u00f6rer, der durch die Musik der Armenier, Juden und Roma reist: drei V\u00f6lker, die das Exil erlebt haben und deren Wege sich in ganz Europa ziehen und kreuzen.<\/p>\n<p>Urspr\u00fcnglich war Tsuzamen f\u00fcr eine gro\u00dfe Auff\u00fchrung konzipiert, bei der neben den acht Musikern des Ensembles auch ein Kinderchor mitwirken sollte. Der Kinderchor des Orchestre de Paris wurde so mit den Liedern dreier verschiedener Kulturen und Sprachen vertraut gemacht. In der jiddischen Musik begleitet der Gesang das Fest, die Rituale und rhythmisiert die Ereignisse des Lebens. Die armenische Musik, eine Mischung aus Volksmusik und geistlicher Musik, ruft Spiritualit\u00e4t, Philosophie und Lyrik hervor. Die Musik der Zigeuner weist eine gro\u00dfe Vielfalt an Formen, Quellen und Inhalten auf. Sie wurde von der Musik der Einheimischen gen\u00e4hrt, mit denen die Roma, Gitanos und Manouches in ihrem Nomadentum zusammenlebten.<\/p>\n<p>In der CD-Version fehlt leider der Chor, aber der Schwung und die Ausdruckspalette der Musiker lassen uns fr\u00f6hlich die Grenzen \u00fcberschreiten und erm\u00f6glichen es den Musikrichtungen &#8211; armenisch, j\u00fcdisch, Zigeuner -, sich in Rhythmen und Farben zu verbr\u00fcdern.<\/p>\n<p>Eine intensive und fesselnde Reise!<\/p>\n<p>Das Sirba Octet besteht aus:<br \/>Richard Schmoucler, Violine &amp; k\u00fcnstlerischer Leiter.<br \/>Laurent Manaud-Pallas, Violine<br \/>Gr\u00e9goire Vecchioni, Viola<br \/>Claude Giron, Violoncello<br \/>Bernard Cazauran, Kontrabass<br \/>Philippe Berrod, Klarinette<br \/>Christophe Henry, Klavier<br \/>Iurie Morar, Cimbalom<br \/>Cyrille Lehn, Arrangeur<\/p>\n<ul>\n<li><a href=\"https:\/\/www.sirbaoctet.com\/de\/disque\/tsuzamen\/\" target=\"_blank\" rel=\"noopener\">H\u00f6ren Sie sich die Radiosendung von Herv\u00e9 Roten an: Les chemins du klezmer: Sirba Octet ou la Classique World<\/a><\/li>\n<li><a href=\"https:\/\/www.sirbaoctet.com\/en\/\" target=\"_blank\" rel=\"noopener\">Besuchen Sie die Webseite des Sirba Octet<\/a><\/li>\n<li><a href=\"https:\/\/www.iemj.org\/darsteller-komponist\/sirba-octet-de\/\" target=\"_blank\" rel=\"noopener\">Entdecken Sie die anderen CDs des Sirba Octet auf der Website des IEMJ<\/a><\/li>\n<li><a href=\"https:\/\/www.sirbaoctet.com\/de\/disque\/tsuzamen\/\" target=\"_blank\" rel=\"noopener\">H\u00f6ren Sie sich die Radiosendung von Herv\u00e9 Roten an: Les chemins du klezmer: Sirba Octet ou la Classique World<\/a><\/li>\n<li><a href=\"https:\/\/www.iemj.org\/de\/concert-sirba-octet-2\/\" target=\"_blank\" rel=\"noopener\">Sehen Sie sich Videoausschnitte des Konzerts &#8222;Sirba Octet &#8211; A yiddishe Mame&#8220; an, das 2012 in der ULIF-Copernic-Synagoge stattfand<\/a>\u00a0 \u00a0\u00a0<\/li>\n<\/ul>\n\n\n<figure class=\"wp-block-embed is-provider-youtube wp-block-embed-youtube\"><div class=\"wp-block-embed__wrapper\">\n<iframe title=\"TSUZAMEN - Sirba Octet - Ch\u0153ur d\u2019enfants de l\u2019Orchestre de Paris (4K)\" width=\"640\" height=\"360\" src=\"https:\/\/www.youtube.com\/embed\/K4tnKFSlmFo?feature=oembed\" frameborder=\"0\" allow=\"accelerometer; autoplay; clipboard-write; encrypted-media; gyroscope; picture-in-picture; web-share\" referrerpolicy=\"strict-origin-when-cross-origin\" allowfullscreen><\/iframe> \n<\/div><\/figure>\n\n\n<div class=\"wp-block-image\">\n<figure class=\"aligncenter size-large\"><img fetchpriority=\"high\" decoding=\"async\" width=\"1024\" height=\"133\" src=\"https:\/\/www.iemj.org\/wp-content\/uploads\/2024\/03\/AUDIO-PLAYER-1024x133.png\" alt=\"\" class=\"wp-image-110606\" srcset=\"https:\/\/www.iemj.org\/wp-content\/uploads\/2024\/03\/AUDIO-PLAYER-1024x133.png 1024w, https:\/\/www.iemj.org\/wp-content\/uploads\/2024\/03\/AUDIO-PLAYER-300x39.png 300w, https:\/\/www.iemj.org\/wp-content\/uploads\/2024\/03\/AUDIO-PLAYER-768x100.png 768w, https:\/\/www.iemj.org\/wp-content\/uploads\/2024\/03\/AUDIO-PLAYER-600x78.png 600w, https:\/\/www.iemj.org\/wp-content\/uploads\/2024\/03\/AUDIO-PLAYER.png 1210w\" sizes=\"(max-width: 1024px) 100vw, 1024px\" \/><\/figure>\n<\/div>","protected":false},"excerpt":{"rendered":"<p>Armenian, Yiddish and Gypsy MusicSirba Records, janvier 2023<\/p>\n","protected":false},"author":5,"featured_media":93431,"comment_status":"closed","ping_status":"closed","sticky":false,"template":"","format":"standard","meta":{"_acf_changed":false,"footnotes":""},"categories":[1571,1561],"tags":[],"technique":[],"squelettes":[],"sujet":[],"formation":[],"genre":[1864],"fonds":[],"tradition":[],"type-de-contenu":[],"interprete-compositeur":[3303],"frise":[],"type-devenement":[],"tableaux-liens-externes":[],"class_list":["post-93440","post","type-post","status-publish","format-standard","has-post-thumbnail","hentry","category-cd-de","category-letzte-neuerwerbungen-de","genre-yiddish-de","interprete-compositeur-sirba-octet-de"],"acf":[],"yoast_head":"<!-- This site is optimized with the Yoast SEO plugin v27.3 - https:\/\/yoast.com\/product\/yoast-seo-wordpress\/ -->\n<title>Tsuzamen -\u00a0Sirba Octet - Institut Europ\u00e9en des Musiques Juives<\/title>\n<meta name=\"robots\" content=\"index, follow, max-snippet:-1, max-image-preview:large, max-video-preview:-1\" \/>\n<link rel=\"canonical\" href=\"https:\/\/www.iemj.org\/de\/tsuzamen-sirba-octet\/\" \/>\n<meta property=\"og:locale\" content=\"de_DE\" \/>\n<meta property=\"og:type\" content=\"article\" \/>\n<meta property=\"og:title\" content=\"Tsuzamen -\u00a0Sirba Octet - Institut Europ\u00e9en des Musiques Juives\" \/>\n<meta property=\"og:description\" content=\"Armenian, Yiddish and Gypsy MusicSirba Records, janvier 2023\" \/>\n<meta property=\"og:url\" content=\"https:\/\/www.iemj.org\/de\/tsuzamen-sirba-octet\/\" \/>\n<meta property=\"og:site_name\" content=\"Institut Europ\u00e9en des Musiques Juives\" \/>\n<meta property=\"article:publisher\" content=\"https:\/\/www.facebook.com\/MusiquesJuives\/\" \/>\n<meta property=\"article:published_time\" content=\"2023-02-01T15:35:13+00:00\" \/>\n<meta property=\"article:modified_time\" content=\"2025-10-19T15:49:41+00:00\" \/>\n<meta property=\"og:image\" content=\"https:\/\/www.iemj.org\/wp-content\/uploads\/2023\/02\/cover-440x440-1.jpg\" \/>\n\t<meta property=\"og:image:width\" content=\"440\" \/>\n\t<meta property=\"og:image:height\" content=\"440\" \/>\n\t<meta property=\"og:image:type\" content=\"image\/jpeg\" \/>\n<meta name=\"author\" content=\"Jacqueline ROTEN\" \/>\n<meta name=\"twitter:card\" content=\"summary_large_image\" \/>\n<meta name=\"twitter:label1\" content=\"Verfasst von\" \/>\n\t<meta name=\"twitter:data1\" content=\"Jacqueline ROTEN\" \/>\n\t<meta name=\"twitter:label2\" content=\"Gesch\u00e4tzte Lesezeit\" \/>\n\t<meta name=\"twitter:data2\" content=\"3\u00a0Minuten\" \/>\n<script type=\"application\/ld+json\" class=\"yoast-schema-graph\">{\"@context\":\"https:\\\/\\\/schema.org\",\"@graph\":[{\"@type\":\"Article\",\"@id\":\"https:\\\/\\\/www.iemj.org\\\/de\\\/tsuzamen-sirba-octet\\\/#article\",\"isPartOf\":{\"@id\":\"https:\\\/\\\/www.iemj.org\\\/de\\\/tsuzamen-sirba-octet\\\/\"},\"author\":{\"name\":\"Jacqueline ROTEN\",\"@id\":\"https:\\\/\\\/www.iemj.org\\\/de\\\/#\\\/schema\\\/person\\\/358e26c18aca017fcc4cc15437f7279c\"},\"headline\":\"Tsuzamen &#8211;\u00a0Sirba Octet\",\"datePublished\":\"2023-02-01T15:35:13+00:00\",\"dateModified\":\"2025-10-19T15:49:41+00:00\",\"mainEntityOfPage\":{\"@id\":\"https:\\\/\\\/www.iemj.org\\\/de\\\/tsuzamen-sirba-octet\\\/\"},\"wordCount\":395,\"publisher\":{\"@id\":\"https:\\\/\\\/www.iemj.org\\\/de\\\/#organization\"},\"image\":{\"@id\":\"https:\\\/\\\/www.iemj.org\\\/de\\\/tsuzamen-sirba-octet\\\/#primaryimage\"},\"thumbnailUrl\":\"https:\\\/\\\/www.iemj.org\\\/wp-content\\\/uploads\\\/2023\\\/02\\\/cover-440x440-1.jpg\",\"articleSection\":[\"CD\",\"Letzte Neuerwerbungen\"],\"inLanguage\":\"de\"},{\"@type\":\"WebPage\",\"@id\":\"https:\\\/\\\/www.iemj.org\\\/de\\\/tsuzamen-sirba-octet\\\/\",\"url\":\"https:\\\/\\\/www.iemj.org\\\/de\\\/tsuzamen-sirba-octet\\\/\",\"name\":\"Tsuzamen -\u00a0Sirba Octet - Institut Europ\u00e9en des Musiques Juives\",\"isPartOf\":{\"@id\":\"https:\\\/\\\/www.iemj.org\\\/de\\\/#website\"},\"primaryImageOfPage\":{\"@id\":\"https:\\\/\\\/www.iemj.org\\\/de\\\/tsuzamen-sirba-octet\\\/#primaryimage\"},\"image\":{\"@id\":\"https:\\\/\\\/www.iemj.org\\\/de\\\/tsuzamen-sirba-octet\\\/#primaryimage\"},\"thumbnailUrl\":\"https:\\\/\\\/www.iemj.org\\\/wp-content\\\/uploads\\\/2023\\\/02\\\/cover-440x440-1.jpg\",\"datePublished\":\"2023-02-01T15:35:13+00:00\",\"dateModified\":\"2025-10-19T15:49:41+00:00\",\"breadcrumb\":{\"@id\":\"https:\\\/\\\/www.iemj.org\\\/de\\\/tsuzamen-sirba-octet\\\/#breadcrumb\"},\"inLanguage\":\"de\",\"potentialAction\":[{\"@type\":\"ReadAction\",\"target\":[\"https:\\\/\\\/www.iemj.org\\\/de\\\/tsuzamen-sirba-octet\\\/\"]}]},{\"@type\":\"ImageObject\",\"inLanguage\":\"de\",\"@id\":\"https:\\\/\\\/www.iemj.org\\\/de\\\/tsuzamen-sirba-octet\\\/#primaryimage\",\"url\":\"https:\\\/\\\/www.iemj.org\\\/wp-content\\\/uploads\\\/2023\\\/02\\\/cover-440x440-1.jpg\",\"contentUrl\":\"https:\\\/\\\/www.iemj.org\\\/wp-content\\\/uploads\\\/2023\\\/02\\\/cover-440x440-1.jpg\",\"width\":440,\"height\":440},{\"@type\":\"BreadcrumbList\",\"@id\":\"https:\\\/\\\/www.iemj.org\\\/de\\\/tsuzamen-sirba-octet\\\/#breadcrumb\",\"itemListElement\":[{\"@type\":\"ListItem\",\"position\":1,\"name\":\"Accueil\",\"item\":\"https:\\\/\\\/www.iemj.org\\\/de\\\/\"},{\"@type\":\"ListItem\",\"position\":2,\"name\":\"Tsuzamen &#8211;\u00a0Sirba Octet\"}]},{\"@type\":\"WebSite\",\"@id\":\"https:\\\/\\\/www.iemj.org\\\/de\\\/#website\",\"url\":\"https:\\\/\\\/www.iemj.org\\\/de\\\/\",\"name\":\"Institut Europ\u00e9en des Musiques Juives\",\"description\":\"Des traditions musicales \u00e0 la port\u00e9e de tous\",\"publisher\":{\"@id\":\"https:\\\/\\\/www.iemj.org\\\/de\\\/#organization\"},\"potentialAction\":[{\"@type\":\"SearchAction\",\"target\":{\"@type\":\"EntryPoint\",\"urlTemplate\":\"https:\\\/\\\/www.iemj.org\\\/de\\\/?s={search_term_string}\"},\"query-input\":{\"@type\":\"PropertyValueSpecification\",\"valueRequired\":true,\"valueName\":\"search_term_string\"}}],\"inLanguage\":\"de\"},{\"@type\":\"Organization\",\"@id\":\"https:\\\/\\\/www.iemj.org\\\/de\\\/#organization\",\"name\":\"Institut Europ\u00e9en des Musiques Juives\",\"url\":\"https:\\\/\\\/www.iemj.org\\\/de\\\/\",\"logo\":{\"@type\":\"ImageObject\",\"inLanguage\":\"de\",\"@id\":\"https:\\\/\\\/www.iemj.org\\\/de\\\/#\\\/schema\\\/logo\\\/image\\\/\",\"url\":\"https:\\\/\\\/www.iemj.org\\\/wp-content\\\/uploads\\\/2021\\\/09\\\/Logo-IEMJ-Paypal.jpg\",\"contentUrl\":\"https:\\\/\\\/www.iemj.org\\\/wp-content\\\/uploads\\\/2021\\\/09\\\/Logo-IEMJ-Paypal.jpg\",\"width\":150,\"height\":50,\"caption\":\"Institut Europ\u00e9en des Musiques Juives\"},\"image\":{\"@id\":\"https:\\\/\\\/www.iemj.org\\\/de\\\/#\\\/schema\\\/logo\\\/image\\\/\"},\"sameAs\":[\"https:\\\/\\\/www.facebook.com\\\/MusiquesJuives\\\/\",\"https:\\\/\\\/www.instagram.com\\\/musiquesjuives\\\/\",\"https:\\\/\\\/www.youtube.com\\\/user\\\/musiquesjuives\"]},{\"@type\":\"Person\",\"@id\":\"https:\\\/\\\/www.iemj.org\\\/de\\\/#\\\/schema\\\/person\\\/358e26c18aca017fcc4cc15437f7279c\",\"name\":\"Jacqueline ROTEN\",\"image\":{\"@type\":\"ImageObject\",\"inLanguage\":\"de\",\"@id\":\"https:\\\/\\\/secure.gravatar.com\\\/avatar\\\/5964256d6c6957de3a3505278957e0fb2a35119ac47ea41827a65301213c810b?s=96&d=mm&r=g\",\"url\":\"https:\\\/\\\/secure.gravatar.com\\\/avatar\\\/5964256d6c6957de3a3505278957e0fb2a35119ac47ea41827a65301213c810b?s=96&d=mm&r=g\",\"contentUrl\":\"https:\\\/\\\/secure.gravatar.com\\\/avatar\\\/5964256d6c6957de3a3505278957e0fb2a35119ac47ea41827a65301213c810b?s=96&d=mm&r=g\",\"caption\":\"Jacqueline ROTEN\"}}]}<\/script>\n<!-- \/ Yoast SEO plugin. -->","yoast_head_json":{"title":"Tsuzamen -\u00a0Sirba Octet - Institut Europ\u00e9en des Musiques Juives","robots":{"index":"index","follow":"follow","max-snippet":"max-snippet:-1","max-image-preview":"max-image-preview:large","max-video-preview":"max-video-preview:-1"},"canonical":"https:\/\/www.iemj.org\/de\/tsuzamen-sirba-octet\/","og_locale":"de_DE","og_type":"article","og_title":"Tsuzamen -\u00a0Sirba Octet - Institut Europ\u00e9en des Musiques Juives","og_description":"Armenian, Yiddish and Gypsy MusicSirba Records, janvier 2023","og_url":"https:\/\/www.iemj.org\/de\/tsuzamen-sirba-octet\/","og_site_name":"Institut Europ\u00e9en des Musiques Juives","article_publisher":"https:\/\/www.facebook.com\/MusiquesJuives\/","article_published_time":"2023-02-01T15:35:13+00:00","article_modified_time":"2025-10-19T15:49:41+00:00","og_image":[{"width":440,"height":440,"url":"https:\/\/www.iemj.org\/wp-content\/uploads\/2023\/02\/cover-440x440-1.jpg","type":"image\/jpeg"}],"author":"Jacqueline ROTEN","twitter_card":"summary_large_image","twitter_misc":{"Verfasst von":"Jacqueline ROTEN","Gesch\u00e4tzte Lesezeit":"3\u00a0Minuten"},"schema":{"@context":"https:\/\/schema.org","@graph":[{"@type":"Article","@id":"https:\/\/www.iemj.org\/de\/tsuzamen-sirba-octet\/#article","isPartOf":{"@id":"https:\/\/www.iemj.org\/de\/tsuzamen-sirba-octet\/"},"author":{"name":"Jacqueline ROTEN","@id":"https:\/\/www.iemj.org\/de\/#\/schema\/person\/358e26c18aca017fcc4cc15437f7279c"},"headline":"Tsuzamen &#8211;\u00a0Sirba Octet","datePublished":"2023-02-01T15:35:13+00:00","dateModified":"2025-10-19T15:49:41+00:00","mainEntityOfPage":{"@id":"https:\/\/www.iemj.org\/de\/tsuzamen-sirba-octet\/"},"wordCount":395,"publisher":{"@id":"https:\/\/www.iemj.org\/de\/#organization"},"image":{"@id":"https:\/\/www.iemj.org\/de\/tsuzamen-sirba-octet\/#primaryimage"},"thumbnailUrl":"https:\/\/www.iemj.org\/wp-content\/uploads\/2023\/02\/cover-440x440-1.jpg","articleSection":["CD","Letzte Neuerwerbungen"],"inLanguage":"de"},{"@type":"WebPage","@id":"https:\/\/www.iemj.org\/de\/tsuzamen-sirba-octet\/","url":"https:\/\/www.iemj.org\/de\/tsuzamen-sirba-octet\/","name":"Tsuzamen -\u00a0Sirba Octet - Institut Europ\u00e9en des Musiques Juives","isPartOf":{"@id":"https:\/\/www.iemj.org\/de\/#website"},"primaryImageOfPage":{"@id":"https:\/\/www.iemj.org\/de\/tsuzamen-sirba-octet\/#primaryimage"},"image":{"@id":"https:\/\/www.iemj.org\/de\/tsuzamen-sirba-octet\/#primaryimage"},"thumbnailUrl":"https:\/\/www.iemj.org\/wp-content\/uploads\/2023\/02\/cover-440x440-1.jpg","datePublished":"2023-02-01T15:35:13+00:00","dateModified":"2025-10-19T15:49:41+00:00","breadcrumb":{"@id":"https:\/\/www.iemj.org\/de\/tsuzamen-sirba-octet\/#breadcrumb"},"inLanguage":"de","potentialAction":[{"@type":"ReadAction","target":["https:\/\/www.iemj.org\/de\/tsuzamen-sirba-octet\/"]}]},{"@type":"ImageObject","inLanguage":"de","@id":"https:\/\/www.iemj.org\/de\/tsuzamen-sirba-octet\/#primaryimage","url":"https:\/\/www.iemj.org\/wp-content\/uploads\/2023\/02\/cover-440x440-1.jpg","contentUrl":"https:\/\/www.iemj.org\/wp-content\/uploads\/2023\/02\/cover-440x440-1.jpg","width":440,"height":440},{"@type":"BreadcrumbList","@id":"https:\/\/www.iemj.org\/de\/tsuzamen-sirba-octet\/#breadcrumb","itemListElement":[{"@type":"ListItem","position":1,"name":"Accueil","item":"https:\/\/www.iemj.org\/de\/"},{"@type":"ListItem","position":2,"name":"Tsuzamen &#8211;\u00a0Sirba Octet"}]},{"@type":"WebSite","@id":"https:\/\/www.iemj.org\/de\/#website","url":"https:\/\/www.iemj.org\/de\/","name":"Institut Europ\u00e9en des Musiques Juives","description":"Des traditions musicales \u00e0 la port\u00e9e de tous","publisher":{"@id":"https:\/\/www.iemj.org\/de\/#organization"},"potentialAction":[{"@type":"SearchAction","target":{"@type":"EntryPoint","urlTemplate":"https:\/\/www.iemj.org\/de\/?s={search_term_string}"},"query-input":{"@type":"PropertyValueSpecification","valueRequired":true,"valueName":"search_term_string"}}],"inLanguage":"de"},{"@type":"Organization","@id":"https:\/\/www.iemj.org\/de\/#organization","name":"Institut Europ\u00e9en des Musiques Juives","url":"https:\/\/www.iemj.org\/de\/","logo":{"@type":"ImageObject","inLanguage":"de","@id":"https:\/\/www.iemj.org\/de\/#\/schema\/logo\/image\/","url":"https:\/\/www.iemj.org\/wp-content\/uploads\/2021\/09\/Logo-IEMJ-Paypal.jpg","contentUrl":"https:\/\/www.iemj.org\/wp-content\/uploads\/2021\/09\/Logo-IEMJ-Paypal.jpg","width":150,"height":50,"caption":"Institut Europ\u00e9en des Musiques Juives"},"image":{"@id":"https:\/\/www.iemj.org\/de\/#\/schema\/logo\/image\/"},"sameAs":["https:\/\/www.facebook.com\/MusiquesJuives\/","https:\/\/www.instagram.com\/musiquesjuives\/","https:\/\/www.youtube.com\/user\/musiquesjuives"]},{"@type":"Person","@id":"https:\/\/www.iemj.org\/de\/#\/schema\/person\/358e26c18aca017fcc4cc15437f7279c","name":"Jacqueline ROTEN","image":{"@type":"ImageObject","inLanguage":"de","@id":"https:\/\/secure.gravatar.com\/avatar\/5964256d6c6957de3a3505278957e0fb2a35119ac47ea41827a65301213c810b?s=96&d=mm&r=g","url":"https:\/\/secure.gravatar.com\/avatar\/5964256d6c6957de3a3505278957e0fb2a35119ac47ea41827a65301213c810b?s=96&d=mm&r=g","contentUrl":"https:\/\/secure.gravatar.com\/avatar\/5964256d6c6957de3a3505278957e0fb2a35119ac47ea41827a65301213c810b?s=96&d=mm&r=g","caption":"Jacqueline ROTEN"}}]}},"_links":{"self":[{"href":"https:\/\/www.iemj.org\/de\/wp-json\/wp\/v2\/posts\/93440","targetHints":{"allow":["GET"]}}],"collection":[{"href":"https:\/\/www.iemj.org\/de\/wp-json\/wp\/v2\/posts"}],"about":[{"href":"https:\/\/www.iemj.org\/de\/wp-json\/wp\/v2\/types\/post"}],"author":[{"embeddable":true,"href":"https:\/\/www.iemj.org\/de\/wp-json\/wp\/v2\/users\/5"}],"replies":[{"embeddable":true,"href":"https:\/\/www.iemj.org\/de\/wp-json\/wp\/v2\/comments?post=93440"}],"version-history":[{"count":2,"href":"https:\/\/www.iemj.org\/de\/wp-json\/wp\/v2\/posts\/93440\/revisions"}],"predecessor-version":[{"id":127191,"href":"https:\/\/www.iemj.org\/de\/wp-json\/wp\/v2\/posts\/93440\/revisions\/127191"}],"wp:featuredmedia":[{"embeddable":true,"href":"https:\/\/www.iemj.org\/de\/wp-json\/wp\/v2\/media\/93431"}],"wp:attachment":[{"href":"https:\/\/www.iemj.org\/de\/wp-json\/wp\/v2\/media?parent=93440"}],"wp:term":[{"taxonomy":"category","embeddable":true,"href":"https:\/\/www.iemj.org\/de\/wp-json\/wp\/v2\/categories?post=93440"},{"taxonomy":"post_tag","embeddable":true,"href":"https:\/\/www.iemj.org\/de\/wp-json\/wp\/v2\/tags?post=93440"},{"taxonomy":"technique","embeddable":true,"href":"https:\/\/www.iemj.org\/de\/wp-json\/wp\/v2\/technique?post=93440"},{"taxonomy":"squelettes","embeddable":true,"href":"https:\/\/www.iemj.org\/de\/wp-json\/wp\/v2\/squelettes?post=93440"},{"taxonomy":"sujet","embeddable":true,"href":"https:\/\/www.iemj.org\/de\/wp-json\/wp\/v2\/sujet?post=93440"},{"taxonomy":"formation","embeddable":true,"href":"https:\/\/www.iemj.org\/de\/wp-json\/wp\/v2\/formation?post=93440"},{"taxonomy":"genre","embeddable":true,"href":"https:\/\/www.iemj.org\/de\/wp-json\/wp\/v2\/genre?post=93440"},{"taxonomy":"fonds","embeddable":true,"href":"https:\/\/www.iemj.org\/de\/wp-json\/wp\/v2\/fonds?post=93440"},{"taxonomy":"tradition","embeddable":true,"href":"https:\/\/www.iemj.org\/de\/wp-json\/wp\/v2\/tradition?post=93440"},{"taxonomy":"type-de-contenu","embeddable":true,"href":"https:\/\/www.iemj.org\/de\/wp-json\/wp\/v2\/type-de-contenu?post=93440"},{"taxonomy":"interprete-compositeur","embeddable":true,"href":"https:\/\/www.iemj.org\/de\/wp-json\/wp\/v2\/interprete-compositeur?post=93440"},{"taxonomy":"frise","embeddable":true,"href":"https:\/\/www.iemj.org\/de\/wp-json\/wp\/v2\/frise?post=93440"},{"taxonomy":"type-devenement","embeddable":true,"href":"https:\/\/www.iemj.org\/de\/wp-json\/wp\/v2\/type-devenement?post=93440"},{"taxonomy":"tableaux-liens-externes","embeddable":true,"href":"https:\/\/www.iemj.org\/de\/wp-json\/wp\/v2\/tableaux-liens-externes?post=93440"}],"curies":[{"name":"wp","href":"https:\/\/api.w.org\/{rel}","templated":true}]}}