{"id":93960,"date":"2015-12-29T16:15:29","date_gmt":"2015-12-29T15:15:29","guid":{"rendered":"https:\/\/www.iemj.org\/cantillation-biblique-et-psalmodie-jean-philippe-amar\/"},"modified":"2025-10-04T18:13:34","modified_gmt":"2025-10-04T16:13:34","slug":"cantillation-biblique-et-psalmodie-jean-philippe-amar","status":"publish","type":"post","link":"https:\/\/www.iemj.org\/de\/cantillation-biblique-et-psalmodie-jean-philippe-amar\/","title":{"rendered":"Biblische Kantillation und Psalmodie &#8211; Jean-Philippe Amar"},"content":{"rendered":"<p class=\"post_excerpt\"><strong>Im Rahmen des <a href=\"https:\/\/www.iemj.org\/de\/colloque-et-concerts-vox-aurea-via-sacra-2014-la-musique-sacree-juive\/\">Studientages Vox Aurea-Via Sacra 2014<\/a>, der j\u00fcdischen Kirchenmusik gewidmet ist, entwickelt Jean-Philippe Amar, Doktorand in Ethnomusikologie sowie Lehrer f\u00fcr Musikerziehung in der Akademie von Paris, bei diesem Kolloquium die Entwicklungen der Kantillation in der Lesung heiliger Texte<\/strong><\/p>\n<p><!--more--><\/p>\n<h2><span style=\"color: #3c4b98;\">H\u00f6ren Sie sich den Vortrag unten auf der Seite an<\/span><\/h2>\n<p>Seit dem 5. Jahrhundert v. Chr. wird die hebr\u00e4ische Bibel \u00f6ffentlich vorgelesen. Diese muss kantilliert sein, d. h. melodischen Bewegungen mit relativ einfachem Aufbau folgen.<br \/>Die Musik spielt hier eine regulierende und feierlich umh\u00fcllende Rolle.<\/p>\n<p>Bis zum 6. Jahrhundert folgte die Kantillation Regeln, die m\u00fcndlich \u00fcberliefert wurden. Zwischen dem 7. und 10. Jahrhundert, der Zeit der Zerstreuung des j\u00fcdischen Volkes und der Festlegung der Gemeinden in der Diaspora, wird die \u00dcberlieferung br\u00fcchig.<br \/>Gelehrte (Massoreten) entwickeln mnemotechnische Systeme, um die Traditionen der Rezitation und der angemessenen Aufteilung der biblischen Texte, die konsonantisch und ohne Interpunktion sind, zu bewahren.<\/p>\n<p>Ab dem 10. Jahrhundert wurden die heiligen Texte nach der sogenannten masoretischen Notation kantilliert. Diese beruht auf einem ausgekl\u00fcgelten System zur Vokalisierung und subtilen Interpunktion der Prosa. Etwa zwanzig Zeichen bezeichnen die melodischen Bewegungen der Stimme und erzeugen eine Interpunktion, die f\u00fcr das Verst\u00e4ndnis des Textes unerl\u00e4sslich ist. Da die musikalische Notation nicht pr\u00e4zise ist, kann die daraus resultierende Kantillation je nach Interpret, Gemeinschaftsritus und Schrifttext (Pentateuch, Psalmen) variieren.<\/p>\n<p><a href=\"https:\/\/www.iemj.org\/de\/colloque-et-concerts-vox-aurea-via-sacra-2014-la-musique-sacree-juive\/\">Studientages Vox Aurea-Via Sacra 2014<\/a><\/p>\n\n<div class=\"wp-block-image\">\n<figure class=\"aligncenter size-large\"><img fetchpriority=\"high\" decoding=\"async\" width=\"1024\" height=\"133\" src=\"https:\/\/www.iemj.org\/wp-content\/uploads\/2024\/03\/AUDIO-PLAYER-1024x133.png\" alt=\"\" class=\"wp-image-110606\" srcset=\"https:\/\/www.iemj.org\/wp-content\/uploads\/2024\/03\/AUDIO-PLAYER-1024x133.png 1024w, https:\/\/www.iemj.org\/wp-content\/uploads\/2024\/03\/AUDIO-PLAYER-300x39.png 300w, https:\/\/www.iemj.org\/wp-content\/uploads\/2024\/03\/AUDIO-PLAYER-768x100.png 768w, https:\/\/www.iemj.org\/wp-content\/uploads\/2024\/03\/AUDIO-PLAYER-600x78.png 600w, https:\/\/www.iemj.org\/wp-content\/uploads\/2024\/03\/AUDIO-PLAYER.png 1210w\" sizes=\"(max-width: 1024px) 100vw, 1024px\" \/><\/figure>\n<\/div>\n\n\n<div class=\"wp-block-file\"><a id=\"wp-block-file--media-d1c9fe4b-cc6c-4e5f-aade-06db6778bf02\" href=\"https:\/\/www.iemj.org\/wp-content\/uploads\/2015\/12\/3_jean_philippe_amar.mp3\">Cantillation biblique et psalmodie &#8211; Jean-Philippe AMAR<\/a><\/div>\n","protected":false},"excerpt":{"rendered":"<p>Im Rahmen des Studientages Vox Aurea-Via Sacra 2014, der j\u00fcdischen Kirchenmusik gewidmet ist, entwickelt Jean-Philippe Amar, Doktorand in Ethnomusikologie sowie Lehrer f\u00fcr Musikerziehung in der Akademie von Paris, bei diesem<\/p>\n","protected":false},"author":1052,"featured_media":93961,"comment_status":"closed","ping_status":"closed","sticky":false,"template":"","format":"standard","meta":{"_acf_changed":false,"footnotes":""},"categories":[1418],"tags":[3420],"technique":[],"squelettes":[],"sujet":[2095],"formation":[],"genre":[1891],"fonds":[],"tradition":[],"type-de-contenu":[],"interprete-compositeur":[],"frise":[],"type-devenement":[],"tableaux-liens-externes":[],"class_list":["post-93960","post","type-post","status-publish","format-standard","has-post-thumbnail","hentry","category-kurse-konferenzen-2-de","tag-partner-veranstaltungen-de","sujet-biblische-akzente-teamim-de","genre-liturgie-de"],"acf":[],"yoast_head":"<!-- This site is optimized with the Yoast SEO plugin v27.3 - https:\/\/yoast.com\/product\/yoast-seo-wordpress\/ -->\n<title>Biblische Kantillation und Psalmodie - Jean-Philippe Amar - Institut Europ\u00e9en des Musiques Juives<\/title>\n<meta name=\"robots\" content=\"index, follow, max-snippet:-1, max-image-preview:large, max-video-preview:-1\" \/>\n<link rel=\"canonical\" href=\"https:\/\/www.iemj.org\/de\/cantillation-biblique-et-psalmodie-jean-philippe-amar\/\" \/>\n<meta property=\"og:locale\" content=\"de_DE\" \/>\n<meta property=\"og:type\" content=\"article\" \/>\n<meta property=\"og:title\" content=\"Biblische Kantillation und Psalmodie - Jean-Philippe Amar - Institut Europ\u00e9en des Musiques Juives\" \/>\n<meta property=\"og:description\" content=\"Im Rahmen des Studientages Vox Aurea-Via Sacra 2014, der j\u00fcdischen Kirchenmusik gewidmet ist, entwickelt Jean-Philippe Amar, Doktorand in Ethnomusikologie sowie Lehrer f\u00fcr Musikerziehung in der Akademie von Paris, bei diesem\" \/>\n<meta property=\"og:url\" content=\"https:\/\/www.iemj.org\/de\/cantillation-biblique-et-psalmodie-jean-philippe-amar\/\" \/>\n<meta property=\"og:site_name\" content=\"Institut Europ\u00e9en des Musiques Juives\" \/>\n<meta property=\"article:publisher\" content=\"https:\/\/www.facebook.com\/MusiquesJuives\/\" \/>\n<meta property=\"article:published_time\" content=\"2015-12-29T15:15:29+00:00\" \/>\n<meta property=\"article:modified_time\" content=\"2025-10-04T16:13:34+00:00\" \/>\n<meta property=\"og:image\" content=\"https:\/\/www.iemj.org\/wp-content\/uploads\/2015\/12\/arton1345.jpg\" \/>\n\t<meta property=\"og:image:width\" content=\"750\" \/>\n\t<meta property=\"og:image:height\" content=\"780\" \/>\n\t<meta property=\"og:image:type\" content=\"image\/jpeg\" \/>\n<meta name=\"author\" content=\"Lea Couderc\" \/>\n<meta name=\"twitter:card\" content=\"summary_large_image\" \/>\n<meta name=\"twitter:label1\" content=\"Verfasst von\" \/>\n\t<meta name=\"twitter:data1\" content=\"Lea Couderc\" \/>\n\t<meta name=\"twitter:label2\" content=\"Gesch\u00e4tzte Lesezeit\" \/>\n\t<meta name=\"twitter:data2\" content=\"2\u00a0Minuten\" \/>\n<script type=\"application\/ld+json\" class=\"yoast-schema-graph\">{\"@context\":\"https:\\\/\\\/schema.org\",\"@graph\":[{\"@type\":\"Article\",\"@id\":\"https:\\\/\\\/www.iemj.org\\\/de\\\/cantillation-biblique-et-psalmodie-jean-philippe-amar\\\/#article\",\"isPartOf\":{\"@id\":\"https:\\\/\\\/www.iemj.org\\\/de\\\/cantillation-biblique-et-psalmodie-jean-philippe-amar\\\/\"},\"author\":{\"name\":\"Lea Couderc\",\"@id\":\"https:\\\/\\\/www.iemj.org\\\/de\\\/#\\\/schema\\\/person\\\/e2ad57f2c4be119c7ed8ab79036807a9\"},\"headline\":\"Biblische Kantillation und Psalmodie &#8211; Jean-Philippe Amar\",\"datePublished\":\"2015-12-29T15:15:29+00:00\",\"dateModified\":\"2025-10-04T16:13:34+00:00\",\"mainEntityOfPage\":{\"@id\":\"https:\\\/\\\/www.iemj.org\\\/de\\\/cantillation-biblique-et-psalmodie-jean-philippe-amar\\\/\"},\"wordCount\":241,\"publisher\":{\"@id\":\"https:\\\/\\\/www.iemj.org\\\/de\\\/#organization\"},\"image\":{\"@id\":\"https:\\\/\\\/www.iemj.org\\\/de\\\/cantillation-biblique-et-psalmodie-jean-philippe-amar\\\/#primaryimage\"},\"thumbnailUrl\":\"https:\\\/\\\/www.iemj.org\\\/wp-content\\\/uploads\\\/2015\\\/12\\\/arton1345.jpg\",\"keywords\":[\"Partner-Veranstaltungen\"],\"articleSection\":[\"Kurse \\\/ Konferenzen\"],\"inLanguage\":\"de\"},{\"@type\":\"WebPage\",\"@id\":\"https:\\\/\\\/www.iemj.org\\\/de\\\/cantillation-biblique-et-psalmodie-jean-philippe-amar\\\/\",\"url\":\"https:\\\/\\\/www.iemj.org\\\/de\\\/cantillation-biblique-et-psalmodie-jean-philippe-amar\\\/\",\"name\":\"Biblische Kantillation und Psalmodie - Jean-Philippe Amar - Institut Europ\u00e9en des Musiques Juives\",\"isPartOf\":{\"@id\":\"https:\\\/\\\/www.iemj.org\\\/de\\\/#website\"},\"primaryImageOfPage\":{\"@id\":\"https:\\\/\\\/www.iemj.org\\\/de\\\/cantillation-biblique-et-psalmodie-jean-philippe-amar\\\/#primaryimage\"},\"image\":{\"@id\":\"https:\\\/\\\/www.iemj.org\\\/de\\\/cantillation-biblique-et-psalmodie-jean-philippe-amar\\\/#primaryimage\"},\"thumbnailUrl\":\"https:\\\/\\\/www.iemj.org\\\/wp-content\\\/uploads\\\/2015\\\/12\\\/arton1345.jpg\",\"datePublished\":\"2015-12-29T15:15:29+00:00\",\"dateModified\":\"2025-10-04T16:13:34+00:00\",\"breadcrumb\":{\"@id\":\"https:\\\/\\\/www.iemj.org\\\/de\\\/cantillation-biblique-et-psalmodie-jean-philippe-amar\\\/#breadcrumb\"},\"inLanguage\":\"de\",\"potentialAction\":[{\"@type\":\"ReadAction\",\"target\":[\"https:\\\/\\\/www.iemj.org\\\/de\\\/cantillation-biblique-et-psalmodie-jean-philippe-amar\\\/\"]}]},{\"@type\":\"ImageObject\",\"inLanguage\":\"de\",\"@id\":\"https:\\\/\\\/www.iemj.org\\\/de\\\/cantillation-biblique-et-psalmodie-jean-philippe-amar\\\/#primaryimage\",\"url\":\"https:\\\/\\\/www.iemj.org\\\/wp-content\\\/uploads\\\/2015\\\/12\\\/arton1345.jpg\",\"contentUrl\":\"https:\\\/\\\/www.iemj.org\\\/wp-content\\\/uploads\\\/2015\\\/12\\\/arton1345.jpg\",\"width\":750,\"height\":780},{\"@type\":\"BreadcrumbList\",\"@id\":\"https:\\\/\\\/www.iemj.org\\\/de\\\/cantillation-biblique-et-psalmodie-jean-philippe-amar\\\/#breadcrumb\",\"itemListElement\":[{\"@type\":\"ListItem\",\"position\":1,\"name\":\"Accueil\",\"item\":\"https:\\\/\\\/www.iemj.org\\\/de\\\/\"},{\"@type\":\"ListItem\",\"position\":2,\"name\":\"Biblische Kantillation und Psalmodie &#8211; Jean-Philippe Amar\"}]},{\"@type\":\"WebSite\",\"@id\":\"https:\\\/\\\/www.iemj.org\\\/de\\\/#website\",\"url\":\"https:\\\/\\\/www.iemj.org\\\/de\\\/\",\"name\":\"Institut Europ\u00e9en des Musiques Juives\",\"description\":\"Des traditions musicales \u00e0 la port\u00e9e de tous\",\"publisher\":{\"@id\":\"https:\\\/\\\/www.iemj.org\\\/de\\\/#organization\"},\"potentialAction\":[{\"@type\":\"SearchAction\",\"target\":{\"@type\":\"EntryPoint\",\"urlTemplate\":\"https:\\\/\\\/www.iemj.org\\\/de\\\/?s={search_term_string}\"},\"query-input\":{\"@type\":\"PropertyValueSpecification\",\"valueRequired\":true,\"valueName\":\"search_term_string\"}}],\"inLanguage\":\"de\"},{\"@type\":\"Organization\",\"@id\":\"https:\\\/\\\/www.iemj.org\\\/de\\\/#organization\",\"name\":\"Institut Europ\u00e9en des Musiques Juives\",\"url\":\"https:\\\/\\\/www.iemj.org\\\/de\\\/\",\"logo\":{\"@type\":\"ImageObject\",\"inLanguage\":\"de\",\"@id\":\"https:\\\/\\\/www.iemj.org\\\/de\\\/#\\\/schema\\\/logo\\\/image\\\/\",\"url\":\"https:\\\/\\\/www.iemj.org\\\/wp-content\\\/uploads\\\/2021\\\/09\\\/Logo-IEMJ-Paypal.jpg\",\"contentUrl\":\"https:\\\/\\\/www.iemj.org\\\/wp-content\\\/uploads\\\/2021\\\/09\\\/Logo-IEMJ-Paypal.jpg\",\"width\":150,\"height\":50,\"caption\":\"Institut Europ\u00e9en des Musiques Juives\"},\"image\":{\"@id\":\"https:\\\/\\\/www.iemj.org\\\/de\\\/#\\\/schema\\\/logo\\\/image\\\/\"},\"sameAs\":[\"https:\\\/\\\/www.facebook.com\\\/MusiquesJuives\\\/\",\"https:\\\/\\\/www.instagram.com\\\/musiquesjuives\\\/\",\"https:\\\/\\\/www.youtube.com\\\/user\\\/musiquesjuives\"]},{\"@type\":\"Person\",\"@id\":\"https:\\\/\\\/www.iemj.org\\\/de\\\/#\\\/schema\\\/person\\\/e2ad57f2c4be119c7ed8ab79036807a9\",\"name\":\"Lea Couderc\",\"image\":{\"@type\":\"ImageObject\",\"inLanguage\":\"de\",\"@id\":\"https:\\\/\\\/secure.gravatar.com\\\/avatar\\\/46ee021475d60aeff17a7e490b79dea5a5684bb392ab7fd1494027411df8ba23?s=96&d=mm&r=g\",\"url\":\"https:\\\/\\\/secure.gravatar.com\\\/avatar\\\/46ee021475d60aeff17a7e490b79dea5a5684bb392ab7fd1494027411df8ba23?s=96&d=mm&r=g\",\"contentUrl\":\"https:\\\/\\\/secure.gravatar.com\\\/avatar\\\/46ee021475d60aeff17a7e490b79dea5a5684bb392ab7fd1494027411df8ba23?s=96&d=mm&r=g\",\"caption\":\"Lea Couderc\"}}]}<\/script>\n<!-- \/ Yoast SEO plugin. -->","yoast_head_json":{"title":"Biblische Kantillation und Psalmodie - Jean-Philippe Amar - Institut Europ\u00e9en des Musiques Juives","robots":{"index":"index","follow":"follow","max-snippet":"max-snippet:-1","max-image-preview":"max-image-preview:large","max-video-preview":"max-video-preview:-1"},"canonical":"https:\/\/www.iemj.org\/de\/cantillation-biblique-et-psalmodie-jean-philippe-amar\/","og_locale":"de_DE","og_type":"article","og_title":"Biblische Kantillation und Psalmodie - Jean-Philippe Amar - Institut Europ\u00e9en des Musiques Juives","og_description":"Im Rahmen des Studientages Vox Aurea-Via Sacra 2014, der j\u00fcdischen Kirchenmusik gewidmet ist, entwickelt Jean-Philippe Amar, Doktorand in Ethnomusikologie sowie Lehrer f\u00fcr Musikerziehung in der Akademie von Paris, bei diesem","og_url":"https:\/\/www.iemj.org\/de\/cantillation-biblique-et-psalmodie-jean-philippe-amar\/","og_site_name":"Institut Europ\u00e9en des Musiques Juives","article_publisher":"https:\/\/www.facebook.com\/MusiquesJuives\/","article_published_time":"2015-12-29T15:15:29+00:00","article_modified_time":"2025-10-04T16:13:34+00:00","og_image":[{"width":750,"height":780,"url":"https:\/\/www.iemj.org\/wp-content\/uploads\/2015\/12\/arton1345.jpg","type":"image\/jpeg"}],"author":"Lea Couderc","twitter_card":"summary_large_image","twitter_misc":{"Verfasst von":"Lea Couderc","Gesch\u00e4tzte Lesezeit":"2\u00a0Minuten"},"schema":{"@context":"https:\/\/schema.org","@graph":[{"@type":"Article","@id":"https:\/\/www.iemj.org\/de\/cantillation-biblique-et-psalmodie-jean-philippe-amar\/#article","isPartOf":{"@id":"https:\/\/www.iemj.org\/de\/cantillation-biblique-et-psalmodie-jean-philippe-amar\/"},"author":{"name":"Lea Couderc","@id":"https:\/\/www.iemj.org\/de\/#\/schema\/person\/e2ad57f2c4be119c7ed8ab79036807a9"},"headline":"Biblische Kantillation und Psalmodie &#8211; Jean-Philippe Amar","datePublished":"2015-12-29T15:15:29+00:00","dateModified":"2025-10-04T16:13:34+00:00","mainEntityOfPage":{"@id":"https:\/\/www.iemj.org\/de\/cantillation-biblique-et-psalmodie-jean-philippe-amar\/"},"wordCount":241,"publisher":{"@id":"https:\/\/www.iemj.org\/de\/#organization"},"image":{"@id":"https:\/\/www.iemj.org\/de\/cantillation-biblique-et-psalmodie-jean-philippe-amar\/#primaryimage"},"thumbnailUrl":"https:\/\/www.iemj.org\/wp-content\/uploads\/2015\/12\/arton1345.jpg","keywords":["Partner-Veranstaltungen"],"articleSection":["Kurse \/ Konferenzen"],"inLanguage":"de"},{"@type":"WebPage","@id":"https:\/\/www.iemj.org\/de\/cantillation-biblique-et-psalmodie-jean-philippe-amar\/","url":"https:\/\/www.iemj.org\/de\/cantillation-biblique-et-psalmodie-jean-philippe-amar\/","name":"Biblische Kantillation und Psalmodie - Jean-Philippe Amar - Institut Europ\u00e9en des Musiques Juives","isPartOf":{"@id":"https:\/\/www.iemj.org\/de\/#website"},"primaryImageOfPage":{"@id":"https:\/\/www.iemj.org\/de\/cantillation-biblique-et-psalmodie-jean-philippe-amar\/#primaryimage"},"image":{"@id":"https:\/\/www.iemj.org\/de\/cantillation-biblique-et-psalmodie-jean-philippe-amar\/#primaryimage"},"thumbnailUrl":"https:\/\/www.iemj.org\/wp-content\/uploads\/2015\/12\/arton1345.jpg","datePublished":"2015-12-29T15:15:29+00:00","dateModified":"2025-10-04T16:13:34+00:00","breadcrumb":{"@id":"https:\/\/www.iemj.org\/de\/cantillation-biblique-et-psalmodie-jean-philippe-amar\/#breadcrumb"},"inLanguage":"de","potentialAction":[{"@type":"ReadAction","target":["https:\/\/www.iemj.org\/de\/cantillation-biblique-et-psalmodie-jean-philippe-amar\/"]}]},{"@type":"ImageObject","inLanguage":"de","@id":"https:\/\/www.iemj.org\/de\/cantillation-biblique-et-psalmodie-jean-philippe-amar\/#primaryimage","url":"https:\/\/www.iemj.org\/wp-content\/uploads\/2015\/12\/arton1345.jpg","contentUrl":"https:\/\/www.iemj.org\/wp-content\/uploads\/2015\/12\/arton1345.jpg","width":750,"height":780},{"@type":"BreadcrumbList","@id":"https:\/\/www.iemj.org\/de\/cantillation-biblique-et-psalmodie-jean-philippe-amar\/#breadcrumb","itemListElement":[{"@type":"ListItem","position":1,"name":"Accueil","item":"https:\/\/www.iemj.org\/de\/"},{"@type":"ListItem","position":2,"name":"Biblische Kantillation und Psalmodie &#8211; Jean-Philippe Amar"}]},{"@type":"WebSite","@id":"https:\/\/www.iemj.org\/de\/#website","url":"https:\/\/www.iemj.org\/de\/","name":"Institut Europ\u00e9en des Musiques Juives","description":"Des traditions musicales \u00e0 la port\u00e9e de tous","publisher":{"@id":"https:\/\/www.iemj.org\/de\/#organization"},"potentialAction":[{"@type":"SearchAction","target":{"@type":"EntryPoint","urlTemplate":"https:\/\/www.iemj.org\/de\/?s={search_term_string}"},"query-input":{"@type":"PropertyValueSpecification","valueRequired":true,"valueName":"search_term_string"}}],"inLanguage":"de"},{"@type":"Organization","@id":"https:\/\/www.iemj.org\/de\/#organization","name":"Institut Europ\u00e9en des Musiques Juives","url":"https:\/\/www.iemj.org\/de\/","logo":{"@type":"ImageObject","inLanguage":"de","@id":"https:\/\/www.iemj.org\/de\/#\/schema\/logo\/image\/","url":"https:\/\/www.iemj.org\/wp-content\/uploads\/2021\/09\/Logo-IEMJ-Paypal.jpg","contentUrl":"https:\/\/www.iemj.org\/wp-content\/uploads\/2021\/09\/Logo-IEMJ-Paypal.jpg","width":150,"height":50,"caption":"Institut Europ\u00e9en des Musiques Juives"},"image":{"@id":"https:\/\/www.iemj.org\/de\/#\/schema\/logo\/image\/"},"sameAs":["https:\/\/www.facebook.com\/MusiquesJuives\/","https:\/\/www.instagram.com\/musiquesjuives\/","https:\/\/www.youtube.com\/user\/musiquesjuives"]},{"@type":"Person","@id":"https:\/\/www.iemj.org\/de\/#\/schema\/person\/e2ad57f2c4be119c7ed8ab79036807a9","name":"Lea Couderc","image":{"@type":"ImageObject","inLanguage":"de","@id":"https:\/\/secure.gravatar.com\/avatar\/46ee021475d60aeff17a7e490b79dea5a5684bb392ab7fd1494027411df8ba23?s=96&d=mm&r=g","url":"https:\/\/secure.gravatar.com\/avatar\/46ee021475d60aeff17a7e490b79dea5a5684bb392ab7fd1494027411df8ba23?s=96&d=mm&r=g","contentUrl":"https:\/\/secure.gravatar.com\/avatar\/46ee021475d60aeff17a7e490b79dea5a5684bb392ab7fd1494027411df8ba23?s=96&d=mm&r=g","caption":"Lea Couderc"}}]}},"_links":{"self":[{"href":"https:\/\/www.iemj.org\/de\/wp-json\/wp\/v2\/posts\/93960","targetHints":{"allow":["GET"]}}],"collection":[{"href":"https:\/\/www.iemj.org\/de\/wp-json\/wp\/v2\/posts"}],"about":[{"href":"https:\/\/www.iemj.org\/de\/wp-json\/wp\/v2\/types\/post"}],"author":[{"embeddable":true,"href":"https:\/\/www.iemj.org\/de\/wp-json\/wp\/v2\/users\/1052"}],"replies":[{"embeddable":true,"href":"https:\/\/www.iemj.org\/de\/wp-json\/wp\/v2\/comments?post=93960"}],"version-history":[{"count":2,"href":"https:\/\/www.iemj.org\/de\/wp-json\/wp\/v2\/posts\/93960\/revisions"}],"predecessor-version":[{"id":126312,"href":"https:\/\/www.iemj.org\/de\/wp-json\/wp\/v2\/posts\/93960\/revisions\/126312"}],"wp:featuredmedia":[{"embeddable":true,"href":"https:\/\/www.iemj.org\/de\/wp-json\/wp\/v2\/media\/93961"}],"wp:attachment":[{"href":"https:\/\/www.iemj.org\/de\/wp-json\/wp\/v2\/media?parent=93960"}],"wp:term":[{"taxonomy":"category","embeddable":true,"href":"https:\/\/www.iemj.org\/de\/wp-json\/wp\/v2\/categories?post=93960"},{"taxonomy":"post_tag","embeddable":true,"href":"https:\/\/www.iemj.org\/de\/wp-json\/wp\/v2\/tags?post=93960"},{"taxonomy":"technique","embeddable":true,"href":"https:\/\/www.iemj.org\/de\/wp-json\/wp\/v2\/technique?post=93960"},{"taxonomy":"squelettes","embeddable":true,"href":"https:\/\/www.iemj.org\/de\/wp-json\/wp\/v2\/squelettes?post=93960"},{"taxonomy":"sujet","embeddable":true,"href":"https:\/\/www.iemj.org\/de\/wp-json\/wp\/v2\/sujet?post=93960"},{"taxonomy":"formation","embeddable":true,"href":"https:\/\/www.iemj.org\/de\/wp-json\/wp\/v2\/formation?post=93960"},{"taxonomy":"genre","embeddable":true,"href":"https:\/\/www.iemj.org\/de\/wp-json\/wp\/v2\/genre?post=93960"},{"taxonomy":"fonds","embeddable":true,"href":"https:\/\/www.iemj.org\/de\/wp-json\/wp\/v2\/fonds?post=93960"},{"taxonomy":"tradition","embeddable":true,"href":"https:\/\/www.iemj.org\/de\/wp-json\/wp\/v2\/tradition?post=93960"},{"taxonomy":"type-de-contenu","embeddable":true,"href":"https:\/\/www.iemj.org\/de\/wp-json\/wp\/v2\/type-de-contenu?post=93960"},{"taxonomy":"interprete-compositeur","embeddable":true,"href":"https:\/\/www.iemj.org\/de\/wp-json\/wp\/v2\/interprete-compositeur?post=93960"},{"taxonomy":"frise","embeddable":true,"href":"https:\/\/www.iemj.org\/de\/wp-json\/wp\/v2\/frise?post=93960"},{"taxonomy":"type-devenement","embeddable":true,"href":"https:\/\/www.iemj.org\/de\/wp-json\/wp\/v2\/type-devenement?post=93960"},{"taxonomy":"tableaux-liens-externes","embeddable":true,"href":"https:\/\/www.iemj.org\/de\/wp-json\/wp\/v2\/tableaux-liens-externes?post=93960"}],"curies":[{"name":"wp","href":"https:\/\/api.w.org\/{rel}","templated":true}]}}