{"id":94016,"date":"2015-08-03T15:45:35","date_gmt":"2015-08-03T13:45:35","guid":{"rendered":"https:\/\/www.iemj.org\/tshiriboym-nouveaux-chants-yiddish\/"},"modified":"2023-05-22T15:48:32","modified_gmt":"2023-05-22T13:48:32","slug":"tshiriboym-nouveaux-chants-yiddish","status":"publish","type":"post","link":"https:\/\/www.iemj.org\/de\/tshiriboym-nouveaux-chants-yiddish\/","title":{"rendered":"Tshiriboym &#8211; Nouveaux chants yiddish"},"content":{"rendered":"<p class=\"post_excerpt\">Haus der jiddischen Kultur &#8211; Medem-Bibliothek, 2006, 162 S.<\/p>\n<p><!--more--><\/p>\n<p>&#8222;Tshiriboym &#8211; Neue Jiddishe Lieder&#8220; versammelt achtundvierzig Lieder, die der S\u00e4nger und Komponist Jacques Grober seit den 1980er Jahren geschrieben hat, sowie neun Nigunim, Melodien, die von der chassidischen Tradition inspiriert sind. Einige wurden von Jacques Grober aufgenommen, andere wurden im Chor gesungen: Lieder der Kindheit oder der Wanderschaft, Liebes- oder Humorlieder, politische oder chassidische Lieder &#8211; sie alle sind Erben der gro\u00dfen Tradition des jiddischen Liedes und z\u00f6gern manchmal nicht, mit der Mehrsprachigkeit zu spielen, die eines der Kennzeichen der j\u00fcdischen Existenz in der Diaspora ist.<\/p>\n<p>Der 1951 in Paris geborene S\u00e4nger und Komponist Jacques Grober lernte 1978 die S\u00e4ngerin Sarah Gorby kennen, die ihm ihr jiddisches und russisches Repertoire vermittelte. Die jiddischen Lieder wecken die in der Kindheit geh\u00f6rten Texte. Jacques Grober wird seine eigenen Lieder auf Jiddisch schreiben.<\/p>\n<p>Jacques Grobers Stimme (&#8230;) ist zugleich ein Zeichen, eine Zahl, eine Farbe, die man nicht zu entziffern braucht, da sie in ihrer Herbheit, Bitterkeit oder Z\u00e4rtlichkeit zum intimen Code unseres Lebens geh\u00f6ren.&#8220;<\/p>\n<p>Charles Dobzynski (Auszug aus der hinteren Umschlagseite)<\/p>\n<p><a href=\"https:\/\/www.yiddishweb.com\/tshiriboym-de-jacques-grober\/\">Die Partitur bestellen<\/a><\/p>\n<p><img fetchpriority=\"high\" decoding=\"async\" class=\"wp-image-37920 aligncenter\" src=\"https:\/\/www.iemj.org\/wp-content\/uploads\/2015\/08\/Grober_Score-Tshiriboym-209x300.jpg\" alt=\"\" width=\"411\" height=\"590\" srcset=\"https:\/\/www.iemj.org\/wp-content\/uploads\/2015\/08\/Grober_Score-Tshiriboym-209x300.jpg 209w, https:\/\/www.iemj.org\/wp-content\/uploads\/2015\/08\/Grober_Score-Tshiriboym.jpg 500w\" sizes=\"(max-width: 411px) 100vw, 411px\" \/><\/p>\n","protected":false},"excerpt":{"rendered":"<p>Haus der jiddischen Kultur &#8211; Medem-Bibliothek, 2006, 162 S.<\/p>\n","protected":false},"author":1051,"featured_media":37909,"comment_status":"closed","ping_status":"open","sticky":false,"template":"","format":"standard","meta":{"_acf_changed":false,"footnotes":""},"categories":[1561,1581],"tags":[],"technique":[],"squelettes":[],"sujet":[1822],"formation":[],"genre":[],"fonds":[],"tradition":[],"type-de-contenu":[],"interprete-compositeur":[3197],"frise":[],"type-devenement":[],"tableaux-liens-externes":[],"class_list":["post-94016","post","type-post","status-publish","format-standard","has-post-thumbnail","hentry","category-letzte-neuerwerbungen-de","category-partituren-en","sujet-frankreich-de","interprete-compositeur-jacques-grober-de"],"acf":[],"yoast_head":"<!-- This site is optimized with the Yoast SEO plugin v27.3 - https:\/\/yoast.com\/product\/yoast-seo-wordpress\/ -->\n<title>Tshiriboym - Nouveaux chants yiddish - Institut Europ\u00e9en des Musiques Juives<\/title>\n<meta name=\"robots\" content=\"index, follow, max-snippet:-1, max-image-preview:large, max-video-preview:-1\" \/>\n<link rel=\"canonical\" href=\"https:\/\/www.iemj.org\/de\/tshiriboym-nouveaux-chants-yiddish\/\" \/>\n<meta property=\"og:locale\" content=\"de_DE\" \/>\n<meta property=\"og:type\" content=\"article\" \/>\n<meta property=\"og:title\" content=\"Tshiriboym - Nouveaux chants yiddish - Institut Europ\u00e9en des Musiques Juives\" \/>\n<meta property=\"og:description\" content=\"Haus der jiddischen Kultur &#8211; Medem-Bibliothek, 2006, 162 S.\" \/>\n<meta property=\"og:url\" content=\"https:\/\/www.iemj.org\/de\/tshiriboym-nouveaux-chants-yiddish\/\" \/>\n<meta property=\"og:site_name\" content=\"Institut Europ\u00e9en des Musiques Juives\" \/>\n<meta property=\"article:publisher\" content=\"https:\/\/www.facebook.com\/MusiquesJuives\/\" \/>\n<meta property=\"article:published_time\" content=\"2015-08-03T13:45:35+00:00\" \/>\n<meta property=\"article:modified_time\" content=\"2023-05-22T13:48:32+00:00\" \/>\n<meta property=\"og:image\" content=\"https:\/\/www.iemj.org\/wp-content\/uploads\/2015\/08\/Tschiriboym_Grober.jpg\" \/>\n\t<meta property=\"og:image:width\" content=\"350\" \/>\n\t<meta property=\"og:image:height\" content=\"491\" \/>\n\t<meta property=\"og:image:type\" content=\"image\/jpeg\" \/>\n<meta name=\"author\" content=\"Eleonore Biezunski\" \/>\n<meta name=\"twitter:card\" content=\"summary_large_image\" \/>\n<meta name=\"twitter:label1\" content=\"Verfasst von\" \/>\n\t<meta name=\"twitter:data1\" content=\"Eleonore Biezunski\" \/>\n\t<meta name=\"twitter:label2\" content=\"Gesch\u00e4tzte Lesezeit\" \/>\n\t<meta name=\"twitter:data2\" content=\"2\u00a0Minuten\" \/>\n<script type=\"application\/ld+json\" class=\"yoast-schema-graph\">{\"@context\":\"https:\\\/\\\/schema.org\",\"@graph\":[{\"@type\":\"Article\",\"@id\":\"https:\\\/\\\/www.iemj.org\\\/de\\\/tshiriboym-nouveaux-chants-yiddish\\\/#article\",\"isPartOf\":{\"@id\":\"https:\\\/\\\/www.iemj.org\\\/de\\\/tshiriboym-nouveaux-chants-yiddish\\\/\"},\"author\":{\"name\":\"Eleonore Biezunski\",\"@id\":\"https:\\\/\\\/www.iemj.org\\\/de\\\/#\\\/schema\\\/person\\\/b642ef6ac700534beb3a478a1044fc58\"},\"headline\":\"Tshiriboym &#8211; Nouveaux chants yiddish\",\"datePublished\":\"2015-08-03T13:45:35+00:00\",\"dateModified\":\"2023-05-22T13:48:32+00:00\",\"mainEntityOfPage\":{\"@id\":\"https:\\\/\\\/www.iemj.org\\\/de\\\/tshiriboym-nouveaux-chants-yiddish\\\/\"},\"wordCount\":191,\"publisher\":{\"@id\":\"https:\\\/\\\/www.iemj.org\\\/de\\\/#organization\"},\"image\":{\"@id\":\"https:\\\/\\\/www.iemj.org\\\/de\\\/tshiriboym-nouveaux-chants-yiddish\\\/#primaryimage\"},\"thumbnailUrl\":\"https:\\\/\\\/www.iemj.org\\\/wp-content\\\/uploads\\\/2015\\\/08\\\/Tschiriboym_Grober.jpg\",\"articleSection\":[\"Letzte Neuerwerbungen\",\"Partituren\"],\"inLanguage\":\"de\"},{\"@type\":\"WebPage\",\"@id\":\"https:\\\/\\\/www.iemj.org\\\/de\\\/tshiriboym-nouveaux-chants-yiddish\\\/\",\"url\":\"https:\\\/\\\/www.iemj.org\\\/de\\\/tshiriboym-nouveaux-chants-yiddish\\\/\",\"name\":\"Tshiriboym - Nouveaux chants yiddish - Institut Europ\u00e9en des Musiques Juives\",\"isPartOf\":{\"@id\":\"https:\\\/\\\/www.iemj.org\\\/de\\\/#website\"},\"primaryImageOfPage\":{\"@id\":\"https:\\\/\\\/www.iemj.org\\\/de\\\/tshiriboym-nouveaux-chants-yiddish\\\/#primaryimage\"},\"image\":{\"@id\":\"https:\\\/\\\/www.iemj.org\\\/de\\\/tshiriboym-nouveaux-chants-yiddish\\\/#primaryimage\"},\"thumbnailUrl\":\"https:\\\/\\\/www.iemj.org\\\/wp-content\\\/uploads\\\/2015\\\/08\\\/Tschiriboym_Grober.jpg\",\"datePublished\":\"2015-08-03T13:45:35+00:00\",\"dateModified\":\"2023-05-22T13:48:32+00:00\",\"breadcrumb\":{\"@id\":\"https:\\\/\\\/www.iemj.org\\\/de\\\/tshiriboym-nouveaux-chants-yiddish\\\/#breadcrumb\"},\"inLanguage\":\"de\",\"potentialAction\":[{\"@type\":\"ReadAction\",\"target\":[\"https:\\\/\\\/www.iemj.org\\\/de\\\/tshiriboym-nouveaux-chants-yiddish\\\/\"]}]},{\"@type\":\"ImageObject\",\"inLanguage\":\"de\",\"@id\":\"https:\\\/\\\/www.iemj.org\\\/de\\\/tshiriboym-nouveaux-chants-yiddish\\\/#primaryimage\",\"url\":\"https:\\\/\\\/www.iemj.org\\\/wp-content\\\/uploads\\\/2015\\\/08\\\/Tschiriboym_Grober.jpg\",\"contentUrl\":\"https:\\\/\\\/www.iemj.org\\\/wp-content\\\/uploads\\\/2015\\\/08\\\/Tschiriboym_Grober.jpg\",\"width\":350,\"height\":491},{\"@type\":\"BreadcrumbList\",\"@id\":\"https:\\\/\\\/www.iemj.org\\\/de\\\/tshiriboym-nouveaux-chants-yiddish\\\/#breadcrumb\",\"itemListElement\":[{\"@type\":\"ListItem\",\"position\":1,\"name\":\"Accueil\",\"item\":\"https:\\\/\\\/www.iemj.org\\\/de\\\/\"},{\"@type\":\"ListItem\",\"position\":2,\"name\":\"Tshiriboym &#8211; Nouveaux chants yiddish\"}]},{\"@type\":\"WebSite\",\"@id\":\"https:\\\/\\\/www.iemj.org\\\/de\\\/#website\",\"url\":\"https:\\\/\\\/www.iemj.org\\\/de\\\/\",\"name\":\"Institut Europ\u00e9en des Musiques Juives\",\"description\":\"Des traditions musicales \u00e0 la port\u00e9e de tous\",\"publisher\":{\"@id\":\"https:\\\/\\\/www.iemj.org\\\/de\\\/#organization\"},\"potentialAction\":[{\"@type\":\"SearchAction\",\"target\":{\"@type\":\"EntryPoint\",\"urlTemplate\":\"https:\\\/\\\/www.iemj.org\\\/de\\\/?s={search_term_string}\"},\"query-input\":{\"@type\":\"PropertyValueSpecification\",\"valueRequired\":true,\"valueName\":\"search_term_string\"}}],\"inLanguage\":\"de\"},{\"@type\":\"Organization\",\"@id\":\"https:\\\/\\\/www.iemj.org\\\/de\\\/#organization\",\"name\":\"Institut Europ\u00e9en des Musiques Juives\",\"url\":\"https:\\\/\\\/www.iemj.org\\\/de\\\/\",\"logo\":{\"@type\":\"ImageObject\",\"inLanguage\":\"de\",\"@id\":\"https:\\\/\\\/www.iemj.org\\\/de\\\/#\\\/schema\\\/logo\\\/image\\\/\",\"url\":\"https:\\\/\\\/www.iemj.org\\\/wp-content\\\/uploads\\\/2021\\\/09\\\/Logo-IEMJ-Paypal.jpg\",\"contentUrl\":\"https:\\\/\\\/www.iemj.org\\\/wp-content\\\/uploads\\\/2021\\\/09\\\/Logo-IEMJ-Paypal.jpg\",\"width\":150,\"height\":50,\"caption\":\"Institut Europ\u00e9en des Musiques Juives\"},\"image\":{\"@id\":\"https:\\\/\\\/www.iemj.org\\\/de\\\/#\\\/schema\\\/logo\\\/image\\\/\"},\"sameAs\":[\"https:\\\/\\\/www.facebook.com\\\/MusiquesJuives\\\/\",\"https:\\\/\\\/www.instagram.com\\\/musiquesjuives\\\/\",\"https:\\\/\\\/www.youtube.com\\\/user\\\/musiquesjuives\"]},{\"@type\":\"Person\",\"@id\":\"https:\\\/\\\/www.iemj.org\\\/de\\\/#\\\/schema\\\/person\\\/b642ef6ac700534beb3a478a1044fc58\",\"name\":\"Eleonore Biezunski\",\"image\":{\"@type\":\"ImageObject\",\"inLanguage\":\"de\",\"@id\":\"https:\\\/\\\/secure.gravatar.com\\\/avatar\\\/23ebe6af626286145e05768bed85e683b6fb680909f71fae7052aa52346a660a?s=96&d=mm&r=g\",\"url\":\"https:\\\/\\\/secure.gravatar.com\\\/avatar\\\/23ebe6af626286145e05768bed85e683b6fb680909f71fae7052aa52346a660a?s=96&d=mm&r=g\",\"contentUrl\":\"https:\\\/\\\/secure.gravatar.com\\\/avatar\\\/23ebe6af626286145e05768bed85e683b6fb680909f71fae7052aa52346a660a?s=96&d=mm&r=g\",\"caption\":\"Eleonore Biezunski\"}}]}<\/script>\n<!-- \/ Yoast SEO plugin. -->","yoast_head_json":{"title":"Tshiriboym - Nouveaux chants yiddish - Institut Europ\u00e9en des Musiques Juives","robots":{"index":"index","follow":"follow","max-snippet":"max-snippet:-1","max-image-preview":"max-image-preview:large","max-video-preview":"max-video-preview:-1"},"canonical":"https:\/\/www.iemj.org\/de\/tshiriboym-nouveaux-chants-yiddish\/","og_locale":"de_DE","og_type":"article","og_title":"Tshiriboym - Nouveaux chants yiddish - Institut Europ\u00e9en des Musiques Juives","og_description":"Haus der jiddischen Kultur &#8211; Medem-Bibliothek, 2006, 162 S.","og_url":"https:\/\/www.iemj.org\/de\/tshiriboym-nouveaux-chants-yiddish\/","og_site_name":"Institut Europ\u00e9en des Musiques Juives","article_publisher":"https:\/\/www.facebook.com\/MusiquesJuives\/","article_published_time":"2015-08-03T13:45:35+00:00","article_modified_time":"2023-05-22T13:48:32+00:00","og_image":[{"width":350,"height":491,"url":"https:\/\/www.iemj.org\/wp-content\/uploads\/2015\/08\/Tschiriboym_Grober.jpg","type":"image\/jpeg"}],"author":"Eleonore Biezunski","twitter_card":"summary_large_image","twitter_misc":{"Verfasst von":"Eleonore Biezunski","Gesch\u00e4tzte Lesezeit":"2\u00a0Minuten"},"schema":{"@context":"https:\/\/schema.org","@graph":[{"@type":"Article","@id":"https:\/\/www.iemj.org\/de\/tshiriboym-nouveaux-chants-yiddish\/#article","isPartOf":{"@id":"https:\/\/www.iemj.org\/de\/tshiriboym-nouveaux-chants-yiddish\/"},"author":{"name":"Eleonore Biezunski","@id":"https:\/\/www.iemj.org\/de\/#\/schema\/person\/b642ef6ac700534beb3a478a1044fc58"},"headline":"Tshiriboym &#8211; Nouveaux chants yiddish","datePublished":"2015-08-03T13:45:35+00:00","dateModified":"2023-05-22T13:48:32+00:00","mainEntityOfPage":{"@id":"https:\/\/www.iemj.org\/de\/tshiriboym-nouveaux-chants-yiddish\/"},"wordCount":191,"publisher":{"@id":"https:\/\/www.iemj.org\/de\/#organization"},"image":{"@id":"https:\/\/www.iemj.org\/de\/tshiriboym-nouveaux-chants-yiddish\/#primaryimage"},"thumbnailUrl":"https:\/\/www.iemj.org\/wp-content\/uploads\/2015\/08\/Tschiriboym_Grober.jpg","articleSection":["Letzte Neuerwerbungen","Partituren"],"inLanguage":"de"},{"@type":"WebPage","@id":"https:\/\/www.iemj.org\/de\/tshiriboym-nouveaux-chants-yiddish\/","url":"https:\/\/www.iemj.org\/de\/tshiriboym-nouveaux-chants-yiddish\/","name":"Tshiriboym - Nouveaux chants yiddish - Institut Europ\u00e9en des Musiques Juives","isPartOf":{"@id":"https:\/\/www.iemj.org\/de\/#website"},"primaryImageOfPage":{"@id":"https:\/\/www.iemj.org\/de\/tshiriboym-nouveaux-chants-yiddish\/#primaryimage"},"image":{"@id":"https:\/\/www.iemj.org\/de\/tshiriboym-nouveaux-chants-yiddish\/#primaryimage"},"thumbnailUrl":"https:\/\/www.iemj.org\/wp-content\/uploads\/2015\/08\/Tschiriboym_Grober.jpg","datePublished":"2015-08-03T13:45:35+00:00","dateModified":"2023-05-22T13:48:32+00:00","breadcrumb":{"@id":"https:\/\/www.iemj.org\/de\/tshiriboym-nouveaux-chants-yiddish\/#breadcrumb"},"inLanguage":"de","potentialAction":[{"@type":"ReadAction","target":["https:\/\/www.iemj.org\/de\/tshiriboym-nouveaux-chants-yiddish\/"]}]},{"@type":"ImageObject","inLanguage":"de","@id":"https:\/\/www.iemj.org\/de\/tshiriboym-nouveaux-chants-yiddish\/#primaryimage","url":"https:\/\/www.iemj.org\/wp-content\/uploads\/2015\/08\/Tschiriboym_Grober.jpg","contentUrl":"https:\/\/www.iemj.org\/wp-content\/uploads\/2015\/08\/Tschiriboym_Grober.jpg","width":350,"height":491},{"@type":"BreadcrumbList","@id":"https:\/\/www.iemj.org\/de\/tshiriboym-nouveaux-chants-yiddish\/#breadcrumb","itemListElement":[{"@type":"ListItem","position":1,"name":"Accueil","item":"https:\/\/www.iemj.org\/de\/"},{"@type":"ListItem","position":2,"name":"Tshiriboym &#8211; Nouveaux chants yiddish"}]},{"@type":"WebSite","@id":"https:\/\/www.iemj.org\/de\/#website","url":"https:\/\/www.iemj.org\/de\/","name":"Institut Europ\u00e9en des Musiques Juives","description":"Des traditions musicales \u00e0 la port\u00e9e de tous","publisher":{"@id":"https:\/\/www.iemj.org\/de\/#organization"},"potentialAction":[{"@type":"SearchAction","target":{"@type":"EntryPoint","urlTemplate":"https:\/\/www.iemj.org\/de\/?s={search_term_string}"},"query-input":{"@type":"PropertyValueSpecification","valueRequired":true,"valueName":"search_term_string"}}],"inLanguage":"de"},{"@type":"Organization","@id":"https:\/\/www.iemj.org\/de\/#organization","name":"Institut Europ\u00e9en des Musiques Juives","url":"https:\/\/www.iemj.org\/de\/","logo":{"@type":"ImageObject","inLanguage":"de","@id":"https:\/\/www.iemj.org\/de\/#\/schema\/logo\/image\/","url":"https:\/\/www.iemj.org\/wp-content\/uploads\/2021\/09\/Logo-IEMJ-Paypal.jpg","contentUrl":"https:\/\/www.iemj.org\/wp-content\/uploads\/2021\/09\/Logo-IEMJ-Paypal.jpg","width":150,"height":50,"caption":"Institut Europ\u00e9en des Musiques Juives"},"image":{"@id":"https:\/\/www.iemj.org\/de\/#\/schema\/logo\/image\/"},"sameAs":["https:\/\/www.facebook.com\/MusiquesJuives\/","https:\/\/www.instagram.com\/musiquesjuives\/","https:\/\/www.youtube.com\/user\/musiquesjuives"]},{"@type":"Person","@id":"https:\/\/www.iemj.org\/de\/#\/schema\/person\/b642ef6ac700534beb3a478a1044fc58","name":"Eleonore Biezunski","image":{"@type":"ImageObject","inLanguage":"de","@id":"https:\/\/secure.gravatar.com\/avatar\/23ebe6af626286145e05768bed85e683b6fb680909f71fae7052aa52346a660a?s=96&d=mm&r=g","url":"https:\/\/secure.gravatar.com\/avatar\/23ebe6af626286145e05768bed85e683b6fb680909f71fae7052aa52346a660a?s=96&d=mm&r=g","contentUrl":"https:\/\/secure.gravatar.com\/avatar\/23ebe6af626286145e05768bed85e683b6fb680909f71fae7052aa52346a660a?s=96&d=mm&r=g","caption":"Eleonore Biezunski"}}]}},"_links":{"self":[{"href":"https:\/\/www.iemj.org\/de\/wp-json\/wp\/v2\/posts\/94016","targetHints":{"allow":["GET"]}}],"collection":[{"href":"https:\/\/www.iemj.org\/de\/wp-json\/wp\/v2\/posts"}],"about":[{"href":"https:\/\/www.iemj.org\/de\/wp-json\/wp\/v2\/types\/post"}],"author":[{"embeddable":true,"href":"https:\/\/www.iemj.org\/de\/wp-json\/wp\/v2\/users\/1051"}],"replies":[{"embeddable":true,"href":"https:\/\/www.iemj.org\/de\/wp-json\/wp\/v2\/comments?post=94016"}],"version-history":[{"count":0,"href":"https:\/\/www.iemj.org\/de\/wp-json\/wp\/v2\/posts\/94016\/revisions"}],"wp:featuredmedia":[{"embeddable":true,"href":"https:\/\/www.iemj.org\/de\/wp-json\/wp\/v2\/media\/37909"}],"wp:attachment":[{"href":"https:\/\/www.iemj.org\/de\/wp-json\/wp\/v2\/media?parent=94016"}],"wp:term":[{"taxonomy":"category","embeddable":true,"href":"https:\/\/www.iemj.org\/de\/wp-json\/wp\/v2\/categories?post=94016"},{"taxonomy":"post_tag","embeddable":true,"href":"https:\/\/www.iemj.org\/de\/wp-json\/wp\/v2\/tags?post=94016"},{"taxonomy":"technique","embeddable":true,"href":"https:\/\/www.iemj.org\/de\/wp-json\/wp\/v2\/technique?post=94016"},{"taxonomy":"squelettes","embeddable":true,"href":"https:\/\/www.iemj.org\/de\/wp-json\/wp\/v2\/squelettes?post=94016"},{"taxonomy":"sujet","embeddable":true,"href":"https:\/\/www.iemj.org\/de\/wp-json\/wp\/v2\/sujet?post=94016"},{"taxonomy":"formation","embeddable":true,"href":"https:\/\/www.iemj.org\/de\/wp-json\/wp\/v2\/formation?post=94016"},{"taxonomy":"genre","embeddable":true,"href":"https:\/\/www.iemj.org\/de\/wp-json\/wp\/v2\/genre?post=94016"},{"taxonomy":"fonds","embeddable":true,"href":"https:\/\/www.iemj.org\/de\/wp-json\/wp\/v2\/fonds?post=94016"},{"taxonomy":"tradition","embeddable":true,"href":"https:\/\/www.iemj.org\/de\/wp-json\/wp\/v2\/tradition?post=94016"},{"taxonomy":"type-de-contenu","embeddable":true,"href":"https:\/\/www.iemj.org\/de\/wp-json\/wp\/v2\/type-de-contenu?post=94016"},{"taxonomy":"interprete-compositeur","embeddable":true,"href":"https:\/\/www.iemj.org\/de\/wp-json\/wp\/v2\/interprete-compositeur?post=94016"},{"taxonomy":"frise","embeddable":true,"href":"https:\/\/www.iemj.org\/de\/wp-json\/wp\/v2\/frise?post=94016"},{"taxonomy":"type-devenement","embeddable":true,"href":"https:\/\/www.iemj.org\/de\/wp-json\/wp\/v2\/type-devenement?post=94016"},{"taxonomy":"tableaux-liens-externes","embeddable":true,"href":"https:\/\/www.iemj.org\/de\/wp-json\/wp\/v2\/tableaux-liens-externes?post=94016"}],"curies":[{"name":"wp","href":"https:\/\/api.w.org\/{rel}","templated":true}]}}