{"id":94109,"date":"2019-02-19T15:55:50","date_gmt":"2019-02-19T14:55:50","guid":{"rendered":"https:\/\/www.iemj.org\/perdu-dans-les-etoiles-ou-le-destin-juif-de-kurt-weill\/"},"modified":"2023-05-29T16:42:58","modified_gmt":"2023-05-29T14:42:58","slug":"perdu-dans-les-etoiles-ou-le-destin-juif-de-kurt-weill","status":"publish","type":"post","link":"https:\/\/www.iemj.org\/de\/perdu-dans-les-etoiles-ou-le-destin-juif-de-kurt-weill\/","title":{"rendered":"Verloren in den Sternen oder Das j\u00fcdische Schicksal von Kurt Weill"},"content":{"rendered":"<p>Editions au Net, 2018<\/p>\n<p>In der Einleitung zu seinem neuesten Werk<em> Perdu dans les \u00e9toiles<\/em> ou <em>Le destin juif<\/em> de Kurt Weill (Verloren in den Sternen oder Das j\u00fcdische Schicksal von Kurt Weill) stellt Roland B\u00e9licha die Frage nach Kurt Weills Verh\u00e4ltnis zu seiner j\u00fcdischen Identit\u00e4t. Kurt Weill, ein kosmopolitischer Komponist, der 1926 die nichtj\u00fcdische S\u00e4ngerin Lotte Lenya heiratete, sich 1933 von ihr trennte und sie 1937 erneut heiratete, dr\u00fcckt in seinem musikalischen Werk nicht offen eine j\u00fcdische Dimension aus. Und doch, wie Roland B\u00e9licha in der Einleitung seines Buches schreibt: &#8222;Auf dem Weg dorthin wurde mir klar, dass sein Werk von mehreren Kompositionen mit Bezug zur j\u00fcdischen Welt durchzogen ist. Und letztendlich kann man sagen, dass Kurt Weill sich sein ganzes Leben lang als Jude gef\u00fchlt hat und sich sehr mit dem Leiden des j\u00fcdischen Volkes auseinandergesetzt hat, da er selbst nur knapp der Nazi-Barbarei entkommen war.&#8220;<\/p>\n<p><a href=\"https:\/\/www.iemj.org\/de\/weill-kurt-1900-1950\/\">Kurt Weill<\/a> wurde am 2. M\u00e4rz 1900 in Dessau (Deutschland) als drittes von vier Kindern von Emma Ackermann und Albert Weill, Kantor an der Synagoge in Dessau (von 1899 bis 1919) und Komponist, haupts\u00e4chlich von liturgischer Musik, geboren. Der Komponist wuchs von klein auf mit den Kl\u00e4ngen der Synagogenmusik auf. Zu seinen Vorfahren z\u00e4hlten zahlreiche Rabbiner (darunter Jakob Weil, der um 1390 in dem Weiler Weill der Stadt unweit von Stuttgart geboren wurde). 1955, f\u00fcnf Jahre nach dem Tod ihres Sohnes, erkl\u00e4rte Emma Weill, die Mutter des Komponisten, nicht ohne Ironie: &#8222;Zu unserer gro\u00dfen Freude war Kurt Weill ein Komponist. Wir h\u00e4tten noch einen Rabbi mehr haben k\u00f6nnen, oder auch einen Arzt&#8220;.<\/p>\n<figure id=\"attachment_22863\" aria-describedby=\"caption-attachment-22863\" style=\"width: 301px\" class=\"wp-caption alignleft\"><img fetchpriority=\"high\" decoding=\"async\" class=\"wp-image-22863 \" src=\"https:\/\/www.iemj.org\/wp-content\/uploads\/2019\/02\/l_787_couv_-_380px_vertic-214x300.jpg\" alt=\"l_787_couv_-_380px_vertic.jpg\" width=\"301\" height=\"422\" srcset=\"https:\/\/www.iemj.org\/wp-content\/uploads\/2019\/02\/l_787_couv_-_380px_vertic-214x300.jpg 214w, https:\/\/www.iemj.org\/wp-content\/uploads\/2019\/02\/l_787_couv_-_380px_vertic.jpg 271w\" sizes=\"(max-width: 301px) 100vw, 301px\" \/><figcaption id=\"caption-attachment-22863\" class=\"wp-caption-text\"><strong><em>Kurt Weill et la France, <\/em><\/strong><strong>\u00c9dition du R\u00e9veil des combattants, <\/strong><strong>Villejuif, 1996, 96 S<\/strong><\/figcaption><\/figure>\n<p>Unter den fr\u00fchen Kompositionen von Kurt Weill befinden sich f\u00fcnf j\u00fcdisch inspirierte Werke:<br \/>\n&#8211; <em>Mi Addir<\/em> (1913) (Gebet, das bei aschkenasisch-j\u00fcdischen Hochzeiten gesungen wird).<br \/>\n&#8211; <em>Gebet<\/em> (1915) (ein St\u00fcck, das f\u00fcr die religi\u00f6se Vollj\u00e4hrigkeit seiner Schwester komponiert wurde).<br \/>\n&#8211; <em>Ofrahs Lieder<\/em> (1916) (Zyklus f\u00fcr Stimme und Klavier nach Gedichten von Juda Halevi).<br \/>\n&#8211; <em>Sulamith<\/em> (1920) (Chorfantasie f\u00fcr Sopran, Frauenchor und Orchester \u00fcber ein Thema aus dem Hohen Lied).<br \/>\n&#8211; <em>Recordare<\/em> (1923) (A-cappella-Motette f\u00fcr vierstimmigen Chor und Kinderchor, basierend auf dem f\u00fcnften Kapitel der Klagelieder Jeremias).<\/p>\n<p>Zwischen 1923 und 1937 hatten Kurt Weills Werke keine Verbindung mehr zum Judentum. Doch der Aufstieg des Nationalsozialismus und des Antisemitismus, der den Komponisten zwang, ins Exil zu gehen, zun\u00e4chst 1933 nach Frankreich und 1935 in die USA, veranlasste Kurt Weill dazu, sich wieder auf seine j\u00fcdischen Wurzeln zu besinnen.<br \/>\nIm November 1933 kam Meyer Weisgal nach Paris, um Max Reinhardt ein Projekt f\u00fcr eine gro\u00dfe Auff\u00fchrung \u00fcber die Geschichte des j\u00fcdischen Volkes zu erl\u00e4utern, um der Welt die Bedrohungen vor Augen zu f\u00fchren, denen es ausgesetzt war. Ein \u00e4hnliches Projekt war bereits 1927 von Arnold Sch\u00f6nberg mit <em>Der biblische Weg<\/em> konzipiert worden. Reinhard kontaktierte daraufhin Franz Werfel, um das Libretto zu schreiben, und Kurt Weill, um die Musik zu komponieren. Das Projekt verz\u00f6gerte sich und wurde schlie\u00dflich in den USA erst 1937 mit der Urauff\u00fchrung des Oratoriums <em>The Eternal Road<\/em> in New York vollendet. Roland B\u00e9licha zufolge &#8222;studierte Weill f\u00fcr dieses Werk Partituren hebr\u00e4ischer Musik, die ihm sein Vater, ein Komponist liturgischer Musik, geschickt hatte.&#8220; The Eternal Road besteht aus vier Teilen: 1. Die Patriarchen, 2. Moses, 3. Die K\u00f6nige und 4. Die Propheten.<br \/>\nWie Pascal Huynh, Musikwissenschaftler und Autor mehrerer B\u00fccher \u00fcber Kurt Weill, feststellt, ist <em>The Eternal Road<\/em> ein entscheidender Schritt in Weills Anerkennung seiner Zugeh\u00f6rigkeit zur j\u00fcdischen Kultur.<\/p>\n<figure id=\"attachment_22865\" aria-describedby=\"caption-attachment-22865\" style=\"width: 301px\" class=\"wp-caption alignright\"><img decoding=\"async\" class=\"wp-image-22865 \" src=\"https:\/\/www.iemj.org\/wp-content\/uploads\/2019\/02\/l_788_couv_-_380px_vertic-212x300.jpg\" alt=\"l_788_couv_-_380px_vertic.jpg\" width=\"301\" height=\"426\" srcset=\"https:\/\/www.iemj.org\/wp-content\/uploads\/2019\/02\/l_788_couv_-_380px_vertic-212x300.jpg 212w, https:\/\/www.iemj.org\/wp-content\/uploads\/2019\/02\/l_788_couv_-_380px_vertic.jpg 268w\" sizes=\"(max-width: 301px) 100vw, 301px\" \/><figcaption id=\"caption-attachment-22865\" class=\"wp-caption-text\"><strong><em>Kurt Weill et la France<\/em><\/strong><strong>. <\/strong><strong>Dokumente ausgew\u00e4hlt und kommentiert von Roland B\u00e9licha, \u00c9ditions du Net, Paris, 2011, 184 S.<\/strong><\/figcaption><\/figure>\n<p>1938 schrieb Kurt Weill <em>Two Folk Songs<\/em> of the <em>New Palestin<\/em>. Es handelt sich um zwei Bearbeitungen von Liedern, die f\u00fcr die j\u00fcdischen Pioniere in Pal\u00e4stina geschrieben wurden: <em>Havu l&#8217;venim<\/em> (komponiert von Mordechai Ze\u00efra mit einem Text von Alexander Penn) und <em>Baa m&#8217;nucha<\/em> (komponiert von Daniel Samburski mit einem Text von Natan Alterman). Diese beiden Melodien f\u00fcr Stimme und Klavier wurden in zwei Serien von <em>Folk Songs<\/em> ver\u00f6ffentlicht, die auch Arrangements von anderen Komponisten wie Darius Milhaud und Aaron Copland enthielten.<\/p>\n<p>1943 komponierte Weill <em>We Will Never Die &#8211; A Memorial<\/em> f\u00fcr Tenorsolo, Erz\u00e4hler und Orchester, das den zwei Millionen toten Juden in Europa gewidmet war. Im selben Jahr wurde Kurt Weill amerikanischer Staatsb\u00fcrger.<\/p>\n<p>Im M\u00e4rz 1946 komponierte Weill auf Wunsch des Kantors David Putterman einen <em>Kiddusch<\/em> f\u00fcr das 75-j\u00e4hrige Jubil\u00e4um der Park Avenue Synagoge in New York. Das Werk ist seinem Vater gewidmet.<\/p>\n<p>Als Kurt Weill 1947 nach Pal\u00e4stina reiste, um seine Eltern zu besuchen, die seit 1935 in Nahariya lebten, traf er Chaim Weizmann, den sp\u00e4teren ersten Pr\u00e4sidenten des Staates Israel, der ihn bat, eine Orchestrierung der <em>Hatikvah<\/em> zu schreiben, der zionistischen Hymne, die Jahre sp\u00e4ter die Hymne des Staates Israel werden sollte. Diese orchestrale Bearbeitung der <em>Hatikvah<\/em> wurde am 25. November 1947 in New York uraufgef\u00fchrt.<\/p>\n<p>Zweieinhalb Jahre sp\u00e4ter, am 3. April 1950, starb Kurt Weill in New York an einem Herzinfarkt.<\/p>\n<p>\u200e<a href=\"http:\/\/www.rachelnet.net\/F\/?func=find-c&amp;ccl_term=WRD+%3D+roland+b%C3%A9licha&amp;local_base=iemcg\" target=\"_blank\" rel=\"noopener\">Die drei Werke von Roland B\u00e9licha \u00fcber Kurt Weill, die der Autor dem Institut Europ\u00e9en des Musiques Juives geschenkt hat, k\u00f6nnen nun in der Mediathek Halphen eingesehen werden.<\/a><br \/>\n<a href=\"https:\/\/www.iemj.org\/de\/weill-kurt-1900-1950\/\" target=\"_blank\" rel=\"noopener\">Lesen Sie die Biografie \u00fcber Kurt Weill<\/a><\/p>\n<p><a href=\"https:\/\/www.iemj.org\/de\/kurt-weill-1900-1950\/\" target=\"_blank\" rel=\"noopener\">Die Kurt Weill gewidmete Playlist anh\u00f6ren<\/a><\/p>\n","protected":false},"excerpt":{"rendered":"<p>Editions au Net, 2018 In der Einleitung zu seinem neuesten Werk Perdu dans les \u00e9toiles ou Le destin juif de Kurt Weill (Verloren in den Sternen oder Das j\u00fcdische Schicksal<\/p>\n","protected":false},"author":5,"featured_media":94110,"comment_status":"closed","ping_status":"open","sticky":false,"template":"","format":"standard","meta":{"_acf_changed":false,"footnotes":""},"categories":[1578,1561],"tags":[],"technique":[],"squelettes":[],"sujet":[],"formation":[],"genre":[1900],"fonds":[],"tradition":[],"type-de-contenu":[],"interprete-compositeur":[3228],"frise":[],"type-devenement":[],"tableaux-liens-externes":[],"class_list":["post-94109","post","type-post","status-publish","format-standard","has-post-thumbnail","hentry","category-bucher-artikel-de","category-letzte-neuerwerbungen-de","genre-klassische-musik-de","interprete-compositeur-kurt-weill-de"],"acf":[],"yoast_head":"<!-- This site is optimized with the Yoast SEO plugin v27.3 - https:\/\/yoast.com\/product\/yoast-seo-wordpress\/ -->\n<title>Verloren in den Sternen oder Das j\u00fcdische Schicksal von Kurt Weill - Institut Europ\u00e9en des Musiques Juives<\/title>\n<meta name=\"robots\" content=\"index, follow, max-snippet:-1, max-image-preview:large, max-video-preview:-1\" \/>\n<link rel=\"canonical\" href=\"https:\/\/www.iemj.org\/de\/perdu-dans-les-etoiles-ou-le-destin-juif-de-kurt-weill\/\" \/>\n<meta property=\"og:locale\" content=\"de_DE\" \/>\n<meta property=\"og:type\" content=\"article\" \/>\n<meta property=\"og:title\" content=\"Verloren in den Sternen oder Das j\u00fcdische Schicksal von Kurt Weill - Institut Europ\u00e9en des Musiques Juives\" \/>\n<meta property=\"og:description\" content=\"Editions au Net, 2018 In der Einleitung zu seinem neuesten Werk Perdu dans les \u00e9toiles ou Le destin juif de Kurt Weill (Verloren in den Sternen oder Das j\u00fcdische Schicksal\" \/>\n<meta property=\"og:url\" content=\"https:\/\/www.iemj.org\/de\/perdu-dans-les-etoiles-ou-le-destin-juif-de-kurt-weill\/\" \/>\n<meta property=\"og:site_name\" content=\"Institut Europ\u00e9en des Musiques Juives\" \/>\n<meta property=\"article:publisher\" content=\"https:\/\/www.facebook.com\/MusiquesJuives\/\" \/>\n<meta property=\"article:published_time\" content=\"2019-02-19T14:55:50+00:00\" \/>\n<meta property=\"article:modified_time\" content=\"2023-05-29T14:42:58+00:00\" \/>\n<meta property=\"og:image\" content=\"https:\/\/www.iemj.org\/wp-content\/uploads\/2019\/02\/arton3956.jpg\" \/>\n\t<meta property=\"og:image:width\" content=\"316\" \/>\n\t<meta property=\"og:image:height\" content=\"448\" \/>\n\t<meta property=\"og:image:type\" content=\"image\/jpeg\" \/>\n<meta name=\"author\" content=\"Jacqueline ROTEN\" \/>\n<meta name=\"twitter:card\" content=\"summary_large_image\" \/>\n<meta name=\"twitter:label1\" content=\"Verfasst von\" \/>\n\t<meta name=\"twitter:data1\" content=\"Jacqueline ROTEN\" \/>\n\t<meta name=\"twitter:label2\" content=\"Gesch\u00e4tzte Lesezeit\" \/>\n\t<meta name=\"twitter:data2\" content=\"5\u00a0Minuten\" \/>\n<script type=\"application\/ld+json\" class=\"yoast-schema-graph\">{\"@context\":\"https:\\\/\\\/schema.org\",\"@graph\":[{\"@type\":\"Article\",\"@id\":\"https:\\\/\\\/www.iemj.org\\\/de\\\/perdu-dans-les-etoiles-ou-le-destin-juif-de-kurt-weill\\\/#article\",\"isPartOf\":{\"@id\":\"https:\\\/\\\/www.iemj.org\\\/de\\\/perdu-dans-les-etoiles-ou-le-destin-juif-de-kurt-weill\\\/\"},\"author\":{\"name\":\"Jacqueline ROTEN\",\"@id\":\"https:\\\/\\\/www.iemj.org\\\/de\\\/#\\\/schema\\\/person\\\/358e26c18aca017fcc4cc15437f7279c\"},\"headline\":\"Verloren in den Sternen oder Das j\u00fcdische Schicksal von Kurt Weill\",\"datePublished\":\"2019-02-19T14:55:50+00:00\",\"dateModified\":\"2023-05-29T14:42:58+00:00\",\"mainEntityOfPage\":{\"@id\":\"https:\\\/\\\/www.iemj.org\\\/de\\\/perdu-dans-les-etoiles-ou-le-destin-juif-de-kurt-weill\\\/\"},\"wordCount\":924,\"publisher\":{\"@id\":\"https:\\\/\\\/www.iemj.org\\\/de\\\/#organization\"},\"image\":{\"@id\":\"https:\\\/\\\/www.iemj.org\\\/de\\\/perdu-dans-les-etoiles-ou-le-destin-juif-de-kurt-weill\\\/#primaryimage\"},\"thumbnailUrl\":\"https:\\\/\\\/www.iemj.org\\\/wp-content\\\/uploads\\\/2019\\\/02\\\/arton3956.jpg\",\"articleSection\":[\"B\u00fccher, Artikel\",\"Letzte Neuerwerbungen\"],\"inLanguage\":\"de\"},{\"@type\":\"WebPage\",\"@id\":\"https:\\\/\\\/www.iemj.org\\\/de\\\/perdu-dans-les-etoiles-ou-le-destin-juif-de-kurt-weill\\\/\",\"url\":\"https:\\\/\\\/www.iemj.org\\\/de\\\/perdu-dans-les-etoiles-ou-le-destin-juif-de-kurt-weill\\\/\",\"name\":\"Verloren in den Sternen oder Das j\u00fcdische Schicksal von Kurt Weill - Institut Europ\u00e9en des Musiques Juives\",\"isPartOf\":{\"@id\":\"https:\\\/\\\/www.iemj.org\\\/de\\\/#website\"},\"primaryImageOfPage\":{\"@id\":\"https:\\\/\\\/www.iemj.org\\\/de\\\/perdu-dans-les-etoiles-ou-le-destin-juif-de-kurt-weill\\\/#primaryimage\"},\"image\":{\"@id\":\"https:\\\/\\\/www.iemj.org\\\/de\\\/perdu-dans-les-etoiles-ou-le-destin-juif-de-kurt-weill\\\/#primaryimage\"},\"thumbnailUrl\":\"https:\\\/\\\/www.iemj.org\\\/wp-content\\\/uploads\\\/2019\\\/02\\\/arton3956.jpg\",\"datePublished\":\"2019-02-19T14:55:50+00:00\",\"dateModified\":\"2023-05-29T14:42:58+00:00\",\"breadcrumb\":{\"@id\":\"https:\\\/\\\/www.iemj.org\\\/de\\\/perdu-dans-les-etoiles-ou-le-destin-juif-de-kurt-weill\\\/#breadcrumb\"},\"inLanguage\":\"de\",\"potentialAction\":[{\"@type\":\"ReadAction\",\"target\":[\"https:\\\/\\\/www.iemj.org\\\/de\\\/perdu-dans-les-etoiles-ou-le-destin-juif-de-kurt-weill\\\/\"]}]},{\"@type\":\"ImageObject\",\"inLanguage\":\"de\",\"@id\":\"https:\\\/\\\/www.iemj.org\\\/de\\\/perdu-dans-les-etoiles-ou-le-destin-juif-de-kurt-weill\\\/#primaryimage\",\"url\":\"https:\\\/\\\/www.iemj.org\\\/wp-content\\\/uploads\\\/2019\\\/02\\\/arton3956.jpg\",\"contentUrl\":\"https:\\\/\\\/www.iemj.org\\\/wp-content\\\/uploads\\\/2019\\\/02\\\/arton3956.jpg\",\"width\":316,\"height\":448},{\"@type\":\"BreadcrumbList\",\"@id\":\"https:\\\/\\\/www.iemj.org\\\/de\\\/perdu-dans-les-etoiles-ou-le-destin-juif-de-kurt-weill\\\/#breadcrumb\",\"itemListElement\":[{\"@type\":\"ListItem\",\"position\":1,\"name\":\"Accueil\",\"item\":\"https:\\\/\\\/www.iemj.org\\\/de\\\/\"},{\"@type\":\"ListItem\",\"position\":2,\"name\":\"Verloren in den Sternen oder Das j\u00fcdische Schicksal von Kurt Weill\"}]},{\"@type\":\"WebSite\",\"@id\":\"https:\\\/\\\/www.iemj.org\\\/de\\\/#website\",\"url\":\"https:\\\/\\\/www.iemj.org\\\/de\\\/\",\"name\":\"Institut Europ\u00e9en des Musiques Juives\",\"description\":\"Des traditions musicales \u00e0 la port\u00e9e de tous\",\"publisher\":{\"@id\":\"https:\\\/\\\/www.iemj.org\\\/de\\\/#organization\"},\"potentialAction\":[{\"@type\":\"SearchAction\",\"target\":{\"@type\":\"EntryPoint\",\"urlTemplate\":\"https:\\\/\\\/www.iemj.org\\\/de\\\/?s={search_term_string}\"},\"query-input\":{\"@type\":\"PropertyValueSpecification\",\"valueRequired\":true,\"valueName\":\"search_term_string\"}}],\"inLanguage\":\"de\"},{\"@type\":\"Organization\",\"@id\":\"https:\\\/\\\/www.iemj.org\\\/de\\\/#organization\",\"name\":\"Institut Europ\u00e9en des Musiques Juives\",\"url\":\"https:\\\/\\\/www.iemj.org\\\/de\\\/\",\"logo\":{\"@type\":\"ImageObject\",\"inLanguage\":\"de\",\"@id\":\"https:\\\/\\\/www.iemj.org\\\/de\\\/#\\\/schema\\\/logo\\\/image\\\/\",\"url\":\"https:\\\/\\\/www.iemj.org\\\/wp-content\\\/uploads\\\/2021\\\/09\\\/Logo-IEMJ-Paypal.jpg\",\"contentUrl\":\"https:\\\/\\\/www.iemj.org\\\/wp-content\\\/uploads\\\/2021\\\/09\\\/Logo-IEMJ-Paypal.jpg\",\"width\":150,\"height\":50,\"caption\":\"Institut Europ\u00e9en des Musiques Juives\"},\"image\":{\"@id\":\"https:\\\/\\\/www.iemj.org\\\/de\\\/#\\\/schema\\\/logo\\\/image\\\/\"},\"sameAs\":[\"https:\\\/\\\/www.facebook.com\\\/MusiquesJuives\\\/\",\"https:\\\/\\\/www.instagram.com\\\/musiquesjuives\\\/\",\"https:\\\/\\\/www.youtube.com\\\/user\\\/musiquesjuives\"]},{\"@type\":\"Person\",\"@id\":\"https:\\\/\\\/www.iemj.org\\\/de\\\/#\\\/schema\\\/person\\\/358e26c18aca017fcc4cc15437f7279c\",\"name\":\"Jacqueline ROTEN\",\"image\":{\"@type\":\"ImageObject\",\"inLanguage\":\"de\",\"@id\":\"https:\\\/\\\/secure.gravatar.com\\\/avatar\\\/5964256d6c6957de3a3505278957e0fb2a35119ac47ea41827a65301213c810b?s=96&d=mm&r=g\",\"url\":\"https:\\\/\\\/secure.gravatar.com\\\/avatar\\\/5964256d6c6957de3a3505278957e0fb2a35119ac47ea41827a65301213c810b?s=96&d=mm&r=g\",\"contentUrl\":\"https:\\\/\\\/secure.gravatar.com\\\/avatar\\\/5964256d6c6957de3a3505278957e0fb2a35119ac47ea41827a65301213c810b?s=96&d=mm&r=g\",\"caption\":\"Jacqueline ROTEN\"}}]}<\/script>\n<!-- \/ Yoast SEO plugin. -->","yoast_head_json":{"title":"Verloren in den Sternen oder Das j\u00fcdische Schicksal von Kurt Weill - Institut Europ\u00e9en des Musiques Juives","robots":{"index":"index","follow":"follow","max-snippet":"max-snippet:-1","max-image-preview":"max-image-preview:large","max-video-preview":"max-video-preview:-1"},"canonical":"https:\/\/www.iemj.org\/de\/perdu-dans-les-etoiles-ou-le-destin-juif-de-kurt-weill\/","og_locale":"de_DE","og_type":"article","og_title":"Verloren in den Sternen oder Das j\u00fcdische Schicksal von Kurt Weill - Institut Europ\u00e9en des Musiques Juives","og_description":"Editions au Net, 2018 In der Einleitung zu seinem neuesten Werk Perdu dans les \u00e9toiles ou Le destin juif de Kurt Weill (Verloren in den Sternen oder Das j\u00fcdische Schicksal","og_url":"https:\/\/www.iemj.org\/de\/perdu-dans-les-etoiles-ou-le-destin-juif-de-kurt-weill\/","og_site_name":"Institut Europ\u00e9en des Musiques Juives","article_publisher":"https:\/\/www.facebook.com\/MusiquesJuives\/","article_published_time":"2019-02-19T14:55:50+00:00","article_modified_time":"2023-05-29T14:42:58+00:00","og_image":[{"width":316,"height":448,"url":"https:\/\/www.iemj.org\/wp-content\/uploads\/2019\/02\/arton3956.jpg","type":"image\/jpeg"}],"author":"Jacqueline ROTEN","twitter_card":"summary_large_image","twitter_misc":{"Verfasst von":"Jacqueline ROTEN","Gesch\u00e4tzte Lesezeit":"5\u00a0Minuten"},"schema":{"@context":"https:\/\/schema.org","@graph":[{"@type":"Article","@id":"https:\/\/www.iemj.org\/de\/perdu-dans-les-etoiles-ou-le-destin-juif-de-kurt-weill\/#article","isPartOf":{"@id":"https:\/\/www.iemj.org\/de\/perdu-dans-les-etoiles-ou-le-destin-juif-de-kurt-weill\/"},"author":{"name":"Jacqueline ROTEN","@id":"https:\/\/www.iemj.org\/de\/#\/schema\/person\/358e26c18aca017fcc4cc15437f7279c"},"headline":"Verloren in den Sternen oder Das j\u00fcdische Schicksal von Kurt Weill","datePublished":"2019-02-19T14:55:50+00:00","dateModified":"2023-05-29T14:42:58+00:00","mainEntityOfPage":{"@id":"https:\/\/www.iemj.org\/de\/perdu-dans-les-etoiles-ou-le-destin-juif-de-kurt-weill\/"},"wordCount":924,"publisher":{"@id":"https:\/\/www.iemj.org\/de\/#organization"},"image":{"@id":"https:\/\/www.iemj.org\/de\/perdu-dans-les-etoiles-ou-le-destin-juif-de-kurt-weill\/#primaryimage"},"thumbnailUrl":"https:\/\/www.iemj.org\/wp-content\/uploads\/2019\/02\/arton3956.jpg","articleSection":["B\u00fccher, Artikel","Letzte Neuerwerbungen"],"inLanguage":"de"},{"@type":"WebPage","@id":"https:\/\/www.iemj.org\/de\/perdu-dans-les-etoiles-ou-le-destin-juif-de-kurt-weill\/","url":"https:\/\/www.iemj.org\/de\/perdu-dans-les-etoiles-ou-le-destin-juif-de-kurt-weill\/","name":"Verloren in den Sternen oder Das j\u00fcdische Schicksal von Kurt Weill - Institut Europ\u00e9en des Musiques Juives","isPartOf":{"@id":"https:\/\/www.iemj.org\/de\/#website"},"primaryImageOfPage":{"@id":"https:\/\/www.iemj.org\/de\/perdu-dans-les-etoiles-ou-le-destin-juif-de-kurt-weill\/#primaryimage"},"image":{"@id":"https:\/\/www.iemj.org\/de\/perdu-dans-les-etoiles-ou-le-destin-juif-de-kurt-weill\/#primaryimage"},"thumbnailUrl":"https:\/\/www.iemj.org\/wp-content\/uploads\/2019\/02\/arton3956.jpg","datePublished":"2019-02-19T14:55:50+00:00","dateModified":"2023-05-29T14:42:58+00:00","breadcrumb":{"@id":"https:\/\/www.iemj.org\/de\/perdu-dans-les-etoiles-ou-le-destin-juif-de-kurt-weill\/#breadcrumb"},"inLanguage":"de","potentialAction":[{"@type":"ReadAction","target":["https:\/\/www.iemj.org\/de\/perdu-dans-les-etoiles-ou-le-destin-juif-de-kurt-weill\/"]}]},{"@type":"ImageObject","inLanguage":"de","@id":"https:\/\/www.iemj.org\/de\/perdu-dans-les-etoiles-ou-le-destin-juif-de-kurt-weill\/#primaryimage","url":"https:\/\/www.iemj.org\/wp-content\/uploads\/2019\/02\/arton3956.jpg","contentUrl":"https:\/\/www.iemj.org\/wp-content\/uploads\/2019\/02\/arton3956.jpg","width":316,"height":448},{"@type":"BreadcrumbList","@id":"https:\/\/www.iemj.org\/de\/perdu-dans-les-etoiles-ou-le-destin-juif-de-kurt-weill\/#breadcrumb","itemListElement":[{"@type":"ListItem","position":1,"name":"Accueil","item":"https:\/\/www.iemj.org\/de\/"},{"@type":"ListItem","position":2,"name":"Verloren in den Sternen oder Das j\u00fcdische Schicksal von Kurt Weill"}]},{"@type":"WebSite","@id":"https:\/\/www.iemj.org\/de\/#website","url":"https:\/\/www.iemj.org\/de\/","name":"Institut Europ\u00e9en des Musiques Juives","description":"Des traditions musicales \u00e0 la port\u00e9e de tous","publisher":{"@id":"https:\/\/www.iemj.org\/de\/#organization"},"potentialAction":[{"@type":"SearchAction","target":{"@type":"EntryPoint","urlTemplate":"https:\/\/www.iemj.org\/de\/?s={search_term_string}"},"query-input":{"@type":"PropertyValueSpecification","valueRequired":true,"valueName":"search_term_string"}}],"inLanguage":"de"},{"@type":"Organization","@id":"https:\/\/www.iemj.org\/de\/#organization","name":"Institut Europ\u00e9en des Musiques Juives","url":"https:\/\/www.iemj.org\/de\/","logo":{"@type":"ImageObject","inLanguage":"de","@id":"https:\/\/www.iemj.org\/de\/#\/schema\/logo\/image\/","url":"https:\/\/www.iemj.org\/wp-content\/uploads\/2021\/09\/Logo-IEMJ-Paypal.jpg","contentUrl":"https:\/\/www.iemj.org\/wp-content\/uploads\/2021\/09\/Logo-IEMJ-Paypal.jpg","width":150,"height":50,"caption":"Institut Europ\u00e9en des Musiques Juives"},"image":{"@id":"https:\/\/www.iemj.org\/de\/#\/schema\/logo\/image\/"},"sameAs":["https:\/\/www.facebook.com\/MusiquesJuives\/","https:\/\/www.instagram.com\/musiquesjuives\/","https:\/\/www.youtube.com\/user\/musiquesjuives"]},{"@type":"Person","@id":"https:\/\/www.iemj.org\/de\/#\/schema\/person\/358e26c18aca017fcc4cc15437f7279c","name":"Jacqueline ROTEN","image":{"@type":"ImageObject","inLanguage":"de","@id":"https:\/\/secure.gravatar.com\/avatar\/5964256d6c6957de3a3505278957e0fb2a35119ac47ea41827a65301213c810b?s=96&d=mm&r=g","url":"https:\/\/secure.gravatar.com\/avatar\/5964256d6c6957de3a3505278957e0fb2a35119ac47ea41827a65301213c810b?s=96&d=mm&r=g","contentUrl":"https:\/\/secure.gravatar.com\/avatar\/5964256d6c6957de3a3505278957e0fb2a35119ac47ea41827a65301213c810b?s=96&d=mm&r=g","caption":"Jacqueline ROTEN"}}]}},"_links":{"self":[{"href":"https:\/\/www.iemj.org\/de\/wp-json\/wp\/v2\/posts\/94109","targetHints":{"allow":["GET"]}}],"collection":[{"href":"https:\/\/www.iemj.org\/de\/wp-json\/wp\/v2\/posts"}],"about":[{"href":"https:\/\/www.iemj.org\/de\/wp-json\/wp\/v2\/types\/post"}],"author":[{"embeddable":true,"href":"https:\/\/www.iemj.org\/de\/wp-json\/wp\/v2\/users\/5"}],"replies":[{"embeddable":true,"href":"https:\/\/www.iemj.org\/de\/wp-json\/wp\/v2\/comments?post=94109"}],"version-history":[{"count":0,"href":"https:\/\/www.iemj.org\/de\/wp-json\/wp\/v2\/posts\/94109\/revisions"}],"wp:featuredmedia":[{"embeddable":true,"href":"https:\/\/www.iemj.org\/de\/wp-json\/wp\/v2\/media\/94110"}],"wp:attachment":[{"href":"https:\/\/www.iemj.org\/de\/wp-json\/wp\/v2\/media?parent=94109"}],"wp:term":[{"taxonomy":"category","embeddable":true,"href":"https:\/\/www.iemj.org\/de\/wp-json\/wp\/v2\/categories?post=94109"},{"taxonomy":"post_tag","embeddable":true,"href":"https:\/\/www.iemj.org\/de\/wp-json\/wp\/v2\/tags?post=94109"},{"taxonomy":"technique","embeddable":true,"href":"https:\/\/www.iemj.org\/de\/wp-json\/wp\/v2\/technique?post=94109"},{"taxonomy":"squelettes","embeddable":true,"href":"https:\/\/www.iemj.org\/de\/wp-json\/wp\/v2\/squelettes?post=94109"},{"taxonomy":"sujet","embeddable":true,"href":"https:\/\/www.iemj.org\/de\/wp-json\/wp\/v2\/sujet?post=94109"},{"taxonomy":"formation","embeddable":true,"href":"https:\/\/www.iemj.org\/de\/wp-json\/wp\/v2\/formation?post=94109"},{"taxonomy":"genre","embeddable":true,"href":"https:\/\/www.iemj.org\/de\/wp-json\/wp\/v2\/genre?post=94109"},{"taxonomy":"fonds","embeddable":true,"href":"https:\/\/www.iemj.org\/de\/wp-json\/wp\/v2\/fonds?post=94109"},{"taxonomy":"tradition","embeddable":true,"href":"https:\/\/www.iemj.org\/de\/wp-json\/wp\/v2\/tradition?post=94109"},{"taxonomy":"type-de-contenu","embeddable":true,"href":"https:\/\/www.iemj.org\/de\/wp-json\/wp\/v2\/type-de-contenu?post=94109"},{"taxonomy":"interprete-compositeur","embeddable":true,"href":"https:\/\/www.iemj.org\/de\/wp-json\/wp\/v2\/interprete-compositeur?post=94109"},{"taxonomy":"frise","embeddable":true,"href":"https:\/\/www.iemj.org\/de\/wp-json\/wp\/v2\/frise?post=94109"},{"taxonomy":"type-devenement","embeddable":true,"href":"https:\/\/www.iemj.org\/de\/wp-json\/wp\/v2\/type-devenement?post=94109"},{"taxonomy":"tableaux-liens-externes","embeddable":true,"href":"https:\/\/www.iemj.org\/de\/wp-json\/wp\/v2\/tableaux-liens-externes?post=94109"}],"curies":[{"name":"wp","href":"https:\/\/api.w.org\/{rel}","templated":true}]}}