{"id":94207,"date":"2023-02-14T13:01:50","date_gmt":"2023-02-14T12:01:50","guid":{"rendered":"https:\/\/www.iemj.org\/concert-de-sortie-dalbum-kalarash\/"},"modified":"2023-02-23T09:59:20","modified_gmt":"2023-02-23T08:59:20","slug":"concert-de-sortie-dalbum-kalarash","status":"publish","type":"post","link":"https:\/\/www.iemj.org\/de\/concert-de-sortie-dalbum-kalarash\/","title":{"rendered":"ALBUM-RELEASE-KONZERT KALARASH"},"content":{"rendered":"<p>Die Gruppe <strong>Kalarash<\/strong> erkundet seit 12 Jahren die traditionelle Musik Osteuropas und des Balkans. Kalarash besteht aus 5 Musikern und tritt regelm\u00e4\u00dfig in Frankreich und im Ausland auf.<\/p>\n<p>Der Name der Band bezieht sich auf eine bekannte Klezmer-Melodie, aber auch auf eine kleine Stadt in Moldawien (C\u0103l\u0103ra\u0219i, was &#8222;Die Reiter&#8220; bedeutet), in deren Stra\u00dfen Melodien erklingen, die von der rum\u00e4nischen, der Zigeuner- und der Klezmer-Folklore inspiriert sind. Mit diesem Anspruch im R\u00fccken l\u00e4sst sich Kalarash von diesen kleinen Streichorchestern &#8211; der Taraf f\u00fcr die rum\u00e4nische Lautar-Musik oder der Kapelye f\u00fcr die Klezmer-Musik &#8211; inspirieren und interpretiert mal zeremonielle, mal lebhafte Tanzmelodien, traditionelle jiddische Lieder und Kabarettlieder, rum\u00e4nische Balladen und andere \u00dcberraschungen.<\/p>\n<p>Auf dem Programm stehen Klezmermusik, jiddische und franz\u00f6sische Lieder! Dann wird getanzt!<\/p>\n<h2 style=\"text-align: center;\"><span style=\"color: #3c4b98;\"><strong>Sonntag, 26. M\u00e4rz 2023, 17.30 Uhr<\/strong><\/span><\/h2>\n<h2 style=\"text-align: center;\"><span style=\"color: #3c4b98;\"><strong>Espace Rachi\u202f &#8211; Guy de Rothschild<\/strong><\/span><\/h2>\n<h4 style=\"text-align: center;\"><strong><span style=\"color: #3c4b98;\">39, rue Broca &#8211; 75005 Paris.<\/span><\/strong><\/h4>\n<p><\/p>\n<p>Mit:<\/p>\n<p><strong>Agathe Llorca<\/strong>, Gesang, Violine<br><strong>David Lefebvre<\/strong>, Gesang, Cimbalom<br><strong>Christophe Gauvert<\/strong>, Kontrabass<br><strong>Vincent P\u00e9rier<\/strong>, Klarinette<br><strong>Vincent Bader<\/strong>, Akkordeon<\/p>\n<h3><a href=\"https:\/\/www.iemj.org\/de\/kalarash-musique-klezmer-chansons-yiddish-et-francaises\/\" target=\"_blank\" rel=\"noopener\">Weitere Informationen \u00fcber das Album Kalarash<\/a><\/h3>\n<h2><strong><a href=\"https:\/\/www.culture-juive.fr\/reservation\/\" target=\"_blank\" rel=\"noopener\">Reservieren Sie online<\/a><\/strong><\/h2>\n<h3>PREISE<\/h3>\n<p>Kategorie 1: 26,00 \u20ac<br>Kategorie 2: 21,00 \u20ac<br>Kategorie 3: 16,00 \u20ac<br>Kategorie Personen mit Behinderungen: 16,00 \u20ac<br>Live-\u00dcbertragung: 8,00 \u20ac<\/p>\n<h2><strong>Erm\u00e4\u00dfigter Preis (PROMO CODE auf Anfrage an <\/strong> <a href=\"mailto:contact@iemj.org\" target=\"_blank\" rel=\"noopener\">contact@iemj.org<\/a><strong>): Mitglieder\/Partner des IEMJ.<\/strong><\/h2>\n<p><\/p>\n\n\n<hr class=\"wp-block-separator has-alpha-channel-opacity is-style-default\"\/>\n\n\n\n<figure class=\"wp-block-embed is-type-video is-provider-youtube wp-block-embed-youtube wp-embed-aspect-16-9 wp-has-aspect-ratio\"><div class=\"wp-block-embed__wrapper\">\n<iframe title=\"Ikh bin a boarder bay mayn vayb - Kalarash\" width=\"640\" height=\"360\" src=\"https:\/\/www.youtube.com\/embed\/k-ajCsiXIII?feature=oembed\" frameborder=\"0\" allow=\"accelerometer; autoplay; clipboard-write; encrypted-media; gyroscope; picture-in-picture; web-share\" referrerpolicy=\"strict-origin-when-cross-origin\" allowfullscreen><\/iframe>\n<\/div><\/figure>\n\n\n\n<div class=\"wp-block-columns is-layout-flex wp-container-core-columns-is-layout-9d6595d7 wp-block-columns-is-layout-flex\">\n<div class=\"wp-block-column is-layout-flow wp-block-column-is-layout-flow\">\n<figure class=\"wp-block-embed is-type-video is-provider-youtube wp-block-embed-youtube wp-embed-aspect-16-9 wp-has-aspect-ratio\"><div class=\"wp-block-embed__wrapper\">\n<iframe title=\"CLIP de KALARASH\" width=\"640\" height=\"360\" src=\"https:\/\/www.youtube.com\/embed\/bvNyL2Cqhh4?feature=oembed\" frameborder=\"0\" allow=\"accelerometer; autoplay; clipboard-write; encrypted-media; gyroscope; picture-in-picture; web-share\" referrerpolicy=\"strict-origin-when-cross-origin\" allowfullscreen><\/iframe>\n<\/div><\/figure>\n<\/div>\n<\/div>\n\n\n\n<div class=\"wp-block-columns is-layout-flex wp-container-core-columns-is-layout-9d6595d7 wp-block-columns-is-layout-flex\">\n<div class=\"wp-block-column is-layout-flow wp-block-column-is-layout-flow\">\n<h2 style=\"text-align: center;\">KONZERT ORGANISIERT MIT DER UNTERST\u00dcTZUNG VON<\/h2>\n<hr>\n<p><img decoding=\"async\" class=\"wp-image-94239 alignleft\" src=\"https:\/\/www.iemj.org\/wp-content\/uploads\/2023\/02\/Logo-FJF_redim.jpg\" alt=\"\" width=\"303\" height=\"120\">&nbsp; <img decoding=\"async\" class=\"wp-image-94244 alignright\" src=\"https:\/\/www.iemj.org\/wp-content\/uploads\/2023\/02\/Fondation-Henriette_Logo-300x300.jpg\" alt=\"\" width=\"161\" height=\"161\" srcset=\"https:\/\/www.iemj.org\/wp-content\/uploads\/2023\/02\/Fondation-Henriette_Logo-300x300.jpg 300w, https:\/\/www.iemj.org\/wp-content\/uploads\/2023\/02\/Fondation-Henriette_Logo-150x150.jpg 150w, https:\/\/www.iemj.org\/wp-content\/uploads\/2023\/02\/Fondation-Henriette_Logo-100x100.jpg 100w, https:\/\/www.iemj.org\/wp-content\/uploads\/2023\/02\/Fondation-Henriette_Logo.jpg 550w\" sizes=\"(max-width: 161px) 100vw, 161px\" \/><\/p>\n<\/div>\n<\/div>\n\n\n<h2>&nbsp;<\/h2>\n<h2 style=\"text-align: center;\">PARTNER \/ ORGANISATOR(EN)<\/h2>\n<hr>\n<h2 style=\"text-align: center;\"><img decoding=\"async\" class=\"alignleft\" src=\"https:\/\/www.iemj.org\/wp-content\/uploads\/2021\/01\/IEMJ.svg\" alt=\"Institut Europ\u00e9en des Musiques Juives\" width=\"320\" height=\"115\"><img loading=\"lazy\" decoding=\"async\" class=\"wp-image-94189 alignright\" src=\"https:\/\/www.iemj.org\/wp-content\/uploads\/2022\/12\/Logo-Centre-dArt-et-de-Culture-1-300x131.jpg\" alt=\"\" width=\"277\" height=\"121\" srcset=\"https:\/\/www.iemj.org\/wp-content\/uploads\/2022\/12\/Logo-Centre-dArt-et-de-Culture-1-300x131.jpg 300w, https:\/\/www.iemj.org\/wp-content\/uploads\/2022\/12\/Logo-Centre-dArt-et-de-Culture-1.jpg 448w\" sizes=\"(max-width: 277px) 100vw, 277px\" \/><\/h2>","protected":false},"excerpt":{"rendered":"<p>Die Gruppe Kalarash erkundet seit 12 Jahren die traditionelle Musik Osteuropas und des Balkans. Kalarash besteht aus 5 Musikern und tritt regelm\u00e4\u00dfig in Frankreich und im Ausland auf. Der Name<\/p>\n","protected":false},"author":5,"featured_media":94706,"comment_status":"closed","ping_status":"closed","sticky":false,"template":"","format":"standard","meta":{"_acf_changed":false,"footnotes":""},"categories":[811,1378,1341,1370],"tags":[2225],"technique":[],"squelettes":[],"sujet":[],"formation":[],"genre":[],"fonds":[],"tradition":[],"type-de-contenu":[],"interprete-compositeur":[],"frise":[],"type-devenement":[],"tableaux-liens-externes":[],"class_list":["post-94207","post","type-post","status-publish","format-standard","has-post-thumbnail","hentry","category-actualites","category-konzerte-veranstaltungen-de","category-neuigkeiten-de","category-veranstaltungen-de","tag-veranstaltungen-iemj-de"],"acf":[],"yoast_head":"<!-- This site is optimized with the Yoast SEO plugin v27.3 - https:\/\/yoast.com\/product\/yoast-seo-wordpress\/ -->\n<title>ALBUM-RELEASE-KONZERT KALARASH - Institut Europ\u00e9en des Musiques Juives<\/title>\n<meta name=\"robots\" content=\"index, follow, max-snippet:-1, max-image-preview:large, max-video-preview:-1\" \/>\n<link rel=\"canonical\" href=\"https:\/\/www.iemj.org\/de\/concert-de-sortie-dalbum-kalarash\/\" \/>\n<meta property=\"og:locale\" content=\"de_DE\" \/>\n<meta property=\"og:type\" content=\"article\" \/>\n<meta property=\"og:title\" content=\"ALBUM-RELEASE-KONZERT KALARASH - Institut Europ\u00e9en des Musiques Juives\" \/>\n<meta property=\"og:description\" content=\"Die Gruppe Kalarash erkundet seit 12 Jahren die traditionelle Musik Osteuropas und des Balkans. Kalarash besteht aus 5 Musikern und tritt regelm\u00e4\u00dfig in Frankreich und im Ausland auf. Der Name\" \/>\n<meta property=\"og:url\" content=\"https:\/\/www.iemj.org\/de\/concert-de-sortie-dalbum-kalarash\/\" \/>\n<meta property=\"og:site_name\" content=\"Institut Europ\u00e9en des Musiques Juives\" \/>\n<meta property=\"article:publisher\" content=\"https:\/\/www.facebook.com\/MusiquesJuives\/\" \/>\n<meta property=\"article:published_time\" content=\"2023-02-14T12:01:50+00:00\" \/>\n<meta property=\"article:modified_time\" content=\"2023-02-23T08:59:20+00:00\" \/>\n<meta property=\"og:image\" content=\"https:\/\/www.iemj.org\/wp-content\/uploads\/2023\/02\/kALARASH-e1677141534957.jpg\" \/>\n\t<meta property=\"og:image:width\" content=\"500\" \/>\n\t<meta property=\"og:image:height\" content=\"500\" \/>\n\t<meta property=\"og:image:type\" content=\"image\/jpeg\" \/>\n<meta name=\"author\" content=\"Jacqueline ROTEN\" \/>\n<meta name=\"twitter:card\" content=\"summary_large_image\" \/>\n<meta name=\"twitter:label1\" content=\"Verfasst von\" \/>\n\t<meta name=\"twitter:data1\" content=\"Jacqueline ROTEN\" \/>\n\t<meta name=\"twitter:label2\" content=\"Gesch\u00e4tzte Lesezeit\" \/>\n\t<meta name=\"twitter:data2\" content=\"2\u00a0Minuten\" \/>\n<script type=\"application\/ld+json\" class=\"yoast-schema-graph\">{\"@context\":\"https:\\\/\\\/schema.org\",\"@graph\":[{\"@type\":\"Article\",\"@id\":\"https:\\\/\\\/www.iemj.org\\\/de\\\/concert-de-sortie-dalbum-kalarash\\\/#article\",\"isPartOf\":{\"@id\":\"https:\\\/\\\/www.iemj.org\\\/de\\\/concert-de-sortie-dalbum-kalarash\\\/\"},\"author\":{\"name\":\"Jacqueline ROTEN\",\"@id\":\"https:\\\/\\\/www.iemj.org\\\/de\\\/#\\\/schema\\\/person\\\/358e26c18aca017fcc4cc15437f7279c\"},\"headline\":\"ALBUM-RELEASE-KONZERT KALARASH\",\"datePublished\":\"2023-02-14T12:01:50+00:00\",\"dateModified\":\"2023-02-23T08:59:20+00:00\",\"mainEntityOfPage\":{\"@id\":\"https:\\\/\\\/www.iemj.org\\\/de\\\/concert-de-sortie-dalbum-kalarash\\\/\"},\"wordCount\":224,\"publisher\":{\"@id\":\"https:\\\/\\\/www.iemj.org\\\/de\\\/#organization\"},\"image\":{\"@id\":\"https:\\\/\\\/www.iemj.org\\\/de\\\/concert-de-sortie-dalbum-kalarash\\\/#primaryimage\"},\"thumbnailUrl\":\"https:\\\/\\\/www.iemj.org\\\/wp-content\\\/uploads\\\/2023\\\/02\\\/kALARASH-e1677141534957.jpg\",\"keywords\":[\"Veranstaltungen IEMJ\"],\"articleSection\":[\"Actualit\u00e9s\",\"Konzerte\",\"Neuigkeiten\",\"Veranstaltungen\"],\"inLanguage\":\"de\"},{\"@type\":\"WebPage\",\"@id\":\"https:\\\/\\\/www.iemj.org\\\/de\\\/concert-de-sortie-dalbum-kalarash\\\/\",\"url\":\"https:\\\/\\\/www.iemj.org\\\/de\\\/concert-de-sortie-dalbum-kalarash\\\/\",\"name\":\"ALBUM-RELEASE-KONZERT KALARASH - Institut Europ\u00e9en des Musiques Juives\",\"isPartOf\":{\"@id\":\"https:\\\/\\\/www.iemj.org\\\/de\\\/#website\"},\"primaryImageOfPage\":{\"@id\":\"https:\\\/\\\/www.iemj.org\\\/de\\\/concert-de-sortie-dalbum-kalarash\\\/#primaryimage\"},\"image\":{\"@id\":\"https:\\\/\\\/www.iemj.org\\\/de\\\/concert-de-sortie-dalbum-kalarash\\\/#primaryimage\"},\"thumbnailUrl\":\"https:\\\/\\\/www.iemj.org\\\/wp-content\\\/uploads\\\/2023\\\/02\\\/kALARASH-e1677141534957.jpg\",\"datePublished\":\"2023-02-14T12:01:50+00:00\",\"dateModified\":\"2023-02-23T08:59:20+00:00\",\"breadcrumb\":{\"@id\":\"https:\\\/\\\/www.iemj.org\\\/de\\\/concert-de-sortie-dalbum-kalarash\\\/#breadcrumb\"},\"inLanguage\":\"de\",\"potentialAction\":[{\"@type\":\"ReadAction\",\"target\":[\"https:\\\/\\\/www.iemj.org\\\/de\\\/concert-de-sortie-dalbum-kalarash\\\/\"]}]},{\"@type\":\"ImageObject\",\"inLanguage\":\"de\",\"@id\":\"https:\\\/\\\/www.iemj.org\\\/de\\\/concert-de-sortie-dalbum-kalarash\\\/#primaryimage\",\"url\":\"https:\\\/\\\/www.iemj.org\\\/wp-content\\\/uploads\\\/2023\\\/02\\\/kALARASH-e1677141534957.jpg\",\"contentUrl\":\"https:\\\/\\\/www.iemj.org\\\/wp-content\\\/uploads\\\/2023\\\/02\\\/kALARASH-e1677141534957.jpg\",\"width\":500,\"height\":500},{\"@type\":\"BreadcrumbList\",\"@id\":\"https:\\\/\\\/www.iemj.org\\\/de\\\/concert-de-sortie-dalbum-kalarash\\\/#breadcrumb\",\"itemListElement\":[{\"@type\":\"ListItem\",\"position\":1,\"name\":\"Accueil\",\"item\":\"https:\\\/\\\/www.iemj.org\\\/de\\\/\"},{\"@type\":\"ListItem\",\"position\":2,\"name\":\"ALBUM-RELEASE-KONZERT KALARASH\"}]},{\"@type\":\"WebSite\",\"@id\":\"https:\\\/\\\/www.iemj.org\\\/de\\\/#website\",\"url\":\"https:\\\/\\\/www.iemj.org\\\/de\\\/\",\"name\":\"Institut Europ\u00e9en des Musiques Juives\",\"description\":\"Des traditions musicales \u00e0 la port\u00e9e de tous\",\"publisher\":{\"@id\":\"https:\\\/\\\/www.iemj.org\\\/de\\\/#organization\"},\"potentialAction\":[{\"@type\":\"SearchAction\",\"target\":{\"@type\":\"EntryPoint\",\"urlTemplate\":\"https:\\\/\\\/www.iemj.org\\\/de\\\/?s={search_term_string}\"},\"query-input\":{\"@type\":\"PropertyValueSpecification\",\"valueRequired\":true,\"valueName\":\"search_term_string\"}}],\"inLanguage\":\"de\"},{\"@type\":\"Organization\",\"@id\":\"https:\\\/\\\/www.iemj.org\\\/de\\\/#organization\",\"name\":\"Institut Europ\u00e9en des Musiques Juives\",\"url\":\"https:\\\/\\\/www.iemj.org\\\/de\\\/\",\"logo\":{\"@type\":\"ImageObject\",\"inLanguage\":\"de\",\"@id\":\"https:\\\/\\\/www.iemj.org\\\/de\\\/#\\\/schema\\\/logo\\\/image\\\/\",\"url\":\"https:\\\/\\\/www.iemj.org\\\/wp-content\\\/uploads\\\/2021\\\/09\\\/Logo-IEMJ-Paypal.jpg\",\"contentUrl\":\"https:\\\/\\\/www.iemj.org\\\/wp-content\\\/uploads\\\/2021\\\/09\\\/Logo-IEMJ-Paypal.jpg\",\"width\":150,\"height\":50,\"caption\":\"Institut Europ\u00e9en des Musiques Juives\"},\"image\":{\"@id\":\"https:\\\/\\\/www.iemj.org\\\/de\\\/#\\\/schema\\\/logo\\\/image\\\/\"},\"sameAs\":[\"https:\\\/\\\/www.facebook.com\\\/MusiquesJuives\\\/\",\"https:\\\/\\\/www.instagram.com\\\/musiquesjuives\\\/\",\"https:\\\/\\\/www.youtube.com\\\/user\\\/musiquesjuives\"]},{\"@type\":\"Person\",\"@id\":\"https:\\\/\\\/www.iemj.org\\\/de\\\/#\\\/schema\\\/person\\\/358e26c18aca017fcc4cc15437f7279c\",\"name\":\"Jacqueline ROTEN\",\"image\":{\"@type\":\"ImageObject\",\"inLanguage\":\"de\",\"@id\":\"https:\\\/\\\/secure.gravatar.com\\\/avatar\\\/5964256d6c6957de3a3505278957e0fb2a35119ac47ea41827a65301213c810b?s=96&d=mm&r=g\",\"url\":\"https:\\\/\\\/secure.gravatar.com\\\/avatar\\\/5964256d6c6957de3a3505278957e0fb2a35119ac47ea41827a65301213c810b?s=96&d=mm&r=g\",\"contentUrl\":\"https:\\\/\\\/secure.gravatar.com\\\/avatar\\\/5964256d6c6957de3a3505278957e0fb2a35119ac47ea41827a65301213c810b?s=96&d=mm&r=g\",\"caption\":\"Jacqueline ROTEN\"}}]}<\/script>\n<!-- \/ Yoast SEO plugin. -->","yoast_head_json":{"title":"ALBUM-RELEASE-KONZERT KALARASH - Institut Europ\u00e9en des Musiques Juives","robots":{"index":"index","follow":"follow","max-snippet":"max-snippet:-1","max-image-preview":"max-image-preview:large","max-video-preview":"max-video-preview:-1"},"canonical":"https:\/\/www.iemj.org\/de\/concert-de-sortie-dalbum-kalarash\/","og_locale":"de_DE","og_type":"article","og_title":"ALBUM-RELEASE-KONZERT KALARASH - Institut Europ\u00e9en des Musiques Juives","og_description":"Die Gruppe Kalarash erkundet seit 12 Jahren die traditionelle Musik Osteuropas und des Balkans. Kalarash besteht aus 5 Musikern und tritt regelm\u00e4\u00dfig in Frankreich und im Ausland auf. Der Name","og_url":"https:\/\/www.iemj.org\/de\/concert-de-sortie-dalbum-kalarash\/","og_site_name":"Institut Europ\u00e9en des Musiques Juives","article_publisher":"https:\/\/www.facebook.com\/MusiquesJuives\/","article_published_time":"2023-02-14T12:01:50+00:00","article_modified_time":"2023-02-23T08:59:20+00:00","og_image":[{"width":500,"height":500,"url":"https:\/\/www.iemj.org\/wp-content\/uploads\/2023\/02\/kALARASH-e1677141534957.jpg","type":"image\/jpeg"}],"author":"Jacqueline ROTEN","twitter_card":"summary_large_image","twitter_misc":{"Verfasst von":"Jacqueline ROTEN","Gesch\u00e4tzte Lesezeit":"2\u00a0Minuten"},"schema":{"@context":"https:\/\/schema.org","@graph":[{"@type":"Article","@id":"https:\/\/www.iemj.org\/de\/concert-de-sortie-dalbum-kalarash\/#article","isPartOf":{"@id":"https:\/\/www.iemj.org\/de\/concert-de-sortie-dalbum-kalarash\/"},"author":{"name":"Jacqueline ROTEN","@id":"https:\/\/www.iemj.org\/de\/#\/schema\/person\/358e26c18aca017fcc4cc15437f7279c"},"headline":"ALBUM-RELEASE-KONZERT KALARASH","datePublished":"2023-02-14T12:01:50+00:00","dateModified":"2023-02-23T08:59:20+00:00","mainEntityOfPage":{"@id":"https:\/\/www.iemj.org\/de\/concert-de-sortie-dalbum-kalarash\/"},"wordCount":224,"publisher":{"@id":"https:\/\/www.iemj.org\/de\/#organization"},"image":{"@id":"https:\/\/www.iemj.org\/de\/concert-de-sortie-dalbum-kalarash\/#primaryimage"},"thumbnailUrl":"https:\/\/www.iemj.org\/wp-content\/uploads\/2023\/02\/kALARASH-e1677141534957.jpg","keywords":["Veranstaltungen IEMJ"],"articleSection":["Actualit\u00e9s","Konzerte","Neuigkeiten","Veranstaltungen"],"inLanguage":"de"},{"@type":"WebPage","@id":"https:\/\/www.iemj.org\/de\/concert-de-sortie-dalbum-kalarash\/","url":"https:\/\/www.iemj.org\/de\/concert-de-sortie-dalbum-kalarash\/","name":"ALBUM-RELEASE-KONZERT KALARASH - Institut Europ\u00e9en des Musiques Juives","isPartOf":{"@id":"https:\/\/www.iemj.org\/de\/#website"},"primaryImageOfPage":{"@id":"https:\/\/www.iemj.org\/de\/concert-de-sortie-dalbum-kalarash\/#primaryimage"},"image":{"@id":"https:\/\/www.iemj.org\/de\/concert-de-sortie-dalbum-kalarash\/#primaryimage"},"thumbnailUrl":"https:\/\/www.iemj.org\/wp-content\/uploads\/2023\/02\/kALARASH-e1677141534957.jpg","datePublished":"2023-02-14T12:01:50+00:00","dateModified":"2023-02-23T08:59:20+00:00","breadcrumb":{"@id":"https:\/\/www.iemj.org\/de\/concert-de-sortie-dalbum-kalarash\/#breadcrumb"},"inLanguage":"de","potentialAction":[{"@type":"ReadAction","target":["https:\/\/www.iemj.org\/de\/concert-de-sortie-dalbum-kalarash\/"]}]},{"@type":"ImageObject","inLanguage":"de","@id":"https:\/\/www.iemj.org\/de\/concert-de-sortie-dalbum-kalarash\/#primaryimage","url":"https:\/\/www.iemj.org\/wp-content\/uploads\/2023\/02\/kALARASH-e1677141534957.jpg","contentUrl":"https:\/\/www.iemj.org\/wp-content\/uploads\/2023\/02\/kALARASH-e1677141534957.jpg","width":500,"height":500},{"@type":"BreadcrumbList","@id":"https:\/\/www.iemj.org\/de\/concert-de-sortie-dalbum-kalarash\/#breadcrumb","itemListElement":[{"@type":"ListItem","position":1,"name":"Accueil","item":"https:\/\/www.iemj.org\/de\/"},{"@type":"ListItem","position":2,"name":"ALBUM-RELEASE-KONZERT KALARASH"}]},{"@type":"WebSite","@id":"https:\/\/www.iemj.org\/de\/#website","url":"https:\/\/www.iemj.org\/de\/","name":"Institut Europ\u00e9en des Musiques Juives","description":"Des traditions musicales \u00e0 la port\u00e9e de tous","publisher":{"@id":"https:\/\/www.iemj.org\/de\/#organization"},"potentialAction":[{"@type":"SearchAction","target":{"@type":"EntryPoint","urlTemplate":"https:\/\/www.iemj.org\/de\/?s={search_term_string}"},"query-input":{"@type":"PropertyValueSpecification","valueRequired":true,"valueName":"search_term_string"}}],"inLanguage":"de"},{"@type":"Organization","@id":"https:\/\/www.iemj.org\/de\/#organization","name":"Institut Europ\u00e9en des Musiques Juives","url":"https:\/\/www.iemj.org\/de\/","logo":{"@type":"ImageObject","inLanguage":"de","@id":"https:\/\/www.iemj.org\/de\/#\/schema\/logo\/image\/","url":"https:\/\/www.iemj.org\/wp-content\/uploads\/2021\/09\/Logo-IEMJ-Paypal.jpg","contentUrl":"https:\/\/www.iemj.org\/wp-content\/uploads\/2021\/09\/Logo-IEMJ-Paypal.jpg","width":150,"height":50,"caption":"Institut Europ\u00e9en des Musiques Juives"},"image":{"@id":"https:\/\/www.iemj.org\/de\/#\/schema\/logo\/image\/"},"sameAs":["https:\/\/www.facebook.com\/MusiquesJuives\/","https:\/\/www.instagram.com\/musiquesjuives\/","https:\/\/www.youtube.com\/user\/musiquesjuives"]},{"@type":"Person","@id":"https:\/\/www.iemj.org\/de\/#\/schema\/person\/358e26c18aca017fcc4cc15437f7279c","name":"Jacqueline ROTEN","image":{"@type":"ImageObject","inLanguage":"de","@id":"https:\/\/secure.gravatar.com\/avatar\/5964256d6c6957de3a3505278957e0fb2a35119ac47ea41827a65301213c810b?s=96&d=mm&r=g","url":"https:\/\/secure.gravatar.com\/avatar\/5964256d6c6957de3a3505278957e0fb2a35119ac47ea41827a65301213c810b?s=96&d=mm&r=g","contentUrl":"https:\/\/secure.gravatar.com\/avatar\/5964256d6c6957de3a3505278957e0fb2a35119ac47ea41827a65301213c810b?s=96&d=mm&r=g","caption":"Jacqueline ROTEN"}}]}},"_links":{"self":[{"href":"https:\/\/www.iemj.org\/de\/wp-json\/wp\/v2\/posts\/94207","targetHints":{"allow":["GET"]}}],"collection":[{"href":"https:\/\/www.iemj.org\/de\/wp-json\/wp\/v2\/posts"}],"about":[{"href":"https:\/\/www.iemj.org\/de\/wp-json\/wp\/v2\/types\/post"}],"author":[{"embeddable":true,"href":"https:\/\/www.iemj.org\/de\/wp-json\/wp\/v2\/users\/5"}],"replies":[{"embeddable":true,"href":"https:\/\/www.iemj.org\/de\/wp-json\/wp\/v2\/comments?post=94207"}],"version-history":[{"count":0,"href":"https:\/\/www.iemj.org\/de\/wp-json\/wp\/v2\/posts\/94207\/revisions"}],"wp:featuredmedia":[{"embeddable":true,"href":"https:\/\/www.iemj.org\/de\/wp-json\/wp\/v2\/media\/94706"}],"wp:attachment":[{"href":"https:\/\/www.iemj.org\/de\/wp-json\/wp\/v2\/media?parent=94207"}],"wp:term":[{"taxonomy":"category","embeddable":true,"href":"https:\/\/www.iemj.org\/de\/wp-json\/wp\/v2\/categories?post=94207"},{"taxonomy":"post_tag","embeddable":true,"href":"https:\/\/www.iemj.org\/de\/wp-json\/wp\/v2\/tags?post=94207"},{"taxonomy":"technique","embeddable":true,"href":"https:\/\/www.iemj.org\/de\/wp-json\/wp\/v2\/technique?post=94207"},{"taxonomy":"squelettes","embeddable":true,"href":"https:\/\/www.iemj.org\/de\/wp-json\/wp\/v2\/squelettes?post=94207"},{"taxonomy":"sujet","embeddable":true,"href":"https:\/\/www.iemj.org\/de\/wp-json\/wp\/v2\/sujet?post=94207"},{"taxonomy":"formation","embeddable":true,"href":"https:\/\/www.iemj.org\/de\/wp-json\/wp\/v2\/formation?post=94207"},{"taxonomy":"genre","embeddable":true,"href":"https:\/\/www.iemj.org\/de\/wp-json\/wp\/v2\/genre?post=94207"},{"taxonomy":"fonds","embeddable":true,"href":"https:\/\/www.iemj.org\/de\/wp-json\/wp\/v2\/fonds?post=94207"},{"taxonomy":"tradition","embeddable":true,"href":"https:\/\/www.iemj.org\/de\/wp-json\/wp\/v2\/tradition?post=94207"},{"taxonomy":"type-de-contenu","embeddable":true,"href":"https:\/\/www.iemj.org\/de\/wp-json\/wp\/v2\/type-de-contenu?post=94207"},{"taxonomy":"interprete-compositeur","embeddable":true,"href":"https:\/\/www.iemj.org\/de\/wp-json\/wp\/v2\/interprete-compositeur?post=94207"},{"taxonomy":"frise","embeddable":true,"href":"https:\/\/www.iemj.org\/de\/wp-json\/wp\/v2\/frise?post=94207"},{"taxonomy":"type-devenement","embeddable":true,"href":"https:\/\/www.iemj.org\/de\/wp-json\/wp\/v2\/type-devenement?post=94207"},{"taxonomy":"tableaux-liens-externes","embeddable":true,"href":"https:\/\/www.iemj.org\/de\/wp-json\/wp\/v2\/tableaux-liens-externes?post=94207"}],"curies":[{"name":"wp","href":"https:\/\/api.w.org\/{rel}","templated":true}]}}