{"id":94886,"date":"2019-01-09T12:15:35","date_gmt":"2019-01-09T11:15:35","guid":{"rendered":"https:\/\/www.iemj.org\/musique-et-politique-en-allemagne-du-iiie-reich-a-laube-de-la-guerre-froide\/"},"modified":"2023-02-27T14:37:54","modified_gmt":"2023-02-27T13:37:54","slug":"musique-et-politique-en-allemagne-du-iiie-reich-a-laube-de-la-guerre-froide","status":"publish","type":"post","link":"https:\/\/www.iemj.org\/de\/musique-et-politique-en-allemagne-du-iiie-reich-a-laube-de-la-guerre-froide\/","title":{"rendered":"Musique et politique en Allemagne du IIIe Reich \u00e0 l\u2019aube de la guerre froide"},"content":{"rendered":"<div class=\"auteurs\"><\/div>\n<div class=\"commerce-product-field commerce-product-field-field-publication-page-count field-field-publication-page-count node-1147-product-field-publication-page-count\">\n<div class=\"field field-name-field-publication-page-count field-type-text field-label-hidden\">\n<p>Sorbonne Universit\u00e9 Presses, 11\/04\/2018, 394 S.<\/p>\n<\/div>\n<\/div>\n<p>Dieses dokumentierte Werk, das zum Teil aus einer von der Autorin im November 2012 verteidigten Dissertation in Musikgeschichte hervorgegangen ist, bietet eine neuartige Analyse der Musikpolitik in Deutschland, von der Macht\u00fcbernahme Adolf Hitlers 1933 bis zur Bildung zweier politischer Einheiten 1949 im Kontext des Kalten Krieges. Die Untersuchung der Politik im Dritten Reich zeigt, wie das Konzept der Reinheit das Musikschaffen und das Musikleben beeinflusste, von der Arisierung traditioneller Komponisten wie Wagner und Beethoven bis hin zur Suche nach einer unm\u00f6glichen &#8222;Nazi&#8220;-Musik. Die Untersuchung der Machtk\u00e4mpfe zwischen den wichtigsten kulturellen Akteuren des Reiches, haupts\u00e4chlich Propagandaminister Joseph Goebbels und dem Ideologen der Nazipartei, Alfred Rosenberg, beleuchtet die sehr starken Inkoh\u00e4renzen eines Systems, das den Begriff der &#8222;entarteten Musik&#8220; pr\u00e4gte, ohne sie jedoch v\u00f6llig zu verbieten.<\/p>\n<p>Nach dem Krieg wurde das musikalische Schaffen von den Konflikten zwischen den Alliierten gen\u00e4hrt, w\u00e4hrend sich der Kalte Krieg abzeichnete. Der Kampf um Einfluss und die Anf\u00e4nge unserer Kommunikationsgesellschaft, entwickelt einen neuen, besonderen Kontext, der die Gr\u00fcndung der Darmst\u00e4dter Schule und der Festivals f\u00fcr zeitgen\u00f6ssische Musik erm\u00f6glicht, aber auch die \u00fcberraschende Wiederaufnahme von Musikern, die doch mit dem Nazi-Regime kompromittiert waren.<\/p>\n<p>Durch die Untersuchung von Regimen, die sich letztlich durch gegenseitige Opposition aufbauen, beleuchtet Elise Petit den Willen oder die Utopien des Bruchs in Verbindung mit der Musikpolitik. Sie stellt die M\u00f6glichkeit des Bruchs im k\u00fcnstlerischen Bereich in Frage, wenn dieser mit der Politik verbunden ist, und f\u00fchrt dazu, die Begriffe &#8222;Stunde Null&#8220; und Tabula rasa im Deutschland des 20. Jahrhunderts neu zu \u00fcberdenken.<\/p>\n<p>Ein spannendes Buch, das zeigt, wie sehr Musik und Kunst im Allgemeinen von Ideologien als Propagandamedium oder zur Umerziehung der Volksmassen genutzt werden k\u00f6nnen. Erschreckend und lehrreich!<\/p>\n<p><strong>Biografie<\/strong><\/p>\n<p><img decoding=\"async\" class=\" alignright  wp-image-22295\" src=\"https:\/\/www.iemj.org\/wp-content\/uploads\/2019\/01\/elise_petit_icone_reduite_jack.jpg\" alt=\"elise_petit_icone_reduite_jack.jpg\" width=\"148\" height=\"225\" align=\"right\" \/><\/p>\n<p>Petit ist Agr\u00e9g\u00e9e de musique und Doktorin der Musikgeschichte.<\/p>\n<p>Ihre Arbeit befasst sich mit den Verbindungen zwischen Politik und Musik im Deutschland des 20. Jahrhunderts. Sie interessiert sich f\u00fcr den Stellenwert der Musik im Dritten Reich und in den Konzentrationslagern. Zusammen mit Bruno Giner verfasste sie 2015 das Buch <a href=\"http:\/\/www.musicologie.org\/15\/entartete_musik_musiques_interdites_sous_le_iiie_reich.html\">Entartete Musik. Musiques interdites sous le IIIe Reich<\/a>.<\/p>\n<p>Au\u00dferdem untersucht sie die Musikpolitik, die nach dem Zweiten Weltkrieg und w\u00e4hrend des Kalten Krieges betrieben wurde. Zu diesem Thema hat sie das Buch Das k\u00fcnstlerische Schaffen im besetzten Deutschland (1945-1949): \u00c4sthetische und politische Herausforderungen (2015) herausgegeben, das sich nicht nur mit Musik, sondern auch mit Theater, Literatur, Film und Grafik besch\u00e4ftigt.<\/p>\n<p><a href=\"https:\/\/sup.sorbonne-universite.fr\/catalogue\/histoire-moderne-et-contemporaine\/mondes-contemporains\/musique-et-politique-en-allemagne-du-iiie-reich-laube-de-la-guerre-froide\">Bestellen Sie das Buch Musik und Politik in Deutschland vom Dritten Reich bis zum Beginn des Kalten Krieges von Elise Petit.<\/a><\/p>\n<p><a href=\"https:\/\/www.iemj.org\/de\/la-musique-en-allemagne-de-1933-a-1949\/\">Radiosendung \u00fcber das Buch Musik und Politik in Deutschland vom Dritten Reich bis zum Beginn des Kalten Krieges von Elise Petit anh\u00f6ren.<\/a><\/p>\n<p><a href=\"https:\/\/www.iemj.org\/de\/musiques-et-musiciens-interdits-sous-le-iiie-reich\/\">Radiosendung zum Buch Entartete Musik anh\u00f6ren. Verbotene Musik im Dritten Reich von Bruno Giner und Elise Petit<\/a><\/p>\n","protected":false},"excerpt":{"rendered":"<p>Sorbonne Universit\u00e9 Presses, 11\/04\/2018, 394 S. Dieses dokumentierte Werk, das zum Teil aus einer von der Autorin im November 2012 verteidigten Dissertation in Musikgeschichte hervorgegangen ist, bietet eine neuartige Analyse<\/p>\n","protected":false},"author":1045,"featured_media":94887,"comment_status":"closed","ping_status":"open","sticky":false,"template":"","format":"standard","meta":{"_acf_changed":false,"footnotes":""},"categories":[1578,1561],"tags":[],"technique":[],"squelettes":[],"sujet":[],"formation":[],"genre":[],"fonds":[],"tradition":[],"type-de-contenu":[],"interprete-compositeur":[],"frise":[],"type-devenement":[],"tableaux-liens-externes":[],"class_list":["post-94886","post","type-post","status-publish","format-standard","has-post-thumbnail","hentry","category-bucher-artikel-de","category-letzte-neuerwerbungen-de"],"acf":[],"yoast_head":"<!-- This site is optimized with the Yoast SEO plugin v27.3 - https:\/\/yoast.com\/product\/yoast-seo-wordpress\/ -->\n<title>Musique et politique en Allemagne du IIIe Reich \u00e0 l\u2019aube de la guerre froide - Institut Europ\u00e9en des Musiques Juives<\/title>\n<meta name=\"robots\" content=\"index, follow, max-snippet:-1, max-image-preview:large, max-video-preview:-1\" \/>\n<link rel=\"canonical\" href=\"https:\/\/www.iemj.org\/de\/musique-et-politique-en-allemagne-du-iiie-reich-a-laube-de-la-guerre-froide\/\" \/>\n<meta property=\"og:locale\" content=\"de_DE\" \/>\n<meta property=\"og:type\" content=\"article\" \/>\n<meta property=\"og:title\" content=\"Musique et politique en Allemagne du IIIe Reich \u00e0 l\u2019aube de la guerre froide - Institut Europ\u00e9en des Musiques Juives\" \/>\n<meta property=\"og:description\" content=\"Sorbonne Universit\u00e9 Presses, 11\/04\/2018, 394 S. Dieses dokumentierte Werk, das zum Teil aus einer von der Autorin im November 2012 verteidigten Dissertation in Musikgeschichte hervorgegangen ist, bietet eine neuartige Analyse\" \/>\n<meta property=\"og:url\" content=\"https:\/\/www.iemj.org\/de\/musique-et-politique-en-allemagne-du-iiie-reich-a-laube-de-la-guerre-froide\/\" \/>\n<meta property=\"og:site_name\" content=\"Institut Europ\u00e9en des Musiques Juives\" \/>\n<meta property=\"article:publisher\" content=\"https:\/\/www.facebook.com\/MusiquesJuives\/\" \/>\n<meta property=\"article:published_time\" content=\"2019-01-09T11:15:35+00:00\" \/>\n<meta property=\"article:modified_time\" content=\"2023-02-27T13:37:54+00:00\" \/>\n<meta property=\"og:image\" content=\"https:\/\/www.iemj.org\/wp-content\/uploads\/2019\/01\/arton3868.jpg\" \/>\n\t<meta property=\"og:image:width\" content=\"290\" \/>\n\t<meta property=\"og:image:height\" content=\"448\" \/>\n\t<meta property=\"og:image:type\" content=\"image\/jpeg\" \/>\n<meta name=\"author\" content=\"Herv\u00e9 Roten\" \/>\n<meta name=\"twitter:card\" content=\"summary_large_image\" \/>\n<meta name=\"twitter:label1\" content=\"Verfasst von\" \/>\n\t<meta name=\"twitter:data1\" content=\"Herv\u00e9 Roten\" \/>\n\t<meta name=\"twitter:label2\" content=\"Gesch\u00e4tzte Lesezeit\" \/>\n\t<meta name=\"twitter:data2\" content=\"3\u00a0Minuten\" \/>\n<script type=\"application\/ld+json\" class=\"yoast-schema-graph\">{\"@context\":\"https:\\\/\\\/schema.org\",\"@graph\":[{\"@type\":\"Article\",\"@id\":\"https:\\\/\\\/www.iemj.org\\\/de\\\/musique-et-politique-en-allemagne-du-iiie-reich-a-laube-de-la-guerre-froide\\\/#article\",\"isPartOf\":{\"@id\":\"https:\\\/\\\/www.iemj.org\\\/de\\\/musique-et-politique-en-allemagne-du-iiie-reich-a-laube-de-la-guerre-froide\\\/\"},\"author\":{\"name\":\"Herv\u00e9 Roten\",\"@id\":\"https:\\\/\\\/www.iemj.org\\\/de\\\/#\\\/schema\\\/person\\\/906134402c29d5c76e7b726261dd4bbd\"},\"headline\":\"Musique et politique en Allemagne du IIIe Reich \u00e0 l\u2019aube de la guerre froide\",\"datePublished\":\"2019-01-09T11:15:35+00:00\",\"dateModified\":\"2023-02-27T13:37:54+00:00\",\"mainEntityOfPage\":{\"@id\":\"https:\\\/\\\/www.iemj.org\\\/de\\\/musique-et-politique-en-allemagne-du-iiie-reich-a-laube-de-la-guerre-froide\\\/\"},\"wordCount\":485,\"publisher\":{\"@id\":\"https:\\\/\\\/www.iemj.org\\\/de\\\/#organization\"},\"image\":{\"@id\":\"https:\\\/\\\/www.iemj.org\\\/de\\\/musique-et-politique-en-allemagne-du-iiie-reich-a-laube-de-la-guerre-froide\\\/#primaryimage\"},\"thumbnailUrl\":\"https:\\\/\\\/www.iemj.org\\\/wp-content\\\/uploads\\\/2019\\\/01\\\/arton3868.jpg\",\"articleSection\":[\"B\u00fccher, Artikel\",\"Letzte Neuerwerbungen\"],\"inLanguage\":\"de\"},{\"@type\":\"WebPage\",\"@id\":\"https:\\\/\\\/www.iemj.org\\\/de\\\/musique-et-politique-en-allemagne-du-iiie-reich-a-laube-de-la-guerre-froide\\\/\",\"url\":\"https:\\\/\\\/www.iemj.org\\\/de\\\/musique-et-politique-en-allemagne-du-iiie-reich-a-laube-de-la-guerre-froide\\\/\",\"name\":\"Musique et politique en Allemagne du IIIe Reich \u00e0 l\u2019aube de la guerre froide - Institut Europ\u00e9en des Musiques Juives\",\"isPartOf\":{\"@id\":\"https:\\\/\\\/www.iemj.org\\\/de\\\/#website\"},\"primaryImageOfPage\":{\"@id\":\"https:\\\/\\\/www.iemj.org\\\/de\\\/musique-et-politique-en-allemagne-du-iiie-reich-a-laube-de-la-guerre-froide\\\/#primaryimage\"},\"image\":{\"@id\":\"https:\\\/\\\/www.iemj.org\\\/de\\\/musique-et-politique-en-allemagne-du-iiie-reich-a-laube-de-la-guerre-froide\\\/#primaryimage\"},\"thumbnailUrl\":\"https:\\\/\\\/www.iemj.org\\\/wp-content\\\/uploads\\\/2019\\\/01\\\/arton3868.jpg\",\"datePublished\":\"2019-01-09T11:15:35+00:00\",\"dateModified\":\"2023-02-27T13:37:54+00:00\",\"breadcrumb\":{\"@id\":\"https:\\\/\\\/www.iemj.org\\\/de\\\/musique-et-politique-en-allemagne-du-iiie-reich-a-laube-de-la-guerre-froide\\\/#breadcrumb\"},\"inLanguage\":\"de\",\"potentialAction\":[{\"@type\":\"ReadAction\",\"target\":[\"https:\\\/\\\/www.iemj.org\\\/de\\\/musique-et-politique-en-allemagne-du-iiie-reich-a-laube-de-la-guerre-froide\\\/\"]}]},{\"@type\":\"ImageObject\",\"inLanguage\":\"de\",\"@id\":\"https:\\\/\\\/www.iemj.org\\\/de\\\/musique-et-politique-en-allemagne-du-iiie-reich-a-laube-de-la-guerre-froide\\\/#primaryimage\",\"url\":\"https:\\\/\\\/www.iemj.org\\\/wp-content\\\/uploads\\\/2019\\\/01\\\/arton3868.jpg\",\"contentUrl\":\"https:\\\/\\\/www.iemj.org\\\/wp-content\\\/uploads\\\/2019\\\/01\\\/arton3868.jpg\",\"width\":290,\"height\":448},{\"@type\":\"BreadcrumbList\",\"@id\":\"https:\\\/\\\/www.iemj.org\\\/de\\\/musique-et-politique-en-allemagne-du-iiie-reich-a-laube-de-la-guerre-froide\\\/#breadcrumb\",\"itemListElement\":[{\"@type\":\"ListItem\",\"position\":1,\"name\":\"Accueil\",\"item\":\"https:\\\/\\\/www.iemj.org\\\/de\\\/\"},{\"@type\":\"ListItem\",\"position\":2,\"name\":\"Musique et politique en Allemagne du IIIe Reich \u00e0 l\u2019aube de la guerre froide\"}]},{\"@type\":\"WebSite\",\"@id\":\"https:\\\/\\\/www.iemj.org\\\/de\\\/#website\",\"url\":\"https:\\\/\\\/www.iemj.org\\\/de\\\/\",\"name\":\"Institut Europ\u00e9en des Musiques Juives\",\"description\":\"Des traditions musicales \u00e0 la port\u00e9e de tous\",\"publisher\":{\"@id\":\"https:\\\/\\\/www.iemj.org\\\/de\\\/#organization\"},\"potentialAction\":[{\"@type\":\"SearchAction\",\"target\":{\"@type\":\"EntryPoint\",\"urlTemplate\":\"https:\\\/\\\/www.iemj.org\\\/de\\\/?s={search_term_string}\"},\"query-input\":{\"@type\":\"PropertyValueSpecification\",\"valueRequired\":true,\"valueName\":\"search_term_string\"}}],\"inLanguage\":\"de\"},{\"@type\":\"Organization\",\"@id\":\"https:\\\/\\\/www.iemj.org\\\/de\\\/#organization\",\"name\":\"Institut Europ\u00e9en des Musiques Juives\",\"url\":\"https:\\\/\\\/www.iemj.org\\\/de\\\/\",\"logo\":{\"@type\":\"ImageObject\",\"inLanguage\":\"de\",\"@id\":\"https:\\\/\\\/www.iemj.org\\\/de\\\/#\\\/schema\\\/logo\\\/image\\\/\",\"url\":\"https:\\\/\\\/www.iemj.org\\\/wp-content\\\/uploads\\\/2021\\\/09\\\/Logo-IEMJ-Paypal.jpg\",\"contentUrl\":\"https:\\\/\\\/www.iemj.org\\\/wp-content\\\/uploads\\\/2021\\\/09\\\/Logo-IEMJ-Paypal.jpg\",\"width\":150,\"height\":50,\"caption\":\"Institut Europ\u00e9en des Musiques Juives\"},\"image\":{\"@id\":\"https:\\\/\\\/www.iemj.org\\\/de\\\/#\\\/schema\\\/logo\\\/image\\\/\"},\"sameAs\":[\"https:\\\/\\\/www.facebook.com\\\/MusiquesJuives\\\/\",\"https:\\\/\\\/www.instagram.com\\\/musiquesjuives\\\/\",\"https:\\\/\\\/www.youtube.com\\\/user\\\/musiquesjuives\"]},{\"@type\":\"Person\",\"@id\":\"https:\\\/\\\/www.iemj.org\\\/de\\\/#\\\/schema\\\/person\\\/906134402c29d5c76e7b726261dd4bbd\",\"name\":\"Herv\u00e9 Roten\",\"image\":{\"@type\":\"ImageObject\",\"inLanguage\":\"de\",\"@id\":\"https:\\\/\\\/secure.gravatar.com\\\/avatar\\\/f96ad2db538a26481f18384936b5cd0610c92d390c4dc382209216d455f685ff?s=96&d=mm&r=g\",\"url\":\"https:\\\/\\\/secure.gravatar.com\\\/avatar\\\/f96ad2db538a26481f18384936b5cd0610c92d390c4dc382209216d455f685ff?s=96&d=mm&r=g\",\"contentUrl\":\"https:\\\/\\\/secure.gravatar.com\\\/avatar\\\/f96ad2db538a26481f18384936b5cd0610c92d390c4dc382209216d455f685ff?s=96&d=mm&r=g\",\"caption\":\"Herv\u00e9 Roten\"}}]}<\/script>\n<!-- \/ Yoast SEO plugin. -->","yoast_head_json":{"title":"Musique et politique en Allemagne du IIIe Reich \u00e0 l\u2019aube de la guerre froide - Institut Europ\u00e9en des Musiques Juives","robots":{"index":"index","follow":"follow","max-snippet":"max-snippet:-1","max-image-preview":"max-image-preview:large","max-video-preview":"max-video-preview:-1"},"canonical":"https:\/\/www.iemj.org\/de\/musique-et-politique-en-allemagne-du-iiie-reich-a-laube-de-la-guerre-froide\/","og_locale":"de_DE","og_type":"article","og_title":"Musique et politique en Allemagne du IIIe Reich \u00e0 l\u2019aube de la guerre froide - Institut Europ\u00e9en des Musiques Juives","og_description":"Sorbonne Universit\u00e9 Presses, 11\/04\/2018, 394 S. Dieses dokumentierte Werk, das zum Teil aus einer von der Autorin im November 2012 verteidigten Dissertation in Musikgeschichte hervorgegangen ist, bietet eine neuartige Analyse","og_url":"https:\/\/www.iemj.org\/de\/musique-et-politique-en-allemagne-du-iiie-reich-a-laube-de-la-guerre-froide\/","og_site_name":"Institut Europ\u00e9en des Musiques Juives","article_publisher":"https:\/\/www.facebook.com\/MusiquesJuives\/","article_published_time":"2019-01-09T11:15:35+00:00","article_modified_time":"2023-02-27T13:37:54+00:00","og_image":[{"width":290,"height":448,"url":"https:\/\/www.iemj.org\/wp-content\/uploads\/2019\/01\/arton3868.jpg","type":"image\/jpeg"}],"author":"Herv\u00e9 Roten","twitter_card":"summary_large_image","twitter_misc":{"Verfasst von":"Herv\u00e9 Roten","Gesch\u00e4tzte Lesezeit":"3\u00a0Minuten"},"schema":{"@context":"https:\/\/schema.org","@graph":[{"@type":"Article","@id":"https:\/\/www.iemj.org\/de\/musique-et-politique-en-allemagne-du-iiie-reich-a-laube-de-la-guerre-froide\/#article","isPartOf":{"@id":"https:\/\/www.iemj.org\/de\/musique-et-politique-en-allemagne-du-iiie-reich-a-laube-de-la-guerre-froide\/"},"author":{"name":"Herv\u00e9 Roten","@id":"https:\/\/www.iemj.org\/de\/#\/schema\/person\/906134402c29d5c76e7b726261dd4bbd"},"headline":"Musique et politique en Allemagne du IIIe Reich \u00e0 l\u2019aube de la guerre froide","datePublished":"2019-01-09T11:15:35+00:00","dateModified":"2023-02-27T13:37:54+00:00","mainEntityOfPage":{"@id":"https:\/\/www.iemj.org\/de\/musique-et-politique-en-allemagne-du-iiie-reich-a-laube-de-la-guerre-froide\/"},"wordCount":485,"publisher":{"@id":"https:\/\/www.iemj.org\/de\/#organization"},"image":{"@id":"https:\/\/www.iemj.org\/de\/musique-et-politique-en-allemagne-du-iiie-reich-a-laube-de-la-guerre-froide\/#primaryimage"},"thumbnailUrl":"https:\/\/www.iemj.org\/wp-content\/uploads\/2019\/01\/arton3868.jpg","articleSection":["B\u00fccher, Artikel","Letzte Neuerwerbungen"],"inLanguage":"de"},{"@type":"WebPage","@id":"https:\/\/www.iemj.org\/de\/musique-et-politique-en-allemagne-du-iiie-reich-a-laube-de-la-guerre-froide\/","url":"https:\/\/www.iemj.org\/de\/musique-et-politique-en-allemagne-du-iiie-reich-a-laube-de-la-guerre-froide\/","name":"Musique et politique en Allemagne du IIIe Reich \u00e0 l\u2019aube de la guerre froide - Institut Europ\u00e9en des Musiques Juives","isPartOf":{"@id":"https:\/\/www.iemj.org\/de\/#website"},"primaryImageOfPage":{"@id":"https:\/\/www.iemj.org\/de\/musique-et-politique-en-allemagne-du-iiie-reich-a-laube-de-la-guerre-froide\/#primaryimage"},"image":{"@id":"https:\/\/www.iemj.org\/de\/musique-et-politique-en-allemagne-du-iiie-reich-a-laube-de-la-guerre-froide\/#primaryimage"},"thumbnailUrl":"https:\/\/www.iemj.org\/wp-content\/uploads\/2019\/01\/arton3868.jpg","datePublished":"2019-01-09T11:15:35+00:00","dateModified":"2023-02-27T13:37:54+00:00","breadcrumb":{"@id":"https:\/\/www.iemj.org\/de\/musique-et-politique-en-allemagne-du-iiie-reich-a-laube-de-la-guerre-froide\/#breadcrumb"},"inLanguage":"de","potentialAction":[{"@type":"ReadAction","target":["https:\/\/www.iemj.org\/de\/musique-et-politique-en-allemagne-du-iiie-reich-a-laube-de-la-guerre-froide\/"]}]},{"@type":"ImageObject","inLanguage":"de","@id":"https:\/\/www.iemj.org\/de\/musique-et-politique-en-allemagne-du-iiie-reich-a-laube-de-la-guerre-froide\/#primaryimage","url":"https:\/\/www.iemj.org\/wp-content\/uploads\/2019\/01\/arton3868.jpg","contentUrl":"https:\/\/www.iemj.org\/wp-content\/uploads\/2019\/01\/arton3868.jpg","width":290,"height":448},{"@type":"BreadcrumbList","@id":"https:\/\/www.iemj.org\/de\/musique-et-politique-en-allemagne-du-iiie-reich-a-laube-de-la-guerre-froide\/#breadcrumb","itemListElement":[{"@type":"ListItem","position":1,"name":"Accueil","item":"https:\/\/www.iemj.org\/de\/"},{"@type":"ListItem","position":2,"name":"Musique et politique en Allemagne du IIIe Reich \u00e0 l\u2019aube de la guerre froide"}]},{"@type":"WebSite","@id":"https:\/\/www.iemj.org\/de\/#website","url":"https:\/\/www.iemj.org\/de\/","name":"Institut Europ\u00e9en des Musiques Juives","description":"Des traditions musicales \u00e0 la port\u00e9e de tous","publisher":{"@id":"https:\/\/www.iemj.org\/de\/#organization"},"potentialAction":[{"@type":"SearchAction","target":{"@type":"EntryPoint","urlTemplate":"https:\/\/www.iemj.org\/de\/?s={search_term_string}"},"query-input":{"@type":"PropertyValueSpecification","valueRequired":true,"valueName":"search_term_string"}}],"inLanguage":"de"},{"@type":"Organization","@id":"https:\/\/www.iemj.org\/de\/#organization","name":"Institut Europ\u00e9en des Musiques Juives","url":"https:\/\/www.iemj.org\/de\/","logo":{"@type":"ImageObject","inLanguage":"de","@id":"https:\/\/www.iemj.org\/de\/#\/schema\/logo\/image\/","url":"https:\/\/www.iemj.org\/wp-content\/uploads\/2021\/09\/Logo-IEMJ-Paypal.jpg","contentUrl":"https:\/\/www.iemj.org\/wp-content\/uploads\/2021\/09\/Logo-IEMJ-Paypal.jpg","width":150,"height":50,"caption":"Institut Europ\u00e9en des Musiques Juives"},"image":{"@id":"https:\/\/www.iemj.org\/de\/#\/schema\/logo\/image\/"},"sameAs":["https:\/\/www.facebook.com\/MusiquesJuives\/","https:\/\/www.instagram.com\/musiquesjuives\/","https:\/\/www.youtube.com\/user\/musiquesjuives"]},{"@type":"Person","@id":"https:\/\/www.iemj.org\/de\/#\/schema\/person\/906134402c29d5c76e7b726261dd4bbd","name":"Herv\u00e9 Roten","image":{"@type":"ImageObject","inLanguage":"de","@id":"https:\/\/secure.gravatar.com\/avatar\/f96ad2db538a26481f18384936b5cd0610c92d390c4dc382209216d455f685ff?s=96&d=mm&r=g","url":"https:\/\/secure.gravatar.com\/avatar\/f96ad2db538a26481f18384936b5cd0610c92d390c4dc382209216d455f685ff?s=96&d=mm&r=g","contentUrl":"https:\/\/secure.gravatar.com\/avatar\/f96ad2db538a26481f18384936b5cd0610c92d390c4dc382209216d455f685ff?s=96&d=mm&r=g","caption":"Herv\u00e9 Roten"}}]}},"_links":{"self":[{"href":"https:\/\/www.iemj.org\/de\/wp-json\/wp\/v2\/posts\/94886","targetHints":{"allow":["GET"]}}],"collection":[{"href":"https:\/\/www.iemj.org\/de\/wp-json\/wp\/v2\/posts"}],"about":[{"href":"https:\/\/www.iemj.org\/de\/wp-json\/wp\/v2\/types\/post"}],"author":[{"embeddable":true,"href":"https:\/\/www.iemj.org\/de\/wp-json\/wp\/v2\/users\/1045"}],"replies":[{"embeddable":true,"href":"https:\/\/www.iemj.org\/de\/wp-json\/wp\/v2\/comments?post=94886"}],"version-history":[{"count":0,"href":"https:\/\/www.iemj.org\/de\/wp-json\/wp\/v2\/posts\/94886\/revisions"}],"wp:featuredmedia":[{"embeddable":true,"href":"https:\/\/www.iemj.org\/de\/wp-json\/wp\/v2\/media\/94887"}],"wp:attachment":[{"href":"https:\/\/www.iemj.org\/de\/wp-json\/wp\/v2\/media?parent=94886"}],"wp:term":[{"taxonomy":"category","embeddable":true,"href":"https:\/\/www.iemj.org\/de\/wp-json\/wp\/v2\/categories?post=94886"},{"taxonomy":"post_tag","embeddable":true,"href":"https:\/\/www.iemj.org\/de\/wp-json\/wp\/v2\/tags?post=94886"},{"taxonomy":"technique","embeddable":true,"href":"https:\/\/www.iemj.org\/de\/wp-json\/wp\/v2\/technique?post=94886"},{"taxonomy":"squelettes","embeddable":true,"href":"https:\/\/www.iemj.org\/de\/wp-json\/wp\/v2\/squelettes?post=94886"},{"taxonomy":"sujet","embeddable":true,"href":"https:\/\/www.iemj.org\/de\/wp-json\/wp\/v2\/sujet?post=94886"},{"taxonomy":"formation","embeddable":true,"href":"https:\/\/www.iemj.org\/de\/wp-json\/wp\/v2\/formation?post=94886"},{"taxonomy":"genre","embeddable":true,"href":"https:\/\/www.iemj.org\/de\/wp-json\/wp\/v2\/genre?post=94886"},{"taxonomy":"fonds","embeddable":true,"href":"https:\/\/www.iemj.org\/de\/wp-json\/wp\/v2\/fonds?post=94886"},{"taxonomy":"tradition","embeddable":true,"href":"https:\/\/www.iemj.org\/de\/wp-json\/wp\/v2\/tradition?post=94886"},{"taxonomy":"type-de-contenu","embeddable":true,"href":"https:\/\/www.iemj.org\/de\/wp-json\/wp\/v2\/type-de-contenu?post=94886"},{"taxonomy":"interprete-compositeur","embeddable":true,"href":"https:\/\/www.iemj.org\/de\/wp-json\/wp\/v2\/interprete-compositeur?post=94886"},{"taxonomy":"frise","embeddable":true,"href":"https:\/\/www.iemj.org\/de\/wp-json\/wp\/v2\/frise?post=94886"},{"taxonomy":"type-devenement","embeddable":true,"href":"https:\/\/www.iemj.org\/de\/wp-json\/wp\/v2\/type-devenement?post=94886"},{"taxonomy":"tableaux-liens-externes","embeddable":true,"href":"https:\/\/www.iemj.org\/de\/wp-json\/wp\/v2\/tableaux-liens-externes?post=94886"}],"curies":[{"name":"wp","href":"https:\/\/api.w.org\/{rel}","templated":true}]}}