{"id":94908,"date":"2018-12-17T10:40:40","date_gmt":"2018-12-17T09:40:40","guid":{"rendered":"https:\/\/www.iemj.org\/punk-rock-hora-adventures-in-jew-punk-land\/"},"modified":"2023-05-31T15:36:37","modified_gmt":"2023-05-31T13:36:37","slug":"punk-rock-hora-adventures-in-jew-punk-land","status":"publish","type":"post","link":"https:\/\/www.iemj.org\/de\/punk-rock-hora-adventures-in-jew-punk-land\/","title":{"rendered":"Punk Rock Hora : Adventures in Jew-Punk land"},"content":{"rendered":"<p>Seit 2005 hat Michael Croland unz\u00e4hlige Konzerte von Jewish-Punk-Bands besucht und Dutzende von Musikern dieser eigenwilligen Musikrichtung interviewt. Er hat zwischen zwei Konzerten den ber\u00fchmten Manischewitz-Wein getrunken, eine Bagel-Schlacht zwischen einem S\u00e4nger und seinen Fans beobachtet und seine eigene Hochzeit zu den Kl\u00e4ngen dieser Musik organisiert.<\/p>\n<p><em>Punk Rock Hora<\/em> deckt 13 Jahre alternative j\u00fcdische Kultur ab, mit humorvollen Anekdoten, die sich hinter den Kulissen abspielen, und Songanalysen. Man erf\u00e4hrt, wie Michael sich in den j\u00fcdischen Punk verliebt hat; au\u00dferdem gibt es provokante Interviews mit j\u00fcdischen Au\u00dfenseitern und Playlists f\u00fcr j\u00fcdische Feiertage.<\/p>\n<p>Der erste Teil des Buches handelt vom Ph\u00e4nomen des j\u00fcdischen Punk und versammelt eine Reihe von Artikeln zu diesem Thema, die zwischen 2005 und 2010 geschrieben wurden. Der zweite Teil versammelt ausgew\u00e4hlte Interviews aus seinem ersten Buch <a href=\"https:\/\/www.iemj.org\/de\/oy-oy-oy-gevalt-jews-and-punk\/\" target=\"_blank\" rel=\"noopener\">Oy Oy Gevalt!<\/a> sowie weitere unver\u00f6ffentlichte Interviews, die den Zeitraum 2013-2016 abdecken. Der dritte Teil schlie\u00dflich, der zwischen 2016 und 2018 geschrieben wurde, stellt uns neue Bands, ihre Alben und Konzertberichte vor.<\/p>\n<p>Michael Croland ist der Autor von Oy Oy Oy Gevalt, einer 2016 erschienenen akademischen Abschlussarbeit. Er hat f\u00fcr zahlreiche Zeitungen und Websites zu diesem Thema Beitr\u00e4ge verfasst und betreibt einen gleichnamigen Blog.<\/p>\n<p>J\u00fcdische Punks schreien stolz ihr Judentum heraus, auf pers\u00f6nliche und inspirierende Weise und abseits der \u00fcblichen Wege. Auf der Reise, die Michael unternommen hat, geht es jedoch nicht nur um ihre Kunst. Durch die Beschreibung dieses Ph\u00e4nomens hat Michael seine eigene Identit\u00e4t entdeckt und gelernt, sich in seiner eigenen Haut wohl zu f\u00fchlen. Punk und j\u00fcdisch.<\/p>\n<p><a href=\"https:\/\/www.amazon.com\/dp\/1730823718\">Das Buch Punk Rock Hora kaufen.<\/a><\/p>\n<p><a href=\"https:\/\/michaelcroland.com\/\" target=\"_blank\" rel=\"noopener\">Den Blog von Michael Croland ansehen.<\/a><\/p>\n<p><a href=\"https:\/\/www.iemj.org\/oy-oy-oy-gevalt-jews-and-punk\/\">Lesen Sie mehr \u00fcber das Buch Oy Oy Oy Gevalt!<\/a><\/p>\n","protected":false},"excerpt":{"rendered":"<p>Seit 2005 hat Michael Croland unz\u00e4hlige Konzerte von Jewish-Punk-Bands besucht und Dutzende von Musikern dieser eigenwilligen Musikrichtung interviewt. Er hat zwischen zwei Konzerten den ber\u00fchmten Manischewitz-Wein getrunken, eine Bagel-Schlacht zwischen<\/p>\n","protected":false},"author":1048,"featured_media":94909,"comment_status":"closed","ping_status":"open","sticky":false,"template":"","format":"standard","meta":{"_acf_changed":false,"footnotes":""},"categories":[1578,1561],"tags":[],"technique":[],"squelettes":[],"sujet":[],"formation":[],"genre":[1865],"fonds":[],"tradition":[],"type-de-contenu":[],"interprete-compositeur":[],"frise":[],"type-devenement":[],"tableaux-liens-externes":[],"class_list":["post-94908","post","type-post","status-publish","format-standard","has-post-thumbnail","hentry","category-bucher-artikel-de","category-letzte-neuerwerbungen-de","genre-rock-de"],"acf":[],"yoast_head":"<!-- This site is optimized with the Yoast SEO plugin v27.3 - https:\/\/yoast.com\/product\/yoast-seo-wordpress\/ -->\n<title>Punk Rock Hora : Adventures in Jew-Punk land - Institut Europ\u00e9en des Musiques Juives<\/title>\n<meta name=\"robots\" content=\"index, follow, max-snippet:-1, max-image-preview:large, max-video-preview:-1\" \/>\n<link rel=\"canonical\" href=\"https:\/\/www.iemj.org\/de\/punk-rock-hora-adventures-in-jew-punk-land\/\" \/>\n<meta property=\"og:locale\" content=\"de_DE\" \/>\n<meta property=\"og:type\" content=\"article\" \/>\n<meta property=\"og:title\" content=\"Punk Rock Hora : Adventures in Jew-Punk land - Institut Europ\u00e9en des Musiques Juives\" \/>\n<meta property=\"og:description\" content=\"Seit 2005 hat Michael Croland unz\u00e4hlige Konzerte von Jewish-Punk-Bands besucht und Dutzende von Musikern dieser eigenwilligen Musikrichtung interviewt. Er hat zwischen zwei Konzerten den ber\u00fchmten Manischewitz-Wein getrunken, eine Bagel-Schlacht zwischen\" \/>\n<meta property=\"og:url\" content=\"https:\/\/www.iemj.org\/de\/punk-rock-hora-adventures-in-jew-punk-land\/\" \/>\n<meta property=\"og:site_name\" content=\"Institut Europ\u00e9en des Musiques Juives\" \/>\n<meta property=\"article:publisher\" content=\"https:\/\/www.facebook.com\/MusiquesJuives\/\" \/>\n<meta property=\"article:published_time\" content=\"2018-12-17T09:40:40+00:00\" \/>\n<meta property=\"article:modified_time\" content=\"2023-05-31T13:36:37+00:00\" \/>\n<meta property=\"og:image\" content=\"https:\/\/www.iemj.org\/wp-content\/uploads\/2018\/12\/Punk-Rock-Hora_Couv-e1619110796499.jpg\" \/>\n\t<meta property=\"og:image:width\" content=\"350\" \/>\n\t<meta property=\"og:image:height\" content=\"533\" \/>\n\t<meta property=\"og:image:type\" content=\"image\/jpeg\" \/>\n<meta name=\"author\" content=\"Jean-Gabriel Davis\" \/>\n<meta name=\"twitter:card\" content=\"summary_large_image\" \/>\n<meta name=\"twitter:label1\" content=\"Verfasst von\" \/>\n\t<meta name=\"twitter:data1\" content=\"Jean-Gabriel Davis\" \/>\n\t<meta name=\"twitter:label2\" content=\"Gesch\u00e4tzte Lesezeit\" \/>\n\t<meta name=\"twitter:data2\" content=\"2\u00a0Minuten\" \/>\n<script type=\"application\/ld+json\" class=\"yoast-schema-graph\">{\"@context\":\"https:\\\/\\\/schema.org\",\"@graph\":[{\"@type\":\"Article\",\"@id\":\"https:\\\/\\\/www.iemj.org\\\/de\\\/punk-rock-hora-adventures-in-jew-punk-land\\\/#article\",\"isPartOf\":{\"@id\":\"https:\\\/\\\/www.iemj.org\\\/de\\\/punk-rock-hora-adventures-in-jew-punk-land\\\/\"},\"author\":{\"name\":\"Jean-Gabriel Davis\",\"@id\":\"https:\\\/\\\/www.iemj.org\\\/de\\\/#\\\/schema\\\/person\\\/c9bc1c386a3749579a2d675e72a18666\"},\"headline\":\"Punk Rock Hora : Adventures in Jew-Punk land\",\"datePublished\":\"2018-12-17T09:40:40+00:00\",\"dateModified\":\"2023-05-31T13:36:37+00:00\",\"mainEntityOfPage\":{\"@id\":\"https:\\\/\\\/www.iemj.org\\\/de\\\/punk-rock-hora-adventures-in-jew-punk-land\\\/\"},\"wordCount\":295,\"publisher\":{\"@id\":\"https:\\\/\\\/www.iemj.org\\\/de\\\/#organization\"},\"image\":{\"@id\":\"https:\\\/\\\/www.iemj.org\\\/de\\\/punk-rock-hora-adventures-in-jew-punk-land\\\/#primaryimage\"},\"thumbnailUrl\":\"https:\\\/\\\/www.iemj.org\\\/wp-content\\\/uploads\\\/2018\\\/12\\\/Punk-Rock-Hora_Couv-e1619110796499.jpg\",\"articleSection\":[\"B\u00fccher, Artikel\",\"Letzte Neuerwerbungen\"],\"inLanguage\":\"de\"},{\"@type\":\"WebPage\",\"@id\":\"https:\\\/\\\/www.iemj.org\\\/de\\\/punk-rock-hora-adventures-in-jew-punk-land\\\/\",\"url\":\"https:\\\/\\\/www.iemj.org\\\/de\\\/punk-rock-hora-adventures-in-jew-punk-land\\\/\",\"name\":\"Punk Rock Hora : Adventures in Jew-Punk land - Institut Europ\u00e9en des Musiques Juives\",\"isPartOf\":{\"@id\":\"https:\\\/\\\/www.iemj.org\\\/de\\\/#website\"},\"primaryImageOfPage\":{\"@id\":\"https:\\\/\\\/www.iemj.org\\\/de\\\/punk-rock-hora-adventures-in-jew-punk-land\\\/#primaryimage\"},\"image\":{\"@id\":\"https:\\\/\\\/www.iemj.org\\\/de\\\/punk-rock-hora-adventures-in-jew-punk-land\\\/#primaryimage\"},\"thumbnailUrl\":\"https:\\\/\\\/www.iemj.org\\\/wp-content\\\/uploads\\\/2018\\\/12\\\/Punk-Rock-Hora_Couv-e1619110796499.jpg\",\"datePublished\":\"2018-12-17T09:40:40+00:00\",\"dateModified\":\"2023-05-31T13:36:37+00:00\",\"breadcrumb\":{\"@id\":\"https:\\\/\\\/www.iemj.org\\\/de\\\/punk-rock-hora-adventures-in-jew-punk-land\\\/#breadcrumb\"},\"inLanguage\":\"de\",\"potentialAction\":[{\"@type\":\"ReadAction\",\"target\":[\"https:\\\/\\\/www.iemj.org\\\/de\\\/punk-rock-hora-adventures-in-jew-punk-land\\\/\"]}]},{\"@type\":\"ImageObject\",\"inLanguage\":\"de\",\"@id\":\"https:\\\/\\\/www.iemj.org\\\/de\\\/punk-rock-hora-adventures-in-jew-punk-land\\\/#primaryimage\",\"url\":\"https:\\\/\\\/www.iemj.org\\\/wp-content\\\/uploads\\\/2018\\\/12\\\/Punk-Rock-Hora_Couv-e1619110796499.jpg\",\"contentUrl\":\"https:\\\/\\\/www.iemj.org\\\/wp-content\\\/uploads\\\/2018\\\/12\\\/Punk-Rock-Hora_Couv-e1619110796499.jpg\",\"width\":350,\"height\":533},{\"@type\":\"BreadcrumbList\",\"@id\":\"https:\\\/\\\/www.iemj.org\\\/de\\\/punk-rock-hora-adventures-in-jew-punk-land\\\/#breadcrumb\",\"itemListElement\":[{\"@type\":\"ListItem\",\"position\":1,\"name\":\"Accueil\",\"item\":\"https:\\\/\\\/www.iemj.org\\\/de\\\/\"},{\"@type\":\"ListItem\",\"position\":2,\"name\":\"Punk Rock Hora : Adventures in Jew-Punk land\"}]},{\"@type\":\"WebSite\",\"@id\":\"https:\\\/\\\/www.iemj.org\\\/de\\\/#website\",\"url\":\"https:\\\/\\\/www.iemj.org\\\/de\\\/\",\"name\":\"Institut Europ\u00e9en des Musiques Juives\",\"description\":\"Des traditions musicales \u00e0 la port\u00e9e de tous\",\"publisher\":{\"@id\":\"https:\\\/\\\/www.iemj.org\\\/de\\\/#organization\"},\"potentialAction\":[{\"@type\":\"SearchAction\",\"target\":{\"@type\":\"EntryPoint\",\"urlTemplate\":\"https:\\\/\\\/www.iemj.org\\\/de\\\/?s={search_term_string}\"},\"query-input\":{\"@type\":\"PropertyValueSpecification\",\"valueRequired\":true,\"valueName\":\"search_term_string\"}}],\"inLanguage\":\"de\"},{\"@type\":\"Organization\",\"@id\":\"https:\\\/\\\/www.iemj.org\\\/de\\\/#organization\",\"name\":\"Institut Europ\u00e9en des Musiques Juives\",\"url\":\"https:\\\/\\\/www.iemj.org\\\/de\\\/\",\"logo\":{\"@type\":\"ImageObject\",\"inLanguage\":\"de\",\"@id\":\"https:\\\/\\\/www.iemj.org\\\/de\\\/#\\\/schema\\\/logo\\\/image\\\/\",\"url\":\"https:\\\/\\\/www.iemj.org\\\/wp-content\\\/uploads\\\/2021\\\/09\\\/Logo-IEMJ-Paypal.jpg\",\"contentUrl\":\"https:\\\/\\\/www.iemj.org\\\/wp-content\\\/uploads\\\/2021\\\/09\\\/Logo-IEMJ-Paypal.jpg\",\"width\":150,\"height\":50,\"caption\":\"Institut Europ\u00e9en des Musiques Juives\"},\"image\":{\"@id\":\"https:\\\/\\\/www.iemj.org\\\/de\\\/#\\\/schema\\\/logo\\\/image\\\/\"},\"sameAs\":[\"https:\\\/\\\/www.facebook.com\\\/MusiquesJuives\\\/\",\"https:\\\/\\\/www.instagram.com\\\/musiquesjuives\\\/\",\"https:\\\/\\\/www.youtube.com\\\/user\\\/musiquesjuives\"]},{\"@type\":\"Person\",\"@id\":\"https:\\\/\\\/www.iemj.org\\\/de\\\/#\\\/schema\\\/person\\\/c9bc1c386a3749579a2d675e72a18666\",\"name\":\"Jean-Gabriel Davis\",\"image\":{\"@type\":\"ImageObject\",\"inLanguage\":\"de\",\"@id\":\"https:\\\/\\\/secure.gravatar.com\\\/avatar\\\/2b90d67bdf392c9b3a21fab87c0fa7edaf1fb3a058172a1ffd61033fcec7aec1?s=96&d=mm&r=g\",\"url\":\"https:\\\/\\\/secure.gravatar.com\\\/avatar\\\/2b90d67bdf392c9b3a21fab87c0fa7edaf1fb3a058172a1ffd61033fcec7aec1?s=96&d=mm&r=g\",\"contentUrl\":\"https:\\\/\\\/secure.gravatar.com\\\/avatar\\\/2b90d67bdf392c9b3a21fab87c0fa7edaf1fb3a058172a1ffd61033fcec7aec1?s=96&d=mm&r=g\",\"caption\":\"Jean-Gabriel Davis\"}}]}<\/script>\n<!-- \/ Yoast SEO plugin. -->","yoast_head_json":{"title":"Punk Rock Hora : Adventures in Jew-Punk land - Institut Europ\u00e9en des Musiques Juives","robots":{"index":"index","follow":"follow","max-snippet":"max-snippet:-1","max-image-preview":"max-image-preview:large","max-video-preview":"max-video-preview:-1"},"canonical":"https:\/\/www.iemj.org\/de\/punk-rock-hora-adventures-in-jew-punk-land\/","og_locale":"de_DE","og_type":"article","og_title":"Punk Rock Hora : Adventures in Jew-Punk land - Institut Europ\u00e9en des Musiques Juives","og_description":"Seit 2005 hat Michael Croland unz\u00e4hlige Konzerte von Jewish-Punk-Bands besucht und Dutzende von Musikern dieser eigenwilligen Musikrichtung interviewt. Er hat zwischen zwei Konzerten den ber\u00fchmten Manischewitz-Wein getrunken, eine Bagel-Schlacht zwischen","og_url":"https:\/\/www.iemj.org\/de\/punk-rock-hora-adventures-in-jew-punk-land\/","og_site_name":"Institut Europ\u00e9en des Musiques Juives","article_publisher":"https:\/\/www.facebook.com\/MusiquesJuives\/","article_published_time":"2018-12-17T09:40:40+00:00","article_modified_time":"2023-05-31T13:36:37+00:00","og_image":[{"width":350,"height":533,"url":"https:\/\/www.iemj.org\/wp-content\/uploads\/2018\/12\/Punk-Rock-Hora_Couv-e1619110796499.jpg","type":"image\/jpeg"}],"author":"Jean-Gabriel Davis","twitter_card":"summary_large_image","twitter_misc":{"Verfasst von":"Jean-Gabriel Davis","Gesch\u00e4tzte Lesezeit":"2\u00a0Minuten"},"schema":{"@context":"https:\/\/schema.org","@graph":[{"@type":"Article","@id":"https:\/\/www.iemj.org\/de\/punk-rock-hora-adventures-in-jew-punk-land\/#article","isPartOf":{"@id":"https:\/\/www.iemj.org\/de\/punk-rock-hora-adventures-in-jew-punk-land\/"},"author":{"name":"Jean-Gabriel Davis","@id":"https:\/\/www.iemj.org\/de\/#\/schema\/person\/c9bc1c386a3749579a2d675e72a18666"},"headline":"Punk Rock Hora : Adventures in Jew-Punk land","datePublished":"2018-12-17T09:40:40+00:00","dateModified":"2023-05-31T13:36:37+00:00","mainEntityOfPage":{"@id":"https:\/\/www.iemj.org\/de\/punk-rock-hora-adventures-in-jew-punk-land\/"},"wordCount":295,"publisher":{"@id":"https:\/\/www.iemj.org\/de\/#organization"},"image":{"@id":"https:\/\/www.iemj.org\/de\/punk-rock-hora-adventures-in-jew-punk-land\/#primaryimage"},"thumbnailUrl":"https:\/\/www.iemj.org\/wp-content\/uploads\/2018\/12\/Punk-Rock-Hora_Couv-e1619110796499.jpg","articleSection":["B\u00fccher, Artikel","Letzte Neuerwerbungen"],"inLanguage":"de"},{"@type":"WebPage","@id":"https:\/\/www.iemj.org\/de\/punk-rock-hora-adventures-in-jew-punk-land\/","url":"https:\/\/www.iemj.org\/de\/punk-rock-hora-adventures-in-jew-punk-land\/","name":"Punk Rock Hora : Adventures in Jew-Punk land - Institut Europ\u00e9en des Musiques Juives","isPartOf":{"@id":"https:\/\/www.iemj.org\/de\/#website"},"primaryImageOfPage":{"@id":"https:\/\/www.iemj.org\/de\/punk-rock-hora-adventures-in-jew-punk-land\/#primaryimage"},"image":{"@id":"https:\/\/www.iemj.org\/de\/punk-rock-hora-adventures-in-jew-punk-land\/#primaryimage"},"thumbnailUrl":"https:\/\/www.iemj.org\/wp-content\/uploads\/2018\/12\/Punk-Rock-Hora_Couv-e1619110796499.jpg","datePublished":"2018-12-17T09:40:40+00:00","dateModified":"2023-05-31T13:36:37+00:00","breadcrumb":{"@id":"https:\/\/www.iemj.org\/de\/punk-rock-hora-adventures-in-jew-punk-land\/#breadcrumb"},"inLanguage":"de","potentialAction":[{"@type":"ReadAction","target":["https:\/\/www.iemj.org\/de\/punk-rock-hora-adventures-in-jew-punk-land\/"]}]},{"@type":"ImageObject","inLanguage":"de","@id":"https:\/\/www.iemj.org\/de\/punk-rock-hora-adventures-in-jew-punk-land\/#primaryimage","url":"https:\/\/www.iemj.org\/wp-content\/uploads\/2018\/12\/Punk-Rock-Hora_Couv-e1619110796499.jpg","contentUrl":"https:\/\/www.iemj.org\/wp-content\/uploads\/2018\/12\/Punk-Rock-Hora_Couv-e1619110796499.jpg","width":350,"height":533},{"@type":"BreadcrumbList","@id":"https:\/\/www.iemj.org\/de\/punk-rock-hora-adventures-in-jew-punk-land\/#breadcrumb","itemListElement":[{"@type":"ListItem","position":1,"name":"Accueil","item":"https:\/\/www.iemj.org\/de\/"},{"@type":"ListItem","position":2,"name":"Punk Rock Hora : Adventures in Jew-Punk land"}]},{"@type":"WebSite","@id":"https:\/\/www.iemj.org\/de\/#website","url":"https:\/\/www.iemj.org\/de\/","name":"Institut Europ\u00e9en des Musiques Juives","description":"Des traditions musicales \u00e0 la port\u00e9e de tous","publisher":{"@id":"https:\/\/www.iemj.org\/de\/#organization"},"potentialAction":[{"@type":"SearchAction","target":{"@type":"EntryPoint","urlTemplate":"https:\/\/www.iemj.org\/de\/?s={search_term_string}"},"query-input":{"@type":"PropertyValueSpecification","valueRequired":true,"valueName":"search_term_string"}}],"inLanguage":"de"},{"@type":"Organization","@id":"https:\/\/www.iemj.org\/de\/#organization","name":"Institut Europ\u00e9en des Musiques Juives","url":"https:\/\/www.iemj.org\/de\/","logo":{"@type":"ImageObject","inLanguage":"de","@id":"https:\/\/www.iemj.org\/de\/#\/schema\/logo\/image\/","url":"https:\/\/www.iemj.org\/wp-content\/uploads\/2021\/09\/Logo-IEMJ-Paypal.jpg","contentUrl":"https:\/\/www.iemj.org\/wp-content\/uploads\/2021\/09\/Logo-IEMJ-Paypal.jpg","width":150,"height":50,"caption":"Institut Europ\u00e9en des Musiques Juives"},"image":{"@id":"https:\/\/www.iemj.org\/de\/#\/schema\/logo\/image\/"},"sameAs":["https:\/\/www.facebook.com\/MusiquesJuives\/","https:\/\/www.instagram.com\/musiquesjuives\/","https:\/\/www.youtube.com\/user\/musiquesjuives"]},{"@type":"Person","@id":"https:\/\/www.iemj.org\/de\/#\/schema\/person\/c9bc1c386a3749579a2d675e72a18666","name":"Jean-Gabriel Davis","image":{"@type":"ImageObject","inLanguage":"de","@id":"https:\/\/secure.gravatar.com\/avatar\/2b90d67bdf392c9b3a21fab87c0fa7edaf1fb3a058172a1ffd61033fcec7aec1?s=96&d=mm&r=g","url":"https:\/\/secure.gravatar.com\/avatar\/2b90d67bdf392c9b3a21fab87c0fa7edaf1fb3a058172a1ffd61033fcec7aec1?s=96&d=mm&r=g","contentUrl":"https:\/\/secure.gravatar.com\/avatar\/2b90d67bdf392c9b3a21fab87c0fa7edaf1fb3a058172a1ffd61033fcec7aec1?s=96&d=mm&r=g","caption":"Jean-Gabriel Davis"}}]}},"_links":{"self":[{"href":"https:\/\/www.iemj.org\/de\/wp-json\/wp\/v2\/posts\/94908","targetHints":{"allow":["GET"]}}],"collection":[{"href":"https:\/\/www.iemj.org\/de\/wp-json\/wp\/v2\/posts"}],"about":[{"href":"https:\/\/www.iemj.org\/de\/wp-json\/wp\/v2\/types\/post"}],"author":[{"embeddable":true,"href":"https:\/\/www.iemj.org\/de\/wp-json\/wp\/v2\/users\/1048"}],"replies":[{"embeddable":true,"href":"https:\/\/www.iemj.org\/de\/wp-json\/wp\/v2\/comments?post=94908"}],"version-history":[{"count":0,"href":"https:\/\/www.iemj.org\/de\/wp-json\/wp\/v2\/posts\/94908\/revisions"}],"wp:featuredmedia":[{"embeddable":true,"href":"https:\/\/www.iemj.org\/de\/wp-json\/wp\/v2\/media\/94909"}],"wp:attachment":[{"href":"https:\/\/www.iemj.org\/de\/wp-json\/wp\/v2\/media?parent=94908"}],"wp:term":[{"taxonomy":"category","embeddable":true,"href":"https:\/\/www.iemj.org\/de\/wp-json\/wp\/v2\/categories?post=94908"},{"taxonomy":"post_tag","embeddable":true,"href":"https:\/\/www.iemj.org\/de\/wp-json\/wp\/v2\/tags?post=94908"},{"taxonomy":"technique","embeddable":true,"href":"https:\/\/www.iemj.org\/de\/wp-json\/wp\/v2\/technique?post=94908"},{"taxonomy":"squelettes","embeddable":true,"href":"https:\/\/www.iemj.org\/de\/wp-json\/wp\/v2\/squelettes?post=94908"},{"taxonomy":"sujet","embeddable":true,"href":"https:\/\/www.iemj.org\/de\/wp-json\/wp\/v2\/sujet?post=94908"},{"taxonomy":"formation","embeddable":true,"href":"https:\/\/www.iemj.org\/de\/wp-json\/wp\/v2\/formation?post=94908"},{"taxonomy":"genre","embeddable":true,"href":"https:\/\/www.iemj.org\/de\/wp-json\/wp\/v2\/genre?post=94908"},{"taxonomy":"fonds","embeddable":true,"href":"https:\/\/www.iemj.org\/de\/wp-json\/wp\/v2\/fonds?post=94908"},{"taxonomy":"tradition","embeddable":true,"href":"https:\/\/www.iemj.org\/de\/wp-json\/wp\/v2\/tradition?post=94908"},{"taxonomy":"type-de-contenu","embeddable":true,"href":"https:\/\/www.iemj.org\/de\/wp-json\/wp\/v2\/type-de-contenu?post=94908"},{"taxonomy":"interprete-compositeur","embeddable":true,"href":"https:\/\/www.iemj.org\/de\/wp-json\/wp\/v2\/interprete-compositeur?post=94908"},{"taxonomy":"frise","embeddable":true,"href":"https:\/\/www.iemj.org\/de\/wp-json\/wp\/v2\/frise?post=94908"},{"taxonomy":"type-devenement","embeddable":true,"href":"https:\/\/www.iemj.org\/de\/wp-json\/wp\/v2\/type-devenement?post=94908"},{"taxonomy":"tableaux-liens-externes","embeddable":true,"href":"https:\/\/www.iemj.org\/de\/wp-json\/wp\/v2\/tableaux-liens-externes?post=94908"}],"curies":[{"name":"wp","href":"https:\/\/api.w.org\/{rel}","templated":true}]}}