{"id":96194,"date":"2023-04-24T17:47:28","date_gmt":"2023-04-24T15:47:28","guid":{"rendered":"https:\/\/www.iemj.org\/musique-et-musiciens-de-bal-isaac-strauss-au-service-de-napoleon-iii\/"},"modified":"2023-04-25T17:12:52","modified_gmt":"2023-04-25T15:12:52","slug":"musique-et-musiciens-de-bal-isaac-strauss-au-service-de-napoleon-iii","status":"publish","type":"post","link":"https:\/\/www.iemj.org\/de\/musique-et-musiciens-de-bal-isaac-strauss-au-service-de-napoleon-iii\/","title":{"rendered":"Musique et musiciens de bal \u2013 Isaac Strauss au service de Napol\u00e9on III"},"content":{"rendered":"\n<p><\/p>\n\n\n<h1>Musik und Ballmusiker &#8211; Isaac Strauss im Dienst Napoleons III<\/h1>\n<p><strong>Editions Hermann, 01-02-2023<\/strong><\/p>\n<p>Isaac Strauss (1806-1888)<span class=\"footnote_referrer\"><a role=\"button\" tabindex=\"0\" onclick=\"footnote_moveToReference_96194_1('footnote_plugin_reference_96194_1_1');\" onkeypress=\"footnote_moveToReference_96194_1('footnote_plugin_reference_96194_1_1');\" ><sup id=\"footnote_plugin_tooltip_96194_1_1\" class=\"footnote_plugin_tooltip_text\">[1]<\/sup><\/a><span id=\"footnote_plugin_tooltip_text_96194_1_1\" class=\"footnote_tooltip\">Urgro\u00dfvater des Anthropologen Claude L\u00e9vi-Strauss (1908-2009)<\/span><\/span><script type=\"text\/javascript\"> jQuery('#footnote_plugin_tooltip_96194_1_1').tooltip({ tip: '#footnote_plugin_tooltip_text_96194_1_1', tipClass: 'footnote_tooltip', effect: 'fade', predelay: 0, fadeInSpeed: 200, delay: 400, fadeOutSpeed: 200, position: 'top center', relative: true, offset: [-7, 0], });<\/script> war bis 1869 Chef der B\u00e4lle am Hof von Napoleon III. Er leitete die B\u00e4lle der Oper und die Salons des Thermalbads von Vichy und ver\u00f6ffentlichte rund 500 T\u00e4nze, haupts\u00e4chlich Walzer, Polkas und Quadrillen. Obwohl seine <em>Quadrille sur Orph\u00e9e aux enfers<\/em> von Offenbach weiterhin weltweit gespielt wird, ist der &#8222;Strauss von Paris&#8220; heute in Vergessenheit geraten, da er systematisch mit seinen Namensvettern aus Wien, Johann Strauss Vater und Sohn, verwechselt wird.<\/p>\n<p>Strauss, Sohn eines bescheidenen j\u00fcdischen Fiedlers und Barbiers in Stra\u00dfburg, hatte als Violinist im Orchester des Th\u00e9\u00e2tre-Italien begonnen, erwies sich aber als unerm\u00fcdlicher Entrepreneur. Er trug zum Aufschwung der Kurorte Aix-les-Bains und von 1844 bis 1860 Vichy bei, wo sich Adel und Bourgeoisie aus ganz Europa im Sommer gerne aufhielten. Er lie\u00df sich dort eine Villa bauen, die noch heute existiert und in der Napoleon III. w\u00e4hrend seiner ersten beiden Thermalkuren wohnte.<\/p>\n<p>Strauss war auch als Kunstsammler bekannt; seine Sammlung hebr\u00e4ischer Kunstgegenst\u00e4nde, die heute im Mus\u00e9e d&#8217;Art et d&#8217;Histoire du Juda\u00efsme in Paris aufbewahrt wird, war die erste ihrer Art und wurde bereits 1878 auf der Weltausstellung in Paris ausgestellt.<\/p>\n<p>In diesem hervorragend dokumentierten Buch schildert Laure Schnapper den bemerkenswerten Aufstieg eines Musikers in der franz\u00f6sischen Gesellschaft des Zweiten Kaiserreichs. Isaac Strauss, der mit den Gro\u00dfen dieser Welt verkehrte, blieb bescheiden, w\u00e4hrend er sich durch seine Arbeitskraft und Effizienz unentbehrlich machte.<\/p>\n<p>In dieser Hinsicht ist Isaac Strauss ein perfektes Symbol f\u00fcr die Integration von Juden, die franz\u00f6sische Staatsb\u00fcrger israelitischen Glaubens wurden und nach der Emanzipation zum Aufschwung und zum Prestige Frankreichs beitrugen. Wie Laure Schnapper betont, &#8222;bot die Musik den Juden einen privilegierten Weg, sich in die franz\u00f6sische Gesellschaft zu integrieren&#8220;, wie es Jacques-Fromental Hal\u00e9vy, Jacques Offenbach, Henri Herz, \u00c9mile Waldteufel und \u00c9mile Jonas taten.<\/p>\n<p><a href=\"https:\/\/www.fnac.com\/a17732558\/Laure-Schnapper-Musique-et-musiciens-de-bal?oref=00000000-0000-0000-0000-000000000000\" target=\"_blank\" rel=\"noopener\">Bestellen Sie das Buch<\/a><\/p>\n<p><a href=\"https:\/\/www.iemj.org\/de\/strauss-isaac-1806-1888\/\" target=\"_blank\" rel=\"noopener\">Mehr zur Biografie von Isaac Strauss<\/a><\/p>\n<p><a href=\"https:\/\/www.iemj.org\/de\/polka-hanouka\/\" target=\"_blank\" rel=\"noopener\">Die Chanukka-Polka von Isaac Strauss, die der Trag\u00f6din Rachel gewidmet ist, entdecken <\/a><\/p>\n\n\n<figure class=\"wp-block-embed is-type-video is-provider-youtube wp-block-embed-youtube wp-embed-aspect-16-9 wp-has-aspect-ratio\"><div class=\"wp-block-embed__wrapper\">\n<iframe title=\"Actualit\u00e9 musicale : Herv\u00e9 Roten re\u00e7oit Laure Schnapper\" width=\"640\" height=\"360\" src=\"https:\/\/www.youtube.com\/embed\/IP2kEboPYC8?feature=oembed\" frameborder=\"0\" allow=\"accelerometer; autoplay; clipboard-write; encrypted-media; gyroscope; picture-in-picture; web-share\" referrerpolicy=\"strict-origin-when-cross-origin\" allowfullscreen><\/iframe>\n<\/div><\/figure>\n\n\n\n<hr class=\"wp-block-separator has-alpha-channel-opacity\"\/>\n\n\n\n<p><strong>H\u00f6ren Sie weitere St\u00fccke von Isaac Strauss, die von der Pianistin Chantal Riou aufgenommen wurden.<\/strong><\/p>\n\n\n\n<div class=\"wp-block-columns is-layout-flex wp-container-core-columns-is-layout-9d6595d7 wp-block-columns-is-layout-flex\">\n<div class=\"wp-block-column is-layout-flow wp-block-column-is-layout-flow\">\n<figure class=\"wp-block-embed is-type-video is-provider-youtube wp-block-embed-youtube wp-embed-aspect-16-9 wp-has-aspect-ratio\"><div class=\"wp-block-embed__wrapper\">\n<iframe title=\"Isaac Strauss : Encore une valse !\" width=\"640\" height=\"360\" src=\"https:\/\/www.youtube.com\/embed\/2qtewSnMM4U?feature=oembed\" frameborder=\"0\" allow=\"accelerometer; autoplay; clipboard-write; encrypted-media; gyroscope; picture-in-picture; web-share\" referrerpolicy=\"strict-origin-when-cross-origin\" allowfullscreen><\/iframe>\n<\/div><figcaption class=\"wp-element-caption\"><em><strong>Encore une valse<\/strong><\/em>, eine Reihe von Walzern f\u00fcr Klavier, komponiert von Isaac Strauss (1806-1888) &#8211; &#8222;dem Strauss von Paris&#8220; -, die 1873 den Abonnenten der Wochenzeitschrift Le M\u00e9nestrel angeboten wurden.<br>Chantal Riou, Pleyel-Klavier von 1920<\/figcaption><\/figure>\n\n\n\n<p><\/p>\n<\/div>\n\n\n\n<div class=\"wp-block-column is-layout-flow wp-block-column-is-layout-flow\">\n<figure class=\"wp-block-embed is-type-video is-provider-youtube wp-block-embed-youtube wp-embed-aspect-16-9 wp-has-aspect-ratio\"><div class=\"wp-block-embed__wrapper\">\n<iframe title=\"Isaac Strauss : La belle H\u00e9l\u00e8ne (quadrille)\" width=\"640\" height=\"360\" src=\"https:\/\/www.youtube.com\/embed\/dAtkfDzhTvM?feature=oembed\" frameborder=\"0\" allow=\"accelerometer; autoplay; clipboard-write; encrypted-media; gyroscope; picture-in-picture; web-share\" referrerpolicy=\"strict-origin-when-cross-origin\" allowfullscreen><\/iframe>\n<\/div><figcaption class=\"wp-element-caption\"><em><strong>La belle H\u00e9l\u00e8ne<\/strong><\/em>, eine Quadrille, die Isaac Strauss (1806-1888), &#8222;der Strauss von Paris&#8220;, 1865 f\u00fcr die Opernb\u00e4lle auf Offenbachs Werk komponierte. Er komponierte auch eine Polka und einen Walzer \u00fcber dieselbe Opera buffa.<br>Chantal Riou, Pleyel-Klavier von 1920<\/figcaption><\/figure>\n<\/div>\n\n\n\n<div class=\"wp-block-column is-layout-flow wp-block-column-is-layout-flow\">\n<figure class=\"wp-block-embed is-type-video is-provider-youtube wp-block-embed-youtube wp-embed-aspect-16-9 wp-has-aspect-ratio\"><div class=\"wp-block-embed__wrapper\">\n<iframe title=\"Isaac Strauss  : Orph\u00e9e aux enfers, polka\" width=\"640\" height=\"360\" src=\"https:\/\/www.youtube.com\/embed\/1JqIDefY3Tk?feature=oembed\" frameborder=\"0\" allow=\"accelerometer; autoplay; clipboard-write; encrypted-media; gyroscope; picture-in-picture; web-share\" referrerpolicy=\"strict-origin-when-cross-origin\" allowfullscreen><\/iframe>\n<\/div><figcaption class=\"wp-element-caption\"><em><strong>Orph\u00e9e aux enfers<\/strong><\/em>, Polka. Neben der ber\u00fchmten Quadrille, die auf der ganzen Welt gespielt wurde, komponierte Isaac Strauss f\u00fcr die B\u00e4lle der Oper, deren Leiter er war, eine Polka auf das Werk von Offenbach, als es 1858 uraufgef\u00fchrt wurde.<br>Chantal Riou, Pleyel-Klavier von 1920<\/figcaption><\/figure>\n\n\n\n<p><\/p>\n<\/div>\n<\/div>\n<div class=\"speaker-mute footnotes_reference_container\"> <div class=\"footnote_container_prepare\"><p><span role=\"button\" tabindex=\"0\" class=\"footnote_reference_container_label pointer\" onclick=\"footnote_expand_collapse_reference_container_96194_1();\">&#x202F;<\/span><span role=\"button\" tabindex=\"0\" class=\"footnote_reference_container_collapse_button\" style=\"display: none;\" onclick=\"footnote_expand_collapse_reference_container_96194_1();\">[<a id=\"footnote_reference_container_collapse_button_96194_1\">+<\/a>]<\/span><\/p><\/div> <div id=\"footnote_references_container_96194_1\" style=\"\"><table class=\"footnotes_table footnote-reference-container\"><caption class=\"accessibility\">References<\/caption> <tbody> \r\n\r\n<tr class=\"footnotes_plugin_reference_row\"> <th scope=\"row\" class=\"footnote_plugin_index_combi pointer\"  onclick=\"footnote_moveToAnchor_96194_1('footnote_plugin_tooltip_96194_1_1');\"><a id=\"footnote_plugin_reference_96194_1_1\" class=\"footnote_backlink\">1<\/a><\/th> <td class=\"footnote_plugin_text\">Urgro\u00dfvater des Anthropologen Claude L\u00e9vi-Strauss (1908-2009)<\/td><\/tr>\r\n\r\n <\/tbody> <\/table> <\/div><\/div><script type=\"text\/javascript\"> function footnote_expand_reference_container_96194_1() { jQuery('#footnote_references_container_96194_1').show(); jQuery('#footnote_reference_container_collapse_button_96194_1').text('\u2212'); } function footnote_collapse_reference_container_96194_1() { jQuery('#footnote_references_container_96194_1').hide(); jQuery('#footnote_reference_container_collapse_button_96194_1').text('+'); } function footnote_expand_collapse_reference_container_96194_1() { if (jQuery('#footnote_references_container_96194_1').is(':hidden')) { footnote_expand_reference_container_96194_1(); } else { footnote_collapse_reference_container_96194_1(); } } function footnote_moveToReference_96194_1(p_str_TargetID) { footnote_expand_reference_container_96194_1(); var l_obj_Target = jQuery('#' + p_str_TargetID); if (l_obj_Target.length) { jQuery( 'html, body' ).delay( 0 ); jQuery('html, body').animate({ scrollTop: l_obj_Target.offset().top - window.innerHeight * 0.2 }, 380); } } function footnote_moveToAnchor_96194_1(p_str_TargetID) { footnote_expand_reference_container_96194_1(); var l_obj_Target = jQuery('#' + p_str_TargetID); if (l_obj_Target.length) { jQuery( 'html, body' ).delay( 0 ); jQuery('html, body').animate({ scrollTop: l_obj_Target.offset().top - window.innerHeight * 0.2 }, 380); } }<\/script>","protected":false},"excerpt":{"rendered":"<p>Musik und Ballmusiker &#8211; Isaac Strauss im Dienst Napoleons III Editions Hermann, 01-02-2023 Isaac Strauss (1806-1888)[1]Urgro\u00dfvater des Anthropologen Claude L\u00e9vi-Strauss (1908-2009) war bis 1869 Chef der B\u00e4lle am Hof von<\/p>\n","protected":false},"author":5,"featured_media":96177,"comment_status":"closed","ping_status":"closed","sticky":false,"template":"","format":"standard","meta":{"_acf_changed":false,"footnotes":""},"categories":[1578,1558,1561],"tags":[],"technique":[],"squelettes":[],"sujet":[],"formation":[],"genre":[],"fonds":[],"tradition":[],"type-de-contenu":[],"interprete-compositeur":[3172],"frise":[],"type-devenement":[],"tableaux-liens-externes":[],"class_list":["post-96194","post","type-post","status-publish","format-standard","has-post-thumbnail","hentry","category-bucher-artikel-de","category-die-sammlungen-de","category-letzte-neuerwerbungen-de","interprete-compositeur-isaac-strauss-de"],"acf":[],"yoast_head":"<!-- This site is optimized with the Yoast SEO plugin v27.3 - https:\/\/yoast.com\/product\/yoast-seo-wordpress\/ -->\n<title>Musique et musiciens de bal \u2013 Isaac Strauss au service de Napol\u00e9on III - Institut Europ\u00e9en des Musiques Juives<\/title>\n<meta name=\"robots\" content=\"index, follow, max-snippet:-1, max-image-preview:large, max-video-preview:-1\" \/>\n<link rel=\"canonical\" href=\"https:\/\/www.iemj.org\/de\/musique-et-musiciens-de-bal-isaac-strauss-au-service-de-napoleon-iii\/\" \/>\n<meta property=\"og:locale\" content=\"de_DE\" \/>\n<meta property=\"og:type\" content=\"article\" \/>\n<meta property=\"og:title\" content=\"Musique et musiciens de bal \u2013 Isaac Strauss au service de Napol\u00e9on III - Institut Europ\u00e9en des Musiques Juives\" \/>\n<meta property=\"og:description\" content=\"Musik und Ballmusiker &#8211; Isaac Strauss im Dienst Napoleons III Editions Hermann, 01-02-2023 Isaac Strauss (1806-1888)[1]Urgro\u00dfvater des Anthropologen Claude L\u00e9vi-Strauss (1908-2009) war bis 1869 Chef der B\u00e4lle am Hof von\" \/>\n<meta property=\"og:url\" content=\"https:\/\/www.iemj.org\/de\/musique-et-musiciens-de-bal-isaac-strauss-au-service-de-napoleon-iii\/\" \/>\n<meta property=\"og:site_name\" content=\"Institut Europ\u00e9en des Musiques Juives\" \/>\n<meta property=\"article:publisher\" content=\"https:\/\/www.facebook.com\/MusiquesJuives\/\" \/>\n<meta property=\"article:published_time\" content=\"2023-04-24T15:47:28+00:00\" \/>\n<meta property=\"article:modified_time\" content=\"2023-04-25T15:12:52+00:00\" \/>\n<meta property=\"og:image\" content=\"https:\/\/www.iemj.org\/wp-content\/uploads\/2023\/04\/Couv-Livre_redim.jpg\" \/>\n\t<meta property=\"og:image:width\" content=\"389\" \/>\n\t<meta property=\"og:image:height\" content=\"500\" \/>\n\t<meta property=\"og:image:type\" content=\"image\/jpeg\" \/>\n<meta name=\"author\" content=\"Jacqueline ROTEN\" \/>\n<meta name=\"twitter:card\" content=\"summary_large_image\" \/>\n<meta name=\"twitter:label1\" content=\"Verfasst von\" \/>\n\t<meta name=\"twitter:data1\" content=\"Jacqueline ROTEN\" \/>\n\t<meta name=\"twitter:label2\" content=\"Gesch\u00e4tzte Lesezeit\" \/>\n\t<meta name=\"twitter:data2\" content=\"3\u00a0Minuten\" \/>\n<script type=\"application\/ld+json\" class=\"yoast-schema-graph\">{\"@context\":\"https:\\\/\\\/schema.org\",\"@graph\":[{\"@type\":\"Article\",\"@id\":\"https:\\\/\\\/www.iemj.org\\\/de\\\/musique-et-musiciens-de-bal-isaac-strauss-au-service-de-napoleon-iii\\\/#article\",\"isPartOf\":{\"@id\":\"https:\\\/\\\/www.iemj.org\\\/de\\\/musique-et-musiciens-de-bal-isaac-strauss-au-service-de-napoleon-iii\\\/\"},\"author\":{\"name\":\"Jacqueline ROTEN\",\"@id\":\"https:\\\/\\\/www.iemj.org\\\/de\\\/#\\\/schema\\\/person\\\/358e26c18aca017fcc4cc15437f7279c\"},\"headline\":\"Musique et musiciens de bal \u2013 Isaac Strauss au service de Napol\u00e9on III\",\"datePublished\":\"2023-04-24T15:47:28+00:00\",\"dateModified\":\"2023-04-25T15:12:52+00:00\",\"mainEntityOfPage\":{\"@id\":\"https:\\\/\\\/www.iemj.org\\\/de\\\/musique-et-musiciens-de-bal-isaac-strauss-au-service-de-napoleon-iii\\\/\"},\"wordCount\":525,\"publisher\":{\"@id\":\"https:\\\/\\\/www.iemj.org\\\/de\\\/#organization\"},\"image\":{\"@id\":\"https:\\\/\\\/www.iemj.org\\\/de\\\/musique-et-musiciens-de-bal-isaac-strauss-au-service-de-napoleon-iii\\\/#primaryimage\"},\"thumbnailUrl\":\"https:\\\/\\\/www.iemj.org\\\/wp-content\\\/uploads\\\/2023\\\/04\\\/Couv-Livre_redim.jpg\",\"articleSection\":[\"B\u00fccher, Artikel\",\"Die Sammlungen\",\"Letzte Neuerwerbungen\"],\"inLanguage\":\"de\"},{\"@type\":\"WebPage\",\"@id\":\"https:\\\/\\\/www.iemj.org\\\/de\\\/musique-et-musiciens-de-bal-isaac-strauss-au-service-de-napoleon-iii\\\/\",\"url\":\"https:\\\/\\\/www.iemj.org\\\/de\\\/musique-et-musiciens-de-bal-isaac-strauss-au-service-de-napoleon-iii\\\/\",\"name\":\"Musique et musiciens de bal \u2013 Isaac Strauss au service de Napol\u00e9on III - Institut Europ\u00e9en des Musiques Juives\",\"isPartOf\":{\"@id\":\"https:\\\/\\\/www.iemj.org\\\/de\\\/#website\"},\"primaryImageOfPage\":{\"@id\":\"https:\\\/\\\/www.iemj.org\\\/de\\\/musique-et-musiciens-de-bal-isaac-strauss-au-service-de-napoleon-iii\\\/#primaryimage\"},\"image\":{\"@id\":\"https:\\\/\\\/www.iemj.org\\\/de\\\/musique-et-musiciens-de-bal-isaac-strauss-au-service-de-napoleon-iii\\\/#primaryimage\"},\"thumbnailUrl\":\"https:\\\/\\\/www.iemj.org\\\/wp-content\\\/uploads\\\/2023\\\/04\\\/Couv-Livre_redim.jpg\",\"datePublished\":\"2023-04-24T15:47:28+00:00\",\"dateModified\":\"2023-04-25T15:12:52+00:00\",\"breadcrumb\":{\"@id\":\"https:\\\/\\\/www.iemj.org\\\/de\\\/musique-et-musiciens-de-bal-isaac-strauss-au-service-de-napoleon-iii\\\/#breadcrumb\"},\"inLanguage\":\"de\",\"potentialAction\":[{\"@type\":\"ReadAction\",\"target\":[\"https:\\\/\\\/www.iemj.org\\\/de\\\/musique-et-musiciens-de-bal-isaac-strauss-au-service-de-napoleon-iii\\\/\"]}]},{\"@type\":\"ImageObject\",\"inLanguage\":\"de\",\"@id\":\"https:\\\/\\\/www.iemj.org\\\/de\\\/musique-et-musiciens-de-bal-isaac-strauss-au-service-de-napoleon-iii\\\/#primaryimage\",\"url\":\"https:\\\/\\\/www.iemj.org\\\/wp-content\\\/uploads\\\/2023\\\/04\\\/Couv-Livre_redim.jpg\",\"contentUrl\":\"https:\\\/\\\/www.iemj.org\\\/wp-content\\\/uploads\\\/2023\\\/04\\\/Couv-Livre_redim.jpg\",\"width\":389,\"height\":500},{\"@type\":\"BreadcrumbList\",\"@id\":\"https:\\\/\\\/www.iemj.org\\\/de\\\/musique-et-musiciens-de-bal-isaac-strauss-au-service-de-napoleon-iii\\\/#breadcrumb\",\"itemListElement\":[{\"@type\":\"ListItem\",\"position\":1,\"name\":\"Accueil\",\"item\":\"https:\\\/\\\/www.iemj.org\\\/de\\\/\"},{\"@type\":\"ListItem\",\"position\":2,\"name\":\"Musique et musiciens de bal \u2013 Isaac Strauss au service de Napol\u00e9on III\"}]},{\"@type\":\"WebSite\",\"@id\":\"https:\\\/\\\/www.iemj.org\\\/de\\\/#website\",\"url\":\"https:\\\/\\\/www.iemj.org\\\/de\\\/\",\"name\":\"Institut Europ\u00e9en des Musiques Juives\",\"description\":\"Des traditions musicales \u00e0 la port\u00e9e de tous\",\"publisher\":{\"@id\":\"https:\\\/\\\/www.iemj.org\\\/de\\\/#organization\"},\"potentialAction\":[{\"@type\":\"SearchAction\",\"target\":{\"@type\":\"EntryPoint\",\"urlTemplate\":\"https:\\\/\\\/www.iemj.org\\\/de\\\/?s={search_term_string}\"},\"query-input\":{\"@type\":\"PropertyValueSpecification\",\"valueRequired\":true,\"valueName\":\"search_term_string\"}}],\"inLanguage\":\"de\"},{\"@type\":\"Organization\",\"@id\":\"https:\\\/\\\/www.iemj.org\\\/de\\\/#organization\",\"name\":\"Institut Europ\u00e9en des Musiques Juives\",\"url\":\"https:\\\/\\\/www.iemj.org\\\/de\\\/\",\"logo\":{\"@type\":\"ImageObject\",\"inLanguage\":\"de\",\"@id\":\"https:\\\/\\\/www.iemj.org\\\/de\\\/#\\\/schema\\\/logo\\\/image\\\/\",\"url\":\"https:\\\/\\\/www.iemj.org\\\/wp-content\\\/uploads\\\/2021\\\/09\\\/Logo-IEMJ-Paypal.jpg\",\"contentUrl\":\"https:\\\/\\\/www.iemj.org\\\/wp-content\\\/uploads\\\/2021\\\/09\\\/Logo-IEMJ-Paypal.jpg\",\"width\":150,\"height\":50,\"caption\":\"Institut Europ\u00e9en des Musiques Juives\"},\"image\":{\"@id\":\"https:\\\/\\\/www.iemj.org\\\/de\\\/#\\\/schema\\\/logo\\\/image\\\/\"},\"sameAs\":[\"https:\\\/\\\/www.facebook.com\\\/MusiquesJuives\\\/\",\"https:\\\/\\\/www.instagram.com\\\/musiquesjuives\\\/\",\"https:\\\/\\\/www.youtube.com\\\/user\\\/musiquesjuives\"]},{\"@type\":\"Person\",\"@id\":\"https:\\\/\\\/www.iemj.org\\\/de\\\/#\\\/schema\\\/person\\\/358e26c18aca017fcc4cc15437f7279c\",\"name\":\"Jacqueline ROTEN\",\"image\":{\"@type\":\"ImageObject\",\"inLanguage\":\"de\",\"@id\":\"https:\\\/\\\/secure.gravatar.com\\\/avatar\\\/5964256d6c6957de3a3505278957e0fb2a35119ac47ea41827a65301213c810b?s=96&d=mm&r=g\",\"url\":\"https:\\\/\\\/secure.gravatar.com\\\/avatar\\\/5964256d6c6957de3a3505278957e0fb2a35119ac47ea41827a65301213c810b?s=96&d=mm&r=g\",\"contentUrl\":\"https:\\\/\\\/secure.gravatar.com\\\/avatar\\\/5964256d6c6957de3a3505278957e0fb2a35119ac47ea41827a65301213c810b?s=96&d=mm&r=g\",\"caption\":\"Jacqueline ROTEN\"}}]}<\/script>\n<!-- \/ Yoast SEO plugin. -->","yoast_head_json":{"title":"Musique et musiciens de bal \u2013 Isaac Strauss au service de Napol\u00e9on III - Institut Europ\u00e9en des Musiques Juives","robots":{"index":"index","follow":"follow","max-snippet":"max-snippet:-1","max-image-preview":"max-image-preview:large","max-video-preview":"max-video-preview:-1"},"canonical":"https:\/\/www.iemj.org\/de\/musique-et-musiciens-de-bal-isaac-strauss-au-service-de-napoleon-iii\/","og_locale":"de_DE","og_type":"article","og_title":"Musique et musiciens de bal \u2013 Isaac Strauss au service de Napol\u00e9on III - Institut Europ\u00e9en des Musiques Juives","og_description":"Musik und Ballmusiker &#8211; Isaac Strauss im Dienst Napoleons III Editions Hermann, 01-02-2023 Isaac Strauss (1806-1888)[1]Urgro\u00dfvater des Anthropologen Claude L\u00e9vi-Strauss (1908-2009) war bis 1869 Chef der B\u00e4lle am Hof von","og_url":"https:\/\/www.iemj.org\/de\/musique-et-musiciens-de-bal-isaac-strauss-au-service-de-napoleon-iii\/","og_site_name":"Institut Europ\u00e9en des Musiques Juives","article_publisher":"https:\/\/www.facebook.com\/MusiquesJuives\/","article_published_time":"2023-04-24T15:47:28+00:00","article_modified_time":"2023-04-25T15:12:52+00:00","og_image":[{"width":389,"height":500,"url":"https:\/\/www.iemj.org\/wp-content\/uploads\/2023\/04\/Couv-Livre_redim.jpg","type":"image\/jpeg"}],"author":"Jacqueline ROTEN","twitter_card":"summary_large_image","twitter_misc":{"Verfasst von":"Jacqueline ROTEN","Gesch\u00e4tzte Lesezeit":"3\u00a0Minuten"},"schema":{"@context":"https:\/\/schema.org","@graph":[{"@type":"Article","@id":"https:\/\/www.iemj.org\/de\/musique-et-musiciens-de-bal-isaac-strauss-au-service-de-napoleon-iii\/#article","isPartOf":{"@id":"https:\/\/www.iemj.org\/de\/musique-et-musiciens-de-bal-isaac-strauss-au-service-de-napoleon-iii\/"},"author":{"name":"Jacqueline ROTEN","@id":"https:\/\/www.iemj.org\/de\/#\/schema\/person\/358e26c18aca017fcc4cc15437f7279c"},"headline":"Musique et musiciens de bal \u2013 Isaac Strauss au service de Napol\u00e9on III","datePublished":"2023-04-24T15:47:28+00:00","dateModified":"2023-04-25T15:12:52+00:00","mainEntityOfPage":{"@id":"https:\/\/www.iemj.org\/de\/musique-et-musiciens-de-bal-isaac-strauss-au-service-de-napoleon-iii\/"},"wordCount":525,"publisher":{"@id":"https:\/\/www.iemj.org\/de\/#organization"},"image":{"@id":"https:\/\/www.iemj.org\/de\/musique-et-musiciens-de-bal-isaac-strauss-au-service-de-napoleon-iii\/#primaryimage"},"thumbnailUrl":"https:\/\/www.iemj.org\/wp-content\/uploads\/2023\/04\/Couv-Livre_redim.jpg","articleSection":["B\u00fccher, Artikel","Die Sammlungen","Letzte Neuerwerbungen"],"inLanguage":"de"},{"@type":"WebPage","@id":"https:\/\/www.iemj.org\/de\/musique-et-musiciens-de-bal-isaac-strauss-au-service-de-napoleon-iii\/","url":"https:\/\/www.iemj.org\/de\/musique-et-musiciens-de-bal-isaac-strauss-au-service-de-napoleon-iii\/","name":"Musique et musiciens de bal \u2013 Isaac Strauss au service de Napol\u00e9on III - Institut Europ\u00e9en des Musiques Juives","isPartOf":{"@id":"https:\/\/www.iemj.org\/de\/#website"},"primaryImageOfPage":{"@id":"https:\/\/www.iemj.org\/de\/musique-et-musiciens-de-bal-isaac-strauss-au-service-de-napoleon-iii\/#primaryimage"},"image":{"@id":"https:\/\/www.iemj.org\/de\/musique-et-musiciens-de-bal-isaac-strauss-au-service-de-napoleon-iii\/#primaryimage"},"thumbnailUrl":"https:\/\/www.iemj.org\/wp-content\/uploads\/2023\/04\/Couv-Livre_redim.jpg","datePublished":"2023-04-24T15:47:28+00:00","dateModified":"2023-04-25T15:12:52+00:00","breadcrumb":{"@id":"https:\/\/www.iemj.org\/de\/musique-et-musiciens-de-bal-isaac-strauss-au-service-de-napoleon-iii\/#breadcrumb"},"inLanguage":"de","potentialAction":[{"@type":"ReadAction","target":["https:\/\/www.iemj.org\/de\/musique-et-musiciens-de-bal-isaac-strauss-au-service-de-napoleon-iii\/"]}]},{"@type":"ImageObject","inLanguage":"de","@id":"https:\/\/www.iemj.org\/de\/musique-et-musiciens-de-bal-isaac-strauss-au-service-de-napoleon-iii\/#primaryimage","url":"https:\/\/www.iemj.org\/wp-content\/uploads\/2023\/04\/Couv-Livre_redim.jpg","contentUrl":"https:\/\/www.iemj.org\/wp-content\/uploads\/2023\/04\/Couv-Livre_redim.jpg","width":389,"height":500},{"@type":"BreadcrumbList","@id":"https:\/\/www.iemj.org\/de\/musique-et-musiciens-de-bal-isaac-strauss-au-service-de-napoleon-iii\/#breadcrumb","itemListElement":[{"@type":"ListItem","position":1,"name":"Accueil","item":"https:\/\/www.iemj.org\/de\/"},{"@type":"ListItem","position":2,"name":"Musique et musiciens de bal \u2013 Isaac Strauss au service de Napol\u00e9on III"}]},{"@type":"WebSite","@id":"https:\/\/www.iemj.org\/de\/#website","url":"https:\/\/www.iemj.org\/de\/","name":"Institut Europ\u00e9en des Musiques Juives","description":"Des traditions musicales \u00e0 la port\u00e9e de tous","publisher":{"@id":"https:\/\/www.iemj.org\/de\/#organization"},"potentialAction":[{"@type":"SearchAction","target":{"@type":"EntryPoint","urlTemplate":"https:\/\/www.iemj.org\/de\/?s={search_term_string}"},"query-input":{"@type":"PropertyValueSpecification","valueRequired":true,"valueName":"search_term_string"}}],"inLanguage":"de"},{"@type":"Organization","@id":"https:\/\/www.iemj.org\/de\/#organization","name":"Institut Europ\u00e9en des Musiques Juives","url":"https:\/\/www.iemj.org\/de\/","logo":{"@type":"ImageObject","inLanguage":"de","@id":"https:\/\/www.iemj.org\/de\/#\/schema\/logo\/image\/","url":"https:\/\/www.iemj.org\/wp-content\/uploads\/2021\/09\/Logo-IEMJ-Paypal.jpg","contentUrl":"https:\/\/www.iemj.org\/wp-content\/uploads\/2021\/09\/Logo-IEMJ-Paypal.jpg","width":150,"height":50,"caption":"Institut Europ\u00e9en des Musiques Juives"},"image":{"@id":"https:\/\/www.iemj.org\/de\/#\/schema\/logo\/image\/"},"sameAs":["https:\/\/www.facebook.com\/MusiquesJuives\/","https:\/\/www.instagram.com\/musiquesjuives\/","https:\/\/www.youtube.com\/user\/musiquesjuives"]},{"@type":"Person","@id":"https:\/\/www.iemj.org\/de\/#\/schema\/person\/358e26c18aca017fcc4cc15437f7279c","name":"Jacqueline ROTEN","image":{"@type":"ImageObject","inLanguage":"de","@id":"https:\/\/secure.gravatar.com\/avatar\/5964256d6c6957de3a3505278957e0fb2a35119ac47ea41827a65301213c810b?s=96&d=mm&r=g","url":"https:\/\/secure.gravatar.com\/avatar\/5964256d6c6957de3a3505278957e0fb2a35119ac47ea41827a65301213c810b?s=96&d=mm&r=g","contentUrl":"https:\/\/secure.gravatar.com\/avatar\/5964256d6c6957de3a3505278957e0fb2a35119ac47ea41827a65301213c810b?s=96&d=mm&r=g","caption":"Jacqueline ROTEN"}}]}},"_links":{"self":[{"href":"https:\/\/www.iemj.org\/de\/wp-json\/wp\/v2\/posts\/96194","targetHints":{"allow":["GET"]}}],"collection":[{"href":"https:\/\/www.iemj.org\/de\/wp-json\/wp\/v2\/posts"}],"about":[{"href":"https:\/\/www.iemj.org\/de\/wp-json\/wp\/v2\/types\/post"}],"author":[{"embeddable":true,"href":"https:\/\/www.iemj.org\/de\/wp-json\/wp\/v2\/users\/5"}],"replies":[{"embeddable":true,"href":"https:\/\/www.iemj.org\/de\/wp-json\/wp\/v2\/comments?post=96194"}],"version-history":[{"count":0,"href":"https:\/\/www.iemj.org\/de\/wp-json\/wp\/v2\/posts\/96194\/revisions"}],"wp:featuredmedia":[{"embeddable":true,"href":"https:\/\/www.iemj.org\/de\/wp-json\/wp\/v2\/media\/96177"}],"wp:attachment":[{"href":"https:\/\/www.iemj.org\/de\/wp-json\/wp\/v2\/media?parent=96194"}],"wp:term":[{"taxonomy":"category","embeddable":true,"href":"https:\/\/www.iemj.org\/de\/wp-json\/wp\/v2\/categories?post=96194"},{"taxonomy":"post_tag","embeddable":true,"href":"https:\/\/www.iemj.org\/de\/wp-json\/wp\/v2\/tags?post=96194"},{"taxonomy":"technique","embeddable":true,"href":"https:\/\/www.iemj.org\/de\/wp-json\/wp\/v2\/technique?post=96194"},{"taxonomy":"squelettes","embeddable":true,"href":"https:\/\/www.iemj.org\/de\/wp-json\/wp\/v2\/squelettes?post=96194"},{"taxonomy":"sujet","embeddable":true,"href":"https:\/\/www.iemj.org\/de\/wp-json\/wp\/v2\/sujet?post=96194"},{"taxonomy":"formation","embeddable":true,"href":"https:\/\/www.iemj.org\/de\/wp-json\/wp\/v2\/formation?post=96194"},{"taxonomy":"genre","embeddable":true,"href":"https:\/\/www.iemj.org\/de\/wp-json\/wp\/v2\/genre?post=96194"},{"taxonomy":"fonds","embeddable":true,"href":"https:\/\/www.iemj.org\/de\/wp-json\/wp\/v2\/fonds?post=96194"},{"taxonomy":"tradition","embeddable":true,"href":"https:\/\/www.iemj.org\/de\/wp-json\/wp\/v2\/tradition?post=96194"},{"taxonomy":"type-de-contenu","embeddable":true,"href":"https:\/\/www.iemj.org\/de\/wp-json\/wp\/v2\/type-de-contenu?post=96194"},{"taxonomy":"interprete-compositeur","embeddable":true,"href":"https:\/\/www.iemj.org\/de\/wp-json\/wp\/v2\/interprete-compositeur?post=96194"},{"taxonomy":"frise","embeddable":true,"href":"https:\/\/www.iemj.org\/de\/wp-json\/wp\/v2\/frise?post=96194"},{"taxonomy":"type-devenement","embeddable":true,"href":"https:\/\/www.iemj.org\/de\/wp-json\/wp\/v2\/type-devenement?post=96194"},{"taxonomy":"tableaux-liens-externes","embeddable":true,"href":"https:\/\/www.iemj.org\/de\/wp-json\/wp\/v2\/tableaux-liens-externes?post=96194"}],"curies":[{"name":"wp","href":"https:\/\/api.w.org\/{rel}","templated":true}]}}