{"id":96769,"date":"2019-05-28T09:44:28","date_gmt":"2019-05-28T07:44:28","guid":{"rendered":"https:\/\/www.iemj.org\/simha-arom-itineraire-dun-ethnomusicologue-hors-du-commun-de-dusseldorf-a-jerusalem-des-musiques-centrafricaines-a-celles-des-juifs-dethiopie\/"},"modified":"2025-09-22T12:17:40","modified_gmt":"2025-09-22T10:17:40","slug":"simha-arom-itineraire-dun-ethnomusicologue-hors-du-commun-de-dusseldorf-a-jerusalem-des-musiques-centrafricaines-a-celles-des-juifs-dethiopie","status":"publish","type":"post","link":"https:\/\/www.iemj.org\/de\/simha-arom-itineraire-dun-ethnomusicologue-hors-du-commun-de-dusseldorf-a-jerusalem-des-musiques-centrafricaines-a-celles-des-juifs-dethiopie\/","title":{"rendered":"SIMHA AROM, EIN AUSSERGEW\u00d6HNLICHER MUSIKETHNOLOGE &#8211; VON D\u00dcSSELDORF BIS JERUSALEM, VON DER MUSIK DER ZENTRALAFRIKANER BIS ZUR MUSIK DER \u00c4THIOPISCHEN JUDEN"},"content":{"rendered":"\n<p class=\"post_excerpt\"><strong>MUSIQUES JUIVES D\u2019HIER ET D\u2019AUJOURD\u2019HUI \u2013 DIENSTAG, 4. JUNI 2019, JUDA\u00cfQUES FM (94.8), 21.00 UHR. <\/strong><strong><span style=\"font-family: 'Arial',sans-serif; color: #171717; background: white;\">Radiosendung auf Franz\u00f6sisch<\/span><\/strong><\/p>\n\n\n\n<!--more-->\n\n\n\n<p><br>Anl\u00e4sslich der Filmvorf\u00fchrung von J\u00e9r\u00f4me Blumbergs <a href=\"https:\/\/www.iemj.org\/de\/simha\/\" target=\"_blank\" rel=\"noopener\">Simha<\/a>&nbsp;im&nbsp;<a href=\"http:\/\/www.memorialdelashoah.org\/\">M\u00e9morial de la Shoah<\/a> am Donnerstag, den 27. Juni 2019, empf\u00e4ngt Herv\u00e9 Roten den Ethnomusikologen <a href=\"https:\/\/www.iemj.org\/de\/arom-simha-1930\/\">Simha Arom<\/a>, begleitet vom Produzenten Gabriel Chabanier.<\/p>\n\n\n\n<p>Die Geschichte von Simha (der Name bedeutet auf Hebr\u00e4isch &#8222;Freude&#8220;) scheint direkt einem schlechten Roman entsprungen zu sein. Simha wurde 1930 in einer j\u00fcdischen Familie in D\u00fcsseldorf geboren. Nach der Kristallnacht (1938) musste er mit seiner Familie ins Exil gehen. Nach einem Aufenthalt in Belgien und dann in Frankreich werden ihr Bruder und ihre Eltern 1942 nach Auschwitz deportiert. Sie kehren nie zur\u00fcck. Dem 12-j\u00e4hrigen Simha gelingt es, die Pyren\u00e4en zu \u00fcberqueren und in Spanien Zuflucht zu finden. 1944 schifft er sich nach Pal\u00e4stina ein. Er studierte Geige in einem Kibbuz, wurde aber im Unabh\u00e4ngigkeitskrieg 1948 am Arm verletzt und gab die Geige auf, um Horn zu spielen, das einzige Instrument, das nur mit der linken Hand gespielt werden kann. Nach einem brillanten Musikstudium in Jerusalem und sp\u00e4ter in Paris (Erster Preis f\u00fcr Horn am Conservatoire National Sup\u00e9rieur de Musique de Paris 1954) wurde er 1957 Solohornist des Jerusalemer Symphonieorchesters.<\/p>\n\n\n\n<p>1962 h\u00f6rte der Pr\u00e4sident der Zentralafrikanischen Republik, David Dacko, bei einem Besuch in Israel eine Jugendkapelle, die ihm sehr gefiel. Er bittet den Staat Israel um einen Musiker, um eine identische Formation in seinem eigenen Land zu gr\u00fcnden. Simha bietet sich an und verpflichtet sich f\u00fcr ein Jahr.<\/p>\n\n\n\n<p>Als er dort ankommt und von der traditionellen zentralafrikanischen Musik fasziniert ist, \u00fcberzeugt er Pr\u00e4sident Dacko von der Notwendigkeit, die Musik des Landes aufzunehmen. In Bangui gr\u00fcndet er mit seiner Freundin Genevi\u00e8ve Dournon ein Museum f\u00fcr Volkskunst und Traditionen: das Boganda-Museum.<\/p>\n\n\n\n<p>Einige Jahre sp\u00e4ter ging Simha zum CNRS und wurde zu einem der bekanntesten Musikethnologen. Seine Aufnahmen und Analysen der Pygm\u00e4enmusik gingen um die ganze Welt. Zeitgen\u00f6ssische Musiker wie Steve Reich, Luciano Berio, Gy\u00f6rgy Ligeti oder Herbie Hancock und Madonna lassen sich von den Polyphonien, die er bekannt gemacht hat, inspirieren.<\/p>\n\n\n\n<p>Nach der Masseneinwanderung \u00e4thiopischer Juden nach Israel im Jahr 1986 stellte Simha ein franz\u00f6sisch-israelisches Forscherteam zusammen, um die Musik dieser afrikanischen Juden zu sammeln, bevor sie verloren geht. Zwischen 1986 und 1989 wurden Hunderte von Stunden bei den wichtigsten Vertretern der Tradition aufgenommen. Diese Aufnahmen, zusammen mit einer umfangreichen Dokumentation, wurden 2018 als Box mit dem Titel <a href=\"https:\/\/www.iemj.org\/de\/the-liturgy-of-beta-israel-music-of-the-ethiopian-jewish-prayer-2\/\">The Liturgy of Beta Israel<\/a>.<\/p>\n\n\n\n<p>In seinem langen Leben hat Simha Arom nie seinen Sinn f\u00fcr Humor verloren. Und so wird dieser au\u00dfergew\u00f6hnliche Musikethnologe auf Juda\u00efques FM mit Freude (Simha) und guter Laune von seinen zahlreichen Abenteuern berichten. Das Ganze wird nat\u00fcrlich von Musik begleitet!<\/p>\n\n\n\n<ul class=\"wp-block-list\">\n<li><a href=\"https:\/\/www.iemj.org\/de\/simha\/\">Einen Ausschnitt aus dem Film Simha ansehen<\/a><\/li>\n\n\n\n<li><a href=\"https:\/\/www.iemj.org\/de\/arom-simha-1930\/\">Lesen Sie die Biografie von Simha Arom<\/a><\/li>\n\n\n\n<li><a href=\"https:\/\/www.iemj.org\/de\/the-liturgy-of-beta-israel-music-of-the-ethiopian-jewish-prayer-2\/\">Greifen Sie auf den Artikel der Box<em>\u00a0The Liturgy of Beta Israel<\/em>\u00a0zu<\/a><\/li>\n\n\n\n<li><a href=\"https:\/\/www.iemj.org\/de\/the-ethiopian-jewish-liturgical-singing\/\">H\u00f6ren Sie sich die Radiosendung von Olivier Tourny \u00fcber den liturgischen Gesang der Juden \u00c4thiopiens an (auf Franz\u00f6sisch)<\/a><\/li>\n\n\n\n<li><a href=\"https:\/\/www.iemj.org\/de\/la-musique-des-juifs-dethiopie-les-beta-israel\/\">Lesen Sie den Hintergrundartikel \u00fcber die Musik der Juden \u00c4thiopiens<\/a><\/li>\n<\/ul>\n\n\n\n<div class=\"wp-block-columns are-vertically-aligned-center is-layout-flex wp-container-core-columns-is-layout-9d6595d7 wp-block-columns-is-layout-flex\">\n<div class=\"wp-block-column is-vertically-aligned-center is-layout-flow wp-block-column-is-layout-flow\" style=\"flex-basis:20%\"><div class=\"wp-block-image\">\n<figure class=\"aligncenter size-full\"><img decoding=\"async\" width=\"140\" height=\"189\" src=\"https:\/\/www.iemj.org\/wp-content\/uploads\/2017\/01\/herve_photo_retouche_fond_uni_bleu_500px.jpg\" alt=\"\" class=\"wp-image-124981\"\/><\/figure>\n<\/div><\/div>\n\n\n\n<div class=\"wp-block-column is-vertically-aligned-center is-layout-flow wp-block-column-is-layout-flow\" style=\"flex-basis:80%\">\n<p><em>Herv\u00e9&nbsp;Roten ist Officier des Arts et des Lettres, Doktor der Musikwissenschaft der Universit\u00e4t Paris IV Sorbonne und Preistr\u00e4ger des Conservatoire National Sup\u00e9rieur de Musique et de Danse de Paris. Er ist seit der Gr\u00fcndung des Institut Europ\u00e9en des Musiques Juives im Jahr 2006 dessen Direktor.<br>Als ausgebildeter Ethnomusikologe interessierte er sich schon fr\u00fch f\u00fcr die Sicherung und Digitalisierung von Archiven, die er mehrere Jahre lang an den Universit\u00e4ten von Reims und Marne-La-Vall\u00e9e unterrichtete.<br>Herv\u00e9 Roten ist Autor zahlreicher Artikel, B\u00fccher und CDs \u00fcber j\u00fcdische Musik, Produzent von Radiosendungen und gilt heute als einer der besten Experten f\u00fcr j\u00fcdische Musik weltweit.<\/em><\/p>\n<\/div>\n<\/div>\n\n\n<div class=\"wp-block-image\">\n<figure class=\"aligncenter size-large\"><img fetchpriority=\"high\" decoding=\"async\" width=\"1024\" height=\"133\" src=\"https:\/\/www.iemj.org\/wp-content\/uploads\/2024\/03\/AUDIO-PLAYER-1024x133.png\" alt=\"\" class=\"wp-image-110606\" srcset=\"https:\/\/www.iemj.org\/wp-content\/uploads\/2024\/03\/AUDIO-PLAYER-1024x133.png 1024w, https:\/\/www.iemj.org\/wp-content\/uploads\/2024\/03\/AUDIO-PLAYER-300x39.png 300w, https:\/\/www.iemj.org\/wp-content\/uploads\/2024\/03\/AUDIO-PLAYER-768x100.png 768w, https:\/\/www.iemj.org\/wp-content\/uploads\/2024\/03\/AUDIO-PLAYER-600x78.png 600w, https:\/\/www.iemj.org\/wp-content\/uploads\/2024\/03\/AUDIO-PLAYER.png 1210w\" sizes=\"(max-width: 1024px) 100vw, 1024px\" \/><\/figure>\n<\/div>\n\n\n<div class=\"wp-block-file\"><a id=\"wp-block-file--media-8490daec-7ef1-4340-99de-e27b4bfcc676\" href=\"https:\/\/www.iemj.org\/wp-content\/uploads\/2019\/06\/jfm77_simha_arom_2019-06-04_v128-2.mp3\">Simha Arom, itin\u00e9raire d\u2019un ethnomusicologue hors du commun <\/a><\/div>\n","protected":false},"excerpt":{"rendered":"<p>MUSIQUES JUIVES D\u2019HIER ET D\u2019AUJOURD\u2019HUI \u2013 DIENSTAG, 4. JUNI 2019, JUDA\u00cfQUES FM (94.8), 21.00 UHR. Radiosendung auf Franz\u00f6sisch<\/p>\n","protected":false},"author":1045,"featured_media":96770,"comment_status":"closed","ping_status":"closed","sticky":false,"template":"","format":"standard","meta":{"_acf_changed":false,"footnotes":""},"categories":[2169,1539],"tags":[2082,2211],"technique":[],"squelettes":[],"sujet":[],"formation":[],"genre":[],"fonds":[],"tradition":[],"type-de-contenu":[],"interprete-compositeur":[],"frise":[],"type-devenement":[],"tableaux-liens-externes":[],"class_list":["post-96769","post","type-post","status-publish","format-standard","has-post-thumbnail","hentry","category-herve-roten-programme-de","category-radiosendungen-de","tag-athiopien-de","tag-iemj-radioprogramme-de"],"acf":[],"yoast_head":"<!-- This site is optimized with the Yoast SEO plugin v27.3 - https:\/\/yoast.com\/product\/yoast-seo-wordpress\/ -->\n<title>SIMHA AROM, EIN AUSSERGEW\u00d6HNLICHER MUSIKETHNOLOGE - VON D\u00dcSSELDORF BIS JERUSALEM, VON DER MUSIK DER ZENTRALAFRIKANER BIS ZUR MUSIK DER \u00c4THIOPISCHEN JUDEN - Institut Europ\u00e9en des Musiques Juives<\/title>\n<meta name=\"robots\" content=\"index, follow, max-snippet:-1, max-image-preview:large, max-video-preview:-1\" \/>\n<link rel=\"canonical\" href=\"https:\/\/www.iemj.org\/de\/simha-arom-itineraire-dun-ethnomusicologue-hors-du-commun-de-dusseldorf-a-jerusalem-des-musiques-centrafricaines-a-celles-des-juifs-dethiopie\/\" \/>\n<meta property=\"og:locale\" content=\"de_DE\" \/>\n<meta property=\"og:type\" content=\"article\" \/>\n<meta property=\"og:title\" content=\"SIMHA AROM, EIN AUSSERGEW\u00d6HNLICHER MUSIKETHNOLOGE - VON D\u00dcSSELDORF BIS JERUSALEM, VON DER MUSIK DER ZENTRALAFRIKANER BIS ZUR MUSIK DER \u00c4THIOPISCHEN JUDEN - Institut Europ\u00e9en des Musiques Juives\" \/>\n<meta property=\"og:description\" content=\"MUSIQUES JUIVES D\u2019HIER ET D\u2019AUJOURD\u2019HUI \u2013 DIENSTAG, 4. JUNI 2019, JUDA\u00cfQUES FM (94.8), 21.00 UHR. Radiosendung auf Franz\u00f6sisch\" \/>\n<meta property=\"og:url\" content=\"https:\/\/www.iemj.org\/de\/simha-arom-itineraire-dun-ethnomusicologue-hors-du-commun-de-dusseldorf-a-jerusalem-des-musiques-centrafricaines-a-celles-des-juifs-dethiopie\/\" \/>\n<meta property=\"og:site_name\" content=\"Institut Europ\u00e9en des Musiques Juives\" \/>\n<meta property=\"article:publisher\" content=\"https:\/\/www.facebook.com\/MusiquesJuives\/\" \/>\n<meta property=\"article:published_time\" content=\"2019-05-28T07:44:28+00:00\" \/>\n<meta property=\"article:modified_time\" content=\"2025-09-22T10:17:40+00:00\" \/>\n<meta property=\"og:image\" content=\"https:\/\/www.iemj.org\/wp-content\/uploads\/2019\/05\/arton4187.jpg\" \/>\n\t<meta property=\"og:image:width\" content=\"136\" \/>\n\t<meta property=\"og:image:height\" content=\"136\" \/>\n\t<meta property=\"og:image:type\" content=\"image\/jpeg\" \/>\n<meta name=\"author\" content=\"Herv\u00e9 Roten\" \/>\n<meta name=\"twitter:card\" content=\"summary_large_image\" \/>\n<meta name=\"twitter:label1\" content=\"Verfasst von\" \/>\n\t<meta name=\"twitter:data1\" content=\"Herv\u00e9 Roten\" \/>\n\t<meta name=\"twitter:label2\" content=\"Gesch\u00e4tzte Lesezeit\" \/>\n\t<meta name=\"twitter:data2\" content=\"4\u00a0Minuten\" \/>\n<script type=\"application\/ld+json\" class=\"yoast-schema-graph\">{\"@context\":\"https:\\\/\\\/schema.org\",\"@graph\":[{\"@type\":\"Article\",\"@id\":\"https:\\\/\\\/www.iemj.org\\\/de\\\/simha-arom-itineraire-dun-ethnomusicologue-hors-du-commun-de-dusseldorf-a-jerusalem-des-musiques-centrafricaines-a-celles-des-juifs-dethiopie\\\/#article\",\"isPartOf\":{\"@id\":\"https:\\\/\\\/www.iemj.org\\\/de\\\/simha-arom-itineraire-dun-ethnomusicologue-hors-du-commun-de-dusseldorf-a-jerusalem-des-musiques-centrafricaines-a-celles-des-juifs-dethiopie\\\/\"},\"author\":{\"name\":\"Herv\u00e9 Roten\",\"@id\":\"https:\\\/\\\/www.iemj.org\\\/de\\\/#\\\/schema\\\/person\\\/906134402c29d5c76e7b726261dd4bbd\"},\"headline\":\"SIMHA AROM, EIN AUSSERGEW\u00d6HNLICHER MUSIKETHNOLOGE &#8211; VON D\u00dcSSELDORF BIS JERUSALEM, VON DER MUSIK DER ZENTRALAFRIKANER BIS ZUR MUSIK DER \u00c4THIOPISCHEN JUDEN\",\"datePublished\":\"2019-05-28T07:44:28+00:00\",\"dateModified\":\"2025-09-22T10:17:40+00:00\",\"mainEntityOfPage\":{\"@id\":\"https:\\\/\\\/www.iemj.org\\\/de\\\/simha-arom-itineraire-dun-ethnomusicologue-hors-du-commun-de-dusseldorf-a-jerusalem-des-musiques-centrafricaines-a-celles-des-juifs-dethiopie\\\/\"},\"wordCount\":666,\"publisher\":{\"@id\":\"https:\\\/\\\/www.iemj.org\\\/de\\\/#organization\"},\"image\":{\"@id\":\"https:\\\/\\\/www.iemj.org\\\/de\\\/simha-arom-itineraire-dun-ethnomusicologue-hors-du-commun-de-dusseldorf-a-jerusalem-des-musiques-centrafricaines-a-celles-des-juifs-dethiopie\\\/#primaryimage\"},\"thumbnailUrl\":\"https:\\\/\\\/www.iemj.org\\\/wp-content\\\/uploads\\\/2019\\\/05\\\/arton4187.jpg\",\"keywords\":[\"\u00c4thiopien\",\"IEMJ-Radioprogramme\"],\"articleSection\":[\"Herv\u00e9 Roten Programme\",\"Radiosendungen\"],\"inLanguage\":\"de\"},{\"@type\":\"WebPage\",\"@id\":\"https:\\\/\\\/www.iemj.org\\\/de\\\/simha-arom-itineraire-dun-ethnomusicologue-hors-du-commun-de-dusseldorf-a-jerusalem-des-musiques-centrafricaines-a-celles-des-juifs-dethiopie\\\/\",\"url\":\"https:\\\/\\\/www.iemj.org\\\/de\\\/simha-arom-itineraire-dun-ethnomusicologue-hors-du-commun-de-dusseldorf-a-jerusalem-des-musiques-centrafricaines-a-celles-des-juifs-dethiopie\\\/\",\"name\":\"SIMHA AROM, EIN AUSSERGEW\u00d6HNLICHER MUSIKETHNOLOGE - VON D\u00dcSSELDORF BIS JERUSALEM, VON DER MUSIK DER ZENTRALAFRIKANER BIS ZUR MUSIK DER \u00c4THIOPISCHEN JUDEN - Institut Europ\u00e9en des Musiques Juives\",\"isPartOf\":{\"@id\":\"https:\\\/\\\/www.iemj.org\\\/de\\\/#website\"},\"primaryImageOfPage\":{\"@id\":\"https:\\\/\\\/www.iemj.org\\\/de\\\/simha-arom-itineraire-dun-ethnomusicologue-hors-du-commun-de-dusseldorf-a-jerusalem-des-musiques-centrafricaines-a-celles-des-juifs-dethiopie\\\/#primaryimage\"},\"image\":{\"@id\":\"https:\\\/\\\/www.iemj.org\\\/de\\\/simha-arom-itineraire-dun-ethnomusicologue-hors-du-commun-de-dusseldorf-a-jerusalem-des-musiques-centrafricaines-a-celles-des-juifs-dethiopie\\\/#primaryimage\"},\"thumbnailUrl\":\"https:\\\/\\\/www.iemj.org\\\/wp-content\\\/uploads\\\/2019\\\/05\\\/arton4187.jpg\",\"datePublished\":\"2019-05-28T07:44:28+00:00\",\"dateModified\":\"2025-09-22T10:17:40+00:00\",\"breadcrumb\":{\"@id\":\"https:\\\/\\\/www.iemj.org\\\/de\\\/simha-arom-itineraire-dun-ethnomusicologue-hors-du-commun-de-dusseldorf-a-jerusalem-des-musiques-centrafricaines-a-celles-des-juifs-dethiopie\\\/#breadcrumb\"},\"inLanguage\":\"de\",\"potentialAction\":[{\"@type\":\"ReadAction\",\"target\":[\"https:\\\/\\\/www.iemj.org\\\/de\\\/simha-arom-itineraire-dun-ethnomusicologue-hors-du-commun-de-dusseldorf-a-jerusalem-des-musiques-centrafricaines-a-celles-des-juifs-dethiopie\\\/\"]}]},{\"@type\":\"ImageObject\",\"inLanguage\":\"de\",\"@id\":\"https:\\\/\\\/www.iemj.org\\\/de\\\/simha-arom-itineraire-dun-ethnomusicologue-hors-du-commun-de-dusseldorf-a-jerusalem-des-musiques-centrafricaines-a-celles-des-juifs-dethiopie\\\/#primaryimage\",\"url\":\"https:\\\/\\\/www.iemj.org\\\/wp-content\\\/uploads\\\/2019\\\/05\\\/arton4187.jpg\",\"contentUrl\":\"https:\\\/\\\/www.iemj.org\\\/wp-content\\\/uploads\\\/2019\\\/05\\\/arton4187.jpg\",\"width\":136,\"height\":136},{\"@type\":\"BreadcrumbList\",\"@id\":\"https:\\\/\\\/www.iemj.org\\\/de\\\/simha-arom-itineraire-dun-ethnomusicologue-hors-du-commun-de-dusseldorf-a-jerusalem-des-musiques-centrafricaines-a-celles-des-juifs-dethiopie\\\/#breadcrumb\",\"itemListElement\":[{\"@type\":\"ListItem\",\"position\":1,\"name\":\"Accueil\",\"item\":\"https:\\\/\\\/www.iemj.org\\\/de\\\/\"},{\"@type\":\"ListItem\",\"position\":2,\"name\":\"SIMHA AROM, EIN AUSSERGEW\u00d6HNLICHER MUSIKETHNOLOGE &#8211; VON D\u00dcSSELDORF BIS JERUSALEM, VON DER MUSIK DER ZENTRALAFRIKANER BIS ZUR MUSIK DER \u00c4THIOPISCHEN JUDEN\"}]},{\"@type\":\"WebSite\",\"@id\":\"https:\\\/\\\/www.iemj.org\\\/de\\\/#website\",\"url\":\"https:\\\/\\\/www.iemj.org\\\/de\\\/\",\"name\":\"Institut Europ\u00e9en des Musiques Juives\",\"description\":\"Des traditions musicales \u00e0 la port\u00e9e de tous\",\"publisher\":{\"@id\":\"https:\\\/\\\/www.iemj.org\\\/de\\\/#organization\"},\"potentialAction\":[{\"@type\":\"SearchAction\",\"target\":{\"@type\":\"EntryPoint\",\"urlTemplate\":\"https:\\\/\\\/www.iemj.org\\\/de\\\/?s={search_term_string}\"},\"query-input\":{\"@type\":\"PropertyValueSpecification\",\"valueRequired\":true,\"valueName\":\"search_term_string\"}}],\"inLanguage\":\"de\"},{\"@type\":\"Organization\",\"@id\":\"https:\\\/\\\/www.iemj.org\\\/de\\\/#organization\",\"name\":\"Institut Europ\u00e9en des Musiques Juives\",\"url\":\"https:\\\/\\\/www.iemj.org\\\/de\\\/\",\"logo\":{\"@type\":\"ImageObject\",\"inLanguage\":\"de\",\"@id\":\"https:\\\/\\\/www.iemj.org\\\/de\\\/#\\\/schema\\\/logo\\\/image\\\/\",\"url\":\"https:\\\/\\\/www.iemj.org\\\/wp-content\\\/uploads\\\/2021\\\/09\\\/Logo-IEMJ-Paypal.jpg\",\"contentUrl\":\"https:\\\/\\\/www.iemj.org\\\/wp-content\\\/uploads\\\/2021\\\/09\\\/Logo-IEMJ-Paypal.jpg\",\"width\":150,\"height\":50,\"caption\":\"Institut Europ\u00e9en des Musiques Juives\"},\"image\":{\"@id\":\"https:\\\/\\\/www.iemj.org\\\/de\\\/#\\\/schema\\\/logo\\\/image\\\/\"},\"sameAs\":[\"https:\\\/\\\/www.facebook.com\\\/MusiquesJuives\\\/\",\"https:\\\/\\\/www.instagram.com\\\/musiquesjuives\\\/\",\"https:\\\/\\\/www.youtube.com\\\/user\\\/musiquesjuives\"]},{\"@type\":\"Person\",\"@id\":\"https:\\\/\\\/www.iemj.org\\\/de\\\/#\\\/schema\\\/person\\\/906134402c29d5c76e7b726261dd4bbd\",\"name\":\"Herv\u00e9 Roten\",\"image\":{\"@type\":\"ImageObject\",\"inLanguage\":\"de\",\"@id\":\"https:\\\/\\\/secure.gravatar.com\\\/avatar\\\/f96ad2db538a26481f18384936b5cd0610c92d390c4dc382209216d455f685ff?s=96&d=mm&r=g\",\"url\":\"https:\\\/\\\/secure.gravatar.com\\\/avatar\\\/f96ad2db538a26481f18384936b5cd0610c92d390c4dc382209216d455f685ff?s=96&d=mm&r=g\",\"contentUrl\":\"https:\\\/\\\/secure.gravatar.com\\\/avatar\\\/f96ad2db538a26481f18384936b5cd0610c92d390c4dc382209216d455f685ff?s=96&d=mm&r=g\",\"caption\":\"Herv\u00e9 Roten\"}}]}<\/script>\n<!-- \/ Yoast SEO plugin. -->","yoast_head_json":{"title":"SIMHA AROM, EIN AUSSERGEW\u00d6HNLICHER MUSIKETHNOLOGE - VON D\u00dcSSELDORF BIS JERUSALEM, VON DER MUSIK DER ZENTRALAFRIKANER BIS ZUR MUSIK DER \u00c4THIOPISCHEN JUDEN - Institut Europ\u00e9en des Musiques Juives","robots":{"index":"index","follow":"follow","max-snippet":"max-snippet:-1","max-image-preview":"max-image-preview:large","max-video-preview":"max-video-preview:-1"},"canonical":"https:\/\/www.iemj.org\/de\/simha-arom-itineraire-dun-ethnomusicologue-hors-du-commun-de-dusseldorf-a-jerusalem-des-musiques-centrafricaines-a-celles-des-juifs-dethiopie\/","og_locale":"de_DE","og_type":"article","og_title":"SIMHA AROM, EIN AUSSERGEW\u00d6HNLICHER MUSIKETHNOLOGE - VON D\u00dcSSELDORF BIS JERUSALEM, VON DER MUSIK DER ZENTRALAFRIKANER BIS ZUR MUSIK DER \u00c4THIOPISCHEN JUDEN - Institut Europ\u00e9en des Musiques Juives","og_description":"MUSIQUES JUIVES D\u2019HIER ET D\u2019AUJOURD\u2019HUI \u2013 DIENSTAG, 4. JUNI 2019, JUDA\u00cfQUES FM (94.8), 21.00 UHR. Radiosendung auf Franz\u00f6sisch","og_url":"https:\/\/www.iemj.org\/de\/simha-arom-itineraire-dun-ethnomusicologue-hors-du-commun-de-dusseldorf-a-jerusalem-des-musiques-centrafricaines-a-celles-des-juifs-dethiopie\/","og_site_name":"Institut Europ\u00e9en des Musiques Juives","article_publisher":"https:\/\/www.facebook.com\/MusiquesJuives\/","article_published_time":"2019-05-28T07:44:28+00:00","article_modified_time":"2025-09-22T10:17:40+00:00","og_image":[{"width":136,"height":136,"url":"https:\/\/www.iemj.org\/wp-content\/uploads\/2019\/05\/arton4187.jpg","type":"image\/jpeg"}],"author":"Herv\u00e9 Roten","twitter_card":"summary_large_image","twitter_misc":{"Verfasst von":"Herv\u00e9 Roten","Gesch\u00e4tzte Lesezeit":"4\u00a0Minuten"},"schema":{"@context":"https:\/\/schema.org","@graph":[{"@type":"Article","@id":"https:\/\/www.iemj.org\/de\/simha-arom-itineraire-dun-ethnomusicologue-hors-du-commun-de-dusseldorf-a-jerusalem-des-musiques-centrafricaines-a-celles-des-juifs-dethiopie\/#article","isPartOf":{"@id":"https:\/\/www.iemj.org\/de\/simha-arom-itineraire-dun-ethnomusicologue-hors-du-commun-de-dusseldorf-a-jerusalem-des-musiques-centrafricaines-a-celles-des-juifs-dethiopie\/"},"author":{"name":"Herv\u00e9 Roten","@id":"https:\/\/www.iemj.org\/de\/#\/schema\/person\/906134402c29d5c76e7b726261dd4bbd"},"headline":"SIMHA AROM, EIN AUSSERGEW\u00d6HNLICHER MUSIKETHNOLOGE &#8211; VON D\u00dcSSELDORF BIS JERUSALEM, VON DER MUSIK DER ZENTRALAFRIKANER BIS ZUR MUSIK DER \u00c4THIOPISCHEN JUDEN","datePublished":"2019-05-28T07:44:28+00:00","dateModified":"2025-09-22T10:17:40+00:00","mainEntityOfPage":{"@id":"https:\/\/www.iemj.org\/de\/simha-arom-itineraire-dun-ethnomusicologue-hors-du-commun-de-dusseldorf-a-jerusalem-des-musiques-centrafricaines-a-celles-des-juifs-dethiopie\/"},"wordCount":666,"publisher":{"@id":"https:\/\/www.iemj.org\/de\/#organization"},"image":{"@id":"https:\/\/www.iemj.org\/de\/simha-arom-itineraire-dun-ethnomusicologue-hors-du-commun-de-dusseldorf-a-jerusalem-des-musiques-centrafricaines-a-celles-des-juifs-dethiopie\/#primaryimage"},"thumbnailUrl":"https:\/\/www.iemj.org\/wp-content\/uploads\/2019\/05\/arton4187.jpg","keywords":["\u00c4thiopien","IEMJ-Radioprogramme"],"articleSection":["Herv\u00e9 Roten Programme","Radiosendungen"],"inLanguage":"de"},{"@type":"WebPage","@id":"https:\/\/www.iemj.org\/de\/simha-arom-itineraire-dun-ethnomusicologue-hors-du-commun-de-dusseldorf-a-jerusalem-des-musiques-centrafricaines-a-celles-des-juifs-dethiopie\/","url":"https:\/\/www.iemj.org\/de\/simha-arom-itineraire-dun-ethnomusicologue-hors-du-commun-de-dusseldorf-a-jerusalem-des-musiques-centrafricaines-a-celles-des-juifs-dethiopie\/","name":"SIMHA AROM, EIN AUSSERGEW\u00d6HNLICHER MUSIKETHNOLOGE - VON D\u00dcSSELDORF BIS JERUSALEM, VON DER MUSIK DER ZENTRALAFRIKANER BIS ZUR MUSIK DER \u00c4THIOPISCHEN JUDEN - Institut Europ\u00e9en des Musiques Juives","isPartOf":{"@id":"https:\/\/www.iemj.org\/de\/#website"},"primaryImageOfPage":{"@id":"https:\/\/www.iemj.org\/de\/simha-arom-itineraire-dun-ethnomusicologue-hors-du-commun-de-dusseldorf-a-jerusalem-des-musiques-centrafricaines-a-celles-des-juifs-dethiopie\/#primaryimage"},"image":{"@id":"https:\/\/www.iemj.org\/de\/simha-arom-itineraire-dun-ethnomusicologue-hors-du-commun-de-dusseldorf-a-jerusalem-des-musiques-centrafricaines-a-celles-des-juifs-dethiopie\/#primaryimage"},"thumbnailUrl":"https:\/\/www.iemj.org\/wp-content\/uploads\/2019\/05\/arton4187.jpg","datePublished":"2019-05-28T07:44:28+00:00","dateModified":"2025-09-22T10:17:40+00:00","breadcrumb":{"@id":"https:\/\/www.iemj.org\/de\/simha-arom-itineraire-dun-ethnomusicologue-hors-du-commun-de-dusseldorf-a-jerusalem-des-musiques-centrafricaines-a-celles-des-juifs-dethiopie\/#breadcrumb"},"inLanguage":"de","potentialAction":[{"@type":"ReadAction","target":["https:\/\/www.iemj.org\/de\/simha-arom-itineraire-dun-ethnomusicologue-hors-du-commun-de-dusseldorf-a-jerusalem-des-musiques-centrafricaines-a-celles-des-juifs-dethiopie\/"]}]},{"@type":"ImageObject","inLanguage":"de","@id":"https:\/\/www.iemj.org\/de\/simha-arom-itineraire-dun-ethnomusicologue-hors-du-commun-de-dusseldorf-a-jerusalem-des-musiques-centrafricaines-a-celles-des-juifs-dethiopie\/#primaryimage","url":"https:\/\/www.iemj.org\/wp-content\/uploads\/2019\/05\/arton4187.jpg","contentUrl":"https:\/\/www.iemj.org\/wp-content\/uploads\/2019\/05\/arton4187.jpg","width":136,"height":136},{"@type":"BreadcrumbList","@id":"https:\/\/www.iemj.org\/de\/simha-arom-itineraire-dun-ethnomusicologue-hors-du-commun-de-dusseldorf-a-jerusalem-des-musiques-centrafricaines-a-celles-des-juifs-dethiopie\/#breadcrumb","itemListElement":[{"@type":"ListItem","position":1,"name":"Accueil","item":"https:\/\/www.iemj.org\/de\/"},{"@type":"ListItem","position":2,"name":"SIMHA AROM, EIN AUSSERGEW\u00d6HNLICHER MUSIKETHNOLOGE &#8211; VON D\u00dcSSELDORF BIS JERUSALEM, VON DER MUSIK DER ZENTRALAFRIKANER BIS ZUR MUSIK DER \u00c4THIOPISCHEN JUDEN"}]},{"@type":"WebSite","@id":"https:\/\/www.iemj.org\/de\/#website","url":"https:\/\/www.iemj.org\/de\/","name":"Institut Europ\u00e9en des Musiques Juives","description":"Des traditions musicales \u00e0 la port\u00e9e de tous","publisher":{"@id":"https:\/\/www.iemj.org\/de\/#organization"},"potentialAction":[{"@type":"SearchAction","target":{"@type":"EntryPoint","urlTemplate":"https:\/\/www.iemj.org\/de\/?s={search_term_string}"},"query-input":{"@type":"PropertyValueSpecification","valueRequired":true,"valueName":"search_term_string"}}],"inLanguage":"de"},{"@type":"Organization","@id":"https:\/\/www.iemj.org\/de\/#organization","name":"Institut Europ\u00e9en des Musiques Juives","url":"https:\/\/www.iemj.org\/de\/","logo":{"@type":"ImageObject","inLanguage":"de","@id":"https:\/\/www.iemj.org\/de\/#\/schema\/logo\/image\/","url":"https:\/\/www.iemj.org\/wp-content\/uploads\/2021\/09\/Logo-IEMJ-Paypal.jpg","contentUrl":"https:\/\/www.iemj.org\/wp-content\/uploads\/2021\/09\/Logo-IEMJ-Paypal.jpg","width":150,"height":50,"caption":"Institut Europ\u00e9en des Musiques Juives"},"image":{"@id":"https:\/\/www.iemj.org\/de\/#\/schema\/logo\/image\/"},"sameAs":["https:\/\/www.facebook.com\/MusiquesJuives\/","https:\/\/www.instagram.com\/musiquesjuives\/","https:\/\/www.youtube.com\/user\/musiquesjuives"]},{"@type":"Person","@id":"https:\/\/www.iemj.org\/de\/#\/schema\/person\/906134402c29d5c76e7b726261dd4bbd","name":"Herv\u00e9 Roten","image":{"@type":"ImageObject","inLanguage":"de","@id":"https:\/\/secure.gravatar.com\/avatar\/f96ad2db538a26481f18384936b5cd0610c92d390c4dc382209216d455f685ff?s=96&d=mm&r=g","url":"https:\/\/secure.gravatar.com\/avatar\/f96ad2db538a26481f18384936b5cd0610c92d390c4dc382209216d455f685ff?s=96&d=mm&r=g","contentUrl":"https:\/\/secure.gravatar.com\/avatar\/f96ad2db538a26481f18384936b5cd0610c92d390c4dc382209216d455f685ff?s=96&d=mm&r=g","caption":"Herv\u00e9 Roten"}}]}},"_links":{"self":[{"href":"https:\/\/www.iemj.org\/de\/wp-json\/wp\/v2\/posts\/96769","targetHints":{"allow":["GET"]}}],"collection":[{"href":"https:\/\/www.iemj.org\/de\/wp-json\/wp\/v2\/posts"}],"about":[{"href":"https:\/\/www.iemj.org\/de\/wp-json\/wp\/v2\/types\/post"}],"author":[{"embeddable":true,"href":"https:\/\/www.iemj.org\/de\/wp-json\/wp\/v2\/users\/1045"}],"replies":[{"embeddable":true,"href":"https:\/\/www.iemj.org\/de\/wp-json\/wp\/v2\/comments?post=96769"}],"version-history":[{"count":0,"href":"https:\/\/www.iemj.org\/de\/wp-json\/wp\/v2\/posts\/96769\/revisions"}],"wp:featuredmedia":[{"embeddable":true,"href":"https:\/\/www.iemj.org\/de\/wp-json\/wp\/v2\/media\/96770"}],"wp:attachment":[{"href":"https:\/\/www.iemj.org\/de\/wp-json\/wp\/v2\/media?parent=96769"}],"wp:term":[{"taxonomy":"category","embeddable":true,"href":"https:\/\/www.iemj.org\/de\/wp-json\/wp\/v2\/categories?post=96769"},{"taxonomy":"post_tag","embeddable":true,"href":"https:\/\/www.iemj.org\/de\/wp-json\/wp\/v2\/tags?post=96769"},{"taxonomy":"technique","embeddable":true,"href":"https:\/\/www.iemj.org\/de\/wp-json\/wp\/v2\/technique?post=96769"},{"taxonomy":"squelettes","embeddable":true,"href":"https:\/\/www.iemj.org\/de\/wp-json\/wp\/v2\/squelettes?post=96769"},{"taxonomy":"sujet","embeddable":true,"href":"https:\/\/www.iemj.org\/de\/wp-json\/wp\/v2\/sujet?post=96769"},{"taxonomy":"formation","embeddable":true,"href":"https:\/\/www.iemj.org\/de\/wp-json\/wp\/v2\/formation?post=96769"},{"taxonomy":"genre","embeddable":true,"href":"https:\/\/www.iemj.org\/de\/wp-json\/wp\/v2\/genre?post=96769"},{"taxonomy":"fonds","embeddable":true,"href":"https:\/\/www.iemj.org\/de\/wp-json\/wp\/v2\/fonds?post=96769"},{"taxonomy":"tradition","embeddable":true,"href":"https:\/\/www.iemj.org\/de\/wp-json\/wp\/v2\/tradition?post=96769"},{"taxonomy":"type-de-contenu","embeddable":true,"href":"https:\/\/www.iemj.org\/de\/wp-json\/wp\/v2\/type-de-contenu?post=96769"},{"taxonomy":"interprete-compositeur","embeddable":true,"href":"https:\/\/www.iemj.org\/de\/wp-json\/wp\/v2\/interprete-compositeur?post=96769"},{"taxonomy":"frise","embeddable":true,"href":"https:\/\/www.iemj.org\/de\/wp-json\/wp\/v2\/frise?post=96769"},{"taxonomy":"type-devenement","embeddable":true,"href":"https:\/\/www.iemj.org\/de\/wp-json\/wp\/v2\/type-devenement?post=96769"},{"taxonomy":"tableaux-liens-externes","embeddable":true,"href":"https:\/\/www.iemj.org\/de\/wp-json\/wp\/v2\/tableaux-liens-externes?post=96769"}],"curies":[{"name":"wp","href":"https:\/\/api.w.org\/{rel}","templated":true}]}}