{"id":96913,"date":"2016-09-21T09:25:53","date_gmt":"2016-09-21T07:25:53","guid":{"rendered":"https:\/\/www.iemj.org\/les-cinq-pieces-pour-orchestre-op-16-darnold-schoenberg\/"},"modified":"2023-05-21T16:32:38","modified_gmt":"2023-05-21T14:32:38","slug":"les-cinq-pieces-pour-orchestre-op-16-darnold-schoenberg","status":"publish","type":"post","link":"https:\/\/www.iemj.org\/de\/les-cinq-pieces-pour-orchestre-op-16-darnold-schoenberg\/","title":{"rendered":"Les Cinq pi\u00e8ces pour orchestre op. 16 d&#8217;Arnold Schoenberg"},"content":{"rendered":"<p>Der Verlag Aedem Musicae hat soeben eine dokumentierte Studie von Alain Poirier \u00fcber <em>Arnold Sch\u00f6nbergs<\/em> <em>F\u00fcnf St\u00fccke f\u00fcr Orchester op. 16<\/em> ver\u00f6ffentlicht. Eine Gelegenheit, in den k\u00fcnstlerischen und kulturellen Kontext des Jahres 1909 einzutauchen und dieses erstaunliche Werk Sch\u00f6nbergs zu verstehen.<\/p>\n<p>Sch\u00f6nbergs F\u00fcnf St\u00fccke f\u00fcr Orchester op. 16, die regelm\u00e4\u00dfig als eines der erstaunlichsten Werke aus der Zeit vor 1914 bezeichnet werden, faszinieren neben Strawinskys Erwartung, Le Sacre du printemps und zahlreichen Werken von Debussy und Bart\u00f3k auch mehr als ein Jahrhundert nach ihrer Entstehung noch immer H\u00f6rer und Komponisten. Sch\u00f6nberg, der mit den gr\u00f6\u00dften K\u00fcnstlern seiner Zeit &#8211; Strauss, Mahler, Busoni oder Kandinsky &#8211; verbunden war, tauchte 1909 in das Unbekannte ein, als Freud, Klimt oder Musil die Geheimnisse des Unbewussten erforschten. Die Musik und die Malerei verweisen bei dieser Suche nach einem neuen Ausdruck aufeinander, wobei das dritte St\u00fcck, das ber\u00fchmte &#8222;Farben&#8220;, eine der schillerndsten Demonstrationen darstellt.<\/p>\n<p>Der erste Teil des Buches beschreibt den k\u00fcnstlerischen und kulturellen Kontext des Jahres 1909. Der zweite Teil ist der Untersuchung der f\u00fcnf St\u00fccke gewidmet.<\/p>\n<p><a href=\"http:\/\/www.musicae.fr\/livre-Les-cinq-pieces-pour-orchestre-op.-16-d-Arnold-Schoenberg-de-Alain-Poirier-165-99.html\" target=\"_blank\" rel=\"noopener\">Das Buch kaufen<\/a><br \/><a href=\"https:\/\/www.iemj.org\/de\/loeuvre-juive-darnold-schonberg\/\" target=\"_blank\" rel=\"noopener\">H\u00f6ren Sie sich die Radiosendung L&#8217;oeuvre juive de Sch\u00f6nberg an, produziert und moderiert von Herv\u00e9 Roten, mit Danielle Cohen-Levinas als Gast.<\/a><\/p>\n\n\n<p><\/p>\n","protected":false},"excerpt":{"rendered":"<p>Der Verlag Aedem Musicae hat soeben eine dokumentierte Studie von Alain Poirier \u00fcber Arnold Sch\u00f6nbergs F\u00fcnf St\u00fccke f\u00fcr Orchester op. 16 ver\u00f6ffentlicht. Eine Gelegenheit, in den k\u00fcnstlerischen und kulturellen Kontext<\/p>\n","protected":false},"author":1048,"featured_media":96914,"comment_status":"closed","ping_status":"open","sticky":false,"template":"","format":"standard","meta":{"_acf_changed":false,"footnotes":""},"categories":[1578,1561],"tags":[],"technique":[],"squelettes":[],"sujet":[],"formation":[],"genre":[1900],"fonds":[],"tradition":[],"type-de-contenu":[],"interprete-compositeur":[3088],"frise":[],"type-devenement":[],"tableaux-liens-externes":[],"class_list":["post-96913","post","type-post","status-publish","format-standard","has-post-thumbnail","hentry","category-bucher-artikel-de","category-letzte-neuerwerbungen-de","genre-klassische-musik-de","interprete-compositeur-arnold-schonberg-de"],"acf":[],"yoast_head":"<!-- This site is optimized with the Yoast SEO plugin v27.3 - https:\/\/yoast.com\/product\/yoast-seo-wordpress\/ -->\n<title>Les Cinq pi\u00e8ces pour orchestre op. 16 d&#039;Arnold Schoenberg - Institut Europ\u00e9en des Musiques Juives<\/title>\n<meta name=\"robots\" content=\"index, follow, max-snippet:-1, max-image-preview:large, max-video-preview:-1\" \/>\n<link rel=\"canonical\" href=\"https:\/\/www.iemj.org\/de\/les-cinq-pieces-pour-orchestre-op-16-darnold-schoenberg\/\" \/>\n<meta property=\"og:locale\" content=\"de_DE\" \/>\n<meta property=\"og:type\" content=\"article\" \/>\n<meta property=\"og:title\" content=\"Les Cinq pi\u00e8ces pour orchestre op. 16 d&#039;Arnold Schoenberg - Institut Europ\u00e9en des Musiques Juives\" \/>\n<meta property=\"og:description\" content=\"Der Verlag Aedem Musicae hat soeben eine dokumentierte Studie von Alain Poirier \u00fcber Arnold Sch\u00f6nbergs F\u00fcnf St\u00fccke f\u00fcr Orchester op. 16 ver\u00f6ffentlicht. Eine Gelegenheit, in den k\u00fcnstlerischen und kulturellen Kontext\" \/>\n<meta property=\"og:url\" content=\"https:\/\/www.iemj.org\/de\/les-cinq-pieces-pour-orchestre-op-16-darnold-schoenberg\/\" \/>\n<meta property=\"og:site_name\" content=\"Institut Europ\u00e9en des Musiques Juives\" \/>\n<meta property=\"article:publisher\" content=\"https:\/\/www.facebook.com\/MusiquesJuives\/\" \/>\n<meta property=\"article:published_time\" content=\"2016-09-21T07:25:53+00:00\" \/>\n<meta property=\"article:modified_time\" content=\"2023-05-21T14:32:38+00:00\" \/>\n<meta property=\"og:image\" content=\"https:\/\/www.iemj.org\/wp-content\/uploads\/2016\/09\/arton1854-e1619347061485.jpg\" \/>\n\t<meta property=\"og:image:width\" content=\"350\" \/>\n\t<meta property=\"og:image:height\" content=\"499\" \/>\n\t<meta property=\"og:image:type\" content=\"image\/jpeg\" \/>\n<meta name=\"author\" content=\"Jean-Gabriel Davis\" \/>\n<meta name=\"twitter:card\" content=\"summary_large_image\" \/>\n<meta name=\"twitter:label1\" content=\"Verfasst von\" \/>\n\t<meta name=\"twitter:data1\" content=\"Jean-Gabriel Davis\" \/>\n\t<meta name=\"twitter:label2\" content=\"Gesch\u00e4tzte Lesezeit\" \/>\n\t<meta name=\"twitter:data2\" content=\"1\u00a0Minute\" \/>\n<script type=\"application\/ld+json\" class=\"yoast-schema-graph\">{\"@context\":\"https:\\\/\\\/schema.org\",\"@graph\":[{\"@type\":\"Article\",\"@id\":\"https:\\\/\\\/www.iemj.org\\\/de\\\/les-cinq-pieces-pour-orchestre-op-16-darnold-schoenberg\\\/#article\",\"isPartOf\":{\"@id\":\"https:\\\/\\\/www.iemj.org\\\/de\\\/les-cinq-pieces-pour-orchestre-op-16-darnold-schoenberg\\\/\"},\"author\":{\"name\":\"Jean-Gabriel Davis\",\"@id\":\"https:\\\/\\\/www.iemj.org\\\/de\\\/#\\\/schema\\\/person\\\/c9bc1c386a3749579a2d675e72a18666\"},\"headline\":\"Les Cinq pi\u00e8ces pour orchestre op. 16 d&#8217;Arnold Schoenberg\",\"datePublished\":\"2016-09-21T07:25:53+00:00\",\"dateModified\":\"2023-05-21T14:32:38+00:00\",\"mainEntityOfPage\":{\"@id\":\"https:\\\/\\\/www.iemj.org\\\/de\\\/les-cinq-pieces-pour-orchestre-op-16-darnold-schoenberg\\\/\"},\"wordCount\":226,\"publisher\":{\"@id\":\"https:\\\/\\\/www.iemj.org\\\/de\\\/#organization\"},\"image\":{\"@id\":\"https:\\\/\\\/www.iemj.org\\\/de\\\/les-cinq-pieces-pour-orchestre-op-16-darnold-schoenberg\\\/#primaryimage\"},\"thumbnailUrl\":\"https:\\\/\\\/www.iemj.org\\\/wp-content\\\/uploads\\\/2016\\\/09\\\/arton1854-e1619347061485.jpg\",\"articleSection\":[\"B\u00fccher, Artikel\",\"Letzte Neuerwerbungen\"],\"inLanguage\":\"de\"},{\"@type\":\"WebPage\",\"@id\":\"https:\\\/\\\/www.iemj.org\\\/de\\\/les-cinq-pieces-pour-orchestre-op-16-darnold-schoenberg\\\/\",\"url\":\"https:\\\/\\\/www.iemj.org\\\/de\\\/les-cinq-pieces-pour-orchestre-op-16-darnold-schoenberg\\\/\",\"name\":\"Les Cinq pi\u00e8ces pour orchestre op. 16 d'Arnold Schoenberg - Institut Europ\u00e9en des Musiques Juives\",\"isPartOf\":{\"@id\":\"https:\\\/\\\/www.iemj.org\\\/de\\\/#website\"},\"primaryImageOfPage\":{\"@id\":\"https:\\\/\\\/www.iemj.org\\\/de\\\/les-cinq-pieces-pour-orchestre-op-16-darnold-schoenberg\\\/#primaryimage\"},\"image\":{\"@id\":\"https:\\\/\\\/www.iemj.org\\\/de\\\/les-cinq-pieces-pour-orchestre-op-16-darnold-schoenberg\\\/#primaryimage\"},\"thumbnailUrl\":\"https:\\\/\\\/www.iemj.org\\\/wp-content\\\/uploads\\\/2016\\\/09\\\/arton1854-e1619347061485.jpg\",\"datePublished\":\"2016-09-21T07:25:53+00:00\",\"dateModified\":\"2023-05-21T14:32:38+00:00\",\"breadcrumb\":{\"@id\":\"https:\\\/\\\/www.iemj.org\\\/de\\\/les-cinq-pieces-pour-orchestre-op-16-darnold-schoenberg\\\/#breadcrumb\"},\"inLanguage\":\"de\",\"potentialAction\":[{\"@type\":\"ReadAction\",\"target\":[\"https:\\\/\\\/www.iemj.org\\\/de\\\/les-cinq-pieces-pour-orchestre-op-16-darnold-schoenberg\\\/\"]}]},{\"@type\":\"ImageObject\",\"inLanguage\":\"de\",\"@id\":\"https:\\\/\\\/www.iemj.org\\\/de\\\/les-cinq-pieces-pour-orchestre-op-16-darnold-schoenberg\\\/#primaryimage\",\"url\":\"https:\\\/\\\/www.iemj.org\\\/wp-content\\\/uploads\\\/2016\\\/09\\\/arton1854-e1619347061485.jpg\",\"contentUrl\":\"https:\\\/\\\/www.iemj.org\\\/wp-content\\\/uploads\\\/2016\\\/09\\\/arton1854-e1619347061485.jpg\",\"width\":350,\"height\":499},{\"@type\":\"BreadcrumbList\",\"@id\":\"https:\\\/\\\/www.iemj.org\\\/de\\\/les-cinq-pieces-pour-orchestre-op-16-darnold-schoenberg\\\/#breadcrumb\",\"itemListElement\":[{\"@type\":\"ListItem\",\"position\":1,\"name\":\"Accueil\",\"item\":\"https:\\\/\\\/www.iemj.org\\\/de\\\/\"},{\"@type\":\"ListItem\",\"position\":2,\"name\":\"Les Cinq pi\u00e8ces pour orchestre op. 16 d&rsquo;Arnold Schoenberg\"}]},{\"@type\":\"WebSite\",\"@id\":\"https:\\\/\\\/www.iemj.org\\\/de\\\/#website\",\"url\":\"https:\\\/\\\/www.iemj.org\\\/de\\\/\",\"name\":\"Institut Europ\u00e9en des Musiques Juives\",\"description\":\"Des traditions musicales \u00e0 la port\u00e9e de tous\",\"publisher\":{\"@id\":\"https:\\\/\\\/www.iemj.org\\\/de\\\/#organization\"},\"potentialAction\":[{\"@type\":\"SearchAction\",\"target\":{\"@type\":\"EntryPoint\",\"urlTemplate\":\"https:\\\/\\\/www.iemj.org\\\/de\\\/?s={search_term_string}\"},\"query-input\":{\"@type\":\"PropertyValueSpecification\",\"valueRequired\":true,\"valueName\":\"search_term_string\"}}],\"inLanguage\":\"de\"},{\"@type\":\"Organization\",\"@id\":\"https:\\\/\\\/www.iemj.org\\\/de\\\/#organization\",\"name\":\"Institut Europ\u00e9en des Musiques Juives\",\"url\":\"https:\\\/\\\/www.iemj.org\\\/de\\\/\",\"logo\":{\"@type\":\"ImageObject\",\"inLanguage\":\"de\",\"@id\":\"https:\\\/\\\/www.iemj.org\\\/de\\\/#\\\/schema\\\/logo\\\/image\\\/\",\"url\":\"https:\\\/\\\/www.iemj.org\\\/wp-content\\\/uploads\\\/2021\\\/09\\\/Logo-IEMJ-Paypal.jpg\",\"contentUrl\":\"https:\\\/\\\/www.iemj.org\\\/wp-content\\\/uploads\\\/2021\\\/09\\\/Logo-IEMJ-Paypal.jpg\",\"width\":150,\"height\":50,\"caption\":\"Institut Europ\u00e9en des Musiques Juives\"},\"image\":{\"@id\":\"https:\\\/\\\/www.iemj.org\\\/de\\\/#\\\/schema\\\/logo\\\/image\\\/\"},\"sameAs\":[\"https:\\\/\\\/www.facebook.com\\\/MusiquesJuives\\\/\",\"https:\\\/\\\/www.instagram.com\\\/musiquesjuives\\\/\",\"https:\\\/\\\/www.youtube.com\\\/user\\\/musiquesjuives\"]},{\"@type\":\"Person\",\"@id\":\"https:\\\/\\\/www.iemj.org\\\/de\\\/#\\\/schema\\\/person\\\/c9bc1c386a3749579a2d675e72a18666\",\"name\":\"Jean-Gabriel Davis\",\"image\":{\"@type\":\"ImageObject\",\"inLanguage\":\"de\",\"@id\":\"https:\\\/\\\/secure.gravatar.com\\\/avatar\\\/2b90d67bdf392c9b3a21fab87c0fa7edaf1fb3a058172a1ffd61033fcec7aec1?s=96&d=mm&r=g\",\"url\":\"https:\\\/\\\/secure.gravatar.com\\\/avatar\\\/2b90d67bdf392c9b3a21fab87c0fa7edaf1fb3a058172a1ffd61033fcec7aec1?s=96&d=mm&r=g\",\"contentUrl\":\"https:\\\/\\\/secure.gravatar.com\\\/avatar\\\/2b90d67bdf392c9b3a21fab87c0fa7edaf1fb3a058172a1ffd61033fcec7aec1?s=96&d=mm&r=g\",\"caption\":\"Jean-Gabriel Davis\"}}]}<\/script>\n<!-- \/ Yoast SEO plugin. -->","yoast_head_json":{"title":"Les Cinq pi\u00e8ces pour orchestre op. 16 d'Arnold Schoenberg - Institut Europ\u00e9en des Musiques Juives","robots":{"index":"index","follow":"follow","max-snippet":"max-snippet:-1","max-image-preview":"max-image-preview:large","max-video-preview":"max-video-preview:-1"},"canonical":"https:\/\/www.iemj.org\/de\/les-cinq-pieces-pour-orchestre-op-16-darnold-schoenberg\/","og_locale":"de_DE","og_type":"article","og_title":"Les Cinq pi\u00e8ces pour orchestre op. 16 d'Arnold Schoenberg - Institut Europ\u00e9en des Musiques Juives","og_description":"Der Verlag Aedem Musicae hat soeben eine dokumentierte Studie von Alain Poirier \u00fcber Arnold Sch\u00f6nbergs F\u00fcnf St\u00fccke f\u00fcr Orchester op. 16 ver\u00f6ffentlicht. Eine Gelegenheit, in den k\u00fcnstlerischen und kulturellen Kontext","og_url":"https:\/\/www.iemj.org\/de\/les-cinq-pieces-pour-orchestre-op-16-darnold-schoenberg\/","og_site_name":"Institut Europ\u00e9en des Musiques Juives","article_publisher":"https:\/\/www.facebook.com\/MusiquesJuives\/","article_published_time":"2016-09-21T07:25:53+00:00","article_modified_time":"2023-05-21T14:32:38+00:00","og_image":[{"width":350,"height":499,"url":"https:\/\/www.iemj.org\/wp-content\/uploads\/2016\/09\/arton1854-e1619347061485.jpg","type":"image\/jpeg"}],"author":"Jean-Gabriel Davis","twitter_card":"summary_large_image","twitter_misc":{"Verfasst von":"Jean-Gabriel Davis","Gesch\u00e4tzte Lesezeit":"1\u00a0Minute"},"schema":{"@context":"https:\/\/schema.org","@graph":[{"@type":"Article","@id":"https:\/\/www.iemj.org\/de\/les-cinq-pieces-pour-orchestre-op-16-darnold-schoenberg\/#article","isPartOf":{"@id":"https:\/\/www.iemj.org\/de\/les-cinq-pieces-pour-orchestre-op-16-darnold-schoenberg\/"},"author":{"name":"Jean-Gabriel Davis","@id":"https:\/\/www.iemj.org\/de\/#\/schema\/person\/c9bc1c386a3749579a2d675e72a18666"},"headline":"Les Cinq pi\u00e8ces pour orchestre op. 16 d&#8217;Arnold Schoenberg","datePublished":"2016-09-21T07:25:53+00:00","dateModified":"2023-05-21T14:32:38+00:00","mainEntityOfPage":{"@id":"https:\/\/www.iemj.org\/de\/les-cinq-pieces-pour-orchestre-op-16-darnold-schoenberg\/"},"wordCount":226,"publisher":{"@id":"https:\/\/www.iemj.org\/de\/#organization"},"image":{"@id":"https:\/\/www.iemj.org\/de\/les-cinq-pieces-pour-orchestre-op-16-darnold-schoenberg\/#primaryimage"},"thumbnailUrl":"https:\/\/www.iemj.org\/wp-content\/uploads\/2016\/09\/arton1854-e1619347061485.jpg","articleSection":["B\u00fccher, Artikel","Letzte Neuerwerbungen"],"inLanguage":"de"},{"@type":"WebPage","@id":"https:\/\/www.iemj.org\/de\/les-cinq-pieces-pour-orchestre-op-16-darnold-schoenberg\/","url":"https:\/\/www.iemj.org\/de\/les-cinq-pieces-pour-orchestre-op-16-darnold-schoenberg\/","name":"Les Cinq pi\u00e8ces pour orchestre op. 16 d'Arnold Schoenberg - Institut Europ\u00e9en des Musiques Juives","isPartOf":{"@id":"https:\/\/www.iemj.org\/de\/#website"},"primaryImageOfPage":{"@id":"https:\/\/www.iemj.org\/de\/les-cinq-pieces-pour-orchestre-op-16-darnold-schoenberg\/#primaryimage"},"image":{"@id":"https:\/\/www.iemj.org\/de\/les-cinq-pieces-pour-orchestre-op-16-darnold-schoenberg\/#primaryimage"},"thumbnailUrl":"https:\/\/www.iemj.org\/wp-content\/uploads\/2016\/09\/arton1854-e1619347061485.jpg","datePublished":"2016-09-21T07:25:53+00:00","dateModified":"2023-05-21T14:32:38+00:00","breadcrumb":{"@id":"https:\/\/www.iemj.org\/de\/les-cinq-pieces-pour-orchestre-op-16-darnold-schoenberg\/#breadcrumb"},"inLanguage":"de","potentialAction":[{"@type":"ReadAction","target":["https:\/\/www.iemj.org\/de\/les-cinq-pieces-pour-orchestre-op-16-darnold-schoenberg\/"]}]},{"@type":"ImageObject","inLanguage":"de","@id":"https:\/\/www.iemj.org\/de\/les-cinq-pieces-pour-orchestre-op-16-darnold-schoenberg\/#primaryimage","url":"https:\/\/www.iemj.org\/wp-content\/uploads\/2016\/09\/arton1854-e1619347061485.jpg","contentUrl":"https:\/\/www.iemj.org\/wp-content\/uploads\/2016\/09\/arton1854-e1619347061485.jpg","width":350,"height":499},{"@type":"BreadcrumbList","@id":"https:\/\/www.iemj.org\/de\/les-cinq-pieces-pour-orchestre-op-16-darnold-schoenberg\/#breadcrumb","itemListElement":[{"@type":"ListItem","position":1,"name":"Accueil","item":"https:\/\/www.iemj.org\/de\/"},{"@type":"ListItem","position":2,"name":"Les Cinq pi\u00e8ces pour orchestre op. 16 d&rsquo;Arnold Schoenberg"}]},{"@type":"WebSite","@id":"https:\/\/www.iemj.org\/de\/#website","url":"https:\/\/www.iemj.org\/de\/","name":"Institut Europ\u00e9en des Musiques Juives","description":"Des traditions musicales \u00e0 la port\u00e9e de tous","publisher":{"@id":"https:\/\/www.iemj.org\/de\/#organization"},"potentialAction":[{"@type":"SearchAction","target":{"@type":"EntryPoint","urlTemplate":"https:\/\/www.iemj.org\/de\/?s={search_term_string}"},"query-input":{"@type":"PropertyValueSpecification","valueRequired":true,"valueName":"search_term_string"}}],"inLanguage":"de"},{"@type":"Organization","@id":"https:\/\/www.iemj.org\/de\/#organization","name":"Institut Europ\u00e9en des Musiques Juives","url":"https:\/\/www.iemj.org\/de\/","logo":{"@type":"ImageObject","inLanguage":"de","@id":"https:\/\/www.iemj.org\/de\/#\/schema\/logo\/image\/","url":"https:\/\/www.iemj.org\/wp-content\/uploads\/2021\/09\/Logo-IEMJ-Paypal.jpg","contentUrl":"https:\/\/www.iemj.org\/wp-content\/uploads\/2021\/09\/Logo-IEMJ-Paypal.jpg","width":150,"height":50,"caption":"Institut Europ\u00e9en des Musiques Juives"},"image":{"@id":"https:\/\/www.iemj.org\/de\/#\/schema\/logo\/image\/"},"sameAs":["https:\/\/www.facebook.com\/MusiquesJuives\/","https:\/\/www.instagram.com\/musiquesjuives\/","https:\/\/www.youtube.com\/user\/musiquesjuives"]},{"@type":"Person","@id":"https:\/\/www.iemj.org\/de\/#\/schema\/person\/c9bc1c386a3749579a2d675e72a18666","name":"Jean-Gabriel Davis","image":{"@type":"ImageObject","inLanguage":"de","@id":"https:\/\/secure.gravatar.com\/avatar\/2b90d67bdf392c9b3a21fab87c0fa7edaf1fb3a058172a1ffd61033fcec7aec1?s=96&d=mm&r=g","url":"https:\/\/secure.gravatar.com\/avatar\/2b90d67bdf392c9b3a21fab87c0fa7edaf1fb3a058172a1ffd61033fcec7aec1?s=96&d=mm&r=g","contentUrl":"https:\/\/secure.gravatar.com\/avatar\/2b90d67bdf392c9b3a21fab87c0fa7edaf1fb3a058172a1ffd61033fcec7aec1?s=96&d=mm&r=g","caption":"Jean-Gabriel Davis"}}]}},"_links":{"self":[{"href":"https:\/\/www.iemj.org\/de\/wp-json\/wp\/v2\/posts\/96913","targetHints":{"allow":["GET"]}}],"collection":[{"href":"https:\/\/www.iemj.org\/de\/wp-json\/wp\/v2\/posts"}],"about":[{"href":"https:\/\/www.iemj.org\/de\/wp-json\/wp\/v2\/types\/post"}],"author":[{"embeddable":true,"href":"https:\/\/www.iemj.org\/de\/wp-json\/wp\/v2\/users\/1048"}],"replies":[{"embeddable":true,"href":"https:\/\/www.iemj.org\/de\/wp-json\/wp\/v2\/comments?post=96913"}],"version-history":[{"count":0,"href":"https:\/\/www.iemj.org\/de\/wp-json\/wp\/v2\/posts\/96913\/revisions"}],"wp:featuredmedia":[{"embeddable":true,"href":"https:\/\/www.iemj.org\/de\/wp-json\/wp\/v2\/media\/96914"}],"wp:attachment":[{"href":"https:\/\/www.iemj.org\/de\/wp-json\/wp\/v2\/media?parent=96913"}],"wp:term":[{"taxonomy":"category","embeddable":true,"href":"https:\/\/www.iemj.org\/de\/wp-json\/wp\/v2\/categories?post=96913"},{"taxonomy":"post_tag","embeddable":true,"href":"https:\/\/www.iemj.org\/de\/wp-json\/wp\/v2\/tags?post=96913"},{"taxonomy":"technique","embeddable":true,"href":"https:\/\/www.iemj.org\/de\/wp-json\/wp\/v2\/technique?post=96913"},{"taxonomy":"squelettes","embeddable":true,"href":"https:\/\/www.iemj.org\/de\/wp-json\/wp\/v2\/squelettes?post=96913"},{"taxonomy":"sujet","embeddable":true,"href":"https:\/\/www.iemj.org\/de\/wp-json\/wp\/v2\/sujet?post=96913"},{"taxonomy":"formation","embeddable":true,"href":"https:\/\/www.iemj.org\/de\/wp-json\/wp\/v2\/formation?post=96913"},{"taxonomy":"genre","embeddable":true,"href":"https:\/\/www.iemj.org\/de\/wp-json\/wp\/v2\/genre?post=96913"},{"taxonomy":"fonds","embeddable":true,"href":"https:\/\/www.iemj.org\/de\/wp-json\/wp\/v2\/fonds?post=96913"},{"taxonomy":"tradition","embeddable":true,"href":"https:\/\/www.iemj.org\/de\/wp-json\/wp\/v2\/tradition?post=96913"},{"taxonomy":"type-de-contenu","embeddable":true,"href":"https:\/\/www.iemj.org\/de\/wp-json\/wp\/v2\/type-de-contenu?post=96913"},{"taxonomy":"interprete-compositeur","embeddable":true,"href":"https:\/\/www.iemj.org\/de\/wp-json\/wp\/v2\/interprete-compositeur?post=96913"},{"taxonomy":"frise","embeddable":true,"href":"https:\/\/www.iemj.org\/de\/wp-json\/wp\/v2\/frise?post=96913"},{"taxonomy":"type-devenement","embeddable":true,"href":"https:\/\/www.iemj.org\/de\/wp-json\/wp\/v2\/type-devenement?post=96913"},{"taxonomy":"tableaux-liens-externes","embeddable":true,"href":"https:\/\/www.iemj.org\/de\/wp-json\/wp\/v2\/tableaux-liens-externes?post=96913"}],"curies":[{"name":"wp","href":"https:\/\/api.w.org\/{rel}","templated":true}]}}