{"id":96937,"date":"2017-05-30T16:38:30","date_gmt":"2017-05-30T14:38:30","guid":{"rendered":"https:\/\/www.iemj.org\/la-synagogue-de-la-victoire-150-ans-du-judaisme-francais\/"},"modified":"2024-01-16T12:38:17","modified_gmt":"2024-01-16T11:38:17","slug":"la-synagogue-de-la-victoire-150-ans-du-judaisme-francais","status":"publish","type":"post","link":"https:\/\/www.iemj.org\/de\/la-synagogue-de-la-victoire-150-ans-du-judaisme-francais\/","title":{"rendered":"La synagogue de la Victoire, 150 ans du juda\u00efsme fran\u00e7ais"},"content":{"rendered":"<p><em>La synagogue de la Victoire, 150 Jahre franz\u00f6sisches Judentum<\/em>, erschienen im Mai 2017, ist ein Gemeinschaftswerk unter der gemeinsamen Herausgeberschaft von Jacques Canet, Pr\u00e4sident der Victoire, und Claude Nataf, Historiker und Vizepr\u00e4sident der Commission fran\u00e7aise des archives juives.<\/p>\n<p>Geschrieben unter Mitarbeit von Martine Cohen, Mo\u00efse Cohen, Ariel Danan, Cyril Grange, Laura Hobson Faure, Ha\u00efm Korsia, Jean-Claude Kuperminc, Philippe Landau, F\u00e9lix Loeb, Stanislas Mah\u00e9, Ariel Messas, Martin Messika, B\u00e9atrice Philippe, Catherine Poujol, Herv\u00e9 Roten, Nelly Singer und Jean-Claude Werba sowie unter Beteiligung zahlreicher Getreuer und Zeitzeugen.<\/p>\n<h4>Ein R\u00fcckblick und Zeugnisse \u00fcber ein Integrationsmodell<\/h4>\n<p><span style=\"font-size: revert; color: var(--bs-body-color); font-family: var(--bs-body-font-family); font-weight: var(--bs-body-font-weight); text-align: var(--bs-body-text-align); background-color: var(--bs-body-bg);\">Die Autoren geben darin einen relevanten und immer noch sehr aktuellen Einblick in den Umgang der <img fetchpriority=\"high\" decoding=\"async\" class=\" alignright  wp-image-14272\" src=\"https:\/\/www.iemj.org\/wp-content\/uploads\/2017\/05\/photo_2.jpg\" alt=\"photo_2.jpg\" width=\"261\" height=\"195\" align=\"right\" \/>Franz\u00f6sischen Republik mit der Religion. Inwiefern nahm die La-Victoire-Synagoge mit der Rolle, die die Rabbiner und die Leiter, die sie leiteten, spielten, und mit der Rolle der Pers\u00f6nlichkeiten, die sie besuchten, aktiv an den verschiedenen K\u00e4mpfen der Republik teil? Inwiefern findet dieses Modell, das vom j\u00fcdischen und franz\u00f6sischen Universalismus gepr\u00e4gt ist, seinen Ausdruck im republikanischen Modell Frankreichs? Welche Gegenwart und Zukunft hat ein solches Integrationsmodell?\u00a0<\/span><\/p>\n<p><img decoding=\"async\" class=\" alignleft  wp-image-14278\" src=\"https:\/\/www.iemj.org\/wp-content\/uploads\/2017\/05\/photo_c.jpg\" alt=\"photo_c.jpg\" width=\"229\" height=\"171\" align=\"left\" \/>Die Victoire-Synagoge ist ein Ort des Lebens, des Gottesdienstes, der Kultur und der offiziellen Zeremonien und eignet sich daher f\u00fcr eine multidisziplin\u00e4re Betrachtung. Auf den wundersch\u00f6n illustrierten Seiten taucht der Leser ein in 150 Jahre Geschichte, religi\u00f6se Ereignisse, politische Momente, Musik, Architektur, aber auch pers\u00f6nliche Lebenswege, die in der Vergangenheit oder in der Gegenwart stattfanden und die den Glanz der Gro\u00dfen Synagoge von Paris ausmachten oder noch immer ausmachen.<\/p>\n<p><em>In diesem Buch findet sich auch eine Studie von Herv\u00e9 Roten \u00fcber das musikalische Erbe der Grande Synagogue de la Victoire, das der Autor durch Recherchen in den Konsistorialarchiven geduldig rekonstruiert hat.<\/em><\/p>\n<p><a href=\"https:\/\/www.iemj.org\/de\/la-victoire-en-chantant\/\" target=\"_blank\" rel=\"noopener\">Sich die Radiosendung des IEMJ zur Buchver\u00f6ffentlichung anh\u00f6ren<\/a><br \/><a href=\"https:\/\/www.iemj.org\/de\/musiques-liturgiques-de-la-synagogue-de-la-victoire\/\" target=\"_blank\" rel=\"noopener\">Playlist mit den sch\u00f6nsten Melodien aus der La Victoire-Synagoge anh\u00f6ren<\/a><\/p>\n\n\n<figure class=\"wp-block-video\"><video height=\"576\" style=\"aspect-ratio: 720 \/ 576;\" width=\"720\" controls poster=\"https:\/\/www.iemj.org\/wp-content\/uploads\/2017\/05\/Capture.png\" src=\"https:\/\/www.iemj.org\/wp-content\/uploads\/2019\/03\/montage_sdv_les_150_ans_de_la_victoire.mp4\"><\/video><figcaption class=\"wp-element-caption\"><strong>Sehen Sie sich die Buchvorstellung <em>La synagogue de la Victoire, 150 ans du juda\u00efsme fran\u00e7ais<\/em> von Jacques Canet, dem Pr\u00e4sidenten der Synagogue de la Victoire, an &#8211; Auszug aus der Sendung La Source de Vie, Regie: Josy Eisenberg.<\/strong><\/figcaption><\/figure>\n\n\n\n<p><\/p>\n","protected":false},"excerpt":{"rendered":"<p>La synagogue de la Victoire, 150 Jahre franz\u00f6sisches Judentum, erschienen im Mai 2017, ist ein Gemeinschaftswerk unter der gemeinsamen Herausgeberschaft von Jacques Canet, Pr\u00e4sident der Victoire, und Claude Nataf, Historiker<\/p>\n","protected":false},"author":5,"featured_media":96938,"comment_status":"closed","ping_status":"open","sticky":false,"template":"","format":"standard","meta":{"_acf_changed":false,"footnotes":""},"categories":[1578,1561],"tags":[],"technique":[],"squelettes":[],"sujet":[2111],"formation":[],"genre":[],"fonds":[],"tradition":[],"type-de-contenu":[],"interprete-compositeur":[],"frise":[],"type-devenement":[],"tableaux-liens-externes":[],"class_list":["post-96937","post","type-post","status-publish","format-standard","has-post-thumbnail","hentry","category-bucher-artikel-de","category-letzte-neuerwerbungen-de","sujet-synagogenmusik-de"],"acf":[],"yoast_head":"<!-- This site is optimized with the Yoast SEO plugin v27.3 - https:\/\/yoast.com\/product\/yoast-seo-wordpress\/ -->\n<title>La synagogue de la Victoire, 150 ans du juda\u00efsme fran\u00e7ais - Institut Europ\u00e9en des Musiques Juives<\/title>\n<meta name=\"robots\" content=\"index, follow, max-snippet:-1, max-image-preview:large, max-video-preview:-1\" \/>\n<link rel=\"canonical\" href=\"https:\/\/www.iemj.org\/de\/la-synagogue-de-la-victoire-150-ans-du-judaisme-francais\/\" \/>\n<meta property=\"og:locale\" content=\"de_DE\" \/>\n<meta property=\"og:type\" content=\"article\" \/>\n<meta property=\"og:title\" content=\"La synagogue de la Victoire, 150 ans du juda\u00efsme fran\u00e7ais - Institut Europ\u00e9en des Musiques Juives\" \/>\n<meta property=\"og:description\" content=\"La synagogue de la Victoire, 150 Jahre franz\u00f6sisches Judentum, erschienen im Mai 2017, ist ein Gemeinschaftswerk unter der gemeinsamen Herausgeberschaft von Jacques Canet, Pr\u00e4sident der Victoire, und Claude Nataf, Historiker\" \/>\n<meta property=\"og:url\" content=\"https:\/\/www.iemj.org\/de\/la-synagogue-de-la-victoire-150-ans-du-judaisme-francais\/\" \/>\n<meta property=\"og:site_name\" content=\"Institut Europ\u00e9en des Musiques Juives\" \/>\n<meta property=\"article:publisher\" content=\"https:\/\/www.facebook.com\/MusiquesJuives\/\" \/>\n<meta property=\"article:published_time\" content=\"2017-05-30T14:38:30+00:00\" \/>\n<meta property=\"article:modified_time\" content=\"2024-01-16T11:38:17+00:00\" \/>\n<meta property=\"og:image\" content=\"https:\/\/www.iemj.org\/wp-content\/uploads\/2017\/05\/arton2332-e1619202342562.jpg\" \/>\n\t<meta property=\"og:image:width\" content=\"350\" \/>\n\t<meta property=\"og:image:height\" content=\"256\" \/>\n\t<meta property=\"og:image:type\" content=\"image\/jpeg\" \/>\n<meta name=\"author\" content=\"Jacqueline ROTEN\" \/>\n<meta name=\"twitter:card\" content=\"summary_large_image\" \/>\n<meta name=\"twitter:label1\" content=\"Verfasst von\" \/>\n\t<meta name=\"twitter:data1\" content=\"Jacqueline ROTEN\" \/>\n\t<meta name=\"twitter:label2\" content=\"Gesch\u00e4tzte Lesezeit\" \/>\n\t<meta name=\"twitter:data2\" content=\"3\u00a0Minuten\" \/>\n<script type=\"application\/ld+json\" class=\"yoast-schema-graph\">{\"@context\":\"https:\\\/\\\/schema.org\",\"@graph\":[{\"@type\":\"Article\",\"@id\":\"https:\\\/\\\/www.iemj.org\\\/de\\\/la-synagogue-de-la-victoire-150-ans-du-judaisme-francais\\\/#article\",\"isPartOf\":{\"@id\":\"https:\\\/\\\/www.iemj.org\\\/de\\\/la-synagogue-de-la-victoire-150-ans-du-judaisme-francais\\\/\"},\"author\":{\"name\":\"Jacqueline ROTEN\",\"@id\":\"https:\\\/\\\/www.iemj.org\\\/de\\\/#\\\/schema\\\/person\\\/358e26c18aca017fcc4cc15437f7279c\"},\"headline\":\"La synagogue de la Victoire, 150 ans du juda\u00efsme fran\u00e7ais\",\"datePublished\":\"2017-05-30T14:38:30+00:00\",\"dateModified\":\"2024-01-16T11:38:17+00:00\",\"mainEntityOfPage\":{\"@id\":\"https:\\\/\\\/www.iemj.org\\\/de\\\/la-synagogue-de-la-victoire-150-ans-du-judaisme-francais\\\/\"},\"wordCount\":365,\"publisher\":{\"@id\":\"https:\\\/\\\/www.iemj.org\\\/de\\\/#organization\"},\"image\":{\"@id\":\"https:\\\/\\\/www.iemj.org\\\/de\\\/la-synagogue-de-la-victoire-150-ans-du-judaisme-francais\\\/#primaryimage\"},\"thumbnailUrl\":\"https:\\\/\\\/www.iemj.org\\\/wp-content\\\/uploads\\\/2017\\\/05\\\/arton2332-e1619202342562.jpg\",\"articleSection\":[\"B\u00fccher, Artikel\",\"Letzte Neuerwerbungen\"],\"inLanguage\":\"de\"},{\"@type\":\"WebPage\",\"@id\":\"https:\\\/\\\/www.iemj.org\\\/de\\\/la-synagogue-de-la-victoire-150-ans-du-judaisme-francais\\\/\",\"url\":\"https:\\\/\\\/www.iemj.org\\\/de\\\/la-synagogue-de-la-victoire-150-ans-du-judaisme-francais\\\/\",\"name\":\"La synagogue de la Victoire, 150 ans du juda\u00efsme fran\u00e7ais - Institut Europ\u00e9en des Musiques Juives\",\"isPartOf\":{\"@id\":\"https:\\\/\\\/www.iemj.org\\\/de\\\/#website\"},\"primaryImageOfPage\":{\"@id\":\"https:\\\/\\\/www.iemj.org\\\/de\\\/la-synagogue-de-la-victoire-150-ans-du-judaisme-francais\\\/#primaryimage\"},\"image\":{\"@id\":\"https:\\\/\\\/www.iemj.org\\\/de\\\/la-synagogue-de-la-victoire-150-ans-du-judaisme-francais\\\/#primaryimage\"},\"thumbnailUrl\":\"https:\\\/\\\/www.iemj.org\\\/wp-content\\\/uploads\\\/2017\\\/05\\\/arton2332-e1619202342562.jpg\",\"datePublished\":\"2017-05-30T14:38:30+00:00\",\"dateModified\":\"2024-01-16T11:38:17+00:00\",\"breadcrumb\":{\"@id\":\"https:\\\/\\\/www.iemj.org\\\/de\\\/la-synagogue-de-la-victoire-150-ans-du-judaisme-francais\\\/#breadcrumb\"},\"inLanguage\":\"de\",\"potentialAction\":[{\"@type\":\"ReadAction\",\"target\":[\"https:\\\/\\\/www.iemj.org\\\/de\\\/la-synagogue-de-la-victoire-150-ans-du-judaisme-francais\\\/\"]}]},{\"@type\":\"ImageObject\",\"inLanguage\":\"de\",\"@id\":\"https:\\\/\\\/www.iemj.org\\\/de\\\/la-synagogue-de-la-victoire-150-ans-du-judaisme-francais\\\/#primaryimage\",\"url\":\"https:\\\/\\\/www.iemj.org\\\/wp-content\\\/uploads\\\/2017\\\/05\\\/arton2332-e1619202342562.jpg\",\"contentUrl\":\"https:\\\/\\\/www.iemj.org\\\/wp-content\\\/uploads\\\/2017\\\/05\\\/arton2332-e1619202342562.jpg\",\"width\":350,\"height\":256},{\"@type\":\"BreadcrumbList\",\"@id\":\"https:\\\/\\\/www.iemj.org\\\/de\\\/la-synagogue-de-la-victoire-150-ans-du-judaisme-francais\\\/#breadcrumb\",\"itemListElement\":[{\"@type\":\"ListItem\",\"position\":1,\"name\":\"Accueil\",\"item\":\"https:\\\/\\\/www.iemj.org\\\/de\\\/\"},{\"@type\":\"ListItem\",\"position\":2,\"name\":\"La synagogue de la Victoire, 150 ans du juda\u00efsme fran\u00e7ais\"}]},{\"@type\":\"WebSite\",\"@id\":\"https:\\\/\\\/www.iemj.org\\\/de\\\/#website\",\"url\":\"https:\\\/\\\/www.iemj.org\\\/de\\\/\",\"name\":\"Institut Europ\u00e9en des Musiques Juives\",\"description\":\"Des traditions musicales \u00e0 la port\u00e9e de tous\",\"publisher\":{\"@id\":\"https:\\\/\\\/www.iemj.org\\\/de\\\/#organization\"},\"potentialAction\":[{\"@type\":\"SearchAction\",\"target\":{\"@type\":\"EntryPoint\",\"urlTemplate\":\"https:\\\/\\\/www.iemj.org\\\/de\\\/?s={search_term_string}\"},\"query-input\":{\"@type\":\"PropertyValueSpecification\",\"valueRequired\":true,\"valueName\":\"search_term_string\"}}],\"inLanguage\":\"de\"},{\"@type\":\"Organization\",\"@id\":\"https:\\\/\\\/www.iemj.org\\\/de\\\/#organization\",\"name\":\"Institut Europ\u00e9en des Musiques Juives\",\"url\":\"https:\\\/\\\/www.iemj.org\\\/de\\\/\",\"logo\":{\"@type\":\"ImageObject\",\"inLanguage\":\"de\",\"@id\":\"https:\\\/\\\/www.iemj.org\\\/de\\\/#\\\/schema\\\/logo\\\/image\\\/\",\"url\":\"https:\\\/\\\/www.iemj.org\\\/wp-content\\\/uploads\\\/2021\\\/09\\\/Logo-IEMJ-Paypal.jpg\",\"contentUrl\":\"https:\\\/\\\/www.iemj.org\\\/wp-content\\\/uploads\\\/2021\\\/09\\\/Logo-IEMJ-Paypal.jpg\",\"width\":150,\"height\":50,\"caption\":\"Institut Europ\u00e9en des Musiques Juives\"},\"image\":{\"@id\":\"https:\\\/\\\/www.iemj.org\\\/de\\\/#\\\/schema\\\/logo\\\/image\\\/\"},\"sameAs\":[\"https:\\\/\\\/www.facebook.com\\\/MusiquesJuives\\\/\",\"https:\\\/\\\/www.instagram.com\\\/musiquesjuives\\\/\",\"https:\\\/\\\/www.youtube.com\\\/user\\\/musiquesjuives\"]},{\"@type\":\"Person\",\"@id\":\"https:\\\/\\\/www.iemj.org\\\/de\\\/#\\\/schema\\\/person\\\/358e26c18aca017fcc4cc15437f7279c\",\"name\":\"Jacqueline ROTEN\",\"image\":{\"@type\":\"ImageObject\",\"inLanguage\":\"de\",\"@id\":\"https:\\\/\\\/secure.gravatar.com\\\/avatar\\\/5964256d6c6957de3a3505278957e0fb2a35119ac47ea41827a65301213c810b?s=96&d=mm&r=g\",\"url\":\"https:\\\/\\\/secure.gravatar.com\\\/avatar\\\/5964256d6c6957de3a3505278957e0fb2a35119ac47ea41827a65301213c810b?s=96&d=mm&r=g\",\"contentUrl\":\"https:\\\/\\\/secure.gravatar.com\\\/avatar\\\/5964256d6c6957de3a3505278957e0fb2a35119ac47ea41827a65301213c810b?s=96&d=mm&r=g\",\"caption\":\"Jacqueline ROTEN\"}}]}<\/script>\n<!-- \/ Yoast SEO plugin. -->","yoast_head_json":{"title":"La synagogue de la Victoire, 150 ans du juda\u00efsme fran\u00e7ais - Institut Europ\u00e9en des Musiques Juives","robots":{"index":"index","follow":"follow","max-snippet":"max-snippet:-1","max-image-preview":"max-image-preview:large","max-video-preview":"max-video-preview:-1"},"canonical":"https:\/\/www.iemj.org\/de\/la-synagogue-de-la-victoire-150-ans-du-judaisme-francais\/","og_locale":"de_DE","og_type":"article","og_title":"La synagogue de la Victoire, 150 ans du juda\u00efsme fran\u00e7ais - Institut Europ\u00e9en des Musiques Juives","og_description":"La synagogue de la Victoire, 150 Jahre franz\u00f6sisches Judentum, erschienen im Mai 2017, ist ein Gemeinschaftswerk unter der gemeinsamen Herausgeberschaft von Jacques Canet, Pr\u00e4sident der Victoire, und Claude Nataf, Historiker","og_url":"https:\/\/www.iemj.org\/de\/la-synagogue-de-la-victoire-150-ans-du-judaisme-francais\/","og_site_name":"Institut Europ\u00e9en des Musiques Juives","article_publisher":"https:\/\/www.facebook.com\/MusiquesJuives\/","article_published_time":"2017-05-30T14:38:30+00:00","article_modified_time":"2024-01-16T11:38:17+00:00","og_image":[{"width":350,"height":256,"url":"https:\/\/www.iemj.org\/wp-content\/uploads\/2017\/05\/arton2332-e1619202342562.jpg","type":"image\/jpeg"}],"author":"Jacqueline ROTEN","twitter_card":"summary_large_image","twitter_misc":{"Verfasst von":"Jacqueline ROTEN","Gesch\u00e4tzte Lesezeit":"3\u00a0Minuten"},"schema":{"@context":"https:\/\/schema.org","@graph":[{"@type":"Article","@id":"https:\/\/www.iemj.org\/de\/la-synagogue-de-la-victoire-150-ans-du-judaisme-francais\/#article","isPartOf":{"@id":"https:\/\/www.iemj.org\/de\/la-synagogue-de-la-victoire-150-ans-du-judaisme-francais\/"},"author":{"name":"Jacqueline ROTEN","@id":"https:\/\/www.iemj.org\/de\/#\/schema\/person\/358e26c18aca017fcc4cc15437f7279c"},"headline":"La synagogue de la Victoire, 150 ans du juda\u00efsme fran\u00e7ais","datePublished":"2017-05-30T14:38:30+00:00","dateModified":"2024-01-16T11:38:17+00:00","mainEntityOfPage":{"@id":"https:\/\/www.iemj.org\/de\/la-synagogue-de-la-victoire-150-ans-du-judaisme-francais\/"},"wordCount":365,"publisher":{"@id":"https:\/\/www.iemj.org\/de\/#organization"},"image":{"@id":"https:\/\/www.iemj.org\/de\/la-synagogue-de-la-victoire-150-ans-du-judaisme-francais\/#primaryimage"},"thumbnailUrl":"https:\/\/www.iemj.org\/wp-content\/uploads\/2017\/05\/arton2332-e1619202342562.jpg","articleSection":["B\u00fccher, Artikel","Letzte Neuerwerbungen"],"inLanguage":"de"},{"@type":"WebPage","@id":"https:\/\/www.iemj.org\/de\/la-synagogue-de-la-victoire-150-ans-du-judaisme-francais\/","url":"https:\/\/www.iemj.org\/de\/la-synagogue-de-la-victoire-150-ans-du-judaisme-francais\/","name":"La synagogue de la Victoire, 150 ans du juda\u00efsme fran\u00e7ais - Institut Europ\u00e9en des Musiques Juives","isPartOf":{"@id":"https:\/\/www.iemj.org\/de\/#website"},"primaryImageOfPage":{"@id":"https:\/\/www.iemj.org\/de\/la-synagogue-de-la-victoire-150-ans-du-judaisme-francais\/#primaryimage"},"image":{"@id":"https:\/\/www.iemj.org\/de\/la-synagogue-de-la-victoire-150-ans-du-judaisme-francais\/#primaryimage"},"thumbnailUrl":"https:\/\/www.iemj.org\/wp-content\/uploads\/2017\/05\/arton2332-e1619202342562.jpg","datePublished":"2017-05-30T14:38:30+00:00","dateModified":"2024-01-16T11:38:17+00:00","breadcrumb":{"@id":"https:\/\/www.iemj.org\/de\/la-synagogue-de-la-victoire-150-ans-du-judaisme-francais\/#breadcrumb"},"inLanguage":"de","potentialAction":[{"@type":"ReadAction","target":["https:\/\/www.iemj.org\/de\/la-synagogue-de-la-victoire-150-ans-du-judaisme-francais\/"]}]},{"@type":"ImageObject","inLanguage":"de","@id":"https:\/\/www.iemj.org\/de\/la-synagogue-de-la-victoire-150-ans-du-judaisme-francais\/#primaryimage","url":"https:\/\/www.iemj.org\/wp-content\/uploads\/2017\/05\/arton2332-e1619202342562.jpg","contentUrl":"https:\/\/www.iemj.org\/wp-content\/uploads\/2017\/05\/arton2332-e1619202342562.jpg","width":350,"height":256},{"@type":"BreadcrumbList","@id":"https:\/\/www.iemj.org\/de\/la-synagogue-de-la-victoire-150-ans-du-judaisme-francais\/#breadcrumb","itemListElement":[{"@type":"ListItem","position":1,"name":"Accueil","item":"https:\/\/www.iemj.org\/de\/"},{"@type":"ListItem","position":2,"name":"La synagogue de la Victoire, 150 ans du juda\u00efsme fran\u00e7ais"}]},{"@type":"WebSite","@id":"https:\/\/www.iemj.org\/de\/#website","url":"https:\/\/www.iemj.org\/de\/","name":"Institut Europ\u00e9en des Musiques Juives","description":"Des traditions musicales \u00e0 la port\u00e9e de tous","publisher":{"@id":"https:\/\/www.iemj.org\/de\/#organization"},"potentialAction":[{"@type":"SearchAction","target":{"@type":"EntryPoint","urlTemplate":"https:\/\/www.iemj.org\/de\/?s={search_term_string}"},"query-input":{"@type":"PropertyValueSpecification","valueRequired":true,"valueName":"search_term_string"}}],"inLanguage":"de"},{"@type":"Organization","@id":"https:\/\/www.iemj.org\/de\/#organization","name":"Institut Europ\u00e9en des Musiques Juives","url":"https:\/\/www.iemj.org\/de\/","logo":{"@type":"ImageObject","inLanguage":"de","@id":"https:\/\/www.iemj.org\/de\/#\/schema\/logo\/image\/","url":"https:\/\/www.iemj.org\/wp-content\/uploads\/2021\/09\/Logo-IEMJ-Paypal.jpg","contentUrl":"https:\/\/www.iemj.org\/wp-content\/uploads\/2021\/09\/Logo-IEMJ-Paypal.jpg","width":150,"height":50,"caption":"Institut Europ\u00e9en des Musiques Juives"},"image":{"@id":"https:\/\/www.iemj.org\/de\/#\/schema\/logo\/image\/"},"sameAs":["https:\/\/www.facebook.com\/MusiquesJuives\/","https:\/\/www.instagram.com\/musiquesjuives\/","https:\/\/www.youtube.com\/user\/musiquesjuives"]},{"@type":"Person","@id":"https:\/\/www.iemj.org\/de\/#\/schema\/person\/358e26c18aca017fcc4cc15437f7279c","name":"Jacqueline ROTEN","image":{"@type":"ImageObject","inLanguage":"de","@id":"https:\/\/secure.gravatar.com\/avatar\/5964256d6c6957de3a3505278957e0fb2a35119ac47ea41827a65301213c810b?s=96&d=mm&r=g","url":"https:\/\/secure.gravatar.com\/avatar\/5964256d6c6957de3a3505278957e0fb2a35119ac47ea41827a65301213c810b?s=96&d=mm&r=g","contentUrl":"https:\/\/secure.gravatar.com\/avatar\/5964256d6c6957de3a3505278957e0fb2a35119ac47ea41827a65301213c810b?s=96&d=mm&r=g","caption":"Jacqueline ROTEN"}}]}},"_links":{"self":[{"href":"https:\/\/www.iemj.org\/de\/wp-json\/wp\/v2\/posts\/96937","targetHints":{"allow":["GET"]}}],"collection":[{"href":"https:\/\/www.iemj.org\/de\/wp-json\/wp\/v2\/posts"}],"about":[{"href":"https:\/\/www.iemj.org\/de\/wp-json\/wp\/v2\/types\/post"}],"author":[{"embeddable":true,"href":"https:\/\/www.iemj.org\/de\/wp-json\/wp\/v2\/users\/5"}],"replies":[{"embeddable":true,"href":"https:\/\/www.iemj.org\/de\/wp-json\/wp\/v2\/comments?post=96937"}],"version-history":[{"count":0,"href":"https:\/\/www.iemj.org\/de\/wp-json\/wp\/v2\/posts\/96937\/revisions"}],"wp:featuredmedia":[{"embeddable":true,"href":"https:\/\/www.iemj.org\/de\/wp-json\/wp\/v2\/media\/96938"}],"wp:attachment":[{"href":"https:\/\/www.iemj.org\/de\/wp-json\/wp\/v2\/media?parent=96937"}],"wp:term":[{"taxonomy":"category","embeddable":true,"href":"https:\/\/www.iemj.org\/de\/wp-json\/wp\/v2\/categories?post=96937"},{"taxonomy":"post_tag","embeddable":true,"href":"https:\/\/www.iemj.org\/de\/wp-json\/wp\/v2\/tags?post=96937"},{"taxonomy":"technique","embeddable":true,"href":"https:\/\/www.iemj.org\/de\/wp-json\/wp\/v2\/technique?post=96937"},{"taxonomy":"squelettes","embeddable":true,"href":"https:\/\/www.iemj.org\/de\/wp-json\/wp\/v2\/squelettes?post=96937"},{"taxonomy":"sujet","embeddable":true,"href":"https:\/\/www.iemj.org\/de\/wp-json\/wp\/v2\/sujet?post=96937"},{"taxonomy":"formation","embeddable":true,"href":"https:\/\/www.iemj.org\/de\/wp-json\/wp\/v2\/formation?post=96937"},{"taxonomy":"genre","embeddable":true,"href":"https:\/\/www.iemj.org\/de\/wp-json\/wp\/v2\/genre?post=96937"},{"taxonomy":"fonds","embeddable":true,"href":"https:\/\/www.iemj.org\/de\/wp-json\/wp\/v2\/fonds?post=96937"},{"taxonomy":"tradition","embeddable":true,"href":"https:\/\/www.iemj.org\/de\/wp-json\/wp\/v2\/tradition?post=96937"},{"taxonomy":"type-de-contenu","embeddable":true,"href":"https:\/\/www.iemj.org\/de\/wp-json\/wp\/v2\/type-de-contenu?post=96937"},{"taxonomy":"interprete-compositeur","embeddable":true,"href":"https:\/\/www.iemj.org\/de\/wp-json\/wp\/v2\/interprete-compositeur?post=96937"},{"taxonomy":"frise","embeddable":true,"href":"https:\/\/www.iemj.org\/de\/wp-json\/wp\/v2\/frise?post=96937"},{"taxonomy":"type-devenement","embeddable":true,"href":"https:\/\/www.iemj.org\/de\/wp-json\/wp\/v2\/type-devenement?post=96937"},{"taxonomy":"tableaux-liens-externes","embeddable":true,"href":"https:\/\/www.iemj.org\/de\/wp-json\/wp\/v2\/tableaux-liens-externes?post=96937"}],"curies":[{"name":"wp","href":"https:\/\/api.w.org\/{rel}","templated":true}]}}