{"id":97164,"date":"2016-05-16T17:05:08","date_gmt":"2016-05-16T15:05:08","guid":{"rendered":"https:\/\/www.iemj.org\/le-silence-sessouffle-mort-deuil-et-memoire-chez-les-compositeurs-ashkenazes\/"},"modified":"2023-05-24T16:31:50","modified_gmt":"2023-05-24T14:31:50","slug":"le-silence-sessouffle-mort-deuil-et-memoire-chez-les-compositeurs-ashkenazes","status":"publish","type":"post","link":"https:\/\/www.iemj.org\/de\/le-silence-sessouffle-mort-deuil-et-memoire-chez-les-compositeurs-ashkenazes\/","title":{"rendered":"&#8222;Le silence s&#8217;essouffle&#8220; &#8211; Mort, deuil et m\u00e9moire chez les compositeurs ashk\u00e9nazes"},"content":{"rendered":"<div class=\"detailsSummary\">\n<div id=\"markerPublisher\" class=\"corefield\"><span class=\"DetailLabelText\">Presses universitaires de Nancy &#8211; Editions Universitaires de Lorraine, 2016, <\/span>472 S.<\/div>\n<\/div>\n<p><!--more--><\/p>\n<p>Die europ\u00e4ischen j\u00fcdischen Bev\u00f6lkerungen, die sehr stark von den politischen und wirtschaftlichen Ver\u00e4nderungen, der pogromartigen Gewalt und nat\u00fcrlich der genozidalen Katastrophe, der transatlantischen Migration und der Anpassung an neue soziale Rahmenbedingungen gepr\u00e4gt sind, lassen sich im 19. und 20. Jahrhundert bei weitem nicht nur auf die religi\u00f6sen Normen reduzieren. Gepr\u00e4gt von den verschiedenen Formen der Moderne (ideologisch, intellektuell, k\u00fcnstlerisch, technisch), sahen sich diese Gemeinschaften mit einer Krise des Zugeh\u00f6rigkeitsgef\u00fchls konfrontiert. Vor dem Hintergrund der tiefgreifenden Umw\u00e4lzungen &#8211; und h\u00e4ufig des Verschwindens &#8211; der traditionellen j\u00fcdischen Gesellschaften in Mittel- und Osteuropa kann die Frage nach den Kriterien, die das begr\u00fcnden, was der Musikwissenschaftler Amnon Shiloah (1928-2014) ein &#8222;gemeinsames Dach&#8220; nannte, durch alle Nuancen der Trauer, des Ausdrucks von Trauer- und Erinnerungsthemen betrachtet werden.<\/p>\n<p>Die Lebenswege von Musikmigranten (insbesondere von Komponisten) und die Verbreitung ihrer Produktionen erm\u00f6glichen es, eine transatlantische Territorialit\u00e4t der aschkenasischen Trauer neu zu definieren. Im Rahmen einer &#8222;Sozialgeschichte des Kulturellen&#8220; versucht dieses Buch, die Entwicklung der rituellen Rahmenbedingungen und sozialen Netzwerke, in denen die Komponisten agieren, sowie die Bedingungen und materiellen Zw\u00e4nge zu verstehen, die f\u00fcr das Schreiben von Musik \u00fcber Trauerthemen typisch sind. Durch die Analyse von gelehrten (liturgischen und weltlichen) und popul\u00e4ren Repertoires (Volkslieder, Melodien der jiddischen Theater der Second Avenue, aber auch Lieder aus den Ghettos und Lagern) w\u00e4hlt diese Studie einen relativ langen Zeitraum (von den 1880er bis zu den 1980er Jahren), um zu versuchen, trotz der Pluralit\u00e4t der Stimmen und der Unbest\u00e4ndigkeit der sozialen Strukturen zu verstehen, wie die Musik weiterhin die Ruhe der Toten und die R\u00fcckkehr ins Leben derjenigen, die (\u00fcber-)gelebt haben, erm\u00f6glichen konnte.<\/p>\n<p><a href=\"http:\/\/www.lcdpu.fr\/livre\/?GCOI=27000100868090\" target=\"_blank\" rel=\"noopener\">Erfahren Sie mehr und bestellen Sie das Buch.<\/a><\/p>\n","protected":false},"excerpt":{"rendered":"<p>Presses universitaires de Nancy &#8211; Editions Universitaires de Lorraine, 2016, 472 S.<\/p>\n","protected":false},"author":1048,"featured_media":97165,"comment_status":"closed","ping_status":"open","sticky":false,"template":"","format":"standard","meta":{"_acf_changed":false,"footnotes":""},"categories":[1578,1561],"tags":[],"technique":[],"squelettes":[],"sujet":[],"formation":[],"genre":[],"fonds":[],"tradition":[],"type-de-contenu":[],"interprete-compositeur":[],"frise":[],"type-devenement":[],"tableaux-liens-externes":[],"class_list":["post-97164","post","type-post","status-publish","format-standard","has-post-thumbnail","hentry","category-bucher-artikel-de","category-letzte-neuerwerbungen-de"],"acf":[],"yoast_head":"<!-- This site is optimized with the Yoast SEO plugin v27.3 - https:\/\/yoast.com\/product\/yoast-seo-wordpress\/ -->\n<title>&quot;Le silence s&#039;essouffle&quot; - Mort, deuil et m\u00e9moire chez les compositeurs ashk\u00e9nazes - Institut Europ\u00e9en des Musiques Juives<\/title>\n<meta name=\"robots\" content=\"index, follow, max-snippet:-1, max-image-preview:large, max-video-preview:-1\" \/>\n<link rel=\"canonical\" href=\"https:\/\/www.iemj.org\/de\/le-silence-sessouffle-mort-deuil-et-memoire-chez-les-compositeurs-ashkenazes\/\" \/>\n<meta property=\"og:locale\" content=\"de_DE\" \/>\n<meta property=\"og:type\" content=\"article\" \/>\n<meta property=\"og:title\" content=\"&quot;Le silence s&#039;essouffle&quot; - Mort, deuil et m\u00e9moire chez les compositeurs ashk\u00e9nazes - Institut Europ\u00e9en des Musiques Juives\" \/>\n<meta property=\"og:description\" content=\"Presses universitaires de Nancy &#8211; Editions Universitaires de Lorraine, 2016, 472 S.\" \/>\n<meta property=\"og:url\" content=\"https:\/\/www.iemj.org\/de\/le-silence-sessouffle-mort-deuil-et-memoire-chez-les-compositeurs-ashkenazes\/\" \/>\n<meta property=\"og:site_name\" content=\"Institut Europ\u00e9en des Musiques Juives\" \/>\n<meta property=\"article:publisher\" content=\"https:\/\/www.facebook.com\/MusiquesJuives\/\" \/>\n<meta property=\"article:published_time\" content=\"2016-05-16T15:05:08+00:00\" \/>\n<meta property=\"article:modified_time\" content=\"2023-05-24T14:31:50+00:00\" \/>\n<meta property=\"og:image\" content=\"https:\/\/www.iemj.org\/wp-content\/uploads\/2016\/05\/arton1692.jpg\" \/>\n\t<meta property=\"og:image:width\" content=\"319\" \/>\n\t<meta property=\"og:image:height\" content=\"475\" \/>\n\t<meta property=\"og:image:type\" content=\"image\/jpeg\" \/>\n<meta name=\"author\" content=\"Jean-Gabriel Davis\" \/>\n<meta name=\"twitter:card\" content=\"summary_large_image\" \/>\n<meta name=\"twitter:label1\" content=\"Verfasst von\" \/>\n\t<meta name=\"twitter:data1\" content=\"Jean-Gabriel Davis\" \/>\n\t<meta name=\"twitter:label2\" content=\"Gesch\u00e4tzte Lesezeit\" \/>\n\t<meta name=\"twitter:data2\" content=\"2\u00a0Minuten\" \/>\n<script type=\"application\/ld+json\" class=\"yoast-schema-graph\">{\"@context\":\"https:\\\/\\\/schema.org\",\"@graph\":[{\"@type\":\"Article\",\"@id\":\"https:\\\/\\\/www.iemj.org\\\/de\\\/le-silence-sessouffle-mort-deuil-et-memoire-chez-les-compositeurs-ashkenazes\\\/#article\",\"isPartOf\":{\"@id\":\"https:\\\/\\\/www.iemj.org\\\/de\\\/le-silence-sessouffle-mort-deuil-et-memoire-chez-les-compositeurs-ashkenazes\\\/\"},\"author\":{\"name\":\"Jean-Gabriel Davis\",\"@id\":\"https:\\\/\\\/www.iemj.org\\\/de\\\/#\\\/schema\\\/person\\\/c9bc1c386a3749579a2d675e72a18666\"},\"headline\":\"&#8222;Le silence s&#8217;essouffle&#8220; &#8211; Mort, deuil et m\u00e9moire chez les compositeurs ashk\u00e9nazes\",\"datePublished\":\"2016-05-16T15:05:08+00:00\",\"dateModified\":\"2023-05-24T14:31:50+00:00\",\"mainEntityOfPage\":{\"@id\":\"https:\\\/\\\/www.iemj.org\\\/de\\\/le-silence-sessouffle-mort-deuil-et-memoire-chez-les-compositeurs-ashkenazes\\\/\"},\"wordCount\":319,\"publisher\":{\"@id\":\"https:\\\/\\\/www.iemj.org\\\/de\\\/#organization\"},\"image\":{\"@id\":\"https:\\\/\\\/www.iemj.org\\\/de\\\/le-silence-sessouffle-mort-deuil-et-memoire-chez-les-compositeurs-ashkenazes\\\/#primaryimage\"},\"thumbnailUrl\":\"https:\\\/\\\/www.iemj.org\\\/wp-content\\\/uploads\\\/2016\\\/05\\\/arton1692.jpg\",\"articleSection\":[\"B\u00fccher, Artikel\",\"Letzte Neuerwerbungen\"],\"inLanguage\":\"de\"},{\"@type\":\"WebPage\",\"@id\":\"https:\\\/\\\/www.iemj.org\\\/de\\\/le-silence-sessouffle-mort-deuil-et-memoire-chez-les-compositeurs-ashkenazes\\\/\",\"url\":\"https:\\\/\\\/www.iemj.org\\\/de\\\/le-silence-sessouffle-mort-deuil-et-memoire-chez-les-compositeurs-ashkenazes\\\/\",\"name\":\"\\\"Le silence s'essouffle\\\" - Mort, deuil et m\u00e9moire chez les compositeurs ashk\u00e9nazes - Institut Europ\u00e9en des Musiques Juives\",\"isPartOf\":{\"@id\":\"https:\\\/\\\/www.iemj.org\\\/de\\\/#website\"},\"primaryImageOfPage\":{\"@id\":\"https:\\\/\\\/www.iemj.org\\\/de\\\/le-silence-sessouffle-mort-deuil-et-memoire-chez-les-compositeurs-ashkenazes\\\/#primaryimage\"},\"image\":{\"@id\":\"https:\\\/\\\/www.iemj.org\\\/de\\\/le-silence-sessouffle-mort-deuil-et-memoire-chez-les-compositeurs-ashkenazes\\\/#primaryimage\"},\"thumbnailUrl\":\"https:\\\/\\\/www.iemj.org\\\/wp-content\\\/uploads\\\/2016\\\/05\\\/arton1692.jpg\",\"datePublished\":\"2016-05-16T15:05:08+00:00\",\"dateModified\":\"2023-05-24T14:31:50+00:00\",\"breadcrumb\":{\"@id\":\"https:\\\/\\\/www.iemj.org\\\/de\\\/le-silence-sessouffle-mort-deuil-et-memoire-chez-les-compositeurs-ashkenazes\\\/#breadcrumb\"},\"inLanguage\":\"de\",\"potentialAction\":[{\"@type\":\"ReadAction\",\"target\":[\"https:\\\/\\\/www.iemj.org\\\/de\\\/le-silence-sessouffle-mort-deuil-et-memoire-chez-les-compositeurs-ashkenazes\\\/\"]}]},{\"@type\":\"ImageObject\",\"inLanguage\":\"de\",\"@id\":\"https:\\\/\\\/www.iemj.org\\\/de\\\/le-silence-sessouffle-mort-deuil-et-memoire-chez-les-compositeurs-ashkenazes\\\/#primaryimage\",\"url\":\"https:\\\/\\\/www.iemj.org\\\/wp-content\\\/uploads\\\/2016\\\/05\\\/arton1692.jpg\",\"contentUrl\":\"https:\\\/\\\/www.iemj.org\\\/wp-content\\\/uploads\\\/2016\\\/05\\\/arton1692.jpg\",\"width\":319,\"height\":475},{\"@type\":\"BreadcrumbList\",\"@id\":\"https:\\\/\\\/www.iemj.org\\\/de\\\/le-silence-sessouffle-mort-deuil-et-memoire-chez-les-compositeurs-ashkenazes\\\/#breadcrumb\",\"itemListElement\":[{\"@type\":\"ListItem\",\"position\":1,\"name\":\"Accueil\",\"item\":\"https:\\\/\\\/www.iemj.org\\\/de\\\/\"},{\"@type\":\"ListItem\",\"position\":2,\"name\":\"&#8222;Le silence s&#8217;essouffle&#8220; &#8211; Mort, deuil et m\u00e9moire chez les compositeurs ashk\u00e9nazes\"}]},{\"@type\":\"WebSite\",\"@id\":\"https:\\\/\\\/www.iemj.org\\\/de\\\/#website\",\"url\":\"https:\\\/\\\/www.iemj.org\\\/de\\\/\",\"name\":\"Institut Europ\u00e9en des Musiques Juives\",\"description\":\"Des traditions musicales \u00e0 la port\u00e9e de tous\",\"publisher\":{\"@id\":\"https:\\\/\\\/www.iemj.org\\\/de\\\/#organization\"},\"potentialAction\":[{\"@type\":\"SearchAction\",\"target\":{\"@type\":\"EntryPoint\",\"urlTemplate\":\"https:\\\/\\\/www.iemj.org\\\/de\\\/?s={search_term_string}\"},\"query-input\":{\"@type\":\"PropertyValueSpecification\",\"valueRequired\":true,\"valueName\":\"search_term_string\"}}],\"inLanguage\":\"de\"},{\"@type\":\"Organization\",\"@id\":\"https:\\\/\\\/www.iemj.org\\\/de\\\/#organization\",\"name\":\"Institut Europ\u00e9en des Musiques Juives\",\"url\":\"https:\\\/\\\/www.iemj.org\\\/de\\\/\",\"logo\":{\"@type\":\"ImageObject\",\"inLanguage\":\"de\",\"@id\":\"https:\\\/\\\/www.iemj.org\\\/de\\\/#\\\/schema\\\/logo\\\/image\\\/\",\"url\":\"https:\\\/\\\/www.iemj.org\\\/wp-content\\\/uploads\\\/2021\\\/09\\\/Logo-IEMJ-Paypal.jpg\",\"contentUrl\":\"https:\\\/\\\/www.iemj.org\\\/wp-content\\\/uploads\\\/2021\\\/09\\\/Logo-IEMJ-Paypal.jpg\",\"width\":150,\"height\":50,\"caption\":\"Institut Europ\u00e9en des Musiques Juives\"},\"image\":{\"@id\":\"https:\\\/\\\/www.iemj.org\\\/de\\\/#\\\/schema\\\/logo\\\/image\\\/\"},\"sameAs\":[\"https:\\\/\\\/www.facebook.com\\\/MusiquesJuives\\\/\",\"https:\\\/\\\/www.instagram.com\\\/musiquesjuives\\\/\",\"https:\\\/\\\/www.youtube.com\\\/user\\\/musiquesjuives\"]},{\"@type\":\"Person\",\"@id\":\"https:\\\/\\\/www.iemj.org\\\/de\\\/#\\\/schema\\\/person\\\/c9bc1c386a3749579a2d675e72a18666\",\"name\":\"Jean-Gabriel Davis\",\"image\":{\"@type\":\"ImageObject\",\"inLanguage\":\"de\",\"@id\":\"https:\\\/\\\/secure.gravatar.com\\\/avatar\\\/2b90d67bdf392c9b3a21fab87c0fa7edaf1fb3a058172a1ffd61033fcec7aec1?s=96&d=mm&r=g\",\"url\":\"https:\\\/\\\/secure.gravatar.com\\\/avatar\\\/2b90d67bdf392c9b3a21fab87c0fa7edaf1fb3a058172a1ffd61033fcec7aec1?s=96&d=mm&r=g\",\"contentUrl\":\"https:\\\/\\\/secure.gravatar.com\\\/avatar\\\/2b90d67bdf392c9b3a21fab87c0fa7edaf1fb3a058172a1ffd61033fcec7aec1?s=96&d=mm&r=g\",\"caption\":\"Jean-Gabriel Davis\"}}]}<\/script>\n<!-- \/ Yoast SEO plugin. -->","yoast_head_json":{"title":"\"Le silence s'essouffle\" - Mort, deuil et m\u00e9moire chez les compositeurs ashk\u00e9nazes - Institut Europ\u00e9en des Musiques Juives","robots":{"index":"index","follow":"follow","max-snippet":"max-snippet:-1","max-image-preview":"max-image-preview:large","max-video-preview":"max-video-preview:-1"},"canonical":"https:\/\/www.iemj.org\/de\/le-silence-sessouffle-mort-deuil-et-memoire-chez-les-compositeurs-ashkenazes\/","og_locale":"de_DE","og_type":"article","og_title":"\"Le silence s'essouffle\" - Mort, deuil et m\u00e9moire chez les compositeurs ashk\u00e9nazes - Institut Europ\u00e9en des Musiques Juives","og_description":"Presses universitaires de Nancy &#8211; Editions Universitaires de Lorraine, 2016, 472 S.","og_url":"https:\/\/www.iemj.org\/de\/le-silence-sessouffle-mort-deuil-et-memoire-chez-les-compositeurs-ashkenazes\/","og_site_name":"Institut Europ\u00e9en des Musiques Juives","article_publisher":"https:\/\/www.facebook.com\/MusiquesJuives\/","article_published_time":"2016-05-16T15:05:08+00:00","article_modified_time":"2023-05-24T14:31:50+00:00","og_image":[{"width":319,"height":475,"url":"https:\/\/www.iemj.org\/wp-content\/uploads\/2016\/05\/arton1692.jpg","type":"image\/jpeg"}],"author":"Jean-Gabriel Davis","twitter_card":"summary_large_image","twitter_misc":{"Verfasst von":"Jean-Gabriel Davis","Gesch\u00e4tzte Lesezeit":"2\u00a0Minuten"},"schema":{"@context":"https:\/\/schema.org","@graph":[{"@type":"Article","@id":"https:\/\/www.iemj.org\/de\/le-silence-sessouffle-mort-deuil-et-memoire-chez-les-compositeurs-ashkenazes\/#article","isPartOf":{"@id":"https:\/\/www.iemj.org\/de\/le-silence-sessouffle-mort-deuil-et-memoire-chez-les-compositeurs-ashkenazes\/"},"author":{"name":"Jean-Gabriel Davis","@id":"https:\/\/www.iemj.org\/de\/#\/schema\/person\/c9bc1c386a3749579a2d675e72a18666"},"headline":"&#8222;Le silence s&#8217;essouffle&#8220; &#8211; Mort, deuil et m\u00e9moire chez les compositeurs ashk\u00e9nazes","datePublished":"2016-05-16T15:05:08+00:00","dateModified":"2023-05-24T14:31:50+00:00","mainEntityOfPage":{"@id":"https:\/\/www.iemj.org\/de\/le-silence-sessouffle-mort-deuil-et-memoire-chez-les-compositeurs-ashkenazes\/"},"wordCount":319,"publisher":{"@id":"https:\/\/www.iemj.org\/de\/#organization"},"image":{"@id":"https:\/\/www.iemj.org\/de\/le-silence-sessouffle-mort-deuil-et-memoire-chez-les-compositeurs-ashkenazes\/#primaryimage"},"thumbnailUrl":"https:\/\/www.iemj.org\/wp-content\/uploads\/2016\/05\/arton1692.jpg","articleSection":["B\u00fccher, Artikel","Letzte Neuerwerbungen"],"inLanguage":"de"},{"@type":"WebPage","@id":"https:\/\/www.iemj.org\/de\/le-silence-sessouffle-mort-deuil-et-memoire-chez-les-compositeurs-ashkenazes\/","url":"https:\/\/www.iemj.org\/de\/le-silence-sessouffle-mort-deuil-et-memoire-chez-les-compositeurs-ashkenazes\/","name":"\"Le silence s'essouffle\" - Mort, deuil et m\u00e9moire chez les compositeurs ashk\u00e9nazes - Institut Europ\u00e9en des Musiques Juives","isPartOf":{"@id":"https:\/\/www.iemj.org\/de\/#website"},"primaryImageOfPage":{"@id":"https:\/\/www.iemj.org\/de\/le-silence-sessouffle-mort-deuil-et-memoire-chez-les-compositeurs-ashkenazes\/#primaryimage"},"image":{"@id":"https:\/\/www.iemj.org\/de\/le-silence-sessouffle-mort-deuil-et-memoire-chez-les-compositeurs-ashkenazes\/#primaryimage"},"thumbnailUrl":"https:\/\/www.iemj.org\/wp-content\/uploads\/2016\/05\/arton1692.jpg","datePublished":"2016-05-16T15:05:08+00:00","dateModified":"2023-05-24T14:31:50+00:00","breadcrumb":{"@id":"https:\/\/www.iemj.org\/de\/le-silence-sessouffle-mort-deuil-et-memoire-chez-les-compositeurs-ashkenazes\/#breadcrumb"},"inLanguage":"de","potentialAction":[{"@type":"ReadAction","target":["https:\/\/www.iemj.org\/de\/le-silence-sessouffle-mort-deuil-et-memoire-chez-les-compositeurs-ashkenazes\/"]}]},{"@type":"ImageObject","inLanguage":"de","@id":"https:\/\/www.iemj.org\/de\/le-silence-sessouffle-mort-deuil-et-memoire-chez-les-compositeurs-ashkenazes\/#primaryimage","url":"https:\/\/www.iemj.org\/wp-content\/uploads\/2016\/05\/arton1692.jpg","contentUrl":"https:\/\/www.iemj.org\/wp-content\/uploads\/2016\/05\/arton1692.jpg","width":319,"height":475},{"@type":"BreadcrumbList","@id":"https:\/\/www.iemj.org\/de\/le-silence-sessouffle-mort-deuil-et-memoire-chez-les-compositeurs-ashkenazes\/#breadcrumb","itemListElement":[{"@type":"ListItem","position":1,"name":"Accueil","item":"https:\/\/www.iemj.org\/de\/"},{"@type":"ListItem","position":2,"name":"&#8222;Le silence s&#8217;essouffle&#8220; &#8211; Mort, deuil et m\u00e9moire chez les compositeurs ashk\u00e9nazes"}]},{"@type":"WebSite","@id":"https:\/\/www.iemj.org\/de\/#website","url":"https:\/\/www.iemj.org\/de\/","name":"Institut Europ\u00e9en des Musiques Juives","description":"Des traditions musicales \u00e0 la port\u00e9e de tous","publisher":{"@id":"https:\/\/www.iemj.org\/de\/#organization"},"potentialAction":[{"@type":"SearchAction","target":{"@type":"EntryPoint","urlTemplate":"https:\/\/www.iemj.org\/de\/?s={search_term_string}"},"query-input":{"@type":"PropertyValueSpecification","valueRequired":true,"valueName":"search_term_string"}}],"inLanguage":"de"},{"@type":"Organization","@id":"https:\/\/www.iemj.org\/de\/#organization","name":"Institut Europ\u00e9en des Musiques Juives","url":"https:\/\/www.iemj.org\/de\/","logo":{"@type":"ImageObject","inLanguage":"de","@id":"https:\/\/www.iemj.org\/de\/#\/schema\/logo\/image\/","url":"https:\/\/www.iemj.org\/wp-content\/uploads\/2021\/09\/Logo-IEMJ-Paypal.jpg","contentUrl":"https:\/\/www.iemj.org\/wp-content\/uploads\/2021\/09\/Logo-IEMJ-Paypal.jpg","width":150,"height":50,"caption":"Institut Europ\u00e9en des Musiques Juives"},"image":{"@id":"https:\/\/www.iemj.org\/de\/#\/schema\/logo\/image\/"},"sameAs":["https:\/\/www.facebook.com\/MusiquesJuives\/","https:\/\/www.instagram.com\/musiquesjuives\/","https:\/\/www.youtube.com\/user\/musiquesjuives"]},{"@type":"Person","@id":"https:\/\/www.iemj.org\/de\/#\/schema\/person\/c9bc1c386a3749579a2d675e72a18666","name":"Jean-Gabriel Davis","image":{"@type":"ImageObject","inLanguage":"de","@id":"https:\/\/secure.gravatar.com\/avatar\/2b90d67bdf392c9b3a21fab87c0fa7edaf1fb3a058172a1ffd61033fcec7aec1?s=96&d=mm&r=g","url":"https:\/\/secure.gravatar.com\/avatar\/2b90d67bdf392c9b3a21fab87c0fa7edaf1fb3a058172a1ffd61033fcec7aec1?s=96&d=mm&r=g","contentUrl":"https:\/\/secure.gravatar.com\/avatar\/2b90d67bdf392c9b3a21fab87c0fa7edaf1fb3a058172a1ffd61033fcec7aec1?s=96&d=mm&r=g","caption":"Jean-Gabriel Davis"}}]}},"_links":{"self":[{"href":"https:\/\/www.iemj.org\/de\/wp-json\/wp\/v2\/posts\/97164","targetHints":{"allow":["GET"]}}],"collection":[{"href":"https:\/\/www.iemj.org\/de\/wp-json\/wp\/v2\/posts"}],"about":[{"href":"https:\/\/www.iemj.org\/de\/wp-json\/wp\/v2\/types\/post"}],"author":[{"embeddable":true,"href":"https:\/\/www.iemj.org\/de\/wp-json\/wp\/v2\/users\/1048"}],"replies":[{"embeddable":true,"href":"https:\/\/www.iemj.org\/de\/wp-json\/wp\/v2\/comments?post=97164"}],"version-history":[{"count":0,"href":"https:\/\/www.iemj.org\/de\/wp-json\/wp\/v2\/posts\/97164\/revisions"}],"wp:featuredmedia":[{"embeddable":true,"href":"https:\/\/www.iemj.org\/de\/wp-json\/wp\/v2\/media\/97165"}],"wp:attachment":[{"href":"https:\/\/www.iemj.org\/de\/wp-json\/wp\/v2\/media?parent=97164"}],"wp:term":[{"taxonomy":"category","embeddable":true,"href":"https:\/\/www.iemj.org\/de\/wp-json\/wp\/v2\/categories?post=97164"},{"taxonomy":"post_tag","embeddable":true,"href":"https:\/\/www.iemj.org\/de\/wp-json\/wp\/v2\/tags?post=97164"},{"taxonomy":"technique","embeddable":true,"href":"https:\/\/www.iemj.org\/de\/wp-json\/wp\/v2\/technique?post=97164"},{"taxonomy":"squelettes","embeddable":true,"href":"https:\/\/www.iemj.org\/de\/wp-json\/wp\/v2\/squelettes?post=97164"},{"taxonomy":"sujet","embeddable":true,"href":"https:\/\/www.iemj.org\/de\/wp-json\/wp\/v2\/sujet?post=97164"},{"taxonomy":"formation","embeddable":true,"href":"https:\/\/www.iemj.org\/de\/wp-json\/wp\/v2\/formation?post=97164"},{"taxonomy":"genre","embeddable":true,"href":"https:\/\/www.iemj.org\/de\/wp-json\/wp\/v2\/genre?post=97164"},{"taxonomy":"fonds","embeddable":true,"href":"https:\/\/www.iemj.org\/de\/wp-json\/wp\/v2\/fonds?post=97164"},{"taxonomy":"tradition","embeddable":true,"href":"https:\/\/www.iemj.org\/de\/wp-json\/wp\/v2\/tradition?post=97164"},{"taxonomy":"type-de-contenu","embeddable":true,"href":"https:\/\/www.iemj.org\/de\/wp-json\/wp\/v2\/type-de-contenu?post=97164"},{"taxonomy":"interprete-compositeur","embeddable":true,"href":"https:\/\/www.iemj.org\/de\/wp-json\/wp\/v2\/interprete-compositeur?post=97164"},{"taxonomy":"frise","embeddable":true,"href":"https:\/\/www.iemj.org\/de\/wp-json\/wp\/v2\/frise?post=97164"},{"taxonomy":"type-devenement","embeddable":true,"href":"https:\/\/www.iemj.org\/de\/wp-json\/wp\/v2\/type-devenement?post=97164"},{"taxonomy":"tableaux-liens-externes","embeddable":true,"href":"https:\/\/www.iemj.org\/de\/wp-json\/wp\/v2\/tableaux-liens-externes?post=97164"}],"curies":[{"name":"wp","href":"https:\/\/api.w.org\/{rel}","templated":true}]}}