{"id":97186,"date":"2018-10-03T09:44:01","date_gmt":"2018-10-03T07:44:01","guid":{"rendered":"https:\/\/www.iemj.org\/concert-exposition-a-la-chapelle-en-serval-hommage-a-fernand-halphen\/"},"modified":"2023-05-24T17:19:15","modified_gmt":"2023-05-24T15:19:15","slug":"concert-exposition-a-la-chapelle-en-serval-hommage-a-fernand-halphen","status":"publish","type":"post","link":"https:\/\/www.iemj.org\/de\/concert-exposition-a-la-chapelle-en-serval-hommage-a-fernand-halphen\/","title":{"rendered":"KONZERT &#8211; AUSSTELLUNG IN LA CHAPELLE-EN-SERVAL, GEDENKEN AN FERNAND HALPHEN"},"content":{"rendered":"<p><\/p>\n<p><!--more--><\/p>\n<p>Anl\u00e4sslich der Ausstellung zum hundertsten Jahrestag des Endes des Ersten Weltkriegs und zur Ehrung aller f\u00fcr Frankreich Gefallenen aus La Chapelle-en-Serval und Orry-la-ville wurde in Anwesenheit von Daniel Dray, B\u00fcrgermeister von La Chapelle-en-Serval, von Herrn Henri und Frau Nad\u00e8ge Lefebvre, Pr\u00e4sidentin des Departementsrats des Departements Oise, der Festsaal von La Chapelle-en-Serval in &#8222;Salle Fernand Halphen&#8220; umbenannt, zu Ehren des f\u00fcr Frankreich gefallenen Komponisten und Erbauers des Schlosses Mont Royal, der den Rompreis erhalten hatte.<\/p>\n<p><strong><img fetchpriority=\"high\" decoding=\"async\" class=\" alignright size-full wp-image-21036\" src=\"https:\/\/www.iemj.org\/wp-content\/uploads\/2018\/10\/20181007_144852_001_-_redim.jpg\" alt=\"20181007_144852_001_-_redim.jpg\" width=\"168\" height=\"298\" align=\"right\"><\/strong><strong>Einweihung des Saals Fernand Halphen mit anschlie\u00dfendem Konzert: <\/strong>Eine Hommage an Hauptmann Fernand Halphen vom 13. Infanterieregiment, Komponist einer Symphonie, hunderter Melodien, einer Oper &#8222;Le Cor fleuri&#8220; und anderer Werke, der am 16. Mai 1917 f\u00fcr Frankreich starb.<\/p>\n<p>Das Konzert mit seinen Werken findet in Anwesenheit seiner Familie und zahlreicher Abgeordneter statt, darunter die Herren J\u00e9r\u00f4me Bascher, Eric Woerth, Senator, Abgeordneter des Departements Oise und Herv\u00e9 Roten, Direktor des Institut Europ\u00e9en des Musiques Juives, in Vertretung seiner Pr\u00e4sidentin Frau Laure Schnapper.<\/p>\n<p>Konzert unter der Leitung von <strong>Christophe Chauvet<\/strong> am Klavier, begleitet von <strong>Elodie KIMMEL<\/strong> (Sopran), <strong>Kledis REXHO<\/strong> (Violine) und <strong>Martin BARRAL<\/strong> (Violoncello).<\/p>\n<p><em><img decoding=\"async\" class=\" alignleft size-full wp-image-21038\" src=\"https:\/\/www.iemj.org\/wp-content\/uploads\/2018\/10\/20181007_145106_-_pour_aricle_site.jpg\" alt=\"20181007_145106_-_pour_aricle_site.jpg\" width=\"166\" height=\"296\" align=\"left\"><\/em><em>Freier Eintritt<\/em><br>&#8211; &#8211; &#8211; &#8211; &#8211;<\/p>\n<p><em>Gedenken mit einem kleinen Imbiss<\/em><em>.<\/em><\/p>\n<h2><strong><a href=\"https:\/\/www.iemj.org\/de\/concert-hommage-a-fernand-halphen-a-la-chapelle-en-serval\/\" target=\"_blank\" rel=\"noopener\">Ausschnitte aus dem Konzert ansehen<\/a><\/strong><\/h2>\n<p><\/p>\n<p><strong>Informationen und Reservierungen: <\/strong>Rathaus von La Chapelle-en-Serval.<\/p>\n<p>Tel: 03 44 54 60 29 oder Mail :&nbsp;<a href=\"https:\/\/www.iemj.org\/concert-exposition-a-la-chapelle-en-serval-hommage-a-fernand-halphen\/mairie@lces.fr\">mairie@lces.fr<\/a><\/p>\n<p><\/p>\n<p style=\"text-align: center;\">\u25ca\u25ca\u25ca\u25ca\u25ca\u25ca\u25ca<\/p>\n\n\n<div class=\"wp-block-columns is-layout-flex wp-container-core-columns-is-layout-9d6595d7 wp-block-columns-is-layout-flex\">\n<div class=\"wp-block-column is-layout-flow wp-block-column-is-layout-flow\">\n<figure class=\"wp-block-image size-large\"><img decoding=\"async\" src=\"https:\/\/www.iemj.org\/wp-content\/uploads\/2018\/10\/20181007_144738_-_redim.jpg\" alt=\"\"\/><\/figure>\n<\/div>\n\n\n\n<div class=\"wp-block-column is-layout-flow wp-block-column-is-layout-flow\">\n<figure class=\"wp-block-image size-large is-resized\"><img decoding=\"async\" src=\"https:\/\/www.iemj.org\/wp-content\/uploads\/2018\/10\/20181007_144800_-_redim.jpg\" alt=\"\" width=\"298\" height=\"168\"\/><\/figure>\n<\/div>\n<\/div>\n\n\n\n<div class=\"wp-block-columns is-layout-flex wp-container-core-columns-is-layout-9d6595d7 wp-block-columns-is-layout-flex\">\n<div class=\"wp-block-column is-layout-flow wp-block-column-is-layout-flow\">\n<figure class=\"wp-block-image size-large\"><img decoding=\"async\" src=\"https:\/\/www.iemj.org\/wp-content\/uploads\/2018\/10\/20181007_150814_-_redim.jpg\" alt=\"\"\/><\/figure>\n<\/div>\n\n\n\n<div class=\"wp-block-column is-layout-flow wp-block-column-is-layout-flow\">\n<figure class=\"wp-block-image size-large\"><img decoding=\"async\" src=\"https:\/\/www.iemj.org\/wp-content\/uploads\/2018\/10\/20181007_144656_-_redim.jpg\" alt=\"\"\/><\/figure>\n<\/div>\n<\/div>\n","protected":false},"excerpt":{"rendered":"","protected":false},"author":5,"featured_media":97187,"comment_status":"closed","ping_status":"open","sticky":false,"template":"","format":"standard","meta":{"_acf_changed":false,"footnotes":""},"categories":[1378,1370],"tags":[3420],"technique":[],"squelettes":[],"sujet":[],"formation":[],"genre":[],"fonds":[],"tradition":[],"type-de-contenu":[],"interprete-compositeur":[3165],"frise":[],"type-devenement":[],"tableaux-liens-externes":[],"class_list":["post-97186","post","type-post","status-publish","format-standard","has-post-thumbnail","hentry","category-konzerte-veranstaltungen-de","category-veranstaltungen-de","tag-partner-veranstaltungen-de","interprete-compositeur-fernand-halphen-de"],"acf":[],"yoast_head":"<!-- This site is optimized with the Yoast SEO plugin v27.3 - https:\/\/yoast.com\/product\/yoast-seo-wordpress\/ -->\n<title>KONZERT - AUSSTELLUNG IN LA CHAPELLE-EN-SERVAL, GEDENKEN AN FERNAND HALPHEN - Institut Europ\u00e9en des Musiques Juives<\/title>\n<meta name=\"robots\" content=\"noindex, follow\" \/>\n<meta property=\"og:locale\" content=\"de_DE\" \/>\n<meta property=\"og:type\" content=\"article\" \/>\n<meta property=\"og:title\" content=\"KONZERT - AUSSTELLUNG IN LA CHAPELLE-EN-SERVAL, GEDENKEN AN FERNAND HALPHEN - Institut Europ\u00e9en des Musiques Juives\" \/>\n<meta property=\"og:url\" content=\"https:\/\/www.iemj.org\/de\/concert-exposition-a-la-chapelle-en-serval-hommage-a-fernand-halphen\/\" \/>\n<meta property=\"og:site_name\" content=\"Institut Europ\u00e9en des Musiques Juives\" \/>\n<meta property=\"article:publisher\" content=\"https:\/\/www.facebook.com\/MusiquesJuives\/\" \/>\n<meta property=\"article:published_time\" content=\"2018-10-03T07:44:01+00:00\" \/>\n<meta property=\"article:modified_time\" content=\"2023-05-24T15:19:15+00:00\" \/>\n<meta property=\"og:image\" content=\"https:\/\/www.iemj.org\/wp-content\/uploads\/2018\/10\/arton3645.jpg\" \/>\n\t<meta property=\"og:image:width\" content=\"300\" \/>\n\t<meta property=\"og:image:height\" content=\"212\" \/>\n\t<meta property=\"og:image:type\" content=\"image\/jpeg\" \/>\n<meta name=\"author\" content=\"Jacqueline ROTEN\" \/>\n<meta name=\"twitter:card\" content=\"summary_large_image\" \/>\n<meta name=\"twitter:label1\" content=\"Verfasst von\" \/>\n\t<meta name=\"twitter:data1\" content=\"Jacqueline ROTEN\" \/>\n\t<meta name=\"twitter:label2\" content=\"Gesch\u00e4tzte Lesezeit\" \/>\n\t<meta name=\"twitter:data2\" content=\"3\u00a0Minuten\" \/>\n<script type=\"application\/ld+json\" class=\"yoast-schema-graph\">{\"@context\":\"https:\\\/\\\/schema.org\",\"@graph\":[{\"@type\":\"Article\",\"@id\":\"https:\\\/\\\/www.iemj.org\\\/de\\\/concert-exposition-a-la-chapelle-en-serval-hommage-a-fernand-halphen\\\/#article\",\"isPartOf\":{\"@id\":\"https:\\\/\\\/www.iemj.org\\\/de\\\/concert-exposition-a-la-chapelle-en-serval-hommage-a-fernand-halphen\\\/\"},\"author\":{\"name\":\"Jacqueline ROTEN\",\"@id\":\"https:\\\/\\\/www.iemj.org\\\/de\\\/#\\\/schema\\\/person\\\/358e26c18aca017fcc4cc15437f7279c\"},\"headline\":\"KONZERT &#8211; AUSSTELLUNG IN LA CHAPELLE-EN-SERVAL, GEDENKEN AN FERNAND HALPHEN\",\"datePublished\":\"2018-10-03T07:44:01+00:00\",\"dateModified\":\"2023-05-24T15:19:15+00:00\",\"mainEntityOfPage\":{\"@id\":\"https:\\\/\\\/www.iemj.org\\\/de\\\/concert-exposition-a-la-chapelle-en-serval-hommage-a-fernand-halphen\\\/\"},\"wordCount\":226,\"publisher\":{\"@id\":\"https:\\\/\\\/www.iemj.org\\\/de\\\/#organization\"},\"image\":{\"@id\":\"https:\\\/\\\/www.iemj.org\\\/de\\\/concert-exposition-a-la-chapelle-en-serval-hommage-a-fernand-halphen\\\/#primaryimage\"},\"thumbnailUrl\":\"https:\\\/\\\/www.iemj.org\\\/wp-content\\\/uploads\\\/2018\\\/10\\\/arton3645.jpg\",\"keywords\":[\"Partner-Veranstaltungen\"],\"articleSection\":[\"Konzerte\",\"Veranstaltungen\"],\"inLanguage\":\"de\"},{\"@type\":\"WebPage\",\"@id\":\"https:\\\/\\\/www.iemj.org\\\/de\\\/concert-exposition-a-la-chapelle-en-serval-hommage-a-fernand-halphen\\\/\",\"url\":\"https:\\\/\\\/www.iemj.org\\\/de\\\/concert-exposition-a-la-chapelle-en-serval-hommage-a-fernand-halphen\\\/\",\"name\":\"KONZERT - AUSSTELLUNG IN LA CHAPELLE-EN-SERVAL, GEDENKEN AN FERNAND HALPHEN - Institut Europ\u00e9en des Musiques Juives\",\"isPartOf\":{\"@id\":\"https:\\\/\\\/www.iemj.org\\\/de\\\/#website\"},\"primaryImageOfPage\":{\"@id\":\"https:\\\/\\\/www.iemj.org\\\/de\\\/concert-exposition-a-la-chapelle-en-serval-hommage-a-fernand-halphen\\\/#primaryimage\"},\"image\":{\"@id\":\"https:\\\/\\\/www.iemj.org\\\/de\\\/concert-exposition-a-la-chapelle-en-serval-hommage-a-fernand-halphen\\\/#primaryimage\"},\"thumbnailUrl\":\"https:\\\/\\\/www.iemj.org\\\/wp-content\\\/uploads\\\/2018\\\/10\\\/arton3645.jpg\",\"datePublished\":\"2018-10-03T07:44:01+00:00\",\"dateModified\":\"2023-05-24T15:19:15+00:00\",\"breadcrumb\":{\"@id\":\"https:\\\/\\\/www.iemj.org\\\/de\\\/concert-exposition-a-la-chapelle-en-serval-hommage-a-fernand-halphen\\\/#breadcrumb\"},\"inLanguage\":\"de\",\"potentialAction\":[{\"@type\":\"ReadAction\",\"target\":[\"https:\\\/\\\/www.iemj.org\\\/de\\\/concert-exposition-a-la-chapelle-en-serval-hommage-a-fernand-halphen\\\/\"]}]},{\"@type\":\"ImageObject\",\"inLanguage\":\"de\",\"@id\":\"https:\\\/\\\/www.iemj.org\\\/de\\\/concert-exposition-a-la-chapelle-en-serval-hommage-a-fernand-halphen\\\/#primaryimage\",\"url\":\"https:\\\/\\\/www.iemj.org\\\/wp-content\\\/uploads\\\/2018\\\/10\\\/arton3645.jpg\",\"contentUrl\":\"https:\\\/\\\/www.iemj.org\\\/wp-content\\\/uploads\\\/2018\\\/10\\\/arton3645.jpg\",\"width\":300,\"height\":212},{\"@type\":\"BreadcrumbList\",\"@id\":\"https:\\\/\\\/www.iemj.org\\\/de\\\/concert-exposition-a-la-chapelle-en-serval-hommage-a-fernand-halphen\\\/#breadcrumb\",\"itemListElement\":[{\"@type\":\"ListItem\",\"position\":1,\"name\":\"Accueil\",\"item\":\"https:\\\/\\\/www.iemj.org\\\/de\\\/\"},{\"@type\":\"ListItem\",\"position\":2,\"name\":\"KONZERT &#8211; AUSSTELLUNG IN LA CHAPELLE-EN-SERVAL, GEDENKEN AN FERNAND HALPHEN\"}]},{\"@type\":\"WebSite\",\"@id\":\"https:\\\/\\\/www.iemj.org\\\/de\\\/#website\",\"url\":\"https:\\\/\\\/www.iemj.org\\\/de\\\/\",\"name\":\"Institut Europ\u00e9en des Musiques Juives\",\"description\":\"Des traditions musicales \u00e0 la port\u00e9e de tous\",\"publisher\":{\"@id\":\"https:\\\/\\\/www.iemj.org\\\/de\\\/#organization\"},\"potentialAction\":[{\"@type\":\"SearchAction\",\"target\":{\"@type\":\"EntryPoint\",\"urlTemplate\":\"https:\\\/\\\/www.iemj.org\\\/de\\\/?s={search_term_string}\"},\"query-input\":{\"@type\":\"PropertyValueSpecification\",\"valueRequired\":true,\"valueName\":\"search_term_string\"}}],\"inLanguage\":\"de\"},{\"@type\":\"Organization\",\"@id\":\"https:\\\/\\\/www.iemj.org\\\/de\\\/#organization\",\"name\":\"Institut Europ\u00e9en des Musiques Juives\",\"url\":\"https:\\\/\\\/www.iemj.org\\\/de\\\/\",\"logo\":{\"@type\":\"ImageObject\",\"inLanguage\":\"de\",\"@id\":\"https:\\\/\\\/www.iemj.org\\\/de\\\/#\\\/schema\\\/logo\\\/image\\\/\",\"url\":\"https:\\\/\\\/www.iemj.org\\\/wp-content\\\/uploads\\\/2021\\\/09\\\/Logo-IEMJ-Paypal.jpg\",\"contentUrl\":\"https:\\\/\\\/www.iemj.org\\\/wp-content\\\/uploads\\\/2021\\\/09\\\/Logo-IEMJ-Paypal.jpg\",\"width\":150,\"height\":50,\"caption\":\"Institut Europ\u00e9en des Musiques Juives\"},\"image\":{\"@id\":\"https:\\\/\\\/www.iemj.org\\\/de\\\/#\\\/schema\\\/logo\\\/image\\\/\"},\"sameAs\":[\"https:\\\/\\\/www.facebook.com\\\/MusiquesJuives\\\/\",\"https:\\\/\\\/www.instagram.com\\\/musiquesjuives\\\/\",\"https:\\\/\\\/www.youtube.com\\\/user\\\/musiquesjuives\"]},{\"@type\":\"Person\",\"@id\":\"https:\\\/\\\/www.iemj.org\\\/de\\\/#\\\/schema\\\/person\\\/358e26c18aca017fcc4cc15437f7279c\",\"name\":\"Jacqueline ROTEN\",\"image\":{\"@type\":\"ImageObject\",\"inLanguage\":\"de\",\"@id\":\"https:\\\/\\\/secure.gravatar.com\\\/avatar\\\/5964256d6c6957de3a3505278957e0fb2a35119ac47ea41827a65301213c810b?s=96&d=mm&r=g\",\"url\":\"https:\\\/\\\/secure.gravatar.com\\\/avatar\\\/5964256d6c6957de3a3505278957e0fb2a35119ac47ea41827a65301213c810b?s=96&d=mm&r=g\",\"contentUrl\":\"https:\\\/\\\/secure.gravatar.com\\\/avatar\\\/5964256d6c6957de3a3505278957e0fb2a35119ac47ea41827a65301213c810b?s=96&d=mm&r=g\",\"caption\":\"Jacqueline ROTEN\"}}]}<\/script>\n<!-- \/ Yoast SEO plugin. -->","yoast_head_json":{"title":"KONZERT - AUSSTELLUNG IN LA CHAPELLE-EN-SERVAL, GEDENKEN AN FERNAND HALPHEN - Institut Europ\u00e9en des Musiques Juives","robots":{"index":"noindex","follow":"follow"},"og_locale":"de_DE","og_type":"article","og_title":"KONZERT - AUSSTELLUNG IN LA CHAPELLE-EN-SERVAL, GEDENKEN AN FERNAND HALPHEN - Institut Europ\u00e9en des Musiques Juives","og_url":"https:\/\/www.iemj.org\/de\/concert-exposition-a-la-chapelle-en-serval-hommage-a-fernand-halphen\/","og_site_name":"Institut Europ\u00e9en des Musiques Juives","article_publisher":"https:\/\/www.facebook.com\/MusiquesJuives\/","article_published_time":"2018-10-03T07:44:01+00:00","article_modified_time":"2023-05-24T15:19:15+00:00","og_image":[{"width":300,"height":212,"url":"https:\/\/www.iemj.org\/wp-content\/uploads\/2018\/10\/arton3645.jpg","type":"image\/jpeg"}],"author":"Jacqueline ROTEN","twitter_card":"summary_large_image","twitter_misc":{"Verfasst von":"Jacqueline ROTEN","Gesch\u00e4tzte Lesezeit":"3\u00a0Minuten"},"schema":{"@context":"https:\/\/schema.org","@graph":[{"@type":"Article","@id":"https:\/\/www.iemj.org\/de\/concert-exposition-a-la-chapelle-en-serval-hommage-a-fernand-halphen\/#article","isPartOf":{"@id":"https:\/\/www.iemj.org\/de\/concert-exposition-a-la-chapelle-en-serval-hommage-a-fernand-halphen\/"},"author":{"name":"Jacqueline ROTEN","@id":"https:\/\/www.iemj.org\/de\/#\/schema\/person\/358e26c18aca017fcc4cc15437f7279c"},"headline":"KONZERT &#8211; AUSSTELLUNG IN LA CHAPELLE-EN-SERVAL, GEDENKEN AN FERNAND HALPHEN","datePublished":"2018-10-03T07:44:01+00:00","dateModified":"2023-05-24T15:19:15+00:00","mainEntityOfPage":{"@id":"https:\/\/www.iemj.org\/de\/concert-exposition-a-la-chapelle-en-serval-hommage-a-fernand-halphen\/"},"wordCount":226,"publisher":{"@id":"https:\/\/www.iemj.org\/de\/#organization"},"image":{"@id":"https:\/\/www.iemj.org\/de\/concert-exposition-a-la-chapelle-en-serval-hommage-a-fernand-halphen\/#primaryimage"},"thumbnailUrl":"https:\/\/www.iemj.org\/wp-content\/uploads\/2018\/10\/arton3645.jpg","keywords":["Partner-Veranstaltungen"],"articleSection":["Konzerte","Veranstaltungen"],"inLanguage":"de"},{"@type":"WebPage","@id":"https:\/\/www.iemj.org\/de\/concert-exposition-a-la-chapelle-en-serval-hommage-a-fernand-halphen\/","url":"https:\/\/www.iemj.org\/de\/concert-exposition-a-la-chapelle-en-serval-hommage-a-fernand-halphen\/","name":"KONZERT - AUSSTELLUNG IN LA CHAPELLE-EN-SERVAL, GEDENKEN AN FERNAND HALPHEN - Institut Europ\u00e9en des Musiques Juives","isPartOf":{"@id":"https:\/\/www.iemj.org\/de\/#website"},"primaryImageOfPage":{"@id":"https:\/\/www.iemj.org\/de\/concert-exposition-a-la-chapelle-en-serval-hommage-a-fernand-halphen\/#primaryimage"},"image":{"@id":"https:\/\/www.iemj.org\/de\/concert-exposition-a-la-chapelle-en-serval-hommage-a-fernand-halphen\/#primaryimage"},"thumbnailUrl":"https:\/\/www.iemj.org\/wp-content\/uploads\/2018\/10\/arton3645.jpg","datePublished":"2018-10-03T07:44:01+00:00","dateModified":"2023-05-24T15:19:15+00:00","breadcrumb":{"@id":"https:\/\/www.iemj.org\/de\/concert-exposition-a-la-chapelle-en-serval-hommage-a-fernand-halphen\/#breadcrumb"},"inLanguage":"de","potentialAction":[{"@type":"ReadAction","target":["https:\/\/www.iemj.org\/de\/concert-exposition-a-la-chapelle-en-serval-hommage-a-fernand-halphen\/"]}]},{"@type":"ImageObject","inLanguage":"de","@id":"https:\/\/www.iemj.org\/de\/concert-exposition-a-la-chapelle-en-serval-hommage-a-fernand-halphen\/#primaryimage","url":"https:\/\/www.iemj.org\/wp-content\/uploads\/2018\/10\/arton3645.jpg","contentUrl":"https:\/\/www.iemj.org\/wp-content\/uploads\/2018\/10\/arton3645.jpg","width":300,"height":212},{"@type":"BreadcrumbList","@id":"https:\/\/www.iemj.org\/de\/concert-exposition-a-la-chapelle-en-serval-hommage-a-fernand-halphen\/#breadcrumb","itemListElement":[{"@type":"ListItem","position":1,"name":"Accueil","item":"https:\/\/www.iemj.org\/de\/"},{"@type":"ListItem","position":2,"name":"KONZERT &#8211; AUSSTELLUNG IN LA CHAPELLE-EN-SERVAL, GEDENKEN AN FERNAND HALPHEN"}]},{"@type":"WebSite","@id":"https:\/\/www.iemj.org\/de\/#website","url":"https:\/\/www.iemj.org\/de\/","name":"Institut Europ\u00e9en des Musiques Juives","description":"Des traditions musicales \u00e0 la port\u00e9e de tous","publisher":{"@id":"https:\/\/www.iemj.org\/de\/#organization"},"potentialAction":[{"@type":"SearchAction","target":{"@type":"EntryPoint","urlTemplate":"https:\/\/www.iemj.org\/de\/?s={search_term_string}"},"query-input":{"@type":"PropertyValueSpecification","valueRequired":true,"valueName":"search_term_string"}}],"inLanguage":"de"},{"@type":"Organization","@id":"https:\/\/www.iemj.org\/de\/#organization","name":"Institut Europ\u00e9en des Musiques Juives","url":"https:\/\/www.iemj.org\/de\/","logo":{"@type":"ImageObject","inLanguage":"de","@id":"https:\/\/www.iemj.org\/de\/#\/schema\/logo\/image\/","url":"https:\/\/www.iemj.org\/wp-content\/uploads\/2021\/09\/Logo-IEMJ-Paypal.jpg","contentUrl":"https:\/\/www.iemj.org\/wp-content\/uploads\/2021\/09\/Logo-IEMJ-Paypal.jpg","width":150,"height":50,"caption":"Institut Europ\u00e9en des Musiques Juives"},"image":{"@id":"https:\/\/www.iemj.org\/de\/#\/schema\/logo\/image\/"},"sameAs":["https:\/\/www.facebook.com\/MusiquesJuives\/","https:\/\/www.instagram.com\/musiquesjuives\/","https:\/\/www.youtube.com\/user\/musiquesjuives"]},{"@type":"Person","@id":"https:\/\/www.iemj.org\/de\/#\/schema\/person\/358e26c18aca017fcc4cc15437f7279c","name":"Jacqueline ROTEN","image":{"@type":"ImageObject","inLanguage":"de","@id":"https:\/\/secure.gravatar.com\/avatar\/5964256d6c6957de3a3505278957e0fb2a35119ac47ea41827a65301213c810b?s=96&d=mm&r=g","url":"https:\/\/secure.gravatar.com\/avatar\/5964256d6c6957de3a3505278957e0fb2a35119ac47ea41827a65301213c810b?s=96&d=mm&r=g","contentUrl":"https:\/\/secure.gravatar.com\/avatar\/5964256d6c6957de3a3505278957e0fb2a35119ac47ea41827a65301213c810b?s=96&d=mm&r=g","caption":"Jacqueline ROTEN"}}]}},"_links":{"self":[{"href":"https:\/\/www.iemj.org\/de\/wp-json\/wp\/v2\/posts\/97186","targetHints":{"allow":["GET"]}}],"collection":[{"href":"https:\/\/www.iemj.org\/de\/wp-json\/wp\/v2\/posts"}],"about":[{"href":"https:\/\/www.iemj.org\/de\/wp-json\/wp\/v2\/types\/post"}],"author":[{"embeddable":true,"href":"https:\/\/www.iemj.org\/de\/wp-json\/wp\/v2\/users\/5"}],"replies":[{"embeddable":true,"href":"https:\/\/www.iemj.org\/de\/wp-json\/wp\/v2\/comments?post=97186"}],"version-history":[{"count":0,"href":"https:\/\/www.iemj.org\/de\/wp-json\/wp\/v2\/posts\/97186\/revisions"}],"wp:featuredmedia":[{"embeddable":true,"href":"https:\/\/www.iemj.org\/de\/wp-json\/wp\/v2\/media\/97187"}],"wp:attachment":[{"href":"https:\/\/www.iemj.org\/de\/wp-json\/wp\/v2\/media?parent=97186"}],"wp:term":[{"taxonomy":"category","embeddable":true,"href":"https:\/\/www.iemj.org\/de\/wp-json\/wp\/v2\/categories?post=97186"},{"taxonomy":"post_tag","embeddable":true,"href":"https:\/\/www.iemj.org\/de\/wp-json\/wp\/v2\/tags?post=97186"},{"taxonomy":"technique","embeddable":true,"href":"https:\/\/www.iemj.org\/de\/wp-json\/wp\/v2\/technique?post=97186"},{"taxonomy":"squelettes","embeddable":true,"href":"https:\/\/www.iemj.org\/de\/wp-json\/wp\/v2\/squelettes?post=97186"},{"taxonomy":"sujet","embeddable":true,"href":"https:\/\/www.iemj.org\/de\/wp-json\/wp\/v2\/sujet?post=97186"},{"taxonomy":"formation","embeddable":true,"href":"https:\/\/www.iemj.org\/de\/wp-json\/wp\/v2\/formation?post=97186"},{"taxonomy":"genre","embeddable":true,"href":"https:\/\/www.iemj.org\/de\/wp-json\/wp\/v2\/genre?post=97186"},{"taxonomy":"fonds","embeddable":true,"href":"https:\/\/www.iemj.org\/de\/wp-json\/wp\/v2\/fonds?post=97186"},{"taxonomy":"tradition","embeddable":true,"href":"https:\/\/www.iemj.org\/de\/wp-json\/wp\/v2\/tradition?post=97186"},{"taxonomy":"type-de-contenu","embeddable":true,"href":"https:\/\/www.iemj.org\/de\/wp-json\/wp\/v2\/type-de-contenu?post=97186"},{"taxonomy":"interprete-compositeur","embeddable":true,"href":"https:\/\/www.iemj.org\/de\/wp-json\/wp\/v2\/interprete-compositeur?post=97186"},{"taxonomy":"frise","embeddable":true,"href":"https:\/\/www.iemj.org\/de\/wp-json\/wp\/v2\/frise?post=97186"},{"taxonomy":"type-devenement","embeddable":true,"href":"https:\/\/www.iemj.org\/de\/wp-json\/wp\/v2\/type-devenement?post=97186"},{"taxonomy":"tableaux-liens-externes","embeddable":true,"href":"https:\/\/www.iemj.org\/de\/wp-json\/wp\/v2\/tableaux-liens-externes?post=97186"}],"curies":[{"name":"wp","href":"https:\/\/api.w.org\/{rel}","templated":true}]}}