{"id":97223,"date":"2015-07-29T16:49:07","date_gmt":"2015-07-29T14:49:07","guid":{"rendered":"https:\/\/www.iemj.org\/le-systeme-cantilatoire-de-la-bible-et-son-expression-musicale-dans-les-traditions-juives-des-communautes-mediterraneennes\/"},"modified":"2023-05-25T09:46:06","modified_gmt":"2023-05-25T07:46:06","slug":"le-systeme-cantilatoire-de-la-bible-et-son-expression-musicale-dans-les-traditions-juives-des-communautes-mediterraneennes","status":"publish","type":"post","link":"https:\/\/www.iemj.org\/de\/le-systeme-cantilatoire-de-la-bible-et-son-expression-musicale-dans-les-traditions-juives-des-communautes-mediterraneennes\/","title":{"rendered":"Le syst\u00e8me cantilatoire de la Bible et son expression musicale dans les traditions juives des communaut\u00e9s m\u00e9diterran\u00e9ennes"},"content":{"rendered":"<p>Staatsdoktorat unter der Leitung von Prof. Ha\u00efm Zafrani.<br \/>\nJahrgang 1986 &#8211; 1987<!--more--><\/p>\n<p>Nach ihrer Heirat mit dem Kantor Joseph Tayar und Jahrzehnten im Dienst der hebr\u00e4ischen Monodie widmete Mag Tayar, Organistin an der Gro\u00dfen Synagoge von Marseille und Doktorin der Musikwissenschaft, ihre Staatsexamensarbeit dem kantilatorischen System der Bibel in den j\u00fcdischen Traditionen der mediterranen Gemeinden.<\/p>\n<p>Zu diesem Zweck hat sie Dutzende von S\u00e4ngern aus Meknes, Tanger, Casablanca, Bordeaux, Marseille, Constantine, Algier, Oujda, Tetouan, Mogador, Mascara, B\u00e9ni Ounif, Tunis und Kairo aufgenommen und transkribiert.<\/p>\n<p>Seine musikalische Analyse, die besonders technisch ist, bezieht sich auf Konzepte der Akustik.<\/p>\n","protected":false},"excerpt":{"rendered":"<p>Staatsdoktorat unter der Leitung von Prof. Ha\u00efm Zafrani. Jahrgang 1986 &#8211; 1987<\/p>\n","protected":false},"author":1045,"featured_media":97224,"comment_status":"closed","ping_status":"open","sticky":false,"template":"","format":"standard","meta":{"_acf_changed":false,"footnotes":""},"categories":[1578,1561],"tags":[],"technique":[],"squelettes":[],"sujet":[2095],"formation":[],"genre":[1891],"fonds":[],"tradition":[],"type-de-contenu":[],"interprete-compositeur":[],"frise":[],"type-devenement":[],"tableaux-liens-externes":[],"class_list":["post-97223","post","type-post","status-publish","format-standard","has-post-thumbnail","hentry","category-bucher-artikel-de","category-letzte-neuerwerbungen-de","sujet-biblische-akzente-teamim-de","genre-liturgie-de"],"acf":[],"yoast_head":"<!-- This site is optimized with the Yoast SEO plugin v27.3 - https:\/\/yoast.com\/product\/yoast-seo-wordpress\/ -->\n<title>Le syst\u00e8me cantilatoire de la Bible et son expression musicale dans les traditions juives des communaut\u00e9s m\u00e9diterran\u00e9ennes - Institut Europ\u00e9en des Musiques Juives<\/title>\n<meta name=\"robots\" content=\"index, follow, max-snippet:-1, max-image-preview:large, max-video-preview:-1\" \/>\n<link rel=\"canonical\" href=\"https:\/\/www.iemj.org\/de\/le-systeme-cantilatoire-de-la-bible-et-son-expression-musicale-dans-les-traditions-juives-des-communautes-mediterraneennes\/\" \/>\n<meta property=\"og:locale\" content=\"de_DE\" \/>\n<meta property=\"og:type\" content=\"article\" \/>\n<meta property=\"og:title\" content=\"Le syst\u00e8me cantilatoire de la Bible et son expression musicale dans les traditions juives des communaut\u00e9s m\u00e9diterran\u00e9ennes - Institut Europ\u00e9en des Musiques Juives\" \/>\n<meta property=\"og:description\" content=\"Staatsdoktorat unter der Leitung von Prof. Ha\u00efm Zafrani. Jahrgang 1986 &#8211; 1987\" \/>\n<meta property=\"og:url\" content=\"https:\/\/www.iemj.org\/de\/le-systeme-cantilatoire-de-la-bible-et-son-expression-musicale-dans-les-traditions-juives-des-communautes-mediterraneennes\/\" \/>\n<meta property=\"og:site_name\" content=\"Institut Europ\u00e9en des Musiques Juives\" \/>\n<meta property=\"article:publisher\" content=\"https:\/\/www.facebook.com\/MusiquesJuives\/\" \/>\n<meta property=\"article:published_time\" content=\"2015-07-29T14:49:07+00:00\" \/>\n<meta property=\"article:modified_time\" content=\"2023-05-25T07:46:06+00:00\" \/>\n<meta property=\"og:image\" content=\"https:\/\/www.iemj.org\/wp-content\/uploads\/2015\/07\/arton1064.jpg\" \/>\n\t<meta property=\"og:image:width\" content=\"350\" \/>\n\t<meta property=\"og:image:height\" content=\"500\" \/>\n\t<meta property=\"og:image:type\" content=\"image\/jpeg\" \/>\n<meta name=\"author\" content=\"Herv\u00e9 Roten\" \/>\n<meta name=\"twitter:card\" content=\"summary_large_image\" \/>\n<meta name=\"twitter:label1\" content=\"Verfasst von\" \/>\n\t<meta name=\"twitter:data1\" content=\"Herv\u00e9 Roten\" \/>\n\t<meta name=\"twitter:label2\" content=\"Gesch\u00e4tzte Lesezeit\" \/>\n\t<meta name=\"twitter:data2\" content=\"1\u00a0Minute\" \/>\n<script type=\"application\/ld+json\" class=\"yoast-schema-graph\">{\"@context\":\"https:\\\/\\\/schema.org\",\"@graph\":[{\"@type\":\"Article\",\"@id\":\"https:\\\/\\\/www.iemj.org\\\/de\\\/le-systeme-cantilatoire-de-la-bible-et-son-expression-musicale-dans-les-traditions-juives-des-communautes-mediterraneennes\\\/#article\",\"isPartOf\":{\"@id\":\"https:\\\/\\\/www.iemj.org\\\/de\\\/le-systeme-cantilatoire-de-la-bible-et-son-expression-musicale-dans-les-traditions-juives-des-communautes-mediterraneennes\\\/\"},\"author\":{\"name\":\"Herv\u00e9 Roten\",\"@id\":\"https:\\\/\\\/www.iemj.org\\\/de\\\/#\\\/schema\\\/person\\\/906134402c29d5c76e7b726261dd4bbd\"},\"headline\":\"Le syst\u00e8me cantilatoire de la Bible et son expression musicale dans les traditions juives des communaut\u00e9s m\u00e9diterran\u00e9ennes\",\"datePublished\":\"2015-07-29T14:49:07+00:00\",\"dateModified\":\"2023-05-25T07:46:06+00:00\",\"mainEntityOfPage\":{\"@id\":\"https:\\\/\\\/www.iemj.org\\\/de\\\/le-systeme-cantilatoire-de-la-bible-et-son-expression-musicale-dans-les-traditions-juives-des-communautes-mediterraneennes\\\/\"},\"wordCount\":121,\"publisher\":{\"@id\":\"https:\\\/\\\/www.iemj.org\\\/de\\\/#organization\"},\"image\":{\"@id\":\"https:\\\/\\\/www.iemj.org\\\/de\\\/le-systeme-cantilatoire-de-la-bible-et-son-expression-musicale-dans-les-traditions-juives-des-communautes-mediterraneennes\\\/#primaryimage\"},\"thumbnailUrl\":\"https:\\\/\\\/www.iemj.org\\\/wp-content\\\/uploads\\\/2015\\\/07\\\/arton1064.jpg\",\"articleSection\":[\"B\u00fccher, Artikel\",\"Letzte Neuerwerbungen\"],\"inLanguage\":\"de\"},{\"@type\":\"WebPage\",\"@id\":\"https:\\\/\\\/www.iemj.org\\\/de\\\/le-systeme-cantilatoire-de-la-bible-et-son-expression-musicale-dans-les-traditions-juives-des-communautes-mediterraneennes\\\/\",\"url\":\"https:\\\/\\\/www.iemj.org\\\/de\\\/le-systeme-cantilatoire-de-la-bible-et-son-expression-musicale-dans-les-traditions-juives-des-communautes-mediterraneennes\\\/\",\"name\":\"Le syst\u00e8me cantilatoire de la Bible et son expression musicale dans les traditions juives des communaut\u00e9s m\u00e9diterran\u00e9ennes - Institut Europ\u00e9en des Musiques Juives\",\"isPartOf\":{\"@id\":\"https:\\\/\\\/www.iemj.org\\\/de\\\/#website\"},\"primaryImageOfPage\":{\"@id\":\"https:\\\/\\\/www.iemj.org\\\/de\\\/le-systeme-cantilatoire-de-la-bible-et-son-expression-musicale-dans-les-traditions-juives-des-communautes-mediterraneennes\\\/#primaryimage\"},\"image\":{\"@id\":\"https:\\\/\\\/www.iemj.org\\\/de\\\/le-systeme-cantilatoire-de-la-bible-et-son-expression-musicale-dans-les-traditions-juives-des-communautes-mediterraneennes\\\/#primaryimage\"},\"thumbnailUrl\":\"https:\\\/\\\/www.iemj.org\\\/wp-content\\\/uploads\\\/2015\\\/07\\\/arton1064.jpg\",\"datePublished\":\"2015-07-29T14:49:07+00:00\",\"dateModified\":\"2023-05-25T07:46:06+00:00\",\"breadcrumb\":{\"@id\":\"https:\\\/\\\/www.iemj.org\\\/de\\\/le-systeme-cantilatoire-de-la-bible-et-son-expression-musicale-dans-les-traditions-juives-des-communautes-mediterraneennes\\\/#breadcrumb\"},\"inLanguage\":\"de\",\"potentialAction\":[{\"@type\":\"ReadAction\",\"target\":[\"https:\\\/\\\/www.iemj.org\\\/de\\\/le-systeme-cantilatoire-de-la-bible-et-son-expression-musicale-dans-les-traditions-juives-des-communautes-mediterraneennes\\\/\"]}]},{\"@type\":\"ImageObject\",\"inLanguage\":\"de\",\"@id\":\"https:\\\/\\\/www.iemj.org\\\/de\\\/le-systeme-cantilatoire-de-la-bible-et-son-expression-musicale-dans-les-traditions-juives-des-communautes-mediterraneennes\\\/#primaryimage\",\"url\":\"https:\\\/\\\/www.iemj.org\\\/wp-content\\\/uploads\\\/2015\\\/07\\\/arton1064.jpg\",\"contentUrl\":\"https:\\\/\\\/www.iemj.org\\\/wp-content\\\/uploads\\\/2015\\\/07\\\/arton1064.jpg\",\"width\":350,\"height\":500},{\"@type\":\"BreadcrumbList\",\"@id\":\"https:\\\/\\\/www.iemj.org\\\/de\\\/le-systeme-cantilatoire-de-la-bible-et-son-expression-musicale-dans-les-traditions-juives-des-communautes-mediterraneennes\\\/#breadcrumb\",\"itemListElement\":[{\"@type\":\"ListItem\",\"position\":1,\"name\":\"Accueil\",\"item\":\"https:\\\/\\\/www.iemj.org\\\/de\\\/\"},{\"@type\":\"ListItem\",\"position\":2,\"name\":\"Le syst\u00e8me cantilatoire de la Bible et son expression musicale dans les traditions juives des communaut\u00e9s m\u00e9diterran\u00e9ennes\"}]},{\"@type\":\"WebSite\",\"@id\":\"https:\\\/\\\/www.iemj.org\\\/de\\\/#website\",\"url\":\"https:\\\/\\\/www.iemj.org\\\/de\\\/\",\"name\":\"Institut Europ\u00e9en des Musiques Juives\",\"description\":\"Des traditions musicales \u00e0 la port\u00e9e de tous\",\"publisher\":{\"@id\":\"https:\\\/\\\/www.iemj.org\\\/de\\\/#organization\"},\"potentialAction\":[{\"@type\":\"SearchAction\",\"target\":{\"@type\":\"EntryPoint\",\"urlTemplate\":\"https:\\\/\\\/www.iemj.org\\\/de\\\/?s={search_term_string}\"},\"query-input\":{\"@type\":\"PropertyValueSpecification\",\"valueRequired\":true,\"valueName\":\"search_term_string\"}}],\"inLanguage\":\"de\"},{\"@type\":\"Organization\",\"@id\":\"https:\\\/\\\/www.iemj.org\\\/de\\\/#organization\",\"name\":\"Institut Europ\u00e9en des Musiques Juives\",\"url\":\"https:\\\/\\\/www.iemj.org\\\/de\\\/\",\"logo\":{\"@type\":\"ImageObject\",\"inLanguage\":\"de\",\"@id\":\"https:\\\/\\\/www.iemj.org\\\/de\\\/#\\\/schema\\\/logo\\\/image\\\/\",\"url\":\"https:\\\/\\\/www.iemj.org\\\/wp-content\\\/uploads\\\/2021\\\/09\\\/Logo-IEMJ-Paypal.jpg\",\"contentUrl\":\"https:\\\/\\\/www.iemj.org\\\/wp-content\\\/uploads\\\/2021\\\/09\\\/Logo-IEMJ-Paypal.jpg\",\"width\":150,\"height\":50,\"caption\":\"Institut Europ\u00e9en des Musiques Juives\"},\"image\":{\"@id\":\"https:\\\/\\\/www.iemj.org\\\/de\\\/#\\\/schema\\\/logo\\\/image\\\/\"},\"sameAs\":[\"https:\\\/\\\/www.facebook.com\\\/MusiquesJuives\\\/\",\"https:\\\/\\\/www.instagram.com\\\/musiquesjuives\\\/\",\"https:\\\/\\\/www.youtube.com\\\/user\\\/musiquesjuives\"]},{\"@type\":\"Person\",\"@id\":\"https:\\\/\\\/www.iemj.org\\\/de\\\/#\\\/schema\\\/person\\\/906134402c29d5c76e7b726261dd4bbd\",\"name\":\"Herv\u00e9 Roten\",\"image\":{\"@type\":\"ImageObject\",\"inLanguage\":\"de\",\"@id\":\"https:\\\/\\\/secure.gravatar.com\\\/avatar\\\/f96ad2db538a26481f18384936b5cd0610c92d390c4dc382209216d455f685ff?s=96&d=mm&r=g\",\"url\":\"https:\\\/\\\/secure.gravatar.com\\\/avatar\\\/f96ad2db538a26481f18384936b5cd0610c92d390c4dc382209216d455f685ff?s=96&d=mm&r=g\",\"contentUrl\":\"https:\\\/\\\/secure.gravatar.com\\\/avatar\\\/f96ad2db538a26481f18384936b5cd0610c92d390c4dc382209216d455f685ff?s=96&d=mm&r=g\",\"caption\":\"Herv\u00e9 Roten\"}}]}<\/script>\n<!-- \/ Yoast SEO plugin. -->","yoast_head_json":{"title":"Le syst\u00e8me cantilatoire de la Bible et son expression musicale dans les traditions juives des communaut\u00e9s m\u00e9diterran\u00e9ennes - Institut Europ\u00e9en des Musiques Juives","robots":{"index":"index","follow":"follow","max-snippet":"max-snippet:-1","max-image-preview":"max-image-preview:large","max-video-preview":"max-video-preview:-1"},"canonical":"https:\/\/www.iemj.org\/de\/le-systeme-cantilatoire-de-la-bible-et-son-expression-musicale-dans-les-traditions-juives-des-communautes-mediterraneennes\/","og_locale":"de_DE","og_type":"article","og_title":"Le syst\u00e8me cantilatoire de la Bible et son expression musicale dans les traditions juives des communaut\u00e9s m\u00e9diterran\u00e9ennes - Institut Europ\u00e9en des Musiques Juives","og_description":"Staatsdoktorat unter der Leitung von Prof. Ha\u00efm Zafrani. Jahrgang 1986 &#8211; 1987","og_url":"https:\/\/www.iemj.org\/de\/le-systeme-cantilatoire-de-la-bible-et-son-expression-musicale-dans-les-traditions-juives-des-communautes-mediterraneennes\/","og_site_name":"Institut Europ\u00e9en des Musiques Juives","article_publisher":"https:\/\/www.facebook.com\/MusiquesJuives\/","article_published_time":"2015-07-29T14:49:07+00:00","article_modified_time":"2023-05-25T07:46:06+00:00","og_image":[{"width":350,"height":500,"url":"https:\/\/www.iemj.org\/wp-content\/uploads\/2015\/07\/arton1064.jpg","type":"image\/jpeg"}],"author":"Herv\u00e9 Roten","twitter_card":"summary_large_image","twitter_misc":{"Verfasst von":"Herv\u00e9 Roten","Gesch\u00e4tzte Lesezeit":"1\u00a0Minute"},"schema":{"@context":"https:\/\/schema.org","@graph":[{"@type":"Article","@id":"https:\/\/www.iemj.org\/de\/le-systeme-cantilatoire-de-la-bible-et-son-expression-musicale-dans-les-traditions-juives-des-communautes-mediterraneennes\/#article","isPartOf":{"@id":"https:\/\/www.iemj.org\/de\/le-systeme-cantilatoire-de-la-bible-et-son-expression-musicale-dans-les-traditions-juives-des-communautes-mediterraneennes\/"},"author":{"name":"Herv\u00e9 Roten","@id":"https:\/\/www.iemj.org\/de\/#\/schema\/person\/906134402c29d5c76e7b726261dd4bbd"},"headline":"Le syst\u00e8me cantilatoire de la Bible et son expression musicale dans les traditions juives des communaut\u00e9s m\u00e9diterran\u00e9ennes","datePublished":"2015-07-29T14:49:07+00:00","dateModified":"2023-05-25T07:46:06+00:00","mainEntityOfPage":{"@id":"https:\/\/www.iemj.org\/de\/le-systeme-cantilatoire-de-la-bible-et-son-expression-musicale-dans-les-traditions-juives-des-communautes-mediterraneennes\/"},"wordCount":121,"publisher":{"@id":"https:\/\/www.iemj.org\/de\/#organization"},"image":{"@id":"https:\/\/www.iemj.org\/de\/le-systeme-cantilatoire-de-la-bible-et-son-expression-musicale-dans-les-traditions-juives-des-communautes-mediterraneennes\/#primaryimage"},"thumbnailUrl":"https:\/\/www.iemj.org\/wp-content\/uploads\/2015\/07\/arton1064.jpg","articleSection":["B\u00fccher, Artikel","Letzte Neuerwerbungen"],"inLanguage":"de"},{"@type":"WebPage","@id":"https:\/\/www.iemj.org\/de\/le-systeme-cantilatoire-de-la-bible-et-son-expression-musicale-dans-les-traditions-juives-des-communautes-mediterraneennes\/","url":"https:\/\/www.iemj.org\/de\/le-systeme-cantilatoire-de-la-bible-et-son-expression-musicale-dans-les-traditions-juives-des-communautes-mediterraneennes\/","name":"Le syst\u00e8me cantilatoire de la Bible et son expression musicale dans les traditions juives des communaut\u00e9s m\u00e9diterran\u00e9ennes - Institut Europ\u00e9en des Musiques Juives","isPartOf":{"@id":"https:\/\/www.iemj.org\/de\/#website"},"primaryImageOfPage":{"@id":"https:\/\/www.iemj.org\/de\/le-systeme-cantilatoire-de-la-bible-et-son-expression-musicale-dans-les-traditions-juives-des-communautes-mediterraneennes\/#primaryimage"},"image":{"@id":"https:\/\/www.iemj.org\/de\/le-systeme-cantilatoire-de-la-bible-et-son-expression-musicale-dans-les-traditions-juives-des-communautes-mediterraneennes\/#primaryimage"},"thumbnailUrl":"https:\/\/www.iemj.org\/wp-content\/uploads\/2015\/07\/arton1064.jpg","datePublished":"2015-07-29T14:49:07+00:00","dateModified":"2023-05-25T07:46:06+00:00","breadcrumb":{"@id":"https:\/\/www.iemj.org\/de\/le-systeme-cantilatoire-de-la-bible-et-son-expression-musicale-dans-les-traditions-juives-des-communautes-mediterraneennes\/#breadcrumb"},"inLanguage":"de","potentialAction":[{"@type":"ReadAction","target":["https:\/\/www.iemj.org\/de\/le-systeme-cantilatoire-de-la-bible-et-son-expression-musicale-dans-les-traditions-juives-des-communautes-mediterraneennes\/"]}]},{"@type":"ImageObject","inLanguage":"de","@id":"https:\/\/www.iemj.org\/de\/le-systeme-cantilatoire-de-la-bible-et-son-expression-musicale-dans-les-traditions-juives-des-communautes-mediterraneennes\/#primaryimage","url":"https:\/\/www.iemj.org\/wp-content\/uploads\/2015\/07\/arton1064.jpg","contentUrl":"https:\/\/www.iemj.org\/wp-content\/uploads\/2015\/07\/arton1064.jpg","width":350,"height":500},{"@type":"BreadcrumbList","@id":"https:\/\/www.iemj.org\/de\/le-systeme-cantilatoire-de-la-bible-et-son-expression-musicale-dans-les-traditions-juives-des-communautes-mediterraneennes\/#breadcrumb","itemListElement":[{"@type":"ListItem","position":1,"name":"Accueil","item":"https:\/\/www.iemj.org\/de\/"},{"@type":"ListItem","position":2,"name":"Le syst\u00e8me cantilatoire de la Bible et son expression musicale dans les traditions juives des communaut\u00e9s m\u00e9diterran\u00e9ennes"}]},{"@type":"WebSite","@id":"https:\/\/www.iemj.org\/de\/#website","url":"https:\/\/www.iemj.org\/de\/","name":"Institut Europ\u00e9en des Musiques Juives","description":"Des traditions musicales \u00e0 la port\u00e9e de tous","publisher":{"@id":"https:\/\/www.iemj.org\/de\/#organization"},"potentialAction":[{"@type":"SearchAction","target":{"@type":"EntryPoint","urlTemplate":"https:\/\/www.iemj.org\/de\/?s={search_term_string}"},"query-input":{"@type":"PropertyValueSpecification","valueRequired":true,"valueName":"search_term_string"}}],"inLanguage":"de"},{"@type":"Organization","@id":"https:\/\/www.iemj.org\/de\/#organization","name":"Institut Europ\u00e9en des Musiques Juives","url":"https:\/\/www.iemj.org\/de\/","logo":{"@type":"ImageObject","inLanguage":"de","@id":"https:\/\/www.iemj.org\/de\/#\/schema\/logo\/image\/","url":"https:\/\/www.iemj.org\/wp-content\/uploads\/2021\/09\/Logo-IEMJ-Paypal.jpg","contentUrl":"https:\/\/www.iemj.org\/wp-content\/uploads\/2021\/09\/Logo-IEMJ-Paypal.jpg","width":150,"height":50,"caption":"Institut Europ\u00e9en des Musiques Juives"},"image":{"@id":"https:\/\/www.iemj.org\/de\/#\/schema\/logo\/image\/"},"sameAs":["https:\/\/www.facebook.com\/MusiquesJuives\/","https:\/\/www.instagram.com\/musiquesjuives\/","https:\/\/www.youtube.com\/user\/musiquesjuives"]},{"@type":"Person","@id":"https:\/\/www.iemj.org\/de\/#\/schema\/person\/906134402c29d5c76e7b726261dd4bbd","name":"Herv\u00e9 Roten","image":{"@type":"ImageObject","inLanguage":"de","@id":"https:\/\/secure.gravatar.com\/avatar\/f96ad2db538a26481f18384936b5cd0610c92d390c4dc382209216d455f685ff?s=96&d=mm&r=g","url":"https:\/\/secure.gravatar.com\/avatar\/f96ad2db538a26481f18384936b5cd0610c92d390c4dc382209216d455f685ff?s=96&d=mm&r=g","contentUrl":"https:\/\/secure.gravatar.com\/avatar\/f96ad2db538a26481f18384936b5cd0610c92d390c4dc382209216d455f685ff?s=96&d=mm&r=g","caption":"Herv\u00e9 Roten"}}]}},"_links":{"self":[{"href":"https:\/\/www.iemj.org\/de\/wp-json\/wp\/v2\/posts\/97223","targetHints":{"allow":["GET"]}}],"collection":[{"href":"https:\/\/www.iemj.org\/de\/wp-json\/wp\/v2\/posts"}],"about":[{"href":"https:\/\/www.iemj.org\/de\/wp-json\/wp\/v2\/types\/post"}],"author":[{"embeddable":true,"href":"https:\/\/www.iemj.org\/de\/wp-json\/wp\/v2\/users\/1045"}],"replies":[{"embeddable":true,"href":"https:\/\/www.iemj.org\/de\/wp-json\/wp\/v2\/comments?post=97223"}],"version-history":[{"count":0,"href":"https:\/\/www.iemj.org\/de\/wp-json\/wp\/v2\/posts\/97223\/revisions"}],"wp:featuredmedia":[{"embeddable":true,"href":"https:\/\/www.iemj.org\/de\/wp-json\/wp\/v2\/media\/97224"}],"wp:attachment":[{"href":"https:\/\/www.iemj.org\/de\/wp-json\/wp\/v2\/media?parent=97223"}],"wp:term":[{"taxonomy":"category","embeddable":true,"href":"https:\/\/www.iemj.org\/de\/wp-json\/wp\/v2\/categories?post=97223"},{"taxonomy":"post_tag","embeddable":true,"href":"https:\/\/www.iemj.org\/de\/wp-json\/wp\/v2\/tags?post=97223"},{"taxonomy":"technique","embeddable":true,"href":"https:\/\/www.iemj.org\/de\/wp-json\/wp\/v2\/technique?post=97223"},{"taxonomy":"squelettes","embeddable":true,"href":"https:\/\/www.iemj.org\/de\/wp-json\/wp\/v2\/squelettes?post=97223"},{"taxonomy":"sujet","embeddable":true,"href":"https:\/\/www.iemj.org\/de\/wp-json\/wp\/v2\/sujet?post=97223"},{"taxonomy":"formation","embeddable":true,"href":"https:\/\/www.iemj.org\/de\/wp-json\/wp\/v2\/formation?post=97223"},{"taxonomy":"genre","embeddable":true,"href":"https:\/\/www.iemj.org\/de\/wp-json\/wp\/v2\/genre?post=97223"},{"taxonomy":"fonds","embeddable":true,"href":"https:\/\/www.iemj.org\/de\/wp-json\/wp\/v2\/fonds?post=97223"},{"taxonomy":"tradition","embeddable":true,"href":"https:\/\/www.iemj.org\/de\/wp-json\/wp\/v2\/tradition?post=97223"},{"taxonomy":"type-de-contenu","embeddable":true,"href":"https:\/\/www.iemj.org\/de\/wp-json\/wp\/v2\/type-de-contenu?post=97223"},{"taxonomy":"interprete-compositeur","embeddable":true,"href":"https:\/\/www.iemj.org\/de\/wp-json\/wp\/v2\/interprete-compositeur?post=97223"},{"taxonomy":"frise","embeddable":true,"href":"https:\/\/www.iemj.org\/de\/wp-json\/wp\/v2\/frise?post=97223"},{"taxonomy":"type-devenement","embeddable":true,"href":"https:\/\/www.iemj.org\/de\/wp-json\/wp\/v2\/type-devenement?post=97223"},{"taxonomy":"tableaux-liens-externes","embeddable":true,"href":"https:\/\/www.iemj.org\/de\/wp-json\/wp\/v2\/tableaux-liens-externes?post=97223"}],"curies":[{"name":"wp","href":"https:\/\/api.w.org\/{rel}","templated":true}]}}