{"id":97241,"date":"2018-04-17T10:46:42","date_gmt":"2018-04-17T08:46:42","guid":{"rendered":"https:\/\/www.iemj.org\/conference-hatikva-odyssee-lyrique-histoire-et-origine-de-lhymne-national-israelien\/"},"modified":"2023-05-25T10:22:28","modified_gmt":"2023-05-25T08:22:28","slug":"conference-hatikva-odyssee-lyrique-histoire-et-origine-de-lhymne-national-israelien","status":"publish","type":"post","link":"https:\/\/www.iemj.org\/de\/conference-hatikva-odyssee-lyrique-histoire-et-origine-de-lhymne-national-israelien\/","title":{"rendered":"Konferenz HATIKVA &#8211; Lyrische Odyssee, Geschichte und Ursprung der israelischen Nationalhymne"},"content":{"rendered":"<p>Mit Hilfe von Musik, Fotografien und Videos erz\u00e4hlt uns Th\u00e9a Herz die unglaubliche Odyssee dieses Liedes, das zum Tr\u00e4ger des zionistischen Credos werden sollte.<\/p>\n<p>Obwohl der Autor der Verse der Hatikva bekannt ist (Naftali H. Imber, 1856 in Galizien geboren), ist der Ursprung ihrer Melodie unendlich r\u00e4tselhafter. Sie wird oft dem tschechischen Komponisten Smetana (1824-1884) zugeschrieben, der sie in seiner symphonischen Dichtung Die Moldau verwendet. Thea Herz zeigt uns anhand von Klangbeweisen, dass diese Melodie seit \u00fcber 500 Jahren in Umlauf ist. Teile der Melodie finden sich in mehreren Kirchen-, Synagogen- oder Hofmelodien aus verschiedenen L\u00e4ndern: Italien, Frankreich, der Schweiz oder in der Volksmusik Osteuropas.<\/p>\n<p>Dieser hervorragend orchestrierte audio-visuelle Vortrag endet mit einigen der denkw\u00fcrdigsten Interpretationen der israelischen Nationalhymne.<\/p>\n<p><em> <strong>Th\u00e9a Herz<\/strong> ist in Israel aufgewachsen. Durch ihre Mutter, eine Musikwissenschaftlerin und Musikkritikerin mehrerer israelischer Tageszeitungen, wurde sie f\u00fcr Musik sensibilisiert und mit hebr\u00e4ischer Literatur und Liedern vertraut gemacht. Seit einigen Jahren verbindet sie ihre Ausbildung als Universit\u00e4tsforscherin (MBA an der Universit\u00e4t Tel Aviv und Doktorat in Psychologie an der Universit\u00e4t Paris V) mit israelischen Musikthemen. Sie hat daher Arbeiten von Musikethnologen und Historikern konsultiert und Archivmaterial gesammelt, um sie zusammenzustellen und dem franz\u00f6sischsprachigen Publikum auf benutzerfreundliche Weise zu pr\u00e4sentieren.<\/em><\/p>\n<p>Kostenbeteiligung: 5 \u20ac<\/p>\n<p><a href=\"http:\/\/www.festivaldesculturesjuives.org\/billetterie-en-ligne\/\">Buchen Sie Ihren Platz<\/a><br \/>\n<a href=\"http:\/\/www.festivaldesculturesjuives.org\/\">Website des Festivals der j\u00fcdischen Kulturen<\/a><\/p>\n<p><a href=\"https:\/\/www.iemj.org\/de\/histoire-de-la-hatikva-lhymne-national-israelien\/\">Die Radiosendung des IEMJ und Thea Herz \u00fcber die Hatikva anh\u00f6ren<\/a><\/p>\n","protected":false},"excerpt":{"rendered":"<p>Mit Hilfe von Musik, Fotografien und Videos erz\u00e4hlt uns Th\u00e9a Herz die unglaubliche Odyssee dieses Liedes, das zum Tr\u00e4ger des zionistischen Credos werden sollte. Obwohl der Autor der Verse der<\/p>\n","protected":false},"author":5,"featured_media":97242,"comment_status":"closed","ping_status":"open","sticky":false,"template":"","format":"standard","meta":{"_acf_changed":false,"footnotes":""},"categories":[1382,1370],"tags":[2225],"technique":[],"squelettes":[],"sujet":[],"formation":[],"genre":[],"fonds":[],"tradition":[],"type-de-contenu":[],"interprete-compositeur":[],"frise":[],"type-devenement":[],"tableaux-liens-externes":[],"class_list":["post-97241","post","type-post","status-publish","format-standard","has-post-thumbnail","hentry","category-kurse-konferenzen-de","category-veranstaltungen-de","tag-veranstaltungen-iemj-de"],"acf":[],"yoast_head":"<!-- This site is optimized with the Yoast SEO plugin v27.3 - https:\/\/yoast.com\/product\/yoast-seo-wordpress\/ -->\n<title>Konferenz HATIKVA - Lyrische Odyssee, Geschichte und Ursprung der israelischen Nationalhymne - Institut Europ\u00e9en des Musiques Juives<\/title>\n<meta name=\"robots\" content=\"noindex, follow\" \/>\n<meta property=\"og:locale\" content=\"de_DE\" \/>\n<meta property=\"og:type\" content=\"article\" \/>\n<meta property=\"og:title\" content=\"Konferenz HATIKVA - Lyrische Odyssee, Geschichte und Ursprung der israelischen Nationalhymne - Institut Europ\u00e9en des Musiques Juives\" \/>\n<meta property=\"og:description\" content=\"Mit Hilfe von Musik, Fotografien und Videos erz\u00e4hlt uns Th\u00e9a Herz die unglaubliche Odyssee dieses Liedes, das zum Tr\u00e4ger des zionistischen Credos werden sollte. Obwohl der Autor der Verse der\" \/>\n<meta property=\"og:url\" content=\"https:\/\/www.iemj.org\/de\/conference-hatikva-odyssee-lyrique-histoire-et-origine-de-lhymne-national-israelien\/\" \/>\n<meta property=\"og:site_name\" content=\"Institut Europ\u00e9en des Musiques Juives\" \/>\n<meta property=\"article:publisher\" content=\"https:\/\/www.facebook.com\/MusiquesJuives\/\" \/>\n<meta property=\"article:published_time\" content=\"2018-04-17T08:46:42+00:00\" \/>\n<meta property=\"article:modified_time\" content=\"2023-05-25T08:22:28+00:00\" \/>\n<meta property=\"og:image\" content=\"https:\/\/www.iemj.org\/wp-content\/uploads\/2018\/04\/arton3338.jpg\" \/>\n\t<meta property=\"og:image:width\" content=\"303\" \/>\n\t<meta property=\"og:image:height\" content=\"448\" \/>\n\t<meta property=\"og:image:type\" content=\"image\/jpeg\" \/>\n<meta name=\"author\" content=\"Jacqueline ROTEN\" \/>\n<meta name=\"twitter:card\" content=\"summary_large_image\" \/>\n<meta name=\"twitter:label1\" content=\"Verfasst von\" \/>\n\t<meta name=\"twitter:data1\" content=\"Jacqueline ROTEN\" \/>\n\t<meta name=\"twitter:label2\" content=\"Gesch\u00e4tzte Lesezeit\" \/>\n\t<meta name=\"twitter:data2\" content=\"2\u00a0Minuten\" \/>\n<script type=\"application\/ld+json\" class=\"yoast-schema-graph\">{\"@context\":\"https:\\\/\\\/schema.org\",\"@graph\":[{\"@type\":\"Article\",\"@id\":\"https:\\\/\\\/www.iemj.org\\\/de\\\/conference-hatikva-odyssee-lyrique-histoire-et-origine-de-lhymne-national-israelien\\\/#article\",\"isPartOf\":{\"@id\":\"https:\\\/\\\/www.iemj.org\\\/de\\\/conference-hatikva-odyssee-lyrique-histoire-et-origine-de-lhymne-national-israelien\\\/\"},\"author\":{\"name\":\"Jacqueline ROTEN\",\"@id\":\"https:\\\/\\\/www.iemj.org\\\/de\\\/#\\\/schema\\\/person\\\/358e26c18aca017fcc4cc15437f7279c\"},\"headline\":\"Konferenz HATIKVA &#8211; Lyrische Odyssee, Geschichte und Ursprung der israelischen Nationalhymne\",\"datePublished\":\"2018-04-17T08:46:42+00:00\",\"dateModified\":\"2023-05-25T08:22:28+00:00\",\"mainEntityOfPage\":{\"@id\":\"https:\\\/\\\/www.iemj.org\\\/de\\\/conference-hatikva-odyssee-lyrique-histoire-et-origine-de-lhymne-national-israelien\\\/\"},\"wordCount\":246,\"publisher\":{\"@id\":\"https:\\\/\\\/www.iemj.org\\\/de\\\/#organization\"},\"image\":{\"@id\":\"https:\\\/\\\/www.iemj.org\\\/de\\\/conference-hatikva-odyssee-lyrique-histoire-et-origine-de-lhymne-national-israelien\\\/#primaryimage\"},\"thumbnailUrl\":\"https:\\\/\\\/www.iemj.org\\\/wp-content\\\/uploads\\\/2018\\\/04\\\/arton3338.jpg\",\"keywords\":[\"Veranstaltungen IEMJ\"],\"articleSection\":[\"Kurse \\\/ Konferenzen\",\"Veranstaltungen\"],\"inLanguage\":\"de\"},{\"@type\":\"WebPage\",\"@id\":\"https:\\\/\\\/www.iemj.org\\\/de\\\/conference-hatikva-odyssee-lyrique-histoire-et-origine-de-lhymne-national-israelien\\\/\",\"url\":\"https:\\\/\\\/www.iemj.org\\\/de\\\/conference-hatikva-odyssee-lyrique-histoire-et-origine-de-lhymne-national-israelien\\\/\",\"name\":\"Konferenz HATIKVA - Lyrische Odyssee, Geschichte und Ursprung der israelischen Nationalhymne - Institut Europ\u00e9en des Musiques Juives\",\"isPartOf\":{\"@id\":\"https:\\\/\\\/www.iemj.org\\\/de\\\/#website\"},\"primaryImageOfPage\":{\"@id\":\"https:\\\/\\\/www.iemj.org\\\/de\\\/conference-hatikva-odyssee-lyrique-histoire-et-origine-de-lhymne-national-israelien\\\/#primaryimage\"},\"image\":{\"@id\":\"https:\\\/\\\/www.iemj.org\\\/de\\\/conference-hatikva-odyssee-lyrique-histoire-et-origine-de-lhymne-national-israelien\\\/#primaryimage\"},\"thumbnailUrl\":\"https:\\\/\\\/www.iemj.org\\\/wp-content\\\/uploads\\\/2018\\\/04\\\/arton3338.jpg\",\"datePublished\":\"2018-04-17T08:46:42+00:00\",\"dateModified\":\"2023-05-25T08:22:28+00:00\",\"breadcrumb\":{\"@id\":\"https:\\\/\\\/www.iemj.org\\\/de\\\/conference-hatikva-odyssee-lyrique-histoire-et-origine-de-lhymne-national-israelien\\\/#breadcrumb\"},\"inLanguage\":\"de\",\"potentialAction\":[{\"@type\":\"ReadAction\",\"target\":[\"https:\\\/\\\/www.iemj.org\\\/de\\\/conference-hatikva-odyssee-lyrique-histoire-et-origine-de-lhymne-national-israelien\\\/\"]}]},{\"@type\":\"ImageObject\",\"inLanguage\":\"de\",\"@id\":\"https:\\\/\\\/www.iemj.org\\\/de\\\/conference-hatikva-odyssee-lyrique-histoire-et-origine-de-lhymne-national-israelien\\\/#primaryimage\",\"url\":\"https:\\\/\\\/www.iemj.org\\\/wp-content\\\/uploads\\\/2018\\\/04\\\/arton3338.jpg\",\"contentUrl\":\"https:\\\/\\\/www.iemj.org\\\/wp-content\\\/uploads\\\/2018\\\/04\\\/arton3338.jpg\",\"width\":303,\"height\":448},{\"@type\":\"BreadcrumbList\",\"@id\":\"https:\\\/\\\/www.iemj.org\\\/de\\\/conference-hatikva-odyssee-lyrique-histoire-et-origine-de-lhymne-national-israelien\\\/#breadcrumb\",\"itemListElement\":[{\"@type\":\"ListItem\",\"position\":1,\"name\":\"Accueil\",\"item\":\"https:\\\/\\\/www.iemj.org\\\/de\\\/\"},{\"@type\":\"ListItem\",\"position\":2,\"name\":\"Konferenz HATIKVA &#8211; Lyrische Odyssee, Geschichte und Ursprung der israelischen Nationalhymne\"}]},{\"@type\":\"WebSite\",\"@id\":\"https:\\\/\\\/www.iemj.org\\\/de\\\/#website\",\"url\":\"https:\\\/\\\/www.iemj.org\\\/de\\\/\",\"name\":\"Institut Europ\u00e9en des Musiques Juives\",\"description\":\"Des traditions musicales \u00e0 la port\u00e9e de tous\",\"publisher\":{\"@id\":\"https:\\\/\\\/www.iemj.org\\\/de\\\/#organization\"},\"potentialAction\":[{\"@type\":\"SearchAction\",\"target\":{\"@type\":\"EntryPoint\",\"urlTemplate\":\"https:\\\/\\\/www.iemj.org\\\/de\\\/?s={search_term_string}\"},\"query-input\":{\"@type\":\"PropertyValueSpecification\",\"valueRequired\":true,\"valueName\":\"search_term_string\"}}],\"inLanguage\":\"de\"},{\"@type\":\"Organization\",\"@id\":\"https:\\\/\\\/www.iemj.org\\\/de\\\/#organization\",\"name\":\"Institut Europ\u00e9en des Musiques Juives\",\"url\":\"https:\\\/\\\/www.iemj.org\\\/de\\\/\",\"logo\":{\"@type\":\"ImageObject\",\"inLanguage\":\"de\",\"@id\":\"https:\\\/\\\/www.iemj.org\\\/de\\\/#\\\/schema\\\/logo\\\/image\\\/\",\"url\":\"https:\\\/\\\/www.iemj.org\\\/wp-content\\\/uploads\\\/2021\\\/09\\\/Logo-IEMJ-Paypal.jpg\",\"contentUrl\":\"https:\\\/\\\/www.iemj.org\\\/wp-content\\\/uploads\\\/2021\\\/09\\\/Logo-IEMJ-Paypal.jpg\",\"width\":150,\"height\":50,\"caption\":\"Institut Europ\u00e9en des Musiques Juives\"},\"image\":{\"@id\":\"https:\\\/\\\/www.iemj.org\\\/de\\\/#\\\/schema\\\/logo\\\/image\\\/\"},\"sameAs\":[\"https:\\\/\\\/www.facebook.com\\\/MusiquesJuives\\\/\",\"https:\\\/\\\/www.instagram.com\\\/musiquesjuives\\\/\",\"https:\\\/\\\/www.youtube.com\\\/user\\\/musiquesjuives\"]},{\"@type\":\"Person\",\"@id\":\"https:\\\/\\\/www.iemj.org\\\/de\\\/#\\\/schema\\\/person\\\/358e26c18aca017fcc4cc15437f7279c\",\"name\":\"Jacqueline ROTEN\",\"image\":{\"@type\":\"ImageObject\",\"inLanguage\":\"de\",\"@id\":\"https:\\\/\\\/secure.gravatar.com\\\/avatar\\\/5964256d6c6957de3a3505278957e0fb2a35119ac47ea41827a65301213c810b?s=96&d=mm&r=g\",\"url\":\"https:\\\/\\\/secure.gravatar.com\\\/avatar\\\/5964256d6c6957de3a3505278957e0fb2a35119ac47ea41827a65301213c810b?s=96&d=mm&r=g\",\"contentUrl\":\"https:\\\/\\\/secure.gravatar.com\\\/avatar\\\/5964256d6c6957de3a3505278957e0fb2a35119ac47ea41827a65301213c810b?s=96&d=mm&r=g\",\"caption\":\"Jacqueline ROTEN\"}}]}<\/script>\n<!-- \/ Yoast SEO plugin. -->","yoast_head_json":{"title":"Konferenz HATIKVA - Lyrische Odyssee, Geschichte und Ursprung der israelischen Nationalhymne - Institut Europ\u00e9en des Musiques Juives","robots":{"index":"noindex","follow":"follow"},"og_locale":"de_DE","og_type":"article","og_title":"Konferenz HATIKVA - Lyrische Odyssee, Geschichte und Ursprung der israelischen Nationalhymne - Institut Europ\u00e9en des Musiques Juives","og_description":"Mit Hilfe von Musik, Fotografien und Videos erz\u00e4hlt uns Th\u00e9a Herz die unglaubliche Odyssee dieses Liedes, das zum Tr\u00e4ger des zionistischen Credos werden sollte. Obwohl der Autor der Verse der","og_url":"https:\/\/www.iemj.org\/de\/conference-hatikva-odyssee-lyrique-histoire-et-origine-de-lhymne-national-israelien\/","og_site_name":"Institut Europ\u00e9en des Musiques Juives","article_publisher":"https:\/\/www.facebook.com\/MusiquesJuives\/","article_published_time":"2018-04-17T08:46:42+00:00","article_modified_time":"2023-05-25T08:22:28+00:00","og_image":[{"width":303,"height":448,"url":"https:\/\/www.iemj.org\/wp-content\/uploads\/2018\/04\/arton3338.jpg","type":"image\/jpeg"}],"author":"Jacqueline ROTEN","twitter_card":"summary_large_image","twitter_misc":{"Verfasst von":"Jacqueline ROTEN","Gesch\u00e4tzte Lesezeit":"2\u00a0Minuten"},"schema":{"@context":"https:\/\/schema.org","@graph":[{"@type":"Article","@id":"https:\/\/www.iemj.org\/de\/conference-hatikva-odyssee-lyrique-histoire-et-origine-de-lhymne-national-israelien\/#article","isPartOf":{"@id":"https:\/\/www.iemj.org\/de\/conference-hatikva-odyssee-lyrique-histoire-et-origine-de-lhymne-national-israelien\/"},"author":{"name":"Jacqueline ROTEN","@id":"https:\/\/www.iemj.org\/de\/#\/schema\/person\/358e26c18aca017fcc4cc15437f7279c"},"headline":"Konferenz HATIKVA &#8211; Lyrische Odyssee, Geschichte und Ursprung der israelischen Nationalhymne","datePublished":"2018-04-17T08:46:42+00:00","dateModified":"2023-05-25T08:22:28+00:00","mainEntityOfPage":{"@id":"https:\/\/www.iemj.org\/de\/conference-hatikva-odyssee-lyrique-histoire-et-origine-de-lhymne-national-israelien\/"},"wordCount":246,"publisher":{"@id":"https:\/\/www.iemj.org\/de\/#organization"},"image":{"@id":"https:\/\/www.iemj.org\/de\/conference-hatikva-odyssee-lyrique-histoire-et-origine-de-lhymne-national-israelien\/#primaryimage"},"thumbnailUrl":"https:\/\/www.iemj.org\/wp-content\/uploads\/2018\/04\/arton3338.jpg","keywords":["Veranstaltungen IEMJ"],"articleSection":["Kurse \/ Konferenzen","Veranstaltungen"],"inLanguage":"de"},{"@type":"WebPage","@id":"https:\/\/www.iemj.org\/de\/conference-hatikva-odyssee-lyrique-histoire-et-origine-de-lhymne-national-israelien\/","url":"https:\/\/www.iemj.org\/de\/conference-hatikva-odyssee-lyrique-histoire-et-origine-de-lhymne-national-israelien\/","name":"Konferenz HATIKVA - Lyrische Odyssee, Geschichte und Ursprung der israelischen Nationalhymne - Institut Europ\u00e9en des Musiques Juives","isPartOf":{"@id":"https:\/\/www.iemj.org\/de\/#website"},"primaryImageOfPage":{"@id":"https:\/\/www.iemj.org\/de\/conference-hatikva-odyssee-lyrique-histoire-et-origine-de-lhymne-national-israelien\/#primaryimage"},"image":{"@id":"https:\/\/www.iemj.org\/de\/conference-hatikva-odyssee-lyrique-histoire-et-origine-de-lhymne-national-israelien\/#primaryimage"},"thumbnailUrl":"https:\/\/www.iemj.org\/wp-content\/uploads\/2018\/04\/arton3338.jpg","datePublished":"2018-04-17T08:46:42+00:00","dateModified":"2023-05-25T08:22:28+00:00","breadcrumb":{"@id":"https:\/\/www.iemj.org\/de\/conference-hatikva-odyssee-lyrique-histoire-et-origine-de-lhymne-national-israelien\/#breadcrumb"},"inLanguage":"de","potentialAction":[{"@type":"ReadAction","target":["https:\/\/www.iemj.org\/de\/conference-hatikva-odyssee-lyrique-histoire-et-origine-de-lhymne-national-israelien\/"]}]},{"@type":"ImageObject","inLanguage":"de","@id":"https:\/\/www.iemj.org\/de\/conference-hatikva-odyssee-lyrique-histoire-et-origine-de-lhymne-national-israelien\/#primaryimage","url":"https:\/\/www.iemj.org\/wp-content\/uploads\/2018\/04\/arton3338.jpg","contentUrl":"https:\/\/www.iemj.org\/wp-content\/uploads\/2018\/04\/arton3338.jpg","width":303,"height":448},{"@type":"BreadcrumbList","@id":"https:\/\/www.iemj.org\/de\/conference-hatikva-odyssee-lyrique-histoire-et-origine-de-lhymne-national-israelien\/#breadcrumb","itemListElement":[{"@type":"ListItem","position":1,"name":"Accueil","item":"https:\/\/www.iemj.org\/de\/"},{"@type":"ListItem","position":2,"name":"Konferenz HATIKVA &#8211; Lyrische Odyssee, Geschichte und Ursprung der israelischen Nationalhymne"}]},{"@type":"WebSite","@id":"https:\/\/www.iemj.org\/de\/#website","url":"https:\/\/www.iemj.org\/de\/","name":"Institut Europ\u00e9en des Musiques Juives","description":"Des traditions musicales \u00e0 la port\u00e9e de tous","publisher":{"@id":"https:\/\/www.iemj.org\/de\/#organization"},"potentialAction":[{"@type":"SearchAction","target":{"@type":"EntryPoint","urlTemplate":"https:\/\/www.iemj.org\/de\/?s={search_term_string}"},"query-input":{"@type":"PropertyValueSpecification","valueRequired":true,"valueName":"search_term_string"}}],"inLanguage":"de"},{"@type":"Organization","@id":"https:\/\/www.iemj.org\/de\/#organization","name":"Institut Europ\u00e9en des Musiques Juives","url":"https:\/\/www.iemj.org\/de\/","logo":{"@type":"ImageObject","inLanguage":"de","@id":"https:\/\/www.iemj.org\/de\/#\/schema\/logo\/image\/","url":"https:\/\/www.iemj.org\/wp-content\/uploads\/2021\/09\/Logo-IEMJ-Paypal.jpg","contentUrl":"https:\/\/www.iemj.org\/wp-content\/uploads\/2021\/09\/Logo-IEMJ-Paypal.jpg","width":150,"height":50,"caption":"Institut Europ\u00e9en des Musiques Juives"},"image":{"@id":"https:\/\/www.iemj.org\/de\/#\/schema\/logo\/image\/"},"sameAs":["https:\/\/www.facebook.com\/MusiquesJuives\/","https:\/\/www.instagram.com\/musiquesjuives\/","https:\/\/www.youtube.com\/user\/musiquesjuives"]},{"@type":"Person","@id":"https:\/\/www.iemj.org\/de\/#\/schema\/person\/358e26c18aca017fcc4cc15437f7279c","name":"Jacqueline ROTEN","image":{"@type":"ImageObject","inLanguage":"de","@id":"https:\/\/secure.gravatar.com\/avatar\/5964256d6c6957de3a3505278957e0fb2a35119ac47ea41827a65301213c810b?s=96&d=mm&r=g","url":"https:\/\/secure.gravatar.com\/avatar\/5964256d6c6957de3a3505278957e0fb2a35119ac47ea41827a65301213c810b?s=96&d=mm&r=g","contentUrl":"https:\/\/secure.gravatar.com\/avatar\/5964256d6c6957de3a3505278957e0fb2a35119ac47ea41827a65301213c810b?s=96&d=mm&r=g","caption":"Jacqueline ROTEN"}}]}},"_links":{"self":[{"href":"https:\/\/www.iemj.org\/de\/wp-json\/wp\/v2\/posts\/97241","targetHints":{"allow":["GET"]}}],"collection":[{"href":"https:\/\/www.iemj.org\/de\/wp-json\/wp\/v2\/posts"}],"about":[{"href":"https:\/\/www.iemj.org\/de\/wp-json\/wp\/v2\/types\/post"}],"author":[{"embeddable":true,"href":"https:\/\/www.iemj.org\/de\/wp-json\/wp\/v2\/users\/5"}],"replies":[{"embeddable":true,"href":"https:\/\/www.iemj.org\/de\/wp-json\/wp\/v2\/comments?post=97241"}],"version-history":[{"count":0,"href":"https:\/\/www.iemj.org\/de\/wp-json\/wp\/v2\/posts\/97241\/revisions"}],"wp:featuredmedia":[{"embeddable":true,"href":"https:\/\/www.iemj.org\/de\/wp-json\/wp\/v2\/media\/97242"}],"wp:attachment":[{"href":"https:\/\/www.iemj.org\/de\/wp-json\/wp\/v2\/media?parent=97241"}],"wp:term":[{"taxonomy":"category","embeddable":true,"href":"https:\/\/www.iemj.org\/de\/wp-json\/wp\/v2\/categories?post=97241"},{"taxonomy":"post_tag","embeddable":true,"href":"https:\/\/www.iemj.org\/de\/wp-json\/wp\/v2\/tags?post=97241"},{"taxonomy":"technique","embeddable":true,"href":"https:\/\/www.iemj.org\/de\/wp-json\/wp\/v2\/technique?post=97241"},{"taxonomy":"squelettes","embeddable":true,"href":"https:\/\/www.iemj.org\/de\/wp-json\/wp\/v2\/squelettes?post=97241"},{"taxonomy":"sujet","embeddable":true,"href":"https:\/\/www.iemj.org\/de\/wp-json\/wp\/v2\/sujet?post=97241"},{"taxonomy":"formation","embeddable":true,"href":"https:\/\/www.iemj.org\/de\/wp-json\/wp\/v2\/formation?post=97241"},{"taxonomy":"genre","embeddable":true,"href":"https:\/\/www.iemj.org\/de\/wp-json\/wp\/v2\/genre?post=97241"},{"taxonomy":"fonds","embeddable":true,"href":"https:\/\/www.iemj.org\/de\/wp-json\/wp\/v2\/fonds?post=97241"},{"taxonomy":"tradition","embeddable":true,"href":"https:\/\/www.iemj.org\/de\/wp-json\/wp\/v2\/tradition?post=97241"},{"taxonomy":"type-de-contenu","embeddable":true,"href":"https:\/\/www.iemj.org\/de\/wp-json\/wp\/v2\/type-de-contenu?post=97241"},{"taxonomy":"interprete-compositeur","embeddable":true,"href":"https:\/\/www.iemj.org\/de\/wp-json\/wp\/v2\/interprete-compositeur?post=97241"},{"taxonomy":"frise","embeddable":true,"href":"https:\/\/www.iemj.org\/de\/wp-json\/wp\/v2\/frise?post=97241"},{"taxonomy":"type-devenement","embeddable":true,"href":"https:\/\/www.iemj.org\/de\/wp-json\/wp\/v2\/type-devenement?post=97241"},{"taxonomy":"tableaux-liens-externes","embeddable":true,"href":"https:\/\/www.iemj.org\/de\/wp-json\/wp\/v2\/tableaux-liens-externes?post=97241"}],"curies":[{"name":"wp","href":"https:\/\/api.w.org\/{rel}","templated":true}]}}