{"id":97290,"date":"2016-03-29T17:02:49","date_gmt":"2016-03-29T15:02:49","guid":{"rendered":"https:\/\/www.iemj.org\/les-publications-de-la-societe-armin-berg\/"},"modified":"2025-10-16T18:19:53","modified_gmt":"2025-10-16T16:19:53","slug":"les-publications-de-la-societe-armin-berg","status":"publish","type":"post","link":"https:\/\/www.iemj.org\/de\/les-publications-de-la-societe-armin-berg\/","title":{"rendered":"DIE PUBLIKATIONEN DER ARMIN BERG GESELLSCHAFT"},"content":{"rendered":"<p>Die Armin Berg Gesellschaft wurde 2003 gegr\u00fcndet und hat ihren Sitz in Wien, \u00d6sterreich. Ihr Ziel ist die Erforschung j\u00fcdischer Unterhaltungsshows aus der Vorkriegszeit und deren Wiedergabe durch darstellende K\u00fcnste.<\/p>\n<p>Diese Forschung hat zur Ver\u00f6ffentlichung mehrerer B\u00fccher sowie zu Theaterauff\u00fchrungen gef\u00fchrt. Denn bis 1938 florierten j\u00fcdische Unterhaltungsshows &#8211; vor allem in \u00d6sterreich &#8211; und waren nicht nur einem kleinen Milieu vorbehalten, sondern standen einem breiteren Publikum offen.<\/p>\n<p>Indem die Armin Berg Gesellschaft diese Auff\u00fchrungen wiederbelebt, l\u00e4sst sie diesen fast in Vergessenheit geratenen Theater- und Unterhaltungsstil wieder aufleben. In der Vorkriegszeit war eine Vielzahl kleiner B\u00fchnen in den deutschsprachigen L\u00e4ndern von diesen j\u00fcdischen K\u00fcnstlern, Musikern, Autoren und Komponisten abh\u00e4ngig.<\/p>\n<p><img fetchpriority=\"high\" decoding=\"async\" class=\" wp-image-9864 alignleft\" src=\"https:\/\/www.iemj.org\/wp-content\/uploads\/2016\/03\/budap3-2.jpg\" alt=\"budap3-2.jpg\" width=\"250\" height=\"350\" align=\"right\" srcset=\"https:\/\/www.iemj.org\/wp-content\/uploads\/2016\/03\/budap3-2.jpg 340w, https:\/\/www.iemj.org\/wp-content\/uploads\/2016\/03\/budap3-2-215x300.jpg 215w\" sizes=\"(max-width: 250px) 100vw, 250px\" \/><\/p>\n<p>Viele Texte, Kompositionen und St\u00fccke haben in Archiven, Museen, Buchhandlungen und Privatsammlungen \u00fcberlebt.<\/p>\n<p>Die Melodien einiger K\u00fcnstler wie Walter Jurman sind immer noch im kollektiven Ged\u00e4chtnis, aber ihr Leben bleibt unbekannt. Die von der Armin Berg Gesellschaft durchgef\u00fchrte Forschungsarbeit erm\u00f6glicht es daher, die Werke dieser j\u00fcdischen K\u00fcnstler in den gr\u00f6\u00dferen Kontext der k\u00fcnstlerischen Produktion der damaligen Zeit zu stellen.<\/p>\n<p>Der 2009 gegr\u00fcndete Verlag Armin Berg hat mehrere B\u00fccher in deutscher Sprache zu diesem Thema ver\u00f6ffentlicht, die nun Teil der Sammlungen des IEMJ sind, wie z.B. :<\/p>\n<p><strong><img decoding=\"async\" class=\" alignright  wp-image-9860\" src=\"https:\/\/www.iemj.org\/wp-content\/uploads\/2016\/03\/judisches_kabaret2_couv.jpg\" alt=\"judisches_kabaret2_couv.jpg\" width=\"240\" height=\"360\" align=\"right\" srcset=\"https:\/\/www.iemj.org\/wp-content\/uploads\/2016\/03\/judisches_kabaret2_couv.jpg 262w, https:\/\/www.iemj.org\/wp-content\/uploads\/2016\/03\/judisches_kabaret2_couv-199x300.jpg 199w\" sizes=\"(max-width: 240px) 100vw, 240px\" \/>J\u00fcdisches Kabarett in Wien 1889 &#8211; 2009<\/strong><\/p>\n<p>In Wien hatten die Juden, die mit einem latenten Antisemitismus zu k\u00e4mpfen hatten, im Kabarett einen Freiraum gefunden, in dem sie ihre Kreativit\u00e4t ausleben konnten. J\u00fcdische und nicht-j\u00fcdische K\u00fcnstler und Intellektuelle trafen sich hier, um den qualitativ hochwertigen Auff\u00fchrungen beizuwohnen.<\/p>\n<p>Dieses Sammelwerk widmet sich der Geschichte dieser j\u00fcdischen Kabaretts in Wien: von den Gastgebern \u00fcber K\u00fcnstlerbiografien bis hin zu den Geschichten einzelner Lokale sowie dem &#8222;Exilkabarett&#8220;&#8230;<\/p>\n<p><strong><img decoding=\"async\" class=\" alignleft  wp-image-9858\" src=\"https:\/\/www.iemj.org\/wp-content\/uploads\/2016\/03\/ich_glaub.jpg\" alt=\"ich_glaub.jpg\" width=\"296\" height=\"413\" align=\"left\" srcset=\"https:\/\/www.iemj.org\/wp-content\/uploads\/2016\/03\/ich_glaub.jpg 321w, https:\/\/www.iemj.org\/wp-content\/uploads\/2016\/03\/ich_glaub-215x300.jpg 215w\" sizes=\"(max-width: 296px) 100vw, 296px\" \/>&#8222;Ich glaub&#8216; ich bin nicht ganz normal&#8220;<\/strong><\/p>\n<p>Armin Berg, der legend\u00e4re \u00f6sterreichische Unterhaltungsk\u00fcnstler, trat von 1900 bis 1938 in den ber\u00fchmten Kabaretts und Shows in Wien auf. Er war Komiker, S\u00e4nger und Filmschauspieler zugleich. Sein Stil verband alte Wiener Volkslieder mit j\u00fcdischem Humor in kom\u00f6diantisch-grotesken Texten, in denen sich die guten und schlechten Seiten seiner Zeit widerspiegelten.<\/p>\n<p>Einige seiner Lieder sind unter den \u00d6sterreichern noch heute bekannt. Nach einer akribischen Recherche fand der Autor Simon Usaty zahlreiche Anekdoten \u00fcber das bewegte Leben von Armin Berg (1883-1956). Er beschreibt die bemerkenswerte Karriere dieses vom Wiener Publikum 30 Jahre lang verehrten K\u00fcnstlers, bevor er 1938 ins Exil nach New York ging.<\/p>\n<p><strong><img loading=\"lazy\" decoding=\"async\" class=\"wp-image-9862 alignright\" src=\"https:\/\/www.iemj.org\/wp-content\/uploads\/2016\/03\/cover_swing.jpg\" alt=\"cover_swing.jpg\" width=\"197\" height=\"357\" align=\"left\" srcset=\"https:\/\/www.iemj.org\/wp-content\/uploads\/2016\/03\/cover_swing.jpg 247w, https:\/\/www.iemj.org\/wp-content\/uploads\/2016\/03\/cover_swing-165x300.jpg 165w\" sizes=\"(max-width: 197px) 100vw, 197px\" \/>Swing tanzen verboten<\/strong><br \/>Unterhaltungsmusik nach 1933, zwischen Widerstand, Propaganda und Deportation.<\/p>\n<p>Die S\u00e4nger, Schauspieler, Schriftsteller und Komponisten in Wien und Berlin waren sehr beliebt und wurden gefeiert. Sie beeinflussten sich gegenseitig, was die Schaffung bemerkenswerter Werke (Lieder, Texte, Operetten&#8230;) erm\u00f6glichte, die oft melancholisch, aber immer unterhaltsam waren.<\/p>\n<p>Dieses Buch ist dem Andenken an diese K\u00fcnstler gewidmet, von denen viele von den Nazis vernichtet wurden.<\/p>\n<p><a href=\"https:\/\/arminberg.at\/\" target=\"_blank\" rel=\"noopener\"><br \/><\/a><a href=\"http:\/\/arminberg.at\/verlag.html\">Mehr erfahren<\/a><br \/><a href=\"http:\/\/www.arminberg.at\/verlag.html\">Die B\u00fccher bestellen<\/a><\/p>\n<p><img loading=\"lazy\" decoding=\"async\" class=\"wp-image-110606 aligncenter\" src=\"https:\/\/www.iemj.org\/wp-content\/uploads\/2024\/03\/AUDIO-PLAYER-300x39.png\" alt=\"\" width=\"900\" height=\"117\" srcset=\"https:\/\/www.iemj.org\/wp-content\/uploads\/2024\/03\/AUDIO-PLAYER-300x39.png 300w, https:\/\/www.iemj.org\/wp-content\/uploads\/2024\/03\/AUDIO-PLAYER-1024x133.png 1024w, https:\/\/www.iemj.org\/wp-content\/uploads\/2024\/03\/AUDIO-PLAYER-768x100.png 768w, https:\/\/www.iemj.org\/wp-content\/uploads\/2024\/03\/AUDIO-PLAYER-600x78.png 600w, https:\/\/www.iemj.org\/wp-content\/uploads\/2024\/03\/AUDIO-PLAYER.png 1210w\" sizes=\"(max-width: 900px) 100vw, 900px\" \/><\/p>\n<p><strong>H\u00f6ren Sie unten auf der Seite zwei von Armin Berg interpretierte Lieder von einer 78er-Platte aus den Sammlungen des IEMJ.<\/strong><\/p>\n\n\n<div class=\"wp-block-file\"><a id=\"wp-block-file--media-34bceafc-238f-4ad8-b631-8c7af3110c0d\" href=\"https:\/\/www.iemj.org\/wp-content\/uploads\/2016\/03\/armin_berg_1.mp3\">Wie gef\u00e4llt Ihnen das?<\/a><\/div>\n\n\n\n<div class=\"wp-block-file\"><a id=\"wp-block-file--media-60cd1c6d-3f11-41d5-8480-6dcc9a6b3f79\" href=\"https:\/\/www.iemj.org\/wp-content\/uploads\/2016\/03\/armin_berg_2.mp3\">Und wenn schon, was geht mich das an<\/a><\/div>\n","protected":false},"excerpt":{"rendered":"<p>Die Armin Berg Gesellschaft wurde 2003 gegr\u00fcndet und hat ihren Sitz in Wien, \u00d6sterreich. Ihr Ziel ist die Erforschung j\u00fcdischer Unterhaltungsshows aus der Vorkriegszeit und deren Wiedergabe durch darstellende K\u00fcnste.<\/p>\n","protected":false},"author":1048,"featured_media":97291,"comment_status":"closed","ping_status":"closed","sticky":false,"template":"","format":"standard","meta":{"_acf_changed":false,"footnotes":""},"categories":[1578,1561],"tags":[],"technique":[],"squelettes":[],"sujet":[],"formation":[],"genre":[],"fonds":[],"tradition":[],"type-de-contenu":[],"interprete-compositeur":[],"frise":[],"type-devenement":[],"tableaux-liens-externes":[],"class_list":["post-97290","post","type-post","status-publish","format-standard","has-post-thumbnail","hentry","category-bucher-artikel-de","category-letzte-neuerwerbungen-de"],"acf":[],"yoast_head":"<!-- This site is optimized with the Yoast SEO plugin v27.3 - https:\/\/yoast.com\/product\/yoast-seo-wordpress\/ -->\n<title>DIE PUBLIKATIONEN DER ARMIN BERG GESELLSCHAFT - Institut Europ\u00e9en des Musiques Juives<\/title>\n<meta name=\"robots\" content=\"index, follow, max-snippet:-1, max-image-preview:large, max-video-preview:-1\" \/>\n<link rel=\"canonical\" href=\"https:\/\/www.iemj.org\/de\/les-publications-de-la-societe-armin-berg\/\" \/>\n<meta property=\"og:locale\" content=\"de_DE\" \/>\n<meta property=\"og:type\" content=\"article\" \/>\n<meta property=\"og:title\" content=\"DIE PUBLIKATIONEN DER ARMIN BERG GESELLSCHAFT - Institut Europ\u00e9en des Musiques Juives\" \/>\n<meta property=\"og:description\" content=\"Die Armin Berg Gesellschaft wurde 2003 gegr\u00fcndet und hat ihren Sitz in Wien, \u00d6sterreich. Ihr Ziel ist die Erforschung j\u00fcdischer Unterhaltungsshows aus der Vorkriegszeit und deren Wiedergabe durch darstellende K\u00fcnste.\" \/>\n<meta property=\"og:url\" content=\"https:\/\/www.iemj.org\/de\/les-publications-de-la-societe-armin-berg\/\" \/>\n<meta property=\"og:site_name\" content=\"Institut Europ\u00e9en des Musiques Juives\" \/>\n<meta property=\"article:publisher\" content=\"https:\/\/www.facebook.com\/MusiquesJuives\/\" \/>\n<meta property=\"article:published_time\" content=\"2016-03-29T15:02:49+00:00\" \/>\n<meta property=\"article:modified_time\" content=\"2025-10-16T16:19:53+00:00\" \/>\n<meta property=\"og:image\" content=\"https:\/\/www.iemj.org\/wp-content\/uploads\/2016\/03\/arton1557.jpg\" \/>\n\t<meta property=\"og:image:width\" content=\"300\" \/>\n\t<meta property=\"og:image:height\" content=\"300\" \/>\n\t<meta property=\"og:image:type\" content=\"image\/jpeg\" \/>\n<meta name=\"author\" content=\"Jean-Gabriel Davis\" \/>\n<meta name=\"twitter:card\" content=\"summary_large_image\" \/>\n<meta name=\"twitter:label1\" content=\"Verfasst von\" \/>\n\t<meta name=\"twitter:data1\" content=\"Jean-Gabriel Davis\" \/>\n\t<meta name=\"twitter:label2\" content=\"Gesch\u00e4tzte Lesezeit\" \/>\n\t<meta name=\"twitter:data2\" content=\"4\u00a0Minuten\" \/>\n<script type=\"application\/ld+json\" class=\"yoast-schema-graph\">{\"@context\":\"https:\\\/\\\/schema.org\",\"@graph\":[{\"@type\":\"Article\",\"@id\":\"https:\\\/\\\/www.iemj.org\\\/de\\\/les-publications-de-la-societe-armin-berg\\\/#article\",\"isPartOf\":{\"@id\":\"https:\\\/\\\/www.iemj.org\\\/de\\\/les-publications-de-la-societe-armin-berg\\\/\"},\"author\":{\"name\":\"Jean-Gabriel Davis\",\"@id\":\"https:\\\/\\\/www.iemj.org\\\/de\\\/#\\\/schema\\\/person\\\/c9bc1c386a3749579a2d675e72a18666\"},\"headline\":\"DIE PUBLIKATIONEN DER ARMIN BERG GESELLSCHAFT\",\"datePublished\":\"2016-03-29T15:02:49+00:00\",\"dateModified\":\"2025-10-16T16:19:53+00:00\",\"mainEntityOfPage\":{\"@id\":\"https:\\\/\\\/www.iemj.org\\\/de\\\/les-publications-de-la-societe-armin-berg\\\/\"},\"wordCount\":522,\"publisher\":{\"@id\":\"https:\\\/\\\/www.iemj.org\\\/de\\\/#organization\"},\"image\":{\"@id\":\"https:\\\/\\\/www.iemj.org\\\/de\\\/les-publications-de-la-societe-armin-berg\\\/#primaryimage\"},\"thumbnailUrl\":\"https:\\\/\\\/www.iemj.org\\\/wp-content\\\/uploads\\\/2016\\\/03\\\/arton1557.jpg\",\"articleSection\":[\"B\u00fccher, Artikel\",\"Letzte Neuerwerbungen\"],\"inLanguage\":\"de\"},{\"@type\":\"WebPage\",\"@id\":\"https:\\\/\\\/www.iemj.org\\\/de\\\/les-publications-de-la-societe-armin-berg\\\/\",\"url\":\"https:\\\/\\\/www.iemj.org\\\/de\\\/les-publications-de-la-societe-armin-berg\\\/\",\"name\":\"DIE PUBLIKATIONEN DER ARMIN BERG GESELLSCHAFT - Institut Europ\u00e9en des Musiques Juives\",\"isPartOf\":{\"@id\":\"https:\\\/\\\/www.iemj.org\\\/de\\\/#website\"},\"primaryImageOfPage\":{\"@id\":\"https:\\\/\\\/www.iemj.org\\\/de\\\/les-publications-de-la-societe-armin-berg\\\/#primaryimage\"},\"image\":{\"@id\":\"https:\\\/\\\/www.iemj.org\\\/de\\\/les-publications-de-la-societe-armin-berg\\\/#primaryimage\"},\"thumbnailUrl\":\"https:\\\/\\\/www.iemj.org\\\/wp-content\\\/uploads\\\/2016\\\/03\\\/arton1557.jpg\",\"datePublished\":\"2016-03-29T15:02:49+00:00\",\"dateModified\":\"2025-10-16T16:19:53+00:00\",\"breadcrumb\":{\"@id\":\"https:\\\/\\\/www.iemj.org\\\/de\\\/les-publications-de-la-societe-armin-berg\\\/#breadcrumb\"},\"inLanguage\":\"de\",\"potentialAction\":[{\"@type\":\"ReadAction\",\"target\":[\"https:\\\/\\\/www.iemj.org\\\/de\\\/les-publications-de-la-societe-armin-berg\\\/\"]}]},{\"@type\":\"ImageObject\",\"inLanguage\":\"de\",\"@id\":\"https:\\\/\\\/www.iemj.org\\\/de\\\/les-publications-de-la-societe-armin-berg\\\/#primaryimage\",\"url\":\"https:\\\/\\\/www.iemj.org\\\/wp-content\\\/uploads\\\/2016\\\/03\\\/arton1557.jpg\",\"contentUrl\":\"https:\\\/\\\/www.iemj.org\\\/wp-content\\\/uploads\\\/2016\\\/03\\\/arton1557.jpg\",\"width\":300,\"height\":300},{\"@type\":\"BreadcrumbList\",\"@id\":\"https:\\\/\\\/www.iemj.org\\\/de\\\/les-publications-de-la-societe-armin-berg\\\/#breadcrumb\",\"itemListElement\":[{\"@type\":\"ListItem\",\"position\":1,\"name\":\"Accueil\",\"item\":\"https:\\\/\\\/www.iemj.org\\\/de\\\/\"},{\"@type\":\"ListItem\",\"position\":2,\"name\":\"DIE PUBLIKATIONEN DER ARMIN BERG GESELLSCHAFT\"}]},{\"@type\":\"WebSite\",\"@id\":\"https:\\\/\\\/www.iemj.org\\\/de\\\/#website\",\"url\":\"https:\\\/\\\/www.iemj.org\\\/de\\\/\",\"name\":\"Institut Europ\u00e9en des Musiques Juives\",\"description\":\"Des traditions musicales \u00e0 la port\u00e9e de tous\",\"publisher\":{\"@id\":\"https:\\\/\\\/www.iemj.org\\\/de\\\/#organization\"},\"potentialAction\":[{\"@type\":\"SearchAction\",\"target\":{\"@type\":\"EntryPoint\",\"urlTemplate\":\"https:\\\/\\\/www.iemj.org\\\/de\\\/?s={search_term_string}\"},\"query-input\":{\"@type\":\"PropertyValueSpecification\",\"valueRequired\":true,\"valueName\":\"search_term_string\"}}],\"inLanguage\":\"de\"},{\"@type\":\"Organization\",\"@id\":\"https:\\\/\\\/www.iemj.org\\\/de\\\/#organization\",\"name\":\"Institut Europ\u00e9en des Musiques Juives\",\"url\":\"https:\\\/\\\/www.iemj.org\\\/de\\\/\",\"logo\":{\"@type\":\"ImageObject\",\"inLanguage\":\"de\",\"@id\":\"https:\\\/\\\/www.iemj.org\\\/de\\\/#\\\/schema\\\/logo\\\/image\\\/\",\"url\":\"https:\\\/\\\/www.iemj.org\\\/wp-content\\\/uploads\\\/2021\\\/09\\\/Logo-IEMJ-Paypal.jpg\",\"contentUrl\":\"https:\\\/\\\/www.iemj.org\\\/wp-content\\\/uploads\\\/2021\\\/09\\\/Logo-IEMJ-Paypal.jpg\",\"width\":150,\"height\":50,\"caption\":\"Institut Europ\u00e9en des Musiques Juives\"},\"image\":{\"@id\":\"https:\\\/\\\/www.iemj.org\\\/de\\\/#\\\/schema\\\/logo\\\/image\\\/\"},\"sameAs\":[\"https:\\\/\\\/www.facebook.com\\\/MusiquesJuives\\\/\",\"https:\\\/\\\/www.instagram.com\\\/musiquesjuives\\\/\",\"https:\\\/\\\/www.youtube.com\\\/user\\\/musiquesjuives\"]},{\"@type\":\"Person\",\"@id\":\"https:\\\/\\\/www.iemj.org\\\/de\\\/#\\\/schema\\\/person\\\/c9bc1c386a3749579a2d675e72a18666\",\"name\":\"Jean-Gabriel Davis\",\"image\":{\"@type\":\"ImageObject\",\"inLanguage\":\"de\",\"@id\":\"https:\\\/\\\/secure.gravatar.com\\\/avatar\\\/2b90d67bdf392c9b3a21fab87c0fa7edaf1fb3a058172a1ffd61033fcec7aec1?s=96&d=mm&r=g\",\"url\":\"https:\\\/\\\/secure.gravatar.com\\\/avatar\\\/2b90d67bdf392c9b3a21fab87c0fa7edaf1fb3a058172a1ffd61033fcec7aec1?s=96&d=mm&r=g\",\"contentUrl\":\"https:\\\/\\\/secure.gravatar.com\\\/avatar\\\/2b90d67bdf392c9b3a21fab87c0fa7edaf1fb3a058172a1ffd61033fcec7aec1?s=96&d=mm&r=g\",\"caption\":\"Jean-Gabriel Davis\"}}]}<\/script>\n<!-- \/ Yoast SEO plugin. -->","yoast_head_json":{"title":"DIE PUBLIKATIONEN DER ARMIN BERG GESELLSCHAFT - Institut Europ\u00e9en des Musiques Juives","robots":{"index":"index","follow":"follow","max-snippet":"max-snippet:-1","max-image-preview":"max-image-preview:large","max-video-preview":"max-video-preview:-1"},"canonical":"https:\/\/www.iemj.org\/de\/les-publications-de-la-societe-armin-berg\/","og_locale":"de_DE","og_type":"article","og_title":"DIE PUBLIKATIONEN DER ARMIN BERG GESELLSCHAFT - Institut Europ\u00e9en des Musiques Juives","og_description":"Die Armin Berg Gesellschaft wurde 2003 gegr\u00fcndet und hat ihren Sitz in Wien, \u00d6sterreich. Ihr Ziel ist die Erforschung j\u00fcdischer Unterhaltungsshows aus der Vorkriegszeit und deren Wiedergabe durch darstellende K\u00fcnste.","og_url":"https:\/\/www.iemj.org\/de\/les-publications-de-la-societe-armin-berg\/","og_site_name":"Institut Europ\u00e9en des Musiques Juives","article_publisher":"https:\/\/www.facebook.com\/MusiquesJuives\/","article_published_time":"2016-03-29T15:02:49+00:00","article_modified_time":"2025-10-16T16:19:53+00:00","og_image":[{"width":300,"height":300,"url":"https:\/\/www.iemj.org\/wp-content\/uploads\/2016\/03\/arton1557.jpg","type":"image\/jpeg"}],"author":"Jean-Gabriel Davis","twitter_card":"summary_large_image","twitter_misc":{"Verfasst von":"Jean-Gabriel Davis","Gesch\u00e4tzte Lesezeit":"4\u00a0Minuten"},"schema":{"@context":"https:\/\/schema.org","@graph":[{"@type":"Article","@id":"https:\/\/www.iemj.org\/de\/les-publications-de-la-societe-armin-berg\/#article","isPartOf":{"@id":"https:\/\/www.iemj.org\/de\/les-publications-de-la-societe-armin-berg\/"},"author":{"name":"Jean-Gabriel Davis","@id":"https:\/\/www.iemj.org\/de\/#\/schema\/person\/c9bc1c386a3749579a2d675e72a18666"},"headline":"DIE PUBLIKATIONEN DER ARMIN BERG GESELLSCHAFT","datePublished":"2016-03-29T15:02:49+00:00","dateModified":"2025-10-16T16:19:53+00:00","mainEntityOfPage":{"@id":"https:\/\/www.iemj.org\/de\/les-publications-de-la-societe-armin-berg\/"},"wordCount":522,"publisher":{"@id":"https:\/\/www.iemj.org\/de\/#organization"},"image":{"@id":"https:\/\/www.iemj.org\/de\/les-publications-de-la-societe-armin-berg\/#primaryimage"},"thumbnailUrl":"https:\/\/www.iemj.org\/wp-content\/uploads\/2016\/03\/arton1557.jpg","articleSection":["B\u00fccher, Artikel","Letzte Neuerwerbungen"],"inLanguage":"de"},{"@type":"WebPage","@id":"https:\/\/www.iemj.org\/de\/les-publications-de-la-societe-armin-berg\/","url":"https:\/\/www.iemj.org\/de\/les-publications-de-la-societe-armin-berg\/","name":"DIE PUBLIKATIONEN DER ARMIN BERG GESELLSCHAFT - Institut Europ\u00e9en des Musiques Juives","isPartOf":{"@id":"https:\/\/www.iemj.org\/de\/#website"},"primaryImageOfPage":{"@id":"https:\/\/www.iemj.org\/de\/les-publications-de-la-societe-armin-berg\/#primaryimage"},"image":{"@id":"https:\/\/www.iemj.org\/de\/les-publications-de-la-societe-armin-berg\/#primaryimage"},"thumbnailUrl":"https:\/\/www.iemj.org\/wp-content\/uploads\/2016\/03\/arton1557.jpg","datePublished":"2016-03-29T15:02:49+00:00","dateModified":"2025-10-16T16:19:53+00:00","breadcrumb":{"@id":"https:\/\/www.iemj.org\/de\/les-publications-de-la-societe-armin-berg\/#breadcrumb"},"inLanguage":"de","potentialAction":[{"@type":"ReadAction","target":["https:\/\/www.iemj.org\/de\/les-publications-de-la-societe-armin-berg\/"]}]},{"@type":"ImageObject","inLanguage":"de","@id":"https:\/\/www.iemj.org\/de\/les-publications-de-la-societe-armin-berg\/#primaryimage","url":"https:\/\/www.iemj.org\/wp-content\/uploads\/2016\/03\/arton1557.jpg","contentUrl":"https:\/\/www.iemj.org\/wp-content\/uploads\/2016\/03\/arton1557.jpg","width":300,"height":300},{"@type":"BreadcrumbList","@id":"https:\/\/www.iemj.org\/de\/les-publications-de-la-societe-armin-berg\/#breadcrumb","itemListElement":[{"@type":"ListItem","position":1,"name":"Accueil","item":"https:\/\/www.iemj.org\/de\/"},{"@type":"ListItem","position":2,"name":"DIE PUBLIKATIONEN DER ARMIN BERG GESELLSCHAFT"}]},{"@type":"WebSite","@id":"https:\/\/www.iemj.org\/de\/#website","url":"https:\/\/www.iemj.org\/de\/","name":"Institut Europ\u00e9en des Musiques Juives","description":"Des traditions musicales \u00e0 la port\u00e9e de tous","publisher":{"@id":"https:\/\/www.iemj.org\/de\/#organization"},"potentialAction":[{"@type":"SearchAction","target":{"@type":"EntryPoint","urlTemplate":"https:\/\/www.iemj.org\/de\/?s={search_term_string}"},"query-input":{"@type":"PropertyValueSpecification","valueRequired":true,"valueName":"search_term_string"}}],"inLanguage":"de"},{"@type":"Organization","@id":"https:\/\/www.iemj.org\/de\/#organization","name":"Institut Europ\u00e9en des Musiques Juives","url":"https:\/\/www.iemj.org\/de\/","logo":{"@type":"ImageObject","inLanguage":"de","@id":"https:\/\/www.iemj.org\/de\/#\/schema\/logo\/image\/","url":"https:\/\/www.iemj.org\/wp-content\/uploads\/2021\/09\/Logo-IEMJ-Paypal.jpg","contentUrl":"https:\/\/www.iemj.org\/wp-content\/uploads\/2021\/09\/Logo-IEMJ-Paypal.jpg","width":150,"height":50,"caption":"Institut Europ\u00e9en des Musiques Juives"},"image":{"@id":"https:\/\/www.iemj.org\/de\/#\/schema\/logo\/image\/"},"sameAs":["https:\/\/www.facebook.com\/MusiquesJuives\/","https:\/\/www.instagram.com\/musiquesjuives\/","https:\/\/www.youtube.com\/user\/musiquesjuives"]},{"@type":"Person","@id":"https:\/\/www.iemj.org\/de\/#\/schema\/person\/c9bc1c386a3749579a2d675e72a18666","name":"Jean-Gabriel Davis","image":{"@type":"ImageObject","inLanguage":"de","@id":"https:\/\/secure.gravatar.com\/avatar\/2b90d67bdf392c9b3a21fab87c0fa7edaf1fb3a058172a1ffd61033fcec7aec1?s=96&d=mm&r=g","url":"https:\/\/secure.gravatar.com\/avatar\/2b90d67bdf392c9b3a21fab87c0fa7edaf1fb3a058172a1ffd61033fcec7aec1?s=96&d=mm&r=g","contentUrl":"https:\/\/secure.gravatar.com\/avatar\/2b90d67bdf392c9b3a21fab87c0fa7edaf1fb3a058172a1ffd61033fcec7aec1?s=96&d=mm&r=g","caption":"Jean-Gabriel Davis"}}]}},"_links":{"self":[{"href":"https:\/\/www.iemj.org\/de\/wp-json\/wp\/v2\/posts\/97290","targetHints":{"allow":["GET"]}}],"collection":[{"href":"https:\/\/www.iemj.org\/de\/wp-json\/wp\/v2\/posts"}],"about":[{"href":"https:\/\/www.iemj.org\/de\/wp-json\/wp\/v2\/types\/post"}],"author":[{"embeddable":true,"href":"https:\/\/www.iemj.org\/de\/wp-json\/wp\/v2\/users\/1048"}],"replies":[{"embeddable":true,"href":"https:\/\/www.iemj.org\/de\/wp-json\/wp\/v2\/comments?post=97290"}],"version-history":[{"count":1,"href":"https:\/\/www.iemj.org\/de\/wp-json\/wp\/v2\/posts\/97290\/revisions"}],"predecessor-version":[{"id":127096,"href":"https:\/\/www.iemj.org\/de\/wp-json\/wp\/v2\/posts\/97290\/revisions\/127096"}],"wp:featuredmedia":[{"embeddable":true,"href":"https:\/\/www.iemj.org\/de\/wp-json\/wp\/v2\/media\/97291"}],"wp:attachment":[{"href":"https:\/\/www.iemj.org\/de\/wp-json\/wp\/v2\/media?parent=97290"}],"wp:term":[{"taxonomy":"category","embeddable":true,"href":"https:\/\/www.iemj.org\/de\/wp-json\/wp\/v2\/categories?post=97290"},{"taxonomy":"post_tag","embeddable":true,"href":"https:\/\/www.iemj.org\/de\/wp-json\/wp\/v2\/tags?post=97290"},{"taxonomy":"technique","embeddable":true,"href":"https:\/\/www.iemj.org\/de\/wp-json\/wp\/v2\/technique?post=97290"},{"taxonomy":"squelettes","embeddable":true,"href":"https:\/\/www.iemj.org\/de\/wp-json\/wp\/v2\/squelettes?post=97290"},{"taxonomy":"sujet","embeddable":true,"href":"https:\/\/www.iemj.org\/de\/wp-json\/wp\/v2\/sujet?post=97290"},{"taxonomy":"formation","embeddable":true,"href":"https:\/\/www.iemj.org\/de\/wp-json\/wp\/v2\/formation?post=97290"},{"taxonomy":"genre","embeddable":true,"href":"https:\/\/www.iemj.org\/de\/wp-json\/wp\/v2\/genre?post=97290"},{"taxonomy":"fonds","embeddable":true,"href":"https:\/\/www.iemj.org\/de\/wp-json\/wp\/v2\/fonds?post=97290"},{"taxonomy":"tradition","embeddable":true,"href":"https:\/\/www.iemj.org\/de\/wp-json\/wp\/v2\/tradition?post=97290"},{"taxonomy":"type-de-contenu","embeddable":true,"href":"https:\/\/www.iemj.org\/de\/wp-json\/wp\/v2\/type-de-contenu?post=97290"},{"taxonomy":"interprete-compositeur","embeddable":true,"href":"https:\/\/www.iemj.org\/de\/wp-json\/wp\/v2\/interprete-compositeur?post=97290"},{"taxonomy":"frise","embeddable":true,"href":"https:\/\/www.iemj.org\/de\/wp-json\/wp\/v2\/frise?post=97290"},{"taxonomy":"type-devenement","embeddable":true,"href":"https:\/\/www.iemj.org\/de\/wp-json\/wp\/v2\/type-devenement?post=97290"},{"taxonomy":"tableaux-liens-externes","embeddable":true,"href":"https:\/\/www.iemj.org\/de\/wp-json\/wp\/v2\/tableaux-liens-externes?post=97290"}],"curies":[{"name":"wp","href":"https:\/\/api.w.org\/{rel}","templated":true}]}}