{"id":97412,"date":"2011-10-29T09:17:41","date_gmt":"2011-10-29T07:17:41","guid":{"rendered":"https:\/\/www.iemj.org\/survivre-et-mourir-en-musique-dans-les-camps-nazis\/"},"modified":"2023-05-29T12:20:36","modified_gmt":"2023-05-29T10:20:36","slug":"survivre-et-mourir-en-musique-dans-les-camps-nazis","status":"publish","type":"post","link":"https:\/\/www.iemj.org\/de\/survivre-et-mourir-en-musique-dans-les-camps-nazis\/","title":{"rendered":"Survivre et mourir en musique dans les camps nazis"},"content":{"rendered":"<p class=\"post_excerpt\">Berg International Verlag, 2011, 192 S.<\/p>\n<p><!--more--><\/p>\n<p>Von den ersten Straflagern des Dritten Reiches \u00fcber die Kriegsgefangenenlager bis hin zu den Todesfabriken von Treblinka und Birkenau berichtet der Autor in diesem Buch \u00fcber die musikalischen Aktivit\u00e4ten in der Welt der Konzentrationslager. Er arbeitete mit verschiedenen Archiven und traf sich mit ehemaligen Deportierten, die Musiker waren.<\/p>\n<p>Von Anfang an wurde die Musik zu repressiven Zwecken eingesetzt: Sie beruhigte die Neuank\u00f6mmlinge in den Konzentrationslagern, diente der Propaganda und begleitete die Zwangsarbeit. &#8222;Wenn diese Musik erklingt, wissen wir, dass sich unsere Kameraden drau\u00dfen im Nebel wie Automaten in Bewegung setzen; ihre Seelen sind tot und es ist die Musik, die sie vorw\u00e4rtstreibt, wie der Wind die trockenen Bl\u00e4tter, und die ihnen den Platz ihres Willens einnimmt&#8220;, schrieb Primo Levi.<\/p>\n<p>In den Vernichtungslagern der Aktion Reinhard wie in Auschwitz-Birkenau stiegen Musiknoten zusammen mit dem Rauch der Krematorien in die Luft; sie \u00fcbert\u00f6nten auch die Schmerzensschreie und das Get\u00f6se der summarischen Exekutionen.<\/p>\n<p>In den Lagern der Kriegsgefangenen wird Musik komponiert. Olivier Messiaen ist zweifellos der ber\u00fchmteste Musiker der Lager (er komponierte sein Quartett f\u00fcr das Ende der Zeit im Stalag G\u00f6rlitz), aber auch zahlreiche Komponisten, Dirigenten oder Instrumentalisten wurden in den deutschen Stalag und Oflags festgehalten.<\/p>\n<p>Manchmal heimlich, aber meistens &#8222;offiziell&#8220;, war die Musik ein integraler Bestandteil des KZ-Systems.<\/p>\n<p><em><a href=\"https:\/\/fr.wikipedia.org\/wiki\/Bruno_Giner\" target=\"_blank\" rel=\"noopener\"><span class=\"scayt-misspell\" data-scaytid=\"17\" data-scayt_word=\"Bruno\">Bruno<\/span> <span class=\"scayt-misspell\" data-scaytid=\"19\" data-scayt_word=\"Giner\">Giner<\/span><\/a><\/em><em>\u00a0ist Komponist. Er wurde 1998 von der SACEM mit dem Herv\u00e9-Dugardin-Preis ausgezeichnet und hat rund 50 Instrumental- und Vokalwerke f\u00fcr verschiedene Kammer-, Chor- und Orchesterbesetzungen geschrieben. <\/em><em>Er ver\u00f6ffentlichte bereits: <\/em>Musique contemporaine: le second vingti\u00e8me si\u00e8cle<em> (Paris, Durand, 2000); <\/em>Weimar 1933, la musique aussi br\u00fble en exil<em> (Paris, Le Temps des cerises, 2001); <\/em>Toute la musique ?<em> (Paris, Autrement Junior, 2003); <\/em>De Weimar \u00e0 T\u00e9r\u00e9zine 1933-1945 : l&#8217;\u00e9puration musicale<em> (Paris, Van de Velde, 2006).<\/em><\/p>\n<p><a href=\"https:\/\/books.google.fr\/books\/about\/Survivre_et_mourir_en_musique_dans_les_c.html?id=VyhiBAAAQBAJ&amp;printsec=frontcover&amp;source=kp_read_button&amp;redir_esc=y#v=onepage&amp;q&amp;f=false\" target=\"_blank\" rel=\"noopener noreferrer\" data-cke-saved-href=\"\\\\&quot;http:\/\/www.berg-international.fr\/listeauteur.php?recordID=404\\\\&quot;\">Mehr erfahren\/das Buch bestellen.<\/a><\/p>\n<p><a href=\"https:\/\/www.iemj.org\/survivre-et-mourir-en-musique-dans-les-camps-nazis-2\/\" target=\"_blank\" rel=\"noopener\">Die Radiosendung des IEMJ Survivre et mourir en musique dans les camps nazis (\u00dcberleben und Sterben mit Musik in den Lagern der Nazis) anh\u00f6ren<\/a><\/p>\n","protected":false},"excerpt":{"rendered":"<p>Berg International Verlag, 2011, 192 S.<\/p>\n","protected":false},"author":1045,"featured_media":97413,"comment_status":"closed","ping_status":"closed","sticky":false,"template":"","format":"standard","meta":{"_acf_changed":false,"footnotes":""},"categories":[1578,1561],"tags":[],"technique":[],"squelettes":[],"sujet":[],"formation":[],"genre":[],"fonds":[],"tradition":[],"type-de-contenu":[],"interprete-compositeur":[],"frise":[],"type-devenement":[],"tableaux-liens-externes":[],"class_list":["post-97412","post","type-post","status-publish","format-standard","has-post-thumbnail","hentry","category-bucher-artikel-de","category-letzte-neuerwerbungen-de"],"acf":[],"yoast_head":"<!-- This site is optimized with the Yoast SEO plugin v27.3 - https:\/\/yoast.com\/product\/yoast-seo-wordpress\/ -->\n<title>Survivre et mourir en musique dans les camps nazis - Institut Europ\u00e9en des Musiques Juives<\/title>\n<meta name=\"robots\" content=\"index, follow, max-snippet:-1, max-image-preview:large, max-video-preview:-1\" \/>\n<link rel=\"canonical\" href=\"https:\/\/www.iemj.org\/de\/survivre-et-mourir-en-musique-dans-les-camps-nazis\/\" \/>\n<meta property=\"og:locale\" content=\"de_DE\" \/>\n<meta property=\"og:type\" content=\"article\" \/>\n<meta property=\"og:title\" content=\"Survivre et mourir en musique dans les camps nazis - Institut Europ\u00e9en des Musiques Juives\" \/>\n<meta property=\"og:description\" content=\"Berg International Verlag, 2011, 192 S.\" \/>\n<meta property=\"og:url\" content=\"https:\/\/www.iemj.org\/de\/survivre-et-mourir-en-musique-dans-les-camps-nazis\/\" \/>\n<meta property=\"og:site_name\" content=\"Institut Europ\u00e9en des Musiques Juives\" \/>\n<meta property=\"article:publisher\" content=\"https:\/\/www.facebook.com\/MusiquesJuives\/\" \/>\n<meta property=\"article:published_time\" content=\"2011-10-29T07:17:41+00:00\" \/>\n<meta property=\"article:modified_time\" content=\"2023-05-29T10:20:36+00:00\" \/>\n<meta property=\"og:image\" content=\"https:\/\/www.iemj.org\/wp-content\/uploads\/2011\/10\/arton327-e1619771571298.jpg\" \/>\n\t<meta property=\"og:image:width\" content=\"350\" \/>\n\t<meta property=\"og:image:height\" content=\"556\" \/>\n\t<meta property=\"og:image:type\" content=\"image\/jpeg\" \/>\n<meta name=\"author\" content=\"Herv\u00e9 Roten\" \/>\n<meta name=\"twitter:card\" content=\"summary_large_image\" \/>\n<meta name=\"twitter:label1\" content=\"Verfasst von\" \/>\n\t<meta name=\"twitter:data1\" content=\"Herv\u00e9 Roten\" \/>\n\t<meta name=\"twitter:label2\" content=\"Gesch\u00e4tzte Lesezeit\" \/>\n\t<meta name=\"twitter:data2\" content=\"2\u00a0Minuten\" \/>\n<script type=\"application\/ld+json\" class=\"yoast-schema-graph\">{\"@context\":\"https:\\\/\\\/schema.org\",\"@graph\":[{\"@type\":\"Article\",\"@id\":\"https:\\\/\\\/www.iemj.org\\\/de\\\/survivre-et-mourir-en-musique-dans-les-camps-nazis\\\/#article\",\"isPartOf\":{\"@id\":\"https:\\\/\\\/www.iemj.org\\\/de\\\/survivre-et-mourir-en-musique-dans-les-camps-nazis\\\/\"},\"author\":{\"name\":\"Herv\u00e9 Roten\",\"@id\":\"https:\\\/\\\/www.iemj.org\\\/de\\\/#\\\/schema\\\/person\\\/906134402c29d5c76e7b726261dd4bbd\"},\"headline\":\"Survivre et mourir en musique dans les camps nazis\",\"datePublished\":\"2011-10-29T07:17:41+00:00\",\"dateModified\":\"2023-05-29T10:20:36+00:00\",\"mainEntityOfPage\":{\"@id\":\"https:\\\/\\\/www.iemj.org\\\/de\\\/survivre-et-mourir-en-musique-dans-les-camps-nazis\\\/\"},\"wordCount\":334,\"publisher\":{\"@id\":\"https:\\\/\\\/www.iemj.org\\\/de\\\/#organization\"},\"image\":{\"@id\":\"https:\\\/\\\/www.iemj.org\\\/de\\\/survivre-et-mourir-en-musique-dans-les-camps-nazis\\\/#primaryimage\"},\"thumbnailUrl\":\"https:\\\/\\\/www.iemj.org\\\/wp-content\\\/uploads\\\/2011\\\/10\\\/arton327-e1619771571298.jpg\",\"articleSection\":[\"B\u00fccher, Artikel\",\"Letzte Neuerwerbungen\"],\"inLanguage\":\"de\"},{\"@type\":\"WebPage\",\"@id\":\"https:\\\/\\\/www.iemj.org\\\/de\\\/survivre-et-mourir-en-musique-dans-les-camps-nazis\\\/\",\"url\":\"https:\\\/\\\/www.iemj.org\\\/de\\\/survivre-et-mourir-en-musique-dans-les-camps-nazis\\\/\",\"name\":\"Survivre et mourir en musique dans les camps nazis - Institut Europ\u00e9en des Musiques Juives\",\"isPartOf\":{\"@id\":\"https:\\\/\\\/www.iemj.org\\\/de\\\/#website\"},\"primaryImageOfPage\":{\"@id\":\"https:\\\/\\\/www.iemj.org\\\/de\\\/survivre-et-mourir-en-musique-dans-les-camps-nazis\\\/#primaryimage\"},\"image\":{\"@id\":\"https:\\\/\\\/www.iemj.org\\\/de\\\/survivre-et-mourir-en-musique-dans-les-camps-nazis\\\/#primaryimage\"},\"thumbnailUrl\":\"https:\\\/\\\/www.iemj.org\\\/wp-content\\\/uploads\\\/2011\\\/10\\\/arton327-e1619771571298.jpg\",\"datePublished\":\"2011-10-29T07:17:41+00:00\",\"dateModified\":\"2023-05-29T10:20:36+00:00\",\"breadcrumb\":{\"@id\":\"https:\\\/\\\/www.iemj.org\\\/de\\\/survivre-et-mourir-en-musique-dans-les-camps-nazis\\\/#breadcrumb\"},\"inLanguage\":\"de\",\"potentialAction\":[{\"@type\":\"ReadAction\",\"target\":[\"https:\\\/\\\/www.iemj.org\\\/de\\\/survivre-et-mourir-en-musique-dans-les-camps-nazis\\\/\"]}]},{\"@type\":\"ImageObject\",\"inLanguage\":\"de\",\"@id\":\"https:\\\/\\\/www.iemj.org\\\/de\\\/survivre-et-mourir-en-musique-dans-les-camps-nazis\\\/#primaryimage\",\"url\":\"https:\\\/\\\/www.iemj.org\\\/wp-content\\\/uploads\\\/2011\\\/10\\\/arton327-e1619771571298.jpg\",\"contentUrl\":\"https:\\\/\\\/www.iemj.org\\\/wp-content\\\/uploads\\\/2011\\\/10\\\/arton327-e1619771571298.jpg\",\"width\":350,\"height\":556},{\"@type\":\"BreadcrumbList\",\"@id\":\"https:\\\/\\\/www.iemj.org\\\/de\\\/survivre-et-mourir-en-musique-dans-les-camps-nazis\\\/#breadcrumb\",\"itemListElement\":[{\"@type\":\"ListItem\",\"position\":1,\"name\":\"Accueil\",\"item\":\"https:\\\/\\\/www.iemj.org\\\/de\\\/\"},{\"@type\":\"ListItem\",\"position\":2,\"name\":\"Survivre et mourir en musique dans les camps nazis\"}]},{\"@type\":\"WebSite\",\"@id\":\"https:\\\/\\\/www.iemj.org\\\/de\\\/#website\",\"url\":\"https:\\\/\\\/www.iemj.org\\\/de\\\/\",\"name\":\"Institut Europ\u00e9en des Musiques Juives\",\"description\":\"Des traditions musicales \u00e0 la port\u00e9e de tous\",\"publisher\":{\"@id\":\"https:\\\/\\\/www.iemj.org\\\/de\\\/#organization\"},\"potentialAction\":[{\"@type\":\"SearchAction\",\"target\":{\"@type\":\"EntryPoint\",\"urlTemplate\":\"https:\\\/\\\/www.iemj.org\\\/de\\\/?s={search_term_string}\"},\"query-input\":{\"@type\":\"PropertyValueSpecification\",\"valueRequired\":true,\"valueName\":\"search_term_string\"}}],\"inLanguage\":\"de\"},{\"@type\":\"Organization\",\"@id\":\"https:\\\/\\\/www.iemj.org\\\/de\\\/#organization\",\"name\":\"Institut Europ\u00e9en des Musiques Juives\",\"url\":\"https:\\\/\\\/www.iemj.org\\\/de\\\/\",\"logo\":{\"@type\":\"ImageObject\",\"inLanguage\":\"de\",\"@id\":\"https:\\\/\\\/www.iemj.org\\\/de\\\/#\\\/schema\\\/logo\\\/image\\\/\",\"url\":\"https:\\\/\\\/www.iemj.org\\\/wp-content\\\/uploads\\\/2021\\\/09\\\/Logo-IEMJ-Paypal.jpg\",\"contentUrl\":\"https:\\\/\\\/www.iemj.org\\\/wp-content\\\/uploads\\\/2021\\\/09\\\/Logo-IEMJ-Paypal.jpg\",\"width\":150,\"height\":50,\"caption\":\"Institut Europ\u00e9en des Musiques Juives\"},\"image\":{\"@id\":\"https:\\\/\\\/www.iemj.org\\\/de\\\/#\\\/schema\\\/logo\\\/image\\\/\"},\"sameAs\":[\"https:\\\/\\\/www.facebook.com\\\/MusiquesJuives\\\/\",\"https:\\\/\\\/www.instagram.com\\\/musiquesjuives\\\/\",\"https:\\\/\\\/www.youtube.com\\\/user\\\/musiquesjuives\"]},{\"@type\":\"Person\",\"@id\":\"https:\\\/\\\/www.iemj.org\\\/de\\\/#\\\/schema\\\/person\\\/906134402c29d5c76e7b726261dd4bbd\",\"name\":\"Herv\u00e9 Roten\",\"image\":{\"@type\":\"ImageObject\",\"inLanguage\":\"de\",\"@id\":\"https:\\\/\\\/secure.gravatar.com\\\/avatar\\\/f96ad2db538a26481f18384936b5cd0610c92d390c4dc382209216d455f685ff?s=96&d=mm&r=g\",\"url\":\"https:\\\/\\\/secure.gravatar.com\\\/avatar\\\/f96ad2db538a26481f18384936b5cd0610c92d390c4dc382209216d455f685ff?s=96&d=mm&r=g\",\"contentUrl\":\"https:\\\/\\\/secure.gravatar.com\\\/avatar\\\/f96ad2db538a26481f18384936b5cd0610c92d390c4dc382209216d455f685ff?s=96&d=mm&r=g\",\"caption\":\"Herv\u00e9 Roten\"}}]}<\/script>\n<!-- \/ Yoast SEO plugin. -->","yoast_head_json":{"title":"Survivre et mourir en musique dans les camps nazis - Institut Europ\u00e9en des Musiques Juives","robots":{"index":"index","follow":"follow","max-snippet":"max-snippet:-1","max-image-preview":"max-image-preview:large","max-video-preview":"max-video-preview:-1"},"canonical":"https:\/\/www.iemj.org\/de\/survivre-et-mourir-en-musique-dans-les-camps-nazis\/","og_locale":"de_DE","og_type":"article","og_title":"Survivre et mourir en musique dans les camps nazis - Institut Europ\u00e9en des Musiques Juives","og_description":"Berg International Verlag, 2011, 192 S.","og_url":"https:\/\/www.iemj.org\/de\/survivre-et-mourir-en-musique-dans-les-camps-nazis\/","og_site_name":"Institut Europ\u00e9en des Musiques Juives","article_publisher":"https:\/\/www.facebook.com\/MusiquesJuives\/","article_published_time":"2011-10-29T07:17:41+00:00","article_modified_time":"2023-05-29T10:20:36+00:00","og_image":[{"width":350,"height":556,"url":"https:\/\/www.iemj.org\/wp-content\/uploads\/2011\/10\/arton327-e1619771571298.jpg","type":"image\/jpeg"}],"author":"Herv\u00e9 Roten","twitter_card":"summary_large_image","twitter_misc":{"Verfasst von":"Herv\u00e9 Roten","Gesch\u00e4tzte Lesezeit":"2\u00a0Minuten"},"schema":{"@context":"https:\/\/schema.org","@graph":[{"@type":"Article","@id":"https:\/\/www.iemj.org\/de\/survivre-et-mourir-en-musique-dans-les-camps-nazis\/#article","isPartOf":{"@id":"https:\/\/www.iemj.org\/de\/survivre-et-mourir-en-musique-dans-les-camps-nazis\/"},"author":{"name":"Herv\u00e9 Roten","@id":"https:\/\/www.iemj.org\/de\/#\/schema\/person\/906134402c29d5c76e7b726261dd4bbd"},"headline":"Survivre et mourir en musique dans les camps nazis","datePublished":"2011-10-29T07:17:41+00:00","dateModified":"2023-05-29T10:20:36+00:00","mainEntityOfPage":{"@id":"https:\/\/www.iemj.org\/de\/survivre-et-mourir-en-musique-dans-les-camps-nazis\/"},"wordCount":334,"publisher":{"@id":"https:\/\/www.iemj.org\/de\/#organization"},"image":{"@id":"https:\/\/www.iemj.org\/de\/survivre-et-mourir-en-musique-dans-les-camps-nazis\/#primaryimage"},"thumbnailUrl":"https:\/\/www.iemj.org\/wp-content\/uploads\/2011\/10\/arton327-e1619771571298.jpg","articleSection":["B\u00fccher, Artikel","Letzte Neuerwerbungen"],"inLanguage":"de"},{"@type":"WebPage","@id":"https:\/\/www.iemj.org\/de\/survivre-et-mourir-en-musique-dans-les-camps-nazis\/","url":"https:\/\/www.iemj.org\/de\/survivre-et-mourir-en-musique-dans-les-camps-nazis\/","name":"Survivre et mourir en musique dans les camps nazis - Institut Europ\u00e9en des Musiques Juives","isPartOf":{"@id":"https:\/\/www.iemj.org\/de\/#website"},"primaryImageOfPage":{"@id":"https:\/\/www.iemj.org\/de\/survivre-et-mourir-en-musique-dans-les-camps-nazis\/#primaryimage"},"image":{"@id":"https:\/\/www.iemj.org\/de\/survivre-et-mourir-en-musique-dans-les-camps-nazis\/#primaryimage"},"thumbnailUrl":"https:\/\/www.iemj.org\/wp-content\/uploads\/2011\/10\/arton327-e1619771571298.jpg","datePublished":"2011-10-29T07:17:41+00:00","dateModified":"2023-05-29T10:20:36+00:00","breadcrumb":{"@id":"https:\/\/www.iemj.org\/de\/survivre-et-mourir-en-musique-dans-les-camps-nazis\/#breadcrumb"},"inLanguage":"de","potentialAction":[{"@type":"ReadAction","target":["https:\/\/www.iemj.org\/de\/survivre-et-mourir-en-musique-dans-les-camps-nazis\/"]}]},{"@type":"ImageObject","inLanguage":"de","@id":"https:\/\/www.iemj.org\/de\/survivre-et-mourir-en-musique-dans-les-camps-nazis\/#primaryimage","url":"https:\/\/www.iemj.org\/wp-content\/uploads\/2011\/10\/arton327-e1619771571298.jpg","contentUrl":"https:\/\/www.iemj.org\/wp-content\/uploads\/2011\/10\/arton327-e1619771571298.jpg","width":350,"height":556},{"@type":"BreadcrumbList","@id":"https:\/\/www.iemj.org\/de\/survivre-et-mourir-en-musique-dans-les-camps-nazis\/#breadcrumb","itemListElement":[{"@type":"ListItem","position":1,"name":"Accueil","item":"https:\/\/www.iemj.org\/de\/"},{"@type":"ListItem","position":2,"name":"Survivre et mourir en musique dans les camps nazis"}]},{"@type":"WebSite","@id":"https:\/\/www.iemj.org\/de\/#website","url":"https:\/\/www.iemj.org\/de\/","name":"Institut Europ\u00e9en des Musiques Juives","description":"Des traditions musicales \u00e0 la port\u00e9e de tous","publisher":{"@id":"https:\/\/www.iemj.org\/de\/#organization"},"potentialAction":[{"@type":"SearchAction","target":{"@type":"EntryPoint","urlTemplate":"https:\/\/www.iemj.org\/de\/?s={search_term_string}"},"query-input":{"@type":"PropertyValueSpecification","valueRequired":true,"valueName":"search_term_string"}}],"inLanguage":"de"},{"@type":"Organization","@id":"https:\/\/www.iemj.org\/de\/#organization","name":"Institut Europ\u00e9en des Musiques Juives","url":"https:\/\/www.iemj.org\/de\/","logo":{"@type":"ImageObject","inLanguage":"de","@id":"https:\/\/www.iemj.org\/de\/#\/schema\/logo\/image\/","url":"https:\/\/www.iemj.org\/wp-content\/uploads\/2021\/09\/Logo-IEMJ-Paypal.jpg","contentUrl":"https:\/\/www.iemj.org\/wp-content\/uploads\/2021\/09\/Logo-IEMJ-Paypal.jpg","width":150,"height":50,"caption":"Institut Europ\u00e9en des Musiques Juives"},"image":{"@id":"https:\/\/www.iemj.org\/de\/#\/schema\/logo\/image\/"},"sameAs":["https:\/\/www.facebook.com\/MusiquesJuives\/","https:\/\/www.instagram.com\/musiquesjuives\/","https:\/\/www.youtube.com\/user\/musiquesjuives"]},{"@type":"Person","@id":"https:\/\/www.iemj.org\/de\/#\/schema\/person\/906134402c29d5c76e7b726261dd4bbd","name":"Herv\u00e9 Roten","image":{"@type":"ImageObject","inLanguage":"de","@id":"https:\/\/secure.gravatar.com\/avatar\/f96ad2db538a26481f18384936b5cd0610c92d390c4dc382209216d455f685ff?s=96&d=mm&r=g","url":"https:\/\/secure.gravatar.com\/avatar\/f96ad2db538a26481f18384936b5cd0610c92d390c4dc382209216d455f685ff?s=96&d=mm&r=g","contentUrl":"https:\/\/secure.gravatar.com\/avatar\/f96ad2db538a26481f18384936b5cd0610c92d390c4dc382209216d455f685ff?s=96&d=mm&r=g","caption":"Herv\u00e9 Roten"}}]}},"_links":{"self":[{"href":"https:\/\/www.iemj.org\/de\/wp-json\/wp\/v2\/posts\/97412","targetHints":{"allow":["GET"]}}],"collection":[{"href":"https:\/\/www.iemj.org\/de\/wp-json\/wp\/v2\/posts"}],"about":[{"href":"https:\/\/www.iemj.org\/de\/wp-json\/wp\/v2\/types\/post"}],"author":[{"embeddable":true,"href":"https:\/\/www.iemj.org\/de\/wp-json\/wp\/v2\/users\/1045"}],"replies":[{"embeddable":true,"href":"https:\/\/www.iemj.org\/de\/wp-json\/wp\/v2\/comments?post=97412"}],"version-history":[{"count":0,"href":"https:\/\/www.iemj.org\/de\/wp-json\/wp\/v2\/posts\/97412\/revisions"}],"wp:featuredmedia":[{"embeddable":true,"href":"https:\/\/www.iemj.org\/de\/wp-json\/wp\/v2\/media\/97413"}],"wp:attachment":[{"href":"https:\/\/www.iemj.org\/de\/wp-json\/wp\/v2\/media?parent=97412"}],"wp:term":[{"taxonomy":"category","embeddable":true,"href":"https:\/\/www.iemj.org\/de\/wp-json\/wp\/v2\/categories?post=97412"},{"taxonomy":"post_tag","embeddable":true,"href":"https:\/\/www.iemj.org\/de\/wp-json\/wp\/v2\/tags?post=97412"},{"taxonomy":"technique","embeddable":true,"href":"https:\/\/www.iemj.org\/de\/wp-json\/wp\/v2\/technique?post=97412"},{"taxonomy":"squelettes","embeddable":true,"href":"https:\/\/www.iemj.org\/de\/wp-json\/wp\/v2\/squelettes?post=97412"},{"taxonomy":"sujet","embeddable":true,"href":"https:\/\/www.iemj.org\/de\/wp-json\/wp\/v2\/sujet?post=97412"},{"taxonomy":"formation","embeddable":true,"href":"https:\/\/www.iemj.org\/de\/wp-json\/wp\/v2\/formation?post=97412"},{"taxonomy":"genre","embeddable":true,"href":"https:\/\/www.iemj.org\/de\/wp-json\/wp\/v2\/genre?post=97412"},{"taxonomy":"fonds","embeddable":true,"href":"https:\/\/www.iemj.org\/de\/wp-json\/wp\/v2\/fonds?post=97412"},{"taxonomy":"tradition","embeddable":true,"href":"https:\/\/www.iemj.org\/de\/wp-json\/wp\/v2\/tradition?post=97412"},{"taxonomy":"type-de-contenu","embeddable":true,"href":"https:\/\/www.iemj.org\/de\/wp-json\/wp\/v2\/type-de-contenu?post=97412"},{"taxonomy":"interprete-compositeur","embeddable":true,"href":"https:\/\/www.iemj.org\/de\/wp-json\/wp\/v2\/interprete-compositeur?post=97412"},{"taxonomy":"frise","embeddable":true,"href":"https:\/\/www.iemj.org\/de\/wp-json\/wp\/v2\/frise?post=97412"},{"taxonomy":"type-devenement","embeddable":true,"href":"https:\/\/www.iemj.org\/de\/wp-json\/wp\/v2\/type-devenement?post=97412"},{"taxonomy":"tableaux-liens-externes","embeddable":true,"href":"https:\/\/www.iemj.org\/de\/wp-json\/wp\/v2\/tableaux-liens-externes?post=97412"}],"curies":[{"name":"wp","href":"https:\/\/api.w.org\/{rel}","templated":true}]}}