{"id":97527,"date":"2017-02-01T11:56:24","date_gmt":"2017-02-01T10:56:24","guid":{"rendered":"https:\/\/www.iemj.org\/oy-oy-oy-gevalt-jews-and-punk\/"},"modified":"2023-05-31T17:32:38","modified_gmt":"2023-05-31T15:32:38","slug":"oy-oy-oy-gevalt-jews-and-punk","status":"publish","type":"post","link":"https:\/\/www.iemj.org\/de\/oy-oy-oy-gevalt-jews-and-punk\/","title":{"rendered":"Oy oy oy gevalt ! Jews and punk"},"content":{"rendered":"<p>Buch in englischer Sprache<\/p>\n<p><!--more--><\/p>\n<p>Jude und Punk. Zwei W\u00f6rter, die gegens\u00e4tzlich erscheinen m\u00f6gen, und doch&#8230;<\/p>\n<p>Im Vorwort zu seinem Buch <em>Oy oy oy gevalt! <\/em><em>Jews and Punk<\/em> zeigt <strong>Michael Croland<\/strong> die Gemeinsamkeiten dieser beiden Welten anhand des einfachen kleinen Wortes &#8222;oy\/o\u00ef&#8220;. Das erste &#8222;oy&#8220; ist ein h\u00e4ufig verwendetes Wort im Jiddischen, das man mit <em>&#8222;oh! &#8222;<\/em>Es kann eine ganze Reihe von Emotionen ausdr\u00fccken: \u00dcberraschung, Ungl\u00e4ubigkeit (manchmal ironisch), Trauer, Schmerz&#8230; Es kann allein oder in Ausdr\u00fccken wie <em>&#8222;oy vey&#8220;, &#8222;oy gevalt&#8220;, &#8222;oy oy oy&#8220;<\/em>&#8230; verwendet werden. Das zweite &#8222;o\u00ef&#8220; ist ein Punk-Ruf, der in der englischen Arbeiterklasse entstanden ist und bei Fu\u00dfballspielen in Gro\u00dfbritannien zu h\u00f6ren ist. Es wurde mit den Skinhead-Musikgruppen der 1970er und 1980er Jahre in Verbindung gebracht, die manchmal rassistische und antisemitische \u00c4u\u00dferungen machten.<\/p>\n<p>Die Musik mit dem Namen &#8222;O\u00ef!&#8220; wurde zu einem Untergenre der Punk-Musik, wobei der Refrain oft <em>&#8222;O\u00ef! O\u00ef! O\u00ef!&#8220;<\/em> und ist heute auf vielen Punkkonzerten zu h\u00f6ren, egal ob sie rassistisch oder antifaschistisch sind.<\/p>\n<p>Nachdem Michael Croland zahlreiche Artikel, Websites und alte Audiokassettenb\u00e4nder durchforstet hatte, erstellte er diese erstaunliche und spannende ethnografische Studie \u00fcber Juden in der Punk-Rock-Musik oder \u00fcber Juden, die eine Punk-Haltung (d. h. unkonventionell, rebellisch, am Rande der Gesellschaft &#8230;) durch ihre Kunst (Musik, Fanzine, Video &#8230;) ausdr\u00fccken. Michael Croland portr\u00e4tiert diese K\u00fcnstler, die zu ihrer doppelten Identit\u00e4t &#8211; j\u00fcdisch und Punk &#8211; stehen: von der Pioniergruppe <strong>The Ramones<\/strong> &#8211; die aus zwei Juden und zwei Nichtjuden bestand und deren Er\u00f6ffnungstitel des ersten Albums &#8222;Blitzkrieg Bop&#8220; lautete &#8211; \u00fcber <strong>The Dictators<\/strong>, <strong>The Clash, NOFX, Schmeckel, Yidcore, Golem<\/strong> bis hin zu <strong>Moshiach Oi! und Daniel Kahn<\/strong>, und nicht zuletzt <strong>Steve Lieberman<\/strong>, besser bekannt als <strong>&#8222;Gangsta Rabbi&#8220;<\/strong>.<\/p>\n<p>Yishai Romanoff, der j\u00fcdisch-orthodoxe S\u00e4nger der Punkband <strong>Moshiach Oi!<\/strong> erkl\u00e4rt beispielsweise, dass sein Lied &#8222;<em> Abraham \u00e9tait un Punk Rocker <\/em>&#8220; eine Hymne f\u00fcr den j\u00fcdischen Punk sein kann: &#8222;<em>Geboren in eine Gesellschaft der L\u00fcgen, ganz jung erkannte er, dass alles um ihn herum nur Eitelkeit war, Abraham war der erste, der sich befreite, Abraham war ein Punk Rocker, zerst\u00f6rte alle G\u00f6tzen, ja, er konnte nicht erobert werden, ins Feuer geworfen, weil er es wagte zu widerstehen, gab uns einen Grund zu existieren&#8230;<\/em>&#8222;.<\/p>\n<p>In zahlreichen Anekdoten und Interviews zeigen uns die Anh\u00e4nger dieser seltsamen Sekte, dass sie eine angenehme Umgebung gefunden haben, in der sie sich zu Hause f\u00fchlen, nachdem sie sich von ihren Gemeinschaften, seien es Juden oder Punks, ausgeschlossen oder an den Rand gedr\u00e4ngt gef\u00fchlt haben.<\/p>\n<p><a href=\"https:\/\/michaelcroland.com\/oy-oy-oy-gevalt\/\" target=\"_blank\" rel=\"noopener\">Weitere Informationen, besuchen Sie die Webseite des Autors (auf Englisch).<\/a><br \/><a href=\"https:\/\/www.amazon.fr\/Oy-Gevalt-Jews-Punk\/dp\/1440832196\" target=\"_blank\" rel=\"noopener\">Das Buch bestellen<\/a><\/p>\n\n\n<figure class=\"wp-block-embed is-type-video is-provider-youtube wp-block-embed-youtube wp-embed-aspect-4-3 wp-has-aspect-ratio\"><div class=\"wp-block-embed__wrapper\">\n<iframe title=\"Moshiach Oi! - Avraham Was A Punk Rocker\" width=\"640\" height=\"480\" src=\"https:\/\/www.youtube.com\/embed\/VLPgW1qXY-c?feature=oembed\" frameborder=\"0\" allow=\"accelerometer; autoplay; clipboard-write; encrypted-media; gyroscope; picture-in-picture; web-share\" referrerpolicy=\"strict-origin-when-cross-origin\" allowfullscreen><\/iframe>\n<\/div><\/figure>\n","protected":false},"excerpt":{"rendered":"<p>Buch in englischer Sprache<\/p>\n","protected":false},"author":1048,"featured_media":97528,"comment_status":"closed","ping_status":"open","sticky":false,"template":"","format":"standard","meta":{"_acf_changed":false,"footnotes":""},"categories":[1578,1561],"tags":[],"technique":[],"squelettes":[],"sujet":[],"formation":[],"genre":[],"fonds":[],"tradition":[],"type-de-contenu":[],"interprete-compositeur":[],"frise":[],"type-devenement":[],"tableaux-liens-externes":[],"class_list":["post-97527","post","type-post","status-publish","format-standard","has-post-thumbnail","hentry","category-bucher-artikel-de","category-letzte-neuerwerbungen-de"],"acf":[],"yoast_head":"<!-- This site is optimized with the Yoast SEO plugin v27.3 - https:\/\/yoast.com\/product\/yoast-seo-wordpress\/ -->\n<title>Oy oy oy gevalt ! Jews and punk - Institut Europ\u00e9en des Musiques Juives<\/title>\n<meta name=\"robots\" content=\"index, follow, max-snippet:-1, max-image-preview:large, max-video-preview:-1\" \/>\n<link rel=\"canonical\" href=\"https:\/\/www.iemj.org\/de\/oy-oy-oy-gevalt-jews-and-punk\/\" \/>\n<meta property=\"og:locale\" content=\"de_DE\" \/>\n<meta property=\"og:type\" content=\"article\" \/>\n<meta property=\"og:title\" content=\"Oy oy oy gevalt ! Jews and punk - Institut Europ\u00e9en des Musiques Juives\" \/>\n<meta property=\"og:description\" content=\"Buch in englischer Sprache\" \/>\n<meta property=\"og:url\" content=\"https:\/\/www.iemj.org\/de\/oy-oy-oy-gevalt-jews-and-punk\/\" \/>\n<meta property=\"og:site_name\" content=\"Institut Europ\u00e9en des Musiques Juives\" \/>\n<meta property=\"article:publisher\" content=\"https:\/\/www.facebook.com\/MusiquesJuives\/\" \/>\n<meta property=\"article:published_time\" content=\"2017-02-01T10:56:24+00:00\" \/>\n<meta property=\"article:modified_time\" content=\"2023-05-31T15:32:38+00:00\" \/>\n<meta property=\"og:image\" content=\"https:\/\/www.iemj.org\/wp-content\/uploads\/2017\/02\/arton2071-scaled-e1619344738255.jpg\" \/>\n\t<meta property=\"og:image:width\" content=\"350\" \/>\n\t<meta property=\"og:image:height\" content=\"524\" \/>\n\t<meta property=\"og:image:type\" content=\"image\/jpeg\" \/>\n<meta name=\"author\" content=\"Jean-Gabriel Davis\" \/>\n<meta name=\"twitter:card\" content=\"summary_large_image\" \/>\n<meta name=\"twitter:label1\" content=\"Verfasst von\" \/>\n\t<meta name=\"twitter:data1\" content=\"Jean-Gabriel Davis\" \/>\n\t<meta name=\"twitter:label2\" content=\"Gesch\u00e4tzte Lesezeit\" \/>\n\t<meta name=\"twitter:data2\" content=\"3\u00a0Minuten\" \/>\n<script type=\"application\/ld+json\" class=\"yoast-schema-graph\">{\"@context\":\"https:\\\/\\\/schema.org\",\"@graph\":[{\"@type\":\"Article\",\"@id\":\"https:\\\/\\\/www.iemj.org\\\/de\\\/oy-oy-oy-gevalt-jews-and-punk\\\/#article\",\"isPartOf\":{\"@id\":\"https:\\\/\\\/www.iemj.org\\\/de\\\/oy-oy-oy-gevalt-jews-and-punk\\\/\"},\"author\":{\"name\":\"Jean-Gabriel Davis\",\"@id\":\"https:\\\/\\\/www.iemj.org\\\/de\\\/#\\\/schema\\\/person\\\/c9bc1c386a3749579a2d675e72a18666\"},\"headline\":\"Oy oy oy gevalt ! Jews and punk\",\"datePublished\":\"2017-02-01T10:56:24+00:00\",\"dateModified\":\"2023-05-31T15:32:38+00:00\",\"mainEntityOfPage\":{\"@id\":\"https:\\\/\\\/www.iemj.org\\\/de\\\/oy-oy-oy-gevalt-jews-and-punk\\\/\"},\"wordCount\":455,\"publisher\":{\"@id\":\"https:\\\/\\\/www.iemj.org\\\/de\\\/#organization\"},\"image\":{\"@id\":\"https:\\\/\\\/www.iemj.org\\\/de\\\/oy-oy-oy-gevalt-jews-and-punk\\\/#primaryimage\"},\"thumbnailUrl\":\"https:\\\/\\\/www.iemj.org\\\/wp-content\\\/uploads\\\/2017\\\/02\\\/arton2071-scaled-e1619344738255.jpg\",\"articleSection\":[\"B\u00fccher, Artikel\",\"Letzte Neuerwerbungen\"],\"inLanguage\":\"de\"},{\"@type\":\"WebPage\",\"@id\":\"https:\\\/\\\/www.iemj.org\\\/de\\\/oy-oy-oy-gevalt-jews-and-punk\\\/\",\"url\":\"https:\\\/\\\/www.iemj.org\\\/de\\\/oy-oy-oy-gevalt-jews-and-punk\\\/\",\"name\":\"Oy oy oy gevalt ! Jews and punk - Institut Europ\u00e9en des Musiques Juives\",\"isPartOf\":{\"@id\":\"https:\\\/\\\/www.iemj.org\\\/de\\\/#website\"},\"primaryImageOfPage\":{\"@id\":\"https:\\\/\\\/www.iemj.org\\\/de\\\/oy-oy-oy-gevalt-jews-and-punk\\\/#primaryimage\"},\"image\":{\"@id\":\"https:\\\/\\\/www.iemj.org\\\/de\\\/oy-oy-oy-gevalt-jews-and-punk\\\/#primaryimage\"},\"thumbnailUrl\":\"https:\\\/\\\/www.iemj.org\\\/wp-content\\\/uploads\\\/2017\\\/02\\\/arton2071-scaled-e1619344738255.jpg\",\"datePublished\":\"2017-02-01T10:56:24+00:00\",\"dateModified\":\"2023-05-31T15:32:38+00:00\",\"breadcrumb\":{\"@id\":\"https:\\\/\\\/www.iemj.org\\\/de\\\/oy-oy-oy-gevalt-jews-and-punk\\\/#breadcrumb\"},\"inLanguage\":\"de\",\"potentialAction\":[{\"@type\":\"ReadAction\",\"target\":[\"https:\\\/\\\/www.iemj.org\\\/de\\\/oy-oy-oy-gevalt-jews-and-punk\\\/\"]}]},{\"@type\":\"ImageObject\",\"inLanguage\":\"de\",\"@id\":\"https:\\\/\\\/www.iemj.org\\\/de\\\/oy-oy-oy-gevalt-jews-and-punk\\\/#primaryimage\",\"url\":\"https:\\\/\\\/www.iemj.org\\\/wp-content\\\/uploads\\\/2017\\\/02\\\/arton2071-scaled-e1619344738255.jpg\",\"contentUrl\":\"https:\\\/\\\/www.iemj.org\\\/wp-content\\\/uploads\\\/2017\\\/02\\\/arton2071-scaled-e1619344738255.jpg\",\"width\":350,\"height\":524},{\"@type\":\"BreadcrumbList\",\"@id\":\"https:\\\/\\\/www.iemj.org\\\/de\\\/oy-oy-oy-gevalt-jews-and-punk\\\/#breadcrumb\",\"itemListElement\":[{\"@type\":\"ListItem\",\"position\":1,\"name\":\"Accueil\",\"item\":\"https:\\\/\\\/www.iemj.org\\\/de\\\/\"},{\"@type\":\"ListItem\",\"position\":2,\"name\":\"Oy oy oy gevalt ! Jews and punk\"}]},{\"@type\":\"WebSite\",\"@id\":\"https:\\\/\\\/www.iemj.org\\\/de\\\/#website\",\"url\":\"https:\\\/\\\/www.iemj.org\\\/de\\\/\",\"name\":\"Institut Europ\u00e9en des Musiques Juives\",\"description\":\"Des traditions musicales \u00e0 la port\u00e9e de tous\",\"publisher\":{\"@id\":\"https:\\\/\\\/www.iemj.org\\\/de\\\/#organization\"},\"potentialAction\":[{\"@type\":\"SearchAction\",\"target\":{\"@type\":\"EntryPoint\",\"urlTemplate\":\"https:\\\/\\\/www.iemj.org\\\/de\\\/?s={search_term_string}\"},\"query-input\":{\"@type\":\"PropertyValueSpecification\",\"valueRequired\":true,\"valueName\":\"search_term_string\"}}],\"inLanguage\":\"de\"},{\"@type\":\"Organization\",\"@id\":\"https:\\\/\\\/www.iemj.org\\\/de\\\/#organization\",\"name\":\"Institut Europ\u00e9en des Musiques Juives\",\"url\":\"https:\\\/\\\/www.iemj.org\\\/de\\\/\",\"logo\":{\"@type\":\"ImageObject\",\"inLanguage\":\"de\",\"@id\":\"https:\\\/\\\/www.iemj.org\\\/de\\\/#\\\/schema\\\/logo\\\/image\\\/\",\"url\":\"https:\\\/\\\/www.iemj.org\\\/wp-content\\\/uploads\\\/2021\\\/09\\\/Logo-IEMJ-Paypal.jpg\",\"contentUrl\":\"https:\\\/\\\/www.iemj.org\\\/wp-content\\\/uploads\\\/2021\\\/09\\\/Logo-IEMJ-Paypal.jpg\",\"width\":150,\"height\":50,\"caption\":\"Institut Europ\u00e9en des Musiques Juives\"},\"image\":{\"@id\":\"https:\\\/\\\/www.iemj.org\\\/de\\\/#\\\/schema\\\/logo\\\/image\\\/\"},\"sameAs\":[\"https:\\\/\\\/www.facebook.com\\\/MusiquesJuives\\\/\",\"https:\\\/\\\/www.instagram.com\\\/musiquesjuives\\\/\",\"https:\\\/\\\/www.youtube.com\\\/user\\\/musiquesjuives\"]},{\"@type\":\"Person\",\"@id\":\"https:\\\/\\\/www.iemj.org\\\/de\\\/#\\\/schema\\\/person\\\/c9bc1c386a3749579a2d675e72a18666\",\"name\":\"Jean-Gabriel Davis\",\"image\":{\"@type\":\"ImageObject\",\"inLanguage\":\"de\",\"@id\":\"https:\\\/\\\/secure.gravatar.com\\\/avatar\\\/2b90d67bdf392c9b3a21fab87c0fa7edaf1fb3a058172a1ffd61033fcec7aec1?s=96&d=mm&r=g\",\"url\":\"https:\\\/\\\/secure.gravatar.com\\\/avatar\\\/2b90d67bdf392c9b3a21fab87c0fa7edaf1fb3a058172a1ffd61033fcec7aec1?s=96&d=mm&r=g\",\"contentUrl\":\"https:\\\/\\\/secure.gravatar.com\\\/avatar\\\/2b90d67bdf392c9b3a21fab87c0fa7edaf1fb3a058172a1ffd61033fcec7aec1?s=96&d=mm&r=g\",\"caption\":\"Jean-Gabriel Davis\"}}]}<\/script>\n<!-- \/ Yoast SEO plugin. -->","yoast_head_json":{"title":"Oy oy oy gevalt ! Jews and punk - Institut Europ\u00e9en des Musiques Juives","robots":{"index":"index","follow":"follow","max-snippet":"max-snippet:-1","max-image-preview":"max-image-preview:large","max-video-preview":"max-video-preview:-1"},"canonical":"https:\/\/www.iemj.org\/de\/oy-oy-oy-gevalt-jews-and-punk\/","og_locale":"de_DE","og_type":"article","og_title":"Oy oy oy gevalt ! Jews and punk - Institut Europ\u00e9en des Musiques Juives","og_description":"Buch in englischer Sprache","og_url":"https:\/\/www.iemj.org\/de\/oy-oy-oy-gevalt-jews-and-punk\/","og_site_name":"Institut Europ\u00e9en des Musiques Juives","article_publisher":"https:\/\/www.facebook.com\/MusiquesJuives\/","article_published_time":"2017-02-01T10:56:24+00:00","article_modified_time":"2023-05-31T15:32:38+00:00","og_image":[{"width":350,"height":524,"url":"https:\/\/www.iemj.org\/wp-content\/uploads\/2017\/02\/arton2071-scaled-e1619344738255.jpg","type":"image\/jpeg"}],"author":"Jean-Gabriel Davis","twitter_card":"summary_large_image","twitter_misc":{"Verfasst von":"Jean-Gabriel Davis","Gesch\u00e4tzte Lesezeit":"3\u00a0Minuten"},"schema":{"@context":"https:\/\/schema.org","@graph":[{"@type":"Article","@id":"https:\/\/www.iemj.org\/de\/oy-oy-oy-gevalt-jews-and-punk\/#article","isPartOf":{"@id":"https:\/\/www.iemj.org\/de\/oy-oy-oy-gevalt-jews-and-punk\/"},"author":{"name":"Jean-Gabriel Davis","@id":"https:\/\/www.iemj.org\/de\/#\/schema\/person\/c9bc1c386a3749579a2d675e72a18666"},"headline":"Oy oy oy gevalt ! Jews and punk","datePublished":"2017-02-01T10:56:24+00:00","dateModified":"2023-05-31T15:32:38+00:00","mainEntityOfPage":{"@id":"https:\/\/www.iemj.org\/de\/oy-oy-oy-gevalt-jews-and-punk\/"},"wordCount":455,"publisher":{"@id":"https:\/\/www.iemj.org\/de\/#organization"},"image":{"@id":"https:\/\/www.iemj.org\/de\/oy-oy-oy-gevalt-jews-and-punk\/#primaryimage"},"thumbnailUrl":"https:\/\/www.iemj.org\/wp-content\/uploads\/2017\/02\/arton2071-scaled-e1619344738255.jpg","articleSection":["B\u00fccher, Artikel","Letzte Neuerwerbungen"],"inLanguage":"de"},{"@type":"WebPage","@id":"https:\/\/www.iemj.org\/de\/oy-oy-oy-gevalt-jews-and-punk\/","url":"https:\/\/www.iemj.org\/de\/oy-oy-oy-gevalt-jews-and-punk\/","name":"Oy oy oy gevalt ! Jews and punk - Institut Europ\u00e9en des Musiques Juives","isPartOf":{"@id":"https:\/\/www.iemj.org\/de\/#website"},"primaryImageOfPage":{"@id":"https:\/\/www.iemj.org\/de\/oy-oy-oy-gevalt-jews-and-punk\/#primaryimage"},"image":{"@id":"https:\/\/www.iemj.org\/de\/oy-oy-oy-gevalt-jews-and-punk\/#primaryimage"},"thumbnailUrl":"https:\/\/www.iemj.org\/wp-content\/uploads\/2017\/02\/arton2071-scaled-e1619344738255.jpg","datePublished":"2017-02-01T10:56:24+00:00","dateModified":"2023-05-31T15:32:38+00:00","breadcrumb":{"@id":"https:\/\/www.iemj.org\/de\/oy-oy-oy-gevalt-jews-and-punk\/#breadcrumb"},"inLanguage":"de","potentialAction":[{"@type":"ReadAction","target":["https:\/\/www.iemj.org\/de\/oy-oy-oy-gevalt-jews-and-punk\/"]}]},{"@type":"ImageObject","inLanguage":"de","@id":"https:\/\/www.iemj.org\/de\/oy-oy-oy-gevalt-jews-and-punk\/#primaryimage","url":"https:\/\/www.iemj.org\/wp-content\/uploads\/2017\/02\/arton2071-scaled-e1619344738255.jpg","contentUrl":"https:\/\/www.iemj.org\/wp-content\/uploads\/2017\/02\/arton2071-scaled-e1619344738255.jpg","width":350,"height":524},{"@type":"BreadcrumbList","@id":"https:\/\/www.iemj.org\/de\/oy-oy-oy-gevalt-jews-and-punk\/#breadcrumb","itemListElement":[{"@type":"ListItem","position":1,"name":"Accueil","item":"https:\/\/www.iemj.org\/de\/"},{"@type":"ListItem","position":2,"name":"Oy oy oy gevalt ! Jews and punk"}]},{"@type":"WebSite","@id":"https:\/\/www.iemj.org\/de\/#website","url":"https:\/\/www.iemj.org\/de\/","name":"Institut Europ\u00e9en des Musiques Juives","description":"Des traditions musicales \u00e0 la port\u00e9e de tous","publisher":{"@id":"https:\/\/www.iemj.org\/de\/#organization"},"potentialAction":[{"@type":"SearchAction","target":{"@type":"EntryPoint","urlTemplate":"https:\/\/www.iemj.org\/de\/?s={search_term_string}"},"query-input":{"@type":"PropertyValueSpecification","valueRequired":true,"valueName":"search_term_string"}}],"inLanguage":"de"},{"@type":"Organization","@id":"https:\/\/www.iemj.org\/de\/#organization","name":"Institut Europ\u00e9en des Musiques Juives","url":"https:\/\/www.iemj.org\/de\/","logo":{"@type":"ImageObject","inLanguage":"de","@id":"https:\/\/www.iemj.org\/de\/#\/schema\/logo\/image\/","url":"https:\/\/www.iemj.org\/wp-content\/uploads\/2021\/09\/Logo-IEMJ-Paypal.jpg","contentUrl":"https:\/\/www.iemj.org\/wp-content\/uploads\/2021\/09\/Logo-IEMJ-Paypal.jpg","width":150,"height":50,"caption":"Institut Europ\u00e9en des Musiques Juives"},"image":{"@id":"https:\/\/www.iemj.org\/de\/#\/schema\/logo\/image\/"},"sameAs":["https:\/\/www.facebook.com\/MusiquesJuives\/","https:\/\/www.instagram.com\/musiquesjuives\/","https:\/\/www.youtube.com\/user\/musiquesjuives"]},{"@type":"Person","@id":"https:\/\/www.iemj.org\/de\/#\/schema\/person\/c9bc1c386a3749579a2d675e72a18666","name":"Jean-Gabriel Davis","image":{"@type":"ImageObject","inLanguage":"de","@id":"https:\/\/secure.gravatar.com\/avatar\/2b90d67bdf392c9b3a21fab87c0fa7edaf1fb3a058172a1ffd61033fcec7aec1?s=96&d=mm&r=g","url":"https:\/\/secure.gravatar.com\/avatar\/2b90d67bdf392c9b3a21fab87c0fa7edaf1fb3a058172a1ffd61033fcec7aec1?s=96&d=mm&r=g","contentUrl":"https:\/\/secure.gravatar.com\/avatar\/2b90d67bdf392c9b3a21fab87c0fa7edaf1fb3a058172a1ffd61033fcec7aec1?s=96&d=mm&r=g","caption":"Jean-Gabriel Davis"}}]}},"_links":{"self":[{"href":"https:\/\/www.iemj.org\/de\/wp-json\/wp\/v2\/posts\/97527","targetHints":{"allow":["GET"]}}],"collection":[{"href":"https:\/\/www.iemj.org\/de\/wp-json\/wp\/v2\/posts"}],"about":[{"href":"https:\/\/www.iemj.org\/de\/wp-json\/wp\/v2\/types\/post"}],"author":[{"embeddable":true,"href":"https:\/\/www.iemj.org\/de\/wp-json\/wp\/v2\/users\/1048"}],"replies":[{"embeddable":true,"href":"https:\/\/www.iemj.org\/de\/wp-json\/wp\/v2\/comments?post=97527"}],"version-history":[{"count":0,"href":"https:\/\/www.iemj.org\/de\/wp-json\/wp\/v2\/posts\/97527\/revisions"}],"wp:featuredmedia":[{"embeddable":true,"href":"https:\/\/www.iemj.org\/de\/wp-json\/wp\/v2\/media\/97528"}],"wp:attachment":[{"href":"https:\/\/www.iemj.org\/de\/wp-json\/wp\/v2\/media?parent=97527"}],"wp:term":[{"taxonomy":"category","embeddable":true,"href":"https:\/\/www.iemj.org\/de\/wp-json\/wp\/v2\/categories?post=97527"},{"taxonomy":"post_tag","embeddable":true,"href":"https:\/\/www.iemj.org\/de\/wp-json\/wp\/v2\/tags?post=97527"},{"taxonomy":"technique","embeddable":true,"href":"https:\/\/www.iemj.org\/de\/wp-json\/wp\/v2\/technique?post=97527"},{"taxonomy":"squelettes","embeddable":true,"href":"https:\/\/www.iemj.org\/de\/wp-json\/wp\/v2\/squelettes?post=97527"},{"taxonomy":"sujet","embeddable":true,"href":"https:\/\/www.iemj.org\/de\/wp-json\/wp\/v2\/sujet?post=97527"},{"taxonomy":"formation","embeddable":true,"href":"https:\/\/www.iemj.org\/de\/wp-json\/wp\/v2\/formation?post=97527"},{"taxonomy":"genre","embeddable":true,"href":"https:\/\/www.iemj.org\/de\/wp-json\/wp\/v2\/genre?post=97527"},{"taxonomy":"fonds","embeddable":true,"href":"https:\/\/www.iemj.org\/de\/wp-json\/wp\/v2\/fonds?post=97527"},{"taxonomy":"tradition","embeddable":true,"href":"https:\/\/www.iemj.org\/de\/wp-json\/wp\/v2\/tradition?post=97527"},{"taxonomy":"type-de-contenu","embeddable":true,"href":"https:\/\/www.iemj.org\/de\/wp-json\/wp\/v2\/type-de-contenu?post=97527"},{"taxonomy":"interprete-compositeur","embeddable":true,"href":"https:\/\/www.iemj.org\/de\/wp-json\/wp\/v2\/interprete-compositeur?post=97527"},{"taxonomy":"frise","embeddable":true,"href":"https:\/\/www.iemj.org\/de\/wp-json\/wp\/v2\/frise?post=97527"},{"taxonomy":"type-devenement","embeddable":true,"href":"https:\/\/www.iemj.org\/de\/wp-json\/wp\/v2\/type-devenement?post=97527"},{"taxonomy":"tableaux-liens-externes","embeddable":true,"href":"https:\/\/www.iemj.org\/de\/wp-json\/wp\/v2\/tableaux-liens-externes?post=97527"}],"curies":[{"name":"wp","href":"https:\/\/api.w.org\/{rel}","templated":true}]}}