{"id":97700,"date":"2020-01-21T12:13:37","date_gmt":"2020-01-21T11:13:37","guid":{"rendered":"https:\/\/www.iemj.org\/la-nuit-de-la-theologie-4e-edition\/"},"modified":"2025-10-03T10:14:14","modified_gmt":"2025-10-03T08:14:14","slug":"la-nuit-de-la-theologie-4e-edition","status":"publish","type":"post","link":"https:\/\/www.iemj.org\/de\/la-nuit-de-la-theologie-4e-edition\/","title":{"rendered":"Die Nacht der Theologie &#8211; 4. Auflage"},"content":{"rendered":"<p>Ein Abend, der der Beziehung zwischen Musik und Religion gewidmet ist, dann der \u00f6kologischen Frage, die von der Villa Gillet und der Institution des Chartreux im Rahmen der Nacht der Ideen konzipiert und organisiert wurde. In Partnerschaft mit dem Fonds de dotation des Chartreux und RCF.<\/p>\n<p><!--more-->Die Villa Gillet und die Institution des Chartreux pr\u00e4sentieren die vierte Ausgabe von La Nuit de la Th\u00e9ologie: eine Gelegenheit, um zu zeigen, dass religi\u00f6se Fragen alle B\u00fcrger betreffen, unabh\u00e4ngig davon, ob sie mit der Aus\u00fcbung des Glaubens verbunden sind oder nicht.<\/p>\n<p><strong>PROGRAMM<\/strong><\/p>\n<p>18.30 Uhr | Das Heilige h\u00f6ren<br \/>\nOb als Begleitung von Gottesdiensten, als Ausdruck der Gl\u00e4ubigen oder als Werk nichtreligi\u00f6ser Komponisten &#8211; Musik nimmt innerhalb der Religionen einen ganz besonderen Platz ein. Welche Rolle spielt die Religion in der Musikkultur?<br \/>\nMit:<br \/>\n<a href=\"https:\/\/www.villagillet.net\/invites\/jean-during\">Jean During<\/a>, Ethnomusikologe, Spezialist f\u00fcr zentralasiatische Musik,<br \/>\n<a href=\"https:\/\/www.villagillet.net\/invites\/herve-roten\">Herv\u00e9 Roten<\/a>, Musikwissenschaftler und Spezialist f\u00fcr j\u00fcdische Musik,<br \/>\n<a href=\"https:\/\/www.villagillet.net\/invites\/jean-clement-jollet\">Jean-Cl\u00e9ment Jollet<\/a>, Musikwissenschaftler.<br \/>\nModeriert von Fran\u00e7ois-Xavier Szymczak, Produzent bei France Musique.<\/p>\n<p>20h &#8211; 20h30 | Geselliger Moment bei einer Suppe<\/p>\n<p>20.30 Uhr | Konzert<br \/>\nPaz, Salam, Shalom: Konzert des Ensembles <a href=\"https:\/\/www.villagillet.net\/invites\/canticum-novum\">Canticum Novum<\/a> unter der Leitung von Emmanuel Bardon.<\/p>\n<p>21.30 Uhr | Die \u00f6kologische Frage im Herzen der Religionen ?<br \/>\nDiskussion mit vorangehender Lesung der Vogelpredigt des Heiligen Franz von Assisi, Text von Joseph Delteil, durch Gr\u00e9goire Ingold, Schauspieler und Regisseur der Theatergruppe Balagan Syst\u00e8me.<\/p>\n<p>Debatte: Die Bewusstwerdung der \u00f6kologischen Herausforderung unserer Gesellschaften f\u00fchrt dazu, dass die Religionen sich neu hinterfragen und das Thema aufgreifen. Die \u00f6kologische Bekehrung: Dogma, spirituelle Bekehrung oder Mitnahmeeffekt?<br \/>\nMit:<br \/>\n<a href=\"https:\/\/www.villagillet.net\/invites\/nissim-sultan\">Nissim Sultan<\/a>, Rabbiner in Grenoble<br \/>\nMohammed Taleb, Philosoph, Vortragender und Ausbilder<br \/>\nModeriert von Philippe Lansac, Produzent bei RCF.<\/p>\n<p>5 \u20ac \/ Kostenlos f\u00fcr Sch\u00fcler, Studenten, Arbeitssuchende und Sozialhilfeempf\u00e4nger.<\/p>\n<p><a href=\"https:\/\/www.villagillet.net\/evenements\/la-nuit-de-la-theologie-4eme-edition\">Mehr erfahren<\/a><\/p>\n<h2><a href=\"https:\/\/www.iemj.org\/de\/entendre-le-sacre\/\" target=\"_blank\" rel=\"noopener\">Herv\u00e9 Rotens Vortrag anh\u00f6ren<\/a><\/h2>\n","protected":false},"excerpt":{"rendered":"<p>Ein Abend, der der Beziehung zwischen Musik und Religion gewidmet ist, dann der \u00f6kologischen Frage, die von der Villa Gillet und der Institution des Chartreux im Rahmen der Nacht der<\/p>\n","protected":false},"author":1045,"featured_media":97701,"comment_status":"closed","ping_status":"closed","sticky":false,"template":"","format":"standard","meta":{"_acf_changed":false,"footnotes":""},"categories":[1382,1370],"tags":[3420],"technique":[],"squelettes":[],"sujet":[],"formation":[],"genre":[],"fonds":[],"tradition":[],"type-de-contenu":[],"interprete-compositeur":[],"frise":[],"type-devenement":[],"tableaux-liens-externes":[],"class_list":["post-97700","post","type-post","status-publish","format-standard","has-post-thumbnail","hentry","category-kurse-konferenzen-de","category-veranstaltungen-de","tag-partner-veranstaltungen-de"],"acf":[],"yoast_head":"<!-- This site is optimized with the Yoast SEO plugin v27.3 - https:\/\/yoast.com\/product\/yoast-seo-wordpress\/ -->\n<title>Die Nacht der Theologie - 4. Auflage - Institut Europ\u00e9en des Musiques Juives<\/title>\n<meta name=\"robots\" content=\"noindex, follow\" \/>\n<meta property=\"og:locale\" content=\"de_DE\" \/>\n<meta property=\"og:type\" content=\"article\" \/>\n<meta property=\"og:title\" content=\"Die Nacht der Theologie - 4. Auflage - Institut Europ\u00e9en des Musiques Juives\" \/>\n<meta property=\"og:description\" content=\"Ein Abend, der der Beziehung zwischen Musik und Religion gewidmet ist, dann der \u00f6kologischen Frage, die von der Villa Gillet und der Institution des Chartreux im Rahmen der Nacht der\" \/>\n<meta property=\"og:url\" content=\"https:\/\/www.iemj.org\/de\/la-nuit-de-la-theologie-4e-edition\/\" \/>\n<meta property=\"og:site_name\" content=\"Institut Europ\u00e9en des Musiques Juives\" \/>\n<meta property=\"article:publisher\" content=\"https:\/\/www.facebook.com\/MusiquesJuives\/\" \/>\n<meta property=\"article:published_time\" content=\"2020-01-21T11:13:37+00:00\" \/>\n<meta property=\"article:modified_time\" content=\"2025-10-03T08:14:14+00:00\" \/>\n<meta property=\"og:image\" content=\"https:\/\/www.iemj.org\/wp-content\/uploads\/2020\/01\/arton4493.jpg\" \/>\n\t<meta property=\"og:image:width\" content=\"297\" \/>\n\t<meta property=\"og:image:height\" content=\"284\" \/>\n\t<meta property=\"og:image:type\" content=\"image\/jpeg\" \/>\n<meta name=\"author\" content=\"Herv\u00e9 Roten\" \/>\n<meta name=\"twitter:card\" content=\"summary_large_image\" \/>\n<meta name=\"twitter:label1\" content=\"Verfasst von\" \/>\n\t<meta name=\"twitter:data1\" content=\"Herv\u00e9 Roten\" \/>\n\t<meta name=\"twitter:label2\" content=\"Gesch\u00e4tzte Lesezeit\" \/>\n\t<meta name=\"twitter:data2\" content=\"2\u00a0Minuten\" \/>\n<script type=\"application\/ld+json\" class=\"yoast-schema-graph\">{\"@context\":\"https:\\\/\\\/schema.org\",\"@graph\":[{\"@type\":\"Article\",\"@id\":\"https:\\\/\\\/www.iemj.org\\\/de\\\/la-nuit-de-la-theologie-4e-edition\\\/#article\",\"isPartOf\":{\"@id\":\"https:\\\/\\\/www.iemj.org\\\/de\\\/la-nuit-de-la-theologie-4e-edition\\\/\"},\"author\":{\"name\":\"Herv\u00e9 Roten\",\"@id\":\"https:\\\/\\\/www.iemj.org\\\/de\\\/#\\\/schema\\\/person\\\/906134402c29d5c76e7b726261dd4bbd\"},\"headline\":\"Die Nacht der Theologie &#8211; 4. Auflage\",\"datePublished\":\"2020-01-21T11:13:37+00:00\",\"dateModified\":\"2025-10-03T08:14:14+00:00\",\"mainEntityOfPage\":{\"@id\":\"https:\\\/\\\/www.iemj.org\\\/de\\\/la-nuit-de-la-theologie-4e-edition\\\/\"},\"wordCount\":297,\"publisher\":{\"@id\":\"https:\\\/\\\/www.iemj.org\\\/de\\\/#organization\"},\"image\":{\"@id\":\"https:\\\/\\\/www.iemj.org\\\/de\\\/la-nuit-de-la-theologie-4e-edition\\\/#primaryimage\"},\"thumbnailUrl\":\"https:\\\/\\\/www.iemj.org\\\/wp-content\\\/uploads\\\/2020\\\/01\\\/arton4493.jpg\",\"keywords\":[\"Partner-Veranstaltungen\"],\"articleSection\":[\"Kurse \\\/ Konferenzen\",\"Veranstaltungen\"],\"inLanguage\":\"de\"},{\"@type\":\"WebPage\",\"@id\":\"https:\\\/\\\/www.iemj.org\\\/de\\\/la-nuit-de-la-theologie-4e-edition\\\/\",\"url\":\"https:\\\/\\\/www.iemj.org\\\/de\\\/la-nuit-de-la-theologie-4e-edition\\\/\",\"name\":\"Die Nacht der Theologie - 4. Auflage - Institut Europ\u00e9en des Musiques Juives\",\"isPartOf\":{\"@id\":\"https:\\\/\\\/www.iemj.org\\\/de\\\/#website\"},\"primaryImageOfPage\":{\"@id\":\"https:\\\/\\\/www.iemj.org\\\/de\\\/la-nuit-de-la-theologie-4e-edition\\\/#primaryimage\"},\"image\":{\"@id\":\"https:\\\/\\\/www.iemj.org\\\/de\\\/la-nuit-de-la-theologie-4e-edition\\\/#primaryimage\"},\"thumbnailUrl\":\"https:\\\/\\\/www.iemj.org\\\/wp-content\\\/uploads\\\/2020\\\/01\\\/arton4493.jpg\",\"datePublished\":\"2020-01-21T11:13:37+00:00\",\"dateModified\":\"2025-10-03T08:14:14+00:00\",\"breadcrumb\":{\"@id\":\"https:\\\/\\\/www.iemj.org\\\/de\\\/la-nuit-de-la-theologie-4e-edition\\\/#breadcrumb\"},\"inLanguage\":\"de\",\"potentialAction\":[{\"@type\":\"ReadAction\",\"target\":[\"https:\\\/\\\/www.iemj.org\\\/de\\\/la-nuit-de-la-theologie-4e-edition\\\/\"]}]},{\"@type\":\"ImageObject\",\"inLanguage\":\"de\",\"@id\":\"https:\\\/\\\/www.iemj.org\\\/de\\\/la-nuit-de-la-theologie-4e-edition\\\/#primaryimage\",\"url\":\"https:\\\/\\\/www.iemj.org\\\/wp-content\\\/uploads\\\/2020\\\/01\\\/arton4493.jpg\",\"contentUrl\":\"https:\\\/\\\/www.iemj.org\\\/wp-content\\\/uploads\\\/2020\\\/01\\\/arton4493.jpg\",\"width\":297,\"height\":284},{\"@type\":\"BreadcrumbList\",\"@id\":\"https:\\\/\\\/www.iemj.org\\\/de\\\/la-nuit-de-la-theologie-4e-edition\\\/#breadcrumb\",\"itemListElement\":[{\"@type\":\"ListItem\",\"position\":1,\"name\":\"Accueil\",\"item\":\"https:\\\/\\\/www.iemj.org\\\/de\\\/\"},{\"@type\":\"ListItem\",\"position\":2,\"name\":\"Die Nacht der Theologie &#8211; 4. Auflage\"}]},{\"@type\":\"WebSite\",\"@id\":\"https:\\\/\\\/www.iemj.org\\\/de\\\/#website\",\"url\":\"https:\\\/\\\/www.iemj.org\\\/de\\\/\",\"name\":\"Institut Europ\u00e9en des Musiques Juives\",\"description\":\"Des traditions musicales \u00e0 la port\u00e9e de tous\",\"publisher\":{\"@id\":\"https:\\\/\\\/www.iemj.org\\\/de\\\/#organization\"},\"potentialAction\":[{\"@type\":\"SearchAction\",\"target\":{\"@type\":\"EntryPoint\",\"urlTemplate\":\"https:\\\/\\\/www.iemj.org\\\/de\\\/?s={search_term_string}\"},\"query-input\":{\"@type\":\"PropertyValueSpecification\",\"valueRequired\":true,\"valueName\":\"search_term_string\"}}],\"inLanguage\":\"de\"},{\"@type\":\"Organization\",\"@id\":\"https:\\\/\\\/www.iemj.org\\\/de\\\/#organization\",\"name\":\"Institut Europ\u00e9en des Musiques Juives\",\"url\":\"https:\\\/\\\/www.iemj.org\\\/de\\\/\",\"logo\":{\"@type\":\"ImageObject\",\"inLanguage\":\"de\",\"@id\":\"https:\\\/\\\/www.iemj.org\\\/de\\\/#\\\/schema\\\/logo\\\/image\\\/\",\"url\":\"https:\\\/\\\/www.iemj.org\\\/wp-content\\\/uploads\\\/2021\\\/09\\\/Logo-IEMJ-Paypal.jpg\",\"contentUrl\":\"https:\\\/\\\/www.iemj.org\\\/wp-content\\\/uploads\\\/2021\\\/09\\\/Logo-IEMJ-Paypal.jpg\",\"width\":150,\"height\":50,\"caption\":\"Institut Europ\u00e9en des Musiques Juives\"},\"image\":{\"@id\":\"https:\\\/\\\/www.iemj.org\\\/de\\\/#\\\/schema\\\/logo\\\/image\\\/\"},\"sameAs\":[\"https:\\\/\\\/www.facebook.com\\\/MusiquesJuives\\\/\",\"https:\\\/\\\/www.instagram.com\\\/musiquesjuives\\\/\",\"https:\\\/\\\/www.youtube.com\\\/user\\\/musiquesjuives\"]},{\"@type\":\"Person\",\"@id\":\"https:\\\/\\\/www.iemj.org\\\/de\\\/#\\\/schema\\\/person\\\/906134402c29d5c76e7b726261dd4bbd\",\"name\":\"Herv\u00e9 Roten\",\"image\":{\"@type\":\"ImageObject\",\"inLanguage\":\"de\",\"@id\":\"https:\\\/\\\/secure.gravatar.com\\\/avatar\\\/f96ad2db538a26481f18384936b5cd0610c92d390c4dc382209216d455f685ff?s=96&d=mm&r=g\",\"url\":\"https:\\\/\\\/secure.gravatar.com\\\/avatar\\\/f96ad2db538a26481f18384936b5cd0610c92d390c4dc382209216d455f685ff?s=96&d=mm&r=g\",\"contentUrl\":\"https:\\\/\\\/secure.gravatar.com\\\/avatar\\\/f96ad2db538a26481f18384936b5cd0610c92d390c4dc382209216d455f685ff?s=96&d=mm&r=g\",\"caption\":\"Herv\u00e9 Roten\"}}]}<\/script>\n<!-- \/ Yoast SEO plugin. -->","yoast_head_json":{"title":"Die Nacht der Theologie - 4. Auflage - Institut Europ\u00e9en des Musiques Juives","robots":{"index":"noindex","follow":"follow"},"og_locale":"de_DE","og_type":"article","og_title":"Die Nacht der Theologie - 4. Auflage - Institut Europ\u00e9en des Musiques Juives","og_description":"Ein Abend, der der Beziehung zwischen Musik und Religion gewidmet ist, dann der \u00f6kologischen Frage, die von der Villa Gillet und der Institution des Chartreux im Rahmen der Nacht der","og_url":"https:\/\/www.iemj.org\/de\/la-nuit-de-la-theologie-4e-edition\/","og_site_name":"Institut Europ\u00e9en des Musiques Juives","article_publisher":"https:\/\/www.facebook.com\/MusiquesJuives\/","article_published_time":"2020-01-21T11:13:37+00:00","article_modified_time":"2025-10-03T08:14:14+00:00","og_image":[{"width":297,"height":284,"url":"https:\/\/www.iemj.org\/wp-content\/uploads\/2020\/01\/arton4493.jpg","type":"image\/jpeg"}],"author":"Herv\u00e9 Roten","twitter_card":"summary_large_image","twitter_misc":{"Verfasst von":"Herv\u00e9 Roten","Gesch\u00e4tzte Lesezeit":"2\u00a0Minuten"},"schema":{"@context":"https:\/\/schema.org","@graph":[{"@type":"Article","@id":"https:\/\/www.iemj.org\/de\/la-nuit-de-la-theologie-4e-edition\/#article","isPartOf":{"@id":"https:\/\/www.iemj.org\/de\/la-nuit-de-la-theologie-4e-edition\/"},"author":{"name":"Herv\u00e9 Roten","@id":"https:\/\/www.iemj.org\/de\/#\/schema\/person\/906134402c29d5c76e7b726261dd4bbd"},"headline":"Die Nacht der Theologie &#8211; 4. Auflage","datePublished":"2020-01-21T11:13:37+00:00","dateModified":"2025-10-03T08:14:14+00:00","mainEntityOfPage":{"@id":"https:\/\/www.iemj.org\/de\/la-nuit-de-la-theologie-4e-edition\/"},"wordCount":297,"publisher":{"@id":"https:\/\/www.iemj.org\/de\/#organization"},"image":{"@id":"https:\/\/www.iemj.org\/de\/la-nuit-de-la-theologie-4e-edition\/#primaryimage"},"thumbnailUrl":"https:\/\/www.iemj.org\/wp-content\/uploads\/2020\/01\/arton4493.jpg","keywords":["Partner-Veranstaltungen"],"articleSection":["Kurse \/ Konferenzen","Veranstaltungen"],"inLanguage":"de"},{"@type":"WebPage","@id":"https:\/\/www.iemj.org\/de\/la-nuit-de-la-theologie-4e-edition\/","url":"https:\/\/www.iemj.org\/de\/la-nuit-de-la-theologie-4e-edition\/","name":"Die Nacht der Theologie - 4. Auflage - Institut Europ\u00e9en des Musiques Juives","isPartOf":{"@id":"https:\/\/www.iemj.org\/de\/#website"},"primaryImageOfPage":{"@id":"https:\/\/www.iemj.org\/de\/la-nuit-de-la-theologie-4e-edition\/#primaryimage"},"image":{"@id":"https:\/\/www.iemj.org\/de\/la-nuit-de-la-theologie-4e-edition\/#primaryimage"},"thumbnailUrl":"https:\/\/www.iemj.org\/wp-content\/uploads\/2020\/01\/arton4493.jpg","datePublished":"2020-01-21T11:13:37+00:00","dateModified":"2025-10-03T08:14:14+00:00","breadcrumb":{"@id":"https:\/\/www.iemj.org\/de\/la-nuit-de-la-theologie-4e-edition\/#breadcrumb"},"inLanguage":"de","potentialAction":[{"@type":"ReadAction","target":["https:\/\/www.iemj.org\/de\/la-nuit-de-la-theologie-4e-edition\/"]}]},{"@type":"ImageObject","inLanguage":"de","@id":"https:\/\/www.iemj.org\/de\/la-nuit-de-la-theologie-4e-edition\/#primaryimage","url":"https:\/\/www.iemj.org\/wp-content\/uploads\/2020\/01\/arton4493.jpg","contentUrl":"https:\/\/www.iemj.org\/wp-content\/uploads\/2020\/01\/arton4493.jpg","width":297,"height":284},{"@type":"BreadcrumbList","@id":"https:\/\/www.iemj.org\/de\/la-nuit-de-la-theologie-4e-edition\/#breadcrumb","itemListElement":[{"@type":"ListItem","position":1,"name":"Accueil","item":"https:\/\/www.iemj.org\/de\/"},{"@type":"ListItem","position":2,"name":"Die Nacht der Theologie &#8211; 4. Auflage"}]},{"@type":"WebSite","@id":"https:\/\/www.iemj.org\/de\/#website","url":"https:\/\/www.iemj.org\/de\/","name":"Institut Europ\u00e9en des Musiques Juives","description":"Des traditions musicales \u00e0 la port\u00e9e de tous","publisher":{"@id":"https:\/\/www.iemj.org\/de\/#organization"},"potentialAction":[{"@type":"SearchAction","target":{"@type":"EntryPoint","urlTemplate":"https:\/\/www.iemj.org\/de\/?s={search_term_string}"},"query-input":{"@type":"PropertyValueSpecification","valueRequired":true,"valueName":"search_term_string"}}],"inLanguage":"de"},{"@type":"Organization","@id":"https:\/\/www.iemj.org\/de\/#organization","name":"Institut Europ\u00e9en des Musiques Juives","url":"https:\/\/www.iemj.org\/de\/","logo":{"@type":"ImageObject","inLanguage":"de","@id":"https:\/\/www.iemj.org\/de\/#\/schema\/logo\/image\/","url":"https:\/\/www.iemj.org\/wp-content\/uploads\/2021\/09\/Logo-IEMJ-Paypal.jpg","contentUrl":"https:\/\/www.iemj.org\/wp-content\/uploads\/2021\/09\/Logo-IEMJ-Paypal.jpg","width":150,"height":50,"caption":"Institut Europ\u00e9en des Musiques Juives"},"image":{"@id":"https:\/\/www.iemj.org\/de\/#\/schema\/logo\/image\/"},"sameAs":["https:\/\/www.facebook.com\/MusiquesJuives\/","https:\/\/www.instagram.com\/musiquesjuives\/","https:\/\/www.youtube.com\/user\/musiquesjuives"]},{"@type":"Person","@id":"https:\/\/www.iemj.org\/de\/#\/schema\/person\/906134402c29d5c76e7b726261dd4bbd","name":"Herv\u00e9 Roten","image":{"@type":"ImageObject","inLanguage":"de","@id":"https:\/\/secure.gravatar.com\/avatar\/f96ad2db538a26481f18384936b5cd0610c92d390c4dc382209216d455f685ff?s=96&d=mm&r=g","url":"https:\/\/secure.gravatar.com\/avatar\/f96ad2db538a26481f18384936b5cd0610c92d390c4dc382209216d455f685ff?s=96&d=mm&r=g","contentUrl":"https:\/\/secure.gravatar.com\/avatar\/f96ad2db538a26481f18384936b5cd0610c92d390c4dc382209216d455f685ff?s=96&d=mm&r=g","caption":"Herv\u00e9 Roten"}}]}},"_links":{"self":[{"href":"https:\/\/www.iemj.org\/de\/wp-json\/wp\/v2\/posts\/97700","targetHints":{"allow":["GET"]}}],"collection":[{"href":"https:\/\/www.iemj.org\/de\/wp-json\/wp\/v2\/posts"}],"about":[{"href":"https:\/\/www.iemj.org\/de\/wp-json\/wp\/v2\/types\/post"}],"author":[{"embeddable":true,"href":"https:\/\/www.iemj.org\/de\/wp-json\/wp\/v2\/users\/1045"}],"replies":[{"embeddable":true,"href":"https:\/\/www.iemj.org\/de\/wp-json\/wp\/v2\/comments?post=97700"}],"version-history":[{"count":1,"href":"https:\/\/www.iemj.org\/de\/wp-json\/wp\/v2\/posts\/97700\/revisions"}],"predecessor-version":[{"id":126274,"href":"https:\/\/www.iemj.org\/de\/wp-json\/wp\/v2\/posts\/97700\/revisions\/126274"}],"wp:featuredmedia":[{"embeddable":true,"href":"https:\/\/www.iemj.org\/de\/wp-json\/wp\/v2\/media\/97701"}],"wp:attachment":[{"href":"https:\/\/www.iemj.org\/de\/wp-json\/wp\/v2\/media?parent=97700"}],"wp:term":[{"taxonomy":"category","embeddable":true,"href":"https:\/\/www.iemj.org\/de\/wp-json\/wp\/v2\/categories?post=97700"},{"taxonomy":"post_tag","embeddable":true,"href":"https:\/\/www.iemj.org\/de\/wp-json\/wp\/v2\/tags?post=97700"},{"taxonomy":"technique","embeddable":true,"href":"https:\/\/www.iemj.org\/de\/wp-json\/wp\/v2\/technique?post=97700"},{"taxonomy":"squelettes","embeddable":true,"href":"https:\/\/www.iemj.org\/de\/wp-json\/wp\/v2\/squelettes?post=97700"},{"taxonomy":"sujet","embeddable":true,"href":"https:\/\/www.iemj.org\/de\/wp-json\/wp\/v2\/sujet?post=97700"},{"taxonomy":"formation","embeddable":true,"href":"https:\/\/www.iemj.org\/de\/wp-json\/wp\/v2\/formation?post=97700"},{"taxonomy":"genre","embeddable":true,"href":"https:\/\/www.iemj.org\/de\/wp-json\/wp\/v2\/genre?post=97700"},{"taxonomy":"fonds","embeddable":true,"href":"https:\/\/www.iemj.org\/de\/wp-json\/wp\/v2\/fonds?post=97700"},{"taxonomy":"tradition","embeddable":true,"href":"https:\/\/www.iemj.org\/de\/wp-json\/wp\/v2\/tradition?post=97700"},{"taxonomy":"type-de-contenu","embeddable":true,"href":"https:\/\/www.iemj.org\/de\/wp-json\/wp\/v2\/type-de-contenu?post=97700"},{"taxonomy":"interprete-compositeur","embeddable":true,"href":"https:\/\/www.iemj.org\/de\/wp-json\/wp\/v2\/interprete-compositeur?post=97700"},{"taxonomy":"frise","embeddable":true,"href":"https:\/\/www.iemj.org\/de\/wp-json\/wp\/v2\/frise?post=97700"},{"taxonomy":"type-devenement","embeddable":true,"href":"https:\/\/www.iemj.org\/de\/wp-json\/wp\/v2\/type-devenement?post=97700"},{"taxonomy":"tableaux-liens-externes","embeddable":true,"href":"https:\/\/www.iemj.org\/de\/wp-json\/wp\/v2\/tableaux-liens-externes?post=97700"}],"curies":[{"name":"wp","href":"https:\/\/api.w.org\/{rel}","templated":true}]}}