{"id":97738,"date":"2019-10-30T12:28:31","date_gmt":"2019-10-30T11:28:31","guid":{"rendered":"https:\/\/www.iemj.org\/les-musiques-juives-un-objet-singulier-pluriel\/"},"modified":"2023-06-05T12:30:18","modified_gmt":"2023-06-05T10:30:18","slug":"les-musiques-juives-un-objet-singulier-pluriel","status":"publish","type":"post","link":"https:\/\/www.iemj.org\/de\/les-musiques-juives-un-objet-singulier-pluriel\/","title":{"rendered":"J\u00dcDISCHE MUSIK: EIN SELTSAMES VIELFALTIGES OBJEKT"},"content":{"rendered":"<p>Das Kardinal-Bea-Zentrum ist das Institut f\u00fcr J\u00fcdische Studien und J\u00fcdisch-Christliche Beziehungen der Universit\u00e4t Gregoriana, das Studierende aus \u00fcber 120 L\u00e4ndern der Welt anzieht, die \u00fcberwiegend katholisch sind und sich auf das Priestertum oder einen Dienst in der Kirche vorbereiten. Das <a href=\"https:\/\/www.unigre.it\/en\/ua\/centres\/cardinal-bea-for-judaic-studies\">Cardinal Bea Center for Jewish Studies<\/a> genie\u00dft eine privilegierte Partnerschaft mit der Hebr\u00e4ischen Universit\u00e4t Jerusalem, die sich in einem regelm\u00e4\u00dfigen Austausch von Studierenden und Lehrkr\u00e4ften niederschl\u00e4gt.<br \/>\nIn diesem akademischen Jahr 2019-2020 organisiert das Cardinal Bea Center eine Reihe von drei Konferenzen zum Thema Kunst im Dialog, insbesondere Musik, Literatur und visuelle K\u00fcnste.<\/p>\n<p><img fetchpriority=\"high\" decoding=\"async\" class=\"wp-image-25954 alignright\" src=\"https:\/\/www.iemj.org\/wp-content\/uploads\/2019\/10\/locandina_def_6novembre_capture.jpg\" alt=\"locandina_def_6novembre_capture.jpg\" width=\"300\" height=\"424\" align=\"middle\" srcset=\"https:\/\/www.iemj.org\/wp-content\/uploads\/2019\/10\/locandina_def_6novembre_capture.jpg 614w, https:\/\/www.iemj.org\/wp-content\/uploads\/2019\/10\/locandina_def_6novembre_capture-212x300.jpg 212w, https:\/\/www.iemj.org\/wp-content\/uploads\/2019\/10\/locandina_def_6novembre_capture-600x849.jpg 600w\" sizes=\"(max-width: 300px) 100vw, 300px\" \/>In diesem Zusammenhang wird Herv\u00e9 Roten, Musikethnologe und Direktor des Institut Europ\u00e9en des Musiques Juives, einen Vortrag \u00fcber die einzigartige Pluralit\u00e4t j\u00fcdischer Musik halten.<br \/>\nSein Gegen\u00fcber ist der Musikwissenschaftler und Theologe Philippe Charru, Leiter der Abteilung f\u00fcr \u00c4sthetik am Centre S\u00e8vres &#8211; Facult\u00e9s J\u00e9suites de Paris und Titularorganist der gro\u00dfen Orgel von Saint-Ignace. Dieser wird einen Vergleich von Bachs und Mozarts <em>Incarnatus est<\/em> pr\u00e4sentieren, um zu zeigen, wie die musikalische Schrift selbst unterschiedliche religi\u00f6se Auffassungen des Christentums widerspiegelt.<br \/>\nDieser Dialog zwischen j\u00fcdischer und christlicher Musik wird von Claudio Procaccia, dem Leiter der Abteilung f\u00fcr j\u00fcdische Kultur der j\u00fcdischen Gemeinde in Rom, moderiert.<\/p>\n<p><center><\/p>\n<h2 style=\"text-align: left;\"><a href=\"https:\/\/www.iemj.org\/de\/les-musiques-juives-un-objet-singulier-pluriel-2\/\" target=\"_blank\" rel=\"noopener\"><img decoding=\"async\" class=\"  alignleft wp-image-25952\" src=\"https:\/\/www.iemj.org\/wp-content\/uploads\/2019\/10\/vignette_video_youtube_conference_les_musiques_juives_un_objet_singulier_pluriel.jpg\" alt=\"vignette_video_youtube_conference_les_musiques_juives_un_objet_singulier_pluriel.jpg\" width=\"202\" height=\"118\" align=\"left\" \/><\/a><\/h2>\n<p><\/center><\/p>\n<h2 style=\"text-align: left;\"><a href=\"https:\/\/www.iemj.org\/de\/les-musiques-juives-un-objet-singulier-pluriel-2\/\" target=\"_blank\" rel=\"noopener\">Gefilmte Konferenz ansehen (auf Englisch)<\/a><\/h2>\n","protected":false},"excerpt":{"rendered":"<p>Das Kardinal-Bea-Zentrum ist das Institut f\u00fcr J\u00fcdische Studien und J\u00fcdisch-Christliche Beziehungen der Universit\u00e4t Gregoriana, das Studierende aus \u00fcber 120 L\u00e4ndern der Welt anzieht, die \u00fcberwiegend katholisch sind und sich auf<\/p>\n","protected":false},"author":5,"featured_media":97739,"comment_status":"closed","ping_status":"closed","sticky":false,"template":"","format":"standard","meta":{"_acf_changed":false,"footnotes":""},"categories":[1382,1370],"tags":[2225],"technique":[],"squelettes":[],"sujet":[],"formation":[],"genre":[],"fonds":[],"tradition":[],"type-de-contenu":[],"interprete-compositeur":[],"frise":[],"type-devenement":[],"tableaux-liens-externes":[],"class_list":["post-97738","post","type-post","status-publish","format-standard","has-post-thumbnail","hentry","category-kurse-konferenzen-de","category-veranstaltungen-de","tag-veranstaltungen-iemj-de"],"acf":[],"yoast_head":"<!-- This site is optimized with the Yoast SEO plugin v27.3 - https:\/\/yoast.com\/product\/yoast-seo-wordpress\/ -->\n<title>J\u00dcDISCHE MUSIK: EIN SELTSAMES VIELFALTIGES OBJEKT - Institut Europ\u00e9en des Musiques Juives<\/title>\n<meta name=\"robots\" content=\"noindex, follow\" \/>\n<meta property=\"og:locale\" content=\"de_DE\" \/>\n<meta property=\"og:type\" content=\"article\" \/>\n<meta property=\"og:title\" content=\"J\u00dcDISCHE MUSIK: EIN SELTSAMES VIELFALTIGES OBJEKT - Institut Europ\u00e9en des Musiques Juives\" \/>\n<meta property=\"og:description\" content=\"Das Kardinal-Bea-Zentrum ist das Institut f\u00fcr J\u00fcdische Studien und J\u00fcdisch-Christliche Beziehungen der Universit\u00e4t Gregoriana, das Studierende aus \u00fcber 120 L\u00e4ndern der Welt anzieht, die \u00fcberwiegend katholisch sind und sich auf\" \/>\n<meta property=\"og:url\" content=\"https:\/\/www.iemj.org\/de\/les-musiques-juives-un-objet-singulier-pluriel\/\" \/>\n<meta property=\"og:site_name\" content=\"Institut Europ\u00e9en des Musiques Juives\" \/>\n<meta property=\"article:publisher\" content=\"https:\/\/www.facebook.com\/MusiquesJuives\/\" \/>\n<meta property=\"article:published_time\" content=\"2019-10-30T11:28:31+00:00\" \/>\n<meta property=\"article:modified_time\" content=\"2023-06-05T10:30:18+00:00\" \/>\n<meta property=\"og:image\" content=\"https:\/\/www.iemj.org\/wp-content\/uploads\/2019\/10\/arton4364.jpg\" \/>\n\t<meta property=\"og:image:width\" content=\"225\" \/>\n\t<meta property=\"og:image:height\" content=\"225\" \/>\n\t<meta property=\"og:image:type\" content=\"image\/jpeg\" \/>\n<meta name=\"author\" content=\"Jacqueline ROTEN\" \/>\n<meta name=\"twitter:card\" content=\"summary_large_image\" \/>\n<meta name=\"twitter:label1\" content=\"Verfasst von\" \/>\n\t<meta name=\"twitter:data1\" content=\"Jacqueline ROTEN\" \/>\n\t<meta name=\"twitter:label2\" content=\"Gesch\u00e4tzte Lesezeit\" \/>\n\t<meta name=\"twitter:data2\" content=\"1\u00a0Minute\" \/>\n<script type=\"application\/ld+json\" class=\"yoast-schema-graph\">{\"@context\":\"https:\\\/\\\/schema.org\",\"@graph\":[{\"@type\":\"Article\",\"@id\":\"https:\\\/\\\/www.iemj.org\\\/de\\\/les-musiques-juives-un-objet-singulier-pluriel\\\/#article\",\"isPartOf\":{\"@id\":\"https:\\\/\\\/www.iemj.org\\\/de\\\/les-musiques-juives-un-objet-singulier-pluriel\\\/\"},\"author\":{\"name\":\"Jacqueline ROTEN\",\"@id\":\"https:\\\/\\\/www.iemj.org\\\/de\\\/#\\\/schema\\\/person\\\/358e26c18aca017fcc4cc15437f7279c\"},\"headline\":\"J\u00dcDISCHE MUSIK: EIN SELTSAMES VIELFALTIGES OBJEKT\",\"datePublished\":\"2019-10-30T11:28:31+00:00\",\"dateModified\":\"2023-06-05T10:30:18+00:00\",\"mainEntityOfPage\":{\"@id\":\"https:\\\/\\\/www.iemj.org\\\/de\\\/les-musiques-juives-un-objet-singulier-pluriel\\\/\"},\"wordCount\":232,\"publisher\":{\"@id\":\"https:\\\/\\\/www.iemj.org\\\/de\\\/#organization\"},\"image\":{\"@id\":\"https:\\\/\\\/www.iemj.org\\\/de\\\/les-musiques-juives-un-objet-singulier-pluriel\\\/#primaryimage\"},\"thumbnailUrl\":\"https:\\\/\\\/www.iemj.org\\\/wp-content\\\/uploads\\\/2019\\\/10\\\/arton4364.jpg\",\"keywords\":[\"Veranstaltungen IEMJ\"],\"articleSection\":[\"Kurse \\\/ Konferenzen\",\"Veranstaltungen\"],\"inLanguage\":\"de\"},{\"@type\":\"WebPage\",\"@id\":\"https:\\\/\\\/www.iemj.org\\\/de\\\/les-musiques-juives-un-objet-singulier-pluriel\\\/\",\"url\":\"https:\\\/\\\/www.iemj.org\\\/de\\\/les-musiques-juives-un-objet-singulier-pluriel\\\/\",\"name\":\"J\u00dcDISCHE MUSIK: EIN SELTSAMES VIELFALTIGES OBJEKT - Institut Europ\u00e9en des Musiques Juives\",\"isPartOf\":{\"@id\":\"https:\\\/\\\/www.iemj.org\\\/de\\\/#website\"},\"primaryImageOfPage\":{\"@id\":\"https:\\\/\\\/www.iemj.org\\\/de\\\/les-musiques-juives-un-objet-singulier-pluriel\\\/#primaryimage\"},\"image\":{\"@id\":\"https:\\\/\\\/www.iemj.org\\\/de\\\/les-musiques-juives-un-objet-singulier-pluriel\\\/#primaryimage\"},\"thumbnailUrl\":\"https:\\\/\\\/www.iemj.org\\\/wp-content\\\/uploads\\\/2019\\\/10\\\/arton4364.jpg\",\"datePublished\":\"2019-10-30T11:28:31+00:00\",\"dateModified\":\"2023-06-05T10:30:18+00:00\",\"breadcrumb\":{\"@id\":\"https:\\\/\\\/www.iemj.org\\\/de\\\/les-musiques-juives-un-objet-singulier-pluriel\\\/#breadcrumb\"},\"inLanguage\":\"de\",\"potentialAction\":[{\"@type\":\"ReadAction\",\"target\":[\"https:\\\/\\\/www.iemj.org\\\/de\\\/les-musiques-juives-un-objet-singulier-pluriel\\\/\"]}]},{\"@type\":\"ImageObject\",\"inLanguage\":\"de\",\"@id\":\"https:\\\/\\\/www.iemj.org\\\/de\\\/les-musiques-juives-un-objet-singulier-pluriel\\\/#primaryimage\",\"url\":\"https:\\\/\\\/www.iemj.org\\\/wp-content\\\/uploads\\\/2019\\\/10\\\/arton4364.jpg\",\"contentUrl\":\"https:\\\/\\\/www.iemj.org\\\/wp-content\\\/uploads\\\/2019\\\/10\\\/arton4364.jpg\",\"width\":225,\"height\":225},{\"@type\":\"BreadcrumbList\",\"@id\":\"https:\\\/\\\/www.iemj.org\\\/de\\\/les-musiques-juives-un-objet-singulier-pluriel\\\/#breadcrumb\",\"itemListElement\":[{\"@type\":\"ListItem\",\"position\":1,\"name\":\"Accueil\",\"item\":\"https:\\\/\\\/www.iemj.org\\\/de\\\/\"},{\"@type\":\"ListItem\",\"position\":2,\"name\":\"J\u00dcDISCHE MUSIK: EIN SELTSAMES VIELFALTIGES OBJEKT\"}]},{\"@type\":\"WebSite\",\"@id\":\"https:\\\/\\\/www.iemj.org\\\/de\\\/#website\",\"url\":\"https:\\\/\\\/www.iemj.org\\\/de\\\/\",\"name\":\"Institut Europ\u00e9en des Musiques Juives\",\"description\":\"Des traditions musicales \u00e0 la port\u00e9e de tous\",\"publisher\":{\"@id\":\"https:\\\/\\\/www.iemj.org\\\/de\\\/#organization\"},\"potentialAction\":[{\"@type\":\"SearchAction\",\"target\":{\"@type\":\"EntryPoint\",\"urlTemplate\":\"https:\\\/\\\/www.iemj.org\\\/de\\\/?s={search_term_string}\"},\"query-input\":{\"@type\":\"PropertyValueSpecification\",\"valueRequired\":true,\"valueName\":\"search_term_string\"}}],\"inLanguage\":\"de\"},{\"@type\":\"Organization\",\"@id\":\"https:\\\/\\\/www.iemj.org\\\/de\\\/#organization\",\"name\":\"Institut Europ\u00e9en des Musiques Juives\",\"url\":\"https:\\\/\\\/www.iemj.org\\\/de\\\/\",\"logo\":{\"@type\":\"ImageObject\",\"inLanguage\":\"de\",\"@id\":\"https:\\\/\\\/www.iemj.org\\\/de\\\/#\\\/schema\\\/logo\\\/image\\\/\",\"url\":\"https:\\\/\\\/www.iemj.org\\\/wp-content\\\/uploads\\\/2021\\\/09\\\/Logo-IEMJ-Paypal.jpg\",\"contentUrl\":\"https:\\\/\\\/www.iemj.org\\\/wp-content\\\/uploads\\\/2021\\\/09\\\/Logo-IEMJ-Paypal.jpg\",\"width\":150,\"height\":50,\"caption\":\"Institut Europ\u00e9en des Musiques Juives\"},\"image\":{\"@id\":\"https:\\\/\\\/www.iemj.org\\\/de\\\/#\\\/schema\\\/logo\\\/image\\\/\"},\"sameAs\":[\"https:\\\/\\\/www.facebook.com\\\/MusiquesJuives\\\/\",\"https:\\\/\\\/www.instagram.com\\\/musiquesjuives\\\/\",\"https:\\\/\\\/www.youtube.com\\\/user\\\/musiquesjuives\"]},{\"@type\":\"Person\",\"@id\":\"https:\\\/\\\/www.iemj.org\\\/de\\\/#\\\/schema\\\/person\\\/358e26c18aca017fcc4cc15437f7279c\",\"name\":\"Jacqueline ROTEN\",\"image\":{\"@type\":\"ImageObject\",\"inLanguage\":\"de\",\"@id\":\"https:\\\/\\\/secure.gravatar.com\\\/avatar\\\/5964256d6c6957de3a3505278957e0fb2a35119ac47ea41827a65301213c810b?s=96&d=mm&r=g\",\"url\":\"https:\\\/\\\/secure.gravatar.com\\\/avatar\\\/5964256d6c6957de3a3505278957e0fb2a35119ac47ea41827a65301213c810b?s=96&d=mm&r=g\",\"contentUrl\":\"https:\\\/\\\/secure.gravatar.com\\\/avatar\\\/5964256d6c6957de3a3505278957e0fb2a35119ac47ea41827a65301213c810b?s=96&d=mm&r=g\",\"caption\":\"Jacqueline ROTEN\"}}]}<\/script>\n<!-- \/ Yoast SEO plugin. -->","yoast_head_json":{"title":"J\u00dcDISCHE MUSIK: EIN SELTSAMES VIELFALTIGES OBJEKT - Institut Europ\u00e9en des Musiques Juives","robots":{"index":"noindex","follow":"follow"},"og_locale":"de_DE","og_type":"article","og_title":"J\u00dcDISCHE MUSIK: EIN SELTSAMES VIELFALTIGES OBJEKT - Institut Europ\u00e9en des Musiques Juives","og_description":"Das Kardinal-Bea-Zentrum ist das Institut f\u00fcr J\u00fcdische Studien und J\u00fcdisch-Christliche Beziehungen der Universit\u00e4t Gregoriana, das Studierende aus \u00fcber 120 L\u00e4ndern der Welt anzieht, die \u00fcberwiegend katholisch sind und sich auf","og_url":"https:\/\/www.iemj.org\/de\/les-musiques-juives-un-objet-singulier-pluriel\/","og_site_name":"Institut Europ\u00e9en des Musiques Juives","article_publisher":"https:\/\/www.facebook.com\/MusiquesJuives\/","article_published_time":"2019-10-30T11:28:31+00:00","article_modified_time":"2023-06-05T10:30:18+00:00","og_image":[{"width":225,"height":225,"url":"https:\/\/www.iemj.org\/wp-content\/uploads\/2019\/10\/arton4364.jpg","type":"image\/jpeg"}],"author":"Jacqueline ROTEN","twitter_card":"summary_large_image","twitter_misc":{"Verfasst von":"Jacqueline ROTEN","Gesch\u00e4tzte Lesezeit":"1\u00a0Minute"},"schema":{"@context":"https:\/\/schema.org","@graph":[{"@type":"Article","@id":"https:\/\/www.iemj.org\/de\/les-musiques-juives-un-objet-singulier-pluriel\/#article","isPartOf":{"@id":"https:\/\/www.iemj.org\/de\/les-musiques-juives-un-objet-singulier-pluriel\/"},"author":{"name":"Jacqueline ROTEN","@id":"https:\/\/www.iemj.org\/de\/#\/schema\/person\/358e26c18aca017fcc4cc15437f7279c"},"headline":"J\u00dcDISCHE MUSIK: EIN SELTSAMES VIELFALTIGES OBJEKT","datePublished":"2019-10-30T11:28:31+00:00","dateModified":"2023-06-05T10:30:18+00:00","mainEntityOfPage":{"@id":"https:\/\/www.iemj.org\/de\/les-musiques-juives-un-objet-singulier-pluriel\/"},"wordCount":232,"publisher":{"@id":"https:\/\/www.iemj.org\/de\/#organization"},"image":{"@id":"https:\/\/www.iemj.org\/de\/les-musiques-juives-un-objet-singulier-pluriel\/#primaryimage"},"thumbnailUrl":"https:\/\/www.iemj.org\/wp-content\/uploads\/2019\/10\/arton4364.jpg","keywords":["Veranstaltungen IEMJ"],"articleSection":["Kurse \/ Konferenzen","Veranstaltungen"],"inLanguage":"de"},{"@type":"WebPage","@id":"https:\/\/www.iemj.org\/de\/les-musiques-juives-un-objet-singulier-pluriel\/","url":"https:\/\/www.iemj.org\/de\/les-musiques-juives-un-objet-singulier-pluriel\/","name":"J\u00dcDISCHE MUSIK: EIN SELTSAMES VIELFALTIGES OBJEKT - Institut Europ\u00e9en des Musiques Juives","isPartOf":{"@id":"https:\/\/www.iemj.org\/de\/#website"},"primaryImageOfPage":{"@id":"https:\/\/www.iemj.org\/de\/les-musiques-juives-un-objet-singulier-pluriel\/#primaryimage"},"image":{"@id":"https:\/\/www.iemj.org\/de\/les-musiques-juives-un-objet-singulier-pluriel\/#primaryimage"},"thumbnailUrl":"https:\/\/www.iemj.org\/wp-content\/uploads\/2019\/10\/arton4364.jpg","datePublished":"2019-10-30T11:28:31+00:00","dateModified":"2023-06-05T10:30:18+00:00","breadcrumb":{"@id":"https:\/\/www.iemj.org\/de\/les-musiques-juives-un-objet-singulier-pluriel\/#breadcrumb"},"inLanguage":"de","potentialAction":[{"@type":"ReadAction","target":["https:\/\/www.iemj.org\/de\/les-musiques-juives-un-objet-singulier-pluriel\/"]}]},{"@type":"ImageObject","inLanguage":"de","@id":"https:\/\/www.iemj.org\/de\/les-musiques-juives-un-objet-singulier-pluriel\/#primaryimage","url":"https:\/\/www.iemj.org\/wp-content\/uploads\/2019\/10\/arton4364.jpg","contentUrl":"https:\/\/www.iemj.org\/wp-content\/uploads\/2019\/10\/arton4364.jpg","width":225,"height":225},{"@type":"BreadcrumbList","@id":"https:\/\/www.iemj.org\/de\/les-musiques-juives-un-objet-singulier-pluriel\/#breadcrumb","itemListElement":[{"@type":"ListItem","position":1,"name":"Accueil","item":"https:\/\/www.iemj.org\/de\/"},{"@type":"ListItem","position":2,"name":"J\u00dcDISCHE MUSIK: EIN SELTSAMES VIELFALTIGES OBJEKT"}]},{"@type":"WebSite","@id":"https:\/\/www.iemj.org\/de\/#website","url":"https:\/\/www.iemj.org\/de\/","name":"Institut Europ\u00e9en des Musiques Juives","description":"Des traditions musicales \u00e0 la port\u00e9e de tous","publisher":{"@id":"https:\/\/www.iemj.org\/de\/#organization"},"potentialAction":[{"@type":"SearchAction","target":{"@type":"EntryPoint","urlTemplate":"https:\/\/www.iemj.org\/de\/?s={search_term_string}"},"query-input":{"@type":"PropertyValueSpecification","valueRequired":true,"valueName":"search_term_string"}}],"inLanguage":"de"},{"@type":"Organization","@id":"https:\/\/www.iemj.org\/de\/#organization","name":"Institut Europ\u00e9en des Musiques Juives","url":"https:\/\/www.iemj.org\/de\/","logo":{"@type":"ImageObject","inLanguage":"de","@id":"https:\/\/www.iemj.org\/de\/#\/schema\/logo\/image\/","url":"https:\/\/www.iemj.org\/wp-content\/uploads\/2021\/09\/Logo-IEMJ-Paypal.jpg","contentUrl":"https:\/\/www.iemj.org\/wp-content\/uploads\/2021\/09\/Logo-IEMJ-Paypal.jpg","width":150,"height":50,"caption":"Institut Europ\u00e9en des Musiques Juives"},"image":{"@id":"https:\/\/www.iemj.org\/de\/#\/schema\/logo\/image\/"},"sameAs":["https:\/\/www.facebook.com\/MusiquesJuives\/","https:\/\/www.instagram.com\/musiquesjuives\/","https:\/\/www.youtube.com\/user\/musiquesjuives"]},{"@type":"Person","@id":"https:\/\/www.iemj.org\/de\/#\/schema\/person\/358e26c18aca017fcc4cc15437f7279c","name":"Jacqueline ROTEN","image":{"@type":"ImageObject","inLanguage":"de","@id":"https:\/\/secure.gravatar.com\/avatar\/5964256d6c6957de3a3505278957e0fb2a35119ac47ea41827a65301213c810b?s=96&d=mm&r=g","url":"https:\/\/secure.gravatar.com\/avatar\/5964256d6c6957de3a3505278957e0fb2a35119ac47ea41827a65301213c810b?s=96&d=mm&r=g","contentUrl":"https:\/\/secure.gravatar.com\/avatar\/5964256d6c6957de3a3505278957e0fb2a35119ac47ea41827a65301213c810b?s=96&d=mm&r=g","caption":"Jacqueline ROTEN"}}]}},"_links":{"self":[{"href":"https:\/\/www.iemj.org\/de\/wp-json\/wp\/v2\/posts\/97738","targetHints":{"allow":["GET"]}}],"collection":[{"href":"https:\/\/www.iemj.org\/de\/wp-json\/wp\/v2\/posts"}],"about":[{"href":"https:\/\/www.iemj.org\/de\/wp-json\/wp\/v2\/types\/post"}],"author":[{"embeddable":true,"href":"https:\/\/www.iemj.org\/de\/wp-json\/wp\/v2\/users\/5"}],"replies":[{"embeddable":true,"href":"https:\/\/www.iemj.org\/de\/wp-json\/wp\/v2\/comments?post=97738"}],"version-history":[{"count":0,"href":"https:\/\/www.iemj.org\/de\/wp-json\/wp\/v2\/posts\/97738\/revisions"}],"wp:featuredmedia":[{"embeddable":true,"href":"https:\/\/www.iemj.org\/de\/wp-json\/wp\/v2\/media\/97739"}],"wp:attachment":[{"href":"https:\/\/www.iemj.org\/de\/wp-json\/wp\/v2\/media?parent=97738"}],"wp:term":[{"taxonomy":"category","embeddable":true,"href":"https:\/\/www.iemj.org\/de\/wp-json\/wp\/v2\/categories?post=97738"},{"taxonomy":"post_tag","embeddable":true,"href":"https:\/\/www.iemj.org\/de\/wp-json\/wp\/v2\/tags?post=97738"},{"taxonomy":"technique","embeddable":true,"href":"https:\/\/www.iemj.org\/de\/wp-json\/wp\/v2\/technique?post=97738"},{"taxonomy":"squelettes","embeddable":true,"href":"https:\/\/www.iemj.org\/de\/wp-json\/wp\/v2\/squelettes?post=97738"},{"taxonomy":"sujet","embeddable":true,"href":"https:\/\/www.iemj.org\/de\/wp-json\/wp\/v2\/sujet?post=97738"},{"taxonomy":"formation","embeddable":true,"href":"https:\/\/www.iemj.org\/de\/wp-json\/wp\/v2\/formation?post=97738"},{"taxonomy":"genre","embeddable":true,"href":"https:\/\/www.iemj.org\/de\/wp-json\/wp\/v2\/genre?post=97738"},{"taxonomy":"fonds","embeddable":true,"href":"https:\/\/www.iemj.org\/de\/wp-json\/wp\/v2\/fonds?post=97738"},{"taxonomy":"tradition","embeddable":true,"href":"https:\/\/www.iemj.org\/de\/wp-json\/wp\/v2\/tradition?post=97738"},{"taxonomy":"type-de-contenu","embeddable":true,"href":"https:\/\/www.iemj.org\/de\/wp-json\/wp\/v2\/type-de-contenu?post=97738"},{"taxonomy":"interprete-compositeur","embeddable":true,"href":"https:\/\/www.iemj.org\/de\/wp-json\/wp\/v2\/interprete-compositeur?post=97738"},{"taxonomy":"frise","embeddable":true,"href":"https:\/\/www.iemj.org\/de\/wp-json\/wp\/v2\/frise?post=97738"},{"taxonomy":"type-devenement","embeddable":true,"href":"https:\/\/www.iemj.org\/de\/wp-json\/wp\/v2\/type-devenement?post=97738"},{"taxonomy":"tableaux-liens-externes","embeddable":true,"href":"https:\/\/www.iemj.org\/de\/wp-json\/wp\/v2\/tableaux-liens-externes?post=97738"}],"curies":[{"name":"wp","href":"https:\/\/api.w.org\/{rel}","templated":true}]}}