{"id":97757,"date":"2019-06-25T10:58:26","date_gmt":"2019-06-25T08:58:26","guid":{"rendered":"https:\/\/www.iemj.org\/colloque-a-hanovre-magnifiee-et-sanctifiee-la-musique-des-prieres-juives-ii\/"},"modified":"2023-06-05T14:48:46","modified_gmt":"2023-06-05T12:48:46","slug":"colloque-a-hanovre-magnifiee-et-sanctifiee-la-musique-des-prieres-juives-ii","status":"publish","type":"post","link":"https:\/\/www.iemj.org\/de\/colloque-a-hanovre-magnifiee-et-sanctifiee-la-musique-des-prieres-juives-ii\/","title":{"rendered":"Kolloquium in Hannover: Verherrlicht und geheiligt, die Musik der j\u00fcdischen Gebete"},"content":{"rendered":"<p>Diese Neuauflage kn\u00fcpft an den Erfolg des vorherigen Symposiums \u00fcber die Musik in j\u00fcdischen Gebeten an, das 2015 an der Universit\u00e4t Leeds (England) stattgefunden hatte.<\/p>\n<p>Diese Tagung wird gemeinsam vom <a href=\"https:\/\/www.iemj.org\/europaische-zentrum-fur-judische-musik-ezjm\/\">Europ\u00e4ischen Zentrum f\u00fcr J\u00fcdische Musik (EZJM)<\/a> der Universit\u00e4t Hannover und dem Academic Wing of the European Cantors Association organisiert.<\/p>\n<p>Er wird unterst\u00fctzt vom UCLA Lowell Milken Fund for American Jewish Music der Herb Alpert School of Music, der University of Leeds und dem <a href=\"https:\/\/www.iemj.org\/jewish-music-institute\/\">Jewish Music Institute SOAS<\/a>, der University of London.<\/p>\n<p><strong>Besonders hervorzuheben ist der Vortrag von Herv\u00e9 Roten, Direktor des Institut Europ\u00e9en des Musiques Juives, am Sonntag, den 12. September 2019, um 9:30 Uhr mit dem Titel: &#8222;Psalmodie in der j\u00fcdisch-portugiesischen Tradition (in Frankreich): Formulierungsverfahren und musikalische Syntax&#8220;.<\/strong><\/p>\n<p><a href=\"https:\/\/www.ezjm.hmtm-hannover.de\/fileadmin\/www.ezjm\/Konferenzen\/M_SII_Programme_September_2019.pdf\">Das Programm ansehen<\/a><br \/>\n<a href=\"https:\/\/www.ezjm.hmtm-hannover.de\/fileadmin\/www.ezjm\/Konferenzen\/MSII_Information_sheet_for_Conference_delegates.pdf\">Weitere praktische Informationen<\/a>.<\/p>\n<p><strong>Reservierungen &amp; Ausk\u00fcnfte:<\/strong><br \/>\n<a href=\"https:\/\/www.ezjm.hmtm-hannover.de\/de\/aktuelles\/meldungen\/magnified-and-sanctified\/\">https:\/\/www.ezjm.hmtm-hannover.de\/de\/aktuelles\/meldungen\/magnified-and-sanctified\/<\/a>.<\/p>\n","protected":false},"excerpt":{"rendered":"<p>Diese Neuauflage kn\u00fcpft an den Erfolg des vorherigen Symposiums \u00fcber die Musik in j\u00fcdischen Gebeten an, das 2015 an der Universit\u00e4t Leeds (England) stattgefunden hatte. Diese Tagung wird gemeinsam vom<\/p>\n","protected":false},"author":5,"featured_media":97758,"comment_status":"open","ping_status":"open","sticky":false,"template":"","format":"standard","meta":{"_acf_changed":false,"footnotes":""},"categories":[1374,1370],"tags":[3420],"technique":[],"squelettes":[],"sujet":[],"formation":[],"genre":[],"fonds":[],"tradition":[],"type-de-contenu":[],"interprete-compositeur":[],"frise":[],"type-devenement":[],"tableaux-liens-externes":[],"class_list":["post-97757","post","type-post","status-publish","format-standard","has-post-thumbnail","hentry","category-kolloquium-de","category-veranstaltungen-de","tag-partner-veranstaltungen-de"],"acf":[],"yoast_head":"<!-- This site is optimized with the Yoast SEO plugin v27.3 - https:\/\/yoast.com\/product\/yoast-seo-wordpress\/ -->\n<title>Kolloquium in Hannover: Verherrlicht und geheiligt, die Musik der j\u00fcdischen Gebete - Institut Europ\u00e9en des Musiques Juives<\/title>\n<meta name=\"robots\" content=\"noindex, follow\" \/>\n<meta property=\"og:locale\" content=\"de_DE\" \/>\n<meta property=\"og:type\" content=\"article\" \/>\n<meta property=\"og:title\" content=\"Kolloquium in Hannover: Verherrlicht und geheiligt, die Musik der j\u00fcdischen Gebete - Institut Europ\u00e9en des Musiques Juives\" \/>\n<meta property=\"og:description\" content=\"Diese Neuauflage kn\u00fcpft an den Erfolg des vorherigen Symposiums \u00fcber die Musik in j\u00fcdischen Gebeten an, das 2015 an der Universit\u00e4t Leeds (England) stattgefunden hatte. Diese Tagung wird gemeinsam vom\" \/>\n<meta property=\"og:url\" content=\"https:\/\/www.iemj.org\/de\/colloque-a-hanovre-magnifiee-et-sanctifiee-la-musique-des-prieres-juives-ii\/\" \/>\n<meta property=\"og:site_name\" content=\"Institut Europ\u00e9en des Musiques Juives\" \/>\n<meta property=\"article:publisher\" content=\"https:\/\/www.facebook.com\/MusiquesJuives\/\" \/>\n<meta property=\"article:published_time\" content=\"2019-06-25T08:58:26+00:00\" \/>\n<meta property=\"article:modified_time\" content=\"2023-06-05T12:48:46+00:00\" \/>\n<meta property=\"og:image\" content=\"https:\/\/www.iemj.org\/wp-content\/uploads\/2019\/06\/arton4233.png\" \/>\n\t<meta property=\"og:image:width\" content=\"327\" \/>\n\t<meta property=\"og:image:height\" content=\"521\" \/>\n\t<meta property=\"og:image:type\" content=\"image\/png\" \/>\n<meta name=\"author\" content=\"Jacqueline ROTEN\" \/>\n<meta name=\"twitter:card\" content=\"summary_large_image\" \/>\n<meta name=\"twitter:label1\" content=\"Verfasst von\" \/>\n\t<meta name=\"twitter:data1\" content=\"Jacqueline ROTEN\" \/>\n\t<meta name=\"twitter:label2\" content=\"Gesch\u00e4tzte Lesezeit\" \/>\n\t<meta name=\"twitter:data2\" content=\"1\u00a0Minute\" \/>\n<script type=\"application\/ld+json\" class=\"yoast-schema-graph\">{\"@context\":\"https:\\\/\\\/schema.org\",\"@graph\":[{\"@type\":\"Article\",\"@id\":\"https:\\\/\\\/www.iemj.org\\\/de\\\/colloque-a-hanovre-magnifiee-et-sanctifiee-la-musique-des-prieres-juives-ii\\\/#article\",\"isPartOf\":{\"@id\":\"https:\\\/\\\/www.iemj.org\\\/de\\\/colloque-a-hanovre-magnifiee-et-sanctifiee-la-musique-des-prieres-juives-ii\\\/\"},\"author\":{\"name\":\"Jacqueline ROTEN\",\"@id\":\"https:\\\/\\\/www.iemj.org\\\/de\\\/#\\\/schema\\\/person\\\/358e26c18aca017fcc4cc15437f7279c\"},\"headline\":\"Kolloquium in Hannover: Verherrlicht und geheiligt, die Musik der j\u00fcdischen Gebete\",\"datePublished\":\"2019-06-25T08:58:26+00:00\",\"dateModified\":\"2023-06-05T12:48:46+00:00\",\"mainEntityOfPage\":{\"@id\":\"https:\\\/\\\/www.iemj.org\\\/de\\\/colloque-a-hanovre-magnifiee-et-sanctifiee-la-musique-des-prieres-juives-ii\\\/\"},\"wordCount\":156,\"commentCount\":0,\"publisher\":{\"@id\":\"https:\\\/\\\/www.iemj.org\\\/de\\\/#organization\"},\"image\":{\"@id\":\"https:\\\/\\\/www.iemj.org\\\/de\\\/colloque-a-hanovre-magnifiee-et-sanctifiee-la-musique-des-prieres-juives-ii\\\/#primaryimage\"},\"thumbnailUrl\":\"https:\\\/\\\/www.iemj.org\\\/wp-content\\\/uploads\\\/2019\\\/06\\\/arton4233.png\",\"keywords\":[\"Partner-Veranstaltungen\"],\"articleSection\":[\"Kolloquium\",\"Veranstaltungen\"],\"inLanguage\":\"de\",\"potentialAction\":[{\"@type\":\"CommentAction\",\"name\":\"Comment\",\"target\":[\"https:\\\/\\\/www.iemj.org\\\/de\\\/colloque-a-hanovre-magnifiee-et-sanctifiee-la-musique-des-prieres-juives-ii\\\/#respond\"]}]},{\"@type\":\"WebPage\",\"@id\":\"https:\\\/\\\/www.iemj.org\\\/de\\\/colloque-a-hanovre-magnifiee-et-sanctifiee-la-musique-des-prieres-juives-ii\\\/\",\"url\":\"https:\\\/\\\/www.iemj.org\\\/de\\\/colloque-a-hanovre-magnifiee-et-sanctifiee-la-musique-des-prieres-juives-ii\\\/\",\"name\":\"Kolloquium in Hannover: Verherrlicht und geheiligt, die Musik der j\u00fcdischen Gebete - Institut Europ\u00e9en des Musiques Juives\",\"isPartOf\":{\"@id\":\"https:\\\/\\\/www.iemj.org\\\/de\\\/#website\"},\"primaryImageOfPage\":{\"@id\":\"https:\\\/\\\/www.iemj.org\\\/de\\\/colloque-a-hanovre-magnifiee-et-sanctifiee-la-musique-des-prieres-juives-ii\\\/#primaryimage\"},\"image\":{\"@id\":\"https:\\\/\\\/www.iemj.org\\\/de\\\/colloque-a-hanovre-magnifiee-et-sanctifiee-la-musique-des-prieres-juives-ii\\\/#primaryimage\"},\"thumbnailUrl\":\"https:\\\/\\\/www.iemj.org\\\/wp-content\\\/uploads\\\/2019\\\/06\\\/arton4233.png\",\"datePublished\":\"2019-06-25T08:58:26+00:00\",\"dateModified\":\"2023-06-05T12:48:46+00:00\",\"breadcrumb\":{\"@id\":\"https:\\\/\\\/www.iemj.org\\\/de\\\/colloque-a-hanovre-magnifiee-et-sanctifiee-la-musique-des-prieres-juives-ii\\\/#breadcrumb\"},\"inLanguage\":\"de\",\"potentialAction\":[{\"@type\":\"ReadAction\",\"target\":[\"https:\\\/\\\/www.iemj.org\\\/de\\\/colloque-a-hanovre-magnifiee-et-sanctifiee-la-musique-des-prieres-juives-ii\\\/\"]}]},{\"@type\":\"ImageObject\",\"inLanguage\":\"de\",\"@id\":\"https:\\\/\\\/www.iemj.org\\\/de\\\/colloque-a-hanovre-magnifiee-et-sanctifiee-la-musique-des-prieres-juives-ii\\\/#primaryimage\",\"url\":\"https:\\\/\\\/www.iemj.org\\\/wp-content\\\/uploads\\\/2019\\\/06\\\/arton4233.png\",\"contentUrl\":\"https:\\\/\\\/www.iemj.org\\\/wp-content\\\/uploads\\\/2019\\\/06\\\/arton4233.png\",\"width\":327,\"height\":521},{\"@type\":\"BreadcrumbList\",\"@id\":\"https:\\\/\\\/www.iemj.org\\\/de\\\/colloque-a-hanovre-magnifiee-et-sanctifiee-la-musique-des-prieres-juives-ii\\\/#breadcrumb\",\"itemListElement\":[{\"@type\":\"ListItem\",\"position\":1,\"name\":\"Accueil\",\"item\":\"https:\\\/\\\/www.iemj.org\\\/de\\\/\"},{\"@type\":\"ListItem\",\"position\":2,\"name\":\"Kolloquium in Hannover: Verherrlicht und geheiligt, die Musik der j\u00fcdischen Gebete\"}]},{\"@type\":\"WebSite\",\"@id\":\"https:\\\/\\\/www.iemj.org\\\/de\\\/#website\",\"url\":\"https:\\\/\\\/www.iemj.org\\\/de\\\/\",\"name\":\"Institut Europ\u00e9en des Musiques Juives\",\"description\":\"Des traditions musicales \u00e0 la port\u00e9e de tous\",\"publisher\":{\"@id\":\"https:\\\/\\\/www.iemj.org\\\/de\\\/#organization\"},\"potentialAction\":[{\"@type\":\"SearchAction\",\"target\":{\"@type\":\"EntryPoint\",\"urlTemplate\":\"https:\\\/\\\/www.iemj.org\\\/de\\\/?s={search_term_string}\"},\"query-input\":{\"@type\":\"PropertyValueSpecification\",\"valueRequired\":true,\"valueName\":\"search_term_string\"}}],\"inLanguage\":\"de\"},{\"@type\":\"Organization\",\"@id\":\"https:\\\/\\\/www.iemj.org\\\/de\\\/#organization\",\"name\":\"Institut Europ\u00e9en des Musiques Juives\",\"url\":\"https:\\\/\\\/www.iemj.org\\\/de\\\/\",\"logo\":{\"@type\":\"ImageObject\",\"inLanguage\":\"de\",\"@id\":\"https:\\\/\\\/www.iemj.org\\\/de\\\/#\\\/schema\\\/logo\\\/image\\\/\",\"url\":\"https:\\\/\\\/www.iemj.org\\\/wp-content\\\/uploads\\\/2021\\\/09\\\/Logo-IEMJ-Paypal.jpg\",\"contentUrl\":\"https:\\\/\\\/www.iemj.org\\\/wp-content\\\/uploads\\\/2021\\\/09\\\/Logo-IEMJ-Paypal.jpg\",\"width\":150,\"height\":50,\"caption\":\"Institut Europ\u00e9en des Musiques Juives\"},\"image\":{\"@id\":\"https:\\\/\\\/www.iemj.org\\\/de\\\/#\\\/schema\\\/logo\\\/image\\\/\"},\"sameAs\":[\"https:\\\/\\\/www.facebook.com\\\/MusiquesJuives\\\/\",\"https:\\\/\\\/www.instagram.com\\\/musiquesjuives\\\/\",\"https:\\\/\\\/www.youtube.com\\\/user\\\/musiquesjuives\"]},{\"@type\":\"Person\",\"@id\":\"https:\\\/\\\/www.iemj.org\\\/de\\\/#\\\/schema\\\/person\\\/358e26c18aca017fcc4cc15437f7279c\",\"name\":\"Jacqueline ROTEN\",\"image\":{\"@type\":\"ImageObject\",\"inLanguage\":\"de\",\"@id\":\"https:\\\/\\\/secure.gravatar.com\\\/avatar\\\/5964256d6c6957de3a3505278957e0fb2a35119ac47ea41827a65301213c810b?s=96&d=mm&r=g\",\"url\":\"https:\\\/\\\/secure.gravatar.com\\\/avatar\\\/5964256d6c6957de3a3505278957e0fb2a35119ac47ea41827a65301213c810b?s=96&d=mm&r=g\",\"contentUrl\":\"https:\\\/\\\/secure.gravatar.com\\\/avatar\\\/5964256d6c6957de3a3505278957e0fb2a35119ac47ea41827a65301213c810b?s=96&d=mm&r=g\",\"caption\":\"Jacqueline ROTEN\"}}]}<\/script>\n<!-- \/ Yoast SEO plugin. -->","yoast_head_json":{"title":"Kolloquium in Hannover: Verherrlicht und geheiligt, die Musik der j\u00fcdischen Gebete - Institut Europ\u00e9en des Musiques Juives","robots":{"index":"noindex","follow":"follow"},"og_locale":"de_DE","og_type":"article","og_title":"Kolloquium in Hannover: Verherrlicht und geheiligt, die Musik der j\u00fcdischen Gebete - Institut Europ\u00e9en des Musiques Juives","og_description":"Diese Neuauflage kn\u00fcpft an den Erfolg des vorherigen Symposiums \u00fcber die Musik in j\u00fcdischen Gebeten an, das 2015 an der Universit\u00e4t Leeds (England) stattgefunden hatte. Diese Tagung wird gemeinsam vom","og_url":"https:\/\/www.iemj.org\/de\/colloque-a-hanovre-magnifiee-et-sanctifiee-la-musique-des-prieres-juives-ii\/","og_site_name":"Institut Europ\u00e9en des Musiques Juives","article_publisher":"https:\/\/www.facebook.com\/MusiquesJuives\/","article_published_time":"2019-06-25T08:58:26+00:00","article_modified_time":"2023-06-05T12:48:46+00:00","og_image":[{"width":327,"height":521,"url":"https:\/\/www.iemj.org\/wp-content\/uploads\/2019\/06\/arton4233.png","type":"image\/png"}],"author":"Jacqueline ROTEN","twitter_card":"summary_large_image","twitter_misc":{"Verfasst von":"Jacqueline ROTEN","Gesch\u00e4tzte Lesezeit":"1\u00a0Minute"},"schema":{"@context":"https:\/\/schema.org","@graph":[{"@type":"Article","@id":"https:\/\/www.iemj.org\/de\/colloque-a-hanovre-magnifiee-et-sanctifiee-la-musique-des-prieres-juives-ii\/#article","isPartOf":{"@id":"https:\/\/www.iemj.org\/de\/colloque-a-hanovre-magnifiee-et-sanctifiee-la-musique-des-prieres-juives-ii\/"},"author":{"name":"Jacqueline ROTEN","@id":"https:\/\/www.iemj.org\/de\/#\/schema\/person\/358e26c18aca017fcc4cc15437f7279c"},"headline":"Kolloquium in Hannover: Verherrlicht und geheiligt, die Musik der j\u00fcdischen Gebete","datePublished":"2019-06-25T08:58:26+00:00","dateModified":"2023-06-05T12:48:46+00:00","mainEntityOfPage":{"@id":"https:\/\/www.iemj.org\/de\/colloque-a-hanovre-magnifiee-et-sanctifiee-la-musique-des-prieres-juives-ii\/"},"wordCount":156,"commentCount":0,"publisher":{"@id":"https:\/\/www.iemj.org\/de\/#organization"},"image":{"@id":"https:\/\/www.iemj.org\/de\/colloque-a-hanovre-magnifiee-et-sanctifiee-la-musique-des-prieres-juives-ii\/#primaryimage"},"thumbnailUrl":"https:\/\/www.iemj.org\/wp-content\/uploads\/2019\/06\/arton4233.png","keywords":["Partner-Veranstaltungen"],"articleSection":["Kolloquium","Veranstaltungen"],"inLanguage":"de","potentialAction":[{"@type":"CommentAction","name":"Comment","target":["https:\/\/www.iemj.org\/de\/colloque-a-hanovre-magnifiee-et-sanctifiee-la-musique-des-prieres-juives-ii\/#respond"]}]},{"@type":"WebPage","@id":"https:\/\/www.iemj.org\/de\/colloque-a-hanovre-magnifiee-et-sanctifiee-la-musique-des-prieres-juives-ii\/","url":"https:\/\/www.iemj.org\/de\/colloque-a-hanovre-magnifiee-et-sanctifiee-la-musique-des-prieres-juives-ii\/","name":"Kolloquium in Hannover: Verherrlicht und geheiligt, die Musik der j\u00fcdischen Gebete - Institut Europ\u00e9en des Musiques Juives","isPartOf":{"@id":"https:\/\/www.iemj.org\/de\/#website"},"primaryImageOfPage":{"@id":"https:\/\/www.iemj.org\/de\/colloque-a-hanovre-magnifiee-et-sanctifiee-la-musique-des-prieres-juives-ii\/#primaryimage"},"image":{"@id":"https:\/\/www.iemj.org\/de\/colloque-a-hanovre-magnifiee-et-sanctifiee-la-musique-des-prieres-juives-ii\/#primaryimage"},"thumbnailUrl":"https:\/\/www.iemj.org\/wp-content\/uploads\/2019\/06\/arton4233.png","datePublished":"2019-06-25T08:58:26+00:00","dateModified":"2023-06-05T12:48:46+00:00","breadcrumb":{"@id":"https:\/\/www.iemj.org\/de\/colloque-a-hanovre-magnifiee-et-sanctifiee-la-musique-des-prieres-juives-ii\/#breadcrumb"},"inLanguage":"de","potentialAction":[{"@type":"ReadAction","target":["https:\/\/www.iemj.org\/de\/colloque-a-hanovre-magnifiee-et-sanctifiee-la-musique-des-prieres-juives-ii\/"]}]},{"@type":"ImageObject","inLanguage":"de","@id":"https:\/\/www.iemj.org\/de\/colloque-a-hanovre-magnifiee-et-sanctifiee-la-musique-des-prieres-juives-ii\/#primaryimage","url":"https:\/\/www.iemj.org\/wp-content\/uploads\/2019\/06\/arton4233.png","contentUrl":"https:\/\/www.iemj.org\/wp-content\/uploads\/2019\/06\/arton4233.png","width":327,"height":521},{"@type":"BreadcrumbList","@id":"https:\/\/www.iemj.org\/de\/colloque-a-hanovre-magnifiee-et-sanctifiee-la-musique-des-prieres-juives-ii\/#breadcrumb","itemListElement":[{"@type":"ListItem","position":1,"name":"Accueil","item":"https:\/\/www.iemj.org\/de\/"},{"@type":"ListItem","position":2,"name":"Kolloquium in Hannover: Verherrlicht und geheiligt, die Musik der j\u00fcdischen Gebete"}]},{"@type":"WebSite","@id":"https:\/\/www.iemj.org\/de\/#website","url":"https:\/\/www.iemj.org\/de\/","name":"Institut Europ\u00e9en des Musiques Juives","description":"Des traditions musicales \u00e0 la port\u00e9e de tous","publisher":{"@id":"https:\/\/www.iemj.org\/de\/#organization"},"potentialAction":[{"@type":"SearchAction","target":{"@type":"EntryPoint","urlTemplate":"https:\/\/www.iemj.org\/de\/?s={search_term_string}"},"query-input":{"@type":"PropertyValueSpecification","valueRequired":true,"valueName":"search_term_string"}}],"inLanguage":"de"},{"@type":"Organization","@id":"https:\/\/www.iemj.org\/de\/#organization","name":"Institut Europ\u00e9en des Musiques Juives","url":"https:\/\/www.iemj.org\/de\/","logo":{"@type":"ImageObject","inLanguage":"de","@id":"https:\/\/www.iemj.org\/de\/#\/schema\/logo\/image\/","url":"https:\/\/www.iemj.org\/wp-content\/uploads\/2021\/09\/Logo-IEMJ-Paypal.jpg","contentUrl":"https:\/\/www.iemj.org\/wp-content\/uploads\/2021\/09\/Logo-IEMJ-Paypal.jpg","width":150,"height":50,"caption":"Institut Europ\u00e9en des Musiques Juives"},"image":{"@id":"https:\/\/www.iemj.org\/de\/#\/schema\/logo\/image\/"},"sameAs":["https:\/\/www.facebook.com\/MusiquesJuives\/","https:\/\/www.instagram.com\/musiquesjuives\/","https:\/\/www.youtube.com\/user\/musiquesjuives"]},{"@type":"Person","@id":"https:\/\/www.iemj.org\/de\/#\/schema\/person\/358e26c18aca017fcc4cc15437f7279c","name":"Jacqueline ROTEN","image":{"@type":"ImageObject","inLanguage":"de","@id":"https:\/\/secure.gravatar.com\/avatar\/5964256d6c6957de3a3505278957e0fb2a35119ac47ea41827a65301213c810b?s=96&d=mm&r=g","url":"https:\/\/secure.gravatar.com\/avatar\/5964256d6c6957de3a3505278957e0fb2a35119ac47ea41827a65301213c810b?s=96&d=mm&r=g","contentUrl":"https:\/\/secure.gravatar.com\/avatar\/5964256d6c6957de3a3505278957e0fb2a35119ac47ea41827a65301213c810b?s=96&d=mm&r=g","caption":"Jacqueline ROTEN"}}]}},"_links":{"self":[{"href":"https:\/\/www.iemj.org\/de\/wp-json\/wp\/v2\/posts\/97757","targetHints":{"allow":["GET"]}}],"collection":[{"href":"https:\/\/www.iemj.org\/de\/wp-json\/wp\/v2\/posts"}],"about":[{"href":"https:\/\/www.iemj.org\/de\/wp-json\/wp\/v2\/types\/post"}],"author":[{"embeddable":true,"href":"https:\/\/www.iemj.org\/de\/wp-json\/wp\/v2\/users\/5"}],"replies":[{"embeddable":true,"href":"https:\/\/www.iemj.org\/de\/wp-json\/wp\/v2\/comments?post=97757"}],"version-history":[{"count":0,"href":"https:\/\/www.iemj.org\/de\/wp-json\/wp\/v2\/posts\/97757\/revisions"}],"wp:featuredmedia":[{"embeddable":true,"href":"https:\/\/www.iemj.org\/de\/wp-json\/wp\/v2\/media\/97758"}],"wp:attachment":[{"href":"https:\/\/www.iemj.org\/de\/wp-json\/wp\/v2\/media?parent=97757"}],"wp:term":[{"taxonomy":"category","embeddable":true,"href":"https:\/\/www.iemj.org\/de\/wp-json\/wp\/v2\/categories?post=97757"},{"taxonomy":"post_tag","embeddable":true,"href":"https:\/\/www.iemj.org\/de\/wp-json\/wp\/v2\/tags?post=97757"},{"taxonomy":"technique","embeddable":true,"href":"https:\/\/www.iemj.org\/de\/wp-json\/wp\/v2\/technique?post=97757"},{"taxonomy":"squelettes","embeddable":true,"href":"https:\/\/www.iemj.org\/de\/wp-json\/wp\/v2\/squelettes?post=97757"},{"taxonomy":"sujet","embeddable":true,"href":"https:\/\/www.iemj.org\/de\/wp-json\/wp\/v2\/sujet?post=97757"},{"taxonomy":"formation","embeddable":true,"href":"https:\/\/www.iemj.org\/de\/wp-json\/wp\/v2\/formation?post=97757"},{"taxonomy":"genre","embeddable":true,"href":"https:\/\/www.iemj.org\/de\/wp-json\/wp\/v2\/genre?post=97757"},{"taxonomy":"fonds","embeddable":true,"href":"https:\/\/www.iemj.org\/de\/wp-json\/wp\/v2\/fonds?post=97757"},{"taxonomy":"tradition","embeddable":true,"href":"https:\/\/www.iemj.org\/de\/wp-json\/wp\/v2\/tradition?post=97757"},{"taxonomy":"type-de-contenu","embeddable":true,"href":"https:\/\/www.iemj.org\/de\/wp-json\/wp\/v2\/type-de-contenu?post=97757"},{"taxonomy":"interprete-compositeur","embeddable":true,"href":"https:\/\/www.iemj.org\/de\/wp-json\/wp\/v2\/interprete-compositeur?post=97757"},{"taxonomy":"frise","embeddable":true,"href":"https:\/\/www.iemj.org\/de\/wp-json\/wp\/v2\/frise?post=97757"},{"taxonomy":"type-devenement","embeddable":true,"href":"https:\/\/www.iemj.org\/de\/wp-json\/wp\/v2\/type-devenement?post=97757"},{"taxonomy":"tableaux-liens-externes","embeddable":true,"href":"https:\/\/www.iemj.org\/de\/wp-json\/wp\/v2\/tableaux-liens-externes?post=97757"}],"curies":[{"name":"wp","href":"https:\/\/api.w.org\/{rel}","templated":true}]}}