{"id":97786,"date":"2019-06-25T10:03:19","date_gmt":"2019-06-25T08:03:19","guid":{"rendered":"https:\/\/www.iemj.org\/colloque-musica-judaica-musique-juive-entre-tradition-orale-et-tradition-ecrite\/"},"modified":"2023-06-05T15:19:04","modified_gmt":"2023-06-05T13:19:04","slug":"colloque-musica-judaica-musique-juive-entre-tradition-orale-et-tradition-ecrite","status":"publish","type":"post","link":"https:\/\/www.iemj.org\/de\/colloque-musica-judaica-musique-juive-entre-tradition-orale-et-tradition-ecrite\/","title":{"rendered":"Kolloquium Musica Judaica: J\u00fcdische Musik zwischen m\u00fcndlicher und schriftlicher \u00dcberlieferung"},"content":{"rendered":"<p>Musica Judaica bringt Forscher, Spezialisten, Interpreten und S\u00e4nger im Rahmen einer Konferenz zusammen, die den Beziehungen (Interdependenzen, Interferenzen&#8230;) gewidmet ist, die die m\u00fcndlichen und schriftlichen j\u00fcdischen Traditionen mit den europ\u00e4ischen Kulturen vom Mittelalter bis zur Shoah unterhalten haben.<br \/>\nDie Analysen werden versuchen, den Einfluss der verschiedenen kulturellen Kontexte, insbesondere der nichtj\u00fcdischen, auf die epochenspezifischen Kompositionen zu beleuchten.<br \/>\nDie aufeinanderfolgenden Pr\u00e4sentationen werden Problematiken wie &#8222;Authentizit\u00e4t&#8220;, die k\u00fcnstliche Trennung zwischen heilig und profan oder den Beitrag der Musik als Quelle f\u00fcr die j\u00fcdische Geschichtsschreibung erkunden.<\/p>\n<p>Das Kolloquium wird von Marton Ribary (Universit\u00e4t Manchester) und Diana Matut (Halle-Wittenberg \/ Heidelberg) organisiert.<br \/>\nEs umfasst zwei Podiumsdiskussionen und vier Vortr\u00e4ge, von denen der Hauptvortrag von Mark Kligman (UCLA) in ein Konzert mit Alexander Knapp (SOAS) am Klavier, Rabbi Cantor Gershon Silins und dem Chor der Joyful Company of Singers unter der Leitung von Peter Broadbent m\u00fcnden wird.<\/p>\n<p><strong>Herv\u00e9 Roten, Direktor des Institut Europ\u00e9en des Musiques Juives, wird zwei Mal sprechen:<\/strong><\/p>\n<ul>\n<li>Sonntag, 14. Juli, 14.30 Uhr: Podiumsdiskussion neben Diana Matut (Halle-Wittenberg\/Heidelberg), Martha Stellmacher (European Centre for Jewish Music, Hannover) und Mark Kligman (University of California, Los Angeles) \u00fcber : &#8222;<strong>Die Zukunft der j\u00fcdischen Musiksammlungen<\/strong>&#8222;.<\/li>\n<li>Montag, 15. Juli, 10.30 Uhr: Vortrag &#8222;<strong>Der Einfluss der westlichen geschriebenen Musik auf die j\u00fcdisch-portugiesischen Traditionen Frankreichs im 19. Jahrhundert<\/strong>&#8220; (&#8222;The influence of Western written music on the French Sephardic-Portuguese traditions in the 19th century&#8220;)<\/li>\n<\/ul>\n<p><a href=\"https:\/\/www.iemj.org\/wp-content\/uploads\/2019\/06\/Musica-Judaica-Brochure-v7.pdf\">Programm Kolloquium Musica Judaica Oxford 07-2019<\/a><\/p>\n<p><strong>Reservierungen:<\/strong><br \/>\nTel: +44 (0)1865 610422<br \/>\nenquiries@ochjs.ac.uk<\/p>\n","protected":false},"excerpt":{"rendered":"<p>Musica Judaica bringt Forscher, Spezialisten, Interpreten und S\u00e4nger im Rahmen einer Konferenz zusammen, die den Beziehungen (Interdependenzen, Interferenzen&#8230;) gewidmet ist, die die m\u00fcndlichen und schriftlichen j\u00fcdischen Traditionen mit den europ\u00e4ischen<\/p>\n","protected":false},"author":5,"featured_media":97787,"comment_status":"open","ping_status":"open","sticky":false,"template":"","format":"standard","meta":{"_acf_changed":false,"footnotes":""},"categories":[1374,1370],"tags":[3420],"technique":[],"squelettes":[],"sujet":[],"formation":[],"genre":[],"fonds":[],"tradition":[],"type-de-contenu":[],"interprete-compositeur":[],"frise":[],"type-devenement":[],"tableaux-liens-externes":[],"class_list":["post-97786","post","type-post","status-publish","format-standard","has-post-thumbnail","hentry","category-kolloquium-de","category-veranstaltungen-de","tag-partner-veranstaltungen-de"],"acf":[],"yoast_head":"<!-- This site is optimized with the Yoast SEO plugin v27.3 - https:\/\/yoast.com\/product\/yoast-seo-wordpress\/ -->\n<title>Kolloquium Musica Judaica: J\u00fcdische Musik zwischen m\u00fcndlicher und schriftlicher \u00dcberlieferung - Institut Europ\u00e9en des Musiques Juives<\/title>\n<meta name=\"robots\" content=\"noindex, follow\" \/>\n<meta property=\"og:locale\" content=\"de_DE\" \/>\n<meta property=\"og:type\" content=\"article\" \/>\n<meta property=\"og:title\" content=\"Kolloquium Musica Judaica: J\u00fcdische Musik zwischen m\u00fcndlicher und schriftlicher \u00dcberlieferung - Institut Europ\u00e9en des Musiques Juives\" \/>\n<meta property=\"og:description\" content=\"Musica Judaica bringt Forscher, Spezialisten, Interpreten und S\u00e4nger im Rahmen einer Konferenz zusammen, die den Beziehungen (Interdependenzen, Interferenzen&#8230;) gewidmet ist, die die m\u00fcndlichen und schriftlichen j\u00fcdischen Traditionen mit den europ\u00e4ischen\" \/>\n<meta property=\"og:url\" content=\"https:\/\/www.iemj.org\/de\/colloque-musica-judaica-musique-juive-entre-tradition-orale-et-tradition-ecrite\/\" \/>\n<meta property=\"og:site_name\" content=\"Institut Europ\u00e9en des Musiques Juives\" \/>\n<meta property=\"article:publisher\" content=\"https:\/\/www.facebook.com\/MusiquesJuives\/\" \/>\n<meta property=\"article:published_time\" content=\"2019-06-25T08:03:19+00:00\" \/>\n<meta property=\"article:modified_time\" content=\"2023-06-05T13:19:04+00:00\" \/>\n<meta property=\"og:image\" content=\"https:\/\/www.iemj.org\/wp-content\/uploads\/2019\/06\/arton4230.jpg\" \/>\n\t<meta property=\"og:image:width\" content=\"301\" \/>\n\t<meta property=\"og:image:height\" content=\"448\" \/>\n\t<meta property=\"og:image:type\" content=\"image\/jpeg\" \/>\n<meta name=\"author\" content=\"Jacqueline ROTEN\" \/>\n<meta name=\"twitter:card\" content=\"summary_large_image\" \/>\n<meta name=\"twitter:label1\" content=\"Verfasst von\" \/>\n\t<meta name=\"twitter:data1\" content=\"Jacqueline ROTEN\" \/>\n\t<meta name=\"twitter:label2\" content=\"Gesch\u00e4tzte Lesezeit\" \/>\n\t<meta name=\"twitter:data2\" content=\"2\u00a0Minuten\" \/>\n<script type=\"application\/ld+json\" class=\"yoast-schema-graph\">{\"@context\":\"https:\\\/\\\/schema.org\",\"@graph\":[{\"@type\":\"Article\",\"@id\":\"https:\\\/\\\/www.iemj.org\\\/de\\\/colloque-musica-judaica-musique-juive-entre-tradition-orale-et-tradition-ecrite\\\/#article\",\"isPartOf\":{\"@id\":\"https:\\\/\\\/www.iemj.org\\\/de\\\/colloque-musica-judaica-musique-juive-entre-tradition-orale-et-tradition-ecrite\\\/\"},\"author\":{\"name\":\"Jacqueline ROTEN\",\"@id\":\"https:\\\/\\\/www.iemj.org\\\/de\\\/#\\\/schema\\\/person\\\/358e26c18aca017fcc4cc15437f7279c\"},\"headline\":\"Kolloquium Musica Judaica: J\u00fcdische Musik zwischen m\u00fcndlicher und schriftlicher \u00dcberlieferung\",\"datePublished\":\"2019-06-25T08:03:19+00:00\",\"dateModified\":\"2023-06-05T13:19:04+00:00\",\"mainEntityOfPage\":{\"@id\":\"https:\\\/\\\/www.iemj.org\\\/de\\\/colloque-musica-judaica-musique-juive-entre-tradition-orale-et-tradition-ecrite\\\/\"},\"wordCount\":257,\"commentCount\":0,\"publisher\":{\"@id\":\"https:\\\/\\\/www.iemj.org\\\/de\\\/#organization\"},\"image\":{\"@id\":\"https:\\\/\\\/www.iemj.org\\\/de\\\/colloque-musica-judaica-musique-juive-entre-tradition-orale-et-tradition-ecrite\\\/#primaryimage\"},\"thumbnailUrl\":\"https:\\\/\\\/www.iemj.org\\\/wp-content\\\/uploads\\\/2019\\\/06\\\/arton4230.jpg\",\"keywords\":[\"Partner-Veranstaltungen\"],\"articleSection\":[\"Kolloquium\",\"Veranstaltungen\"],\"inLanguage\":\"de\",\"potentialAction\":[{\"@type\":\"CommentAction\",\"name\":\"Comment\",\"target\":[\"https:\\\/\\\/www.iemj.org\\\/de\\\/colloque-musica-judaica-musique-juive-entre-tradition-orale-et-tradition-ecrite\\\/#respond\"]}]},{\"@type\":\"WebPage\",\"@id\":\"https:\\\/\\\/www.iemj.org\\\/de\\\/colloque-musica-judaica-musique-juive-entre-tradition-orale-et-tradition-ecrite\\\/\",\"url\":\"https:\\\/\\\/www.iemj.org\\\/de\\\/colloque-musica-judaica-musique-juive-entre-tradition-orale-et-tradition-ecrite\\\/\",\"name\":\"Kolloquium Musica Judaica: J\u00fcdische Musik zwischen m\u00fcndlicher und schriftlicher \u00dcberlieferung - Institut Europ\u00e9en des Musiques Juives\",\"isPartOf\":{\"@id\":\"https:\\\/\\\/www.iemj.org\\\/de\\\/#website\"},\"primaryImageOfPage\":{\"@id\":\"https:\\\/\\\/www.iemj.org\\\/de\\\/colloque-musica-judaica-musique-juive-entre-tradition-orale-et-tradition-ecrite\\\/#primaryimage\"},\"image\":{\"@id\":\"https:\\\/\\\/www.iemj.org\\\/de\\\/colloque-musica-judaica-musique-juive-entre-tradition-orale-et-tradition-ecrite\\\/#primaryimage\"},\"thumbnailUrl\":\"https:\\\/\\\/www.iemj.org\\\/wp-content\\\/uploads\\\/2019\\\/06\\\/arton4230.jpg\",\"datePublished\":\"2019-06-25T08:03:19+00:00\",\"dateModified\":\"2023-06-05T13:19:04+00:00\",\"breadcrumb\":{\"@id\":\"https:\\\/\\\/www.iemj.org\\\/de\\\/colloque-musica-judaica-musique-juive-entre-tradition-orale-et-tradition-ecrite\\\/#breadcrumb\"},\"inLanguage\":\"de\",\"potentialAction\":[{\"@type\":\"ReadAction\",\"target\":[\"https:\\\/\\\/www.iemj.org\\\/de\\\/colloque-musica-judaica-musique-juive-entre-tradition-orale-et-tradition-ecrite\\\/\"]}]},{\"@type\":\"ImageObject\",\"inLanguage\":\"de\",\"@id\":\"https:\\\/\\\/www.iemj.org\\\/de\\\/colloque-musica-judaica-musique-juive-entre-tradition-orale-et-tradition-ecrite\\\/#primaryimage\",\"url\":\"https:\\\/\\\/www.iemj.org\\\/wp-content\\\/uploads\\\/2019\\\/06\\\/arton4230.jpg\",\"contentUrl\":\"https:\\\/\\\/www.iemj.org\\\/wp-content\\\/uploads\\\/2019\\\/06\\\/arton4230.jpg\",\"width\":301,\"height\":448},{\"@type\":\"BreadcrumbList\",\"@id\":\"https:\\\/\\\/www.iemj.org\\\/de\\\/colloque-musica-judaica-musique-juive-entre-tradition-orale-et-tradition-ecrite\\\/#breadcrumb\",\"itemListElement\":[{\"@type\":\"ListItem\",\"position\":1,\"name\":\"Accueil\",\"item\":\"https:\\\/\\\/www.iemj.org\\\/de\\\/\"},{\"@type\":\"ListItem\",\"position\":2,\"name\":\"Kolloquium Musica Judaica: J\u00fcdische Musik zwischen m\u00fcndlicher und schriftlicher \u00dcberlieferung\"}]},{\"@type\":\"WebSite\",\"@id\":\"https:\\\/\\\/www.iemj.org\\\/de\\\/#website\",\"url\":\"https:\\\/\\\/www.iemj.org\\\/de\\\/\",\"name\":\"Institut Europ\u00e9en des Musiques Juives\",\"description\":\"Des traditions musicales \u00e0 la port\u00e9e de tous\",\"publisher\":{\"@id\":\"https:\\\/\\\/www.iemj.org\\\/de\\\/#organization\"},\"potentialAction\":[{\"@type\":\"SearchAction\",\"target\":{\"@type\":\"EntryPoint\",\"urlTemplate\":\"https:\\\/\\\/www.iemj.org\\\/de\\\/?s={search_term_string}\"},\"query-input\":{\"@type\":\"PropertyValueSpecification\",\"valueRequired\":true,\"valueName\":\"search_term_string\"}}],\"inLanguage\":\"de\"},{\"@type\":\"Organization\",\"@id\":\"https:\\\/\\\/www.iemj.org\\\/de\\\/#organization\",\"name\":\"Institut Europ\u00e9en des Musiques Juives\",\"url\":\"https:\\\/\\\/www.iemj.org\\\/de\\\/\",\"logo\":{\"@type\":\"ImageObject\",\"inLanguage\":\"de\",\"@id\":\"https:\\\/\\\/www.iemj.org\\\/de\\\/#\\\/schema\\\/logo\\\/image\\\/\",\"url\":\"https:\\\/\\\/www.iemj.org\\\/wp-content\\\/uploads\\\/2021\\\/09\\\/Logo-IEMJ-Paypal.jpg\",\"contentUrl\":\"https:\\\/\\\/www.iemj.org\\\/wp-content\\\/uploads\\\/2021\\\/09\\\/Logo-IEMJ-Paypal.jpg\",\"width\":150,\"height\":50,\"caption\":\"Institut Europ\u00e9en des Musiques Juives\"},\"image\":{\"@id\":\"https:\\\/\\\/www.iemj.org\\\/de\\\/#\\\/schema\\\/logo\\\/image\\\/\"},\"sameAs\":[\"https:\\\/\\\/www.facebook.com\\\/MusiquesJuives\\\/\",\"https:\\\/\\\/www.instagram.com\\\/musiquesjuives\\\/\",\"https:\\\/\\\/www.youtube.com\\\/user\\\/musiquesjuives\"]},{\"@type\":\"Person\",\"@id\":\"https:\\\/\\\/www.iemj.org\\\/de\\\/#\\\/schema\\\/person\\\/358e26c18aca017fcc4cc15437f7279c\",\"name\":\"Jacqueline ROTEN\",\"image\":{\"@type\":\"ImageObject\",\"inLanguage\":\"de\",\"@id\":\"https:\\\/\\\/secure.gravatar.com\\\/avatar\\\/5964256d6c6957de3a3505278957e0fb2a35119ac47ea41827a65301213c810b?s=96&d=mm&r=g\",\"url\":\"https:\\\/\\\/secure.gravatar.com\\\/avatar\\\/5964256d6c6957de3a3505278957e0fb2a35119ac47ea41827a65301213c810b?s=96&d=mm&r=g\",\"contentUrl\":\"https:\\\/\\\/secure.gravatar.com\\\/avatar\\\/5964256d6c6957de3a3505278957e0fb2a35119ac47ea41827a65301213c810b?s=96&d=mm&r=g\",\"caption\":\"Jacqueline ROTEN\"}}]}<\/script>\n<!-- \/ Yoast SEO plugin. -->","yoast_head_json":{"title":"Kolloquium Musica Judaica: J\u00fcdische Musik zwischen m\u00fcndlicher und schriftlicher \u00dcberlieferung - Institut Europ\u00e9en des Musiques Juives","robots":{"index":"noindex","follow":"follow"},"og_locale":"de_DE","og_type":"article","og_title":"Kolloquium Musica Judaica: J\u00fcdische Musik zwischen m\u00fcndlicher und schriftlicher \u00dcberlieferung - Institut Europ\u00e9en des Musiques Juives","og_description":"Musica Judaica bringt Forscher, Spezialisten, Interpreten und S\u00e4nger im Rahmen einer Konferenz zusammen, die den Beziehungen (Interdependenzen, Interferenzen&#8230;) gewidmet ist, die die m\u00fcndlichen und schriftlichen j\u00fcdischen Traditionen mit den europ\u00e4ischen","og_url":"https:\/\/www.iemj.org\/de\/colloque-musica-judaica-musique-juive-entre-tradition-orale-et-tradition-ecrite\/","og_site_name":"Institut Europ\u00e9en des Musiques Juives","article_publisher":"https:\/\/www.facebook.com\/MusiquesJuives\/","article_published_time":"2019-06-25T08:03:19+00:00","article_modified_time":"2023-06-05T13:19:04+00:00","og_image":[{"width":301,"height":448,"url":"https:\/\/www.iemj.org\/wp-content\/uploads\/2019\/06\/arton4230.jpg","type":"image\/jpeg"}],"author":"Jacqueline ROTEN","twitter_card":"summary_large_image","twitter_misc":{"Verfasst von":"Jacqueline ROTEN","Gesch\u00e4tzte Lesezeit":"2\u00a0Minuten"},"schema":{"@context":"https:\/\/schema.org","@graph":[{"@type":"Article","@id":"https:\/\/www.iemj.org\/de\/colloque-musica-judaica-musique-juive-entre-tradition-orale-et-tradition-ecrite\/#article","isPartOf":{"@id":"https:\/\/www.iemj.org\/de\/colloque-musica-judaica-musique-juive-entre-tradition-orale-et-tradition-ecrite\/"},"author":{"name":"Jacqueline ROTEN","@id":"https:\/\/www.iemj.org\/de\/#\/schema\/person\/358e26c18aca017fcc4cc15437f7279c"},"headline":"Kolloquium Musica Judaica: J\u00fcdische Musik zwischen m\u00fcndlicher und schriftlicher \u00dcberlieferung","datePublished":"2019-06-25T08:03:19+00:00","dateModified":"2023-06-05T13:19:04+00:00","mainEntityOfPage":{"@id":"https:\/\/www.iemj.org\/de\/colloque-musica-judaica-musique-juive-entre-tradition-orale-et-tradition-ecrite\/"},"wordCount":257,"commentCount":0,"publisher":{"@id":"https:\/\/www.iemj.org\/de\/#organization"},"image":{"@id":"https:\/\/www.iemj.org\/de\/colloque-musica-judaica-musique-juive-entre-tradition-orale-et-tradition-ecrite\/#primaryimage"},"thumbnailUrl":"https:\/\/www.iemj.org\/wp-content\/uploads\/2019\/06\/arton4230.jpg","keywords":["Partner-Veranstaltungen"],"articleSection":["Kolloquium","Veranstaltungen"],"inLanguage":"de","potentialAction":[{"@type":"CommentAction","name":"Comment","target":["https:\/\/www.iemj.org\/de\/colloque-musica-judaica-musique-juive-entre-tradition-orale-et-tradition-ecrite\/#respond"]}]},{"@type":"WebPage","@id":"https:\/\/www.iemj.org\/de\/colloque-musica-judaica-musique-juive-entre-tradition-orale-et-tradition-ecrite\/","url":"https:\/\/www.iemj.org\/de\/colloque-musica-judaica-musique-juive-entre-tradition-orale-et-tradition-ecrite\/","name":"Kolloquium Musica Judaica: J\u00fcdische Musik zwischen m\u00fcndlicher und schriftlicher \u00dcberlieferung - Institut Europ\u00e9en des Musiques Juives","isPartOf":{"@id":"https:\/\/www.iemj.org\/de\/#website"},"primaryImageOfPage":{"@id":"https:\/\/www.iemj.org\/de\/colloque-musica-judaica-musique-juive-entre-tradition-orale-et-tradition-ecrite\/#primaryimage"},"image":{"@id":"https:\/\/www.iemj.org\/de\/colloque-musica-judaica-musique-juive-entre-tradition-orale-et-tradition-ecrite\/#primaryimage"},"thumbnailUrl":"https:\/\/www.iemj.org\/wp-content\/uploads\/2019\/06\/arton4230.jpg","datePublished":"2019-06-25T08:03:19+00:00","dateModified":"2023-06-05T13:19:04+00:00","breadcrumb":{"@id":"https:\/\/www.iemj.org\/de\/colloque-musica-judaica-musique-juive-entre-tradition-orale-et-tradition-ecrite\/#breadcrumb"},"inLanguage":"de","potentialAction":[{"@type":"ReadAction","target":["https:\/\/www.iemj.org\/de\/colloque-musica-judaica-musique-juive-entre-tradition-orale-et-tradition-ecrite\/"]}]},{"@type":"ImageObject","inLanguage":"de","@id":"https:\/\/www.iemj.org\/de\/colloque-musica-judaica-musique-juive-entre-tradition-orale-et-tradition-ecrite\/#primaryimage","url":"https:\/\/www.iemj.org\/wp-content\/uploads\/2019\/06\/arton4230.jpg","contentUrl":"https:\/\/www.iemj.org\/wp-content\/uploads\/2019\/06\/arton4230.jpg","width":301,"height":448},{"@type":"BreadcrumbList","@id":"https:\/\/www.iemj.org\/de\/colloque-musica-judaica-musique-juive-entre-tradition-orale-et-tradition-ecrite\/#breadcrumb","itemListElement":[{"@type":"ListItem","position":1,"name":"Accueil","item":"https:\/\/www.iemj.org\/de\/"},{"@type":"ListItem","position":2,"name":"Kolloquium Musica Judaica: J\u00fcdische Musik zwischen m\u00fcndlicher und schriftlicher \u00dcberlieferung"}]},{"@type":"WebSite","@id":"https:\/\/www.iemj.org\/de\/#website","url":"https:\/\/www.iemj.org\/de\/","name":"Institut Europ\u00e9en des Musiques Juives","description":"Des traditions musicales \u00e0 la port\u00e9e de tous","publisher":{"@id":"https:\/\/www.iemj.org\/de\/#organization"},"potentialAction":[{"@type":"SearchAction","target":{"@type":"EntryPoint","urlTemplate":"https:\/\/www.iemj.org\/de\/?s={search_term_string}"},"query-input":{"@type":"PropertyValueSpecification","valueRequired":true,"valueName":"search_term_string"}}],"inLanguage":"de"},{"@type":"Organization","@id":"https:\/\/www.iemj.org\/de\/#organization","name":"Institut Europ\u00e9en des Musiques Juives","url":"https:\/\/www.iemj.org\/de\/","logo":{"@type":"ImageObject","inLanguage":"de","@id":"https:\/\/www.iemj.org\/de\/#\/schema\/logo\/image\/","url":"https:\/\/www.iemj.org\/wp-content\/uploads\/2021\/09\/Logo-IEMJ-Paypal.jpg","contentUrl":"https:\/\/www.iemj.org\/wp-content\/uploads\/2021\/09\/Logo-IEMJ-Paypal.jpg","width":150,"height":50,"caption":"Institut Europ\u00e9en des Musiques Juives"},"image":{"@id":"https:\/\/www.iemj.org\/de\/#\/schema\/logo\/image\/"},"sameAs":["https:\/\/www.facebook.com\/MusiquesJuives\/","https:\/\/www.instagram.com\/musiquesjuives\/","https:\/\/www.youtube.com\/user\/musiquesjuives"]},{"@type":"Person","@id":"https:\/\/www.iemj.org\/de\/#\/schema\/person\/358e26c18aca017fcc4cc15437f7279c","name":"Jacqueline ROTEN","image":{"@type":"ImageObject","inLanguage":"de","@id":"https:\/\/secure.gravatar.com\/avatar\/5964256d6c6957de3a3505278957e0fb2a35119ac47ea41827a65301213c810b?s=96&d=mm&r=g","url":"https:\/\/secure.gravatar.com\/avatar\/5964256d6c6957de3a3505278957e0fb2a35119ac47ea41827a65301213c810b?s=96&d=mm&r=g","contentUrl":"https:\/\/secure.gravatar.com\/avatar\/5964256d6c6957de3a3505278957e0fb2a35119ac47ea41827a65301213c810b?s=96&d=mm&r=g","caption":"Jacqueline ROTEN"}}]}},"_links":{"self":[{"href":"https:\/\/www.iemj.org\/de\/wp-json\/wp\/v2\/posts\/97786","targetHints":{"allow":["GET"]}}],"collection":[{"href":"https:\/\/www.iemj.org\/de\/wp-json\/wp\/v2\/posts"}],"about":[{"href":"https:\/\/www.iemj.org\/de\/wp-json\/wp\/v2\/types\/post"}],"author":[{"embeddable":true,"href":"https:\/\/www.iemj.org\/de\/wp-json\/wp\/v2\/users\/5"}],"replies":[{"embeddable":true,"href":"https:\/\/www.iemj.org\/de\/wp-json\/wp\/v2\/comments?post=97786"}],"version-history":[{"count":0,"href":"https:\/\/www.iemj.org\/de\/wp-json\/wp\/v2\/posts\/97786\/revisions"}],"wp:featuredmedia":[{"embeddable":true,"href":"https:\/\/www.iemj.org\/de\/wp-json\/wp\/v2\/media\/97787"}],"wp:attachment":[{"href":"https:\/\/www.iemj.org\/de\/wp-json\/wp\/v2\/media?parent=97786"}],"wp:term":[{"taxonomy":"category","embeddable":true,"href":"https:\/\/www.iemj.org\/de\/wp-json\/wp\/v2\/categories?post=97786"},{"taxonomy":"post_tag","embeddable":true,"href":"https:\/\/www.iemj.org\/de\/wp-json\/wp\/v2\/tags?post=97786"},{"taxonomy":"technique","embeddable":true,"href":"https:\/\/www.iemj.org\/de\/wp-json\/wp\/v2\/technique?post=97786"},{"taxonomy":"squelettes","embeddable":true,"href":"https:\/\/www.iemj.org\/de\/wp-json\/wp\/v2\/squelettes?post=97786"},{"taxonomy":"sujet","embeddable":true,"href":"https:\/\/www.iemj.org\/de\/wp-json\/wp\/v2\/sujet?post=97786"},{"taxonomy":"formation","embeddable":true,"href":"https:\/\/www.iemj.org\/de\/wp-json\/wp\/v2\/formation?post=97786"},{"taxonomy":"genre","embeddable":true,"href":"https:\/\/www.iemj.org\/de\/wp-json\/wp\/v2\/genre?post=97786"},{"taxonomy":"fonds","embeddable":true,"href":"https:\/\/www.iemj.org\/de\/wp-json\/wp\/v2\/fonds?post=97786"},{"taxonomy":"tradition","embeddable":true,"href":"https:\/\/www.iemj.org\/de\/wp-json\/wp\/v2\/tradition?post=97786"},{"taxonomy":"type-de-contenu","embeddable":true,"href":"https:\/\/www.iemj.org\/de\/wp-json\/wp\/v2\/type-de-contenu?post=97786"},{"taxonomy":"interprete-compositeur","embeddable":true,"href":"https:\/\/www.iemj.org\/de\/wp-json\/wp\/v2\/interprete-compositeur?post=97786"},{"taxonomy":"frise","embeddable":true,"href":"https:\/\/www.iemj.org\/de\/wp-json\/wp\/v2\/frise?post=97786"},{"taxonomy":"type-devenement","embeddable":true,"href":"https:\/\/www.iemj.org\/de\/wp-json\/wp\/v2\/type-devenement?post=97786"},{"taxonomy":"tableaux-liens-externes","embeddable":true,"href":"https:\/\/www.iemj.org\/de\/wp-json\/wp\/v2\/tableaux-liens-externes?post=97786"}],"curies":[{"name":"wp","href":"https:\/\/api.w.org\/{rel}","templated":true}]}}