{"id":97813,"date":"2019-05-14T15:09:56","date_gmt":"2019-05-14T13:09:56","guid":{"rendered":"https:\/\/www.iemj.org\/musique-et-cuisine-juives-des-mets-et-des-sons\/"},"modified":"2023-06-05T15:40:00","modified_gmt":"2023-06-05T13:40:00","slug":"musique-et-cuisine-juives-des-mets-et-des-sons","status":"publish","type":"post","link":"https:\/\/www.iemj.org\/de\/musique-et-cuisine-juives-des-mets-et-des-sons\/","title":{"rendered":"J\u00fcdische Musik und K\u00fcche: Von Speisen und Kl\u00e4ngen"},"content":{"rendered":"<p><!--more--><\/p>\n<p><strong>Vom Institut Europ\u00e9en des Musiques Juives und dem Cercle Bernard Lazare vorgeschlagenes Programm<\/strong><\/p>\n<p><strong>20.45 Uhr: Audio-visueller Vortrag von Herv\u00e9 Roten &#8211; J\u00fcdische Musik und K\u00fcche: Speisen und Kl\u00e4nge<\/strong><br \/>\nDie j\u00fcdische K\u00fcche ist eine Sprache (pickel fleish?) f\u00fcr sich. Als Substrat der j\u00fcdischen Mutter n\u00e4hrt sie die Kinder mit ihren Traumata und verankert sie in ihrer j\u00fcdischen Identit\u00e4t. All diese Gerichte, die wir geliebt oder gehasst haben, beschw\u00f6ren wir mit Inbrunst herauf, wenn wir \u00fcber 40 Jahre alt sind. Die Borekas unserer Mutter, ihre gehackte Leber, ihr k\u00f6niglicher Couscous &#8211; sie alle versetzen uns zur\u00fcck in eine gesegnete Kindheit, in der das Leben einfach war: Entweder wir a\u00dfen, was auf unserem Teller war, oder wir waren f\u00fcr den bevorstehenden Tod unserer Mutter verantwortlich! Aber die j\u00fcdische K\u00fcche ist nicht nur Schuld, sondern auch ein Genuss f\u00fcr den Gaumen. So sehr, dass viele K\u00fcnstler sie mit Humor und Nostalgie besingen.<br \/>\nVom Rezept f\u00fcr Gefilte Fisch bis hin zum Vollfisch oder der t\u00fcrkischen Berencena gibt es eine Vielzahl von Liedern, die wir mit Genuss genie\u00dfen &#8211; und das alles, ohne ein Gramm zuzunehmen!<br \/>\nMit viel Humor verr\u00e4t uns Herv\u00e9 Roten die Geheimnisse der j\u00fcdischen Gastronomie anhand von jiddischen, j\u00fcdisch-spanischen und orientalischen Liedern.<br \/>\n<strong>Abend mit Verkostung, Vortrag und Konzert: 10 \u20ac <em>(kostenlos f\u00fcr Mitglieder des CBL und des IEMJ)<\/em><\/strong>.<\/p>\n<p><center><strong><em><br \/>\n&#8211; &#8211; &#8211; &#8211; &#8211; &#8211; .<\/em><\/strong><\/center><\/p>\n<h2><strong>Die Konferenz ansehen:<\/strong><br \/>\n<a href=\"https:\/\/www.iemj.org\/de\/cuisine-et-musique-juives\/\"><img fetchpriority=\"high\" decoding=\"async\" class=\" aligncenter size-full wp-image-23885\" src=\"https:\/\/www.iemj.org\/wp-content\/uploads\/2019\/05\/conf_herve.jpg\" alt=\"conf_herve.jpg\" width=\"500\" height=\"161\" align=\"center\" \/><\/a><\/h2>\n<p><strong><em>21.45 Uhr: Jacintas Geschm\u00e4cker und Farben<br \/>\nEine Auswahl an appetitlichen Liedern, die das Sprichwort &#8222;Hungriger Bauch hat kein Ohr!&#8220; L\u00fcgen strafen werden.<\/em><\/strong><\/p>\n<p><center><br \/>\n<strong>&#8211; &#8211; &#8211; &#8211; &#8211; &#8211; <\/strong>.<\/center><strong><em>Reservierungen: https:\/\/www.festivaldesculturesjuives.org\/<\/em><\/strong><\/p>\n<p><img decoding=\"async\" class=\" aligncenter  wp-image-23887\" src=\"https:\/\/www.iemj.org\/wp-content\/uploads\/2019\/05\/affiche_fcj_2019_capture.jpg\" alt=\"affiche_fcj_2019_capture.jpg\" width=\"500\" height=\"748\" align=\"center\" srcset=\"https:\/\/www.iemj.org\/wp-content\/uploads\/2019\/05\/affiche_fcj_2019_capture.jpg 600w, https:\/\/www.iemj.org\/wp-content\/uploads\/2019\/05\/affiche_fcj_2019_capture-200x300.jpg 200w\" sizes=\"(max-width: 500px) 100vw, 500px\" \/><\/p>\n","protected":false},"excerpt":{"rendered":"","protected":false},"author":5,"featured_media":97814,"comment_status":"open","ping_status":"open","sticky":false,"template":"","format":"standard","meta":{"_acf_changed":false,"footnotes":""},"categories":[1382,1370],"tags":[2225],"technique":[],"squelettes":[],"sujet":[],"formation":[],"genre":[],"fonds":[],"tradition":[],"type-de-contenu":[],"interprete-compositeur":[],"frise":[],"type-devenement":[],"tableaux-liens-externes":[],"class_list":["post-97813","post","type-post","status-publish","format-standard","has-post-thumbnail","hentry","category-kurse-konferenzen-de","category-veranstaltungen-de","tag-veranstaltungen-iemj-de"],"acf":[],"yoast_head":"<!-- This site is optimized with the Yoast SEO plugin v27.3 - https:\/\/yoast.com\/product\/yoast-seo-wordpress\/ -->\n<title>J\u00fcdische Musik und K\u00fcche: Von Speisen und Kl\u00e4ngen - Institut Europ\u00e9en des Musiques Juives<\/title>\n<meta name=\"robots\" content=\"noindex, follow\" \/>\n<meta property=\"og:locale\" content=\"de_DE\" \/>\n<meta property=\"og:type\" content=\"article\" \/>\n<meta property=\"og:title\" content=\"J\u00fcdische Musik und K\u00fcche: Von Speisen und Kl\u00e4ngen - Institut Europ\u00e9en des Musiques Juives\" \/>\n<meta property=\"og:url\" content=\"https:\/\/www.iemj.org\/de\/musique-et-cuisine-juives-des-mets-et-des-sons\/\" \/>\n<meta property=\"og:site_name\" content=\"Institut Europ\u00e9en des Musiques Juives\" \/>\n<meta property=\"article:publisher\" content=\"https:\/\/www.facebook.com\/MusiquesJuives\/\" \/>\n<meta property=\"article:published_time\" content=\"2019-05-14T13:09:56+00:00\" \/>\n<meta property=\"article:modified_time\" content=\"2023-06-05T13:40:00+00:00\" \/>\n<meta property=\"og:image\" content=\"https:\/\/www.iemj.org\/wp-content\/uploads\/2019\/05\/arton4148.jpg\" \/>\n\t<meta property=\"og:image:width\" content=\"304\" \/>\n\t<meta property=\"og:image:height\" content=\"448\" \/>\n\t<meta property=\"og:image:type\" content=\"image\/jpeg\" \/>\n<meta name=\"author\" content=\"Jacqueline ROTEN\" \/>\n<meta name=\"twitter:card\" content=\"summary_large_image\" \/>\n<meta name=\"twitter:label1\" content=\"Verfasst von\" \/>\n\t<meta name=\"twitter:data1\" content=\"Jacqueline ROTEN\" \/>\n\t<meta name=\"twitter:label2\" content=\"Gesch\u00e4tzte Lesezeit\" \/>\n\t<meta name=\"twitter:data2\" content=\"2\u00a0Minuten\" \/>\n<script type=\"application\/ld+json\" class=\"yoast-schema-graph\">{\"@context\":\"https:\\\/\\\/schema.org\",\"@graph\":[{\"@type\":\"Article\",\"@id\":\"https:\\\/\\\/www.iemj.org\\\/de\\\/musique-et-cuisine-juives-des-mets-et-des-sons\\\/#article\",\"isPartOf\":{\"@id\":\"https:\\\/\\\/www.iemj.org\\\/de\\\/musique-et-cuisine-juives-des-mets-et-des-sons\\\/\"},\"author\":{\"name\":\"Jacqueline ROTEN\",\"@id\":\"https:\\\/\\\/www.iemj.org\\\/de\\\/#\\\/schema\\\/person\\\/358e26c18aca017fcc4cc15437f7279c\"},\"headline\":\"J\u00fcdische Musik und K\u00fcche: Von Speisen und Kl\u00e4ngen\",\"datePublished\":\"2019-05-14T13:09:56+00:00\",\"dateModified\":\"2023-06-05T13:40:00+00:00\",\"mainEntityOfPage\":{\"@id\":\"https:\\\/\\\/www.iemj.org\\\/de\\\/musique-et-cuisine-juives-des-mets-et-des-sons\\\/\"},\"wordCount\":292,\"commentCount\":0,\"publisher\":{\"@id\":\"https:\\\/\\\/www.iemj.org\\\/de\\\/#organization\"},\"image\":{\"@id\":\"https:\\\/\\\/www.iemj.org\\\/de\\\/musique-et-cuisine-juives-des-mets-et-des-sons\\\/#primaryimage\"},\"thumbnailUrl\":\"https:\\\/\\\/www.iemj.org\\\/wp-content\\\/uploads\\\/2019\\\/05\\\/arton4148.jpg\",\"keywords\":[\"Veranstaltungen IEMJ\"],\"articleSection\":[\"Kurse \\\/ Konferenzen\",\"Veranstaltungen\"],\"inLanguage\":\"de\",\"potentialAction\":[{\"@type\":\"CommentAction\",\"name\":\"Comment\",\"target\":[\"https:\\\/\\\/www.iemj.org\\\/de\\\/musique-et-cuisine-juives-des-mets-et-des-sons\\\/#respond\"]}]},{\"@type\":\"WebPage\",\"@id\":\"https:\\\/\\\/www.iemj.org\\\/de\\\/musique-et-cuisine-juives-des-mets-et-des-sons\\\/\",\"url\":\"https:\\\/\\\/www.iemj.org\\\/de\\\/musique-et-cuisine-juives-des-mets-et-des-sons\\\/\",\"name\":\"J\u00fcdische Musik und K\u00fcche: Von Speisen und Kl\u00e4ngen - Institut Europ\u00e9en des Musiques Juives\",\"isPartOf\":{\"@id\":\"https:\\\/\\\/www.iemj.org\\\/de\\\/#website\"},\"primaryImageOfPage\":{\"@id\":\"https:\\\/\\\/www.iemj.org\\\/de\\\/musique-et-cuisine-juives-des-mets-et-des-sons\\\/#primaryimage\"},\"image\":{\"@id\":\"https:\\\/\\\/www.iemj.org\\\/de\\\/musique-et-cuisine-juives-des-mets-et-des-sons\\\/#primaryimage\"},\"thumbnailUrl\":\"https:\\\/\\\/www.iemj.org\\\/wp-content\\\/uploads\\\/2019\\\/05\\\/arton4148.jpg\",\"datePublished\":\"2019-05-14T13:09:56+00:00\",\"dateModified\":\"2023-06-05T13:40:00+00:00\",\"breadcrumb\":{\"@id\":\"https:\\\/\\\/www.iemj.org\\\/de\\\/musique-et-cuisine-juives-des-mets-et-des-sons\\\/#breadcrumb\"},\"inLanguage\":\"de\",\"potentialAction\":[{\"@type\":\"ReadAction\",\"target\":[\"https:\\\/\\\/www.iemj.org\\\/de\\\/musique-et-cuisine-juives-des-mets-et-des-sons\\\/\"]}]},{\"@type\":\"ImageObject\",\"inLanguage\":\"de\",\"@id\":\"https:\\\/\\\/www.iemj.org\\\/de\\\/musique-et-cuisine-juives-des-mets-et-des-sons\\\/#primaryimage\",\"url\":\"https:\\\/\\\/www.iemj.org\\\/wp-content\\\/uploads\\\/2019\\\/05\\\/arton4148.jpg\",\"contentUrl\":\"https:\\\/\\\/www.iemj.org\\\/wp-content\\\/uploads\\\/2019\\\/05\\\/arton4148.jpg\",\"width\":304,\"height\":448},{\"@type\":\"BreadcrumbList\",\"@id\":\"https:\\\/\\\/www.iemj.org\\\/de\\\/musique-et-cuisine-juives-des-mets-et-des-sons\\\/#breadcrumb\",\"itemListElement\":[{\"@type\":\"ListItem\",\"position\":1,\"name\":\"Accueil\",\"item\":\"https:\\\/\\\/www.iemj.org\\\/de\\\/\"},{\"@type\":\"ListItem\",\"position\":2,\"name\":\"J\u00fcdische Musik und K\u00fcche: Von Speisen und Kl\u00e4ngen\"}]},{\"@type\":\"WebSite\",\"@id\":\"https:\\\/\\\/www.iemj.org\\\/de\\\/#website\",\"url\":\"https:\\\/\\\/www.iemj.org\\\/de\\\/\",\"name\":\"Institut Europ\u00e9en des Musiques Juives\",\"description\":\"Des traditions musicales \u00e0 la port\u00e9e de tous\",\"publisher\":{\"@id\":\"https:\\\/\\\/www.iemj.org\\\/de\\\/#organization\"},\"potentialAction\":[{\"@type\":\"SearchAction\",\"target\":{\"@type\":\"EntryPoint\",\"urlTemplate\":\"https:\\\/\\\/www.iemj.org\\\/de\\\/?s={search_term_string}\"},\"query-input\":{\"@type\":\"PropertyValueSpecification\",\"valueRequired\":true,\"valueName\":\"search_term_string\"}}],\"inLanguage\":\"de\"},{\"@type\":\"Organization\",\"@id\":\"https:\\\/\\\/www.iemj.org\\\/de\\\/#organization\",\"name\":\"Institut Europ\u00e9en des Musiques Juives\",\"url\":\"https:\\\/\\\/www.iemj.org\\\/de\\\/\",\"logo\":{\"@type\":\"ImageObject\",\"inLanguage\":\"de\",\"@id\":\"https:\\\/\\\/www.iemj.org\\\/de\\\/#\\\/schema\\\/logo\\\/image\\\/\",\"url\":\"https:\\\/\\\/www.iemj.org\\\/wp-content\\\/uploads\\\/2021\\\/09\\\/Logo-IEMJ-Paypal.jpg\",\"contentUrl\":\"https:\\\/\\\/www.iemj.org\\\/wp-content\\\/uploads\\\/2021\\\/09\\\/Logo-IEMJ-Paypal.jpg\",\"width\":150,\"height\":50,\"caption\":\"Institut Europ\u00e9en des Musiques Juives\"},\"image\":{\"@id\":\"https:\\\/\\\/www.iemj.org\\\/de\\\/#\\\/schema\\\/logo\\\/image\\\/\"},\"sameAs\":[\"https:\\\/\\\/www.facebook.com\\\/MusiquesJuives\\\/\",\"https:\\\/\\\/www.instagram.com\\\/musiquesjuives\\\/\",\"https:\\\/\\\/www.youtube.com\\\/user\\\/musiquesjuives\"]},{\"@type\":\"Person\",\"@id\":\"https:\\\/\\\/www.iemj.org\\\/de\\\/#\\\/schema\\\/person\\\/358e26c18aca017fcc4cc15437f7279c\",\"name\":\"Jacqueline ROTEN\",\"image\":{\"@type\":\"ImageObject\",\"inLanguage\":\"de\",\"@id\":\"https:\\\/\\\/secure.gravatar.com\\\/avatar\\\/5964256d6c6957de3a3505278957e0fb2a35119ac47ea41827a65301213c810b?s=96&d=mm&r=g\",\"url\":\"https:\\\/\\\/secure.gravatar.com\\\/avatar\\\/5964256d6c6957de3a3505278957e0fb2a35119ac47ea41827a65301213c810b?s=96&d=mm&r=g\",\"contentUrl\":\"https:\\\/\\\/secure.gravatar.com\\\/avatar\\\/5964256d6c6957de3a3505278957e0fb2a35119ac47ea41827a65301213c810b?s=96&d=mm&r=g\",\"caption\":\"Jacqueline ROTEN\"}}]}<\/script>\n<!-- \/ Yoast SEO plugin. -->","yoast_head_json":{"title":"J\u00fcdische Musik und K\u00fcche: Von Speisen und Kl\u00e4ngen - Institut Europ\u00e9en des Musiques Juives","robots":{"index":"noindex","follow":"follow"},"og_locale":"de_DE","og_type":"article","og_title":"J\u00fcdische Musik und K\u00fcche: Von Speisen und Kl\u00e4ngen - Institut Europ\u00e9en des Musiques Juives","og_url":"https:\/\/www.iemj.org\/de\/musique-et-cuisine-juives-des-mets-et-des-sons\/","og_site_name":"Institut Europ\u00e9en des Musiques Juives","article_publisher":"https:\/\/www.facebook.com\/MusiquesJuives\/","article_published_time":"2019-05-14T13:09:56+00:00","article_modified_time":"2023-06-05T13:40:00+00:00","og_image":[{"width":304,"height":448,"url":"https:\/\/www.iemj.org\/wp-content\/uploads\/2019\/05\/arton4148.jpg","type":"image\/jpeg"}],"author":"Jacqueline ROTEN","twitter_card":"summary_large_image","twitter_misc":{"Verfasst von":"Jacqueline ROTEN","Gesch\u00e4tzte Lesezeit":"2\u00a0Minuten"},"schema":{"@context":"https:\/\/schema.org","@graph":[{"@type":"Article","@id":"https:\/\/www.iemj.org\/de\/musique-et-cuisine-juives-des-mets-et-des-sons\/#article","isPartOf":{"@id":"https:\/\/www.iemj.org\/de\/musique-et-cuisine-juives-des-mets-et-des-sons\/"},"author":{"name":"Jacqueline ROTEN","@id":"https:\/\/www.iemj.org\/de\/#\/schema\/person\/358e26c18aca017fcc4cc15437f7279c"},"headline":"J\u00fcdische Musik und K\u00fcche: Von Speisen und Kl\u00e4ngen","datePublished":"2019-05-14T13:09:56+00:00","dateModified":"2023-06-05T13:40:00+00:00","mainEntityOfPage":{"@id":"https:\/\/www.iemj.org\/de\/musique-et-cuisine-juives-des-mets-et-des-sons\/"},"wordCount":292,"commentCount":0,"publisher":{"@id":"https:\/\/www.iemj.org\/de\/#organization"},"image":{"@id":"https:\/\/www.iemj.org\/de\/musique-et-cuisine-juives-des-mets-et-des-sons\/#primaryimage"},"thumbnailUrl":"https:\/\/www.iemj.org\/wp-content\/uploads\/2019\/05\/arton4148.jpg","keywords":["Veranstaltungen IEMJ"],"articleSection":["Kurse \/ Konferenzen","Veranstaltungen"],"inLanguage":"de","potentialAction":[{"@type":"CommentAction","name":"Comment","target":["https:\/\/www.iemj.org\/de\/musique-et-cuisine-juives-des-mets-et-des-sons\/#respond"]}]},{"@type":"WebPage","@id":"https:\/\/www.iemj.org\/de\/musique-et-cuisine-juives-des-mets-et-des-sons\/","url":"https:\/\/www.iemj.org\/de\/musique-et-cuisine-juives-des-mets-et-des-sons\/","name":"J\u00fcdische Musik und K\u00fcche: Von Speisen und Kl\u00e4ngen - Institut Europ\u00e9en des Musiques Juives","isPartOf":{"@id":"https:\/\/www.iemj.org\/de\/#website"},"primaryImageOfPage":{"@id":"https:\/\/www.iemj.org\/de\/musique-et-cuisine-juives-des-mets-et-des-sons\/#primaryimage"},"image":{"@id":"https:\/\/www.iemj.org\/de\/musique-et-cuisine-juives-des-mets-et-des-sons\/#primaryimage"},"thumbnailUrl":"https:\/\/www.iemj.org\/wp-content\/uploads\/2019\/05\/arton4148.jpg","datePublished":"2019-05-14T13:09:56+00:00","dateModified":"2023-06-05T13:40:00+00:00","breadcrumb":{"@id":"https:\/\/www.iemj.org\/de\/musique-et-cuisine-juives-des-mets-et-des-sons\/#breadcrumb"},"inLanguage":"de","potentialAction":[{"@type":"ReadAction","target":["https:\/\/www.iemj.org\/de\/musique-et-cuisine-juives-des-mets-et-des-sons\/"]}]},{"@type":"ImageObject","inLanguage":"de","@id":"https:\/\/www.iemj.org\/de\/musique-et-cuisine-juives-des-mets-et-des-sons\/#primaryimage","url":"https:\/\/www.iemj.org\/wp-content\/uploads\/2019\/05\/arton4148.jpg","contentUrl":"https:\/\/www.iemj.org\/wp-content\/uploads\/2019\/05\/arton4148.jpg","width":304,"height":448},{"@type":"BreadcrumbList","@id":"https:\/\/www.iemj.org\/de\/musique-et-cuisine-juives-des-mets-et-des-sons\/#breadcrumb","itemListElement":[{"@type":"ListItem","position":1,"name":"Accueil","item":"https:\/\/www.iemj.org\/de\/"},{"@type":"ListItem","position":2,"name":"J\u00fcdische Musik und K\u00fcche: Von Speisen und Kl\u00e4ngen"}]},{"@type":"WebSite","@id":"https:\/\/www.iemj.org\/de\/#website","url":"https:\/\/www.iemj.org\/de\/","name":"Institut Europ\u00e9en des Musiques Juives","description":"Des traditions musicales \u00e0 la port\u00e9e de tous","publisher":{"@id":"https:\/\/www.iemj.org\/de\/#organization"},"potentialAction":[{"@type":"SearchAction","target":{"@type":"EntryPoint","urlTemplate":"https:\/\/www.iemj.org\/de\/?s={search_term_string}"},"query-input":{"@type":"PropertyValueSpecification","valueRequired":true,"valueName":"search_term_string"}}],"inLanguage":"de"},{"@type":"Organization","@id":"https:\/\/www.iemj.org\/de\/#organization","name":"Institut Europ\u00e9en des Musiques Juives","url":"https:\/\/www.iemj.org\/de\/","logo":{"@type":"ImageObject","inLanguage":"de","@id":"https:\/\/www.iemj.org\/de\/#\/schema\/logo\/image\/","url":"https:\/\/www.iemj.org\/wp-content\/uploads\/2021\/09\/Logo-IEMJ-Paypal.jpg","contentUrl":"https:\/\/www.iemj.org\/wp-content\/uploads\/2021\/09\/Logo-IEMJ-Paypal.jpg","width":150,"height":50,"caption":"Institut Europ\u00e9en des Musiques Juives"},"image":{"@id":"https:\/\/www.iemj.org\/de\/#\/schema\/logo\/image\/"},"sameAs":["https:\/\/www.facebook.com\/MusiquesJuives\/","https:\/\/www.instagram.com\/musiquesjuives\/","https:\/\/www.youtube.com\/user\/musiquesjuives"]},{"@type":"Person","@id":"https:\/\/www.iemj.org\/de\/#\/schema\/person\/358e26c18aca017fcc4cc15437f7279c","name":"Jacqueline ROTEN","image":{"@type":"ImageObject","inLanguage":"de","@id":"https:\/\/secure.gravatar.com\/avatar\/5964256d6c6957de3a3505278957e0fb2a35119ac47ea41827a65301213c810b?s=96&d=mm&r=g","url":"https:\/\/secure.gravatar.com\/avatar\/5964256d6c6957de3a3505278957e0fb2a35119ac47ea41827a65301213c810b?s=96&d=mm&r=g","contentUrl":"https:\/\/secure.gravatar.com\/avatar\/5964256d6c6957de3a3505278957e0fb2a35119ac47ea41827a65301213c810b?s=96&d=mm&r=g","caption":"Jacqueline ROTEN"}}]}},"_links":{"self":[{"href":"https:\/\/www.iemj.org\/de\/wp-json\/wp\/v2\/posts\/97813","targetHints":{"allow":["GET"]}}],"collection":[{"href":"https:\/\/www.iemj.org\/de\/wp-json\/wp\/v2\/posts"}],"about":[{"href":"https:\/\/www.iemj.org\/de\/wp-json\/wp\/v2\/types\/post"}],"author":[{"embeddable":true,"href":"https:\/\/www.iemj.org\/de\/wp-json\/wp\/v2\/users\/5"}],"replies":[{"embeddable":true,"href":"https:\/\/www.iemj.org\/de\/wp-json\/wp\/v2\/comments?post=97813"}],"version-history":[{"count":0,"href":"https:\/\/www.iemj.org\/de\/wp-json\/wp\/v2\/posts\/97813\/revisions"}],"wp:featuredmedia":[{"embeddable":true,"href":"https:\/\/www.iemj.org\/de\/wp-json\/wp\/v2\/media\/97814"}],"wp:attachment":[{"href":"https:\/\/www.iemj.org\/de\/wp-json\/wp\/v2\/media?parent=97813"}],"wp:term":[{"taxonomy":"category","embeddable":true,"href":"https:\/\/www.iemj.org\/de\/wp-json\/wp\/v2\/categories?post=97813"},{"taxonomy":"post_tag","embeddable":true,"href":"https:\/\/www.iemj.org\/de\/wp-json\/wp\/v2\/tags?post=97813"},{"taxonomy":"technique","embeddable":true,"href":"https:\/\/www.iemj.org\/de\/wp-json\/wp\/v2\/technique?post=97813"},{"taxonomy":"squelettes","embeddable":true,"href":"https:\/\/www.iemj.org\/de\/wp-json\/wp\/v2\/squelettes?post=97813"},{"taxonomy":"sujet","embeddable":true,"href":"https:\/\/www.iemj.org\/de\/wp-json\/wp\/v2\/sujet?post=97813"},{"taxonomy":"formation","embeddable":true,"href":"https:\/\/www.iemj.org\/de\/wp-json\/wp\/v2\/formation?post=97813"},{"taxonomy":"genre","embeddable":true,"href":"https:\/\/www.iemj.org\/de\/wp-json\/wp\/v2\/genre?post=97813"},{"taxonomy":"fonds","embeddable":true,"href":"https:\/\/www.iemj.org\/de\/wp-json\/wp\/v2\/fonds?post=97813"},{"taxonomy":"tradition","embeddable":true,"href":"https:\/\/www.iemj.org\/de\/wp-json\/wp\/v2\/tradition?post=97813"},{"taxonomy":"type-de-contenu","embeddable":true,"href":"https:\/\/www.iemj.org\/de\/wp-json\/wp\/v2\/type-de-contenu?post=97813"},{"taxonomy":"interprete-compositeur","embeddable":true,"href":"https:\/\/www.iemj.org\/de\/wp-json\/wp\/v2\/interprete-compositeur?post=97813"},{"taxonomy":"frise","embeddable":true,"href":"https:\/\/www.iemj.org\/de\/wp-json\/wp\/v2\/frise?post=97813"},{"taxonomy":"type-devenement","embeddable":true,"href":"https:\/\/www.iemj.org\/de\/wp-json\/wp\/v2\/type-devenement?post=97813"},{"taxonomy":"tableaux-liens-externes","embeddable":true,"href":"https:\/\/www.iemj.org\/de\/wp-json\/wp\/v2\/tableaux-liens-externes?post=97813"}],"curies":[{"name":"wp","href":"https:\/\/api.w.org\/{rel}","templated":true}]}}