{"id":97890,"date":"2015-10-20T11:58:00","date_gmt":"2015-10-20T09:58:00","guid":{"rendered":"https:\/\/www.iemj.org\/grand-concert-de-gala-de-linstitut-europeen-des-musiques-juives\/"},"modified":"2023-06-07T16:01:06","modified_gmt":"2023-06-07T14:01:06","slug":"grand-concert-de-gala-de-linstitut-europeen-des-musiques-juives","status":"publish","type":"post","link":"https:\/\/www.iemj.org\/de\/grand-concert-de-gala-de-linstitut-europeen-des-musiques-juives\/","title":{"rendered":"GALAKONZERT DES EUROP\u00c4ISCHEN INSTITUTS F\u00dcR J\u00dcDISCHE MUSIK"},"content":{"rendered":"<p><strong>Organisiert von der Henriette-Halphen-Stiftung, unter der Schirmherrschaft der Fondation du Juda\u00efsme Fran\u00e7ais<\/strong><\/p>\n<p><!--more--><\/p>\n\n\n<h2 class=\"wp-block-heading has-text-align-center post_excerpt\"><strong>Sonntag, den 8. November 2015 um 17.30 Uhr<\/strong><\/h2>\n\n\n\n<h2 class=\"wp-block-heading has-text-align-center post_excerpt\"><strong>Adyar-Theater &#8211; 4, square Rapp, 75007 Paris<\/strong><\/h2>\n\n\n\n<h2 class=\"wp-block-heading post_excerpt\">&nbsp;<\/h2>\n\n\n\n<h1 class=\"wp-block-heading\">&nbsp;<\/h1>\n\n\n\n<h2 class=\"wp-block-heading has-text-align-center\"><br>Das Europ\u00e4ische Institut f\u00fcr J\u00fcdische Musik freut sich, Sie zu seinem gro\u00dfen Galakonzert einladen zu k\u00f6nnen.<\/h2>\n\n\n\n<!--more-->\n\n\n\n<h2 class=\"wp-block-heading has-text-align-center\"><strong>&#8222;J\u00fcdische Musik in all ihren Zust\u00e4nden&#8220;<\/strong><\/h2>\n\n\n\n<h1 class=\"wp-block-heading\">&nbsp;<\/h1>\n\n\n\n<p class=\"has-text-align-left\"><strong>Im Anschluss an das Konzert mit klassischer Musik, Klezmer, jiddischen und j\u00fcdisch-spanischen Liedern findet ein Cocktail-Empfang statt.<\/strong><\/p>\n\n\n\n<h2 class=\"wp-block-heading has-text-align-center\">KONZERTPROGRAMM<\/h2>\n\n\n\n<h3 class=\"wp-block-heading has-text-align-center\">KLASSISCHE MUSIK<\/h3>\n\n\n\n<p class=\"has-text-align-center\"><strong>Fernand Halphen<\/strong><\/p>\n\n\n\n<p class=\"has-text-align-center\">&#8211; Feuillet d\u2019album, f\u00fcr Klavier<br>&#8211; Andante religioso f\u00fcr Violoncello und Klavier<br>&#8211; Sonate f\u00fcr Klavier und Violine &#8211; 1. Satz<\/p>\n\n\n\n<p class=\"has-text-align-center\"><strong>Alberto Hemsi<\/strong><br>&#8211; 2. Suite Sefardie (1956) f\u00fcr Klavier und Viola (franz\u00f6sische Erstauff\u00fchrung)<\/p>\n\n\n\n<p class=\"has-text-align-center\"><strong>Serge Kaufmann<\/strong><br>&#8211; Petite suite Klezmer (Kleine Klezmer-Suite) f\u00fcr Klarinette und Klavier (Welturauff\u00fchrung).<\/p>\n\n\n\n<p class=\"has-text-align-center\"><strong>Georges Enesco<\/strong><br>&#8211; Nocturne Ville d\u2019Avrayen f\u00fcr Klavier,Violine, Viola und Violoncello (Welturauff\u00fchrung der Originalversion).<\/p>\n\n\n\n<p><strong>Mit:<\/strong> Martine Bailly, Cello; Philippe Cuper, Klarinette; Yun-Yang Lee, Klavier; Florin Szigeti, Violine; Ralph Szigeti, Viola<\/p>\n\n\n\n<h3 class=\"wp-block-heading has-text-align-center\">TRADITIONELLE J\u00dcDISCH-SPANISCHE GES\u00c4NGE<\/h3>\n\n\n\n<p><strong>Mit:<\/strong> Keren Esther (Cello) et Narciso Sa\u00fal (Gitarre)<\/p>\n\n\n\n<h3 class=\"wp-block-heading has-text-align-center\">CHANSONS YIDDISH ET MUSIQUE KLEZMER<\/h3>\n\n\n\n<p><strong>Mit:<\/strong> Ensemble Yerushe: El\u00e9onore Biezunski (Gesang und Violine) &#8211; Stephen Harrison (Kontrabass) &#8211; Michel Schick (Klarinette) &#8211; Piotr Odrekhivskyy (Akkordeon)<\/p>\n\n\n\n<p><a href=\"https:\/\/www.iemj.org\/IMG\/pdf\/20151002_iemj_flyer_ok-2.pdf\" target=\"_blank\" rel=\"noreferrer noopener\">Das Programm des Konzerts ansehen<\/a><\/p>\n\n\n\n<p><a href=\"https:\/\/iemj.org\/de\/IMG\/pdf\/dossier_presse_concert_gala_iemj_08-11-2015-2.pdf\" target=\"_blank\" rel=\"noreferrer noopener\">Pressemappe ansehen<\/a><\/p>\n\n\n\n<p><strong><u><a href=\"https:\/\/www.iemj.org\/de\/videos-du-concert-de-gala-de-linstitut-europeen-des-musiques-juives-edition-2015\/\" target=\"_blank\" rel=\"noreferrer noopener\">Ausschnitte des Galakonzerts ansehen<\/a><\/u><\/strong><\/p>\n\n\n\n<p><strong>Praktische Informationen:<\/strong><\/p>\n\n\n\n<p>Adyar-Theater &#8211; 4, square Rapp, 75007 Paris.<\/p>\n\n\n\n<p>Metro: Ecole Militaire, RER C: Pont de l&#8217;Alma, Bus: 42 &#8211; 63 &#8211; 69 &#8211; 80 &#8211; 87 &#8211; 92.<\/p>\n\n\n\n<p>Eintrittspreise: 25 \u20ac &#8211; 50 \u20ac* &#8211; 100 \u20ac* &#8211; 200 \u20ac* (*mit Cerfa-Quittung).<\/p>\n\n\n\n<p>Reservierungen werden dringend empfohlen unter 01 45 82 20 52.<\/p>\n\n\n\n<p>Kontakt: Jacqueline Roten: 01 45 82 20 52 &#8211; <a href=\"https:\/\/www.iemj.org\/de\/grand-concert-de-gala-de-linstitut-europeen-des-musiques-juives\/contact@iemj.org\" target=\"_blank\" rel=\"noreferrer noopener\">contact@iemj.org<\/a><\/p>\n\n\n\n<p><a href=\"http:\/\/boutique.iemj.org\/de\/home\/143-concert-de-gala-du-8-novembre-2015.html\"><strong>Kaufen Sie Ihren Platz online (sichere Zah<\/strong><\/a><strong><u><a href=\"http:\/\/boutique.iemj.org\/de\/home\/143-concert-de-gala-du-8-novembre-2015.html\" target=\"_blank\" rel=\"noreferrer noopener\">lung)<\/a><\/u><\/strong><\/p>\n\n\n\n<p><\/p>\n\n\n\n<p><\/p>\n","protected":false},"excerpt":{"rendered":"<p>Organisiert von der Henriette-Halphen-Stiftung, unter der Schirmherrschaft der Fondation du Juda\u00efsme Fran\u00e7ais<\/p>\n","protected":false},"author":1045,"featured_media":97891,"comment_status":"closed","ping_status":"open","sticky":false,"template":"","format":"standard","meta":{"_acf_changed":false,"footnotes":""},"categories":[1378,1370],"tags":[2225],"technique":[],"squelettes":[],"sujet":[],"formation":[],"genre":[],"fonds":[],"tradition":[],"type-de-contenu":[],"interprete-compositeur":[],"frise":[],"type-devenement":[],"tableaux-liens-externes":[],"class_list":["post-97890","post","type-post","status-publish","format-standard","has-post-thumbnail","hentry","category-konzerte-veranstaltungen-de","category-veranstaltungen-de","tag-veranstaltungen-iemj-de"],"acf":[],"yoast_head":"<!-- This site is optimized with the Yoast SEO plugin v27.3 - https:\/\/yoast.com\/product\/yoast-seo-wordpress\/ -->\n<title>GALAKONZERT DES EUROP\u00c4ISCHEN INSTITUTS F\u00dcR J\u00dcDISCHE MUSIK - Institut Europ\u00e9en des Musiques Juives<\/title>\n<meta name=\"robots\" content=\"noindex, follow\" \/>\n<meta property=\"og:locale\" content=\"de_DE\" \/>\n<meta property=\"og:type\" content=\"article\" \/>\n<meta property=\"og:title\" content=\"GALAKONZERT DES EUROP\u00c4ISCHEN INSTITUTS F\u00dcR J\u00dcDISCHE MUSIK - Institut Europ\u00e9en des Musiques Juives\" \/>\n<meta property=\"og:description\" content=\"Organisiert von der Henriette-Halphen-Stiftung, unter der Schirmherrschaft der Fondation du Juda\u00efsme Fran\u00e7ais\" \/>\n<meta property=\"og:url\" content=\"https:\/\/www.iemj.org\/de\/grand-concert-de-gala-de-linstitut-europeen-des-musiques-juives\/\" \/>\n<meta property=\"og:site_name\" content=\"Institut Europ\u00e9en des Musiques Juives\" \/>\n<meta property=\"article:publisher\" content=\"https:\/\/www.facebook.com\/MusiquesJuives\/\" \/>\n<meta property=\"article:published_time\" content=\"2015-10-20T09:58:00+00:00\" \/>\n<meta property=\"article:modified_time\" content=\"2023-06-07T14:01:06+00:00\" \/>\n<meta property=\"og:image\" content=\"https:\/\/www.iemj.org\/wp-content\/uploads\/2015\/10\/arton1131-e1620056563112.jpg\" \/>\n\t<meta property=\"og:image:width\" content=\"350\" \/>\n\t<meta property=\"og:image:height\" content=\"374\" \/>\n\t<meta property=\"og:image:type\" content=\"image\/jpeg\" \/>\n<meta name=\"author\" content=\"Herv\u00e9 Roten\" \/>\n<meta name=\"twitter:card\" content=\"summary_large_image\" \/>\n<meta name=\"twitter:label1\" content=\"Verfasst von\" \/>\n\t<meta name=\"twitter:data1\" content=\"Herv\u00e9 Roten\" \/>\n\t<meta name=\"twitter:label2\" content=\"Gesch\u00e4tzte Lesezeit\" \/>\n\t<meta name=\"twitter:data2\" content=\"2\u00a0Minuten\" \/>\n<script type=\"application\/ld+json\" class=\"yoast-schema-graph\">{\"@context\":\"https:\\\/\\\/schema.org\",\"@graph\":[{\"@type\":\"Article\",\"@id\":\"https:\\\/\\\/www.iemj.org\\\/de\\\/grand-concert-de-gala-de-linstitut-europeen-des-musiques-juives\\\/#article\",\"isPartOf\":{\"@id\":\"https:\\\/\\\/www.iemj.org\\\/de\\\/grand-concert-de-gala-de-linstitut-europeen-des-musiques-juives\\\/\"},\"author\":{\"name\":\"Herv\u00e9 Roten\",\"@id\":\"https:\\\/\\\/www.iemj.org\\\/de\\\/#\\\/schema\\\/person\\\/906134402c29d5c76e7b726261dd4bbd\"},\"headline\":\"GALAKONZERT DES EUROP\u00c4ISCHEN INSTITUTS F\u00dcR J\u00dcDISCHE MUSIK\",\"datePublished\":\"2015-10-20T09:58:00+00:00\",\"dateModified\":\"2023-06-07T14:01:06+00:00\",\"mainEntityOfPage\":{\"@id\":\"https:\\\/\\\/www.iemj.org\\\/de\\\/grand-concert-de-gala-de-linstitut-europeen-des-musiques-juives\\\/\"},\"wordCount\":273,\"publisher\":{\"@id\":\"https:\\\/\\\/www.iemj.org\\\/de\\\/#organization\"},\"image\":{\"@id\":\"https:\\\/\\\/www.iemj.org\\\/de\\\/grand-concert-de-gala-de-linstitut-europeen-des-musiques-juives\\\/#primaryimage\"},\"thumbnailUrl\":\"https:\\\/\\\/www.iemj.org\\\/wp-content\\\/uploads\\\/2015\\\/10\\\/arton1131-e1620056563112.jpg\",\"keywords\":[\"Veranstaltungen IEMJ\"],\"articleSection\":[\"Konzerte\",\"Veranstaltungen\"],\"inLanguage\":\"de\"},{\"@type\":\"WebPage\",\"@id\":\"https:\\\/\\\/www.iemj.org\\\/de\\\/grand-concert-de-gala-de-linstitut-europeen-des-musiques-juives\\\/\",\"url\":\"https:\\\/\\\/www.iemj.org\\\/de\\\/grand-concert-de-gala-de-linstitut-europeen-des-musiques-juives\\\/\",\"name\":\"GALAKONZERT DES EUROP\u00c4ISCHEN INSTITUTS F\u00dcR J\u00dcDISCHE MUSIK - Institut Europ\u00e9en des Musiques Juives\",\"isPartOf\":{\"@id\":\"https:\\\/\\\/www.iemj.org\\\/de\\\/#website\"},\"primaryImageOfPage\":{\"@id\":\"https:\\\/\\\/www.iemj.org\\\/de\\\/grand-concert-de-gala-de-linstitut-europeen-des-musiques-juives\\\/#primaryimage\"},\"image\":{\"@id\":\"https:\\\/\\\/www.iemj.org\\\/de\\\/grand-concert-de-gala-de-linstitut-europeen-des-musiques-juives\\\/#primaryimage\"},\"thumbnailUrl\":\"https:\\\/\\\/www.iemj.org\\\/wp-content\\\/uploads\\\/2015\\\/10\\\/arton1131-e1620056563112.jpg\",\"datePublished\":\"2015-10-20T09:58:00+00:00\",\"dateModified\":\"2023-06-07T14:01:06+00:00\",\"breadcrumb\":{\"@id\":\"https:\\\/\\\/www.iemj.org\\\/de\\\/grand-concert-de-gala-de-linstitut-europeen-des-musiques-juives\\\/#breadcrumb\"},\"inLanguage\":\"de\",\"potentialAction\":[{\"@type\":\"ReadAction\",\"target\":[\"https:\\\/\\\/www.iemj.org\\\/de\\\/grand-concert-de-gala-de-linstitut-europeen-des-musiques-juives\\\/\"]}]},{\"@type\":\"ImageObject\",\"inLanguage\":\"de\",\"@id\":\"https:\\\/\\\/www.iemj.org\\\/de\\\/grand-concert-de-gala-de-linstitut-europeen-des-musiques-juives\\\/#primaryimage\",\"url\":\"https:\\\/\\\/www.iemj.org\\\/wp-content\\\/uploads\\\/2015\\\/10\\\/arton1131-e1620056563112.jpg\",\"contentUrl\":\"https:\\\/\\\/www.iemj.org\\\/wp-content\\\/uploads\\\/2015\\\/10\\\/arton1131-e1620056563112.jpg\",\"width\":350,\"height\":374},{\"@type\":\"BreadcrumbList\",\"@id\":\"https:\\\/\\\/www.iemj.org\\\/de\\\/grand-concert-de-gala-de-linstitut-europeen-des-musiques-juives\\\/#breadcrumb\",\"itemListElement\":[{\"@type\":\"ListItem\",\"position\":1,\"name\":\"Accueil\",\"item\":\"https:\\\/\\\/www.iemj.org\\\/de\\\/\"},{\"@type\":\"ListItem\",\"position\":2,\"name\":\"GALAKONZERT DES EUROP\u00c4ISCHEN INSTITUTS F\u00dcR J\u00dcDISCHE MUSIK\"}]},{\"@type\":\"WebSite\",\"@id\":\"https:\\\/\\\/www.iemj.org\\\/de\\\/#website\",\"url\":\"https:\\\/\\\/www.iemj.org\\\/de\\\/\",\"name\":\"Institut Europ\u00e9en des Musiques Juives\",\"description\":\"Des traditions musicales \u00e0 la port\u00e9e de tous\",\"publisher\":{\"@id\":\"https:\\\/\\\/www.iemj.org\\\/de\\\/#organization\"},\"potentialAction\":[{\"@type\":\"SearchAction\",\"target\":{\"@type\":\"EntryPoint\",\"urlTemplate\":\"https:\\\/\\\/www.iemj.org\\\/de\\\/?s={search_term_string}\"},\"query-input\":{\"@type\":\"PropertyValueSpecification\",\"valueRequired\":true,\"valueName\":\"search_term_string\"}}],\"inLanguage\":\"de\"},{\"@type\":\"Organization\",\"@id\":\"https:\\\/\\\/www.iemj.org\\\/de\\\/#organization\",\"name\":\"Institut Europ\u00e9en des Musiques Juives\",\"url\":\"https:\\\/\\\/www.iemj.org\\\/de\\\/\",\"logo\":{\"@type\":\"ImageObject\",\"inLanguage\":\"de\",\"@id\":\"https:\\\/\\\/www.iemj.org\\\/de\\\/#\\\/schema\\\/logo\\\/image\\\/\",\"url\":\"https:\\\/\\\/www.iemj.org\\\/wp-content\\\/uploads\\\/2021\\\/09\\\/Logo-IEMJ-Paypal.jpg\",\"contentUrl\":\"https:\\\/\\\/www.iemj.org\\\/wp-content\\\/uploads\\\/2021\\\/09\\\/Logo-IEMJ-Paypal.jpg\",\"width\":150,\"height\":50,\"caption\":\"Institut Europ\u00e9en des Musiques Juives\"},\"image\":{\"@id\":\"https:\\\/\\\/www.iemj.org\\\/de\\\/#\\\/schema\\\/logo\\\/image\\\/\"},\"sameAs\":[\"https:\\\/\\\/www.facebook.com\\\/MusiquesJuives\\\/\",\"https:\\\/\\\/www.instagram.com\\\/musiquesjuives\\\/\",\"https:\\\/\\\/www.youtube.com\\\/user\\\/musiquesjuives\"]},{\"@type\":\"Person\",\"@id\":\"https:\\\/\\\/www.iemj.org\\\/de\\\/#\\\/schema\\\/person\\\/906134402c29d5c76e7b726261dd4bbd\",\"name\":\"Herv\u00e9 Roten\",\"image\":{\"@type\":\"ImageObject\",\"inLanguage\":\"de\",\"@id\":\"https:\\\/\\\/secure.gravatar.com\\\/avatar\\\/f96ad2db538a26481f18384936b5cd0610c92d390c4dc382209216d455f685ff?s=96&d=mm&r=g\",\"url\":\"https:\\\/\\\/secure.gravatar.com\\\/avatar\\\/f96ad2db538a26481f18384936b5cd0610c92d390c4dc382209216d455f685ff?s=96&d=mm&r=g\",\"contentUrl\":\"https:\\\/\\\/secure.gravatar.com\\\/avatar\\\/f96ad2db538a26481f18384936b5cd0610c92d390c4dc382209216d455f685ff?s=96&d=mm&r=g\",\"caption\":\"Herv\u00e9 Roten\"}}]}<\/script>\n<!-- \/ Yoast SEO plugin. -->","yoast_head_json":{"title":"GALAKONZERT DES EUROP\u00c4ISCHEN INSTITUTS F\u00dcR J\u00dcDISCHE MUSIK - Institut Europ\u00e9en des Musiques Juives","robots":{"index":"noindex","follow":"follow"},"og_locale":"de_DE","og_type":"article","og_title":"GALAKONZERT DES EUROP\u00c4ISCHEN INSTITUTS F\u00dcR J\u00dcDISCHE MUSIK - Institut Europ\u00e9en des Musiques Juives","og_description":"Organisiert von der Henriette-Halphen-Stiftung, unter der Schirmherrschaft der Fondation du Juda\u00efsme Fran\u00e7ais","og_url":"https:\/\/www.iemj.org\/de\/grand-concert-de-gala-de-linstitut-europeen-des-musiques-juives\/","og_site_name":"Institut Europ\u00e9en des Musiques Juives","article_publisher":"https:\/\/www.facebook.com\/MusiquesJuives\/","article_published_time":"2015-10-20T09:58:00+00:00","article_modified_time":"2023-06-07T14:01:06+00:00","og_image":[{"width":350,"height":374,"url":"https:\/\/www.iemj.org\/wp-content\/uploads\/2015\/10\/arton1131-e1620056563112.jpg","type":"image\/jpeg"}],"author":"Herv\u00e9 Roten","twitter_card":"summary_large_image","twitter_misc":{"Verfasst von":"Herv\u00e9 Roten","Gesch\u00e4tzte Lesezeit":"2\u00a0Minuten"},"schema":{"@context":"https:\/\/schema.org","@graph":[{"@type":"Article","@id":"https:\/\/www.iemj.org\/de\/grand-concert-de-gala-de-linstitut-europeen-des-musiques-juives\/#article","isPartOf":{"@id":"https:\/\/www.iemj.org\/de\/grand-concert-de-gala-de-linstitut-europeen-des-musiques-juives\/"},"author":{"name":"Herv\u00e9 Roten","@id":"https:\/\/www.iemj.org\/de\/#\/schema\/person\/906134402c29d5c76e7b726261dd4bbd"},"headline":"GALAKONZERT DES EUROP\u00c4ISCHEN INSTITUTS F\u00dcR J\u00dcDISCHE MUSIK","datePublished":"2015-10-20T09:58:00+00:00","dateModified":"2023-06-07T14:01:06+00:00","mainEntityOfPage":{"@id":"https:\/\/www.iemj.org\/de\/grand-concert-de-gala-de-linstitut-europeen-des-musiques-juives\/"},"wordCount":273,"publisher":{"@id":"https:\/\/www.iemj.org\/de\/#organization"},"image":{"@id":"https:\/\/www.iemj.org\/de\/grand-concert-de-gala-de-linstitut-europeen-des-musiques-juives\/#primaryimage"},"thumbnailUrl":"https:\/\/www.iemj.org\/wp-content\/uploads\/2015\/10\/arton1131-e1620056563112.jpg","keywords":["Veranstaltungen IEMJ"],"articleSection":["Konzerte","Veranstaltungen"],"inLanguage":"de"},{"@type":"WebPage","@id":"https:\/\/www.iemj.org\/de\/grand-concert-de-gala-de-linstitut-europeen-des-musiques-juives\/","url":"https:\/\/www.iemj.org\/de\/grand-concert-de-gala-de-linstitut-europeen-des-musiques-juives\/","name":"GALAKONZERT DES EUROP\u00c4ISCHEN INSTITUTS F\u00dcR J\u00dcDISCHE MUSIK - Institut Europ\u00e9en des Musiques Juives","isPartOf":{"@id":"https:\/\/www.iemj.org\/de\/#website"},"primaryImageOfPage":{"@id":"https:\/\/www.iemj.org\/de\/grand-concert-de-gala-de-linstitut-europeen-des-musiques-juives\/#primaryimage"},"image":{"@id":"https:\/\/www.iemj.org\/de\/grand-concert-de-gala-de-linstitut-europeen-des-musiques-juives\/#primaryimage"},"thumbnailUrl":"https:\/\/www.iemj.org\/wp-content\/uploads\/2015\/10\/arton1131-e1620056563112.jpg","datePublished":"2015-10-20T09:58:00+00:00","dateModified":"2023-06-07T14:01:06+00:00","breadcrumb":{"@id":"https:\/\/www.iemj.org\/de\/grand-concert-de-gala-de-linstitut-europeen-des-musiques-juives\/#breadcrumb"},"inLanguage":"de","potentialAction":[{"@type":"ReadAction","target":["https:\/\/www.iemj.org\/de\/grand-concert-de-gala-de-linstitut-europeen-des-musiques-juives\/"]}]},{"@type":"ImageObject","inLanguage":"de","@id":"https:\/\/www.iemj.org\/de\/grand-concert-de-gala-de-linstitut-europeen-des-musiques-juives\/#primaryimage","url":"https:\/\/www.iemj.org\/wp-content\/uploads\/2015\/10\/arton1131-e1620056563112.jpg","contentUrl":"https:\/\/www.iemj.org\/wp-content\/uploads\/2015\/10\/arton1131-e1620056563112.jpg","width":350,"height":374},{"@type":"BreadcrumbList","@id":"https:\/\/www.iemj.org\/de\/grand-concert-de-gala-de-linstitut-europeen-des-musiques-juives\/#breadcrumb","itemListElement":[{"@type":"ListItem","position":1,"name":"Accueil","item":"https:\/\/www.iemj.org\/de\/"},{"@type":"ListItem","position":2,"name":"GALAKONZERT DES EUROP\u00c4ISCHEN INSTITUTS F\u00dcR J\u00dcDISCHE MUSIK"}]},{"@type":"WebSite","@id":"https:\/\/www.iemj.org\/de\/#website","url":"https:\/\/www.iemj.org\/de\/","name":"Institut Europ\u00e9en des Musiques Juives","description":"Des traditions musicales \u00e0 la port\u00e9e de tous","publisher":{"@id":"https:\/\/www.iemj.org\/de\/#organization"},"potentialAction":[{"@type":"SearchAction","target":{"@type":"EntryPoint","urlTemplate":"https:\/\/www.iemj.org\/de\/?s={search_term_string}"},"query-input":{"@type":"PropertyValueSpecification","valueRequired":true,"valueName":"search_term_string"}}],"inLanguage":"de"},{"@type":"Organization","@id":"https:\/\/www.iemj.org\/de\/#organization","name":"Institut Europ\u00e9en des Musiques Juives","url":"https:\/\/www.iemj.org\/de\/","logo":{"@type":"ImageObject","inLanguage":"de","@id":"https:\/\/www.iemj.org\/de\/#\/schema\/logo\/image\/","url":"https:\/\/www.iemj.org\/wp-content\/uploads\/2021\/09\/Logo-IEMJ-Paypal.jpg","contentUrl":"https:\/\/www.iemj.org\/wp-content\/uploads\/2021\/09\/Logo-IEMJ-Paypal.jpg","width":150,"height":50,"caption":"Institut Europ\u00e9en des Musiques Juives"},"image":{"@id":"https:\/\/www.iemj.org\/de\/#\/schema\/logo\/image\/"},"sameAs":["https:\/\/www.facebook.com\/MusiquesJuives\/","https:\/\/www.instagram.com\/musiquesjuives\/","https:\/\/www.youtube.com\/user\/musiquesjuives"]},{"@type":"Person","@id":"https:\/\/www.iemj.org\/de\/#\/schema\/person\/906134402c29d5c76e7b726261dd4bbd","name":"Herv\u00e9 Roten","image":{"@type":"ImageObject","inLanguage":"de","@id":"https:\/\/secure.gravatar.com\/avatar\/f96ad2db538a26481f18384936b5cd0610c92d390c4dc382209216d455f685ff?s=96&d=mm&r=g","url":"https:\/\/secure.gravatar.com\/avatar\/f96ad2db538a26481f18384936b5cd0610c92d390c4dc382209216d455f685ff?s=96&d=mm&r=g","contentUrl":"https:\/\/secure.gravatar.com\/avatar\/f96ad2db538a26481f18384936b5cd0610c92d390c4dc382209216d455f685ff?s=96&d=mm&r=g","caption":"Herv\u00e9 Roten"}}]}},"_links":{"self":[{"href":"https:\/\/www.iemj.org\/de\/wp-json\/wp\/v2\/posts\/97890","targetHints":{"allow":["GET"]}}],"collection":[{"href":"https:\/\/www.iemj.org\/de\/wp-json\/wp\/v2\/posts"}],"about":[{"href":"https:\/\/www.iemj.org\/de\/wp-json\/wp\/v2\/types\/post"}],"author":[{"embeddable":true,"href":"https:\/\/www.iemj.org\/de\/wp-json\/wp\/v2\/users\/1045"}],"replies":[{"embeddable":true,"href":"https:\/\/www.iemj.org\/de\/wp-json\/wp\/v2\/comments?post=97890"}],"version-history":[{"count":0,"href":"https:\/\/www.iemj.org\/de\/wp-json\/wp\/v2\/posts\/97890\/revisions"}],"wp:featuredmedia":[{"embeddable":true,"href":"https:\/\/www.iemj.org\/de\/wp-json\/wp\/v2\/media\/97891"}],"wp:attachment":[{"href":"https:\/\/www.iemj.org\/de\/wp-json\/wp\/v2\/media?parent=97890"}],"wp:term":[{"taxonomy":"category","embeddable":true,"href":"https:\/\/www.iemj.org\/de\/wp-json\/wp\/v2\/categories?post=97890"},{"taxonomy":"post_tag","embeddable":true,"href":"https:\/\/www.iemj.org\/de\/wp-json\/wp\/v2\/tags?post=97890"},{"taxonomy":"technique","embeddable":true,"href":"https:\/\/www.iemj.org\/de\/wp-json\/wp\/v2\/technique?post=97890"},{"taxonomy":"squelettes","embeddable":true,"href":"https:\/\/www.iemj.org\/de\/wp-json\/wp\/v2\/squelettes?post=97890"},{"taxonomy":"sujet","embeddable":true,"href":"https:\/\/www.iemj.org\/de\/wp-json\/wp\/v2\/sujet?post=97890"},{"taxonomy":"formation","embeddable":true,"href":"https:\/\/www.iemj.org\/de\/wp-json\/wp\/v2\/formation?post=97890"},{"taxonomy":"genre","embeddable":true,"href":"https:\/\/www.iemj.org\/de\/wp-json\/wp\/v2\/genre?post=97890"},{"taxonomy":"fonds","embeddable":true,"href":"https:\/\/www.iemj.org\/de\/wp-json\/wp\/v2\/fonds?post=97890"},{"taxonomy":"tradition","embeddable":true,"href":"https:\/\/www.iemj.org\/de\/wp-json\/wp\/v2\/tradition?post=97890"},{"taxonomy":"type-de-contenu","embeddable":true,"href":"https:\/\/www.iemj.org\/de\/wp-json\/wp\/v2\/type-de-contenu?post=97890"},{"taxonomy":"interprete-compositeur","embeddable":true,"href":"https:\/\/www.iemj.org\/de\/wp-json\/wp\/v2\/interprete-compositeur?post=97890"},{"taxonomy":"frise","embeddable":true,"href":"https:\/\/www.iemj.org\/de\/wp-json\/wp\/v2\/frise?post=97890"},{"taxonomy":"type-devenement","embeddable":true,"href":"https:\/\/www.iemj.org\/de\/wp-json\/wp\/v2\/type-devenement?post=97890"},{"taxonomy":"tableaux-liens-externes","embeddable":true,"href":"https:\/\/www.iemj.org\/de\/wp-json\/wp\/v2\/tableaux-liens-externes?post=97890"}],"curies":[{"name":"wp","href":"https:\/\/api.w.org\/{rel}","templated":true}]}}