{"id":97929,"date":"2016-05-16T15:09:33","date_gmt":"2016-05-16T13:09:33","guid":{"rendered":"https:\/\/www.iemj.org\/presence-juive-en-alsace-et-lorraine-medievales\/"},"modified":"2024-01-18T17:15:55","modified_gmt":"2024-01-18T16:15:55","slug":"presence-juive-en-alsace-et-lorraine-medievales","status":"publish","type":"post","link":"https:\/\/www.iemj.org\/de\/presence-juive-en-alsace-et-lorraine-medievales\/","title":{"rendered":"Pr\u00e9sence juive en Alsace et Lorraine m\u00e9di\u00e9vales"},"content":{"rendered":"<p>Les \u00e9ditions du Cerf, 12-2015, 440 p.<\/p>\n<p><!--more--><\/p>\n<p>Der vorliegende Band verbindet eine gewohnte Verbindung: die beiden ehemaligen Provinzen Elsass und Lothringen, aber eine Verbindung mit einer tr\u00fcgerischen Vertrautheit: Der Leser wird schnell feststellen, dass diese beiden Regionen, obwohl sie aneinander grenzen, zutiefst un\u00e4hnlich sind, sowohl was ihre Geographie, ihre Toponymie und ihre allgemeine Geschichte betrifft als auch die r\u00e4umliche und chronologische Entwicklung und die Erscheinungsformen der j\u00fcdischen Pr\u00e4senz auf ihrem Boden w\u00e4hrend des Mittelalters.<\/p>\n<p>Diese neue \u201cBestandsaufnahme\u201d wird Forscher, Kollegen und Studenten sowie gebildete und neugierige Leser begeistern, die die mittelalterliche Vergangenheit der Juden in diesen \u201cReichsl\u00e4ndern\u201d verstehen wollen, in denen sich wiederkehrende und schmerzhafte Krisenzeiten mit der Zunahme anklagender Legenden und Massakern \u2013 die in Lothringen kaum vorkamen \u2013 abwechselten, Dies ist besonders hervorzuheben (die Untaten der Kreuzz\u00fcge, die Ausschreitungen von Armleder und seinen Banden um 1338, die Unruhen nach dem Schwarzen Tod oder sp\u00e4ter um 1476-1477, als die Schweizer ins Elsass zogen), und Perioden der Atempause, des R\u00fcckzugs und der R\u00fcckkehr vor den schwankenden Stopps des non tolerandis judeis, die hier und da das Sp\u00e4tmittelalter und den Beginn der Renaissance pr\u00e4gen sollten.<\/p>\n<p>Anhand der noch vorhandenen Materialien und \u00dcberreste (mittelalterliche Synagoge von Rouffach, hebr\u00e4ische Manuskripte angesehener Gelehrter oder die \u201cSch\u00e4tze\u201d von Colmar; auf lothringischer Seite ist die Ausbeute mit einigen \u201cJudenstra\u00dfen\u201d hier und da, einer Stele des Mus\u00e9e lorrain oder dem gro\u00dfen Siegel von Metz ebenfalls begrenzt) kann man die reichen, aber kontrastreichen mittelalterlichen Stunden der els\u00e4ssischen und lothringischen j\u00fcdischen Vergangenheit ermessen.<\/p>\n<p><a href=\"http:\/\/www.editionsducerf.fr\/librairie\/livre\/17565\/presence-juive-en-alsace-et-lorraine-medievales\">Erfahren Sie mehr und bestellen Sie das Buch.<\/a><\/p>\n","protected":false},"excerpt":{"rendered":"<p>Les \u00e9ditions du Cerf, 12-2015, 440 p.<\/p>\n","protected":false},"author":1048,"featured_media":97930,"comment_status":"closed","ping_status":"open","sticky":false,"template":"","format":"standard","meta":{"_acf_changed":false,"footnotes":""},"categories":[1578,1561],"tags":[],"technique":[],"squelettes":[],"sujet":[],"formation":[],"genre":[],"fonds":[],"tradition":[],"type-de-contenu":[],"interprete-compositeur":[],"frise":[],"type-devenement":[],"tableaux-liens-externes":[],"class_list":["post-97929","post","type-post","status-publish","format-standard","has-post-thumbnail","hentry","category-bucher-artikel-de","category-letzte-neuerwerbungen-de"],"acf":[],"yoast_head":"<!-- This site is optimized with the Yoast SEO plugin v27.3 - https:\/\/yoast.com\/product\/yoast-seo-wordpress\/ -->\n<title>Pr\u00e9sence juive en Alsace et Lorraine m\u00e9di\u00e9vales - Institut Europ\u00e9en des Musiques Juives<\/title>\n<meta name=\"robots\" content=\"index, follow, max-snippet:-1, max-image-preview:large, max-video-preview:-1\" \/>\n<link rel=\"canonical\" href=\"https:\/\/www.iemj.org\/de\/presence-juive-en-alsace-et-lorraine-medievales\/\" \/>\n<meta property=\"og:locale\" content=\"de_DE\" \/>\n<meta property=\"og:type\" content=\"article\" \/>\n<meta property=\"og:title\" content=\"Pr\u00e9sence juive en Alsace et Lorraine m\u00e9di\u00e9vales - Institut Europ\u00e9en des Musiques Juives\" \/>\n<meta property=\"og:description\" content=\"Les \u00e9ditions du Cerf, 12-2015, 440 p.\" \/>\n<meta property=\"og:url\" content=\"https:\/\/www.iemj.org\/de\/presence-juive-en-alsace-et-lorraine-medievales\/\" \/>\n<meta property=\"og:site_name\" content=\"Institut Europ\u00e9en des Musiques Juives\" \/>\n<meta property=\"article:publisher\" content=\"https:\/\/www.facebook.com\/MusiquesJuives\/\" \/>\n<meta property=\"article:published_time\" content=\"2016-05-16T13:09:33+00:00\" \/>\n<meta property=\"article:modified_time\" content=\"2024-01-18T16:15:55+00:00\" \/>\n<meta property=\"og:image\" content=\"https:\/\/www.iemj.org\/wp-content\/uploads\/2016\/05\/arton1691-e1619352924175.jpg\" \/>\n\t<meta property=\"og:image:width\" content=\"350\" \/>\n\t<meta property=\"og:image:height\" content=\"540\" \/>\n\t<meta property=\"og:image:type\" content=\"image\/jpeg\" \/>\n<meta name=\"author\" content=\"Jean-Gabriel Davis\" \/>\n<meta name=\"twitter:card\" content=\"summary_large_image\" \/>\n<meta name=\"twitter:label1\" content=\"Verfasst von\" \/>\n\t<meta name=\"twitter:data1\" content=\"Jean-Gabriel Davis\" \/>\n\t<meta name=\"twitter:label2\" content=\"Gesch\u00e4tzte Lesezeit\" \/>\n\t<meta name=\"twitter:data2\" content=\"2\u00a0Minuten\" \/>\n<script type=\"application\/ld+json\" class=\"yoast-schema-graph\">{\"@context\":\"https:\\\/\\\/schema.org\",\"@graph\":[{\"@type\":\"Article\",\"@id\":\"https:\\\/\\\/www.iemj.org\\\/de\\\/presence-juive-en-alsace-et-lorraine-medievales\\\/#article\",\"isPartOf\":{\"@id\":\"https:\\\/\\\/www.iemj.org\\\/de\\\/presence-juive-en-alsace-et-lorraine-medievales\\\/\"},\"author\":{\"name\":\"Jean-Gabriel Davis\",\"@id\":\"https:\\\/\\\/www.iemj.org\\\/de\\\/#\\\/schema\\\/person\\\/c9bc1c386a3749579a2d675e72a18666\"},\"headline\":\"Pr\u00e9sence juive en Alsace et Lorraine m\u00e9di\u00e9vales\",\"datePublished\":\"2016-05-16T13:09:33+00:00\",\"dateModified\":\"2024-01-18T16:15:55+00:00\",\"mainEntityOfPage\":{\"@id\":\"https:\\\/\\\/www.iemj.org\\\/de\\\/presence-juive-en-alsace-et-lorraine-medievales\\\/\"},\"wordCount\":278,\"publisher\":{\"@id\":\"https:\\\/\\\/www.iemj.org\\\/de\\\/#organization\"},\"image\":{\"@id\":\"https:\\\/\\\/www.iemj.org\\\/de\\\/presence-juive-en-alsace-et-lorraine-medievales\\\/#primaryimage\"},\"thumbnailUrl\":\"https:\\\/\\\/www.iemj.org\\\/wp-content\\\/uploads\\\/2016\\\/05\\\/arton1691-e1619352924175.jpg\",\"articleSection\":[\"B\u00fccher, Artikel\",\"Letzte Neuerwerbungen\"],\"inLanguage\":\"de\"},{\"@type\":\"WebPage\",\"@id\":\"https:\\\/\\\/www.iemj.org\\\/de\\\/presence-juive-en-alsace-et-lorraine-medievales\\\/\",\"url\":\"https:\\\/\\\/www.iemj.org\\\/de\\\/presence-juive-en-alsace-et-lorraine-medievales\\\/\",\"name\":\"Pr\u00e9sence juive en Alsace et Lorraine m\u00e9di\u00e9vales - Institut Europ\u00e9en des Musiques Juives\",\"isPartOf\":{\"@id\":\"https:\\\/\\\/www.iemj.org\\\/de\\\/#website\"},\"primaryImageOfPage\":{\"@id\":\"https:\\\/\\\/www.iemj.org\\\/de\\\/presence-juive-en-alsace-et-lorraine-medievales\\\/#primaryimage\"},\"image\":{\"@id\":\"https:\\\/\\\/www.iemj.org\\\/de\\\/presence-juive-en-alsace-et-lorraine-medievales\\\/#primaryimage\"},\"thumbnailUrl\":\"https:\\\/\\\/www.iemj.org\\\/wp-content\\\/uploads\\\/2016\\\/05\\\/arton1691-e1619352924175.jpg\",\"datePublished\":\"2016-05-16T13:09:33+00:00\",\"dateModified\":\"2024-01-18T16:15:55+00:00\",\"breadcrumb\":{\"@id\":\"https:\\\/\\\/www.iemj.org\\\/de\\\/presence-juive-en-alsace-et-lorraine-medievales\\\/#breadcrumb\"},\"inLanguage\":\"de\",\"potentialAction\":[{\"@type\":\"ReadAction\",\"target\":[\"https:\\\/\\\/www.iemj.org\\\/de\\\/presence-juive-en-alsace-et-lorraine-medievales\\\/\"]}]},{\"@type\":\"ImageObject\",\"inLanguage\":\"de\",\"@id\":\"https:\\\/\\\/www.iemj.org\\\/de\\\/presence-juive-en-alsace-et-lorraine-medievales\\\/#primaryimage\",\"url\":\"https:\\\/\\\/www.iemj.org\\\/wp-content\\\/uploads\\\/2016\\\/05\\\/arton1691-e1619352924175.jpg\",\"contentUrl\":\"https:\\\/\\\/www.iemj.org\\\/wp-content\\\/uploads\\\/2016\\\/05\\\/arton1691-e1619352924175.jpg\",\"width\":350,\"height\":540},{\"@type\":\"BreadcrumbList\",\"@id\":\"https:\\\/\\\/www.iemj.org\\\/de\\\/presence-juive-en-alsace-et-lorraine-medievales\\\/#breadcrumb\",\"itemListElement\":[{\"@type\":\"ListItem\",\"position\":1,\"name\":\"Accueil\",\"item\":\"https:\\\/\\\/www.iemj.org\\\/de\\\/\"},{\"@type\":\"ListItem\",\"position\":2,\"name\":\"Pr\u00e9sence juive en Alsace et Lorraine m\u00e9di\u00e9vales\"}]},{\"@type\":\"WebSite\",\"@id\":\"https:\\\/\\\/www.iemj.org\\\/de\\\/#website\",\"url\":\"https:\\\/\\\/www.iemj.org\\\/de\\\/\",\"name\":\"Institut Europ\u00e9en des Musiques Juives\",\"description\":\"Des traditions musicales \u00e0 la port\u00e9e de tous\",\"publisher\":{\"@id\":\"https:\\\/\\\/www.iemj.org\\\/de\\\/#organization\"},\"potentialAction\":[{\"@type\":\"SearchAction\",\"target\":{\"@type\":\"EntryPoint\",\"urlTemplate\":\"https:\\\/\\\/www.iemj.org\\\/de\\\/?s={search_term_string}\"},\"query-input\":{\"@type\":\"PropertyValueSpecification\",\"valueRequired\":true,\"valueName\":\"search_term_string\"}}],\"inLanguage\":\"de\"},{\"@type\":\"Organization\",\"@id\":\"https:\\\/\\\/www.iemj.org\\\/de\\\/#organization\",\"name\":\"Institut Europ\u00e9en des Musiques Juives\",\"url\":\"https:\\\/\\\/www.iemj.org\\\/de\\\/\",\"logo\":{\"@type\":\"ImageObject\",\"inLanguage\":\"de\",\"@id\":\"https:\\\/\\\/www.iemj.org\\\/de\\\/#\\\/schema\\\/logo\\\/image\\\/\",\"url\":\"https:\\\/\\\/www.iemj.org\\\/wp-content\\\/uploads\\\/2021\\\/09\\\/Logo-IEMJ-Paypal.jpg\",\"contentUrl\":\"https:\\\/\\\/www.iemj.org\\\/wp-content\\\/uploads\\\/2021\\\/09\\\/Logo-IEMJ-Paypal.jpg\",\"width\":150,\"height\":50,\"caption\":\"Institut Europ\u00e9en des Musiques Juives\"},\"image\":{\"@id\":\"https:\\\/\\\/www.iemj.org\\\/de\\\/#\\\/schema\\\/logo\\\/image\\\/\"},\"sameAs\":[\"https:\\\/\\\/www.facebook.com\\\/MusiquesJuives\\\/\",\"https:\\\/\\\/www.instagram.com\\\/musiquesjuives\\\/\",\"https:\\\/\\\/www.youtube.com\\\/user\\\/musiquesjuives\"]},{\"@type\":\"Person\",\"@id\":\"https:\\\/\\\/www.iemj.org\\\/de\\\/#\\\/schema\\\/person\\\/c9bc1c386a3749579a2d675e72a18666\",\"name\":\"Jean-Gabriel Davis\",\"image\":{\"@type\":\"ImageObject\",\"inLanguage\":\"de\",\"@id\":\"https:\\\/\\\/secure.gravatar.com\\\/avatar\\\/2b90d67bdf392c9b3a21fab87c0fa7edaf1fb3a058172a1ffd61033fcec7aec1?s=96&d=mm&r=g\",\"url\":\"https:\\\/\\\/secure.gravatar.com\\\/avatar\\\/2b90d67bdf392c9b3a21fab87c0fa7edaf1fb3a058172a1ffd61033fcec7aec1?s=96&d=mm&r=g\",\"contentUrl\":\"https:\\\/\\\/secure.gravatar.com\\\/avatar\\\/2b90d67bdf392c9b3a21fab87c0fa7edaf1fb3a058172a1ffd61033fcec7aec1?s=96&d=mm&r=g\",\"caption\":\"Jean-Gabriel Davis\"}}]}<\/script>\n<!-- \/ Yoast SEO plugin. -->","yoast_head_json":{"title":"Pr\u00e9sence juive en Alsace et Lorraine m\u00e9di\u00e9vales - Institut Europ\u00e9en des Musiques Juives","robots":{"index":"index","follow":"follow","max-snippet":"max-snippet:-1","max-image-preview":"max-image-preview:large","max-video-preview":"max-video-preview:-1"},"canonical":"https:\/\/www.iemj.org\/de\/presence-juive-en-alsace-et-lorraine-medievales\/","og_locale":"de_DE","og_type":"article","og_title":"Pr\u00e9sence juive en Alsace et Lorraine m\u00e9di\u00e9vales - Institut Europ\u00e9en des Musiques Juives","og_description":"Les \u00e9ditions du Cerf, 12-2015, 440 p.","og_url":"https:\/\/www.iemj.org\/de\/presence-juive-en-alsace-et-lorraine-medievales\/","og_site_name":"Institut Europ\u00e9en des Musiques Juives","article_publisher":"https:\/\/www.facebook.com\/MusiquesJuives\/","article_published_time":"2016-05-16T13:09:33+00:00","article_modified_time":"2024-01-18T16:15:55+00:00","og_image":[{"width":350,"height":540,"url":"https:\/\/www.iemj.org\/wp-content\/uploads\/2016\/05\/arton1691-e1619352924175.jpg","type":"image\/jpeg"}],"author":"Jean-Gabriel Davis","twitter_card":"summary_large_image","twitter_misc":{"Verfasst von":"Jean-Gabriel Davis","Gesch\u00e4tzte Lesezeit":"2\u00a0Minuten"},"schema":{"@context":"https:\/\/schema.org","@graph":[{"@type":"Article","@id":"https:\/\/www.iemj.org\/de\/presence-juive-en-alsace-et-lorraine-medievales\/#article","isPartOf":{"@id":"https:\/\/www.iemj.org\/de\/presence-juive-en-alsace-et-lorraine-medievales\/"},"author":{"name":"Jean-Gabriel Davis","@id":"https:\/\/www.iemj.org\/de\/#\/schema\/person\/c9bc1c386a3749579a2d675e72a18666"},"headline":"Pr\u00e9sence juive en Alsace et Lorraine m\u00e9di\u00e9vales","datePublished":"2016-05-16T13:09:33+00:00","dateModified":"2024-01-18T16:15:55+00:00","mainEntityOfPage":{"@id":"https:\/\/www.iemj.org\/de\/presence-juive-en-alsace-et-lorraine-medievales\/"},"wordCount":278,"publisher":{"@id":"https:\/\/www.iemj.org\/de\/#organization"},"image":{"@id":"https:\/\/www.iemj.org\/de\/presence-juive-en-alsace-et-lorraine-medievales\/#primaryimage"},"thumbnailUrl":"https:\/\/www.iemj.org\/wp-content\/uploads\/2016\/05\/arton1691-e1619352924175.jpg","articleSection":["B\u00fccher, Artikel","Letzte Neuerwerbungen"],"inLanguage":"de"},{"@type":"WebPage","@id":"https:\/\/www.iemj.org\/de\/presence-juive-en-alsace-et-lorraine-medievales\/","url":"https:\/\/www.iemj.org\/de\/presence-juive-en-alsace-et-lorraine-medievales\/","name":"Pr\u00e9sence juive en Alsace et Lorraine m\u00e9di\u00e9vales - Institut Europ\u00e9en des Musiques Juives","isPartOf":{"@id":"https:\/\/www.iemj.org\/de\/#website"},"primaryImageOfPage":{"@id":"https:\/\/www.iemj.org\/de\/presence-juive-en-alsace-et-lorraine-medievales\/#primaryimage"},"image":{"@id":"https:\/\/www.iemj.org\/de\/presence-juive-en-alsace-et-lorraine-medievales\/#primaryimage"},"thumbnailUrl":"https:\/\/www.iemj.org\/wp-content\/uploads\/2016\/05\/arton1691-e1619352924175.jpg","datePublished":"2016-05-16T13:09:33+00:00","dateModified":"2024-01-18T16:15:55+00:00","breadcrumb":{"@id":"https:\/\/www.iemj.org\/de\/presence-juive-en-alsace-et-lorraine-medievales\/#breadcrumb"},"inLanguage":"de","potentialAction":[{"@type":"ReadAction","target":["https:\/\/www.iemj.org\/de\/presence-juive-en-alsace-et-lorraine-medievales\/"]}]},{"@type":"ImageObject","inLanguage":"de","@id":"https:\/\/www.iemj.org\/de\/presence-juive-en-alsace-et-lorraine-medievales\/#primaryimage","url":"https:\/\/www.iemj.org\/wp-content\/uploads\/2016\/05\/arton1691-e1619352924175.jpg","contentUrl":"https:\/\/www.iemj.org\/wp-content\/uploads\/2016\/05\/arton1691-e1619352924175.jpg","width":350,"height":540},{"@type":"BreadcrumbList","@id":"https:\/\/www.iemj.org\/de\/presence-juive-en-alsace-et-lorraine-medievales\/#breadcrumb","itemListElement":[{"@type":"ListItem","position":1,"name":"Accueil","item":"https:\/\/www.iemj.org\/de\/"},{"@type":"ListItem","position":2,"name":"Pr\u00e9sence juive en Alsace et Lorraine m\u00e9di\u00e9vales"}]},{"@type":"WebSite","@id":"https:\/\/www.iemj.org\/de\/#website","url":"https:\/\/www.iemj.org\/de\/","name":"Institut Europ\u00e9en des Musiques Juives","description":"Des traditions musicales \u00e0 la port\u00e9e de tous","publisher":{"@id":"https:\/\/www.iemj.org\/de\/#organization"},"potentialAction":[{"@type":"SearchAction","target":{"@type":"EntryPoint","urlTemplate":"https:\/\/www.iemj.org\/de\/?s={search_term_string}"},"query-input":{"@type":"PropertyValueSpecification","valueRequired":true,"valueName":"search_term_string"}}],"inLanguage":"de"},{"@type":"Organization","@id":"https:\/\/www.iemj.org\/de\/#organization","name":"Institut Europ\u00e9en des Musiques Juives","url":"https:\/\/www.iemj.org\/de\/","logo":{"@type":"ImageObject","inLanguage":"de","@id":"https:\/\/www.iemj.org\/de\/#\/schema\/logo\/image\/","url":"https:\/\/www.iemj.org\/wp-content\/uploads\/2021\/09\/Logo-IEMJ-Paypal.jpg","contentUrl":"https:\/\/www.iemj.org\/wp-content\/uploads\/2021\/09\/Logo-IEMJ-Paypal.jpg","width":150,"height":50,"caption":"Institut Europ\u00e9en des Musiques Juives"},"image":{"@id":"https:\/\/www.iemj.org\/de\/#\/schema\/logo\/image\/"},"sameAs":["https:\/\/www.facebook.com\/MusiquesJuives\/","https:\/\/www.instagram.com\/musiquesjuives\/","https:\/\/www.youtube.com\/user\/musiquesjuives"]},{"@type":"Person","@id":"https:\/\/www.iemj.org\/de\/#\/schema\/person\/c9bc1c386a3749579a2d675e72a18666","name":"Jean-Gabriel Davis","image":{"@type":"ImageObject","inLanguage":"de","@id":"https:\/\/secure.gravatar.com\/avatar\/2b90d67bdf392c9b3a21fab87c0fa7edaf1fb3a058172a1ffd61033fcec7aec1?s=96&d=mm&r=g","url":"https:\/\/secure.gravatar.com\/avatar\/2b90d67bdf392c9b3a21fab87c0fa7edaf1fb3a058172a1ffd61033fcec7aec1?s=96&d=mm&r=g","contentUrl":"https:\/\/secure.gravatar.com\/avatar\/2b90d67bdf392c9b3a21fab87c0fa7edaf1fb3a058172a1ffd61033fcec7aec1?s=96&d=mm&r=g","caption":"Jean-Gabriel Davis"}}]}},"_links":{"self":[{"href":"https:\/\/www.iemj.org\/de\/wp-json\/wp\/v2\/posts\/97929","targetHints":{"allow":["GET"]}}],"collection":[{"href":"https:\/\/www.iemj.org\/de\/wp-json\/wp\/v2\/posts"}],"about":[{"href":"https:\/\/www.iemj.org\/de\/wp-json\/wp\/v2\/types\/post"}],"author":[{"embeddable":true,"href":"https:\/\/www.iemj.org\/de\/wp-json\/wp\/v2\/users\/1048"}],"replies":[{"embeddable":true,"href":"https:\/\/www.iemj.org\/de\/wp-json\/wp\/v2\/comments?post=97929"}],"version-history":[{"count":0,"href":"https:\/\/www.iemj.org\/de\/wp-json\/wp\/v2\/posts\/97929\/revisions"}],"wp:featuredmedia":[{"embeddable":true,"href":"https:\/\/www.iemj.org\/de\/wp-json\/wp\/v2\/media\/97930"}],"wp:attachment":[{"href":"https:\/\/www.iemj.org\/de\/wp-json\/wp\/v2\/media?parent=97929"}],"wp:term":[{"taxonomy":"category","embeddable":true,"href":"https:\/\/www.iemj.org\/de\/wp-json\/wp\/v2\/categories?post=97929"},{"taxonomy":"post_tag","embeddable":true,"href":"https:\/\/www.iemj.org\/de\/wp-json\/wp\/v2\/tags?post=97929"},{"taxonomy":"technique","embeddable":true,"href":"https:\/\/www.iemj.org\/de\/wp-json\/wp\/v2\/technique?post=97929"},{"taxonomy":"squelettes","embeddable":true,"href":"https:\/\/www.iemj.org\/de\/wp-json\/wp\/v2\/squelettes?post=97929"},{"taxonomy":"sujet","embeddable":true,"href":"https:\/\/www.iemj.org\/de\/wp-json\/wp\/v2\/sujet?post=97929"},{"taxonomy":"formation","embeddable":true,"href":"https:\/\/www.iemj.org\/de\/wp-json\/wp\/v2\/formation?post=97929"},{"taxonomy":"genre","embeddable":true,"href":"https:\/\/www.iemj.org\/de\/wp-json\/wp\/v2\/genre?post=97929"},{"taxonomy":"fonds","embeddable":true,"href":"https:\/\/www.iemj.org\/de\/wp-json\/wp\/v2\/fonds?post=97929"},{"taxonomy":"tradition","embeddable":true,"href":"https:\/\/www.iemj.org\/de\/wp-json\/wp\/v2\/tradition?post=97929"},{"taxonomy":"type-de-contenu","embeddable":true,"href":"https:\/\/www.iemj.org\/de\/wp-json\/wp\/v2\/type-de-contenu?post=97929"},{"taxonomy":"interprete-compositeur","embeddable":true,"href":"https:\/\/www.iemj.org\/de\/wp-json\/wp\/v2\/interprete-compositeur?post=97929"},{"taxonomy":"frise","embeddable":true,"href":"https:\/\/www.iemj.org\/de\/wp-json\/wp\/v2\/frise?post=97929"},{"taxonomy":"type-devenement","embeddable":true,"href":"https:\/\/www.iemj.org\/de\/wp-json\/wp\/v2\/type-devenement?post=97929"},{"taxonomy":"tableaux-liens-externes","embeddable":true,"href":"https:\/\/www.iemj.org\/de\/wp-json\/wp\/v2\/tableaux-liens-externes?post=97929"}],"curies":[{"name":"wp","href":"https:\/\/api.w.org\/{rel}","templated":true}]}}