{"id":98150,"date":"2013-03-03T19:54:29","date_gmt":"2013-03-03T18:54:29","guid":{"rendered":"https:\/\/www.iemj.org\/alexandre-tansman-regards-en-arriere\/"},"modified":"2023-06-14T12:56:30","modified_gmt":"2023-06-14T10:56:30","slug":"alexandre-tansman-regards-en-arriere","status":"publish","type":"post","link":"https:\/\/www.iemj.org\/de\/alexandre-tansman-regards-en-arriere\/","title":{"rendered":"Alexandre Tansman &#8211; Regards en arri\u00e8re"},"content":{"rendered":"<p>Ver\u00f6ffentlichung der Editions Aedam Musicae, Januar 2013, von C\u00e9dric Segond Genovesi, unter Mitarbeit von Marianne Tansman Martinozzi &amp; Mireille Tansman Zanuttini.<\/p>\n<p><!--more-->Seit mehr als einem halben Jahrhundert ist der Erfolg der zahlreichen Sammlungen &#8222;f\u00fcr Kinder&#8220; von <a href=\"https:\/\/www.iemj.org\/de\/tansman-alexandre-1897-1986\/\">Alexandre Tansman<\/a> (1897-1986) ungebrochen: Es gibt nur sehr wenige Pianisten, die ihre Finger noch nie auf einer Seite von Pour les enfants, Les Jeunes au piano oder Happy Time ge\u00fcbt haben. Doch dieses verlegerische Gl\u00fcck ist nur der Baum, der den Wald verdeckt. Denn abgesehen von diesen bemerkenswerten Miniaturen war Tansman in erster Linie der Autor eines ebenso umfangreichen wie tiefgr\u00fcndigen und dichten wie vielf\u00e4ltigen Werks &#8211; von acht Streichquartetten bis zu neun Symphonien, von gro\u00dfen Zyklen von Klavierwerken (Mazurkas, Intermezzi, Balladen, Sonaten) bis zu Konzerten, und nicht zu vergessen etwa sieben Opern und elf Balletts: unbestreitbar z\u00e4hlte der Mann zu den &#8222;gro\u00dfen komponierenden Pianisten der Zwischenkriegszeit wie Prokofjew, Rachmaninow, Poulenc, Schostakowitsch und, in geringerem Ma\u00dfe, Bart\u00f3k und Ravel&#8220; (Jean-Pierre Armengaud).<\/p>\n<p>Das Werk von Alexandre Tansman bietet eine F\u00fclle gl\u00fccklicher \u00dcberraschungen, doch auch das Leben des Musikers, das von den gro\u00dfen Ereignissen der modernen Geschichte gepr\u00e4gt war, verdient es, besser bekannt gemacht zu werden, denn es war reich an Erfahrungen und bev\u00f6lkert von fesselnden Figuren, ber\u00fchmt oder nicht. In Regards en arri\u00e8re, einem zwischen 1954 und 1958 verfassten Text, blickt der Komponist zur\u00fcck auf seine Ausbildungsjahre in Polen (in \u0141\u00f3d\u017a und dann in Warschau), auf seine k\u00fcnstlerische und berufliche Entfaltung im Paris der Roaring Twenties (an der Seite von Ravel, der Groupe des Six, Gershwin und vielen anderen), auf seine ersten amerikanischen Tourneen (1927-1928) und seine Welttournee 1932-1933 (USA und Hawaii, Japan, China, Britisch- und Niederl\u00e4ndisch-Indien, \u00c4gypten und die Balearen), aber auch \u00fcber sein amerikanisches Exil w\u00e4hrend des Zweiten Weltkriegs (in Hollywood, wo er t\u00e4glich mit Strawinsky zusammenkam und &#8211; ohne gro\u00dfe Begeisterung &#8211; f\u00fcr den Film arbeitete) und seine R\u00fcckkehr ins Europa der Nachkriegszeit.<\/p>\n<p>Alexandre Tansmans Memoiren, gespickt mit Anekdoten und Portr\u00e4ts, die teils bewegt, teils \u00e4tzend sind, mit Exkursen \u00fcber Musik\u00e4sthetik und intimeren Seiten, werden durch ein Tagebuch aus den Jahren 1955-1958 abgeschlossen und durch eine Auswahl von Briefen erg\u00e4nzt. Sie bieten somit einen atemberaubenden Blick hinter die Kulissen des Komponistenberufs &#8211; aber vor allem auf die Musik- und Kunstwelt des ersten 20.<\/p>\n<p><a href=\"http:\/\/www.musicae.fr\/livre-Alexandre-Tansman---Regards-en-arriere-de-Cedric-Segond-Genovesi--Marianne-Tansman-Martinozzi--Mireille-Tansman-Zanuttini-120-89,117,118.html\" target=\"_blank\" rel=\"noopener\">Das Buch bestellen<\/a><\/p>\n<p><a href=\"https:\/\/www.iemj.org\/de\/tansman-alexandre-1897-1986\/\" target=\"_blank\" rel=\"noopener\">Lesen Sie die Biografie von Alexandre Tansman.<\/a><\/p>\n<p><a href=\"https:\/\/www.iemj.org\/loeuvre-juive-dalexandre-tansman-1897-1986\/\" target=\"_blank\" rel=\"noopener\">H\u00f6ren Sie sich die Radiosendung des IEMJ \u00fcber Das j\u00fcdische Werk von Alexandre Tansman (1897-1986) an.<\/a><\/p>\n","protected":false},"excerpt":{"rendered":"<p>Ver\u00f6ffentlichung der Editions Aedam Musicae, Januar 2013, von C\u00e9dric Segond Genovesi, unter Mitarbeit von Marianne Tansman Martinozzi &amp; Mireille Tansman Zanuttini.<\/p>\n","protected":false},"author":1045,"featured_media":98151,"comment_status":"closed","ping_status":"open","sticky":false,"template":"","format":"standard","meta":{"_acf_changed":false,"footnotes":""},"categories":[1578,1561],"tags":[],"technique":[],"squelettes":[],"sujet":[],"formation":[],"genre":[],"fonds":[],"tradition":[],"type-de-contenu":[],"interprete-compositeur":[3085],"frise":[],"type-devenement":[],"tableaux-liens-externes":[],"class_list":["post-98150","post","type-post","status-publish","format-standard","has-post-thumbnail","hentry","category-bucher-artikel-de","category-letzte-neuerwerbungen-de","interprete-compositeur-alexandre-tansman-de"],"acf":[],"yoast_head":"<!-- This site is optimized with the Yoast SEO plugin v27.3 - https:\/\/yoast.com\/product\/yoast-seo-wordpress\/ -->\n<title>Alexandre Tansman - Regards en arri\u00e8re - Institut Europ\u00e9en des Musiques Juives<\/title>\n<meta name=\"robots\" content=\"index, follow, max-snippet:-1, max-image-preview:large, max-video-preview:-1\" \/>\n<link rel=\"canonical\" href=\"https:\/\/www.iemj.org\/de\/alexandre-tansman-regards-en-arriere\/\" \/>\n<meta property=\"og:locale\" content=\"de_DE\" \/>\n<meta property=\"og:type\" content=\"article\" \/>\n<meta property=\"og:title\" content=\"Alexandre Tansman - Regards en arri\u00e8re - Institut Europ\u00e9en des Musiques Juives\" \/>\n<meta property=\"og:description\" content=\"Ver\u00f6ffentlichung der Editions Aedam Musicae, Januar 2013, von C\u00e9dric Segond Genovesi, unter Mitarbeit von Marianne Tansman Martinozzi &amp; Mireille Tansman Zanuttini.\" \/>\n<meta property=\"og:url\" content=\"https:\/\/www.iemj.org\/de\/alexandre-tansman-regards-en-arriere\/\" \/>\n<meta property=\"og:site_name\" content=\"Institut Europ\u00e9en des Musiques Juives\" \/>\n<meta property=\"article:publisher\" content=\"https:\/\/www.facebook.com\/MusiquesJuives\/\" \/>\n<meta property=\"article:published_time\" content=\"2013-03-03T18:54:29+00:00\" \/>\n<meta property=\"article:modified_time\" content=\"2023-06-14T10:56:30+00:00\" \/>\n<meta property=\"og:image\" content=\"https:\/\/www.iemj.org\/wp-content\/uploads\/2013\/03\/arton666.jpg\" \/>\n\t<meta property=\"og:image:width\" content=\"240\" \/>\n\t<meta property=\"og:image:height\" content=\"320\" \/>\n\t<meta property=\"og:image:type\" content=\"image\/jpeg\" \/>\n<meta name=\"author\" content=\"Herv\u00e9 Roten\" \/>\n<meta name=\"twitter:card\" content=\"summary_large_image\" \/>\n<meta name=\"twitter:label1\" content=\"Verfasst von\" \/>\n\t<meta name=\"twitter:data1\" content=\"Herv\u00e9 Roten\" \/>\n\t<meta name=\"twitter:label2\" content=\"Gesch\u00e4tzte Lesezeit\" \/>\n\t<meta name=\"twitter:data2\" content=\"3\u00a0Minuten\" \/>\n<script type=\"application\/ld+json\" class=\"yoast-schema-graph\">{\"@context\":\"https:\\\/\\\/schema.org\",\"@graph\":[{\"@type\":\"Article\",\"@id\":\"https:\\\/\\\/www.iemj.org\\\/de\\\/alexandre-tansman-regards-en-arriere\\\/#article\",\"isPartOf\":{\"@id\":\"https:\\\/\\\/www.iemj.org\\\/de\\\/alexandre-tansman-regards-en-arriere\\\/\"},\"author\":{\"name\":\"Herv\u00e9 Roten\",\"@id\":\"https:\\\/\\\/www.iemj.org\\\/de\\\/#\\\/schema\\\/person\\\/906134402c29d5c76e7b726261dd4bbd\"},\"headline\":\"Alexandre Tansman &#8211; Regards en arri\u00e8re\",\"datePublished\":\"2013-03-03T18:54:29+00:00\",\"dateModified\":\"2023-06-14T10:56:30+00:00\",\"mainEntityOfPage\":{\"@id\":\"https:\\\/\\\/www.iemj.org\\\/de\\\/alexandre-tansman-regards-en-arriere\\\/\"},\"wordCount\":432,\"publisher\":{\"@id\":\"https:\\\/\\\/www.iemj.org\\\/de\\\/#organization\"},\"image\":{\"@id\":\"https:\\\/\\\/www.iemj.org\\\/de\\\/alexandre-tansman-regards-en-arriere\\\/#primaryimage\"},\"thumbnailUrl\":\"https:\\\/\\\/www.iemj.org\\\/wp-content\\\/uploads\\\/2013\\\/03\\\/arton666.jpg\",\"articleSection\":[\"B\u00fccher, Artikel\",\"Letzte Neuerwerbungen\"],\"inLanguage\":\"de\"},{\"@type\":\"WebPage\",\"@id\":\"https:\\\/\\\/www.iemj.org\\\/de\\\/alexandre-tansman-regards-en-arriere\\\/\",\"url\":\"https:\\\/\\\/www.iemj.org\\\/de\\\/alexandre-tansman-regards-en-arriere\\\/\",\"name\":\"Alexandre Tansman - Regards en arri\u00e8re - Institut Europ\u00e9en des Musiques Juives\",\"isPartOf\":{\"@id\":\"https:\\\/\\\/www.iemj.org\\\/de\\\/#website\"},\"primaryImageOfPage\":{\"@id\":\"https:\\\/\\\/www.iemj.org\\\/de\\\/alexandre-tansman-regards-en-arriere\\\/#primaryimage\"},\"image\":{\"@id\":\"https:\\\/\\\/www.iemj.org\\\/de\\\/alexandre-tansman-regards-en-arriere\\\/#primaryimage\"},\"thumbnailUrl\":\"https:\\\/\\\/www.iemj.org\\\/wp-content\\\/uploads\\\/2013\\\/03\\\/arton666.jpg\",\"datePublished\":\"2013-03-03T18:54:29+00:00\",\"dateModified\":\"2023-06-14T10:56:30+00:00\",\"breadcrumb\":{\"@id\":\"https:\\\/\\\/www.iemj.org\\\/de\\\/alexandre-tansman-regards-en-arriere\\\/#breadcrumb\"},\"inLanguage\":\"de\",\"potentialAction\":[{\"@type\":\"ReadAction\",\"target\":[\"https:\\\/\\\/www.iemj.org\\\/de\\\/alexandre-tansman-regards-en-arriere\\\/\"]}]},{\"@type\":\"ImageObject\",\"inLanguage\":\"de\",\"@id\":\"https:\\\/\\\/www.iemj.org\\\/de\\\/alexandre-tansman-regards-en-arriere\\\/#primaryimage\",\"url\":\"https:\\\/\\\/www.iemj.org\\\/wp-content\\\/uploads\\\/2013\\\/03\\\/arton666.jpg\",\"contentUrl\":\"https:\\\/\\\/www.iemj.org\\\/wp-content\\\/uploads\\\/2013\\\/03\\\/arton666.jpg\",\"width\":240,\"height\":320},{\"@type\":\"BreadcrumbList\",\"@id\":\"https:\\\/\\\/www.iemj.org\\\/de\\\/alexandre-tansman-regards-en-arriere\\\/#breadcrumb\",\"itemListElement\":[{\"@type\":\"ListItem\",\"position\":1,\"name\":\"Accueil\",\"item\":\"https:\\\/\\\/www.iemj.org\\\/de\\\/\"},{\"@type\":\"ListItem\",\"position\":2,\"name\":\"Alexandre Tansman &#8211; Regards en arri\u00e8re\"}]},{\"@type\":\"WebSite\",\"@id\":\"https:\\\/\\\/www.iemj.org\\\/de\\\/#website\",\"url\":\"https:\\\/\\\/www.iemj.org\\\/de\\\/\",\"name\":\"Institut Europ\u00e9en des Musiques Juives\",\"description\":\"Des traditions musicales \u00e0 la port\u00e9e de tous\",\"publisher\":{\"@id\":\"https:\\\/\\\/www.iemj.org\\\/de\\\/#organization\"},\"potentialAction\":[{\"@type\":\"SearchAction\",\"target\":{\"@type\":\"EntryPoint\",\"urlTemplate\":\"https:\\\/\\\/www.iemj.org\\\/de\\\/?s={search_term_string}\"},\"query-input\":{\"@type\":\"PropertyValueSpecification\",\"valueRequired\":true,\"valueName\":\"search_term_string\"}}],\"inLanguage\":\"de\"},{\"@type\":\"Organization\",\"@id\":\"https:\\\/\\\/www.iemj.org\\\/de\\\/#organization\",\"name\":\"Institut Europ\u00e9en des Musiques Juives\",\"url\":\"https:\\\/\\\/www.iemj.org\\\/de\\\/\",\"logo\":{\"@type\":\"ImageObject\",\"inLanguage\":\"de\",\"@id\":\"https:\\\/\\\/www.iemj.org\\\/de\\\/#\\\/schema\\\/logo\\\/image\\\/\",\"url\":\"https:\\\/\\\/www.iemj.org\\\/wp-content\\\/uploads\\\/2021\\\/09\\\/Logo-IEMJ-Paypal.jpg\",\"contentUrl\":\"https:\\\/\\\/www.iemj.org\\\/wp-content\\\/uploads\\\/2021\\\/09\\\/Logo-IEMJ-Paypal.jpg\",\"width\":150,\"height\":50,\"caption\":\"Institut Europ\u00e9en des Musiques Juives\"},\"image\":{\"@id\":\"https:\\\/\\\/www.iemj.org\\\/de\\\/#\\\/schema\\\/logo\\\/image\\\/\"},\"sameAs\":[\"https:\\\/\\\/www.facebook.com\\\/MusiquesJuives\\\/\",\"https:\\\/\\\/www.instagram.com\\\/musiquesjuives\\\/\",\"https:\\\/\\\/www.youtube.com\\\/user\\\/musiquesjuives\"]},{\"@type\":\"Person\",\"@id\":\"https:\\\/\\\/www.iemj.org\\\/de\\\/#\\\/schema\\\/person\\\/906134402c29d5c76e7b726261dd4bbd\",\"name\":\"Herv\u00e9 Roten\",\"image\":{\"@type\":\"ImageObject\",\"inLanguage\":\"de\",\"@id\":\"https:\\\/\\\/secure.gravatar.com\\\/avatar\\\/f96ad2db538a26481f18384936b5cd0610c92d390c4dc382209216d455f685ff?s=96&d=mm&r=g\",\"url\":\"https:\\\/\\\/secure.gravatar.com\\\/avatar\\\/f96ad2db538a26481f18384936b5cd0610c92d390c4dc382209216d455f685ff?s=96&d=mm&r=g\",\"contentUrl\":\"https:\\\/\\\/secure.gravatar.com\\\/avatar\\\/f96ad2db538a26481f18384936b5cd0610c92d390c4dc382209216d455f685ff?s=96&d=mm&r=g\",\"caption\":\"Herv\u00e9 Roten\"}}]}<\/script>\n<!-- \/ Yoast SEO plugin. -->","yoast_head_json":{"title":"Alexandre Tansman - Regards en arri\u00e8re - Institut Europ\u00e9en des Musiques Juives","robots":{"index":"index","follow":"follow","max-snippet":"max-snippet:-1","max-image-preview":"max-image-preview:large","max-video-preview":"max-video-preview:-1"},"canonical":"https:\/\/www.iemj.org\/de\/alexandre-tansman-regards-en-arriere\/","og_locale":"de_DE","og_type":"article","og_title":"Alexandre Tansman - Regards en arri\u00e8re - Institut Europ\u00e9en des Musiques Juives","og_description":"Ver\u00f6ffentlichung der Editions Aedam Musicae, Januar 2013, von C\u00e9dric Segond Genovesi, unter Mitarbeit von Marianne Tansman Martinozzi &amp; Mireille Tansman Zanuttini.","og_url":"https:\/\/www.iemj.org\/de\/alexandre-tansman-regards-en-arriere\/","og_site_name":"Institut Europ\u00e9en des Musiques Juives","article_publisher":"https:\/\/www.facebook.com\/MusiquesJuives\/","article_published_time":"2013-03-03T18:54:29+00:00","article_modified_time":"2023-06-14T10:56:30+00:00","og_image":[{"width":240,"height":320,"url":"https:\/\/www.iemj.org\/wp-content\/uploads\/2013\/03\/arton666.jpg","type":"image\/jpeg"}],"author":"Herv\u00e9 Roten","twitter_card":"summary_large_image","twitter_misc":{"Verfasst von":"Herv\u00e9 Roten","Gesch\u00e4tzte Lesezeit":"3\u00a0Minuten"},"schema":{"@context":"https:\/\/schema.org","@graph":[{"@type":"Article","@id":"https:\/\/www.iemj.org\/de\/alexandre-tansman-regards-en-arriere\/#article","isPartOf":{"@id":"https:\/\/www.iemj.org\/de\/alexandre-tansman-regards-en-arriere\/"},"author":{"name":"Herv\u00e9 Roten","@id":"https:\/\/www.iemj.org\/de\/#\/schema\/person\/906134402c29d5c76e7b726261dd4bbd"},"headline":"Alexandre Tansman &#8211; Regards en arri\u00e8re","datePublished":"2013-03-03T18:54:29+00:00","dateModified":"2023-06-14T10:56:30+00:00","mainEntityOfPage":{"@id":"https:\/\/www.iemj.org\/de\/alexandre-tansman-regards-en-arriere\/"},"wordCount":432,"publisher":{"@id":"https:\/\/www.iemj.org\/de\/#organization"},"image":{"@id":"https:\/\/www.iemj.org\/de\/alexandre-tansman-regards-en-arriere\/#primaryimage"},"thumbnailUrl":"https:\/\/www.iemj.org\/wp-content\/uploads\/2013\/03\/arton666.jpg","articleSection":["B\u00fccher, Artikel","Letzte Neuerwerbungen"],"inLanguage":"de"},{"@type":"WebPage","@id":"https:\/\/www.iemj.org\/de\/alexandre-tansman-regards-en-arriere\/","url":"https:\/\/www.iemj.org\/de\/alexandre-tansman-regards-en-arriere\/","name":"Alexandre Tansman - Regards en arri\u00e8re - Institut Europ\u00e9en des Musiques Juives","isPartOf":{"@id":"https:\/\/www.iemj.org\/de\/#website"},"primaryImageOfPage":{"@id":"https:\/\/www.iemj.org\/de\/alexandre-tansman-regards-en-arriere\/#primaryimage"},"image":{"@id":"https:\/\/www.iemj.org\/de\/alexandre-tansman-regards-en-arriere\/#primaryimage"},"thumbnailUrl":"https:\/\/www.iemj.org\/wp-content\/uploads\/2013\/03\/arton666.jpg","datePublished":"2013-03-03T18:54:29+00:00","dateModified":"2023-06-14T10:56:30+00:00","breadcrumb":{"@id":"https:\/\/www.iemj.org\/de\/alexandre-tansman-regards-en-arriere\/#breadcrumb"},"inLanguage":"de","potentialAction":[{"@type":"ReadAction","target":["https:\/\/www.iemj.org\/de\/alexandre-tansman-regards-en-arriere\/"]}]},{"@type":"ImageObject","inLanguage":"de","@id":"https:\/\/www.iemj.org\/de\/alexandre-tansman-regards-en-arriere\/#primaryimage","url":"https:\/\/www.iemj.org\/wp-content\/uploads\/2013\/03\/arton666.jpg","contentUrl":"https:\/\/www.iemj.org\/wp-content\/uploads\/2013\/03\/arton666.jpg","width":240,"height":320},{"@type":"BreadcrumbList","@id":"https:\/\/www.iemj.org\/de\/alexandre-tansman-regards-en-arriere\/#breadcrumb","itemListElement":[{"@type":"ListItem","position":1,"name":"Accueil","item":"https:\/\/www.iemj.org\/de\/"},{"@type":"ListItem","position":2,"name":"Alexandre Tansman &#8211; Regards en arri\u00e8re"}]},{"@type":"WebSite","@id":"https:\/\/www.iemj.org\/de\/#website","url":"https:\/\/www.iemj.org\/de\/","name":"Institut Europ\u00e9en des Musiques Juives","description":"Des traditions musicales \u00e0 la port\u00e9e de tous","publisher":{"@id":"https:\/\/www.iemj.org\/de\/#organization"},"potentialAction":[{"@type":"SearchAction","target":{"@type":"EntryPoint","urlTemplate":"https:\/\/www.iemj.org\/de\/?s={search_term_string}"},"query-input":{"@type":"PropertyValueSpecification","valueRequired":true,"valueName":"search_term_string"}}],"inLanguage":"de"},{"@type":"Organization","@id":"https:\/\/www.iemj.org\/de\/#organization","name":"Institut Europ\u00e9en des Musiques Juives","url":"https:\/\/www.iemj.org\/de\/","logo":{"@type":"ImageObject","inLanguage":"de","@id":"https:\/\/www.iemj.org\/de\/#\/schema\/logo\/image\/","url":"https:\/\/www.iemj.org\/wp-content\/uploads\/2021\/09\/Logo-IEMJ-Paypal.jpg","contentUrl":"https:\/\/www.iemj.org\/wp-content\/uploads\/2021\/09\/Logo-IEMJ-Paypal.jpg","width":150,"height":50,"caption":"Institut Europ\u00e9en des Musiques Juives"},"image":{"@id":"https:\/\/www.iemj.org\/de\/#\/schema\/logo\/image\/"},"sameAs":["https:\/\/www.facebook.com\/MusiquesJuives\/","https:\/\/www.instagram.com\/musiquesjuives\/","https:\/\/www.youtube.com\/user\/musiquesjuives"]},{"@type":"Person","@id":"https:\/\/www.iemj.org\/de\/#\/schema\/person\/906134402c29d5c76e7b726261dd4bbd","name":"Herv\u00e9 Roten","image":{"@type":"ImageObject","inLanguage":"de","@id":"https:\/\/secure.gravatar.com\/avatar\/f96ad2db538a26481f18384936b5cd0610c92d390c4dc382209216d455f685ff?s=96&d=mm&r=g","url":"https:\/\/secure.gravatar.com\/avatar\/f96ad2db538a26481f18384936b5cd0610c92d390c4dc382209216d455f685ff?s=96&d=mm&r=g","contentUrl":"https:\/\/secure.gravatar.com\/avatar\/f96ad2db538a26481f18384936b5cd0610c92d390c4dc382209216d455f685ff?s=96&d=mm&r=g","caption":"Herv\u00e9 Roten"}}]}},"_links":{"self":[{"href":"https:\/\/www.iemj.org\/de\/wp-json\/wp\/v2\/posts\/98150","targetHints":{"allow":["GET"]}}],"collection":[{"href":"https:\/\/www.iemj.org\/de\/wp-json\/wp\/v2\/posts"}],"about":[{"href":"https:\/\/www.iemj.org\/de\/wp-json\/wp\/v2\/types\/post"}],"author":[{"embeddable":true,"href":"https:\/\/www.iemj.org\/de\/wp-json\/wp\/v2\/users\/1045"}],"replies":[{"embeddable":true,"href":"https:\/\/www.iemj.org\/de\/wp-json\/wp\/v2\/comments?post=98150"}],"version-history":[{"count":0,"href":"https:\/\/www.iemj.org\/de\/wp-json\/wp\/v2\/posts\/98150\/revisions"}],"wp:featuredmedia":[{"embeddable":true,"href":"https:\/\/www.iemj.org\/de\/wp-json\/wp\/v2\/media\/98151"}],"wp:attachment":[{"href":"https:\/\/www.iemj.org\/de\/wp-json\/wp\/v2\/media?parent=98150"}],"wp:term":[{"taxonomy":"category","embeddable":true,"href":"https:\/\/www.iemj.org\/de\/wp-json\/wp\/v2\/categories?post=98150"},{"taxonomy":"post_tag","embeddable":true,"href":"https:\/\/www.iemj.org\/de\/wp-json\/wp\/v2\/tags?post=98150"},{"taxonomy":"technique","embeddable":true,"href":"https:\/\/www.iemj.org\/de\/wp-json\/wp\/v2\/technique?post=98150"},{"taxonomy":"squelettes","embeddable":true,"href":"https:\/\/www.iemj.org\/de\/wp-json\/wp\/v2\/squelettes?post=98150"},{"taxonomy":"sujet","embeddable":true,"href":"https:\/\/www.iemj.org\/de\/wp-json\/wp\/v2\/sujet?post=98150"},{"taxonomy":"formation","embeddable":true,"href":"https:\/\/www.iemj.org\/de\/wp-json\/wp\/v2\/formation?post=98150"},{"taxonomy":"genre","embeddable":true,"href":"https:\/\/www.iemj.org\/de\/wp-json\/wp\/v2\/genre?post=98150"},{"taxonomy":"fonds","embeddable":true,"href":"https:\/\/www.iemj.org\/de\/wp-json\/wp\/v2\/fonds?post=98150"},{"taxonomy":"tradition","embeddable":true,"href":"https:\/\/www.iemj.org\/de\/wp-json\/wp\/v2\/tradition?post=98150"},{"taxonomy":"type-de-contenu","embeddable":true,"href":"https:\/\/www.iemj.org\/de\/wp-json\/wp\/v2\/type-de-contenu?post=98150"},{"taxonomy":"interprete-compositeur","embeddable":true,"href":"https:\/\/www.iemj.org\/de\/wp-json\/wp\/v2\/interprete-compositeur?post=98150"},{"taxonomy":"frise","embeddable":true,"href":"https:\/\/www.iemj.org\/de\/wp-json\/wp\/v2\/frise?post=98150"},{"taxonomy":"type-devenement","embeddable":true,"href":"https:\/\/www.iemj.org\/de\/wp-json\/wp\/v2\/type-devenement?post=98150"},{"taxonomy":"tableaux-liens-externes","embeddable":true,"href":"https:\/\/www.iemj.org\/de\/wp-json\/wp\/v2\/tableaux-liens-externes?post=98150"}],"curies":[{"name":"wp","href":"https:\/\/api.w.org\/{rel}","templated":true}]}}