{"id":98159,"date":"2012-02-11T11:11:23","date_gmt":"2012-02-11T10:11:23","guid":{"rendered":"https:\/\/www.iemj.org\/cheikh-raymond-une-histoire-algerienne\/"},"modified":"2023-06-14T13:22:20","modified_gmt":"2023-06-14T11:22:20","slug":"cheikh-raymond-une-histoire-algerienne","status":"publish","type":"post","link":"https:\/\/www.iemj.org\/de\/cheikh-raymond-une-histoire-algerienne\/","title":{"rendered":"Cheikh Raymond &#8211; Une histoire alg\u00e9rienne"},"content":{"rendered":"<p class=\"post_excerpt\">First Editions, Paris, France, 2011, 293 S.<\/p>\n<p>Raymond Leyris, alias <a href=\"https:\/\/www.iemj.org\/de\/cheikh-raymond-1912-1961\/\">Cheikh Raymond<\/a>, trug einen franz\u00f6sischen Namen, war Jude und sang auf Arabisch. Er wurde 1912 in Constantine geboren und war der unbestrittene Meister der arabisch-andalusischen Musik. In dieser Musikrichtung, die bis in die fernen Jahrhunderte der arabischen Pracht Andalusiens zur\u00fcckreicht, erreichte er un\u00fcbertroffene H\u00f6hen der Gelehrsamkeit und sch\u00f6pferischen Kraft.<\/p>\n<p>Am 22. Juni 1961 wurde Scheich Raymond auf einem Markt in seiner Heimatstadt durch einen Schuss in den Hinterkopf get\u00f6tet. Seine Ermordung l\u00f6ste die Abwanderung der Juden aus Constantine aus. Nach seiner Ankunft in Frankreich machte sein Sch\u00fcler Gaston Ghrenassia, der in seinem Orchester Gitarre spielte, unter dem Namen Enrico Macias Karriere als Chansonnier.<\/p>\n<p>Anhand seiner Kindheit als Waise, seines Lebens als frommer Jude und arabischer Gelehrter ist dieses Buch ein Eintauchen in die verlorene Welt des algerischen Judentums. Zwischen sanfter Lebensweise, k\u00fcnstlerischer Strenge, religi\u00f6sem Eifer und politischer Gewalt erz\u00e4hlt er uns nicht nur die Geschichte eines Landes, das es nicht mehr gibt, sondern auch die eines Landes, das h\u00e4tte sein k\u00f6nnen&#8230;<\/p>\n<p>Erg\u00e4nzend zu diesem Buch hat Universal im November 2011 eine Anthologie mit Cheikh Raymonds St\u00fccken aus den Jahren 1937 bis 1961 herausgebracht.<\/p>\n<p><a href=\"https:\/\/www.iemj.org\/wp-content\/uploads\/2012\/02\/bertrand_dicale_cheikh_raymond.pdf\" target=\"_blank\" rel=\"noopener\">Cheikh Raymond (Cover und hinterer Umschlag).<\/a><\/p>\n<p><a href=\"https:\/\/www.decitre.fr\/livres\/cheikh-raymond-9782754022330.html\" target=\"_blank\" rel=\"noopener\">Das Buch bestellen<\/a><\/p>\n<p><a href=\"https:\/\/www.iemj.org\/de\/cheikh-raymond-1912-1961\/\" target=\"_blank\" rel=\"noopener\">Biografie von Cheikh Raymond ansehen<\/a><\/p>\n","protected":false},"excerpt":{"rendered":"<p>First Editions, Paris, France, 2011, 293 S. Raymond Leyris, alias Cheikh Raymond, trug einen franz\u00f6sischen Namen, war Jude und sang auf Arabisch. Er wurde 1912 in Constantine geboren und war<\/p>\n","protected":false},"author":1045,"featured_media":98160,"comment_status":"closed","ping_status":"open","sticky":false,"template":"","format":"standard","meta":{"_acf_changed":false,"footnotes":""},"categories":[1578,1561],"tags":[],"technique":[],"squelettes":[],"sujet":[],"formation":[],"genre":[],"fonds":[],"tradition":[],"type-de-contenu":[],"interprete-compositeur":[3118],"frise":[],"type-devenement":[],"tableaux-liens-externes":[],"class_list":["post-98159","post","type-post","status-publish","format-standard","has-post-thumbnail","hentry","category-bucher-artikel-de","category-letzte-neuerwerbungen-de","interprete-compositeur-cheikh-raymond-de"],"acf":[],"yoast_head":"<!-- This site is optimized with the Yoast SEO plugin v27.3 - https:\/\/yoast.com\/product\/yoast-seo-wordpress\/ -->\n<title>Cheikh Raymond - Une histoire alg\u00e9rienne - Institut Europ\u00e9en des Musiques Juives<\/title>\n<meta name=\"robots\" content=\"index, follow, max-snippet:-1, max-image-preview:large, max-video-preview:-1\" \/>\n<link rel=\"canonical\" href=\"https:\/\/www.iemj.org\/de\/cheikh-raymond-une-histoire-algerienne\/\" \/>\n<meta property=\"og:locale\" content=\"de_DE\" \/>\n<meta property=\"og:type\" content=\"article\" \/>\n<meta property=\"og:title\" content=\"Cheikh Raymond - Une histoire alg\u00e9rienne - Institut Europ\u00e9en des Musiques Juives\" \/>\n<meta property=\"og:description\" content=\"First Editions, Paris, France, 2011, 293 S. Raymond Leyris, alias Cheikh Raymond, trug einen franz\u00f6sischen Namen, war Jude und sang auf Arabisch. Er wurde 1912 in Constantine geboren und war\" \/>\n<meta property=\"og:url\" content=\"https:\/\/www.iemj.org\/de\/cheikh-raymond-une-histoire-algerienne\/\" \/>\n<meta property=\"og:site_name\" content=\"Institut Europ\u00e9en des Musiques Juives\" \/>\n<meta property=\"article:publisher\" content=\"https:\/\/www.facebook.com\/MusiquesJuives\/\" \/>\n<meta property=\"article:published_time\" content=\"2012-02-11T10:11:23+00:00\" \/>\n<meta property=\"article:modified_time\" content=\"2023-06-14T11:22:20+00:00\" \/>\n<meta property=\"og:image\" content=\"https:\/\/www.iemj.org\/wp-content\/uploads\/2012\/02\/arton419-scaled-e1619718850565.jpg\" \/>\n\t<meta property=\"og:image:width\" content=\"350\" \/>\n\t<meta property=\"og:image:height\" content=\"527\" \/>\n\t<meta property=\"og:image:type\" content=\"image\/jpeg\" \/>\n<meta name=\"author\" content=\"Herv\u00e9 Roten\" \/>\n<meta name=\"twitter:card\" content=\"summary_large_image\" \/>\n<meta name=\"twitter:label1\" content=\"Verfasst von\" \/>\n\t<meta name=\"twitter:data1\" content=\"Herv\u00e9 Roten\" \/>\n\t<meta name=\"twitter:label2\" content=\"Gesch\u00e4tzte Lesezeit\" \/>\n\t<meta name=\"twitter:data2\" content=\"2\u00a0Minuten\" \/>\n<script type=\"application\/ld+json\" class=\"yoast-schema-graph\">{\"@context\":\"https:\\\/\\\/schema.org\",\"@graph\":[{\"@type\":\"Article\",\"@id\":\"https:\\\/\\\/www.iemj.org\\\/de\\\/cheikh-raymond-une-histoire-algerienne\\\/#article\",\"isPartOf\":{\"@id\":\"https:\\\/\\\/www.iemj.org\\\/de\\\/cheikh-raymond-une-histoire-algerienne\\\/\"},\"author\":{\"name\":\"Herv\u00e9 Roten\",\"@id\":\"https:\\\/\\\/www.iemj.org\\\/de\\\/#\\\/schema\\\/person\\\/906134402c29d5c76e7b726261dd4bbd\"},\"headline\":\"Cheikh Raymond &#8211; Une histoire alg\u00e9rienne\",\"datePublished\":\"2012-02-11T10:11:23+00:00\",\"dateModified\":\"2023-06-14T11:22:20+00:00\",\"mainEntityOfPage\":{\"@id\":\"https:\\\/\\\/www.iemj.org\\\/de\\\/cheikh-raymond-une-histoire-algerienne\\\/\"},\"wordCount\":221,\"publisher\":{\"@id\":\"https:\\\/\\\/www.iemj.org\\\/de\\\/#organization\"},\"image\":{\"@id\":\"https:\\\/\\\/www.iemj.org\\\/de\\\/cheikh-raymond-une-histoire-algerienne\\\/#primaryimage\"},\"thumbnailUrl\":\"https:\\\/\\\/www.iemj.org\\\/wp-content\\\/uploads\\\/2012\\\/02\\\/arton419-scaled-e1619718850565.jpg\",\"articleSection\":[\"B\u00fccher, Artikel\",\"Letzte Neuerwerbungen\"],\"inLanguage\":\"de\"},{\"@type\":\"WebPage\",\"@id\":\"https:\\\/\\\/www.iemj.org\\\/de\\\/cheikh-raymond-une-histoire-algerienne\\\/\",\"url\":\"https:\\\/\\\/www.iemj.org\\\/de\\\/cheikh-raymond-une-histoire-algerienne\\\/\",\"name\":\"Cheikh Raymond - Une histoire alg\u00e9rienne - Institut Europ\u00e9en des Musiques Juives\",\"isPartOf\":{\"@id\":\"https:\\\/\\\/www.iemj.org\\\/de\\\/#website\"},\"primaryImageOfPage\":{\"@id\":\"https:\\\/\\\/www.iemj.org\\\/de\\\/cheikh-raymond-une-histoire-algerienne\\\/#primaryimage\"},\"image\":{\"@id\":\"https:\\\/\\\/www.iemj.org\\\/de\\\/cheikh-raymond-une-histoire-algerienne\\\/#primaryimage\"},\"thumbnailUrl\":\"https:\\\/\\\/www.iemj.org\\\/wp-content\\\/uploads\\\/2012\\\/02\\\/arton419-scaled-e1619718850565.jpg\",\"datePublished\":\"2012-02-11T10:11:23+00:00\",\"dateModified\":\"2023-06-14T11:22:20+00:00\",\"breadcrumb\":{\"@id\":\"https:\\\/\\\/www.iemj.org\\\/de\\\/cheikh-raymond-une-histoire-algerienne\\\/#breadcrumb\"},\"inLanguage\":\"de\",\"potentialAction\":[{\"@type\":\"ReadAction\",\"target\":[\"https:\\\/\\\/www.iemj.org\\\/de\\\/cheikh-raymond-une-histoire-algerienne\\\/\"]}]},{\"@type\":\"ImageObject\",\"inLanguage\":\"de\",\"@id\":\"https:\\\/\\\/www.iemj.org\\\/de\\\/cheikh-raymond-une-histoire-algerienne\\\/#primaryimage\",\"url\":\"https:\\\/\\\/www.iemj.org\\\/wp-content\\\/uploads\\\/2012\\\/02\\\/arton419-scaled-e1619718850565.jpg\",\"contentUrl\":\"https:\\\/\\\/www.iemj.org\\\/wp-content\\\/uploads\\\/2012\\\/02\\\/arton419-scaled-e1619718850565.jpg\",\"width\":350,\"height\":527},{\"@type\":\"BreadcrumbList\",\"@id\":\"https:\\\/\\\/www.iemj.org\\\/de\\\/cheikh-raymond-une-histoire-algerienne\\\/#breadcrumb\",\"itemListElement\":[{\"@type\":\"ListItem\",\"position\":1,\"name\":\"Accueil\",\"item\":\"https:\\\/\\\/www.iemj.org\\\/de\\\/\"},{\"@type\":\"ListItem\",\"position\":2,\"name\":\"Cheikh Raymond &#8211; Une histoire alg\u00e9rienne\"}]},{\"@type\":\"WebSite\",\"@id\":\"https:\\\/\\\/www.iemj.org\\\/de\\\/#website\",\"url\":\"https:\\\/\\\/www.iemj.org\\\/de\\\/\",\"name\":\"Institut Europ\u00e9en des Musiques Juives\",\"description\":\"Des traditions musicales \u00e0 la port\u00e9e de tous\",\"publisher\":{\"@id\":\"https:\\\/\\\/www.iemj.org\\\/de\\\/#organization\"},\"potentialAction\":[{\"@type\":\"SearchAction\",\"target\":{\"@type\":\"EntryPoint\",\"urlTemplate\":\"https:\\\/\\\/www.iemj.org\\\/de\\\/?s={search_term_string}\"},\"query-input\":{\"@type\":\"PropertyValueSpecification\",\"valueRequired\":true,\"valueName\":\"search_term_string\"}}],\"inLanguage\":\"de\"},{\"@type\":\"Organization\",\"@id\":\"https:\\\/\\\/www.iemj.org\\\/de\\\/#organization\",\"name\":\"Institut Europ\u00e9en des Musiques Juives\",\"url\":\"https:\\\/\\\/www.iemj.org\\\/de\\\/\",\"logo\":{\"@type\":\"ImageObject\",\"inLanguage\":\"de\",\"@id\":\"https:\\\/\\\/www.iemj.org\\\/de\\\/#\\\/schema\\\/logo\\\/image\\\/\",\"url\":\"https:\\\/\\\/www.iemj.org\\\/wp-content\\\/uploads\\\/2021\\\/09\\\/Logo-IEMJ-Paypal.jpg\",\"contentUrl\":\"https:\\\/\\\/www.iemj.org\\\/wp-content\\\/uploads\\\/2021\\\/09\\\/Logo-IEMJ-Paypal.jpg\",\"width\":150,\"height\":50,\"caption\":\"Institut Europ\u00e9en des Musiques Juives\"},\"image\":{\"@id\":\"https:\\\/\\\/www.iemj.org\\\/de\\\/#\\\/schema\\\/logo\\\/image\\\/\"},\"sameAs\":[\"https:\\\/\\\/www.facebook.com\\\/MusiquesJuives\\\/\",\"https:\\\/\\\/www.instagram.com\\\/musiquesjuives\\\/\",\"https:\\\/\\\/www.youtube.com\\\/user\\\/musiquesjuives\"]},{\"@type\":\"Person\",\"@id\":\"https:\\\/\\\/www.iemj.org\\\/de\\\/#\\\/schema\\\/person\\\/906134402c29d5c76e7b726261dd4bbd\",\"name\":\"Herv\u00e9 Roten\",\"image\":{\"@type\":\"ImageObject\",\"inLanguage\":\"de\",\"@id\":\"https:\\\/\\\/secure.gravatar.com\\\/avatar\\\/f96ad2db538a26481f18384936b5cd0610c92d390c4dc382209216d455f685ff?s=96&d=mm&r=g\",\"url\":\"https:\\\/\\\/secure.gravatar.com\\\/avatar\\\/f96ad2db538a26481f18384936b5cd0610c92d390c4dc382209216d455f685ff?s=96&d=mm&r=g\",\"contentUrl\":\"https:\\\/\\\/secure.gravatar.com\\\/avatar\\\/f96ad2db538a26481f18384936b5cd0610c92d390c4dc382209216d455f685ff?s=96&d=mm&r=g\",\"caption\":\"Herv\u00e9 Roten\"}}]}<\/script>\n<!-- \/ Yoast SEO plugin. -->","yoast_head_json":{"title":"Cheikh Raymond - Une histoire alg\u00e9rienne - Institut Europ\u00e9en des Musiques Juives","robots":{"index":"index","follow":"follow","max-snippet":"max-snippet:-1","max-image-preview":"max-image-preview:large","max-video-preview":"max-video-preview:-1"},"canonical":"https:\/\/www.iemj.org\/de\/cheikh-raymond-une-histoire-algerienne\/","og_locale":"de_DE","og_type":"article","og_title":"Cheikh Raymond - Une histoire alg\u00e9rienne - Institut Europ\u00e9en des Musiques Juives","og_description":"First Editions, Paris, France, 2011, 293 S. Raymond Leyris, alias Cheikh Raymond, trug einen franz\u00f6sischen Namen, war Jude und sang auf Arabisch. Er wurde 1912 in Constantine geboren und war","og_url":"https:\/\/www.iemj.org\/de\/cheikh-raymond-une-histoire-algerienne\/","og_site_name":"Institut Europ\u00e9en des Musiques Juives","article_publisher":"https:\/\/www.facebook.com\/MusiquesJuives\/","article_published_time":"2012-02-11T10:11:23+00:00","article_modified_time":"2023-06-14T11:22:20+00:00","og_image":[{"width":350,"height":527,"url":"https:\/\/www.iemj.org\/wp-content\/uploads\/2012\/02\/arton419-scaled-e1619718850565.jpg","type":"image\/jpeg"}],"author":"Herv\u00e9 Roten","twitter_card":"summary_large_image","twitter_misc":{"Verfasst von":"Herv\u00e9 Roten","Gesch\u00e4tzte Lesezeit":"2\u00a0Minuten"},"schema":{"@context":"https:\/\/schema.org","@graph":[{"@type":"Article","@id":"https:\/\/www.iemj.org\/de\/cheikh-raymond-une-histoire-algerienne\/#article","isPartOf":{"@id":"https:\/\/www.iemj.org\/de\/cheikh-raymond-une-histoire-algerienne\/"},"author":{"name":"Herv\u00e9 Roten","@id":"https:\/\/www.iemj.org\/de\/#\/schema\/person\/906134402c29d5c76e7b726261dd4bbd"},"headline":"Cheikh Raymond &#8211; Une histoire alg\u00e9rienne","datePublished":"2012-02-11T10:11:23+00:00","dateModified":"2023-06-14T11:22:20+00:00","mainEntityOfPage":{"@id":"https:\/\/www.iemj.org\/de\/cheikh-raymond-une-histoire-algerienne\/"},"wordCount":221,"publisher":{"@id":"https:\/\/www.iemj.org\/de\/#organization"},"image":{"@id":"https:\/\/www.iemj.org\/de\/cheikh-raymond-une-histoire-algerienne\/#primaryimage"},"thumbnailUrl":"https:\/\/www.iemj.org\/wp-content\/uploads\/2012\/02\/arton419-scaled-e1619718850565.jpg","articleSection":["B\u00fccher, Artikel","Letzte Neuerwerbungen"],"inLanguage":"de"},{"@type":"WebPage","@id":"https:\/\/www.iemj.org\/de\/cheikh-raymond-une-histoire-algerienne\/","url":"https:\/\/www.iemj.org\/de\/cheikh-raymond-une-histoire-algerienne\/","name":"Cheikh Raymond - Une histoire alg\u00e9rienne - Institut Europ\u00e9en des Musiques Juives","isPartOf":{"@id":"https:\/\/www.iemj.org\/de\/#website"},"primaryImageOfPage":{"@id":"https:\/\/www.iemj.org\/de\/cheikh-raymond-une-histoire-algerienne\/#primaryimage"},"image":{"@id":"https:\/\/www.iemj.org\/de\/cheikh-raymond-une-histoire-algerienne\/#primaryimage"},"thumbnailUrl":"https:\/\/www.iemj.org\/wp-content\/uploads\/2012\/02\/arton419-scaled-e1619718850565.jpg","datePublished":"2012-02-11T10:11:23+00:00","dateModified":"2023-06-14T11:22:20+00:00","breadcrumb":{"@id":"https:\/\/www.iemj.org\/de\/cheikh-raymond-une-histoire-algerienne\/#breadcrumb"},"inLanguage":"de","potentialAction":[{"@type":"ReadAction","target":["https:\/\/www.iemj.org\/de\/cheikh-raymond-une-histoire-algerienne\/"]}]},{"@type":"ImageObject","inLanguage":"de","@id":"https:\/\/www.iemj.org\/de\/cheikh-raymond-une-histoire-algerienne\/#primaryimage","url":"https:\/\/www.iemj.org\/wp-content\/uploads\/2012\/02\/arton419-scaled-e1619718850565.jpg","contentUrl":"https:\/\/www.iemj.org\/wp-content\/uploads\/2012\/02\/arton419-scaled-e1619718850565.jpg","width":350,"height":527},{"@type":"BreadcrumbList","@id":"https:\/\/www.iemj.org\/de\/cheikh-raymond-une-histoire-algerienne\/#breadcrumb","itemListElement":[{"@type":"ListItem","position":1,"name":"Accueil","item":"https:\/\/www.iemj.org\/de\/"},{"@type":"ListItem","position":2,"name":"Cheikh Raymond &#8211; Une histoire alg\u00e9rienne"}]},{"@type":"WebSite","@id":"https:\/\/www.iemj.org\/de\/#website","url":"https:\/\/www.iemj.org\/de\/","name":"Institut Europ\u00e9en des Musiques Juives","description":"Des traditions musicales \u00e0 la port\u00e9e de tous","publisher":{"@id":"https:\/\/www.iemj.org\/de\/#organization"},"potentialAction":[{"@type":"SearchAction","target":{"@type":"EntryPoint","urlTemplate":"https:\/\/www.iemj.org\/de\/?s={search_term_string}"},"query-input":{"@type":"PropertyValueSpecification","valueRequired":true,"valueName":"search_term_string"}}],"inLanguage":"de"},{"@type":"Organization","@id":"https:\/\/www.iemj.org\/de\/#organization","name":"Institut Europ\u00e9en des Musiques Juives","url":"https:\/\/www.iemj.org\/de\/","logo":{"@type":"ImageObject","inLanguage":"de","@id":"https:\/\/www.iemj.org\/de\/#\/schema\/logo\/image\/","url":"https:\/\/www.iemj.org\/wp-content\/uploads\/2021\/09\/Logo-IEMJ-Paypal.jpg","contentUrl":"https:\/\/www.iemj.org\/wp-content\/uploads\/2021\/09\/Logo-IEMJ-Paypal.jpg","width":150,"height":50,"caption":"Institut Europ\u00e9en des Musiques Juives"},"image":{"@id":"https:\/\/www.iemj.org\/de\/#\/schema\/logo\/image\/"},"sameAs":["https:\/\/www.facebook.com\/MusiquesJuives\/","https:\/\/www.instagram.com\/musiquesjuives\/","https:\/\/www.youtube.com\/user\/musiquesjuives"]},{"@type":"Person","@id":"https:\/\/www.iemj.org\/de\/#\/schema\/person\/906134402c29d5c76e7b726261dd4bbd","name":"Herv\u00e9 Roten","image":{"@type":"ImageObject","inLanguage":"de","@id":"https:\/\/secure.gravatar.com\/avatar\/f96ad2db538a26481f18384936b5cd0610c92d390c4dc382209216d455f685ff?s=96&d=mm&r=g","url":"https:\/\/secure.gravatar.com\/avatar\/f96ad2db538a26481f18384936b5cd0610c92d390c4dc382209216d455f685ff?s=96&d=mm&r=g","contentUrl":"https:\/\/secure.gravatar.com\/avatar\/f96ad2db538a26481f18384936b5cd0610c92d390c4dc382209216d455f685ff?s=96&d=mm&r=g","caption":"Herv\u00e9 Roten"}}]}},"_links":{"self":[{"href":"https:\/\/www.iemj.org\/de\/wp-json\/wp\/v2\/posts\/98159","targetHints":{"allow":["GET"]}}],"collection":[{"href":"https:\/\/www.iemj.org\/de\/wp-json\/wp\/v2\/posts"}],"about":[{"href":"https:\/\/www.iemj.org\/de\/wp-json\/wp\/v2\/types\/post"}],"author":[{"embeddable":true,"href":"https:\/\/www.iemj.org\/de\/wp-json\/wp\/v2\/users\/1045"}],"replies":[{"embeddable":true,"href":"https:\/\/www.iemj.org\/de\/wp-json\/wp\/v2\/comments?post=98159"}],"version-history":[{"count":0,"href":"https:\/\/www.iemj.org\/de\/wp-json\/wp\/v2\/posts\/98159\/revisions"}],"wp:featuredmedia":[{"embeddable":true,"href":"https:\/\/www.iemj.org\/de\/wp-json\/wp\/v2\/media\/98160"}],"wp:attachment":[{"href":"https:\/\/www.iemj.org\/de\/wp-json\/wp\/v2\/media?parent=98159"}],"wp:term":[{"taxonomy":"category","embeddable":true,"href":"https:\/\/www.iemj.org\/de\/wp-json\/wp\/v2\/categories?post=98159"},{"taxonomy":"post_tag","embeddable":true,"href":"https:\/\/www.iemj.org\/de\/wp-json\/wp\/v2\/tags?post=98159"},{"taxonomy":"technique","embeddable":true,"href":"https:\/\/www.iemj.org\/de\/wp-json\/wp\/v2\/technique?post=98159"},{"taxonomy":"squelettes","embeddable":true,"href":"https:\/\/www.iemj.org\/de\/wp-json\/wp\/v2\/squelettes?post=98159"},{"taxonomy":"sujet","embeddable":true,"href":"https:\/\/www.iemj.org\/de\/wp-json\/wp\/v2\/sujet?post=98159"},{"taxonomy":"formation","embeddable":true,"href":"https:\/\/www.iemj.org\/de\/wp-json\/wp\/v2\/formation?post=98159"},{"taxonomy":"genre","embeddable":true,"href":"https:\/\/www.iemj.org\/de\/wp-json\/wp\/v2\/genre?post=98159"},{"taxonomy":"fonds","embeddable":true,"href":"https:\/\/www.iemj.org\/de\/wp-json\/wp\/v2\/fonds?post=98159"},{"taxonomy":"tradition","embeddable":true,"href":"https:\/\/www.iemj.org\/de\/wp-json\/wp\/v2\/tradition?post=98159"},{"taxonomy":"type-de-contenu","embeddable":true,"href":"https:\/\/www.iemj.org\/de\/wp-json\/wp\/v2\/type-de-contenu?post=98159"},{"taxonomy":"interprete-compositeur","embeddable":true,"href":"https:\/\/www.iemj.org\/de\/wp-json\/wp\/v2\/interprete-compositeur?post=98159"},{"taxonomy":"frise","embeddable":true,"href":"https:\/\/www.iemj.org\/de\/wp-json\/wp\/v2\/frise?post=98159"},{"taxonomy":"type-devenement","embeddable":true,"href":"https:\/\/www.iemj.org\/de\/wp-json\/wp\/v2\/type-devenement?post=98159"},{"taxonomy":"tableaux-liens-externes","embeddable":true,"href":"https:\/\/www.iemj.org\/de\/wp-json\/wp\/v2\/tableaux-liens-externes?post=98159"}],"curies":[{"name":"wp","href":"https:\/\/api.w.org\/{rel}","templated":true}]}}