{"id":98169,"date":"2012-11-27T15:13:03","date_gmt":"2012-11-27T14:13:03","guid":{"rendered":"https:\/\/www.iemj.org\/les-juifs-diran-a-travers-leurs-musiciens\/"},"modified":"2023-06-14T14:51:33","modified_gmt":"2023-06-14T12:51:33","slug":"les-juifs-diran-a-travers-leurs-musiciens","status":"publish","type":"post","link":"https:\/\/www.iemj.org\/de\/les-juifs-diran-a-travers-leurs-musiciens\/","title":{"rendered":"Les Juifs d&#8217;Iran \u00e0 travers leurs musiciens"},"content":{"rendered":"<p class=\"post_excerpt\"><strong>Editions l&#8217;Harmattan, 2012, 370 p.<\/strong><\/p>\n<p><!--more--><\/p>\n<p>Im Iran hatten die Juden ein besonderes Schicksal, eine lange Geschichte, die in diesem Land seit mehr als 2 700 Jahren andauert. Sie haben schwierige Zeiten durchlebt und unter Verfolgungen gelitten. Es wird lange dauern, bis die Schwierigkeiten, mit denen die Juden konfrontiert waren, verschwinden. Erst durch die Unterst\u00fctzung von Verantwortlichen aus Europa und die Er\u00f6ffnung der Schulen der Alliance isra\u00e9lite universelle im Jahr 1898 lie\u00dfen die Verfolgungen langsam nach.<\/p>\n<p>Trotz allem werden die Juden Momente der Angst und Sorge erlebt haben, und ihr Schicksal h\u00e4tte sich mit dem Zweiten Weltkrieg und der Bedrohung durch den Nationalsozialismus \u00e4ndern k\u00f6nnen. Zum Gl\u00fcck f\u00fcr sie kam die deutsche Armee nicht in den Iran. Die Gr\u00fcndung des Staates Israel hatte in der arabischen Welt eine heftige feindselige Reaktion ausgel\u00f6st. Doch im Gegensatz dazu hatten der iranische Staat und der junge hebr\u00e4ische Staat nach seiner Ausrufung 1948 ein milit\u00e4risches und politisch-wirtschaftliches B\u00fcndnis besiegelt.<\/p>\n<p>Und ab den 1960er Jahren f\u00fchrten die von Mohammad Rez\u00e2 Sh\u00e2h aufgebauten Beziehungen zum Westen zu einer wirtschaftlichen Dynamik im Iran. Die Islamische Revolution von 1979 f\u00fchrte zu einem v\u00f6lligen Bruch mit der zuvor praktizierten Politik. Der islamische Iran bricht abrupt alle Kontakte mit dem &#8222;zionistischen Staat&#8220; ab und gesteht ihm keinerlei politische Legitimit\u00e4t zu. Das Wichtigste, was man sich dennoch merken sollte: Es scheint, dass sich die Juden im Iran in erster Linie als Iraner f\u00fchlen und ihre Verbundenheit mit der iranischen Kultur bekr\u00e4ftigen.<\/p>\n<p>Sie sind Iraner und der Iran ist ihre Heimat. Aber sie wissen, dass sie in einem muslimischen Land leben, dass sie seit 1906 von der iranischen Verfassung offiziell wie andere Minderheiten anerkannt werden, dass sie ihre Religion frei aus\u00fcben k\u00f6nnen, aber nicht gegen die ihnen auferlegten Regeln versto\u00dfen d\u00fcrfen. Sie sind Iraner und gehorchen den Gesetzen des Landes. All dies f\u00fchrt zu der Feststellung, dass im Iran die gr\u00f6\u00dfte j\u00fcdische Gemeinde des Nahen Ostens existiert.<\/p>\n<p>Die iranischen Juden liebten und spielten die gleiche Musik wie andere Iraner und mit dem gleichen Vergn\u00fcgen. Sie machten sich die Modi der persischen Musik in ihren religi\u00f6sen Liedern zu eigen. Schriftliche Dokumente \u00fcber die Geschichte der iranischen Juden sind nicht zahlreich. Man wei\u00df wenig \u00fcber ihre Gemeinschaft und ihre allt\u00e4glichen Lebensbedingungen. Diese Forschungsarbeit hat versucht, einige Hinweise auf diese unbekannte Welt zu geben.<\/p>\n<p><a href=\"https:\/\/www.editions-harmattan.fr\/index.asp?navig=auteurs&amp;obj=artiste&amp;no=12635\" target=\"_blank\" rel=\"noopener\">Alain Chaoulli<\/a> ist einer der f\u00fchrenden Experten f\u00fcr die j\u00fcdische Kultur in der iranischen Welt. Er besitzt ein Diplom der Ecole des Hautes Etudes en Sciences Sociales und einen Doktortitel der Universit\u00e9 de la Sorbonne nouvelle. Er ist Autor mehrerer Ver\u00f6ffentlichungen zur Geschichte der Juden im Iran, darunter <em>La Deuxi\u00e8me Guerre mondiale et la communaut\u00e9 juive en Iran face au nazisme<\/em>, <em>Les traditions musicales juives<\/em>, <em>Les tapis persans et les Juifs<\/em> et <em>Les musiciens juifs en Iran aux XIXe et XXe si\u00e8cles<\/em> (L&#8217;Harmattan).<\/p>\n<p><a href=\"https:\/\/www.iemj.org\/wp-content\/uploads\/2012\/11\/couverture-juifs_d_iran-.pdf\" target=\"_blank\" rel=\"noopener\">Cover und 4. Umschlagseite des Buches von Alain Chaoulli.<\/a><\/p>\n<p><a href=\"https:\/\/www.editions-harmattan.fr\/index.asp?navig=catalogue&amp;obj=livre&amp;no=37036\" target=\"_blank\" rel=\"noopener\">Das Buch bestellen<\/a><\/p>\n","protected":false},"excerpt":{"rendered":"<p>Editions l&#8217;Harmattan, 2012, 370 p.<\/p>\n","protected":false},"author":1045,"featured_media":38808,"comment_status":"closed","ping_status":"open","sticky":false,"template":"","format":"standard","meta":{"_acf_changed":false,"footnotes":""},"categories":[1578,1561],"tags":[],"technique":[],"squelettes":[],"sujet":[],"formation":[],"genre":[],"fonds":[],"tradition":[],"type-de-contenu":[],"interprete-compositeur":[],"frise":[],"type-devenement":[],"tableaux-liens-externes":[],"class_list":["post-98169","post","type-post","status-publish","format-standard","has-post-thumbnail","hentry","category-bucher-artikel-de","category-letzte-neuerwerbungen-de"],"acf":[],"yoast_head":"<!-- This site is optimized with the Yoast SEO plugin v27.3 - https:\/\/yoast.com\/product\/yoast-seo-wordpress\/ -->\n<title>Les Juifs d&#039;Iran \u00e0 travers leurs musiciens - Institut Europ\u00e9en des Musiques Juives<\/title>\n<meta name=\"robots\" content=\"index, follow, max-snippet:-1, max-image-preview:large, max-video-preview:-1\" \/>\n<link rel=\"canonical\" href=\"https:\/\/www.iemj.org\/de\/les-juifs-diran-a-travers-leurs-musiciens\/\" \/>\n<meta property=\"og:locale\" content=\"de_DE\" \/>\n<meta property=\"og:type\" content=\"article\" \/>\n<meta property=\"og:title\" content=\"Les Juifs d&#039;Iran \u00e0 travers leurs musiciens - Institut Europ\u00e9en des Musiques Juives\" \/>\n<meta property=\"og:description\" content=\"Editions l&#8217;Harmattan, 2012, 370 p.\" \/>\n<meta property=\"og:url\" content=\"https:\/\/www.iemj.org\/de\/les-juifs-diran-a-travers-leurs-musiciens\/\" \/>\n<meta property=\"og:site_name\" content=\"Institut Europ\u00e9en des Musiques Juives\" \/>\n<meta property=\"article:publisher\" content=\"https:\/\/www.facebook.com\/MusiquesJuives\/\" \/>\n<meta property=\"article:published_time\" content=\"2012-11-27T14:13:03+00:00\" \/>\n<meta property=\"article:modified_time\" content=\"2023-06-14T12:51:33+00:00\" \/>\n<meta property=\"og:image\" content=\"https:\/\/www.iemj.org\/wp-content\/uploads\/2012\/11\/Les-juifs-dIran_Chaoulli_COUV-e1619716300391.jpg\" \/>\n\t<meta property=\"og:image:width\" content=\"1249\" \/>\n\t<meta property=\"og:image:height\" content=\"1864\" \/>\n\t<meta property=\"og:image:type\" content=\"image\/jpeg\" \/>\n<meta name=\"author\" content=\"Herv\u00e9 Roten\" \/>\n<meta name=\"twitter:card\" content=\"summary_large_image\" \/>\n<meta name=\"twitter:label1\" content=\"Verfasst von\" \/>\n\t<meta name=\"twitter:data1\" content=\"Herv\u00e9 Roten\" \/>\n\t<meta name=\"twitter:label2\" content=\"Gesch\u00e4tzte Lesezeit\" \/>\n\t<meta name=\"twitter:data2\" content=\"3\u00a0Minuten\" \/>\n<script type=\"application\/ld+json\" class=\"yoast-schema-graph\">{\"@context\":\"https:\\\/\\\/schema.org\",\"@graph\":[{\"@type\":\"Article\",\"@id\":\"https:\\\/\\\/www.iemj.org\\\/de\\\/les-juifs-diran-a-travers-leurs-musiciens\\\/#article\",\"isPartOf\":{\"@id\":\"https:\\\/\\\/www.iemj.org\\\/de\\\/les-juifs-diran-a-travers-leurs-musiciens\\\/\"},\"author\":{\"name\":\"Herv\u00e9 Roten\",\"@id\":\"https:\\\/\\\/www.iemj.org\\\/de\\\/#\\\/schema\\\/person\\\/906134402c29d5c76e7b726261dd4bbd\"},\"headline\":\"Les Juifs d&#8217;Iran \u00e0 travers leurs musiciens\",\"datePublished\":\"2012-11-27T14:13:03+00:00\",\"dateModified\":\"2023-06-14T12:51:33+00:00\",\"mainEntityOfPage\":{\"@id\":\"https:\\\/\\\/www.iemj.org\\\/de\\\/les-juifs-diran-a-travers-leurs-musiciens\\\/\"},\"wordCount\":509,\"publisher\":{\"@id\":\"https:\\\/\\\/www.iemj.org\\\/de\\\/#organization\"},\"image\":{\"@id\":\"https:\\\/\\\/www.iemj.org\\\/de\\\/les-juifs-diran-a-travers-leurs-musiciens\\\/#primaryimage\"},\"thumbnailUrl\":\"https:\\\/\\\/www.iemj.org\\\/wp-content\\\/uploads\\\/2012\\\/11\\\/Les-juifs-dIran_Chaoulli_COUV-e1619716300391.jpg\",\"articleSection\":[\"B\u00fccher, Artikel\",\"Letzte Neuerwerbungen\"],\"inLanguage\":\"de\"},{\"@type\":\"WebPage\",\"@id\":\"https:\\\/\\\/www.iemj.org\\\/de\\\/les-juifs-diran-a-travers-leurs-musiciens\\\/\",\"url\":\"https:\\\/\\\/www.iemj.org\\\/de\\\/les-juifs-diran-a-travers-leurs-musiciens\\\/\",\"name\":\"Les Juifs d'Iran \u00e0 travers leurs musiciens - Institut Europ\u00e9en des Musiques Juives\",\"isPartOf\":{\"@id\":\"https:\\\/\\\/www.iemj.org\\\/de\\\/#website\"},\"primaryImageOfPage\":{\"@id\":\"https:\\\/\\\/www.iemj.org\\\/de\\\/les-juifs-diran-a-travers-leurs-musiciens\\\/#primaryimage\"},\"image\":{\"@id\":\"https:\\\/\\\/www.iemj.org\\\/de\\\/les-juifs-diran-a-travers-leurs-musiciens\\\/#primaryimage\"},\"thumbnailUrl\":\"https:\\\/\\\/www.iemj.org\\\/wp-content\\\/uploads\\\/2012\\\/11\\\/Les-juifs-dIran_Chaoulli_COUV-e1619716300391.jpg\",\"datePublished\":\"2012-11-27T14:13:03+00:00\",\"dateModified\":\"2023-06-14T12:51:33+00:00\",\"breadcrumb\":{\"@id\":\"https:\\\/\\\/www.iemj.org\\\/de\\\/les-juifs-diran-a-travers-leurs-musiciens\\\/#breadcrumb\"},\"inLanguage\":\"de\",\"potentialAction\":[{\"@type\":\"ReadAction\",\"target\":[\"https:\\\/\\\/www.iemj.org\\\/de\\\/les-juifs-diran-a-travers-leurs-musiciens\\\/\"]}]},{\"@type\":\"ImageObject\",\"inLanguage\":\"de\",\"@id\":\"https:\\\/\\\/www.iemj.org\\\/de\\\/les-juifs-diran-a-travers-leurs-musiciens\\\/#primaryimage\",\"url\":\"https:\\\/\\\/www.iemj.org\\\/wp-content\\\/uploads\\\/2012\\\/11\\\/Les-juifs-dIran_Chaoulli_COUV-e1619716300391.jpg\",\"contentUrl\":\"https:\\\/\\\/www.iemj.org\\\/wp-content\\\/uploads\\\/2012\\\/11\\\/Les-juifs-dIran_Chaoulli_COUV-e1619716300391.jpg\",\"width\":1249,\"height\":1864},{\"@type\":\"BreadcrumbList\",\"@id\":\"https:\\\/\\\/www.iemj.org\\\/de\\\/les-juifs-diran-a-travers-leurs-musiciens\\\/#breadcrumb\",\"itemListElement\":[{\"@type\":\"ListItem\",\"position\":1,\"name\":\"Accueil\",\"item\":\"https:\\\/\\\/www.iemj.org\\\/de\\\/\"},{\"@type\":\"ListItem\",\"position\":2,\"name\":\"Les Juifs d&#8217;Iran \u00e0 travers leurs musiciens\"}]},{\"@type\":\"WebSite\",\"@id\":\"https:\\\/\\\/www.iemj.org\\\/de\\\/#website\",\"url\":\"https:\\\/\\\/www.iemj.org\\\/de\\\/\",\"name\":\"Institut Europ\u00e9en des Musiques Juives\",\"description\":\"Des traditions musicales \u00e0 la port\u00e9e de tous\",\"publisher\":{\"@id\":\"https:\\\/\\\/www.iemj.org\\\/de\\\/#organization\"},\"potentialAction\":[{\"@type\":\"SearchAction\",\"target\":{\"@type\":\"EntryPoint\",\"urlTemplate\":\"https:\\\/\\\/www.iemj.org\\\/de\\\/?s={search_term_string}\"},\"query-input\":{\"@type\":\"PropertyValueSpecification\",\"valueRequired\":true,\"valueName\":\"search_term_string\"}}],\"inLanguage\":\"de\"},{\"@type\":\"Organization\",\"@id\":\"https:\\\/\\\/www.iemj.org\\\/de\\\/#organization\",\"name\":\"Institut Europ\u00e9en des Musiques Juives\",\"url\":\"https:\\\/\\\/www.iemj.org\\\/de\\\/\",\"logo\":{\"@type\":\"ImageObject\",\"inLanguage\":\"de\",\"@id\":\"https:\\\/\\\/www.iemj.org\\\/de\\\/#\\\/schema\\\/logo\\\/image\\\/\",\"url\":\"https:\\\/\\\/www.iemj.org\\\/wp-content\\\/uploads\\\/2021\\\/09\\\/Logo-IEMJ-Paypal.jpg\",\"contentUrl\":\"https:\\\/\\\/www.iemj.org\\\/wp-content\\\/uploads\\\/2021\\\/09\\\/Logo-IEMJ-Paypal.jpg\",\"width\":150,\"height\":50,\"caption\":\"Institut Europ\u00e9en des Musiques Juives\"},\"image\":{\"@id\":\"https:\\\/\\\/www.iemj.org\\\/de\\\/#\\\/schema\\\/logo\\\/image\\\/\"},\"sameAs\":[\"https:\\\/\\\/www.facebook.com\\\/MusiquesJuives\\\/\",\"https:\\\/\\\/www.instagram.com\\\/musiquesjuives\\\/\",\"https:\\\/\\\/www.youtube.com\\\/user\\\/musiquesjuives\"]},{\"@type\":\"Person\",\"@id\":\"https:\\\/\\\/www.iemj.org\\\/de\\\/#\\\/schema\\\/person\\\/906134402c29d5c76e7b726261dd4bbd\",\"name\":\"Herv\u00e9 Roten\",\"image\":{\"@type\":\"ImageObject\",\"inLanguage\":\"de\",\"@id\":\"https:\\\/\\\/secure.gravatar.com\\\/avatar\\\/f96ad2db538a26481f18384936b5cd0610c92d390c4dc382209216d455f685ff?s=96&d=mm&r=g\",\"url\":\"https:\\\/\\\/secure.gravatar.com\\\/avatar\\\/f96ad2db538a26481f18384936b5cd0610c92d390c4dc382209216d455f685ff?s=96&d=mm&r=g\",\"contentUrl\":\"https:\\\/\\\/secure.gravatar.com\\\/avatar\\\/f96ad2db538a26481f18384936b5cd0610c92d390c4dc382209216d455f685ff?s=96&d=mm&r=g\",\"caption\":\"Herv\u00e9 Roten\"}}]}<\/script>\n<!-- \/ Yoast SEO plugin. -->","yoast_head_json":{"title":"Les Juifs d'Iran \u00e0 travers leurs musiciens - Institut Europ\u00e9en des Musiques Juives","robots":{"index":"index","follow":"follow","max-snippet":"max-snippet:-1","max-image-preview":"max-image-preview:large","max-video-preview":"max-video-preview:-1"},"canonical":"https:\/\/www.iemj.org\/de\/les-juifs-diran-a-travers-leurs-musiciens\/","og_locale":"de_DE","og_type":"article","og_title":"Les Juifs d'Iran \u00e0 travers leurs musiciens - Institut Europ\u00e9en des Musiques Juives","og_description":"Editions l&#8217;Harmattan, 2012, 370 p.","og_url":"https:\/\/www.iemj.org\/de\/les-juifs-diran-a-travers-leurs-musiciens\/","og_site_name":"Institut Europ\u00e9en des Musiques Juives","article_publisher":"https:\/\/www.facebook.com\/MusiquesJuives\/","article_published_time":"2012-11-27T14:13:03+00:00","article_modified_time":"2023-06-14T12:51:33+00:00","og_image":[{"width":1249,"height":1864,"url":"https:\/\/www.iemj.org\/wp-content\/uploads\/2012\/11\/Les-juifs-dIran_Chaoulli_COUV-e1619716300391.jpg","type":"image\/jpeg"}],"author":"Herv\u00e9 Roten","twitter_card":"summary_large_image","twitter_misc":{"Verfasst von":"Herv\u00e9 Roten","Gesch\u00e4tzte Lesezeit":"3\u00a0Minuten"},"schema":{"@context":"https:\/\/schema.org","@graph":[{"@type":"Article","@id":"https:\/\/www.iemj.org\/de\/les-juifs-diran-a-travers-leurs-musiciens\/#article","isPartOf":{"@id":"https:\/\/www.iemj.org\/de\/les-juifs-diran-a-travers-leurs-musiciens\/"},"author":{"name":"Herv\u00e9 Roten","@id":"https:\/\/www.iemj.org\/de\/#\/schema\/person\/906134402c29d5c76e7b726261dd4bbd"},"headline":"Les Juifs d&#8217;Iran \u00e0 travers leurs musiciens","datePublished":"2012-11-27T14:13:03+00:00","dateModified":"2023-06-14T12:51:33+00:00","mainEntityOfPage":{"@id":"https:\/\/www.iemj.org\/de\/les-juifs-diran-a-travers-leurs-musiciens\/"},"wordCount":509,"publisher":{"@id":"https:\/\/www.iemj.org\/de\/#organization"},"image":{"@id":"https:\/\/www.iemj.org\/de\/les-juifs-diran-a-travers-leurs-musiciens\/#primaryimage"},"thumbnailUrl":"https:\/\/www.iemj.org\/wp-content\/uploads\/2012\/11\/Les-juifs-dIran_Chaoulli_COUV-e1619716300391.jpg","articleSection":["B\u00fccher, Artikel","Letzte Neuerwerbungen"],"inLanguage":"de"},{"@type":"WebPage","@id":"https:\/\/www.iemj.org\/de\/les-juifs-diran-a-travers-leurs-musiciens\/","url":"https:\/\/www.iemj.org\/de\/les-juifs-diran-a-travers-leurs-musiciens\/","name":"Les Juifs d'Iran \u00e0 travers leurs musiciens - Institut Europ\u00e9en des Musiques Juives","isPartOf":{"@id":"https:\/\/www.iemj.org\/de\/#website"},"primaryImageOfPage":{"@id":"https:\/\/www.iemj.org\/de\/les-juifs-diran-a-travers-leurs-musiciens\/#primaryimage"},"image":{"@id":"https:\/\/www.iemj.org\/de\/les-juifs-diran-a-travers-leurs-musiciens\/#primaryimage"},"thumbnailUrl":"https:\/\/www.iemj.org\/wp-content\/uploads\/2012\/11\/Les-juifs-dIran_Chaoulli_COUV-e1619716300391.jpg","datePublished":"2012-11-27T14:13:03+00:00","dateModified":"2023-06-14T12:51:33+00:00","breadcrumb":{"@id":"https:\/\/www.iemj.org\/de\/les-juifs-diran-a-travers-leurs-musiciens\/#breadcrumb"},"inLanguage":"de","potentialAction":[{"@type":"ReadAction","target":["https:\/\/www.iemj.org\/de\/les-juifs-diran-a-travers-leurs-musiciens\/"]}]},{"@type":"ImageObject","inLanguage":"de","@id":"https:\/\/www.iemj.org\/de\/les-juifs-diran-a-travers-leurs-musiciens\/#primaryimage","url":"https:\/\/www.iemj.org\/wp-content\/uploads\/2012\/11\/Les-juifs-dIran_Chaoulli_COUV-e1619716300391.jpg","contentUrl":"https:\/\/www.iemj.org\/wp-content\/uploads\/2012\/11\/Les-juifs-dIran_Chaoulli_COUV-e1619716300391.jpg","width":1249,"height":1864},{"@type":"BreadcrumbList","@id":"https:\/\/www.iemj.org\/de\/les-juifs-diran-a-travers-leurs-musiciens\/#breadcrumb","itemListElement":[{"@type":"ListItem","position":1,"name":"Accueil","item":"https:\/\/www.iemj.org\/de\/"},{"@type":"ListItem","position":2,"name":"Les Juifs d&#8217;Iran \u00e0 travers leurs musiciens"}]},{"@type":"WebSite","@id":"https:\/\/www.iemj.org\/de\/#website","url":"https:\/\/www.iemj.org\/de\/","name":"Institut Europ\u00e9en des Musiques Juives","description":"Des traditions musicales \u00e0 la port\u00e9e de tous","publisher":{"@id":"https:\/\/www.iemj.org\/de\/#organization"},"potentialAction":[{"@type":"SearchAction","target":{"@type":"EntryPoint","urlTemplate":"https:\/\/www.iemj.org\/de\/?s={search_term_string}"},"query-input":{"@type":"PropertyValueSpecification","valueRequired":true,"valueName":"search_term_string"}}],"inLanguage":"de"},{"@type":"Organization","@id":"https:\/\/www.iemj.org\/de\/#organization","name":"Institut Europ\u00e9en des Musiques Juives","url":"https:\/\/www.iemj.org\/de\/","logo":{"@type":"ImageObject","inLanguage":"de","@id":"https:\/\/www.iemj.org\/de\/#\/schema\/logo\/image\/","url":"https:\/\/www.iemj.org\/wp-content\/uploads\/2021\/09\/Logo-IEMJ-Paypal.jpg","contentUrl":"https:\/\/www.iemj.org\/wp-content\/uploads\/2021\/09\/Logo-IEMJ-Paypal.jpg","width":150,"height":50,"caption":"Institut Europ\u00e9en des Musiques Juives"},"image":{"@id":"https:\/\/www.iemj.org\/de\/#\/schema\/logo\/image\/"},"sameAs":["https:\/\/www.facebook.com\/MusiquesJuives\/","https:\/\/www.instagram.com\/musiquesjuives\/","https:\/\/www.youtube.com\/user\/musiquesjuives"]},{"@type":"Person","@id":"https:\/\/www.iemj.org\/de\/#\/schema\/person\/906134402c29d5c76e7b726261dd4bbd","name":"Herv\u00e9 Roten","image":{"@type":"ImageObject","inLanguage":"de","@id":"https:\/\/secure.gravatar.com\/avatar\/f96ad2db538a26481f18384936b5cd0610c92d390c4dc382209216d455f685ff?s=96&d=mm&r=g","url":"https:\/\/secure.gravatar.com\/avatar\/f96ad2db538a26481f18384936b5cd0610c92d390c4dc382209216d455f685ff?s=96&d=mm&r=g","contentUrl":"https:\/\/secure.gravatar.com\/avatar\/f96ad2db538a26481f18384936b5cd0610c92d390c4dc382209216d455f685ff?s=96&d=mm&r=g","caption":"Herv\u00e9 Roten"}}]}},"_links":{"self":[{"href":"https:\/\/www.iemj.org\/de\/wp-json\/wp\/v2\/posts\/98169","targetHints":{"allow":["GET"]}}],"collection":[{"href":"https:\/\/www.iemj.org\/de\/wp-json\/wp\/v2\/posts"}],"about":[{"href":"https:\/\/www.iemj.org\/de\/wp-json\/wp\/v2\/types\/post"}],"author":[{"embeddable":true,"href":"https:\/\/www.iemj.org\/de\/wp-json\/wp\/v2\/users\/1045"}],"replies":[{"embeddable":true,"href":"https:\/\/www.iemj.org\/de\/wp-json\/wp\/v2\/comments?post=98169"}],"version-history":[{"count":0,"href":"https:\/\/www.iemj.org\/de\/wp-json\/wp\/v2\/posts\/98169\/revisions"}],"wp:featuredmedia":[{"embeddable":true,"href":"https:\/\/www.iemj.org\/de\/wp-json\/wp\/v2\/media\/38808"}],"wp:attachment":[{"href":"https:\/\/www.iemj.org\/de\/wp-json\/wp\/v2\/media?parent=98169"}],"wp:term":[{"taxonomy":"category","embeddable":true,"href":"https:\/\/www.iemj.org\/de\/wp-json\/wp\/v2\/categories?post=98169"},{"taxonomy":"post_tag","embeddable":true,"href":"https:\/\/www.iemj.org\/de\/wp-json\/wp\/v2\/tags?post=98169"},{"taxonomy":"technique","embeddable":true,"href":"https:\/\/www.iemj.org\/de\/wp-json\/wp\/v2\/technique?post=98169"},{"taxonomy":"squelettes","embeddable":true,"href":"https:\/\/www.iemj.org\/de\/wp-json\/wp\/v2\/squelettes?post=98169"},{"taxonomy":"sujet","embeddable":true,"href":"https:\/\/www.iemj.org\/de\/wp-json\/wp\/v2\/sujet?post=98169"},{"taxonomy":"formation","embeddable":true,"href":"https:\/\/www.iemj.org\/de\/wp-json\/wp\/v2\/formation?post=98169"},{"taxonomy":"genre","embeddable":true,"href":"https:\/\/www.iemj.org\/de\/wp-json\/wp\/v2\/genre?post=98169"},{"taxonomy":"fonds","embeddable":true,"href":"https:\/\/www.iemj.org\/de\/wp-json\/wp\/v2\/fonds?post=98169"},{"taxonomy":"tradition","embeddable":true,"href":"https:\/\/www.iemj.org\/de\/wp-json\/wp\/v2\/tradition?post=98169"},{"taxonomy":"type-de-contenu","embeddable":true,"href":"https:\/\/www.iemj.org\/de\/wp-json\/wp\/v2\/type-de-contenu?post=98169"},{"taxonomy":"interprete-compositeur","embeddable":true,"href":"https:\/\/www.iemj.org\/de\/wp-json\/wp\/v2\/interprete-compositeur?post=98169"},{"taxonomy":"frise","embeddable":true,"href":"https:\/\/www.iemj.org\/de\/wp-json\/wp\/v2\/frise?post=98169"},{"taxonomy":"type-devenement","embeddable":true,"href":"https:\/\/www.iemj.org\/de\/wp-json\/wp\/v2\/type-devenement?post=98169"},{"taxonomy":"tableaux-liens-externes","embeddable":true,"href":"https:\/\/www.iemj.org\/de\/wp-json\/wp\/v2\/tableaux-liens-externes?post=98169"}],"curies":[{"name":"wp","href":"https:\/\/api.w.org\/{rel}","templated":true}]}}