{"id":98209,"date":"2018-04-17T11:45:19","date_gmt":"2018-04-17T09:45:19","guid":{"rendered":"https:\/\/www.iemj.org\/le-sablier-du-temps-un-voyage-musical-au-coeur-de-lame-juive\/"},"modified":"2023-06-19T12:42:32","modified_gmt":"2023-06-19T10:42:32","slug":"le-sablier-du-temps-un-voyage-musical-au-coeur-de-lame-juive","status":"publish","type":"post","link":"https:\/\/www.iemj.org\/de\/le-sablier-du-temps-un-voyage-musical-au-coeur-de-lame-juive\/","title":{"rendered":"Le Sablier du temps &#8211; DIE SANDUHR DER ZEIT -, EINE MUSIKALISCHE REISE INS HERZ DER J\u00dcDISCHEN SEELE"},"content":{"rendered":"<p>Unter der Leitung der Cellistin <strong>Virginie Constant<\/strong> und des Pianisten <strong>Simon Zaoui<\/strong> bietet dieses Konzert Werke, die in der ersten H\u00e4lfte des 20. Jahrhunderts von Komponisten auf der Suche nach einer j\u00fcdischen musikalischen Identit\u00e4t geschrieben wurden, sei es Ernest Bloch, Lazare Saminsky oder Joseph Achron. Einige, wie Gideon Klein, starben tragischerweise w\u00e4hrend des Holocaust. Andere, wie Mieczyslaw Weinberg oder Serge Kaufmann, bewahren ihr Andenken.Wie die Sanduhr, in der die Zeit der Geschichte flie\u00dft und von der wir die Sandk\u00f6rner w\u00e4ren, zielt dieses Konzert darauf ab, uns durch die M\u00e4ander der j\u00fcdischen Seele reisen zu lassen, in dem, was sie am universellsten hat: ihrer Musik!<\/p>\n<p><img fetchpriority=\"high\" decoding=\"async\" class=\" alignleft size-full wp-image-19262\" src=\"https:\/\/www.iemj.org\/wp-content\/uploads\/2018\/04\/virginie_constant.jpg\" alt=\"virginie_constant.jpg\" width=\"187\" height=\"270\" align=\"left\" \/><img decoding=\"async\" class=\" aligncenter size-full wp-image-19264\" src=\"https:\/\/www.iemj.org\/wp-content\/uploads\/2018\/04\/simon_zaoui.jpg\" alt=\"simon_zaoui.jpg\" width=\"179\" height=\"270\" align=\"center\" \/><\/p>\n<p>MAIRIE DU 3e (Rathaus des 3. Bezirks)<br \/>\n2, rue Eug\u00e8ne Spuller, Paris 3e<br \/>\nFreier Eintritt ohne Reservierung \/ freie Teilnahme.<\/p>\n<p><strong>Informationen unter <\/strong> au 01 45 82 20 52, <a href=\"contact@iemj.org\">contact@iemj.org<\/a>, www.iemj.org<br \/>\n<a href=\"http:\/\/www.festivaldesculturesjuives.org\/18h-le-sablier-du-temps\/\">Site du Festival des Cultures Juives<\/a><\/p>\n<p><a href=\"https:\/\/www.iemj.org\/de\/le-sablier-du-temps-un-voyage-musical-a-travers-lame-juive\/\" target=\"_blank\" rel=\"noopener\">Ausz\u00fcge aus der vom IEMJ ver\u00f6ffentlichten CD Die Sanduhr der Zeit anh\u00f6ren<\/a><\/p>\n","protected":false},"excerpt":{"rendered":"<p>Unter der Leitung der Cellistin Virginie Constant und des Pianisten Simon Zaoui bietet dieses Konzert Werke, die in der ersten H\u00e4lfte des 20. Jahrhunderts von Komponisten auf der Suche nach<\/p>\n","protected":false},"author":5,"featured_media":98210,"comment_status":"closed","ping_status":"open","sticky":false,"template":"","format":"standard","meta":{"_acf_changed":false,"footnotes":""},"categories":[1378,1370],"tags":[2225],"technique":[],"squelettes":[],"sujet":[],"formation":[],"genre":[],"fonds":[],"tradition":[],"type-de-contenu":[],"interprete-compositeur":[],"frise":[],"type-devenement":[],"tableaux-liens-externes":[],"class_list":["post-98209","post","type-post","status-publish","format-standard","has-post-thumbnail","hentry","category-konzerte-veranstaltungen-de","category-veranstaltungen-de","tag-veranstaltungen-iemj-de"],"acf":[],"yoast_head":"<!-- This site is optimized with the Yoast SEO plugin v27.3 - https:\/\/yoast.com\/product\/yoast-seo-wordpress\/ -->\n<title>Le Sablier du temps - DIE SANDUHR DER ZEIT -, EINE MUSIKALISCHE REISE INS HERZ DER J\u00dcDISCHEN SEELE - Institut Europ\u00e9en des Musiques Juives<\/title>\n<meta name=\"robots\" content=\"noindex, follow\" \/>\n<meta property=\"og:locale\" content=\"de_DE\" \/>\n<meta property=\"og:type\" content=\"article\" \/>\n<meta property=\"og:title\" content=\"Le Sablier du temps - DIE SANDUHR DER ZEIT -, EINE MUSIKALISCHE REISE INS HERZ DER J\u00dcDISCHEN SEELE - Institut Europ\u00e9en des Musiques Juives\" \/>\n<meta property=\"og:description\" content=\"Unter der Leitung der Cellistin Virginie Constant und des Pianisten Simon Zaoui bietet dieses Konzert Werke, die in der ersten H\u00e4lfte des 20. Jahrhunderts von Komponisten auf der Suche nach\" \/>\n<meta property=\"og:url\" content=\"https:\/\/www.iemj.org\/de\/le-sablier-du-temps-un-voyage-musical-au-coeur-de-lame-juive\/\" \/>\n<meta property=\"og:site_name\" content=\"Institut Europ\u00e9en des Musiques Juives\" \/>\n<meta property=\"article:publisher\" content=\"https:\/\/www.facebook.com\/MusiquesJuives\/\" \/>\n<meta property=\"article:published_time\" content=\"2018-04-17T09:45:19+00:00\" \/>\n<meta property=\"article:modified_time\" content=\"2023-06-19T10:42:32+00:00\" \/>\n<meta property=\"og:image\" content=\"https:\/\/www.iemj.org\/wp-content\/uploads\/2018\/04\/arton3339.jpg\" \/>\n\t<meta property=\"og:image:width\" content=\"303\" \/>\n\t<meta property=\"og:image:height\" content=\"448\" \/>\n\t<meta property=\"og:image:type\" content=\"image\/jpeg\" \/>\n<meta name=\"author\" content=\"Jacqueline ROTEN\" \/>\n<meta name=\"twitter:card\" content=\"summary_large_image\" \/>\n<meta name=\"twitter:label1\" content=\"Verfasst von\" \/>\n\t<meta name=\"twitter:data1\" content=\"Jacqueline ROTEN\" \/>\n\t<meta name=\"twitter:label2\" content=\"Gesch\u00e4tzte Lesezeit\" \/>\n\t<meta name=\"twitter:data2\" content=\"2\u00a0Minuten\" \/>\n<script type=\"application\/ld+json\" class=\"yoast-schema-graph\">{\"@context\":\"https:\\\/\\\/schema.org\",\"@graph\":[{\"@type\":\"Article\",\"@id\":\"https:\\\/\\\/www.iemj.org\\\/de\\\/le-sablier-du-temps-un-voyage-musical-au-coeur-de-lame-juive\\\/#article\",\"isPartOf\":{\"@id\":\"https:\\\/\\\/www.iemj.org\\\/de\\\/le-sablier-du-temps-un-voyage-musical-au-coeur-de-lame-juive\\\/\"},\"author\":{\"name\":\"Jacqueline ROTEN\",\"@id\":\"https:\\\/\\\/www.iemj.org\\\/de\\\/#\\\/schema\\\/person\\\/358e26c18aca017fcc4cc15437f7279c\"},\"headline\":\"Le Sablier du temps &#8211; DIE SANDUHR DER ZEIT -, EINE MUSIKALISCHE REISE INS HERZ DER J\u00dcDISCHEN SEELE\",\"datePublished\":\"2018-04-17T09:45:19+00:00\",\"dateModified\":\"2023-06-19T10:42:32+00:00\",\"mainEntityOfPage\":{\"@id\":\"https:\\\/\\\/www.iemj.org\\\/de\\\/le-sablier-du-temps-un-voyage-musical-au-coeur-de-lame-juive\\\/\"},\"wordCount\":180,\"publisher\":{\"@id\":\"https:\\\/\\\/www.iemj.org\\\/de\\\/#organization\"},\"image\":{\"@id\":\"https:\\\/\\\/www.iemj.org\\\/de\\\/le-sablier-du-temps-un-voyage-musical-au-coeur-de-lame-juive\\\/#primaryimage\"},\"thumbnailUrl\":\"https:\\\/\\\/www.iemj.org\\\/wp-content\\\/uploads\\\/2018\\\/04\\\/arton3339.jpg\",\"keywords\":[\"Veranstaltungen IEMJ\"],\"articleSection\":[\"Konzerte\",\"Veranstaltungen\"],\"inLanguage\":\"de\"},{\"@type\":\"WebPage\",\"@id\":\"https:\\\/\\\/www.iemj.org\\\/de\\\/le-sablier-du-temps-un-voyage-musical-au-coeur-de-lame-juive\\\/\",\"url\":\"https:\\\/\\\/www.iemj.org\\\/de\\\/le-sablier-du-temps-un-voyage-musical-au-coeur-de-lame-juive\\\/\",\"name\":\"Le Sablier du temps - DIE SANDUHR DER ZEIT -, EINE MUSIKALISCHE REISE INS HERZ DER J\u00dcDISCHEN SEELE - Institut Europ\u00e9en des Musiques Juives\",\"isPartOf\":{\"@id\":\"https:\\\/\\\/www.iemj.org\\\/de\\\/#website\"},\"primaryImageOfPage\":{\"@id\":\"https:\\\/\\\/www.iemj.org\\\/de\\\/le-sablier-du-temps-un-voyage-musical-au-coeur-de-lame-juive\\\/#primaryimage\"},\"image\":{\"@id\":\"https:\\\/\\\/www.iemj.org\\\/de\\\/le-sablier-du-temps-un-voyage-musical-au-coeur-de-lame-juive\\\/#primaryimage\"},\"thumbnailUrl\":\"https:\\\/\\\/www.iemj.org\\\/wp-content\\\/uploads\\\/2018\\\/04\\\/arton3339.jpg\",\"datePublished\":\"2018-04-17T09:45:19+00:00\",\"dateModified\":\"2023-06-19T10:42:32+00:00\",\"breadcrumb\":{\"@id\":\"https:\\\/\\\/www.iemj.org\\\/de\\\/le-sablier-du-temps-un-voyage-musical-au-coeur-de-lame-juive\\\/#breadcrumb\"},\"inLanguage\":\"de\",\"potentialAction\":[{\"@type\":\"ReadAction\",\"target\":[\"https:\\\/\\\/www.iemj.org\\\/de\\\/le-sablier-du-temps-un-voyage-musical-au-coeur-de-lame-juive\\\/\"]}]},{\"@type\":\"ImageObject\",\"inLanguage\":\"de\",\"@id\":\"https:\\\/\\\/www.iemj.org\\\/de\\\/le-sablier-du-temps-un-voyage-musical-au-coeur-de-lame-juive\\\/#primaryimage\",\"url\":\"https:\\\/\\\/www.iemj.org\\\/wp-content\\\/uploads\\\/2018\\\/04\\\/arton3339.jpg\",\"contentUrl\":\"https:\\\/\\\/www.iemj.org\\\/wp-content\\\/uploads\\\/2018\\\/04\\\/arton3339.jpg\",\"width\":303,\"height\":448},{\"@type\":\"BreadcrumbList\",\"@id\":\"https:\\\/\\\/www.iemj.org\\\/de\\\/le-sablier-du-temps-un-voyage-musical-au-coeur-de-lame-juive\\\/#breadcrumb\",\"itemListElement\":[{\"@type\":\"ListItem\",\"position\":1,\"name\":\"Accueil\",\"item\":\"https:\\\/\\\/www.iemj.org\\\/de\\\/\"},{\"@type\":\"ListItem\",\"position\":2,\"name\":\"Le Sablier du temps &#8211; DIE SANDUHR DER ZEIT -, EINE MUSIKALISCHE REISE INS HERZ DER J\u00dcDISCHEN SEELE\"}]},{\"@type\":\"WebSite\",\"@id\":\"https:\\\/\\\/www.iemj.org\\\/de\\\/#website\",\"url\":\"https:\\\/\\\/www.iemj.org\\\/de\\\/\",\"name\":\"Institut Europ\u00e9en des Musiques Juives\",\"description\":\"Des traditions musicales \u00e0 la port\u00e9e de tous\",\"publisher\":{\"@id\":\"https:\\\/\\\/www.iemj.org\\\/de\\\/#organization\"},\"potentialAction\":[{\"@type\":\"SearchAction\",\"target\":{\"@type\":\"EntryPoint\",\"urlTemplate\":\"https:\\\/\\\/www.iemj.org\\\/de\\\/?s={search_term_string}\"},\"query-input\":{\"@type\":\"PropertyValueSpecification\",\"valueRequired\":true,\"valueName\":\"search_term_string\"}}],\"inLanguage\":\"de\"},{\"@type\":\"Organization\",\"@id\":\"https:\\\/\\\/www.iemj.org\\\/de\\\/#organization\",\"name\":\"Institut Europ\u00e9en des Musiques Juives\",\"url\":\"https:\\\/\\\/www.iemj.org\\\/de\\\/\",\"logo\":{\"@type\":\"ImageObject\",\"inLanguage\":\"de\",\"@id\":\"https:\\\/\\\/www.iemj.org\\\/de\\\/#\\\/schema\\\/logo\\\/image\\\/\",\"url\":\"https:\\\/\\\/www.iemj.org\\\/wp-content\\\/uploads\\\/2021\\\/09\\\/Logo-IEMJ-Paypal.jpg\",\"contentUrl\":\"https:\\\/\\\/www.iemj.org\\\/wp-content\\\/uploads\\\/2021\\\/09\\\/Logo-IEMJ-Paypal.jpg\",\"width\":150,\"height\":50,\"caption\":\"Institut Europ\u00e9en des Musiques Juives\"},\"image\":{\"@id\":\"https:\\\/\\\/www.iemj.org\\\/de\\\/#\\\/schema\\\/logo\\\/image\\\/\"},\"sameAs\":[\"https:\\\/\\\/www.facebook.com\\\/MusiquesJuives\\\/\",\"https:\\\/\\\/www.instagram.com\\\/musiquesjuives\\\/\",\"https:\\\/\\\/www.youtube.com\\\/user\\\/musiquesjuives\"]},{\"@type\":\"Person\",\"@id\":\"https:\\\/\\\/www.iemj.org\\\/de\\\/#\\\/schema\\\/person\\\/358e26c18aca017fcc4cc15437f7279c\",\"name\":\"Jacqueline ROTEN\",\"image\":{\"@type\":\"ImageObject\",\"inLanguage\":\"de\",\"@id\":\"https:\\\/\\\/secure.gravatar.com\\\/avatar\\\/5964256d6c6957de3a3505278957e0fb2a35119ac47ea41827a65301213c810b?s=96&d=mm&r=g\",\"url\":\"https:\\\/\\\/secure.gravatar.com\\\/avatar\\\/5964256d6c6957de3a3505278957e0fb2a35119ac47ea41827a65301213c810b?s=96&d=mm&r=g\",\"contentUrl\":\"https:\\\/\\\/secure.gravatar.com\\\/avatar\\\/5964256d6c6957de3a3505278957e0fb2a35119ac47ea41827a65301213c810b?s=96&d=mm&r=g\",\"caption\":\"Jacqueline ROTEN\"}}]}<\/script>\n<!-- \/ Yoast SEO plugin. -->","yoast_head_json":{"title":"Le Sablier du temps - DIE SANDUHR DER ZEIT -, EINE MUSIKALISCHE REISE INS HERZ DER J\u00dcDISCHEN SEELE - Institut Europ\u00e9en des Musiques Juives","robots":{"index":"noindex","follow":"follow"},"og_locale":"de_DE","og_type":"article","og_title":"Le Sablier du temps - DIE SANDUHR DER ZEIT -, EINE MUSIKALISCHE REISE INS HERZ DER J\u00dcDISCHEN SEELE - Institut Europ\u00e9en des Musiques Juives","og_description":"Unter der Leitung der Cellistin Virginie Constant und des Pianisten Simon Zaoui bietet dieses Konzert Werke, die in der ersten H\u00e4lfte des 20. Jahrhunderts von Komponisten auf der Suche nach","og_url":"https:\/\/www.iemj.org\/de\/le-sablier-du-temps-un-voyage-musical-au-coeur-de-lame-juive\/","og_site_name":"Institut Europ\u00e9en des Musiques Juives","article_publisher":"https:\/\/www.facebook.com\/MusiquesJuives\/","article_published_time":"2018-04-17T09:45:19+00:00","article_modified_time":"2023-06-19T10:42:32+00:00","og_image":[{"width":303,"height":448,"url":"https:\/\/www.iemj.org\/wp-content\/uploads\/2018\/04\/arton3339.jpg","type":"image\/jpeg"}],"author":"Jacqueline ROTEN","twitter_card":"summary_large_image","twitter_misc":{"Verfasst von":"Jacqueline ROTEN","Gesch\u00e4tzte Lesezeit":"2\u00a0Minuten"},"schema":{"@context":"https:\/\/schema.org","@graph":[{"@type":"Article","@id":"https:\/\/www.iemj.org\/de\/le-sablier-du-temps-un-voyage-musical-au-coeur-de-lame-juive\/#article","isPartOf":{"@id":"https:\/\/www.iemj.org\/de\/le-sablier-du-temps-un-voyage-musical-au-coeur-de-lame-juive\/"},"author":{"name":"Jacqueline ROTEN","@id":"https:\/\/www.iemj.org\/de\/#\/schema\/person\/358e26c18aca017fcc4cc15437f7279c"},"headline":"Le Sablier du temps &#8211; DIE SANDUHR DER ZEIT -, EINE MUSIKALISCHE REISE INS HERZ DER J\u00dcDISCHEN SEELE","datePublished":"2018-04-17T09:45:19+00:00","dateModified":"2023-06-19T10:42:32+00:00","mainEntityOfPage":{"@id":"https:\/\/www.iemj.org\/de\/le-sablier-du-temps-un-voyage-musical-au-coeur-de-lame-juive\/"},"wordCount":180,"publisher":{"@id":"https:\/\/www.iemj.org\/de\/#organization"},"image":{"@id":"https:\/\/www.iemj.org\/de\/le-sablier-du-temps-un-voyage-musical-au-coeur-de-lame-juive\/#primaryimage"},"thumbnailUrl":"https:\/\/www.iemj.org\/wp-content\/uploads\/2018\/04\/arton3339.jpg","keywords":["Veranstaltungen IEMJ"],"articleSection":["Konzerte","Veranstaltungen"],"inLanguage":"de"},{"@type":"WebPage","@id":"https:\/\/www.iemj.org\/de\/le-sablier-du-temps-un-voyage-musical-au-coeur-de-lame-juive\/","url":"https:\/\/www.iemj.org\/de\/le-sablier-du-temps-un-voyage-musical-au-coeur-de-lame-juive\/","name":"Le Sablier du temps - DIE SANDUHR DER ZEIT -, EINE MUSIKALISCHE REISE INS HERZ DER J\u00dcDISCHEN SEELE - Institut Europ\u00e9en des Musiques Juives","isPartOf":{"@id":"https:\/\/www.iemj.org\/de\/#website"},"primaryImageOfPage":{"@id":"https:\/\/www.iemj.org\/de\/le-sablier-du-temps-un-voyage-musical-au-coeur-de-lame-juive\/#primaryimage"},"image":{"@id":"https:\/\/www.iemj.org\/de\/le-sablier-du-temps-un-voyage-musical-au-coeur-de-lame-juive\/#primaryimage"},"thumbnailUrl":"https:\/\/www.iemj.org\/wp-content\/uploads\/2018\/04\/arton3339.jpg","datePublished":"2018-04-17T09:45:19+00:00","dateModified":"2023-06-19T10:42:32+00:00","breadcrumb":{"@id":"https:\/\/www.iemj.org\/de\/le-sablier-du-temps-un-voyage-musical-au-coeur-de-lame-juive\/#breadcrumb"},"inLanguage":"de","potentialAction":[{"@type":"ReadAction","target":["https:\/\/www.iemj.org\/de\/le-sablier-du-temps-un-voyage-musical-au-coeur-de-lame-juive\/"]}]},{"@type":"ImageObject","inLanguage":"de","@id":"https:\/\/www.iemj.org\/de\/le-sablier-du-temps-un-voyage-musical-au-coeur-de-lame-juive\/#primaryimage","url":"https:\/\/www.iemj.org\/wp-content\/uploads\/2018\/04\/arton3339.jpg","contentUrl":"https:\/\/www.iemj.org\/wp-content\/uploads\/2018\/04\/arton3339.jpg","width":303,"height":448},{"@type":"BreadcrumbList","@id":"https:\/\/www.iemj.org\/de\/le-sablier-du-temps-un-voyage-musical-au-coeur-de-lame-juive\/#breadcrumb","itemListElement":[{"@type":"ListItem","position":1,"name":"Accueil","item":"https:\/\/www.iemj.org\/de\/"},{"@type":"ListItem","position":2,"name":"Le Sablier du temps &#8211; DIE SANDUHR DER ZEIT -, EINE MUSIKALISCHE REISE INS HERZ DER J\u00dcDISCHEN SEELE"}]},{"@type":"WebSite","@id":"https:\/\/www.iemj.org\/de\/#website","url":"https:\/\/www.iemj.org\/de\/","name":"Institut Europ\u00e9en des Musiques Juives","description":"Des traditions musicales \u00e0 la port\u00e9e de tous","publisher":{"@id":"https:\/\/www.iemj.org\/de\/#organization"},"potentialAction":[{"@type":"SearchAction","target":{"@type":"EntryPoint","urlTemplate":"https:\/\/www.iemj.org\/de\/?s={search_term_string}"},"query-input":{"@type":"PropertyValueSpecification","valueRequired":true,"valueName":"search_term_string"}}],"inLanguage":"de"},{"@type":"Organization","@id":"https:\/\/www.iemj.org\/de\/#organization","name":"Institut Europ\u00e9en des Musiques Juives","url":"https:\/\/www.iemj.org\/de\/","logo":{"@type":"ImageObject","inLanguage":"de","@id":"https:\/\/www.iemj.org\/de\/#\/schema\/logo\/image\/","url":"https:\/\/www.iemj.org\/wp-content\/uploads\/2021\/09\/Logo-IEMJ-Paypal.jpg","contentUrl":"https:\/\/www.iemj.org\/wp-content\/uploads\/2021\/09\/Logo-IEMJ-Paypal.jpg","width":150,"height":50,"caption":"Institut Europ\u00e9en des Musiques Juives"},"image":{"@id":"https:\/\/www.iemj.org\/de\/#\/schema\/logo\/image\/"},"sameAs":["https:\/\/www.facebook.com\/MusiquesJuives\/","https:\/\/www.instagram.com\/musiquesjuives\/","https:\/\/www.youtube.com\/user\/musiquesjuives"]},{"@type":"Person","@id":"https:\/\/www.iemj.org\/de\/#\/schema\/person\/358e26c18aca017fcc4cc15437f7279c","name":"Jacqueline ROTEN","image":{"@type":"ImageObject","inLanguage":"de","@id":"https:\/\/secure.gravatar.com\/avatar\/5964256d6c6957de3a3505278957e0fb2a35119ac47ea41827a65301213c810b?s=96&d=mm&r=g","url":"https:\/\/secure.gravatar.com\/avatar\/5964256d6c6957de3a3505278957e0fb2a35119ac47ea41827a65301213c810b?s=96&d=mm&r=g","contentUrl":"https:\/\/secure.gravatar.com\/avatar\/5964256d6c6957de3a3505278957e0fb2a35119ac47ea41827a65301213c810b?s=96&d=mm&r=g","caption":"Jacqueline ROTEN"}}]}},"_links":{"self":[{"href":"https:\/\/www.iemj.org\/de\/wp-json\/wp\/v2\/posts\/98209","targetHints":{"allow":["GET"]}}],"collection":[{"href":"https:\/\/www.iemj.org\/de\/wp-json\/wp\/v2\/posts"}],"about":[{"href":"https:\/\/www.iemj.org\/de\/wp-json\/wp\/v2\/types\/post"}],"author":[{"embeddable":true,"href":"https:\/\/www.iemj.org\/de\/wp-json\/wp\/v2\/users\/5"}],"replies":[{"embeddable":true,"href":"https:\/\/www.iemj.org\/de\/wp-json\/wp\/v2\/comments?post=98209"}],"version-history":[{"count":0,"href":"https:\/\/www.iemj.org\/de\/wp-json\/wp\/v2\/posts\/98209\/revisions"}],"wp:featuredmedia":[{"embeddable":true,"href":"https:\/\/www.iemj.org\/de\/wp-json\/wp\/v2\/media\/98210"}],"wp:attachment":[{"href":"https:\/\/www.iemj.org\/de\/wp-json\/wp\/v2\/media?parent=98209"}],"wp:term":[{"taxonomy":"category","embeddable":true,"href":"https:\/\/www.iemj.org\/de\/wp-json\/wp\/v2\/categories?post=98209"},{"taxonomy":"post_tag","embeddable":true,"href":"https:\/\/www.iemj.org\/de\/wp-json\/wp\/v2\/tags?post=98209"},{"taxonomy":"technique","embeddable":true,"href":"https:\/\/www.iemj.org\/de\/wp-json\/wp\/v2\/technique?post=98209"},{"taxonomy":"squelettes","embeddable":true,"href":"https:\/\/www.iemj.org\/de\/wp-json\/wp\/v2\/squelettes?post=98209"},{"taxonomy":"sujet","embeddable":true,"href":"https:\/\/www.iemj.org\/de\/wp-json\/wp\/v2\/sujet?post=98209"},{"taxonomy":"formation","embeddable":true,"href":"https:\/\/www.iemj.org\/de\/wp-json\/wp\/v2\/formation?post=98209"},{"taxonomy":"genre","embeddable":true,"href":"https:\/\/www.iemj.org\/de\/wp-json\/wp\/v2\/genre?post=98209"},{"taxonomy":"fonds","embeddable":true,"href":"https:\/\/www.iemj.org\/de\/wp-json\/wp\/v2\/fonds?post=98209"},{"taxonomy":"tradition","embeddable":true,"href":"https:\/\/www.iemj.org\/de\/wp-json\/wp\/v2\/tradition?post=98209"},{"taxonomy":"type-de-contenu","embeddable":true,"href":"https:\/\/www.iemj.org\/de\/wp-json\/wp\/v2\/type-de-contenu?post=98209"},{"taxonomy":"interprete-compositeur","embeddable":true,"href":"https:\/\/www.iemj.org\/de\/wp-json\/wp\/v2\/interprete-compositeur?post=98209"},{"taxonomy":"frise","embeddable":true,"href":"https:\/\/www.iemj.org\/de\/wp-json\/wp\/v2\/frise?post=98209"},{"taxonomy":"type-devenement","embeddable":true,"href":"https:\/\/www.iemj.org\/de\/wp-json\/wp\/v2\/type-devenement?post=98209"},{"taxonomy":"tableaux-liens-externes","embeddable":true,"href":"https:\/\/www.iemj.org\/de\/wp-json\/wp\/v2\/tableaux-liens-externes?post=98209"}],"curies":[{"name":"wp","href":"https:\/\/api.w.org\/{rel}","templated":true}]}}