{"id":98419,"date":"2016-06-21T16:21:54","date_gmt":"2016-06-21T14:21:54","guid":{"rendered":"https:\/\/www.iemj.org\/liemj-10-ans-deja\/"},"modified":"2025-12-29T10:53:31","modified_gmt":"2025-12-29T09:53:31","slug":"liemj-10-ans-deja","status":"publish","type":"post","link":"https:\/\/www.iemj.org\/de\/liemj-10-ans-deja\/","title":{"rendered":"DAS IEMJ &#8211; SCHON 10 JAHRE ALT!"},"content":{"rendered":"\n<p>Das 2006 gegr\u00fcndete EJMI feierte 2016 sein 10-j\u00e4hriges Bestehen. 10 ereignisreiche Jahre, die dazu beigetragen haben, dass das IEMJ heute das wichtigste europ\u00e4ische Ressourcen- und Dokumentationszentrum f\u00fcr j\u00fcdische Musik ist.<\/p>\n\n\n\n<p>Einige Erkl\u00e4rungen und zwei Videos, um eine au\u00dfergew\u00f6hnliche Geschichte nachzuzeichnen!<\/p>\n\n\n\n<div style=\"height:12px\" aria-hidden=\"true\" class=\"wp-block-spacer\"><\/div>\n\n\n\n<p><strong>Entstehung des IEMJ: Chronologische Anhaltspunkte<\/strong><\/p>\n\n\n\n<p>Februar 2000: Herv\u00e9 Roten, Doktor der Musikwissenschaft, wird von Nelly Hansson, der Direktorin der Fondation du Juda\u00efsme Fran\u00e7ais, beauftragt, ein Programm zum Schutz und zur Aufwertung der j\u00fcdischen Musik in Frankreich zu starten.<\/p>\n\n\n\n<p>2001-2002: Nach einer Phase der Sammlung und Inventarisierung von Musikarchiven erstellt Herv\u00e9 Roten eine erste alarmierende Bestandsaufnahme \u00fcber die Fragilit\u00e4t des j\u00fcdischen Musikerbes in Frankreich.<\/p>\n\n\n\n<p>Oktober 2002 &#8211; September 2003: Aufnahme und Ver\u00f6ffentlichung der ersten beiden CDs der FJF (Musiques de la synagogue de Bordeaux und Musiques jud\u00e9o-fran\u00e7aises des 18. und 19. Jahrhunderts) in der Reihe Patrimoines Musicaux des Juifs de France (Musikerbe der Juden Frankreichs).<\/p>\n\n\n\n<p>2. Juli 2004: Herv\u00e9 Roten tritt die Nachfolge von Israel Adler und Simha Arom als Direktor von Yuval, der franz\u00f6sischen Vereinigung f\u00fcr die Erhaltung j\u00fcdischer Musiktraditionen, an.<\/p>\n\n\n\n<p>Juni 2005: Die Fondation du juda\u00efsme fran\u00e7ais und Yuval beschlie\u00dfen, zusammenzuarbeiten, indem sie ihre Musiksammlungen an einem Ort zusammenf\u00fchren und ihre Mittel f\u00fcr Aktionen im musikalischen Bereich gemeinsam nutzen.<\/p>\n\n\n\n<p>Anfang 2006: Eine Gruppe von drei Studenten der Universit\u00e4ten Marne-la-Vall\u00e9e und Paris VIII &#8211; Saint Denis arbeitet an der Erstellung einer Website und einer Datenbank, mit der die Sammlungen des zuk\u00fcnftigen Centre Fran\u00e7ais des Musiques Juives (CFMJ) indexiert und online konsultiert werden sollen.<\/p>\n\n\n\n<p><strong>Gleichzeitig produzieren drei weitere Studentinnen aus Marne-la-Vall\u00e9e einen Film, der die zuk\u00fcnftigen Aktivit\u00e4ten des CFMJ vorstellt (siehe Video unten).<\/strong><\/p>\n\n\n\n<figure class=\"wp-block-embed is-type-video is-provider-youtube wp-block-embed-youtube wp-embed-aspect-16-9 wp-has-aspect-ratio\"><div class=\"wp-block-embed__wrapper\">\n<iframe title=\"Centre Fran\u00e7ais des Musiques Juives (2006)\" width=\"640\" height=\"360\" src=\"https:\/\/www.youtube.com\/embed\/aphA6FIf4iA?feature=oembed\" frameborder=\"0\" allow=\"accelerometer; autoplay; clipboard-write; encrypted-media; gyroscope; picture-in-picture; web-share\" referrerpolicy=\"strict-origin-when-cross-origin\" allowfullscreen><\/iframe>\n<\/div><\/figure>\n\n\n\n<p><strong>Juni 2006 &#8211; Das Centre Fran\u00e7ais des Musiques Juives (CFMJ)<\/strong> wird dank des Impulses der Fondation Henriette Halphen, unter der Schirmherrschaft der FJF, und seiner gro\u00dfz\u00fcgigen Spenderin Isabelle Friedman ins Leben gerufen.<\/p>\n\n\n\n<p>Das CFMJ, das von der Fondation du Juda\u00efsme Fran\u00e7ais und Yuval gegr\u00fcndet wurde, bezog einen Raum in den R\u00e4umlichkeiten der FJF, wo es mit der Digitalisierung und Indexierung von Musikbest\u00e4nden begann, wie z. B. die Archive des Komponisten j\u00fcdisch-spanischer Herkunft <a href=\"https:\/\/www.iemj.org\/de\/hemsi-alberto-1898-1975\/\">Alberto Hemsi<\/a> (1896-1975), des Komponisten und M\u00e4zens <a href=\"https:\/\/www.iemj.org\/de\/halphen-fernand-1872-1917\/\">Fernand Halphen<\/a> (1872-1917) oder des polnischst\u00e4mmigen S\u00e4ngers <a href=\"https:\/\/www.iemj.org\/de\/berlinski-shalom-1918-2008\/\">Schalom Berlinski<\/a> (1918-2008).<\/p>\n\n\n\n<p>Bereits 2006 wurden die Ziele des CFMJ, des Vorl\u00e4ufers des EJMD, klar formuliert:<\/p>\n\n\n\n<p>&#8222;Das CFMJ ist ein Ressourcen- und Forschungszentrum, das neben Akademikern auch Stipendiaten von Partnerinstitutionen aufnehmen kann [&#8230;] Langfristig soll es andere Organisationen, die in Europa auf demselben Gebiet arbeiten, zusammenf\u00fchren, um ein europ\u00e4isches Netzwerk f\u00fcr j\u00fcdische Musik zu bilden.<\/p>\n\n\n\n<p>Schlie\u00dflich wird ein Internetportal den Zugang zu einer Reihe von thematischen Daten \u00fcber diese Musik erm\u00f6glichen. Die Idee ist, den Besuchern der Website, die eine Einf\u00fchrung in einen Bereich w\u00fcnschen, der von Tag zu Tag reicher wird, einen gef\u00fchrten und p\u00e4dagogischen Weg anzubieten. Es ist geplant, eine digitale Bibliothek online zu stellen, in der Ausz\u00fcge aus den Werken der Musikbibliothek angeh\u00f6rt werden k\u00f6nnen. Schlie\u00dflich wird der Aktualit\u00e4t dieser j\u00fcdischen Musik sowohl unter dem Gesichtspunkt des Repertoires als auch unter dem der Kreation ein wichtiger Platz einger\u00e4umt werden.&#8220;<\/p>\n\n\n\n<p><em>Ausz\u00fcge aus La lettre de la FJF \/ Newsletter der Fondation du juda\u00efsme fran\u00e7ais.<\/em><\/p>\n\n\n\n<p>November 2008 &#8211; M\u00e4rz 2009: Das CFMJ zieht in gr\u00f6\u00dfere R\u00e4umlichkeiten direkt \u00fcber der Fondation du Juda\u00efsme Fran\u00e7ais um und wird als Verein nach dem Gesetz 1901 gegr\u00fcndet. Es versammelt um sich herum ein Dutzend Freiwillige und das \u00c4quivalent einer bezahlten Vollzeitstelle.<\/p>\n\n\n\n<p>Juli 2012: Auf Anregung der neuen Leitung der FJF, insbesondere ihres Direktors Patrick Chasqu\u00e8s, wird das Centre Fran\u00e7ais des Musiques Juives in das Institut Europ\u00e9en des Musiques Juives (IEMJ) umgewandelt, mit einem erweiterten Auftrag:<\/p>\n\n\n\n<p>&#8211; Sammlung, Digitalisierung und Online-Bereitstellung des j\u00fcdischen Musikerbes.<\/p>\n\n\n\n<p>&#8211; Schaffung einer Verlagsstruktur (CDs, Partituren&#8230;)<\/p>\n\n\n\n<p>&#8211; Regelm\u00e4\u00dfige Organisation von Veranstaltungen (Musikworkshops, Praktika, Konferenzen, Konzerte&#8230;) zur Aufwertung des j\u00fcdischen Musikerbes in all seinen Formen.<\/p>\n\n\n\n<p>&#8211; Schaffung eines Festivals der j\u00fcdischen Musik in Paris und der Ile de France (bislang noch nicht realisiertes Projekt).<\/p>\n\n\n\n<p>&#8211; Aufbau eines europ\u00e4ischen Netzwerks der Zentren f\u00fcr j\u00fcdische Musik mit der Organisation der Europ\u00e4ischen Tage der j\u00fcdischen Musik alle 3-4 Jahre (bisher noch nicht realisiertes Projekt).<\/p>\n\n\n\n<p>September 2012: Das IEMJ zieht in seine R\u00e4umlichkeiten in der Rue Nationale &#8211; Paris 13e. 130 m2, die vollst\u00e4ndig der patrimonialen Arbeit im Bereich der j\u00fcdischen Musik gewidmet sind!<\/p>\n\n\n\n<p>2013 \u00e0 2016 : Das Team wird um drei neue Angestellte und acht Freiwillige erweitert. Drei neue CD-Kollektionen werden ins Leben gerufen (Collections D\u00e9couvertes, Archives und Classiques) und mehr als 22 Musikpartituren werden im Verlag des IEMJ ver\u00f6ffentlicht.<\/p>\n\n\n\n<p>Im Jahr 2016 umfassen die Musiksammlungen des IEMJ fast 80.000 Tondateien, 150.000 Seiten Partituren, Tausende Fotos, Videos und verschiedene Archive (Briefe, Konzertprogramme&#8230;). Diese Dokumente sind ganz oder teilweise vor Ort oder \u00fcber den <a href=\"http:\/\/www.rachelnet.net\/F\/?func=file&amp;file_name=find-b&amp;local_base=rebie&amp;con_lng=fre\">Rachel-Katalog<\/a>, der \u00fcber unsere Website zug\u00e4nglich ist, zug\u00e4nglich.<\/p>\n\n\n\n<p>Dar\u00fcber hinaus verschickt das IEMJ w\u00f6chentlich einen Newsletter an seine Mitglieder und Sympathisanten, der zahlreiche Online-Ressourcen bietet. Die <a href=\"https:\/\/www.iemj.org\/de\/\">IEMJ-Website<\/a> zieht jeden Monat fast 8.000 Besucher an. Schlie\u00dflich organisiert das IEMJ jedes Jahr sein <a href=\"https:\/\/www.iemj.org\/de\/?s=Concert+de+gala+&amp;search_type=main&amp;submit=Search\">gro\u00dfes Galakonzert<\/a> sowie etwa zehn weitere Veranstaltungen (Gesangsworkshops, Konferenzen, Kolloquien, Konzerte) in Partnerschaft mit j\u00fcdischen (FSJU, MAHJ, AIU, Institut Elie Wiesel usw.) und nichtj\u00fcdischen Institutionen (Festival d&#8217;Ile-de-France, Stadtverwaltung von Paris usw.).<\/p>\n\n\n\n<p><a href=\"https:\/\/www.iemj.org\/de\/les-publications-musicales-de-liemj\/\">H\u00f6ren Sie sich eine Musikauswahl aus unseren Ver\u00f6ffentlichungen an.<\/a><\/p>\n\n\n\n<p><\/p>\n\n\n\n<figure class=\"wp-block-embed is-type-video is-provider-youtube wp-block-embed-youtube wp-embed-aspect-16-9 wp-has-aspect-ratio\"><div class=\"wp-block-embed__wrapper\">\n<iframe title=\"Une journ\u00e9e \u00e0 l&#039;IEMJ\" width=\"640\" height=\"360\" src=\"https:\/\/www.youtube.com\/embed\/S5tCkzsBjvI?feature=oembed\" frameborder=\"0\" allow=\"accelerometer; autoplay; clipboard-write; encrypted-media; gyroscope; picture-in-picture; web-share\" referrerpolicy=\"strict-origin-when-cross-origin\" allowfullscreen><\/iframe>\n<\/div><figcaption class=\"wp-element-caption\"><strong>Erleben Sie einen Tag am IEMJ, heute, im Jahr 2016<\/strong><\/figcaption><\/figure>\n","protected":false},"excerpt":{"rendered":"<p>Das 2006 gegr\u00fcndete EJMI feierte 2016 sein 10-j\u00e4hriges Bestehen. 10 ereignisreiche Jahre, die dazu beigetragen haben, dass das IEMJ heute das wichtigste europ\u00e4ische Ressourcen- und Dokumentationszentrum f\u00fcr j\u00fcdische Musik ist.<\/p>\n","protected":false},"author":5,"featured_media":98420,"comment_status":"closed","ping_status":"closed","sticky":false,"template":"","format":"standard","meta":{"_acf_changed":false,"footnotes":""},"categories":[1370],"tags":[],"technique":[],"squelettes":[],"sujet":[],"formation":[],"genre":[],"fonds":[],"tradition":[],"type-de-contenu":[],"interprete-compositeur":[],"frise":[],"type-devenement":[],"tableaux-liens-externes":[],"class_list":["post-98419","post","type-post","status-publish","format-standard","has-post-thumbnail","hentry","category-veranstaltungen-de"],"acf":[],"yoast_head":"<!-- This site is optimized with the Yoast SEO plugin v27.3 - https:\/\/yoast.com\/product\/yoast-seo-wordpress\/ -->\n<title>DAS IEMJ - SCHON 10 JAHRE ALT! - Institut Europ\u00e9en des Musiques Juives<\/title>\n<meta name=\"robots\" content=\"noindex, follow\" \/>\n<meta property=\"og:locale\" content=\"de_DE\" \/>\n<meta property=\"og:type\" content=\"article\" \/>\n<meta property=\"og:title\" content=\"DAS IEMJ - SCHON 10 JAHRE ALT! - Institut Europ\u00e9en des Musiques Juives\" \/>\n<meta property=\"og:description\" content=\"Das 2006 gegr\u00fcndete EJMI feierte 2016 sein 10-j\u00e4hriges Bestehen. 10 ereignisreiche Jahre, die dazu beigetragen haben, dass das IEMJ heute das wichtigste europ\u00e4ische Ressourcen- und Dokumentationszentrum f\u00fcr j\u00fcdische Musik ist.\" \/>\n<meta property=\"og:url\" content=\"https:\/\/www.iemj.org\/de\/liemj-10-ans-deja\/\" \/>\n<meta property=\"og:site_name\" content=\"Institut Europ\u00e9en des Musiques Juives\" \/>\n<meta property=\"article:publisher\" content=\"https:\/\/www.facebook.com\/MusiquesJuives\/\" \/>\n<meta property=\"article:published_time\" content=\"2016-06-21T14:21:54+00:00\" \/>\n<meta property=\"article:modified_time\" content=\"2025-12-29T09:53:31+00:00\" \/>\n<meta property=\"og:image\" content=\"https:\/\/www.iemj.org\/wp-content\/uploads\/2016\/06\/arton1785.jpg\" \/>\n\t<meta property=\"og:image:width\" content=\"448\" \/>\n\t<meta property=\"og:image:height\" content=\"317\" \/>\n\t<meta property=\"og:image:type\" content=\"image\/jpeg\" \/>\n<meta name=\"author\" content=\"Jacqueline ROTEN\" \/>\n<meta name=\"twitter:card\" content=\"summary_large_image\" \/>\n<meta name=\"twitter:label1\" content=\"Verfasst von\" \/>\n\t<meta name=\"twitter:data1\" content=\"Jacqueline ROTEN\" \/>\n\t<meta name=\"twitter:label2\" content=\"Gesch\u00e4tzte Lesezeit\" \/>\n\t<meta name=\"twitter:data2\" content=\"5\u00a0Minuten\" \/>\n<script type=\"application\/ld+json\" class=\"yoast-schema-graph\">{\"@context\":\"https:\\\/\\\/schema.org\",\"@graph\":[{\"@type\":\"Article\",\"@id\":\"https:\\\/\\\/www.iemj.org\\\/de\\\/liemj-10-ans-deja\\\/#article\",\"isPartOf\":{\"@id\":\"https:\\\/\\\/www.iemj.org\\\/de\\\/liemj-10-ans-deja\\\/\"},\"author\":{\"name\":\"Jacqueline ROTEN\",\"@id\":\"https:\\\/\\\/www.iemj.org\\\/de\\\/#\\\/schema\\\/person\\\/358e26c18aca017fcc4cc15437f7279c\"},\"headline\":\"DAS IEMJ &#8211; SCHON 10 JAHRE ALT!\",\"datePublished\":\"2016-06-21T14:21:54+00:00\",\"dateModified\":\"2025-12-29T09:53:31+00:00\",\"mainEntityOfPage\":{\"@id\":\"https:\\\/\\\/www.iemj.org\\\/de\\\/liemj-10-ans-deja\\\/\"},\"wordCount\":932,\"publisher\":{\"@id\":\"https:\\\/\\\/www.iemj.org\\\/de\\\/#organization\"},\"image\":{\"@id\":\"https:\\\/\\\/www.iemj.org\\\/de\\\/liemj-10-ans-deja\\\/#primaryimage\"},\"thumbnailUrl\":\"https:\\\/\\\/www.iemj.org\\\/wp-content\\\/uploads\\\/2016\\\/06\\\/arton1785.jpg\",\"articleSection\":[\"Veranstaltungen\"],\"inLanguage\":\"de\"},{\"@type\":\"WebPage\",\"@id\":\"https:\\\/\\\/www.iemj.org\\\/de\\\/liemj-10-ans-deja\\\/\",\"url\":\"https:\\\/\\\/www.iemj.org\\\/de\\\/liemj-10-ans-deja\\\/\",\"name\":\"DAS IEMJ - SCHON 10 JAHRE ALT! - Institut Europ\u00e9en des Musiques Juives\",\"isPartOf\":{\"@id\":\"https:\\\/\\\/www.iemj.org\\\/de\\\/#website\"},\"primaryImageOfPage\":{\"@id\":\"https:\\\/\\\/www.iemj.org\\\/de\\\/liemj-10-ans-deja\\\/#primaryimage\"},\"image\":{\"@id\":\"https:\\\/\\\/www.iemj.org\\\/de\\\/liemj-10-ans-deja\\\/#primaryimage\"},\"thumbnailUrl\":\"https:\\\/\\\/www.iemj.org\\\/wp-content\\\/uploads\\\/2016\\\/06\\\/arton1785.jpg\",\"datePublished\":\"2016-06-21T14:21:54+00:00\",\"dateModified\":\"2025-12-29T09:53:31+00:00\",\"breadcrumb\":{\"@id\":\"https:\\\/\\\/www.iemj.org\\\/de\\\/liemj-10-ans-deja\\\/#breadcrumb\"},\"inLanguage\":\"de\",\"potentialAction\":[{\"@type\":\"ReadAction\",\"target\":[\"https:\\\/\\\/www.iemj.org\\\/de\\\/liemj-10-ans-deja\\\/\"]}]},{\"@type\":\"ImageObject\",\"inLanguage\":\"de\",\"@id\":\"https:\\\/\\\/www.iemj.org\\\/de\\\/liemj-10-ans-deja\\\/#primaryimage\",\"url\":\"https:\\\/\\\/www.iemj.org\\\/wp-content\\\/uploads\\\/2016\\\/06\\\/arton1785.jpg\",\"contentUrl\":\"https:\\\/\\\/www.iemj.org\\\/wp-content\\\/uploads\\\/2016\\\/06\\\/arton1785.jpg\",\"width\":448,\"height\":317},{\"@type\":\"BreadcrumbList\",\"@id\":\"https:\\\/\\\/www.iemj.org\\\/de\\\/liemj-10-ans-deja\\\/#breadcrumb\",\"itemListElement\":[{\"@type\":\"ListItem\",\"position\":1,\"name\":\"Accueil\",\"item\":\"https:\\\/\\\/www.iemj.org\\\/de\\\/\"},{\"@type\":\"ListItem\",\"position\":2,\"name\":\"DAS IEMJ &#8211; SCHON 10 JAHRE ALT!\"}]},{\"@type\":\"WebSite\",\"@id\":\"https:\\\/\\\/www.iemj.org\\\/de\\\/#website\",\"url\":\"https:\\\/\\\/www.iemj.org\\\/de\\\/\",\"name\":\"Institut Europ\u00e9en des Musiques Juives\",\"description\":\"Des traditions musicales \u00e0 la port\u00e9e de tous\",\"publisher\":{\"@id\":\"https:\\\/\\\/www.iemj.org\\\/de\\\/#organization\"},\"potentialAction\":[{\"@type\":\"SearchAction\",\"target\":{\"@type\":\"EntryPoint\",\"urlTemplate\":\"https:\\\/\\\/www.iemj.org\\\/de\\\/?s={search_term_string}\"},\"query-input\":{\"@type\":\"PropertyValueSpecification\",\"valueRequired\":true,\"valueName\":\"search_term_string\"}}],\"inLanguage\":\"de\"},{\"@type\":\"Organization\",\"@id\":\"https:\\\/\\\/www.iemj.org\\\/de\\\/#organization\",\"name\":\"Institut Europ\u00e9en des Musiques Juives\",\"url\":\"https:\\\/\\\/www.iemj.org\\\/de\\\/\",\"logo\":{\"@type\":\"ImageObject\",\"inLanguage\":\"de\",\"@id\":\"https:\\\/\\\/www.iemj.org\\\/de\\\/#\\\/schema\\\/logo\\\/image\\\/\",\"url\":\"https:\\\/\\\/www.iemj.org\\\/wp-content\\\/uploads\\\/2021\\\/09\\\/Logo-IEMJ-Paypal.jpg\",\"contentUrl\":\"https:\\\/\\\/www.iemj.org\\\/wp-content\\\/uploads\\\/2021\\\/09\\\/Logo-IEMJ-Paypal.jpg\",\"width\":150,\"height\":50,\"caption\":\"Institut Europ\u00e9en des Musiques Juives\"},\"image\":{\"@id\":\"https:\\\/\\\/www.iemj.org\\\/de\\\/#\\\/schema\\\/logo\\\/image\\\/\"},\"sameAs\":[\"https:\\\/\\\/www.facebook.com\\\/MusiquesJuives\\\/\",\"https:\\\/\\\/www.instagram.com\\\/musiquesjuives\\\/\",\"https:\\\/\\\/www.youtube.com\\\/user\\\/musiquesjuives\"]},{\"@type\":\"Person\",\"@id\":\"https:\\\/\\\/www.iemj.org\\\/de\\\/#\\\/schema\\\/person\\\/358e26c18aca017fcc4cc15437f7279c\",\"name\":\"Jacqueline ROTEN\",\"image\":{\"@type\":\"ImageObject\",\"inLanguage\":\"de\",\"@id\":\"https:\\\/\\\/secure.gravatar.com\\\/avatar\\\/5964256d6c6957de3a3505278957e0fb2a35119ac47ea41827a65301213c810b?s=96&d=mm&r=g\",\"url\":\"https:\\\/\\\/secure.gravatar.com\\\/avatar\\\/5964256d6c6957de3a3505278957e0fb2a35119ac47ea41827a65301213c810b?s=96&d=mm&r=g\",\"contentUrl\":\"https:\\\/\\\/secure.gravatar.com\\\/avatar\\\/5964256d6c6957de3a3505278957e0fb2a35119ac47ea41827a65301213c810b?s=96&d=mm&r=g\",\"caption\":\"Jacqueline ROTEN\"}}]}<\/script>\n<!-- \/ Yoast SEO plugin. -->","yoast_head_json":{"title":"DAS IEMJ - SCHON 10 JAHRE ALT! - Institut Europ\u00e9en des Musiques Juives","robots":{"index":"noindex","follow":"follow"},"og_locale":"de_DE","og_type":"article","og_title":"DAS IEMJ - SCHON 10 JAHRE ALT! - Institut Europ\u00e9en des Musiques Juives","og_description":"Das 2006 gegr\u00fcndete EJMI feierte 2016 sein 10-j\u00e4hriges Bestehen. 10 ereignisreiche Jahre, die dazu beigetragen haben, dass das IEMJ heute das wichtigste europ\u00e4ische Ressourcen- und Dokumentationszentrum f\u00fcr j\u00fcdische Musik ist.","og_url":"https:\/\/www.iemj.org\/de\/liemj-10-ans-deja\/","og_site_name":"Institut Europ\u00e9en des Musiques Juives","article_publisher":"https:\/\/www.facebook.com\/MusiquesJuives\/","article_published_time":"2016-06-21T14:21:54+00:00","article_modified_time":"2025-12-29T09:53:31+00:00","og_image":[{"width":448,"height":317,"url":"https:\/\/www.iemj.org\/wp-content\/uploads\/2016\/06\/arton1785.jpg","type":"image\/jpeg"}],"author":"Jacqueline ROTEN","twitter_card":"summary_large_image","twitter_misc":{"Verfasst von":"Jacqueline ROTEN","Gesch\u00e4tzte Lesezeit":"5\u00a0Minuten"},"schema":{"@context":"https:\/\/schema.org","@graph":[{"@type":"Article","@id":"https:\/\/www.iemj.org\/de\/liemj-10-ans-deja\/#article","isPartOf":{"@id":"https:\/\/www.iemj.org\/de\/liemj-10-ans-deja\/"},"author":{"name":"Jacqueline ROTEN","@id":"https:\/\/www.iemj.org\/de\/#\/schema\/person\/358e26c18aca017fcc4cc15437f7279c"},"headline":"DAS IEMJ &#8211; SCHON 10 JAHRE ALT!","datePublished":"2016-06-21T14:21:54+00:00","dateModified":"2025-12-29T09:53:31+00:00","mainEntityOfPage":{"@id":"https:\/\/www.iemj.org\/de\/liemj-10-ans-deja\/"},"wordCount":932,"publisher":{"@id":"https:\/\/www.iemj.org\/de\/#organization"},"image":{"@id":"https:\/\/www.iemj.org\/de\/liemj-10-ans-deja\/#primaryimage"},"thumbnailUrl":"https:\/\/www.iemj.org\/wp-content\/uploads\/2016\/06\/arton1785.jpg","articleSection":["Veranstaltungen"],"inLanguage":"de"},{"@type":"WebPage","@id":"https:\/\/www.iemj.org\/de\/liemj-10-ans-deja\/","url":"https:\/\/www.iemj.org\/de\/liemj-10-ans-deja\/","name":"DAS IEMJ - SCHON 10 JAHRE ALT! - Institut Europ\u00e9en des Musiques Juives","isPartOf":{"@id":"https:\/\/www.iemj.org\/de\/#website"},"primaryImageOfPage":{"@id":"https:\/\/www.iemj.org\/de\/liemj-10-ans-deja\/#primaryimage"},"image":{"@id":"https:\/\/www.iemj.org\/de\/liemj-10-ans-deja\/#primaryimage"},"thumbnailUrl":"https:\/\/www.iemj.org\/wp-content\/uploads\/2016\/06\/arton1785.jpg","datePublished":"2016-06-21T14:21:54+00:00","dateModified":"2025-12-29T09:53:31+00:00","breadcrumb":{"@id":"https:\/\/www.iemj.org\/de\/liemj-10-ans-deja\/#breadcrumb"},"inLanguage":"de","potentialAction":[{"@type":"ReadAction","target":["https:\/\/www.iemj.org\/de\/liemj-10-ans-deja\/"]}]},{"@type":"ImageObject","inLanguage":"de","@id":"https:\/\/www.iemj.org\/de\/liemj-10-ans-deja\/#primaryimage","url":"https:\/\/www.iemj.org\/wp-content\/uploads\/2016\/06\/arton1785.jpg","contentUrl":"https:\/\/www.iemj.org\/wp-content\/uploads\/2016\/06\/arton1785.jpg","width":448,"height":317},{"@type":"BreadcrumbList","@id":"https:\/\/www.iemj.org\/de\/liemj-10-ans-deja\/#breadcrumb","itemListElement":[{"@type":"ListItem","position":1,"name":"Accueil","item":"https:\/\/www.iemj.org\/de\/"},{"@type":"ListItem","position":2,"name":"DAS IEMJ &#8211; SCHON 10 JAHRE ALT!"}]},{"@type":"WebSite","@id":"https:\/\/www.iemj.org\/de\/#website","url":"https:\/\/www.iemj.org\/de\/","name":"Institut Europ\u00e9en des Musiques Juives","description":"Des traditions musicales \u00e0 la port\u00e9e de tous","publisher":{"@id":"https:\/\/www.iemj.org\/de\/#organization"},"potentialAction":[{"@type":"SearchAction","target":{"@type":"EntryPoint","urlTemplate":"https:\/\/www.iemj.org\/de\/?s={search_term_string}"},"query-input":{"@type":"PropertyValueSpecification","valueRequired":true,"valueName":"search_term_string"}}],"inLanguage":"de"},{"@type":"Organization","@id":"https:\/\/www.iemj.org\/de\/#organization","name":"Institut Europ\u00e9en des Musiques Juives","url":"https:\/\/www.iemj.org\/de\/","logo":{"@type":"ImageObject","inLanguage":"de","@id":"https:\/\/www.iemj.org\/de\/#\/schema\/logo\/image\/","url":"https:\/\/www.iemj.org\/wp-content\/uploads\/2021\/09\/Logo-IEMJ-Paypal.jpg","contentUrl":"https:\/\/www.iemj.org\/wp-content\/uploads\/2021\/09\/Logo-IEMJ-Paypal.jpg","width":150,"height":50,"caption":"Institut Europ\u00e9en des Musiques Juives"},"image":{"@id":"https:\/\/www.iemj.org\/de\/#\/schema\/logo\/image\/"},"sameAs":["https:\/\/www.facebook.com\/MusiquesJuives\/","https:\/\/www.instagram.com\/musiquesjuives\/","https:\/\/www.youtube.com\/user\/musiquesjuives"]},{"@type":"Person","@id":"https:\/\/www.iemj.org\/de\/#\/schema\/person\/358e26c18aca017fcc4cc15437f7279c","name":"Jacqueline ROTEN","image":{"@type":"ImageObject","inLanguage":"de","@id":"https:\/\/secure.gravatar.com\/avatar\/5964256d6c6957de3a3505278957e0fb2a35119ac47ea41827a65301213c810b?s=96&d=mm&r=g","url":"https:\/\/secure.gravatar.com\/avatar\/5964256d6c6957de3a3505278957e0fb2a35119ac47ea41827a65301213c810b?s=96&d=mm&r=g","contentUrl":"https:\/\/secure.gravatar.com\/avatar\/5964256d6c6957de3a3505278957e0fb2a35119ac47ea41827a65301213c810b?s=96&d=mm&r=g","caption":"Jacqueline ROTEN"}}]}},"_links":{"self":[{"href":"https:\/\/www.iemj.org\/de\/wp-json\/wp\/v2\/posts\/98419","targetHints":{"allow":["GET"]}}],"collection":[{"href":"https:\/\/www.iemj.org\/de\/wp-json\/wp\/v2\/posts"}],"about":[{"href":"https:\/\/www.iemj.org\/de\/wp-json\/wp\/v2\/types\/post"}],"author":[{"embeddable":true,"href":"https:\/\/www.iemj.org\/de\/wp-json\/wp\/v2\/users\/5"}],"replies":[{"embeddable":true,"href":"https:\/\/www.iemj.org\/de\/wp-json\/wp\/v2\/comments?post=98419"}],"version-history":[{"count":2,"href":"https:\/\/www.iemj.org\/de\/wp-json\/wp\/v2\/posts\/98419\/revisions"}],"predecessor-version":[{"id":128625,"href":"https:\/\/www.iemj.org\/de\/wp-json\/wp\/v2\/posts\/98419\/revisions\/128625"}],"wp:featuredmedia":[{"embeddable":true,"href":"https:\/\/www.iemj.org\/de\/wp-json\/wp\/v2\/media\/98420"}],"wp:attachment":[{"href":"https:\/\/www.iemj.org\/de\/wp-json\/wp\/v2\/media?parent=98419"}],"wp:term":[{"taxonomy":"category","embeddable":true,"href":"https:\/\/www.iemj.org\/de\/wp-json\/wp\/v2\/categories?post=98419"},{"taxonomy":"post_tag","embeddable":true,"href":"https:\/\/www.iemj.org\/de\/wp-json\/wp\/v2\/tags?post=98419"},{"taxonomy":"technique","embeddable":true,"href":"https:\/\/www.iemj.org\/de\/wp-json\/wp\/v2\/technique?post=98419"},{"taxonomy":"squelettes","embeddable":true,"href":"https:\/\/www.iemj.org\/de\/wp-json\/wp\/v2\/squelettes?post=98419"},{"taxonomy":"sujet","embeddable":true,"href":"https:\/\/www.iemj.org\/de\/wp-json\/wp\/v2\/sujet?post=98419"},{"taxonomy":"formation","embeddable":true,"href":"https:\/\/www.iemj.org\/de\/wp-json\/wp\/v2\/formation?post=98419"},{"taxonomy":"genre","embeddable":true,"href":"https:\/\/www.iemj.org\/de\/wp-json\/wp\/v2\/genre?post=98419"},{"taxonomy":"fonds","embeddable":true,"href":"https:\/\/www.iemj.org\/de\/wp-json\/wp\/v2\/fonds?post=98419"},{"taxonomy":"tradition","embeddable":true,"href":"https:\/\/www.iemj.org\/de\/wp-json\/wp\/v2\/tradition?post=98419"},{"taxonomy":"type-de-contenu","embeddable":true,"href":"https:\/\/www.iemj.org\/de\/wp-json\/wp\/v2\/type-de-contenu?post=98419"},{"taxonomy":"interprete-compositeur","embeddable":true,"href":"https:\/\/www.iemj.org\/de\/wp-json\/wp\/v2\/interprete-compositeur?post=98419"},{"taxonomy":"frise","embeddable":true,"href":"https:\/\/www.iemj.org\/de\/wp-json\/wp\/v2\/frise?post=98419"},{"taxonomy":"type-devenement","embeddable":true,"href":"https:\/\/www.iemj.org\/de\/wp-json\/wp\/v2\/type-devenement?post=98419"},{"taxonomy":"tableaux-liens-externes","embeddable":true,"href":"https:\/\/www.iemj.org\/de\/wp-json\/wp\/v2\/tableaux-liens-externes?post=98419"}],"curies":[{"name":"wp","href":"https:\/\/api.w.org\/{rel}","templated":true}]}}