{"id":98462,"date":"2016-12-15T12:08:07","date_gmt":"2016-12-15T11:08:07","guid":{"rendered":"https:\/\/www.iemj.org\/dor-et-de-lumiere-or-vezahav-musique-de-celebration\/"},"modified":"2025-10-20T12:27:06","modified_gmt":"2025-10-20T10:27:06","slug":"dor-et-de-lumiere-or-vezahav-musique-de-celebration","status":"publish","type":"post","link":"https:\/\/www.iemj.org\/de\/dor-et-de-lumiere-or-vezahav-musique-de-celebration\/","title":{"rendered":"D&#8217;Or et de lumi\u00e8re &#8211; Or Vezahav &#8211; Musique de c\u00e9l\u00e9bration"},"content":{"rendered":"<p><strong>Aus Gold und Licht \u2013 Or Vezahav \u2013 Feiermusik<\/strong><!--more--><\/p>\n<p>Die j\u00fcdische Musik umrundet den Mittelmeerraum wie sie umrundet ein Zifferblatt oder die Feste des Jahres, von Rosch ha-Schana bis Purim. Sie wechselt auch von einem Stil zum anderen, vom Barock auf Hebr\u00e4isch zu den Romanzen auf J\u00fcdisch-Spanisch, von den lebhaftesten Rhythmen zu den melancholischsten Melodien. Dank einer gro\u00dfen Vielfalt an Instrumenten wie Theorben, Barockgitarren, Colascione, Viola da Terra, Gamben, Fl\u00f6ten und zahlreichen Perkussionsinstrumenten werden alle ihrer Farben enth\u00fcllt. Mit seinem bekannten humanistischen und bahnbrechenden Ansatz bringt <strong>XVIII-21 Le Baroque Nomade<\/strong> eine sensible Version dieses Repertoires auf die B\u00fchne, voller Improvisationen und Kontraste, die alle Einfl\u00fcsse, die die j\u00fcdische Musik mit sich bringt, beleuchtet.<\/p>\n<p><strong>XVIII-21 Le Baroque Nomade<\/strong> unter der Leitung von <strong>Jean Christophe Frisch<\/strong> erforscht seit \u00fcber 20 Jahren die historischen und kulturellen Verbindungen zwischen dem europ\u00e4ischen Barockrepertoire und den musikalischen Traditionen anderer L\u00e4nder.<\/p>\n<p>Jean-Christophe Frisch \u2013 Fl\u00f6ten und Leitung <br \/>Cyrille Gerstenhaber \u2013 Sopranstimme, Gambe, Kastagnetten, crota<br \/>Isabelle Schmitt: Mezzosopranstimme, Gambe<br \/>Sharman Plesner: Geige, Bratsche<br \/>Andreas Linos: Gambe<br \/>Re\u0301mi Cassaigne: Theorbe, Renaissance-Gitarre<br \/>Romain Falik: Barockgitarre, Theorbe, Oud<br \/>Pierre Rigopoulos: Zarb, Daf, Riq<\/p>\n<p><a href=\"https:\/\/www.prestomusic.com\/classical\/products\/8193525--dor-et-de-lumiere-or-vezahav-of-gold-light\" target=\"_blank\" rel=\"noopener\">Erfahren Sie mehr und bestellen Sie die CD<\/a><\/p>\n\n<div class=\"wp-block-image\">\n<figure class=\"aligncenter size-large\"><img fetchpriority=\"high\" decoding=\"async\" width=\"1024\" height=\"133\" src=\"https:\/\/www.iemj.org\/wp-content\/uploads\/2024\/03\/AUDIO-PLAYER-1024x133.png\" alt=\"\" class=\"wp-image-110606\" srcset=\"https:\/\/www.iemj.org\/wp-content\/uploads\/2024\/03\/AUDIO-PLAYER-1024x133.png 1024w, https:\/\/www.iemj.org\/wp-content\/uploads\/2024\/03\/AUDIO-PLAYER-300x39.png 300w, https:\/\/www.iemj.org\/wp-content\/uploads\/2024\/03\/AUDIO-PLAYER-768x100.png 768w, https:\/\/www.iemj.org\/wp-content\/uploads\/2024\/03\/AUDIO-PLAYER-600x78.png 600w, https:\/\/www.iemj.org\/wp-content\/uploads\/2024\/03\/AUDIO-PLAYER.png 1210w\" sizes=\"(max-width: 1024px) 100vw, 1024px\" \/><\/figure>\n<\/div>\n\n\n<div class=\"wp-block-file\"><a id=\"wp-block-file--media-336d62db-6f85-4fb5-91d2-54839b1ef715\" href=\"https:\/\/www.iemj.org\/wp-content\/uploads\/2016\/12\/cd_851_01.mp3\">Avinu Malkenu<\/a><\/div>\n\n\n\n<div class=\"wp-block-file\"><a id=\"wp-block-file--media-f7198f92-d3f2-454f-95b2-a656758827b2\" href=\"https:\/\/www.iemj.org\/wp-content\/uploads\/2016\/12\/cd_851_05.mp3\">Aria Allegro (la Clemenza)<\/a><\/div>\n\n\n\n<div class=\"wp-block-file\"><a id=\"wp-block-file--media-9ae23e0e-2692-4e00-84d7-6565b648c7fd\" href=\"https:\/\/www.iemj.org\/wp-content\/uploads\/2016\/12\/cd_851_10.mp3\">Pesrev neveser<\/a><\/div>\n\n\n\n<div class=\"wp-block-file\"><a id=\"wp-block-file--media-fbd00a05-f44a-4d46-8c9b-5f10723588f9\" href=\"https:\/\/www.iemj.org\/wp-content\/uploads\/2016\/12\/cd_851_14.mp3\">Traditionnel ladino: Coplas de Purim<\/a><\/div>\n\n\n\n<div class=\"wp-block-file\"><a id=\"wp-block-file--media-c4a51b33-8e50-4be4-a475-82c8fb5d4e77\" href=\"https:\/\/www.iemj.org\/wp-content\/uploads\/2016\/12\/cd_851_18.mp3\">&#8218;Had Gadia<\/a><\/div>\n","protected":false},"excerpt":{"rendered":"<p>Aus Gold und Licht \u2013 Or Vezahav \u2013 Feiermusik<\/p>\n","protected":false},"author":1048,"featured_media":98463,"comment_status":"closed","ping_status":"closed","sticky":false,"template":"","format":"standard","meta":{"_acf_changed":false,"footnotes":""},"categories":[1571,1561],"tags":[],"technique":[],"squelettes":[],"sujet":[],"formation":[],"genre":[1893],"fonds":[],"tradition":[],"type-de-contenu":[],"interprete-compositeur":[],"frise":[],"type-devenement":[],"tableaux-liens-externes":[],"class_list":["post-98462","post","type-post","status-publish","format-standard","has-post-thumbnail","hentry","category-cd-de","category-letzte-neuerwerbungen-de","genre-barockmusik-de"],"acf":[],"yoast_head":"<!-- This site is optimized with the Yoast SEO plugin v27.3 - https:\/\/yoast.com\/product\/yoast-seo-wordpress\/ -->\n<title>D&#039;Or et de lumi\u00e8re - Or Vezahav - Musique de c\u00e9l\u00e9bration - Institut Europ\u00e9en des Musiques Juives<\/title>\n<meta name=\"robots\" content=\"index, follow, max-snippet:-1, max-image-preview:large, max-video-preview:-1\" \/>\n<link rel=\"canonical\" href=\"https:\/\/www.iemj.org\/de\/dor-et-de-lumiere-or-vezahav-musique-de-celebration\/\" \/>\n<meta property=\"og:locale\" content=\"de_DE\" \/>\n<meta property=\"og:type\" content=\"article\" \/>\n<meta property=\"og:title\" content=\"D&#039;Or et de lumi\u00e8re - Or Vezahav - Musique de c\u00e9l\u00e9bration - Institut Europ\u00e9en des Musiques Juives\" \/>\n<meta property=\"og:description\" content=\"Aus Gold und Licht \u2013 Or Vezahav \u2013 Feiermusik\" \/>\n<meta property=\"og:url\" content=\"https:\/\/www.iemj.org\/de\/dor-et-de-lumiere-or-vezahav-musique-de-celebration\/\" \/>\n<meta property=\"og:site_name\" content=\"Institut Europ\u00e9en des Musiques Juives\" \/>\n<meta property=\"article:publisher\" content=\"https:\/\/www.facebook.com\/MusiquesJuives\/\" \/>\n<meta property=\"article:published_time\" content=\"2016-12-15T11:08:07+00:00\" \/>\n<meta property=\"article:modified_time\" content=\"2025-10-20T10:27:06+00:00\" \/>\n<meta property=\"og:image\" content=\"https:\/\/www.iemj.org\/wp-content\/uploads\/2016\/12\/arton1998-e1619345612158.jpg\" \/>\n\t<meta property=\"og:image:width\" content=\"350\" \/>\n\t<meta property=\"og:image:height\" content=\"350\" \/>\n\t<meta property=\"og:image:type\" content=\"image\/jpeg\" \/>\n<meta name=\"author\" content=\"Jean-Gabriel Davis\" \/>\n<meta name=\"twitter:card\" content=\"summary_large_image\" \/>\n<meta name=\"twitter:label1\" content=\"Verfasst von\" \/>\n\t<meta name=\"twitter:data1\" content=\"Jean-Gabriel Davis\" \/>\n\t<meta name=\"twitter:label2\" content=\"Gesch\u00e4tzte Lesezeit\" \/>\n\t<meta name=\"twitter:data2\" content=\"2\u00a0Minuten\" \/>\n<script type=\"application\/ld+json\" class=\"yoast-schema-graph\">{\"@context\":\"https:\\\/\\\/schema.org\",\"@graph\":[{\"@type\":\"Article\",\"@id\":\"https:\\\/\\\/www.iemj.org\\\/de\\\/dor-et-de-lumiere-or-vezahav-musique-de-celebration\\\/#article\",\"isPartOf\":{\"@id\":\"https:\\\/\\\/www.iemj.org\\\/de\\\/dor-et-de-lumiere-or-vezahav-musique-de-celebration\\\/\"},\"author\":{\"name\":\"Jean-Gabriel Davis\",\"@id\":\"https:\\\/\\\/www.iemj.org\\\/de\\\/#\\\/schema\\\/person\\\/c9bc1c386a3749579a2d675e72a18666\"},\"headline\":\"D&#8217;Or et de lumi\u00e8re &#8211; Or Vezahav &#8211; Musique de c\u00e9l\u00e9bration\",\"datePublished\":\"2016-12-15T11:08:07+00:00\",\"dateModified\":\"2025-10-20T10:27:06+00:00\",\"mainEntityOfPage\":{\"@id\":\"https:\\\/\\\/www.iemj.org\\\/de\\\/dor-et-de-lumiere-or-vezahav-musique-de-celebration\\\/\"},\"wordCount\":222,\"publisher\":{\"@id\":\"https:\\\/\\\/www.iemj.org\\\/de\\\/#organization\"},\"image\":{\"@id\":\"https:\\\/\\\/www.iemj.org\\\/de\\\/dor-et-de-lumiere-or-vezahav-musique-de-celebration\\\/#primaryimage\"},\"thumbnailUrl\":\"https:\\\/\\\/www.iemj.org\\\/wp-content\\\/uploads\\\/2016\\\/12\\\/arton1998-e1619345612158.jpg\",\"articleSection\":[\"CD\",\"Letzte Neuerwerbungen\"],\"inLanguage\":\"de\"},{\"@type\":\"WebPage\",\"@id\":\"https:\\\/\\\/www.iemj.org\\\/de\\\/dor-et-de-lumiere-or-vezahav-musique-de-celebration\\\/\",\"url\":\"https:\\\/\\\/www.iemj.org\\\/de\\\/dor-et-de-lumiere-or-vezahav-musique-de-celebration\\\/\",\"name\":\"D'Or et de lumi\u00e8re - Or Vezahav - Musique de c\u00e9l\u00e9bration - Institut Europ\u00e9en des Musiques Juives\",\"isPartOf\":{\"@id\":\"https:\\\/\\\/www.iemj.org\\\/de\\\/#website\"},\"primaryImageOfPage\":{\"@id\":\"https:\\\/\\\/www.iemj.org\\\/de\\\/dor-et-de-lumiere-or-vezahav-musique-de-celebration\\\/#primaryimage\"},\"image\":{\"@id\":\"https:\\\/\\\/www.iemj.org\\\/de\\\/dor-et-de-lumiere-or-vezahav-musique-de-celebration\\\/#primaryimage\"},\"thumbnailUrl\":\"https:\\\/\\\/www.iemj.org\\\/wp-content\\\/uploads\\\/2016\\\/12\\\/arton1998-e1619345612158.jpg\",\"datePublished\":\"2016-12-15T11:08:07+00:00\",\"dateModified\":\"2025-10-20T10:27:06+00:00\",\"breadcrumb\":{\"@id\":\"https:\\\/\\\/www.iemj.org\\\/de\\\/dor-et-de-lumiere-or-vezahav-musique-de-celebration\\\/#breadcrumb\"},\"inLanguage\":\"de\",\"potentialAction\":[{\"@type\":\"ReadAction\",\"target\":[\"https:\\\/\\\/www.iemj.org\\\/de\\\/dor-et-de-lumiere-or-vezahav-musique-de-celebration\\\/\"]}]},{\"@type\":\"ImageObject\",\"inLanguage\":\"de\",\"@id\":\"https:\\\/\\\/www.iemj.org\\\/de\\\/dor-et-de-lumiere-or-vezahav-musique-de-celebration\\\/#primaryimage\",\"url\":\"https:\\\/\\\/www.iemj.org\\\/wp-content\\\/uploads\\\/2016\\\/12\\\/arton1998-e1619345612158.jpg\",\"contentUrl\":\"https:\\\/\\\/www.iemj.org\\\/wp-content\\\/uploads\\\/2016\\\/12\\\/arton1998-e1619345612158.jpg\",\"width\":350,\"height\":350},{\"@type\":\"BreadcrumbList\",\"@id\":\"https:\\\/\\\/www.iemj.org\\\/de\\\/dor-et-de-lumiere-or-vezahav-musique-de-celebration\\\/#breadcrumb\",\"itemListElement\":[{\"@type\":\"ListItem\",\"position\":1,\"name\":\"Accueil\",\"item\":\"https:\\\/\\\/www.iemj.org\\\/de\\\/\"},{\"@type\":\"ListItem\",\"position\":2,\"name\":\"D&rsquo;Or et de lumi\u00e8re &#8211; Or Vezahav &#8211; Musique de c\u00e9l\u00e9bration\"}]},{\"@type\":\"WebSite\",\"@id\":\"https:\\\/\\\/www.iemj.org\\\/de\\\/#website\",\"url\":\"https:\\\/\\\/www.iemj.org\\\/de\\\/\",\"name\":\"Institut Europ\u00e9en des Musiques Juives\",\"description\":\"Des traditions musicales \u00e0 la port\u00e9e de tous\",\"publisher\":{\"@id\":\"https:\\\/\\\/www.iemj.org\\\/de\\\/#organization\"},\"potentialAction\":[{\"@type\":\"SearchAction\",\"target\":{\"@type\":\"EntryPoint\",\"urlTemplate\":\"https:\\\/\\\/www.iemj.org\\\/de\\\/?s={search_term_string}\"},\"query-input\":{\"@type\":\"PropertyValueSpecification\",\"valueRequired\":true,\"valueName\":\"search_term_string\"}}],\"inLanguage\":\"de\"},{\"@type\":\"Organization\",\"@id\":\"https:\\\/\\\/www.iemj.org\\\/de\\\/#organization\",\"name\":\"Institut Europ\u00e9en des Musiques Juives\",\"url\":\"https:\\\/\\\/www.iemj.org\\\/de\\\/\",\"logo\":{\"@type\":\"ImageObject\",\"inLanguage\":\"de\",\"@id\":\"https:\\\/\\\/www.iemj.org\\\/de\\\/#\\\/schema\\\/logo\\\/image\\\/\",\"url\":\"https:\\\/\\\/www.iemj.org\\\/wp-content\\\/uploads\\\/2021\\\/09\\\/Logo-IEMJ-Paypal.jpg\",\"contentUrl\":\"https:\\\/\\\/www.iemj.org\\\/wp-content\\\/uploads\\\/2021\\\/09\\\/Logo-IEMJ-Paypal.jpg\",\"width\":150,\"height\":50,\"caption\":\"Institut Europ\u00e9en des Musiques Juives\"},\"image\":{\"@id\":\"https:\\\/\\\/www.iemj.org\\\/de\\\/#\\\/schema\\\/logo\\\/image\\\/\"},\"sameAs\":[\"https:\\\/\\\/www.facebook.com\\\/MusiquesJuives\\\/\",\"https:\\\/\\\/www.instagram.com\\\/musiquesjuives\\\/\",\"https:\\\/\\\/www.youtube.com\\\/user\\\/musiquesjuives\"]},{\"@type\":\"Person\",\"@id\":\"https:\\\/\\\/www.iemj.org\\\/de\\\/#\\\/schema\\\/person\\\/c9bc1c386a3749579a2d675e72a18666\",\"name\":\"Jean-Gabriel Davis\",\"image\":{\"@type\":\"ImageObject\",\"inLanguage\":\"de\",\"@id\":\"https:\\\/\\\/secure.gravatar.com\\\/avatar\\\/2b90d67bdf392c9b3a21fab87c0fa7edaf1fb3a058172a1ffd61033fcec7aec1?s=96&d=mm&r=g\",\"url\":\"https:\\\/\\\/secure.gravatar.com\\\/avatar\\\/2b90d67bdf392c9b3a21fab87c0fa7edaf1fb3a058172a1ffd61033fcec7aec1?s=96&d=mm&r=g\",\"contentUrl\":\"https:\\\/\\\/secure.gravatar.com\\\/avatar\\\/2b90d67bdf392c9b3a21fab87c0fa7edaf1fb3a058172a1ffd61033fcec7aec1?s=96&d=mm&r=g\",\"caption\":\"Jean-Gabriel Davis\"}}]}<\/script>\n<!-- \/ Yoast SEO plugin. -->","yoast_head_json":{"title":"D'Or et de lumi\u00e8re - Or Vezahav - Musique de c\u00e9l\u00e9bration - Institut Europ\u00e9en des Musiques Juives","robots":{"index":"index","follow":"follow","max-snippet":"max-snippet:-1","max-image-preview":"max-image-preview:large","max-video-preview":"max-video-preview:-1"},"canonical":"https:\/\/www.iemj.org\/de\/dor-et-de-lumiere-or-vezahav-musique-de-celebration\/","og_locale":"de_DE","og_type":"article","og_title":"D'Or et de lumi\u00e8re - Or Vezahav - Musique de c\u00e9l\u00e9bration - Institut Europ\u00e9en des Musiques Juives","og_description":"Aus Gold und Licht \u2013 Or Vezahav \u2013 Feiermusik","og_url":"https:\/\/www.iemj.org\/de\/dor-et-de-lumiere-or-vezahav-musique-de-celebration\/","og_site_name":"Institut Europ\u00e9en des Musiques Juives","article_publisher":"https:\/\/www.facebook.com\/MusiquesJuives\/","article_published_time":"2016-12-15T11:08:07+00:00","article_modified_time":"2025-10-20T10:27:06+00:00","og_image":[{"width":350,"height":350,"url":"https:\/\/www.iemj.org\/wp-content\/uploads\/2016\/12\/arton1998-e1619345612158.jpg","type":"image\/jpeg"}],"author":"Jean-Gabriel Davis","twitter_card":"summary_large_image","twitter_misc":{"Verfasst von":"Jean-Gabriel Davis","Gesch\u00e4tzte Lesezeit":"2\u00a0Minuten"},"schema":{"@context":"https:\/\/schema.org","@graph":[{"@type":"Article","@id":"https:\/\/www.iemj.org\/de\/dor-et-de-lumiere-or-vezahav-musique-de-celebration\/#article","isPartOf":{"@id":"https:\/\/www.iemj.org\/de\/dor-et-de-lumiere-or-vezahav-musique-de-celebration\/"},"author":{"name":"Jean-Gabriel Davis","@id":"https:\/\/www.iemj.org\/de\/#\/schema\/person\/c9bc1c386a3749579a2d675e72a18666"},"headline":"D&#8217;Or et de lumi\u00e8re &#8211; Or Vezahav &#8211; Musique de c\u00e9l\u00e9bration","datePublished":"2016-12-15T11:08:07+00:00","dateModified":"2025-10-20T10:27:06+00:00","mainEntityOfPage":{"@id":"https:\/\/www.iemj.org\/de\/dor-et-de-lumiere-or-vezahav-musique-de-celebration\/"},"wordCount":222,"publisher":{"@id":"https:\/\/www.iemj.org\/de\/#organization"},"image":{"@id":"https:\/\/www.iemj.org\/de\/dor-et-de-lumiere-or-vezahav-musique-de-celebration\/#primaryimage"},"thumbnailUrl":"https:\/\/www.iemj.org\/wp-content\/uploads\/2016\/12\/arton1998-e1619345612158.jpg","articleSection":["CD","Letzte Neuerwerbungen"],"inLanguage":"de"},{"@type":"WebPage","@id":"https:\/\/www.iemj.org\/de\/dor-et-de-lumiere-or-vezahav-musique-de-celebration\/","url":"https:\/\/www.iemj.org\/de\/dor-et-de-lumiere-or-vezahav-musique-de-celebration\/","name":"D'Or et de lumi\u00e8re - Or Vezahav - Musique de c\u00e9l\u00e9bration - Institut Europ\u00e9en des Musiques Juives","isPartOf":{"@id":"https:\/\/www.iemj.org\/de\/#website"},"primaryImageOfPage":{"@id":"https:\/\/www.iemj.org\/de\/dor-et-de-lumiere-or-vezahav-musique-de-celebration\/#primaryimage"},"image":{"@id":"https:\/\/www.iemj.org\/de\/dor-et-de-lumiere-or-vezahav-musique-de-celebration\/#primaryimage"},"thumbnailUrl":"https:\/\/www.iemj.org\/wp-content\/uploads\/2016\/12\/arton1998-e1619345612158.jpg","datePublished":"2016-12-15T11:08:07+00:00","dateModified":"2025-10-20T10:27:06+00:00","breadcrumb":{"@id":"https:\/\/www.iemj.org\/de\/dor-et-de-lumiere-or-vezahav-musique-de-celebration\/#breadcrumb"},"inLanguage":"de","potentialAction":[{"@type":"ReadAction","target":["https:\/\/www.iemj.org\/de\/dor-et-de-lumiere-or-vezahav-musique-de-celebration\/"]}]},{"@type":"ImageObject","inLanguage":"de","@id":"https:\/\/www.iemj.org\/de\/dor-et-de-lumiere-or-vezahav-musique-de-celebration\/#primaryimage","url":"https:\/\/www.iemj.org\/wp-content\/uploads\/2016\/12\/arton1998-e1619345612158.jpg","contentUrl":"https:\/\/www.iemj.org\/wp-content\/uploads\/2016\/12\/arton1998-e1619345612158.jpg","width":350,"height":350},{"@type":"BreadcrumbList","@id":"https:\/\/www.iemj.org\/de\/dor-et-de-lumiere-or-vezahav-musique-de-celebration\/#breadcrumb","itemListElement":[{"@type":"ListItem","position":1,"name":"Accueil","item":"https:\/\/www.iemj.org\/de\/"},{"@type":"ListItem","position":2,"name":"D&rsquo;Or et de lumi\u00e8re &#8211; Or Vezahav &#8211; Musique de c\u00e9l\u00e9bration"}]},{"@type":"WebSite","@id":"https:\/\/www.iemj.org\/de\/#website","url":"https:\/\/www.iemj.org\/de\/","name":"Institut Europ\u00e9en des Musiques Juives","description":"Des traditions musicales \u00e0 la port\u00e9e de tous","publisher":{"@id":"https:\/\/www.iemj.org\/de\/#organization"},"potentialAction":[{"@type":"SearchAction","target":{"@type":"EntryPoint","urlTemplate":"https:\/\/www.iemj.org\/de\/?s={search_term_string}"},"query-input":{"@type":"PropertyValueSpecification","valueRequired":true,"valueName":"search_term_string"}}],"inLanguage":"de"},{"@type":"Organization","@id":"https:\/\/www.iemj.org\/de\/#organization","name":"Institut Europ\u00e9en des Musiques Juives","url":"https:\/\/www.iemj.org\/de\/","logo":{"@type":"ImageObject","inLanguage":"de","@id":"https:\/\/www.iemj.org\/de\/#\/schema\/logo\/image\/","url":"https:\/\/www.iemj.org\/wp-content\/uploads\/2021\/09\/Logo-IEMJ-Paypal.jpg","contentUrl":"https:\/\/www.iemj.org\/wp-content\/uploads\/2021\/09\/Logo-IEMJ-Paypal.jpg","width":150,"height":50,"caption":"Institut Europ\u00e9en des Musiques Juives"},"image":{"@id":"https:\/\/www.iemj.org\/de\/#\/schema\/logo\/image\/"},"sameAs":["https:\/\/www.facebook.com\/MusiquesJuives\/","https:\/\/www.instagram.com\/musiquesjuives\/","https:\/\/www.youtube.com\/user\/musiquesjuives"]},{"@type":"Person","@id":"https:\/\/www.iemj.org\/de\/#\/schema\/person\/c9bc1c386a3749579a2d675e72a18666","name":"Jean-Gabriel Davis","image":{"@type":"ImageObject","inLanguage":"de","@id":"https:\/\/secure.gravatar.com\/avatar\/2b90d67bdf392c9b3a21fab87c0fa7edaf1fb3a058172a1ffd61033fcec7aec1?s=96&d=mm&r=g","url":"https:\/\/secure.gravatar.com\/avatar\/2b90d67bdf392c9b3a21fab87c0fa7edaf1fb3a058172a1ffd61033fcec7aec1?s=96&d=mm&r=g","contentUrl":"https:\/\/secure.gravatar.com\/avatar\/2b90d67bdf392c9b3a21fab87c0fa7edaf1fb3a058172a1ffd61033fcec7aec1?s=96&d=mm&r=g","caption":"Jean-Gabriel Davis"}}]}},"_links":{"self":[{"href":"https:\/\/www.iemj.org\/de\/wp-json\/wp\/v2\/posts\/98462","targetHints":{"allow":["GET"]}}],"collection":[{"href":"https:\/\/www.iemj.org\/de\/wp-json\/wp\/v2\/posts"}],"about":[{"href":"https:\/\/www.iemj.org\/de\/wp-json\/wp\/v2\/types\/post"}],"author":[{"embeddable":true,"href":"https:\/\/www.iemj.org\/de\/wp-json\/wp\/v2\/users\/1048"}],"replies":[{"embeddable":true,"href":"https:\/\/www.iemj.org\/de\/wp-json\/wp\/v2\/comments?post=98462"}],"version-history":[{"count":1,"href":"https:\/\/www.iemj.org\/de\/wp-json\/wp\/v2\/posts\/98462\/revisions"}],"predecessor-version":[{"id":127297,"href":"https:\/\/www.iemj.org\/de\/wp-json\/wp\/v2\/posts\/98462\/revisions\/127297"}],"wp:featuredmedia":[{"embeddable":true,"href":"https:\/\/www.iemj.org\/de\/wp-json\/wp\/v2\/media\/98463"}],"wp:attachment":[{"href":"https:\/\/www.iemj.org\/de\/wp-json\/wp\/v2\/media?parent=98462"}],"wp:term":[{"taxonomy":"category","embeddable":true,"href":"https:\/\/www.iemj.org\/de\/wp-json\/wp\/v2\/categories?post=98462"},{"taxonomy":"post_tag","embeddable":true,"href":"https:\/\/www.iemj.org\/de\/wp-json\/wp\/v2\/tags?post=98462"},{"taxonomy":"technique","embeddable":true,"href":"https:\/\/www.iemj.org\/de\/wp-json\/wp\/v2\/technique?post=98462"},{"taxonomy":"squelettes","embeddable":true,"href":"https:\/\/www.iemj.org\/de\/wp-json\/wp\/v2\/squelettes?post=98462"},{"taxonomy":"sujet","embeddable":true,"href":"https:\/\/www.iemj.org\/de\/wp-json\/wp\/v2\/sujet?post=98462"},{"taxonomy":"formation","embeddable":true,"href":"https:\/\/www.iemj.org\/de\/wp-json\/wp\/v2\/formation?post=98462"},{"taxonomy":"genre","embeddable":true,"href":"https:\/\/www.iemj.org\/de\/wp-json\/wp\/v2\/genre?post=98462"},{"taxonomy":"fonds","embeddable":true,"href":"https:\/\/www.iemj.org\/de\/wp-json\/wp\/v2\/fonds?post=98462"},{"taxonomy":"tradition","embeddable":true,"href":"https:\/\/www.iemj.org\/de\/wp-json\/wp\/v2\/tradition?post=98462"},{"taxonomy":"type-de-contenu","embeddable":true,"href":"https:\/\/www.iemj.org\/de\/wp-json\/wp\/v2\/type-de-contenu?post=98462"},{"taxonomy":"interprete-compositeur","embeddable":true,"href":"https:\/\/www.iemj.org\/de\/wp-json\/wp\/v2\/interprete-compositeur?post=98462"},{"taxonomy":"frise","embeddable":true,"href":"https:\/\/www.iemj.org\/de\/wp-json\/wp\/v2\/frise?post=98462"},{"taxonomy":"type-devenement","embeddable":true,"href":"https:\/\/www.iemj.org\/de\/wp-json\/wp\/v2\/type-devenement?post=98462"},{"taxonomy":"tableaux-liens-externes","embeddable":true,"href":"https:\/\/www.iemj.org\/de\/wp-json\/wp\/v2\/tableaux-liens-externes?post=98462"}],"curies":[{"name":"wp","href":"https:\/\/api.w.org\/{rel}","templated":true}]}}